{"id":1840706,"date":"2024-04-30T21:37:09","date_gmt":"2024-04-30T20:37:09","guid":{"rendered":"https:\/\/www.pressenza.com\/?p=1840706"},"modified":"2024-04-30T21:37:09","modified_gmt":"2024-04-30T20:37:09","slug":"teatro-catarina-e-a-beleza-de-matar-fascistas","status":"publish","type":"post","link":"https:\/\/www.pressenza.com\/pt-pt\/2024\/04\/teatro-catarina-e-a-beleza-de-matar-fascistas\/","title":{"rendered":"Teatro: &#8220;Catarina e a beleza de matar fascistas&#8221;"},"content":{"rendered":"<p><em>Este artigo faz parte da s\u00e9rie \u201c<strong>5o anos depois: VIVA a REVOLU\u00c7\u00c3O DOS CRAVOS!<\/strong>\u201d que a PRESSENZA est\u00e1 a publicar desde meados de Mar\u00e7o 2024.<br \/>\nA\u00a0<strong>\u201cRevolu\u00e7\u00e3o dos Cravos\u201d 1974-75<\/strong>\u00a0trouxe aos portugueses a liberdade ap\u00f3s 48 anos de fascismo, e \u00e0s col\u00f3nias portuguesas de \u00c1frica a independ\u00eancia ap\u00f3s 500 anos de dom\u00ednio imperial. E foi, n\u00e3o por \u00faltimo, uma experi\u00eancia \u00fanica de socialismo de base durante um ano e meio, um horizonte de esperan\u00e7as para o povo portugu\u00eas que nunca mais ser\u00e1 esquecido!<br \/>\n<\/em><a href=\"https:\/\/www.pressenza.com\/pt-pt\/2024\/03\/serie-da-pressenza-sobre-portugal-50-anos-depois-viva-a-revolucao-dos-cravos\/\"><strong><em>Aqui podem ser lidos todos os artigos desta s\u00e9rie publicados at\u00e9 hoje!<\/em><\/strong><\/a><\/p>\n<hr \/>\n<p>Poucos dias antes do 25 de Abril de 2024, no m\u00eas em que os portugueses comemoram os 50 anos da liberta\u00e7\u00e3o do fascismo, o encenador, dramaturgo e produtor de teatro portugu\u00eas <a href=\"https:\/\/tiagorodrigues.eu\/pt\/\">Tiago Rodrigues<\/a> (que acumula atualmente tamb\u00e9m o cargo de Diretor do Festival Internacional de Teatro d&#8217;Avignon em Fran\u00e7a) trouxe \u00e0 Schaub\u00fchne de Berlim a pe\u00e7a por ele escrita e encenada com o t\u00edtulo de &#8220;<strong>Catarina e a beleza de matar fascistas<\/strong>&#8220;, que tem sido um sucesso n\u00e3o s\u00f3 em Portugal mas em toda a Europa!<\/p>\n<p><a href=\"https:\/\/tintadachina.pt\/produto\/catarina-e-a-beleza-de-matar-fascistas\/\">A pe\u00e7a \u00e9 apresentada assim oficialmente na internet<\/a>:<\/p>\n<blockquote><p>&#8220;Esta fam\u00edlia mata fascistas. \u00c9 uma tradi\u00e7\u00e3o antiga que cada membro do n\u00facleo familiar sempre seguiu. Hoje, re\u00fanem\u2011se novamente numa casa no campo, no Sul de Portugal. Uma das jovens da fam\u00edlia, Catarina, vai matar o seu primeiro fascista, raptado de prop\u00f3sito para o efeito. No entanto, Catarina \u00e9 incapaz de concretizar o homic\u00eddio ou recusa\u2011se a faz\u00ea\u2011lo. Estala assim o conflito, acompanhado de v\u00e1rias quest\u00f5es. O que \u00e9 um fascista? H\u00e1 lugar para a viol\u00eancia na luta por um mundo melhor? Podemos violar as regras da democracia para melhor a defender?<br \/>\nO espet\u00e1culo criado a partir deste texto, com encena\u00e7\u00e3o tamb\u00e9m de Tiago Rodrigues, foi apresentado com grande sucesso de cr\u00edtica e p\u00fablico em v\u00e1rias salas portuguesas e em v\u00e1rios pa\u00edses, merecendo o Pr\u00e9mio de Melhor Espet\u00e1culo Estrangeiro em Fran\u00e7a e It\u00e1lia.&#8221;<\/p><\/blockquote>\n<p>Nesta fam\u00edlia, todos &#8212; at\u00e9 os homens! &#8211; que nasceram depois de iniciada essa macabra tradi\u00e7\u00e3o, se chamam &#8220;Catarina&#8221; e vestem saias: Em homenagem \u00e0 real <strong>Catarina Euf\u00e9mia <\/strong><em>(ver foto ao lado)<\/em>, assassinada (quando tinha apenas 26 anos e estava gr\u00e1vida) em 1954 pelos fascistas da Guarda Nacional Republicana (GNR) em Baleiz\u00e3o (Alentejo\/Portugal) durante uma luta dos trabalhadores agr\u00edcolas por um aumento dos seus sal\u00e1rios. Cata<img loading=\"lazy\" decoding=\"async\" class=\"wp-image-1841691 alignright\" src=\"https:\/\/www.pressenza.com\/wp-content\/uploads\/2024\/04\/Catarina-Eufemia.jpeg\" alt=\"\" width=\"143\" height=\"161\" \/>rina Euf\u00e9mia, que encabe\u00e7ou essa contesta\u00e7\u00e3o laboral, tornou-se desde ent\u00e3o no mais conhecido s\u00edmbolo da resist\u00eancia ao fascismo em Portugal, e ainda por cima num s\u00edmbolo feminista!<\/p>\n<p>Na pe\u00e7a, a fam\u00edlia de resistentes ao fascismo iniciou a sua tradi\u00e7\u00e3o de matar um fascista por ano logo em 1954, quando a bisav\u00f3 matou o seu pr\u00f3prio marido: porque ele era da GNR, tinha assistido \u00e0 morte da Catarina Euf\u00e9mia e n\u00e3o a havia impedido!<br \/>\nA tradi\u00e7\u00e3o prolongou-se mesmo para al\u00e9m da liberta\u00e7\u00e3o do fascismo em 1974, pois fascistas h\u00e1-os infelizmente sempre, mesmo em democracia&#8230;<\/p>\n<p>Tiago Rodrigues come\u00e7ou a escrever esta &#8220;f\u00e1bula grotesca&#8221; em 2018 e estreou-a em 2020, numa altura em que tinha acabado de ser eleito para a Assembleia Nacional portuguesa o primeiro deputado da extrema-direita: Entretanto hoje, em 2024, ap\u00f3s as elei\u00e7\u00f5es de Mar\u00e7o, j\u00e1 totalizam 50! Uma prova de que matar fascistas n\u00e3o ser\u00e1 talvez a melhor &#8220;terapia&#8221; para os combater?<\/p>\n<p>Deve ter sido isso mesmo o que pensou Catarina, a bisneta mais velha da fam\u00edlia, quando chegou a vez de matar tamb\u00e9m o seu primeiro fascista: nada mais nada menos do que um deputado da extrema-direita, especializado em escrever discursos para o chefe do seu partido, e como tal um excelente candidato para ser sacrificado. Embora ao princ\u00edpio Catarina estivesse disposta em respeitar a tradi\u00e7\u00e3o familiar, depressa foi assaltada por d\u00favidas sobre se o assass\u00ednio do homem estivesse bem. &#8220;As d\u00favidas entraram e instalaram-se em mim como um h\u00f3spede indesejado&#8221;, e n\u00e3o sabia como se livrar dessas d\u00favidas&#8230;<\/p>\n<p>Ao fim e ao cabo, o condenado \u00e0 morte, depois de muitas discuss\u00f5es em casa dos seus pretensiosos homicidas, acaba por escapar ao seu doloroso destino e, num gesto de entusiasmo incontido, termina por fazer um longo discurso populista que poderia entrar para um manual de discursos exemplares da extrema-direita. E f\u00e1-lo com tanto convic\u00e7\u00e3o que, ao fim de poucos minutos, uma parte do p\u00fablico come\u00e7ou a sair da sala, ou a apupar, ou mesmo a amea\u00e7ar invadir o palco (o que, segundo nos disseram, j\u00e1 tem acontecido)!<br \/>\nEsse discurso final representou, sem d\u00favida, o ponto m\u00e1ximos da noite de teatro. Um discurso para se estudar sobre a nova t\u00e1tica neoliberal-fascista, baseado em ideias como a de &#8220;n\u00f3s somos a maioria, por isso \u00e9 democr\u00e1tico se abolirmos os direitos humanos&#8221;, ou a de &#8220;podem mostrar-me todas as estat\u00edsticas que provem o contr\u00e1rio, mas isso nunca mudar\u00e1 o que eu sinto, e \u00e9 isso que conta!&#8221;, ou a de &#8220;quando a ordem \u00e9 injusta, a desordem \u00e9 um princ\u00edpio de justi\u00e7a&#8221;, ou a de &#8220;as ruas est\u00e3o cheias de minorias que lutam pela sua liberdade, por imporem a sua opini\u00e3o&#8221;, etc.<br \/>\nDe facto, \u00e9 bem poss\u00edvel que um dia as elites capitalistas ir\u00e3o querer financiar esta nova extrema-direita, pois ela sabe melhor do que mais ningu\u00e9m esgotar e virar do avesso os princ\u00edpios democr\u00e1ticos, destruir a sociedade, virar o feiti\u00e7o contra o feiticeiro, e garantir \u00e0s ditas elites as m\u00e1ximas liberdades&#8230;<\/p>\n<div id=\"attachment_1840707\" class=\"wp-caption aligncenter\"><img loading=\"lazy\" decoding=\"async\" aria-describedby=\"caption-attachment-1840707\" class=\" wp-image-1840707\" src=\"https:\/\/www.pressenza.com\/wp-content\/uploads\/2024\/04\/IMG_5411-300x225.jpg\" alt=\"\" width=\"939\" height=\"704\" srcset=\"https:\/\/www.pressenza.com\/wp-content\/uploads\/2024\/04\/IMG_5411-300x225.jpg 300w, https:\/\/www.pressenza.com\/wp-content\/uploads\/2024\/04\/IMG_5411-820x615.jpg 820w, https:\/\/www.pressenza.com\/wp-content\/uploads\/2024\/04\/IMG_5411.jpg 1920w\" sizes=\"auto, (max-width: 939px) 100vw, 939px\" \/><p id=\"caption-attachment-1840707\" class=\"wp-caption-text\"><em>Aplausos ap\u00f3s a representa\u00e7\u00e3o da pe\u00e7a de teatro &#8220;<strong>Catarina e a beleza de matar fascistas<\/strong>&#8221; em Berlim, Abril de 2024 (foto da PRESSENZA)<\/em><\/p><\/div>\n<p>A pe\u00e7a de teatro baseia-se em 8 personagens. \u00c9 uma pe\u00e7a que est\u00e1 mais concentrada na coreografia, nos movimentos coordenados e geom\u00e9tricos das diferentes figuras, do que nos car\u00e1cteres das mesmas. E sobretudo, o encenador Tiago Rodrigues transformou a pe\u00e7a numa &#8220;competi\u00e7\u00e3o de debates centrada nos temas da liberdade, da justi\u00e7a, da lealdade e da culpa&#8221;, dando \u00e0 mesma um car\u00e1ter claramente panflet\u00e1rio. Portanto muita coreografia e muitos discursos e di\u00e1logos longos, mas fraco enredo e pouca representa\u00e7\u00e3o.<\/p>\n<p>Quando Tiago Rodrigues levou a pe\u00e7a a It\u00e1lia pela primeira vez, ainda antes da tomada do poder por parte dos fascistas &#8220;Fratelli d&#8217;Italia&#8221;, este partido lutou sem \u00eaxito mas afincadamente em Mil\u00e3o para que a pe\u00e7a fosse proibida. Entretanto, agora que os mesmos &#8220;Fratelli d&#8217;Italia&#8221; j\u00e1 s\u00e3o parte constituinte do novo governo, deixaram de protestar e mostram-se descontra\u00eddos. Ser\u00e1 que o discurso final da pe\u00e7a os convenceu de vez?<\/p>\n<hr \/>\n<p>&nbsp;<\/p>\n","protected":false},"excerpt":{"rendered":"<p>Este artigo faz parte da s\u00e9rie \u201c5o anos depois: VIVA a REVOLU\u00c7\u00c3O DOS CRAVOS!\u201d que a PRESSENZA est\u00e1 a publicar desde meados de Mar\u00e7o 2024. A\u00a0\u201cRevolu\u00e7\u00e3o dos Cravos\u201d 1974-75\u00a0trouxe aos portugueses a liberdade ap\u00f3s 48 anos de fascismo, e \u00e0s&hellip;<\/p>\n","protected":false},"author":2222,"featured_media":1832372,"comment_status":"closed","ping_status":"closed","sticky":false,"template":"","format":"standard","meta":{"footnotes":""},"categories":[11390,112,116,103,54514,1256,165,111],"tags":[31096,122256,122408,114934,106817,59552,122434,7504,75312,122257],"class_list":["post-1840706","post","type-post","status-publish","format-standard","has-post-thumbnail","hentry","category-conteudo-original","category-cultura-pt-pt","category-direitos-humanos","category-europa-pt-pt","category-genero-e-feminismos","category-nao-violencia","category-opiniao","category-politica-pt-pt","tag-berlim","tag-catarina-e-a-beleza-de-matar-fascistas","tag-catarina-eufemia","tag-espetaculo-de-teatro","tag-extrema-direita","tag-fascismo-pt-pt","tag-fratelli-ditalia-pt-pt","tag-portugal-pt","tag-teatro-pt-pt","tag-tiago-rodrigues"],"yoast_head":"<!-- This site is optimized with the Yoast SEO plugin v27.1.1 - https:\/\/yoast.com\/product\/yoast-seo-wordpress\/ -->\n<title>Teatro: &quot;Catarina e a beleza de matar fascistas&quot;<\/title>\n<meta name=\"description\" content=\"Este artigo faz parte da s\u00e9rie \u201c5o anos depois: VIVA a REVOLU\u00c7\u00c3O DOS CRAVOS!\u201d que a PRESSENZA est\u00e1 a publicar desde meados de Mar\u00e7o 2024. A\u00a0\u201cRevolu\u00e7\u00e3o dos\" \/>\n<meta name=\"robots\" content=\"index, follow, max-snippet:-1, max-image-preview:large, max-video-preview:-1\" \/>\n<link rel=\"canonical\" href=\"https:\/\/www.pressenza.com\/pt-pt\/2024\/04\/teatro-catarina-e-a-beleza-de-matar-fascistas\/\" \/>\n<meta property=\"og:locale\" content=\"pt_PT\" \/>\n<meta property=\"og:type\" content=\"article\" \/>\n<meta property=\"og:title\" content=\"Teatro: &quot;Catarina e a beleza de matar fascistas&quot;\" \/>\n<meta property=\"og:description\" content=\"Este artigo faz parte da s\u00e9rie \u201c5o anos depois: VIVA a REVOLU\u00c7\u00c3O DOS CRAVOS!\u201d que a PRESSENZA est\u00e1 a publicar desde meados de Mar\u00e7o 2024. A\u00a0\u201cRevolu\u00e7\u00e3o dos\" \/>\n<meta property=\"og:url\" content=\"https:\/\/www.pressenza.com\/pt-pt\/2024\/04\/teatro-catarina-e-a-beleza-de-matar-fascistas\/\" \/>\n<meta property=\"og:site_name\" content=\"Pressenza\" \/>\n<meta property=\"article:publisher\" content=\"https:\/\/www.facebook.com\/PressenzaItalia\" \/>\n<meta property=\"article:author\" content=\"https:\/\/www.facebook.com\/vasco.esteves.96\" \/>\n<meta property=\"article:published_time\" content=\"2024-04-30T20:37:09+00:00\" \/>\n<meta property=\"og:image\" content=\"https:\/\/www.pressenza.com\/wp-content\/uploads\/2024\/03\/Logotipo-da-serie.jpg\" \/>\n\t<meta property=\"og:image:width\" content=\"1417\" \/>\n\t<meta property=\"og:image:height\" content=\"861\" \/>\n\t<meta property=\"og:image:type\" content=\"image\/jpeg\" \/>\n<meta name=\"author\" content=\"Vasco Esteves\" \/>\n<meta name=\"twitter:card\" content=\"summary_large_image\" \/>\n<meta name=\"twitter:creator\" content=\"@PressenzaIPA\" \/>\n<meta name=\"twitter:site\" content=\"@PressenzaIPA\" \/>\n<meta name=\"twitter:label1\" content=\"Escrito por\" \/>\n\t<meta name=\"twitter:data1\" content=\"Vasco Esteves\" \/>\n\t<meta name=\"twitter:label2\" content=\"Tempo estimado de leitura\" \/>\n\t<meta name=\"twitter:data2\" content=\"7 minutos\" \/>\n<script type=\"application\/ld+json\" class=\"yoast-schema-graph\">{\"@context\":\"https:\/\/schema.org\",\"@graph\":[{\"@type\":\"Article\",\"@id\":\"https:\/\/www.pressenza.com\/pt-pt\/2024\/04\/teatro-catarina-e-a-beleza-de-matar-fascistas\/#article\",\"isPartOf\":{\"@id\":\"https:\/\/www.pressenza.com\/pt-pt\/2024\/04\/teatro-catarina-e-a-beleza-de-matar-fascistas\/\"},\"author\":{\"name\":\"Vasco Esteves\",\"@id\":\"https:\/\/www.pressenza.com\/pt-pt\/#\/schema\/person\/a492f3ee7870e6ceaf3743f5b06fee87\"},\"headline\":\"Teatro: &#8220;Catarina e a beleza de matar fascistas&#8221;\",\"datePublished\":\"2024-04-30T20:37:09+00:00\",\"mainEntityOfPage\":{\"@id\":\"https:\/\/www.pressenza.com\/pt-pt\/2024\/04\/teatro-catarina-e-a-beleza-de-matar-fascistas\/\"},\"wordCount\":1172,\"publisher\":{\"@id\":\"https:\/\/www.pressenza.com\/pt-pt\/#organization\"},\"image\":{\"@id\":\"https:\/\/www.pressenza.com\/pt-pt\/2024\/04\/teatro-catarina-e-a-beleza-de-matar-fascistas\/#primaryimage\"},\"thumbnailUrl\":\"https:\/\/www.pressenza.com\/wp-content\/uploads\/2024\/03\/Logotipo-da-serie.jpg\",\"keywords\":[\"berlim\",\"Catarina e a beleza de matar fascistas\",\"Catarina Euf\u00e9mia\",\"espet\u00e1culo de teatro\",\"extrema-direita\",\"fascismo\",\"Fratelli d'Italia\",\"Portugal\",\"teatro\",\"Tiago Rodrigues\"],\"articleSection\":[\"Conte\u00fado Original\",\"Cultura e M\u00eddia\",\"Direitos Humanos\",\"Europa\",\"G\u00eanero e feminismos\",\"N\u00e3o viol\u00eancia\",\"Opini\u00e3o\",\"Pol\u00edtica\"],\"inLanguage\":\"pt-PT\"},{\"@type\":\"WebPage\",\"@id\":\"https:\/\/www.pressenza.com\/pt-pt\/2024\/04\/teatro-catarina-e-a-beleza-de-matar-fascistas\/\",\"url\":\"https:\/\/www.pressenza.com\/pt-pt\/2024\/04\/teatro-catarina-e-a-beleza-de-matar-fascistas\/\",\"name\":\"Teatro: \\\"Catarina e a beleza de matar fascistas\\\"\",\"isPartOf\":{\"@id\":\"https:\/\/www.pressenza.com\/pt-pt\/#website\"},\"primaryImageOfPage\":{\"@id\":\"https:\/\/www.pressenza.com\/pt-pt\/2024\/04\/teatro-catarina-e-a-beleza-de-matar-fascistas\/#primaryimage\"},\"image\":{\"@id\":\"https:\/\/www.pressenza.com\/pt-pt\/2024\/04\/teatro-catarina-e-a-beleza-de-matar-fascistas\/#primaryimage\"},\"thumbnailUrl\":\"https:\/\/www.pressenza.com\/wp-content\/uploads\/2024\/03\/Logotipo-da-serie.jpg\",\"datePublished\":\"2024-04-30T20:37:09+00:00\",\"description\":\"Este artigo faz parte da s\u00e9rie \u201c5o anos depois: VIVA a REVOLU\u00c7\u00c3O DOS CRAVOS!\u201d que a PRESSENZA est\u00e1 a publicar desde meados de Mar\u00e7o 2024. A\u00a0\u201cRevolu\u00e7\u00e3o dos\",\"breadcrumb\":{\"@id\":\"https:\/\/www.pressenza.com\/pt-pt\/2024\/04\/teatro-catarina-e-a-beleza-de-matar-fascistas\/#breadcrumb\"},\"inLanguage\":\"pt-PT\",\"potentialAction\":[{\"@type\":\"ReadAction\",\"target\":[\"https:\/\/www.pressenza.com\/pt-pt\/2024\/04\/teatro-catarina-e-a-beleza-de-matar-fascistas\/\"]}]},{\"@type\":\"ImageObject\",\"inLanguage\":\"pt-PT\",\"@id\":\"https:\/\/www.pressenza.com\/pt-pt\/2024\/04\/teatro-catarina-e-a-beleza-de-matar-fascistas\/#primaryimage\",\"url\":\"https:\/\/www.pressenza.com\/wp-content\/uploads\/2024\/03\/Logotipo-da-serie.jpg\",\"contentUrl\":\"https:\/\/www.pressenza.com\/wp-content\/uploads\/2024\/03\/Logotipo-da-serie.jpg\",\"width\":1417,\"height\":861,\"caption\":\"Logotipo da s\u00e9rie \\\"50 anos depois: VIVA a REVOLU\u00c7\u00c3O DOS CRAVOS!\\\" (Foto da PRESSENZA)\"},{\"@type\":\"BreadcrumbList\",\"@id\":\"https:\/\/www.pressenza.com\/pt-pt\/2024\/04\/teatro-catarina-e-a-beleza-de-matar-fascistas\/#breadcrumb\",\"itemListElement\":[{\"@type\":\"ListItem\",\"position\":1,\"name\":\"Accueil\",\"item\":\"https:\/\/www.pressenza.com\/pt-pt\/\"},{\"@type\":\"ListItem\",\"position\":2,\"name\":\"Teatro: &#8220;Catarina e a beleza de matar fascistas&#8221;\"}]},{\"@type\":\"WebSite\",\"@id\":\"https:\/\/www.pressenza.com\/pt-pt\/#website\",\"url\":\"https:\/\/www.pressenza.com\/pt-pt\/\",\"name\":\"Pressenza\",\"description\":\"International Press Agency\",\"publisher\":{\"@id\":\"https:\/\/www.pressenza.com\/pt-pt\/#organization\"},\"potentialAction\":[{\"@type\":\"SearchAction\",\"target\":{\"@type\":\"EntryPoint\",\"urlTemplate\":\"https:\/\/www.pressenza.com\/pt-pt\/?s={search_term_string}\"},\"query-input\":{\"@type\":\"PropertyValueSpecification\",\"valueRequired\":true,\"valueName\":\"search_term_string\"}}],\"inLanguage\":\"pt-PT\"},{\"@type\":\"Organization\",\"@id\":\"https:\/\/www.pressenza.com\/pt-pt\/#organization\",\"name\":\"Pressenza\",\"url\":\"https:\/\/www.pressenza.com\/pt-pt\/\",\"logo\":{\"@type\":\"ImageObject\",\"inLanguage\":\"pt-PT\",\"@id\":\"https:\/\/www.pressenza.com\/pt-pt\/#\/schema\/logo\/image\/\",\"url\":\"https:\/\/www.pressenza.com\/wp-content\/uploads\/2022\/10\/pressenza_logo_200x200.jpg\",\"contentUrl\":\"https:\/\/www.pressenza.com\/wp-content\/uploads\/2022\/10\/pressenza_logo_200x200.jpg\",\"width\":200,\"height\":200,\"caption\":\"Pressenza\"},\"image\":{\"@id\":\"https:\/\/www.pressenza.com\/pt-pt\/#\/schema\/logo\/image\/\"},\"sameAs\":[\"https:\/\/www.facebook.com\/PressenzaItalia\",\"https:\/\/x.com\/PressenzaIPA\"]},{\"@type\":\"Person\",\"@id\":\"https:\/\/www.pressenza.com\/pt-pt\/#\/schema\/person\/a492f3ee7870e6ceaf3743f5b06fee87\",\"name\":\"Vasco Esteves\",\"description\":\"He left Portugal for Germany in 1969 as a political refugee. In Portugal he was a student leader and in Germany he fought for the rights and organisation of Portuguese immigrants and supported the Carnation Revolution in Portugal. With a degree in mathematics, he worked in Germany for 30 years in the information technology sector. He currently lives in Berlin as an actor and journalist. He is regarded as a historical witness, particularly of the 60s and 70s, both to the resistance against fascism in Portugal and to the first generation of Portuguese immigrants to the Federal Republic of Germany.\",\"sameAs\":[\"https:\/\/www.facebook.com\/vasco.esteves.96\",\"https:\/\/www.youtube.com\/@VascoEsteves\"],\"url\":\"https:\/\/www.pressenza.com\/pt-pt\/author\/vasco-esteves\/\"}]}<\/script>\n<!-- \/ Yoast SEO plugin. -->","yoast_head_json":{"title":"Teatro: \"Catarina e a beleza de matar fascistas\"","description":"Este artigo faz parte da s\u00e9rie \u201c5o anos depois: VIVA a REVOLU\u00c7\u00c3O DOS CRAVOS!\u201d que a PRESSENZA est\u00e1 a publicar desde meados de Mar\u00e7o 2024. A\u00a0\u201cRevolu\u00e7\u00e3o dos","robots":{"index":"index","follow":"follow","max-snippet":"max-snippet:-1","max-image-preview":"max-image-preview:large","max-video-preview":"max-video-preview:-1"},"canonical":"https:\/\/www.pressenza.com\/pt-pt\/2024\/04\/teatro-catarina-e-a-beleza-de-matar-fascistas\/","og_locale":"pt_PT","og_type":"article","og_title":"Teatro: \"Catarina e a beleza de matar fascistas\"","og_description":"Este artigo faz parte da s\u00e9rie \u201c5o anos depois: VIVA a REVOLU\u00c7\u00c3O DOS CRAVOS!\u201d que a PRESSENZA est\u00e1 a publicar desde meados de Mar\u00e7o 2024. A\u00a0\u201cRevolu\u00e7\u00e3o dos","og_url":"https:\/\/www.pressenza.com\/pt-pt\/2024\/04\/teatro-catarina-e-a-beleza-de-matar-fascistas\/","og_site_name":"Pressenza","article_publisher":"https:\/\/www.facebook.com\/PressenzaItalia","article_author":"https:\/\/www.facebook.com\/vasco.esteves.96","article_published_time":"2024-04-30T20:37:09+00:00","og_image":[{"width":1417,"height":861,"url":"https:\/\/www.pressenza.com\/wp-content\/uploads\/2024\/03\/Logotipo-da-serie.jpg","type":"image\/jpeg"}],"author":"Vasco Esteves","twitter_card":"summary_large_image","twitter_creator":"@PressenzaIPA","twitter_site":"@PressenzaIPA","twitter_misc":{"Escrito por":"Vasco Esteves","Tempo estimado de leitura":"7 minutos"},"schema":{"@context":"https:\/\/schema.org","@graph":[{"@type":"Article","@id":"https:\/\/www.pressenza.com\/pt-pt\/2024\/04\/teatro-catarina-e-a-beleza-de-matar-fascistas\/#article","isPartOf":{"@id":"https:\/\/www.pressenza.com\/pt-pt\/2024\/04\/teatro-catarina-e-a-beleza-de-matar-fascistas\/"},"author":{"name":"Vasco Esteves","@id":"https:\/\/www.pressenza.com\/pt-pt\/#\/schema\/person\/a492f3ee7870e6ceaf3743f5b06fee87"},"headline":"Teatro: &#8220;Catarina e a beleza de matar fascistas&#8221;","datePublished":"2024-04-30T20:37:09+00:00","mainEntityOfPage":{"@id":"https:\/\/www.pressenza.com\/pt-pt\/2024\/04\/teatro-catarina-e-a-beleza-de-matar-fascistas\/"},"wordCount":1172,"publisher":{"@id":"https:\/\/www.pressenza.com\/pt-pt\/#organization"},"image":{"@id":"https:\/\/www.pressenza.com\/pt-pt\/2024\/04\/teatro-catarina-e-a-beleza-de-matar-fascistas\/#primaryimage"},"thumbnailUrl":"https:\/\/www.pressenza.com\/wp-content\/uploads\/2024\/03\/Logotipo-da-serie.jpg","keywords":["berlim","Catarina e a beleza de matar fascistas","Catarina Euf\u00e9mia","espet\u00e1culo de teatro","extrema-direita","fascismo","Fratelli d'Italia","Portugal","teatro","Tiago Rodrigues"],"articleSection":["Conte\u00fado Original","Cultura e M\u00eddia","Direitos Humanos","Europa","G\u00eanero e feminismos","N\u00e3o viol\u00eancia","Opini\u00e3o","Pol\u00edtica"],"inLanguage":"pt-PT"},{"@type":"WebPage","@id":"https:\/\/www.pressenza.com\/pt-pt\/2024\/04\/teatro-catarina-e-a-beleza-de-matar-fascistas\/","url":"https:\/\/www.pressenza.com\/pt-pt\/2024\/04\/teatro-catarina-e-a-beleza-de-matar-fascistas\/","name":"Teatro: \"Catarina e a beleza de matar fascistas\"","isPartOf":{"@id":"https:\/\/www.pressenza.com\/pt-pt\/#website"},"primaryImageOfPage":{"@id":"https:\/\/www.pressenza.com\/pt-pt\/2024\/04\/teatro-catarina-e-a-beleza-de-matar-fascistas\/#primaryimage"},"image":{"@id":"https:\/\/www.pressenza.com\/pt-pt\/2024\/04\/teatro-catarina-e-a-beleza-de-matar-fascistas\/#primaryimage"},"thumbnailUrl":"https:\/\/www.pressenza.com\/wp-content\/uploads\/2024\/03\/Logotipo-da-serie.jpg","datePublished":"2024-04-30T20:37:09+00:00","description":"Este artigo faz parte da s\u00e9rie \u201c5o anos depois: VIVA a REVOLU\u00c7\u00c3O DOS CRAVOS!\u201d que a PRESSENZA est\u00e1 a publicar desde meados de Mar\u00e7o 2024. A\u00a0\u201cRevolu\u00e7\u00e3o dos","breadcrumb":{"@id":"https:\/\/www.pressenza.com\/pt-pt\/2024\/04\/teatro-catarina-e-a-beleza-de-matar-fascistas\/#breadcrumb"},"inLanguage":"pt-PT","potentialAction":[{"@type":"ReadAction","target":["https:\/\/www.pressenza.com\/pt-pt\/2024\/04\/teatro-catarina-e-a-beleza-de-matar-fascistas\/"]}]},{"@type":"ImageObject","inLanguage":"pt-PT","@id":"https:\/\/www.pressenza.com\/pt-pt\/2024\/04\/teatro-catarina-e-a-beleza-de-matar-fascistas\/#primaryimage","url":"https:\/\/www.pressenza.com\/wp-content\/uploads\/2024\/03\/Logotipo-da-serie.jpg","contentUrl":"https:\/\/www.pressenza.com\/wp-content\/uploads\/2024\/03\/Logotipo-da-serie.jpg","width":1417,"height":861,"caption":"Logotipo da s\u00e9rie \"50 anos depois: VIVA a REVOLU\u00c7\u00c3O DOS CRAVOS!\" (Foto da PRESSENZA)"},{"@type":"BreadcrumbList","@id":"https:\/\/www.pressenza.com\/pt-pt\/2024\/04\/teatro-catarina-e-a-beleza-de-matar-fascistas\/#breadcrumb","itemListElement":[{"@type":"ListItem","position":1,"name":"Accueil","item":"https:\/\/www.pressenza.com\/pt-pt\/"},{"@type":"ListItem","position":2,"name":"Teatro: &#8220;Catarina e a beleza de matar fascistas&#8221;"}]},{"@type":"WebSite","@id":"https:\/\/www.pressenza.com\/pt-pt\/#website","url":"https:\/\/www.pressenza.com\/pt-pt\/","name":"Pressenza","description":"International Press Agency","publisher":{"@id":"https:\/\/www.pressenza.com\/pt-pt\/#organization"},"potentialAction":[{"@type":"SearchAction","target":{"@type":"EntryPoint","urlTemplate":"https:\/\/www.pressenza.com\/pt-pt\/?s={search_term_string}"},"query-input":{"@type":"PropertyValueSpecification","valueRequired":true,"valueName":"search_term_string"}}],"inLanguage":"pt-PT"},{"@type":"Organization","@id":"https:\/\/www.pressenza.com\/pt-pt\/#organization","name":"Pressenza","url":"https:\/\/www.pressenza.com\/pt-pt\/","logo":{"@type":"ImageObject","inLanguage":"pt-PT","@id":"https:\/\/www.pressenza.com\/pt-pt\/#\/schema\/logo\/image\/","url":"https:\/\/www.pressenza.com\/wp-content\/uploads\/2022\/10\/pressenza_logo_200x200.jpg","contentUrl":"https:\/\/www.pressenza.com\/wp-content\/uploads\/2022\/10\/pressenza_logo_200x200.jpg","width":200,"height":200,"caption":"Pressenza"},"image":{"@id":"https:\/\/www.pressenza.com\/pt-pt\/#\/schema\/logo\/image\/"},"sameAs":["https:\/\/www.facebook.com\/PressenzaItalia","https:\/\/x.com\/PressenzaIPA"]},{"@type":"Person","@id":"https:\/\/www.pressenza.com\/pt-pt\/#\/schema\/person\/a492f3ee7870e6ceaf3743f5b06fee87","name":"Vasco Esteves","description":"He left Portugal for Germany in 1969 as a political refugee. In Portugal he was a student leader and in Germany he fought for the rights and organisation of Portuguese immigrants and supported the Carnation Revolution in Portugal. With a degree in mathematics, he worked in Germany for 30 years in the information technology sector. He currently lives in Berlin as an actor and journalist. He is regarded as a historical witness, particularly of the 60s and 70s, both to the resistance against fascism in Portugal and to the first generation of Portuguese immigrants to the Federal Republic of Germany.","sameAs":["https:\/\/www.facebook.com\/vasco.esteves.96","https:\/\/www.youtube.com\/@VascoEsteves"],"url":"https:\/\/www.pressenza.com\/pt-pt\/author\/vasco-esteves\/"}]}},"place":"","original_article_url":"","_links":{"self":[{"href":"https:\/\/www.pressenza.com\/pt-pt\/wp-json\/wp\/v2\/posts\/1840706","targetHints":{"allow":["GET"]}}],"collection":[{"href":"https:\/\/www.pressenza.com\/pt-pt\/wp-json\/wp\/v2\/posts"}],"about":[{"href":"https:\/\/www.pressenza.com\/pt-pt\/wp-json\/wp\/v2\/types\/post"}],"author":[{"embeddable":true,"href":"https:\/\/www.pressenza.com\/pt-pt\/wp-json\/wp\/v2\/users\/2222"}],"replies":[{"embeddable":true,"href":"https:\/\/www.pressenza.com\/pt-pt\/wp-json\/wp\/v2\/comments?post=1840706"}],"version-history":[{"count":0,"href":"https:\/\/www.pressenza.com\/pt-pt\/wp-json\/wp\/v2\/posts\/1840706\/revisions"}],"wp:featuredmedia":[{"embeddable":true,"href":"https:\/\/www.pressenza.com\/pt-pt\/wp-json\/wp\/v2\/media\/1832372"}],"wp:attachment":[{"href":"https:\/\/www.pressenza.com\/pt-pt\/wp-json\/wp\/v2\/media?parent=1840706"}],"wp:term":[{"taxonomy":"category","embeddable":true,"href":"https:\/\/www.pressenza.com\/pt-pt\/wp-json\/wp\/v2\/categories?post=1840706"},{"taxonomy":"post_tag","embeddable":true,"href":"https:\/\/www.pressenza.com\/pt-pt\/wp-json\/wp\/v2\/tags?post=1840706"}],"curies":[{"name":"wp","href":"https:\/\/api.w.org\/{rel}","templated":true}]}}