{"id":183393,"date":"2015-05-08T02:08:56","date_gmt":"2015-05-08T01:08:56","guid":{"rendered":"http:\/\/www.pressenza.com\/?p=183393"},"modified":"2015-07-20T21:04:13","modified_gmt":"2015-07-20T20:04:13","slug":"tribunal-declara-ilegal-coleta-de-dados-telefonicos-pela-nsa","status":"publish","type":"post","link":"https:\/\/www.pressenza.com\/pt-pt\/2015\/05\/tribunal-declara-ilegal-coleta-de-dados-telefonicos-pela-nsa\/","title":{"rendered":"Tribunal declara ilegal coleta de dados telef\u00f4nicos pela NSA"},"content":{"rendered":"<p>Corte de apela\u00e7\u00e3o afirma que, ao recolher indiscriminadamente dados telef\u00f4nicos de milh\u00f5es de americanos, Ag\u00eancia de Seguran\u00e7a Nacional foi al\u00e9m do permitido pelo Congresso. Ativistas veem invas\u00e3o de privacidade.<\/p>\n<p>Uma corte federal de apela\u00e7\u00e3o dos EUA considerou nesta quinta-feira (07\/05) ilegal o programa de coleta generalizada de dados telef\u00f4nicos da Ag\u00eancia de Seguran\u00e7a Nacional (NSA), afirmando que ele excede o que \u00e9 autorizado pela chamada Patriot Act, aprovada ap\u00f3s os atentados de 11 de setembro de 2001.<\/p>\n<p>A lei usada como base para a coleta de informa\u00e7\u00f5es em massa &#8220;nunca foi interpretada para autorizar nada que se aproxime da magnitude da vigil\u00e2ncia aqui em quest\u00e3o&#8221;, afirmou a Corte de Apela\u00e7\u00f5es do Segundo Circuito, com sede em Nova York.<\/p>\n<p>A decis\u00e3o desta quinta-feira foi uma resposta a uma a\u00e7\u00e3o judicial apresentada pela ONG Uni\u00e3o Americana pelas Liberdades Civis, em dezembro de 2013. Naquele ano, os programas de espionagem em massa da NSA nos Estados Unidos e no exterior vieram \u00e0 tona, gra\u00e7as a revela\u00e7\u00f5es feitas por Edward Snowden, ex-analista da NSA.<\/p>\n<p>Os metadados coletados de milh\u00f5es de liga\u00e7\u00f5es telef\u00f4nicas incluem n\u00fameros discados, hor\u00e1rios e outras informa\u00e7\u00f5es, mas n\u00e3o o conte\u00fado das conversas. Ainda assim, defensores das liberdades civis afirmam que o programa da NSA \u00e9 uma invas\u00e3o de privacidade em larga escala.<\/p>\n<p>Este artigo n\u00e3o est\u00e1 sob Licen\u00e7a Creative Commons e n\u00e3o pode ser reproduzido de nenhuma forma. O mesmo \u00e9 v\u00e1lido para a foto.<\/p>\n","protected":false},"excerpt":{"rendered":"<p>Corte de apela\u00e7\u00e3o afirma que, ao recolher indiscriminadamente dados telef\u00f4nicos de milh\u00f5es de americanos, Ag\u00eancia de Seguran\u00e7a Nacional foi al\u00e9m do permitido pelo Congresso. Ativistas veem invas\u00e3o de privacidade. Uma corte federal de apela\u00e7\u00e3o dos EUA considerou nesta quinta-feira (07\/05)&hellip;<\/p>\n","protected":false},"author":993,"featured_media":183394,"comment_status":"closed","ping_status":"open","sticky":false,"template":"","format":"standard","meta":{"footnotes":""},"categories":[105],"tags":[5576,5915,5192,6925],"class_list":["post-183393","post","type-post","status-publish","format-standard","has-post-thumbnail","hentry","category-america-do-norte","tag-edward-snowden-pt-pt","tag-espionagem-eua","tag-eua-pt-pt","tag-nsa-pt-pt"],"yoast_head":"<!-- This site is optimized with the Yoast SEO plugin v27.1.1 - https:\/\/yoast.com\/product\/yoast-seo-wordpress\/ -->\n<title>Tribunal declara ilegal coleta de dados telef\u00f4nicos pela NSA<\/title>\n<meta name=\"description\" content=\"Corte de apela\u00e7\u00e3o afirma que, ao recolher indiscriminadamente dados telef\u00f4nicos de milh\u00f5es de americanos, Ag\u00eancia de Seguran\u00e7a Nacional foi al\u00e9m do\" \/>\n<meta name=\"robots\" content=\"index, follow, max-snippet:-1, max-image-preview:large, max-video-preview:-1\" \/>\n<link rel=\"canonical\" href=\"https:\/\/www.pressenza.com\/pt-pt\/2015\/05\/tribunal-declara-ilegal-coleta-de-dados-telefonicos-pela-nsa\/\" \/>\n<meta property=\"og:locale\" content=\"pt_PT\" \/>\n<meta property=\"og:type\" content=\"article\" \/>\n<meta property=\"og:title\" content=\"Tribunal declara ilegal coleta de dados telef\u00f4nicos pela NSA\" \/>\n<meta property=\"og:description\" content=\"Corte de apela\u00e7\u00e3o afirma que, ao recolher indiscriminadamente dados telef\u00f4nicos de milh\u00f5es de americanos, Ag\u00eancia de Seguran\u00e7a Nacional foi al\u00e9m do\" \/>\n<meta property=\"og:url\" content=\"https:\/\/www.pressenza.com\/pt-pt\/2015\/05\/tribunal-declara-ilegal-coleta-de-dados-telefonicos-pela-nsa\/\" \/>\n<meta property=\"og:site_name\" content=\"Pressenza\" \/>\n<meta property=\"article:publisher\" content=\"https:\/\/www.facebook.com\/PressenzaItalia\" \/>\n<meta property=\"article:published_time\" content=\"2015-05-08T01:08:56+00:00\" \/>\n<meta property=\"article:modified_time\" content=\"2015-07-20T20:04:13+00:00\" \/>\n<meta property=\"og:image\" content=\"https:\/\/www.pressenza.com\/wp-content\/uploads\/2015\/05\/agencia-de-seguranca-nacional-07maio2015.jpg\" \/>\n\t<meta property=\"og:image:width\" content=\"940\" \/>\n\t<meta property=\"og:image:height\" content=\"529\" \/>\n\t<meta property=\"og:image:type\" content=\"image\/jpeg\" \/>\n<meta name=\"author\" content=\"Deutsche Welle\" \/>\n<meta name=\"twitter:card\" content=\"summary_large_image\" \/>\n<meta name=\"twitter:creator\" content=\"@PressenzaIPA\" \/>\n<meta name=\"twitter:site\" content=\"@PressenzaIPA\" \/>\n<meta name=\"twitter:label1\" content=\"Escrito por\" \/>\n\t<meta name=\"twitter:data1\" content=\"Deutsche Welle\" \/>\n\t<meta name=\"twitter:label2\" content=\"Tempo estimado de leitura\" \/>\n\t<meta name=\"twitter:data2\" content=\"1 minuto\" \/>\n<script type=\"application\/ld+json\" class=\"yoast-schema-graph\">{\"@context\":\"https:\/\/schema.org\",\"@graph\":[{\"@type\":\"Article\",\"@id\":\"https:\/\/www.pressenza.com\/pt-pt\/2015\/05\/tribunal-declara-ilegal-coleta-de-dados-telefonicos-pela-nsa\/#article\",\"isPartOf\":{\"@id\":\"https:\/\/www.pressenza.com\/pt-pt\/2015\/05\/tribunal-declara-ilegal-coleta-de-dados-telefonicos-pela-nsa\/\"},\"author\":{\"name\":\"Deutsche Welle\",\"@id\":\"https:\/\/www.pressenza.com\/pt-pt\/#\/schema\/person\/b7c775911f2c9a1b8c7225b94e2e9f37\"},\"headline\":\"Tribunal declara ilegal coleta de dados telef\u00f4nicos pela NSA\",\"datePublished\":\"2015-05-08T01:08:56+00:00\",\"dateModified\":\"2015-07-20T20:04:13+00:00\",\"mainEntityOfPage\":{\"@id\":\"https:\/\/www.pressenza.com\/pt-pt\/2015\/05\/tribunal-declara-ilegal-coleta-de-dados-telefonicos-pela-nsa\/\"},\"wordCount\":270,\"publisher\":{\"@id\":\"https:\/\/www.pressenza.com\/pt-pt\/#organization\"},\"image\":{\"@id\":\"https:\/\/www.pressenza.com\/pt-pt\/2015\/05\/tribunal-declara-ilegal-coleta-de-dados-telefonicos-pela-nsa\/#primaryimage\"},\"thumbnailUrl\":\"https:\/\/www.pressenza.com\/wp-content\/uploads\/2015\/05\/agencia-de-seguranca-nacional-07maio2015.jpg\",\"keywords\":[\"Edward Snowden\",\"espionagem eua\",\"eua\",\"nsa\"],\"articleSection\":[\"Am\u00e9rica do Norte\"],\"inLanguage\":\"pt-PT\"},{\"@type\":\"WebPage\",\"@id\":\"https:\/\/www.pressenza.com\/pt-pt\/2015\/05\/tribunal-declara-ilegal-coleta-de-dados-telefonicos-pela-nsa\/\",\"url\":\"https:\/\/www.pressenza.com\/pt-pt\/2015\/05\/tribunal-declara-ilegal-coleta-de-dados-telefonicos-pela-nsa\/\",\"name\":\"Tribunal declara ilegal coleta de dados telef\u00f4nicos pela NSA\",\"isPartOf\":{\"@id\":\"https:\/\/www.pressenza.com\/pt-pt\/#website\"},\"primaryImageOfPage\":{\"@id\":\"https:\/\/www.pressenza.com\/pt-pt\/2015\/05\/tribunal-declara-ilegal-coleta-de-dados-telefonicos-pela-nsa\/#primaryimage\"},\"image\":{\"@id\":\"https:\/\/www.pressenza.com\/pt-pt\/2015\/05\/tribunal-declara-ilegal-coleta-de-dados-telefonicos-pela-nsa\/#primaryimage\"},\"thumbnailUrl\":\"https:\/\/www.pressenza.com\/wp-content\/uploads\/2015\/05\/agencia-de-seguranca-nacional-07maio2015.jpg\",\"datePublished\":\"2015-05-08T01:08:56+00:00\",\"dateModified\":\"2015-07-20T20:04:13+00:00\",\"description\":\"Corte de apela\u00e7\u00e3o afirma que, ao recolher indiscriminadamente dados telef\u00f4nicos de milh\u00f5es de americanos, Ag\u00eancia de Seguran\u00e7a Nacional foi al\u00e9m do\",\"breadcrumb\":{\"@id\":\"https:\/\/www.pressenza.com\/pt-pt\/2015\/05\/tribunal-declara-ilegal-coleta-de-dados-telefonicos-pela-nsa\/#breadcrumb\"},\"inLanguage\":\"pt-PT\",\"potentialAction\":[{\"@type\":\"ReadAction\",\"target\":[\"https:\/\/www.pressenza.com\/pt-pt\/2015\/05\/tribunal-declara-ilegal-coleta-de-dados-telefonicos-pela-nsa\/\"]}]},{\"@type\":\"ImageObject\",\"inLanguage\":\"pt-PT\",\"@id\":\"https:\/\/www.pressenza.com\/pt-pt\/2015\/05\/tribunal-declara-ilegal-coleta-de-dados-telefonicos-pela-nsa\/#primaryimage\",\"url\":\"https:\/\/www.pressenza.com\/wp-content\/uploads\/2015\/05\/agencia-de-seguranca-nacional-07maio2015.jpg\",\"contentUrl\":\"https:\/\/www.pressenza.com\/wp-content\/uploads\/2015\/05\/agencia-de-seguranca-nacional-07maio2015.jpg\",\"width\":940,\"height\":529},{\"@type\":\"BreadcrumbList\",\"@id\":\"https:\/\/www.pressenza.com\/pt-pt\/2015\/05\/tribunal-declara-ilegal-coleta-de-dados-telefonicos-pela-nsa\/#breadcrumb\",\"itemListElement\":[{\"@type\":\"ListItem\",\"position\":1,\"name\":\"Accueil\",\"item\":\"https:\/\/www.pressenza.com\/pt-pt\/\"},{\"@type\":\"ListItem\",\"position\":2,\"name\":\"Tribunal declara ilegal coleta de dados telef\u00f4nicos pela NSA\"}]},{\"@type\":\"WebSite\",\"@id\":\"https:\/\/www.pressenza.com\/pt-pt\/#website\",\"url\":\"https:\/\/www.pressenza.com\/pt-pt\/\",\"name\":\"Pressenza\",\"description\":\"International Press Agency\",\"publisher\":{\"@id\":\"https:\/\/www.pressenza.com\/pt-pt\/#organization\"},\"potentialAction\":[{\"@type\":\"SearchAction\",\"target\":{\"@type\":\"EntryPoint\",\"urlTemplate\":\"https:\/\/www.pressenza.com\/pt-pt\/?s={search_term_string}\"},\"query-input\":{\"@type\":\"PropertyValueSpecification\",\"valueRequired\":true,\"valueName\":\"search_term_string\"}}],\"inLanguage\":\"pt-PT\"},{\"@type\":\"Organization\",\"@id\":\"https:\/\/www.pressenza.com\/pt-pt\/#organization\",\"name\":\"Pressenza\",\"url\":\"https:\/\/www.pressenza.com\/pt-pt\/\",\"logo\":{\"@type\":\"ImageObject\",\"inLanguage\":\"pt-PT\",\"@id\":\"https:\/\/www.pressenza.com\/pt-pt\/#\/schema\/logo\/image\/\",\"url\":\"https:\/\/www.pressenza.com\/wp-content\/uploads\/2022\/10\/pressenza_logo_200x200.jpg\",\"contentUrl\":\"https:\/\/www.pressenza.com\/wp-content\/uploads\/2022\/10\/pressenza_logo_200x200.jpg\",\"width\":200,\"height\":200,\"caption\":\"Pressenza\"},\"image\":{\"@id\":\"https:\/\/www.pressenza.com\/pt-pt\/#\/schema\/logo\/image\/\"},\"sameAs\":[\"https:\/\/www.facebook.com\/PressenzaItalia\",\"https:\/\/x.com\/PressenzaIPA\"]},{\"@type\":\"Person\",\"@id\":\"https:\/\/www.pressenza.com\/pt-pt\/#\/schema\/person\/b7c775911f2c9a1b8c7225b94e2e9f37\",\"name\":\"Deutsche Welle\",\"description\":\"Articles and photographs by Deutsche Welle on Pressenza do not fall under the Creative Commons licence and are not reproducible in any way. www.dw.com\",\"sameAs\":[\"http:\/\/www.dw.com\"],\"url\":\"https:\/\/www.pressenza.com\/pt-pt\/author\/deutsche-welle\/\"}]}<\/script>\n<!-- \/ Yoast SEO plugin. -->","yoast_head_json":{"title":"Tribunal declara ilegal coleta de dados telef\u00f4nicos pela NSA","description":"Corte de apela\u00e7\u00e3o afirma que, ao recolher indiscriminadamente dados telef\u00f4nicos de milh\u00f5es de americanos, Ag\u00eancia de Seguran\u00e7a Nacional foi al\u00e9m do","robots":{"index":"index","follow":"follow","max-snippet":"max-snippet:-1","max-image-preview":"max-image-preview:large","max-video-preview":"max-video-preview:-1"},"canonical":"https:\/\/www.pressenza.com\/pt-pt\/2015\/05\/tribunal-declara-ilegal-coleta-de-dados-telefonicos-pela-nsa\/","og_locale":"pt_PT","og_type":"article","og_title":"Tribunal declara ilegal coleta de dados telef\u00f4nicos pela NSA","og_description":"Corte de apela\u00e7\u00e3o afirma que, ao recolher indiscriminadamente dados telef\u00f4nicos de milh\u00f5es de americanos, Ag\u00eancia de Seguran\u00e7a Nacional foi al\u00e9m do","og_url":"https:\/\/www.pressenza.com\/pt-pt\/2015\/05\/tribunal-declara-ilegal-coleta-de-dados-telefonicos-pela-nsa\/","og_site_name":"Pressenza","article_publisher":"https:\/\/www.facebook.com\/PressenzaItalia","article_published_time":"2015-05-08T01:08:56+00:00","article_modified_time":"2015-07-20T20:04:13+00:00","og_image":[{"width":940,"height":529,"url":"https:\/\/www.pressenza.com\/wp-content\/uploads\/2015\/05\/agencia-de-seguranca-nacional-07maio2015.jpg","type":"image\/jpeg"}],"author":"Deutsche Welle","twitter_card":"summary_large_image","twitter_creator":"@PressenzaIPA","twitter_site":"@PressenzaIPA","twitter_misc":{"Escrito por":"Deutsche Welle","Tempo estimado de leitura":"1 minuto"},"schema":{"@context":"https:\/\/schema.org","@graph":[{"@type":"Article","@id":"https:\/\/www.pressenza.com\/pt-pt\/2015\/05\/tribunal-declara-ilegal-coleta-de-dados-telefonicos-pela-nsa\/#article","isPartOf":{"@id":"https:\/\/www.pressenza.com\/pt-pt\/2015\/05\/tribunal-declara-ilegal-coleta-de-dados-telefonicos-pela-nsa\/"},"author":{"name":"Deutsche Welle","@id":"https:\/\/www.pressenza.com\/pt-pt\/#\/schema\/person\/b7c775911f2c9a1b8c7225b94e2e9f37"},"headline":"Tribunal declara ilegal coleta de dados telef\u00f4nicos pela NSA","datePublished":"2015-05-08T01:08:56+00:00","dateModified":"2015-07-20T20:04:13+00:00","mainEntityOfPage":{"@id":"https:\/\/www.pressenza.com\/pt-pt\/2015\/05\/tribunal-declara-ilegal-coleta-de-dados-telefonicos-pela-nsa\/"},"wordCount":270,"publisher":{"@id":"https:\/\/www.pressenza.com\/pt-pt\/#organization"},"image":{"@id":"https:\/\/www.pressenza.com\/pt-pt\/2015\/05\/tribunal-declara-ilegal-coleta-de-dados-telefonicos-pela-nsa\/#primaryimage"},"thumbnailUrl":"https:\/\/www.pressenza.com\/wp-content\/uploads\/2015\/05\/agencia-de-seguranca-nacional-07maio2015.jpg","keywords":["Edward Snowden","espionagem eua","eua","nsa"],"articleSection":["Am\u00e9rica do Norte"],"inLanguage":"pt-PT"},{"@type":"WebPage","@id":"https:\/\/www.pressenza.com\/pt-pt\/2015\/05\/tribunal-declara-ilegal-coleta-de-dados-telefonicos-pela-nsa\/","url":"https:\/\/www.pressenza.com\/pt-pt\/2015\/05\/tribunal-declara-ilegal-coleta-de-dados-telefonicos-pela-nsa\/","name":"Tribunal declara ilegal coleta de dados telef\u00f4nicos pela NSA","isPartOf":{"@id":"https:\/\/www.pressenza.com\/pt-pt\/#website"},"primaryImageOfPage":{"@id":"https:\/\/www.pressenza.com\/pt-pt\/2015\/05\/tribunal-declara-ilegal-coleta-de-dados-telefonicos-pela-nsa\/#primaryimage"},"image":{"@id":"https:\/\/www.pressenza.com\/pt-pt\/2015\/05\/tribunal-declara-ilegal-coleta-de-dados-telefonicos-pela-nsa\/#primaryimage"},"thumbnailUrl":"https:\/\/www.pressenza.com\/wp-content\/uploads\/2015\/05\/agencia-de-seguranca-nacional-07maio2015.jpg","datePublished":"2015-05-08T01:08:56+00:00","dateModified":"2015-07-20T20:04:13+00:00","description":"Corte de apela\u00e7\u00e3o afirma que, ao recolher indiscriminadamente dados telef\u00f4nicos de milh\u00f5es de americanos, Ag\u00eancia de Seguran\u00e7a Nacional foi al\u00e9m do","breadcrumb":{"@id":"https:\/\/www.pressenza.com\/pt-pt\/2015\/05\/tribunal-declara-ilegal-coleta-de-dados-telefonicos-pela-nsa\/#breadcrumb"},"inLanguage":"pt-PT","potentialAction":[{"@type":"ReadAction","target":["https:\/\/www.pressenza.com\/pt-pt\/2015\/05\/tribunal-declara-ilegal-coleta-de-dados-telefonicos-pela-nsa\/"]}]},{"@type":"ImageObject","inLanguage":"pt-PT","@id":"https:\/\/www.pressenza.com\/pt-pt\/2015\/05\/tribunal-declara-ilegal-coleta-de-dados-telefonicos-pela-nsa\/#primaryimage","url":"https:\/\/www.pressenza.com\/wp-content\/uploads\/2015\/05\/agencia-de-seguranca-nacional-07maio2015.jpg","contentUrl":"https:\/\/www.pressenza.com\/wp-content\/uploads\/2015\/05\/agencia-de-seguranca-nacional-07maio2015.jpg","width":940,"height":529},{"@type":"BreadcrumbList","@id":"https:\/\/www.pressenza.com\/pt-pt\/2015\/05\/tribunal-declara-ilegal-coleta-de-dados-telefonicos-pela-nsa\/#breadcrumb","itemListElement":[{"@type":"ListItem","position":1,"name":"Accueil","item":"https:\/\/www.pressenza.com\/pt-pt\/"},{"@type":"ListItem","position":2,"name":"Tribunal declara ilegal coleta de dados telef\u00f4nicos pela NSA"}]},{"@type":"WebSite","@id":"https:\/\/www.pressenza.com\/pt-pt\/#website","url":"https:\/\/www.pressenza.com\/pt-pt\/","name":"Pressenza","description":"International Press Agency","publisher":{"@id":"https:\/\/www.pressenza.com\/pt-pt\/#organization"},"potentialAction":[{"@type":"SearchAction","target":{"@type":"EntryPoint","urlTemplate":"https:\/\/www.pressenza.com\/pt-pt\/?s={search_term_string}"},"query-input":{"@type":"PropertyValueSpecification","valueRequired":true,"valueName":"search_term_string"}}],"inLanguage":"pt-PT"},{"@type":"Organization","@id":"https:\/\/www.pressenza.com\/pt-pt\/#organization","name":"Pressenza","url":"https:\/\/www.pressenza.com\/pt-pt\/","logo":{"@type":"ImageObject","inLanguage":"pt-PT","@id":"https:\/\/www.pressenza.com\/pt-pt\/#\/schema\/logo\/image\/","url":"https:\/\/www.pressenza.com\/wp-content\/uploads\/2022\/10\/pressenza_logo_200x200.jpg","contentUrl":"https:\/\/www.pressenza.com\/wp-content\/uploads\/2022\/10\/pressenza_logo_200x200.jpg","width":200,"height":200,"caption":"Pressenza"},"image":{"@id":"https:\/\/www.pressenza.com\/pt-pt\/#\/schema\/logo\/image\/"},"sameAs":["https:\/\/www.facebook.com\/PressenzaItalia","https:\/\/x.com\/PressenzaIPA"]},{"@type":"Person","@id":"https:\/\/www.pressenza.com\/pt-pt\/#\/schema\/person\/b7c775911f2c9a1b8c7225b94e2e9f37","name":"Deutsche Welle","description":"Articles and photographs by Deutsche Welle on Pressenza do not fall under the Creative Commons licence and are not reproducible in any way. www.dw.com","sameAs":["http:\/\/www.dw.com"],"url":"https:\/\/www.pressenza.com\/pt-pt\/author\/deutsche-welle\/"}]}},"place":"","original_article_url":"http:\/\/www.dw.de\/tribunal-declara-ilegal-coleta-de-dados-telef%C3%B4nicos-pela-nsa\/a-18437378?maca=bra-RSS_por_Pressenza_news-10755-html","_links":{"self":[{"href":"https:\/\/www.pressenza.com\/pt-pt\/wp-json\/wp\/v2\/posts\/183393","targetHints":{"allow":["GET"]}}],"collection":[{"href":"https:\/\/www.pressenza.com\/pt-pt\/wp-json\/wp\/v2\/posts"}],"about":[{"href":"https:\/\/www.pressenza.com\/pt-pt\/wp-json\/wp\/v2\/types\/post"}],"author":[{"embeddable":true,"href":"https:\/\/www.pressenza.com\/pt-pt\/wp-json\/wp\/v2\/users\/993"}],"replies":[{"embeddable":true,"href":"https:\/\/www.pressenza.com\/pt-pt\/wp-json\/wp\/v2\/comments?post=183393"}],"version-history":[{"count":0,"href":"https:\/\/www.pressenza.com\/pt-pt\/wp-json\/wp\/v2\/posts\/183393\/revisions"}],"wp:featuredmedia":[{"embeddable":true,"href":"https:\/\/www.pressenza.com\/pt-pt\/wp-json\/wp\/v2\/media\/183394"}],"wp:attachment":[{"href":"https:\/\/www.pressenza.com\/pt-pt\/wp-json\/wp\/v2\/media?parent=183393"}],"wp:term":[{"taxonomy":"category","embeddable":true,"href":"https:\/\/www.pressenza.com\/pt-pt\/wp-json\/wp\/v2\/categories?post=183393"},{"taxonomy":"post_tag","embeddable":true,"href":"https:\/\/www.pressenza.com\/pt-pt\/wp-json\/wp\/v2\/tags?post=183393"}],"curies":[{"name":"wp","href":"https:\/\/api.w.org\/{rel}","templated":true}]}}