{"id":1794844,"date":"2024-01-23T09:36:26","date_gmt":"2024-01-23T09:36:26","guid":{"rendered":"https:\/\/www.pressenza.com\/?p=1794844"},"modified":"2024-01-23T09:44:53","modified_gmt":"2024-01-23T09:44:53","slug":"espanto-e-consternacao-na-ue-perante-os-planos-do-ministro-israelita-katz-para-uma-deportacao-massiva-de-palestinianos","status":"publish","type":"post","link":"https:\/\/www.pressenza.com\/pt-pt\/2024\/01\/espanto-e-consternacao-na-ue-perante-os-planos-do-ministro-israelita-katz-para-uma-deportacao-massiva-de-palestinianos\/","title":{"rendered":"Espanto e consterna\u00e7\u00e3o na UE perante os planos do ministro israelita Katz para uma deporta\u00e7\u00e3o massiva de palestinianos"},"content":{"rendered":"<p>Os ministros da UE ficaram consternados com as palavras do ministro israelita Katz (do partido LIKUD, h\u00e1 poucos dias nomeado Ministro dos Neg\u00f3cios Estrangeiros), numa reuni\u00e3o com a Comiss\u00e3o Europeia em Bruxelas, sobre um plano israelita para criar uma ilha artificial no Mediterr\u00e2neo, a 5 km da costa, para onde os civis de Gaza poder\u00e3o ir viver. \u201c<em>Ser\u00e1 a futura p\u00e1tria dos palestinianos<\/em>&#8220;, ter\u00e1 dito o ministro.<\/p>\n<p>Segundo o peri\u00f3dico brit\u00e2nico \u201cGuardian\u201d, o ministro de Telavive mostrou na sua exposi\u00e7\u00e3o imagens de um projeto de constru\u00e7\u00e3o dum porto e dum aeroporto nessa ilha, ligados por uma ponte ao continente. Teria conclu\u00eddo as suas divaga\u00e7\u00f5es com as seguintes palavras: &#8220;P<em>oderia ser a nova Singapura do Mediterr\u00e2neo<\/em>&#8220;.<\/p>\n<p>Mais tarde, o gabinete do ministro negou que Katz tivesse feito esta proposta e at\u00e9 mostrou v\u00eddeos ilustrativos. Mas Katz j\u00e1 tinha feito essa proposta h\u00e1 anos atr\u00e1s, quando era Ministro dos Transportes.<\/p>\n<p>&nbsp;<\/p>\n<p><em>Fontes: ANBAMED, ANSA<\/em><\/p>\n<hr \/>\n<p>&nbsp;<\/p>\n","protected":false},"excerpt":{"rendered":"<p>Os ministros da UE ficaram consternados com as palavras do ministro israelita Katz (do partido LIKUD, h\u00e1 poucos dias nomeado Ministro dos Neg\u00f3cios Estrangeiros), numa reuni\u00e3o com a Comiss\u00e3o Europeia em Bruxelas, sobre um plano israelita para criar uma ilha&hellip;<\/p>\n","protected":false},"author":594,"featured_media":1794845,"comment_status":"closed","ping_status":"closed","sticky":false,"template":"","format":"standard","meta":{"footnotes":""},"categories":[113,11390,107669,108,1257],"tags":[116996,87027,63896,2625,119490],"class_list":["post-1794844","post","type-post","status-publish","format-standard","has-post-thumbnail","hentry","category-noticias-do-exterior","category-conteudo-original","category-noticia-pt-pt","category-oriente-medio","category-paz-desarmamento","tag-conflito-arabe-israelense","tag-deportacao","tag-gaza-pt-pt","tag-israel-pt-pt","tag-palestinianos-de-gaza"],"yoast_head":"<!-- This site is optimized with the Yoast SEO plugin v27.1.1 - https:\/\/yoast.com\/product\/yoast-seo-wordpress\/ -->\n<title>Espanto e consterna\u00e7\u00e3o na UE perante os planos do ministro israelita Katz para uma deporta\u00e7\u00e3o massiva de palestinianos<\/title>\n<meta name=\"description\" content=\"Os ministros da UE ficaram consternados com as palavras do ministro israelita Katz (do partido LIKUD, h\u00e1 poucos dias nomeado Ministro dos Neg\u00f3cios\" \/>\n<meta name=\"robots\" content=\"index, follow, max-snippet:-1, max-image-preview:large, max-video-preview:-1\" \/>\n<link rel=\"canonical\" href=\"https:\/\/www.pressenza.com\/pt-pt\/2024\/01\/espanto-e-consternacao-na-ue-perante-os-planos-do-ministro-israelita-katz-para-uma-deportacao-massiva-de-palestinianos\/\" \/>\n<meta property=\"og:locale\" content=\"pt_PT\" \/>\n<meta property=\"og:type\" content=\"article\" \/>\n<meta property=\"og:title\" content=\"Espanto e consterna\u00e7\u00e3o na UE perante os planos do ministro israelita Katz para uma deporta\u00e7\u00e3o massiva de palestinianos\" \/>\n<meta property=\"og:description\" content=\"Os ministros da UE ficaram consternados com as palavras do ministro israelita Katz (do partido LIKUD, h\u00e1 poucos dias nomeado Ministro dos Neg\u00f3cios\" \/>\n<meta property=\"og:url\" content=\"https:\/\/www.pressenza.com\/pt-pt\/2024\/01\/espanto-e-consternacao-na-ue-perante-os-planos-do-ministro-israelita-katz-para-uma-deportacao-massiva-de-palestinianos\/\" \/>\n<meta property=\"og:site_name\" content=\"Pressenza\" \/>\n<meta property=\"article:publisher\" content=\"https:\/\/www.facebook.com\/PressenzaItalia\" \/>\n<meta property=\"article:author\" content=\"https:\/\/www.facebook.com\/PressenzaItalia\" \/>\n<meta property=\"article:published_time\" content=\"2024-01-23T09:36:26+00:00\" \/>\n<meta property=\"article:modified_time\" content=\"2024-01-23T09:44:53+00:00\" \/>\n<meta property=\"og:image\" content=\"https:\/\/www.pressenza.com\/wp-content\/uploads\/2024\/01\/isola-per-palestinesi.jpg\" \/>\n\t<meta property=\"og:image:width\" content=\"620\" \/>\n\t<meta property=\"og:image:height\" content=\"438\" \/>\n\t<meta property=\"og:image:type\" content=\"image\/jpeg\" \/>\n<meta name=\"author\" content=\"Redazione Italia\" \/>\n<meta name=\"twitter:card\" content=\"summary_large_image\" \/>\n<meta name=\"twitter:creator\" content=\"@pressenza_it\" \/>\n<meta name=\"twitter:site\" content=\"@PressenzaIPA\" \/>\n<meta name=\"twitter:label1\" content=\"Escrito por\" \/>\n\t<meta name=\"twitter:data1\" content=\"Redazione Italia\" \/>\n\t<meta name=\"twitter:label2\" content=\"Tempo estimado de leitura\" \/>\n\t<meta name=\"twitter:data2\" content=\"1 minuto\" \/>\n<script type=\"application\/ld+json\" class=\"yoast-schema-graph\">{\"@context\":\"https:\/\/schema.org\",\"@graph\":[{\"@type\":\"Article\",\"@id\":\"https:\/\/www.pressenza.com\/pt-pt\/2024\/01\/espanto-e-consternacao-na-ue-perante-os-planos-do-ministro-israelita-katz-para-uma-deportacao-massiva-de-palestinianos\/#article\",\"isPartOf\":{\"@id\":\"https:\/\/www.pressenza.com\/pt-pt\/2024\/01\/espanto-e-consternacao-na-ue-perante-os-planos-do-ministro-israelita-katz-para-uma-deportacao-massiva-de-palestinianos\/\"},\"author\":{\"name\":\"Redazione Italia\",\"@id\":\"https:\/\/www.pressenza.com\/pt-pt\/#\/schema\/person\/d983e81827ae24f2c7b1a2123d197f8d\"},\"headline\":\"Espanto e consterna\u00e7\u00e3o na UE perante os planos do ministro israelita Katz para uma deporta\u00e7\u00e3o massiva de palestinianos\",\"datePublished\":\"2024-01-23T09:36:26+00:00\",\"dateModified\":\"2024-01-23T09:44:53+00:00\",\"mainEntityOfPage\":{\"@id\":\"https:\/\/www.pressenza.com\/pt-pt\/2024\/01\/espanto-e-consternacao-na-ue-perante-os-planos-do-ministro-israelita-katz-para-uma-deportacao-massiva-de-palestinianos\/\"},\"wordCount\":187,\"publisher\":{\"@id\":\"https:\/\/www.pressenza.com\/pt-pt\/#organization\"},\"image\":{\"@id\":\"https:\/\/www.pressenza.com\/pt-pt\/2024\/01\/espanto-e-consternacao-na-ue-perante-os-planos-do-ministro-israelita-katz-para-uma-deportacao-massiva-de-palestinianos\/#primaryimage\"},\"thumbnailUrl\":\"https:\/\/www.pressenza.com\/wp-content\/uploads\/2024\/01\/isola-per-palestinesi.jpg\",\"keywords\":[\"Conflito \u00e1rabe-israelense\",\"deporta\u00e7\u00e3o\",\"Gaza\",\"Israel\",\"Palestinianos de Gaza\"],\"articleSection\":[\"Assuntos internacionais\",\"Conte\u00fado Original\",\"Not\u00edcia\",\"Oriente M\u00e9dio\",\"Paz e Desarmamento\"],\"inLanguage\":\"pt-PT\"},{\"@type\":\"WebPage\",\"@id\":\"https:\/\/www.pressenza.com\/pt-pt\/2024\/01\/espanto-e-consternacao-na-ue-perante-os-planos-do-ministro-israelita-katz-para-uma-deportacao-massiva-de-palestinianos\/\",\"url\":\"https:\/\/www.pressenza.com\/pt-pt\/2024\/01\/espanto-e-consternacao-na-ue-perante-os-planos-do-ministro-israelita-katz-para-uma-deportacao-massiva-de-palestinianos\/\",\"name\":\"Espanto e consterna\u00e7\u00e3o na UE perante os planos do ministro israelita Katz para uma deporta\u00e7\u00e3o massiva de palestinianos\",\"isPartOf\":{\"@id\":\"https:\/\/www.pressenza.com\/pt-pt\/#website\"},\"primaryImageOfPage\":{\"@id\":\"https:\/\/www.pressenza.com\/pt-pt\/2024\/01\/espanto-e-consternacao-na-ue-perante-os-planos-do-ministro-israelita-katz-para-uma-deportacao-massiva-de-palestinianos\/#primaryimage\"},\"image\":{\"@id\":\"https:\/\/www.pressenza.com\/pt-pt\/2024\/01\/espanto-e-consternacao-na-ue-perante-os-planos-do-ministro-israelita-katz-para-uma-deportacao-massiva-de-palestinianos\/#primaryimage\"},\"thumbnailUrl\":\"https:\/\/www.pressenza.com\/wp-content\/uploads\/2024\/01\/isola-per-palestinesi.jpg\",\"datePublished\":\"2024-01-23T09:36:26+00:00\",\"dateModified\":\"2024-01-23T09:44:53+00:00\",\"description\":\"Os ministros da UE ficaram consternados com as palavras do ministro israelita Katz (do partido LIKUD, h\u00e1 poucos dias nomeado Ministro dos Neg\u00f3cios\",\"breadcrumb\":{\"@id\":\"https:\/\/www.pressenza.com\/pt-pt\/2024\/01\/espanto-e-consternacao-na-ue-perante-os-planos-do-ministro-israelita-katz-para-uma-deportacao-massiva-de-palestinianos\/#breadcrumb\"},\"inLanguage\":\"pt-PT\",\"potentialAction\":[{\"@type\":\"ReadAction\",\"target\":[\"https:\/\/www.pressenza.com\/pt-pt\/2024\/01\/espanto-e-consternacao-na-ue-perante-os-planos-do-ministro-israelita-katz-para-uma-deportacao-massiva-de-palestinianos\/\"]}]},{\"@type\":\"ImageObject\",\"inLanguage\":\"pt-PT\",\"@id\":\"https:\/\/www.pressenza.com\/pt-pt\/2024\/01\/espanto-e-consternacao-na-ue-perante-os-planos-do-ministro-israelita-katz-para-uma-deportacao-massiva-de-palestinianos\/#primaryimage\",\"url\":\"https:\/\/www.pressenza.com\/wp-content\/uploads\/2024\/01\/isola-per-palestinesi.jpg\",\"contentUrl\":\"https:\/\/www.pressenza.com\/wp-content\/uploads\/2024\/01\/isola-per-palestinesi.jpg\",\"width\":620,\"height\":438,\"caption\":\"(Foto do Minist\u00e9rio dos Transportes de Israel)\"},{\"@type\":\"BreadcrumbList\",\"@id\":\"https:\/\/www.pressenza.com\/pt-pt\/2024\/01\/espanto-e-consternacao-na-ue-perante-os-planos-do-ministro-israelita-katz-para-uma-deportacao-massiva-de-palestinianos\/#breadcrumb\",\"itemListElement\":[{\"@type\":\"ListItem\",\"position\":1,\"name\":\"Accueil\",\"item\":\"https:\/\/www.pressenza.com\/pt-pt\/\"},{\"@type\":\"ListItem\",\"position\":2,\"name\":\"Espanto e consterna\u00e7\u00e3o na UE perante os planos do ministro israelita Katz para uma deporta\u00e7\u00e3o massiva de palestinianos\"}]},{\"@type\":\"WebSite\",\"@id\":\"https:\/\/www.pressenza.com\/pt-pt\/#website\",\"url\":\"https:\/\/www.pressenza.com\/pt-pt\/\",\"name\":\"Pressenza\",\"description\":\"International Press Agency\",\"publisher\":{\"@id\":\"https:\/\/www.pressenza.com\/pt-pt\/#organization\"},\"potentialAction\":[{\"@type\":\"SearchAction\",\"target\":{\"@type\":\"EntryPoint\",\"urlTemplate\":\"https:\/\/www.pressenza.com\/pt-pt\/?s={search_term_string}\"},\"query-input\":{\"@type\":\"PropertyValueSpecification\",\"valueRequired\":true,\"valueName\":\"search_term_string\"}}],\"inLanguage\":\"pt-PT\"},{\"@type\":\"Organization\",\"@id\":\"https:\/\/www.pressenza.com\/pt-pt\/#organization\",\"name\":\"Pressenza\",\"url\":\"https:\/\/www.pressenza.com\/pt-pt\/\",\"logo\":{\"@type\":\"ImageObject\",\"inLanguage\":\"pt-PT\",\"@id\":\"https:\/\/www.pressenza.com\/pt-pt\/#\/schema\/logo\/image\/\",\"url\":\"https:\/\/www.pressenza.com\/wp-content\/uploads\/2022\/10\/pressenza_logo_200x200.jpg\",\"contentUrl\":\"https:\/\/www.pressenza.com\/wp-content\/uploads\/2022\/10\/pressenza_logo_200x200.jpg\",\"width\":200,\"height\":200,\"caption\":\"Pressenza\"},\"image\":{\"@id\":\"https:\/\/www.pressenza.com\/pt-pt\/#\/schema\/logo\/image\/\"},\"sameAs\":[\"https:\/\/www.facebook.com\/PressenzaItalia\",\"https:\/\/x.com\/PressenzaIPA\"]},{\"@type\":\"Person\",\"@id\":\"https:\/\/www.pressenza.com\/pt-pt\/#\/schema\/person\/d983e81827ae24f2c7b1a2123d197f8d\",\"name\":\"Redazione Italia\",\"description\":\"News from the Pressenza Bureau in Italy\",\"sameAs\":[\"https:\/\/www.pressenza.com\/it\/author\/redazione-italia\/\",\"https:\/\/www.facebook.com\/PressenzaItalia\",\"https:\/\/www.instagram.com\/pressenza_italia\/\",\"https:\/\/x.com\/pressenza_it\",\"https:\/\/www.youtube.com\/channel\/UCSalEIWjE1RSxkwjfftFuqg\"],\"url\":\"https:\/\/www.pressenza.com\/pt-pt\/author\/redazione-italia\/\"}]}<\/script>\n<!-- \/ Yoast SEO plugin. -->","yoast_head_json":{"title":"Espanto e consterna\u00e7\u00e3o na UE perante os planos do ministro israelita Katz para uma deporta\u00e7\u00e3o massiva de palestinianos","description":"Os ministros da UE ficaram consternados com as palavras do ministro israelita Katz (do partido LIKUD, h\u00e1 poucos dias nomeado Ministro dos Neg\u00f3cios","robots":{"index":"index","follow":"follow","max-snippet":"max-snippet:-1","max-image-preview":"max-image-preview:large","max-video-preview":"max-video-preview:-1"},"canonical":"https:\/\/www.pressenza.com\/pt-pt\/2024\/01\/espanto-e-consternacao-na-ue-perante-os-planos-do-ministro-israelita-katz-para-uma-deportacao-massiva-de-palestinianos\/","og_locale":"pt_PT","og_type":"article","og_title":"Espanto e consterna\u00e7\u00e3o na UE perante os planos do ministro israelita Katz para uma deporta\u00e7\u00e3o massiva de palestinianos","og_description":"Os ministros da UE ficaram consternados com as palavras do ministro israelita Katz (do partido LIKUD, h\u00e1 poucos dias nomeado Ministro dos Neg\u00f3cios","og_url":"https:\/\/www.pressenza.com\/pt-pt\/2024\/01\/espanto-e-consternacao-na-ue-perante-os-planos-do-ministro-israelita-katz-para-uma-deportacao-massiva-de-palestinianos\/","og_site_name":"Pressenza","article_publisher":"https:\/\/www.facebook.com\/PressenzaItalia","article_author":"https:\/\/www.facebook.com\/PressenzaItalia","article_published_time":"2024-01-23T09:36:26+00:00","article_modified_time":"2024-01-23T09:44:53+00:00","og_image":[{"width":620,"height":438,"url":"https:\/\/www.pressenza.com\/wp-content\/uploads\/2024\/01\/isola-per-palestinesi.jpg","type":"image\/jpeg"}],"author":"Redazione Italia","twitter_card":"summary_large_image","twitter_creator":"@pressenza_it","twitter_site":"@PressenzaIPA","twitter_misc":{"Escrito por":"Redazione Italia","Tempo estimado de leitura":"1 minuto"},"schema":{"@context":"https:\/\/schema.org","@graph":[{"@type":"Article","@id":"https:\/\/www.pressenza.com\/pt-pt\/2024\/01\/espanto-e-consternacao-na-ue-perante-os-planos-do-ministro-israelita-katz-para-uma-deportacao-massiva-de-palestinianos\/#article","isPartOf":{"@id":"https:\/\/www.pressenza.com\/pt-pt\/2024\/01\/espanto-e-consternacao-na-ue-perante-os-planos-do-ministro-israelita-katz-para-uma-deportacao-massiva-de-palestinianos\/"},"author":{"name":"Redazione Italia","@id":"https:\/\/www.pressenza.com\/pt-pt\/#\/schema\/person\/d983e81827ae24f2c7b1a2123d197f8d"},"headline":"Espanto e consterna\u00e7\u00e3o na UE perante os planos do ministro israelita Katz para uma deporta\u00e7\u00e3o massiva de palestinianos","datePublished":"2024-01-23T09:36:26+00:00","dateModified":"2024-01-23T09:44:53+00:00","mainEntityOfPage":{"@id":"https:\/\/www.pressenza.com\/pt-pt\/2024\/01\/espanto-e-consternacao-na-ue-perante-os-planos-do-ministro-israelita-katz-para-uma-deportacao-massiva-de-palestinianos\/"},"wordCount":187,"publisher":{"@id":"https:\/\/www.pressenza.com\/pt-pt\/#organization"},"image":{"@id":"https:\/\/www.pressenza.com\/pt-pt\/2024\/01\/espanto-e-consternacao-na-ue-perante-os-planos-do-ministro-israelita-katz-para-uma-deportacao-massiva-de-palestinianos\/#primaryimage"},"thumbnailUrl":"https:\/\/www.pressenza.com\/wp-content\/uploads\/2024\/01\/isola-per-palestinesi.jpg","keywords":["Conflito \u00e1rabe-israelense","deporta\u00e7\u00e3o","Gaza","Israel","Palestinianos de Gaza"],"articleSection":["Assuntos internacionais","Conte\u00fado Original","Not\u00edcia","Oriente M\u00e9dio","Paz e Desarmamento"],"inLanguage":"pt-PT"},{"@type":"WebPage","@id":"https:\/\/www.pressenza.com\/pt-pt\/2024\/01\/espanto-e-consternacao-na-ue-perante-os-planos-do-ministro-israelita-katz-para-uma-deportacao-massiva-de-palestinianos\/","url":"https:\/\/www.pressenza.com\/pt-pt\/2024\/01\/espanto-e-consternacao-na-ue-perante-os-planos-do-ministro-israelita-katz-para-uma-deportacao-massiva-de-palestinianos\/","name":"Espanto e consterna\u00e7\u00e3o na UE perante os planos do ministro israelita Katz para uma deporta\u00e7\u00e3o massiva de palestinianos","isPartOf":{"@id":"https:\/\/www.pressenza.com\/pt-pt\/#website"},"primaryImageOfPage":{"@id":"https:\/\/www.pressenza.com\/pt-pt\/2024\/01\/espanto-e-consternacao-na-ue-perante-os-planos-do-ministro-israelita-katz-para-uma-deportacao-massiva-de-palestinianos\/#primaryimage"},"image":{"@id":"https:\/\/www.pressenza.com\/pt-pt\/2024\/01\/espanto-e-consternacao-na-ue-perante-os-planos-do-ministro-israelita-katz-para-uma-deportacao-massiva-de-palestinianos\/#primaryimage"},"thumbnailUrl":"https:\/\/www.pressenza.com\/wp-content\/uploads\/2024\/01\/isola-per-palestinesi.jpg","datePublished":"2024-01-23T09:36:26+00:00","dateModified":"2024-01-23T09:44:53+00:00","description":"Os ministros da UE ficaram consternados com as palavras do ministro israelita Katz (do partido LIKUD, h\u00e1 poucos dias nomeado Ministro dos Neg\u00f3cios","breadcrumb":{"@id":"https:\/\/www.pressenza.com\/pt-pt\/2024\/01\/espanto-e-consternacao-na-ue-perante-os-planos-do-ministro-israelita-katz-para-uma-deportacao-massiva-de-palestinianos\/#breadcrumb"},"inLanguage":"pt-PT","potentialAction":[{"@type":"ReadAction","target":["https:\/\/www.pressenza.com\/pt-pt\/2024\/01\/espanto-e-consternacao-na-ue-perante-os-planos-do-ministro-israelita-katz-para-uma-deportacao-massiva-de-palestinianos\/"]}]},{"@type":"ImageObject","inLanguage":"pt-PT","@id":"https:\/\/www.pressenza.com\/pt-pt\/2024\/01\/espanto-e-consternacao-na-ue-perante-os-planos-do-ministro-israelita-katz-para-uma-deportacao-massiva-de-palestinianos\/#primaryimage","url":"https:\/\/www.pressenza.com\/wp-content\/uploads\/2024\/01\/isola-per-palestinesi.jpg","contentUrl":"https:\/\/www.pressenza.com\/wp-content\/uploads\/2024\/01\/isola-per-palestinesi.jpg","width":620,"height":438,"caption":"(Foto do Minist\u00e9rio dos Transportes de Israel)"},{"@type":"BreadcrumbList","@id":"https:\/\/www.pressenza.com\/pt-pt\/2024\/01\/espanto-e-consternacao-na-ue-perante-os-planos-do-ministro-israelita-katz-para-uma-deportacao-massiva-de-palestinianos\/#breadcrumb","itemListElement":[{"@type":"ListItem","position":1,"name":"Accueil","item":"https:\/\/www.pressenza.com\/pt-pt\/"},{"@type":"ListItem","position":2,"name":"Espanto e consterna\u00e7\u00e3o na UE perante os planos do ministro israelita Katz para uma deporta\u00e7\u00e3o massiva de palestinianos"}]},{"@type":"WebSite","@id":"https:\/\/www.pressenza.com\/pt-pt\/#website","url":"https:\/\/www.pressenza.com\/pt-pt\/","name":"Pressenza","description":"International Press Agency","publisher":{"@id":"https:\/\/www.pressenza.com\/pt-pt\/#organization"},"potentialAction":[{"@type":"SearchAction","target":{"@type":"EntryPoint","urlTemplate":"https:\/\/www.pressenza.com\/pt-pt\/?s={search_term_string}"},"query-input":{"@type":"PropertyValueSpecification","valueRequired":true,"valueName":"search_term_string"}}],"inLanguage":"pt-PT"},{"@type":"Organization","@id":"https:\/\/www.pressenza.com\/pt-pt\/#organization","name":"Pressenza","url":"https:\/\/www.pressenza.com\/pt-pt\/","logo":{"@type":"ImageObject","inLanguage":"pt-PT","@id":"https:\/\/www.pressenza.com\/pt-pt\/#\/schema\/logo\/image\/","url":"https:\/\/www.pressenza.com\/wp-content\/uploads\/2022\/10\/pressenza_logo_200x200.jpg","contentUrl":"https:\/\/www.pressenza.com\/wp-content\/uploads\/2022\/10\/pressenza_logo_200x200.jpg","width":200,"height":200,"caption":"Pressenza"},"image":{"@id":"https:\/\/www.pressenza.com\/pt-pt\/#\/schema\/logo\/image\/"},"sameAs":["https:\/\/www.facebook.com\/PressenzaItalia","https:\/\/x.com\/PressenzaIPA"]},{"@type":"Person","@id":"https:\/\/www.pressenza.com\/pt-pt\/#\/schema\/person\/d983e81827ae24f2c7b1a2123d197f8d","name":"Redazione Italia","description":"News from the Pressenza Bureau in Italy","sameAs":["https:\/\/www.pressenza.com\/it\/author\/redazione-italia\/","https:\/\/www.facebook.com\/PressenzaItalia","https:\/\/www.instagram.com\/pressenza_italia\/","https:\/\/x.com\/pressenza_it","https:\/\/www.youtube.com\/channel\/UCSalEIWjE1RSxkwjfftFuqg"],"url":"https:\/\/www.pressenza.com\/pt-pt\/author\/redazione-italia\/"}]}},"place":"","original_article_url":"","_links":{"self":[{"href":"https:\/\/www.pressenza.com\/pt-pt\/wp-json\/wp\/v2\/posts\/1794844","targetHints":{"allow":["GET"]}}],"collection":[{"href":"https:\/\/www.pressenza.com\/pt-pt\/wp-json\/wp\/v2\/posts"}],"about":[{"href":"https:\/\/www.pressenza.com\/pt-pt\/wp-json\/wp\/v2\/types\/post"}],"author":[{"embeddable":true,"href":"https:\/\/www.pressenza.com\/pt-pt\/wp-json\/wp\/v2\/users\/594"}],"replies":[{"embeddable":true,"href":"https:\/\/www.pressenza.com\/pt-pt\/wp-json\/wp\/v2\/comments?post=1794844"}],"version-history":[{"count":0,"href":"https:\/\/www.pressenza.com\/pt-pt\/wp-json\/wp\/v2\/posts\/1794844\/revisions"}],"wp:featuredmedia":[{"embeddable":true,"href":"https:\/\/www.pressenza.com\/pt-pt\/wp-json\/wp\/v2\/media\/1794845"}],"wp:attachment":[{"href":"https:\/\/www.pressenza.com\/pt-pt\/wp-json\/wp\/v2\/media?parent=1794844"}],"wp:term":[{"taxonomy":"category","embeddable":true,"href":"https:\/\/www.pressenza.com\/pt-pt\/wp-json\/wp\/v2\/categories?post=1794844"},{"taxonomy":"post_tag","embeddable":true,"href":"https:\/\/www.pressenza.com\/pt-pt\/wp-json\/wp\/v2\/tags?post=1794844"}],"curies":[{"name":"wp","href":"https:\/\/api.w.org\/{rel}","templated":true}]}}