{"id":1793263,"date":"2024-01-14T13:37:07","date_gmt":"2024-01-14T13:37:07","guid":{"rendered":"https:\/\/www.pressenza.com\/?p=1793263"},"modified":"2024-01-14T13:37:07","modified_gmt":"2024-01-14T13:37:07","slug":"maratona-nordeste-fantastico-mostra-audiovisual-que-valoriza-as-producoes-nordestinas-estreia-em-janeiro-na-caixa-cultural-rio-de-janeiro","status":"publish","type":"post","link":"https:\/\/www.pressenza.com\/pt-pt\/2024\/01\/maratona-nordeste-fantastico-mostra-audiovisual-que-valoriza-as-producoes-nordestinas-estreia-em-janeiro-na-caixa-cultural-rio-de-janeiro\/","title":{"rendered":"Maratona Nordeste Fant\u00e1stico: mostra audiovisual que valoriza as produ\u00e7\u00f5es nordestinas estreia em janeiro na CAIXA Cultural Rio de Janeiro"},"content":{"rendered":"<h5><span style=\"color: #999999;\">AUDIOVISUAL<\/span><\/h5>\n<p><em><strong>Por Alessandra Costa<\/strong><\/em><\/p>\n<p>&nbsp;<\/p>\n<h1 dir=\"ltr\" style=\"text-align: center;\">CAIXA Cultural apresenta a\u00a0Maratona Nordeste Fant\u00e1stico: mostra audiovisual que valoriza as produ\u00e7\u00f5es nordestinas estreia em janeiro na CAIXA Cultural Rio de Janeiro<\/h1>\n<p dir=\"ltr\">Uma verdadeira maratona voltada para a difus\u00e3o e o fomento de produ\u00e7\u00f5es audiovisuais nordestinas: a\u00a0Maratona Nordeste Fant\u00e1stico\u00a0ocupar\u00e1 a unidade da CAIXA Cultural Rio de Janeiro, entre os dias 16 e 28 de janeiro de 2024. Ao todo, ser\u00e3o exibidas 26 obras, realizadas entre 1970 e as primeiras d\u00e9cadas dos anos 2000. As produ\u00e7\u00f5es, divididas entre curtas, m\u00e9dias e longas-metragens, s\u00e3o de diferentes estados do Nordeste brasileiro e passeiam por distintos universos fant\u00e1sticos nos subg\u00eaneros fantasia, fic\u00e7\u00e3o cient\u00edfica, horror e g\u00eaneros mistos. Al\u00e9m da mostra, tamb\u00e9m ser\u00e3o realizados\u00a0bate-papos, masterclass e debates.<\/p>\n<p dir=\"ltr\">O objetivo principal da\u00a0Maratona Nordeste Fant\u00e1stico\u00a0\u00e9 valorizar e difundir a produ\u00e7\u00e3o de cinema de g\u00eanero realizado no nordeste brasileiro, de modo a proporcionar aos espectadores um maior conhecimento sobre as experimenta\u00e7\u00f5es em termos de linguagem cinematogr\u00e1fica e do que foi e est\u00e1 sendo pensado e produzido a partir das realidades nordestinas, seus universos simb\u00f3licos e imag\u00e9ticos. O projeto busca promover exibi\u00e7\u00f5es, debates e reflex\u00f5es pol\u00edticas, \u00e9ticas e est\u00e9ticas ancoradas no perfil curatorial da mostra.<\/p>\n<p dir=\"ltr\">&#8220;A pesquisa para a montagem da programa\u00e7\u00e3o da Maratona Nordeste Fant\u00e1stico destaca produ\u00e7\u00f5es de todos os nove estados nordestinos, n\u00e3o os colocando como concorrentes em quantidade, muito menos em conformidade t\u00e9cnica, mas como uma uni\u00e3o de propostas f\u00edlmicas que traduzem as poss\u00edveis identidades do cinema fant\u00e1stico realizado nessa regi\u00e3o&#8221;, destaca Diego Benevides Nogueira, curador da Mostra. Toda programa\u00e7\u00e3o \u00e9 inteiramente gratuita.<\/p>\n<p dir=\"ltr\">\u201cO cinema de g\u00eanero tem ganhado cada vez mais aten\u00e7\u00e3o de realizadores\/as. No Nordeste, esse cinema de inven\u00e7\u00e3o sempre teve lugar de destaque na cinematografia regional, muito embora essas obras pouco tenham conseguido circular pelo pa\u00eds. Nesse sentido, o motivo da realiza\u00e7\u00e3o do projeto \u00e9 levar filmes pouco conhecidos ou at\u00e9 mesmo desconhecidos para o p\u00fablico em geral\u201d, explica Rodolfo Holanda, diretor da mostra.<\/p>\n<p dir=\"ltr\">A Maratona Nordeste Fant\u00e1stico re\u00fane obras cl\u00e1ssicas e contempor\u00e2neas que dialogam com a\u00a0\u2018identidade nordestina\u2019, ressaltando as nuances dessa categoria hegem\u00f4nica a partir do cinema de g\u00eanero. A curadoria evidencia processos de imagin\u00e1rios dissidentes, cuja representa\u00e7\u00e3o de mundos humanos e mais-que-humanos questionam os limites entre tradi\u00e7\u00e3o\/modernidade e estimulam novos olhares sobre vida e arte nordestinas.\u00a0\u201cA mostra promove a diversidade cultural, fortalece a identidade regional, amplia o acesso a conte\u00fados diversos, e estimula o di\u00e1logo e a reflex\u00e3o. Toda a programa\u00e7\u00e3o foi pensada e constru\u00edda para dar evid\u00eancia \u00e0 realidade nordestina em sua diversidade e riqueza\u201d, completa Rodolfo Holanda.<\/p>\n<p dir=\"ltr\"><strong>AL\u00c9M DA FILMOGRAFIA<\/strong><\/p>\n<p dir=\"ltr\">A Maratona Nordeste Fant\u00e1stico tamb\u00e9m ser\u00e1 espa\u00e7o para di\u00e1logos e outras interven\u00e7\u00f5es que n\u00e3o as exibi\u00e7\u00f5es de filmes. Na sexta-feira, dia 19, ap\u00f3s a exibi\u00e7\u00e3o de\u00a0A\u00e7ucena, haver\u00e1 um bate papo com o diretor Isaac Donato e o curador Diego Benevides. J\u00e1 no s\u00e1bado, dia 20, a conversa ser\u00e1 com o diretor do longa\u00a0Propriedade, rec\u00e9m-lan\u00e7ado nos cinemas brasileiros, Daniel Bandeira, junto com Diego Benevides, curador da Mostra.<\/p>\n<p dir=\"ltr\">A quarta-feira, dia 24, contar\u00e1 com a Masterclass\u00a0Cinema de g\u00eanero desde o nordeste brasileiro,\u00a0com o realizador Ramon Porto Mota e, logo ap\u00f3s, haver\u00e1 a exibi\u00e7\u00e3o do longa\u00a0O N\u00f3 do Diabo. No dia 26, sexta-feira,\u00a0a Maratona contar\u00e1 com programa de acessibilidade, que consiste em exibi\u00e7\u00f5es de curtas-metragens com recurso acess\u00edvel de Legenda Descritiva.\u00a0Ap\u00f3s a sess\u00e3o,\u00a0a equipe da mostra e\u00a0a curadora e roteirista\u00a0Carissa Vieira far\u00e3o um bate-papo com o p\u00fablico. A atividade ter\u00e1 tradu\u00e7\u00e3o simult\u00e2nea em libras.<\/p>\n<p dir=\"ltr\">J\u00e1 no s\u00e1bado, dia 27, acontecer\u00e1 pela manh\u00e3 a Oficina &#8220;Imagens e Imagin\u00e1rio do Nordeste: Uma retrospectiva cr\u00edtica&#8221;, com o diretor da Maratona, Rodolfo Holanda. No per\u00edodo da tarde haver\u00e1 sess\u00e3o seguida de debate com a realizadora Clara Chroma e o ator Ari Areia, a media\u00e7\u00e3o ficar\u00e1 por conta da curadora e roteirista Carissa Vieira.<\/p>\n<p dir=\"ltr\">\u201cEsses espa\u00e7os, cada um em seu escopo, prop\u00f5e discutir linguagem cinematogr\u00e1fica, o papel da arte na constru\u00e7\u00e3o de imagin\u00e1rios inventivos e contranormativos, bem como a import\u00e2ncia da mem\u00f3ria social como eixo de retomada de perspectivas e identidades subjugadas\u201d, finaliza Rodolfo Holanda.<\/p>\n<p dir=\"ltr\">A\u00a0Maratona Nordeste Fant\u00e1stico\u00a0conta com o patroc\u00ednio da CAIXA e do Governo Federal. A programa\u00e7\u00e3o conta com 11 obras de longas-metragens e 15 produ\u00e7\u00f5es de curtas e m\u00e9dias-metragens.<\/p>\n<p dir=\"ltr\"><strong>PROGRAMA\u00c7\u00c3O F\u00cdLMICA\u00a0<\/strong><\/p>\n<p dir=\"ltr\"><strong>DIA 16\/01- Terc\u0327a-feira<\/strong><br \/>\n17h: Cipriano e a Morte de Cipriano (PI, 2023, 79 min) 14 anos<\/p>\n<p dir=\"ltr\"><strong>DIA 17\/01 &#8211; Quarta-feira<\/strong><br \/>\n15h: SESSA\u0303O DE CURTAS METRAGENS I (95 min ao todo) 16 anos<br \/>\nO Vulto (AL, 2013, 17min) + Pranto (PB, 2019, 12 min) + Ima\u0303 de Geladeira (SE, 2022, 19 min) + Castelo da Xelita (RN, 2022, 11min) + O Auto de Leidiana (CE, 1998, 26 min)<br \/>\n18h: Abrigo Nuclear (BA, 1981, 86 min) Livre<\/p>\n<p dir=\"ltr\"><strong>DIA 19\/01 &#8211; Sexta-feira<\/strong><br \/>\n17h: SESSA\u0303O COMENTADA: Ac\u0327ucena (BA, 2021, 71 min) Livre<br \/>\nApo\u0301s a sessa\u0303o, bate-papo o diretor Isaac Donato e o curador Diego Benevides (60min)<\/p>\n<p dir=\"ltr\"><strong>DIA 20\/01 &#8211; Sa\u0301bado<\/strong><br \/>\n13h: SESSA\u0303O DE CURTAS METRAGENS II (99 min) 16 anos<br \/>\nO Verbo se Fez Carne (AL, 2019, 7 min) + Nebulosa (CE, 2020, 15 min) + Abjetas 288 (SE, 2020, 20 min) + Nua por Dentro do Couro (MA, 2015, 22min) + O Terror da Vermelha (PI, 1972, 35 min)<br \/>\n15h: Propriedade (PE, 2022, 100 min) 16 anos<\/p>\n<p dir=\"ltr\"><strong>DIA 21\/01 &#8211; Domingo<\/strong><br \/>\n16h: Ale\u0301m da Lenda (PE, 2022, 90 min) Livre<\/p>\n<p dir=\"ltr\"><strong>DIA 23\/01 &#8211; Terc\u0327a-feira<\/strong><br \/>\n16h: A Misteriosa Morte de Pe\u0301rola (CE, 2014, 72 min) 12 anos<br \/>\n18h: Cipriano e a Morte de Cipriano (PI, 2023, 79 min) 14 anos<\/p>\n<p dir=\"ltr\"><strong>DIA 24\/01 &#8211; Quarta-feira<\/strong><br \/>\n17h30: O No\u0301 do Diabo (PB, 2018, 128 min) 16 anos<\/p>\n<p dir=\"ltr\"><strong>DIA 25\/01- Quinta-feira<\/strong><br \/>\n16h: SESSA\u0303O DE CURTAS METRAGENS III (98 min) 16 anos<br \/>\nMacho Carne (MA, 2021, 15 min) + Os U\u0301ltimos Roma\u0302nticos do Mundo (PE, 2018, 22 min) + Pattaki (BA, 2019, 21 min) + Cartuchos de Super Nintendo em Ane\u0301is de Saturno (CE, 2018, 19 min) + Cabiluda (PE, 2022, 20 min)<\/p>\n<p dir=\"ltr\"><strong>Dia 26\/01 &#8211; Sexta-feira<\/strong><br \/>\n15h: Sessa\u0303o com acessibilidade comunicacional: Legenda para Surdos e Ensurdecidos (67 min) 16 anos.<br \/>\nAbjetas 288 (SE, 2020, 20 min) + Ima\u0303 de Geladeira (SE, 2022, 19 min) + Os U\u0301ltimos Roma\u0302nticos do Mundo (PE, 2018, 22 min) + O Verbo se Fez Carne (AL, 2019, 7 min)<br \/>\n18h: Carro Rei (PE, 2021, 97 min) 14 anos<\/p>\n<p dir=\"ltr\"><strong>Dia 27\/01 &#8211; Sa\u0301bado<\/strong><br \/>\n15h: Boi Arua\u0301 (BA, 1984, 85 min) Livre<br \/>\n17h: Rodson ou (onde o sol na\u0303o tem do\u0301) (CE, 2020, 74 min) 16 anos<\/p>\n<p dir=\"ltr\"><strong>Dia 28\/01 &#8211; Domingo<\/strong><br \/>\n16h: Terminal Praia Grande (MA, 2019, 84 min) 16 anos Ficc\u0327a\u0303o, 74 min, MA, 2020, 16 anos<\/p>\n<p dir=\"ltr\"><strong>ATIVIDADES EXTRAS<\/strong><\/p>\n<p dir=\"ltr\"><strong>DIA 19\/01 &#8211; Sexta-feira<\/strong><\/p>\n<p dir=\"ltr\">18h15 \u00e0s 19h15:\u00a0Bate-papo com a presen\u00e7a do curador Diego Benevides Nogueira e do realizador Isaac Donato (60 min) Livre<\/p>\n<p><strong>DIA 20\/01 &#8211; S\u00e1bado<\/strong><br \/>\n16h50 \u00e0s 17h40:\u00a0Bate-papo com a presen\u00e7a do curador Diego Benevides e do realizador Daniel Bandeira (50 min) Livre<\/p>\n<p><strong>DIA 24\/01 &#8211; Quarta-feira<\/strong><br \/>\n15h \u00e0s 17h:\u00a0Masterclass com o realizador Ramon Porto Mota: Cinema de g\u00eanero desde o nordeste brasileiro (120 min) Livre<\/p>\n<p><strong>Dia 26\/01 &#8211; Sexta-feira<\/strong><br \/>\n16h15 \u00e0s 16h55:\u00a0Bate-papo com a equipe do projeto (40 min).<\/p>\n<p dir=\"ltr\">*Atividade com tradu\u00e7\u00e3o simult\u00e2nea em LIBRAS<\/p>\n<p><strong>Dia 27\/01 &#8211; S\u00e1bado<\/strong><br \/>\n11h \u00e0s 12h30:\u00a0Oficina: Imagens e imagin\u00e1rio do nordeste brasileiro: uma retrospectiva cr\u00edtica (90min) Livre<br \/>\n18h20 \u00e0s 19h20:\u00a0Debate com a realizadora Clara Chroma e o ator<\/p>\n<p dir=\"ltr\">Ari Areia, media\u00e7\u00e3o da cr\u00edtica e curadora Carissa Vieira (60min)<\/p>\n<p dir=\"ltr\"><strong>SERVI\u00c7O:<\/strong><\/p>\n<p dir=\"ltr\">[CINEMA]<\/p>\n<p dir=\"ltr\">Maratona Nordeste Fant\u00e1stico<\/p>\n<p dir=\"ltr\">Entre 16 e 28 de janeiro de 2024<\/p>\n<p dir=\"ltr\">CAIXA Cultural Rio de Janeiro &#8211; Unidade Passeio<\/p>\n<p dir=\"ltr\">Rua do Passeio, 38, Centro.<br \/>\nFuncionamento da bilheteria: Ter\u00e7a a Domingo, das 13h \u00e0s 19h;<br \/>\nInforma\u00e7\u00f5es:\u00a0(21) 3980-2069 \/ 2019;<br \/>\n<a href=\"http:\/\/www.caixacultural.gov.br\/\" target=\"_blank\" rel=\"noopener\" data-saferedirecturl=\"https:\/\/www.google.com\/url?q=http:\/\/www.caixacultural.gov.br&amp;source=gmail&amp;ust=1705325248226000&amp;usg=AOvVaw2S3nU4IpGObqWGXL20riBI\">www.caixacultural.gov.br<\/a><br \/>\nInstagram: @caixaculturalrj<\/p>\n<p dir=\"ltr\">Programa\u00e7\u00e3o Gratuita<\/p>\n","protected":false},"excerpt":{"rendered":"<p>AUDIOVISUAL Por Alessandra Costa &nbsp; CAIXA Cultural apresenta a\u00a0Maratona Nordeste Fant\u00e1stico: mostra audiovisual que valoriza as produ\u00e7\u00f5es nordestinas estreia em janeiro na CAIXA Cultural Rio de Janeiro Uma verdadeira maratona voltada para a difus\u00e3o e o fomento de produ\u00e7\u00f5es audiovisuais&hellip;<\/p>\n","protected":false},"author":1685,"featured_media":1793264,"comment_status":"closed","ping_status":"closed","sticky":false,"template":"","format":"standard","meta":{"footnotes":""},"categories":[104,11390,112,153],"tags":[87758,75238,476,87879],"class_list":["post-1793263","post","type-post","status-publish","format-standard","has-post-thumbnail","hentry","category-america-do-sul","category-conteudo-original","category-cultura-pt-pt","category-nota-de-imprensa","tag-audiovisual-pt-pt","tag-caderno-de-cultura","tag-cinema","tag-festival-de-cinema-pt-pt"],"yoast_head":"<!-- This site is optimized with the Yoast SEO plugin v27.1.1 - https:\/\/yoast.com\/product\/yoast-seo-wordpress\/ -->\n<title>Maratona Nordeste Fant\u00e1stico: mostra audiovisual que valoriza as produ\u00e7\u00f5es nordestinas estreia em janeiro na CAIXA Cultural Rio de Janeiro<\/title>\n<meta name=\"description\" content=\"AUDIOVISUAL Por Alessandra Costa &nbsp; CAIXA Cultural apresenta a\u00a0Maratona Nordeste Fant\u00e1stico: mostra audiovisual que valoriza as produ\u00e7\u00f5es nordestinas\" \/>\n<meta name=\"robots\" content=\"index, follow, max-snippet:-1, max-image-preview:large, max-video-preview:-1\" \/>\n<link rel=\"canonical\" href=\"https:\/\/www.pressenza.com\/pt-pt\/2024\/01\/maratona-nordeste-fantastico-mostra-audiovisual-que-valoriza-as-producoes-nordestinas-estreia-em-janeiro-na-caixa-cultural-rio-de-janeiro\/\" \/>\n<meta property=\"og:locale\" content=\"pt_PT\" \/>\n<meta property=\"og:type\" content=\"article\" \/>\n<meta property=\"og:title\" content=\"Maratona Nordeste Fant\u00e1stico: mostra audiovisual que valoriza as produ\u00e7\u00f5es nordestinas estreia em janeiro na CAIXA Cultural Rio de Janeiro\" \/>\n<meta property=\"og:description\" content=\"AUDIOVISUAL Por Alessandra Costa &nbsp; CAIXA Cultural apresenta a\u00a0Maratona Nordeste Fant\u00e1stico: mostra audiovisual que valoriza as produ\u00e7\u00f5es nordestinas\" \/>\n<meta property=\"og:url\" content=\"https:\/\/www.pressenza.com\/pt-pt\/2024\/01\/maratona-nordeste-fantastico-mostra-audiovisual-que-valoriza-as-producoes-nordestinas-estreia-em-janeiro-na-caixa-cultural-rio-de-janeiro\/\" \/>\n<meta property=\"og:site_name\" content=\"Pressenza\" \/>\n<meta property=\"article:publisher\" content=\"https:\/\/www.facebook.com\/PressenzaItalia\" \/>\n<meta property=\"article:published_time\" content=\"2024-01-14T13:37:07+00:00\" \/>\n<meta property=\"og:image\" content=\"https:\/\/www.pressenza.com\/wp-content\/uploads\/2024\/01\/fotos-site-pressenza-5-2.jpg\" \/>\n\t<meta property=\"og:image:width\" content=\"750\" \/>\n\t<meta property=\"og:image:height\" content=\"420\" \/>\n\t<meta property=\"og:image:type\" content=\"image\/jpeg\" \/>\n<meta name=\"author\" content=\"Reda\u00e7\u00e3o Rio de Janeiro\" \/>\n<meta name=\"twitter:card\" content=\"summary_large_image\" \/>\n<meta name=\"twitter:creator\" content=\"@PressenzaIPA\" \/>\n<meta name=\"twitter:site\" content=\"@PressenzaIPA\" \/>\n<meta name=\"twitter:label1\" content=\"Escrito por\" \/>\n\t<meta name=\"twitter:data1\" content=\"Reda\u00e7\u00e3o Rio de Janeiro\" \/>\n\t<meta name=\"twitter:label2\" content=\"Tempo estimado de leitura\" \/>\n\t<meta name=\"twitter:data2\" content=\"7 minutos\" \/>\n<script type=\"application\/ld+json\" class=\"yoast-schema-graph\">{\"@context\":\"https:\/\/schema.org\",\"@graph\":[{\"@type\":\"Article\",\"@id\":\"https:\/\/www.pressenza.com\/pt-pt\/2024\/01\/maratona-nordeste-fantastico-mostra-audiovisual-que-valoriza-as-producoes-nordestinas-estreia-em-janeiro-na-caixa-cultural-rio-de-janeiro\/#article\",\"isPartOf\":{\"@id\":\"https:\/\/www.pressenza.com\/pt-pt\/2024\/01\/maratona-nordeste-fantastico-mostra-audiovisual-que-valoriza-as-producoes-nordestinas-estreia-em-janeiro-na-caixa-cultural-rio-de-janeiro\/\"},\"author\":{\"name\":\"Reda\u00e7\u00e3o Rio de Janeiro\",\"@id\":\"https:\/\/www.pressenza.com\/pt-pt\/#\/schema\/person\/6925e927f8ff3a0cdb838320c5d12259\"},\"headline\":\"Maratona Nordeste Fant\u00e1stico: mostra audiovisual que valoriza as produ\u00e7\u00f5es nordestinas estreia em janeiro na CAIXA Cultural Rio de Janeiro\",\"datePublished\":\"2024-01-14T13:37:07+00:00\",\"mainEntityOfPage\":{\"@id\":\"https:\/\/www.pressenza.com\/pt-pt\/2024\/01\/maratona-nordeste-fantastico-mostra-audiovisual-que-valoriza-as-producoes-nordestinas-estreia-em-janeiro-na-caixa-cultural-rio-de-janeiro\/\"},\"wordCount\":1300,\"publisher\":{\"@id\":\"https:\/\/www.pressenza.com\/pt-pt\/#organization\"},\"image\":{\"@id\":\"https:\/\/www.pressenza.com\/pt-pt\/2024\/01\/maratona-nordeste-fantastico-mostra-audiovisual-que-valoriza-as-producoes-nordestinas-estreia-em-janeiro-na-caixa-cultural-rio-de-janeiro\/#primaryimage\"},\"thumbnailUrl\":\"https:\/\/www.pressenza.com\/wp-content\/uploads\/2024\/01\/fotos-site-pressenza-5-2.jpg\",\"keywords\":[\"audiovisual\",\"caderno de cultura\",\"cinema\",\"Festival de cin\u00e9ma\"],\"articleSection\":[\"\u00c1m\u00e9rica do Sul\",\"Conte\u00fado Original\",\"Cultura e M\u00eddia\",\"Nota de imprensa\"],\"inLanguage\":\"pt-PT\"},{\"@type\":\"WebPage\",\"@id\":\"https:\/\/www.pressenza.com\/pt-pt\/2024\/01\/maratona-nordeste-fantastico-mostra-audiovisual-que-valoriza-as-producoes-nordestinas-estreia-em-janeiro-na-caixa-cultural-rio-de-janeiro\/\",\"url\":\"https:\/\/www.pressenza.com\/pt-pt\/2024\/01\/maratona-nordeste-fantastico-mostra-audiovisual-que-valoriza-as-producoes-nordestinas-estreia-em-janeiro-na-caixa-cultural-rio-de-janeiro\/\",\"name\":\"Maratona Nordeste Fant\u00e1stico: mostra audiovisual que valoriza as produ\u00e7\u00f5es nordestinas estreia em janeiro na CAIXA Cultural Rio de Janeiro\",\"isPartOf\":{\"@id\":\"https:\/\/www.pressenza.com\/pt-pt\/#website\"},\"primaryImageOfPage\":{\"@id\":\"https:\/\/www.pressenza.com\/pt-pt\/2024\/01\/maratona-nordeste-fantastico-mostra-audiovisual-que-valoriza-as-producoes-nordestinas-estreia-em-janeiro-na-caixa-cultural-rio-de-janeiro\/#primaryimage\"},\"image\":{\"@id\":\"https:\/\/www.pressenza.com\/pt-pt\/2024\/01\/maratona-nordeste-fantastico-mostra-audiovisual-que-valoriza-as-producoes-nordestinas-estreia-em-janeiro-na-caixa-cultural-rio-de-janeiro\/#primaryimage\"},\"thumbnailUrl\":\"https:\/\/www.pressenza.com\/wp-content\/uploads\/2024\/01\/fotos-site-pressenza-5-2.jpg\",\"datePublished\":\"2024-01-14T13:37:07+00:00\",\"description\":\"AUDIOVISUAL Por Alessandra Costa &nbsp; CAIXA Cultural apresenta a\u00a0Maratona Nordeste Fant\u00e1stico: mostra audiovisual que valoriza as produ\u00e7\u00f5es nordestinas\",\"breadcrumb\":{\"@id\":\"https:\/\/www.pressenza.com\/pt-pt\/2024\/01\/maratona-nordeste-fantastico-mostra-audiovisual-que-valoriza-as-producoes-nordestinas-estreia-em-janeiro-na-caixa-cultural-rio-de-janeiro\/#breadcrumb\"},\"inLanguage\":\"pt-PT\",\"potentialAction\":[{\"@type\":\"ReadAction\",\"target\":[\"https:\/\/www.pressenza.com\/pt-pt\/2024\/01\/maratona-nordeste-fantastico-mostra-audiovisual-que-valoriza-as-producoes-nordestinas-estreia-em-janeiro-na-caixa-cultural-rio-de-janeiro\/\"]}]},{\"@type\":\"ImageObject\",\"inLanguage\":\"pt-PT\",\"@id\":\"https:\/\/www.pressenza.com\/pt-pt\/2024\/01\/maratona-nordeste-fantastico-mostra-audiovisual-que-valoriza-as-producoes-nordestinas-estreia-em-janeiro-na-caixa-cultural-rio-de-janeiro\/#primaryimage\",\"url\":\"https:\/\/www.pressenza.com\/wp-content\/uploads\/2024\/01\/fotos-site-pressenza-5-2.jpg\",\"contentUrl\":\"https:\/\/www.pressenza.com\/wp-content\/uploads\/2024\/01\/fotos-site-pressenza-5-2.jpg\",\"width\":750,\"height\":420},{\"@type\":\"BreadcrumbList\",\"@id\":\"https:\/\/www.pressenza.com\/pt-pt\/2024\/01\/maratona-nordeste-fantastico-mostra-audiovisual-que-valoriza-as-producoes-nordestinas-estreia-em-janeiro-na-caixa-cultural-rio-de-janeiro\/#breadcrumb\",\"itemListElement\":[{\"@type\":\"ListItem\",\"position\":1,\"name\":\"Accueil\",\"item\":\"https:\/\/www.pressenza.com\/pt-pt\/\"},{\"@type\":\"ListItem\",\"position\":2,\"name\":\"Maratona Nordeste Fant\u00e1stico: mostra audiovisual que valoriza as produ\u00e7\u00f5es nordestinas estreia em janeiro na CAIXA Cultural Rio de Janeiro\"}]},{\"@type\":\"WebSite\",\"@id\":\"https:\/\/www.pressenza.com\/pt-pt\/#website\",\"url\":\"https:\/\/www.pressenza.com\/pt-pt\/\",\"name\":\"Pressenza\",\"description\":\"International Press Agency\",\"publisher\":{\"@id\":\"https:\/\/www.pressenza.com\/pt-pt\/#organization\"},\"potentialAction\":[{\"@type\":\"SearchAction\",\"target\":{\"@type\":\"EntryPoint\",\"urlTemplate\":\"https:\/\/www.pressenza.com\/pt-pt\/?s={search_term_string}\"},\"query-input\":{\"@type\":\"PropertyValueSpecification\",\"valueRequired\":true,\"valueName\":\"search_term_string\"}}],\"inLanguage\":\"pt-PT\"},{\"@type\":\"Organization\",\"@id\":\"https:\/\/www.pressenza.com\/pt-pt\/#organization\",\"name\":\"Pressenza\",\"url\":\"https:\/\/www.pressenza.com\/pt-pt\/\",\"logo\":{\"@type\":\"ImageObject\",\"inLanguage\":\"pt-PT\",\"@id\":\"https:\/\/www.pressenza.com\/pt-pt\/#\/schema\/logo\/image\/\",\"url\":\"https:\/\/www.pressenza.com\/wp-content\/uploads\/2022\/10\/pressenza_logo_200x200.jpg\",\"contentUrl\":\"https:\/\/www.pressenza.com\/wp-content\/uploads\/2022\/10\/pressenza_logo_200x200.jpg\",\"width\":200,\"height\":200,\"caption\":\"Pressenza\"},\"image\":{\"@id\":\"https:\/\/www.pressenza.com\/pt-pt\/#\/schema\/logo\/image\/\"},\"sameAs\":[\"https:\/\/www.facebook.com\/PressenzaItalia\",\"https:\/\/x.com\/PressenzaIPA\"]},{\"@type\":\"Person\",\"@id\":\"https:\/\/www.pressenza.com\/pt-pt\/#\/schema\/person\/6925e927f8ff3a0cdb838320c5d12259\",\"name\":\"Reda\u00e7\u00e3o Rio de Janeiro\",\"description\":\"News published by the Pressenza bureau in Rio de Janeiro, Brazil\",\"url\":\"https:\/\/www.pressenza.com\/pt-pt\/author\/redacao-rio-de-janeiro\/\"}]}<\/script>\n<!-- \/ Yoast SEO plugin. -->","yoast_head_json":{"title":"Maratona Nordeste Fant\u00e1stico: mostra audiovisual que valoriza as produ\u00e7\u00f5es nordestinas estreia em janeiro na CAIXA Cultural Rio de Janeiro","description":"AUDIOVISUAL Por Alessandra Costa &nbsp; CAIXA Cultural apresenta a\u00a0Maratona Nordeste Fant\u00e1stico: mostra audiovisual que valoriza as produ\u00e7\u00f5es nordestinas","robots":{"index":"index","follow":"follow","max-snippet":"max-snippet:-1","max-image-preview":"max-image-preview:large","max-video-preview":"max-video-preview:-1"},"canonical":"https:\/\/www.pressenza.com\/pt-pt\/2024\/01\/maratona-nordeste-fantastico-mostra-audiovisual-que-valoriza-as-producoes-nordestinas-estreia-em-janeiro-na-caixa-cultural-rio-de-janeiro\/","og_locale":"pt_PT","og_type":"article","og_title":"Maratona Nordeste Fant\u00e1stico: mostra audiovisual que valoriza as produ\u00e7\u00f5es nordestinas estreia em janeiro na CAIXA Cultural Rio de Janeiro","og_description":"AUDIOVISUAL Por Alessandra Costa &nbsp; CAIXA Cultural apresenta a\u00a0Maratona Nordeste Fant\u00e1stico: mostra audiovisual que valoriza as produ\u00e7\u00f5es nordestinas","og_url":"https:\/\/www.pressenza.com\/pt-pt\/2024\/01\/maratona-nordeste-fantastico-mostra-audiovisual-que-valoriza-as-producoes-nordestinas-estreia-em-janeiro-na-caixa-cultural-rio-de-janeiro\/","og_site_name":"Pressenza","article_publisher":"https:\/\/www.facebook.com\/PressenzaItalia","article_published_time":"2024-01-14T13:37:07+00:00","og_image":[{"width":750,"height":420,"url":"https:\/\/www.pressenza.com\/wp-content\/uploads\/2024\/01\/fotos-site-pressenza-5-2.jpg","type":"image\/jpeg"}],"author":"Reda\u00e7\u00e3o Rio de Janeiro","twitter_card":"summary_large_image","twitter_creator":"@PressenzaIPA","twitter_site":"@PressenzaIPA","twitter_misc":{"Escrito por":"Reda\u00e7\u00e3o Rio de Janeiro","Tempo estimado de leitura":"7 minutos"},"schema":{"@context":"https:\/\/schema.org","@graph":[{"@type":"Article","@id":"https:\/\/www.pressenza.com\/pt-pt\/2024\/01\/maratona-nordeste-fantastico-mostra-audiovisual-que-valoriza-as-producoes-nordestinas-estreia-em-janeiro-na-caixa-cultural-rio-de-janeiro\/#article","isPartOf":{"@id":"https:\/\/www.pressenza.com\/pt-pt\/2024\/01\/maratona-nordeste-fantastico-mostra-audiovisual-que-valoriza-as-producoes-nordestinas-estreia-em-janeiro-na-caixa-cultural-rio-de-janeiro\/"},"author":{"name":"Reda\u00e7\u00e3o Rio de Janeiro","@id":"https:\/\/www.pressenza.com\/pt-pt\/#\/schema\/person\/6925e927f8ff3a0cdb838320c5d12259"},"headline":"Maratona Nordeste Fant\u00e1stico: mostra audiovisual que valoriza as produ\u00e7\u00f5es nordestinas estreia em janeiro na CAIXA Cultural Rio de Janeiro","datePublished":"2024-01-14T13:37:07+00:00","mainEntityOfPage":{"@id":"https:\/\/www.pressenza.com\/pt-pt\/2024\/01\/maratona-nordeste-fantastico-mostra-audiovisual-que-valoriza-as-producoes-nordestinas-estreia-em-janeiro-na-caixa-cultural-rio-de-janeiro\/"},"wordCount":1300,"publisher":{"@id":"https:\/\/www.pressenza.com\/pt-pt\/#organization"},"image":{"@id":"https:\/\/www.pressenza.com\/pt-pt\/2024\/01\/maratona-nordeste-fantastico-mostra-audiovisual-que-valoriza-as-producoes-nordestinas-estreia-em-janeiro-na-caixa-cultural-rio-de-janeiro\/#primaryimage"},"thumbnailUrl":"https:\/\/www.pressenza.com\/wp-content\/uploads\/2024\/01\/fotos-site-pressenza-5-2.jpg","keywords":["audiovisual","caderno de cultura","cinema","Festival de cin\u00e9ma"],"articleSection":["\u00c1m\u00e9rica do Sul","Conte\u00fado Original","Cultura e M\u00eddia","Nota de imprensa"],"inLanguage":"pt-PT"},{"@type":"WebPage","@id":"https:\/\/www.pressenza.com\/pt-pt\/2024\/01\/maratona-nordeste-fantastico-mostra-audiovisual-que-valoriza-as-producoes-nordestinas-estreia-em-janeiro-na-caixa-cultural-rio-de-janeiro\/","url":"https:\/\/www.pressenza.com\/pt-pt\/2024\/01\/maratona-nordeste-fantastico-mostra-audiovisual-que-valoriza-as-producoes-nordestinas-estreia-em-janeiro-na-caixa-cultural-rio-de-janeiro\/","name":"Maratona Nordeste Fant\u00e1stico: mostra audiovisual que valoriza as produ\u00e7\u00f5es nordestinas estreia em janeiro na CAIXA Cultural Rio de Janeiro","isPartOf":{"@id":"https:\/\/www.pressenza.com\/pt-pt\/#website"},"primaryImageOfPage":{"@id":"https:\/\/www.pressenza.com\/pt-pt\/2024\/01\/maratona-nordeste-fantastico-mostra-audiovisual-que-valoriza-as-producoes-nordestinas-estreia-em-janeiro-na-caixa-cultural-rio-de-janeiro\/#primaryimage"},"image":{"@id":"https:\/\/www.pressenza.com\/pt-pt\/2024\/01\/maratona-nordeste-fantastico-mostra-audiovisual-que-valoriza-as-producoes-nordestinas-estreia-em-janeiro-na-caixa-cultural-rio-de-janeiro\/#primaryimage"},"thumbnailUrl":"https:\/\/www.pressenza.com\/wp-content\/uploads\/2024\/01\/fotos-site-pressenza-5-2.jpg","datePublished":"2024-01-14T13:37:07+00:00","description":"AUDIOVISUAL Por Alessandra Costa &nbsp; CAIXA Cultural apresenta a\u00a0Maratona Nordeste Fant\u00e1stico: mostra audiovisual que valoriza as produ\u00e7\u00f5es nordestinas","breadcrumb":{"@id":"https:\/\/www.pressenza.com\/pt-pt\/2024\/01\/maratona-nordeste-fantastico-mostra-audiovisual-que-valoriza-as-producoes-nordestinas-estreia-em-janeiro-na-caixa-cultural-rio-de-janeiro\/#breadcrumb"},"inLanguage":"pt-PT","potentialAction":[{"@type":"ReadAction","target":["https:\/\/www.pressenza.com\/pt-pt\/2024\/01\/maratona-nordeste-fantastico-mostra-audiovisual-que-valoriza-as-producoes-nordestinas-estreia-em-janeiro-na-caixa-cultural-rio-de-janeiro\/"]}]},{"@type":"ImageObject","inLanguage":"pt-PT","@id":"https:\/\/www.pressenza.com\/pt-pt\/2024\/01\/maratona-nordeste-fantastico-mostra-audiovisual-que-valoriza-as-producoes-nordestinas-estreia-em-janeiro-na-caixa-cultural-rio-de-janeiro\/#primaryimage","url":"https:\/\/www.pressenza.com\/wp-content\/uploads\/2024\/01\/fotos-site-pressenza-5-2.jpg","contentUrl":"https:\/\/www.pressenza.com\/wp-content\/uploads\/2024\/01\/fotos-site-pressenza-5-2.jpg","width":750,"height":420},{"@type":"BreadcrumbList","@id":"https:\/\/www.pressenza.com\/pt-pt\/2024\/01\/maratona-nordeste-fantastico-mostra-audiovisual-que-valoriza-as-producoes-nordestinas-estreia-em-janeiro-na-caixa-cultural-rio-de-janeiro\/#breadcrumb","itemListElement":[{"@type":"ListItem","position":1,"name":"Accueil","item":"https:\/\/www.pressenza.com\/pt-pt\/"},{"@type":"ListItem","position":2,"name":"Maratona Nordeste Fant\u00e1stico: mostra audiovisual que valoriza as produ\u00e7\u00f5es nordestinas estreia em janeiro na CAIXA Cultural Rio de Janeiro"}]},{"@type":"WebSite","@id":"https:\/\/www.pressenza.com\/pt-pt\/#website","url":"https:\/\/www.pressenza.com\/pt-pt\/","name":"Pressenza","description":"International Press Agency","publisher":{"@id":"https:\/\/www.pressenza.com\/pt-pt\/#organization"},"potentialAction":[{"@type":"SearchAction","target":{"@type":"EntryPoint","urlTemplate":"https:\/\/www.pressenza.com\/pt-pt\/?s={search_term_string}"},"query-input":{"@type":"PropertyValueSpecification","valueRequired":true,"valueName":"search_term_string"}}],"inLanguage":"pt-PT"},{"@type":"Organization","@id":"https:\/\/www.pressenza.com\/pt-pt\/#organization","name":"Pressenza","url":"https:\/\/www.pressenza.com\/pt-pt\/","logo":{"@type":"ImageObject","inLanguage":"pt-PT","@id":"https:\/\/www.pressenza.com\/pt-pt\/#\/schema\/logo\/image\/","url":"https:\/\/www.pressenza.com\/wp-content\/uploads\/2022\/10\/pressenza_logo_200x200.jpg","contentUrl":"https:\/\/www.pressenza.com\/wp-content\/uploads\/2022\/10\/pressenza_logo_200x200.jpg","width":200,"height":200,"caption":"Pressenza"},"image":{"@id":"https:\/\/www.pressenza.com\/pt-pt\/#\/schema\/logo\/image\/"},"sameAs":["https:\/\/www.facebook.com\/PressenzaItalia","https:\/\/x.com\/PressenzaIPA"]},{"@type":"Person","@id":"https:\/\/www.pressenza.com\/pt-pt\/#\/schema\/person\/6925e927f8ff3a0cdb838320c5d12259","name":"Reda\u00e7\u00e3o Rio de Janeiro","description":"News published by the Pressenza bureau in Rio de Janeiro, Brazil","url":"https:\/\/www.pressenza.com\/pt-pt\/author\/redacao-rio-de-janeiro\/"}]}},"place":"Rio de Janeiro - RJ, Brasil","original_article_url":"","_links":{"self":[{"href":"https:\/\/www.pressenza.com\/pt-pt\/wp-json\/wp\/v2\/posts\/1793263","targetHints":{"allow":["GET"]}}],"collection":[{"href":"https:\/\/www.pressenza.com\/pt-pt\/wp-json\/wp\/v2\/posts"}],"about":[{"href":"https:\/\/www.pressenza.com\/pt-pt\/wp-json\/wp\/v2\/types\/post"}],"author":[{"embeddable":true,"href":"https:\/\/www.pressenza.com\/pt-pt\/wp-json\/wp\/v2\/users\/1685"}],"replies":[{"embeddable":true,"href":"https:\/\/www.pressenza.com\/pt-pt\/wp-json\/wp\/v2\/comments?post=1793263"}],"version-history":[{"count":0,"href":"https:\/\/www.pressenza.com\/pt-pt\/wp-json\/wp\/v2\/posts\/1793263\/revisions"}],"wp:featuredmedia":[{"embeddable":true,"href":"https:\/\/www.pressenza.com\/pt-pt\/wp-json\/wp\/v2\/media\/1793264"}],"wp:attachment":[{"href":"https:\/\/www.pressenza.com\/pt-pt\/wp-json\/wp\/v2\/media?parent=1793263"}],"wp:term":[{"taxonomy":"category","embeddable":true,"href":"https:\/\/www.pressenza.com\/pt-pt\/wp-json\/wp\/v2\/categories?post=1793263"},{"taxonomy":"post_tag","embeddable":true,"href":"https:\/\/www.pressenza.com\/pt-pt\/wp-json\/wp\/v2\/tags?post=1793263"}],"curies":[{"name":"wp","href":"https:\/\/api.w.org\/{rel}","templated":true}]}}