{"id":1790241,"date":"2023-12-28T16:43:31","date_gmt":"2023-12-28T16:43:31","guid":{"rendered":"https:\/\/www.pressenza.com\/?p=1790241"},"modified":"2023-12-28T16:43:31","modified_gmt":"2023-12-28T16:43:31","slug":"repressao-marroquina-no-sahara-ocidental-jornalistas-sujeitos-a-detencoes-injustas","status":"publish","type":"post","link":"https:\/\/www.pressenza.com\/pt-pt\/2023\/12\/repressao-marroquina-no-sahara-ocidental-jornalistas-sujeitos-a-detencoes-injustas\/","title":{"rendered":"Repress\u00e3o marroquina no Sahara Ocidental: jornalistas sujeitos a deten\u00e7\u00f5es injustas"},"content":{"rendered":"<p style=\"padding-left: 40px;\">Em recente declara\u00e7\u00e3o, Nafi Ahmed Mohamed, secret\u00e1rio-geral da Uni\u00e3o dos Jornalistas e Escritores Saharauis, denunciou a crescente repress\u00e3o marroquina no Sahara Ocidental. A liberdade de express\u00e3o, considerada um crime pela ocupa\u00e7\u00e3o marroquina, tem levado os jornalistas saharauis a enfrentar deten\u00e7\u00f5es ilegais e condi\u00e7\u00f5es desumanas atr\u00e1s das grades.<\/p>\n<p>Mohamed destacou a situa\u00e7\u00e3o dos profissionais saharauis da comunica\u00e7\u00e3o social, injustamente detidos nas pris\u00f5es marroquinas, pagando o pre\u00e7o da liberdade de express\u00e3o. Durante uma pausa na campanha contra a candidatura de Marrocos \u00e0 presid\u00eancia do Conselho dos Direitos do Homem da ONU, a Uni\u00e3o dos Jornalistas e Escritores Saharauis revelou a persegui\u00e7\u00e3o sistem\u00e1tica dos jornalistas saharauis. As casas s\u00e3o cercadas, as chamadas telef\u00f3nicas e as contas nas redes sociais s\u00e3o rastreadas, tudo com o objetivo de silenciar a verdade.<\/p>\n<p>A Uni\u00e3o dos Jornalistas e Escritores Saharauis lan\u00e7ou um apelo urgente \u00e0s organiza\u00e7\u00f5es internacionais para que libertem os presos pol\u00edticos saharauis, nomeadamente os jornalistas que, em protesto contra as condi\u00e7\u00f5es desumanas de deten\u00e7\u00e3o, fazem greves da fome. A repress\u00e3o marroquina, segundo Mohamed, \u00e9 uma t\u00e1tica para minar o moral do povo saharaui e atacar a sua identidade numa guerra psicol\u00f3gica.<\/p>\n<p>No momento em que Marrocos pretende presidir ao Conselho dos Direitos do Homem da ONU, a comunidade internacional deve unir-se para fazer face aos abusos cometidos no Sahara Ocidental. A Uni\u00e3o dos Jornalistas e Escritores Saharauis apela aos escritores e profissionais da comunica\u00e7\u00e3o social para que defendam a justi\u00e7a da luta do povo saharaui e resistam \u00e0s pol\u00edticas coloniais. A ocupa\u00e7\u00e3o marroquina, que procura minar a unidade saharaui, enfrenta a resist\u00eancia daqueles que procuram a verdade e a justi\u00e7a no meio de uma intensifica\u00e7\u00e3o da ocupa\u00e7\u00e3o e do encerramento da regi\u00e3o aos observadores internacionais.<\/p>\n","protected":false},"excerpt":{"rendered":"<p>Em recente declara\u00e7\u00e3o, Nafi Ahmed Mohamed, secret\u00e1rio-geral da Uni\u00e3o dos Jornalistas e Escritores Saharauis, denunciou a crescente repress\u00e3o marroquina no Sahara Ocidental. A liberdade de express\u00e3o, considerada um crime pela ocupa\u00e7\u00e3o marroquina, tem levado os jornalistas saharauis a enfrentar deten\u00e7\u00f5es&hellip;<\/p>\n","protected":false},"author":94,"featured_media":1790242,"comment_status":"closed","ping_status":"closed","sticky":false,"template":"","format":"standard","meta":{"footnotes":""},"categories":[37,116,111],"tags":[73984,60248,2623,88323,118929,118930],"class_list":["post-1790241","post","type-post","status-publish","format-standard","has-post-thumbnail","hentry","category-africa-pt","category-direitos-humanos","category-politica-pt-pt","tag-jornalistas","tag-marrocos","tag-onu-pt-pt","tag-sahara-ocidental","tag-sahara-ocupado-pt-pt","tag-saharauis-pt-pt"],"yoast_head":"<!-- This site is optimized with the Yoast SEO plugin v27.1.1 - https:\/\/yoast.com\/product\/yoast-seo-wordpress\/ -->\n<title>Repress\u00e3o marroquina no Sahara Ocidental: jornalistas sujeitos a deten\u00e7\u00f5es injustas<\/title>\n<meta name=\"description\" content=\"Em recente declara\u00e7\u00e3o, Nafi Ahmed Mohamed, secret\u00e1rio-geral da Uni\u00e3o dos Jornalistas e Escritores Saharauis, denunciou a crescente repress\u00e3o marroquina no\" \/>\n<meta name=\"robots\" content=\"index, follow, max-snippet:-1, max-image-preview:large, max-video-preview:-1\" \/>\n<link rel=\"canonical\" href=\"https:\/\/www.pressenza.com\/pt-pt\/2023\/12\/repressao-marroquina-no-sahara-ocidental-jornalistas-sujeitos-a-detencoes-injustas\/\" \/>\n<meta property=\"og:locale\" content=\"pt_PT\" \/>\n<meta property=\"og:type\" content=\"article\" \/>\n<meta property=\"og:title\" content=\"Repress\u00e3o marroquina no Sahara Ocidental: jornalistas sujeitos a deten\u00e7\u00f5es injustas\" \/>\n<meta property=\"og:description\" content=\"Em recente declara\u00e7\u00e3o, Nafi Ahmed Mohamed, secret\u00e1rio-geral da Uni\u00e3o dos Jornalistas e Escritores Saharauis, denunciou a crescente repress\u00e3o marroquina no\" \/>\n<meta property=\"og:url\" content=\"https:\/\/www.pressenza.com\/pt-pt\/2023\/12\/repressao-marroquina-no-sahara-ocidental-jornalistas-sujeitos-a-detencoes-injustas\/\" \/>\n<meta property=\"og:site_name\" content=\"Pressenza\" \/>\n<meta property=\"article:publisher\" content=\"https:\/\/www.facebook.com\/PressenzaItalia\" \/>\n<meta property=\"article:author\" content=\"https:\/\/www.facebook.com\/pressenza\" \/>\n<meta property=\"article:published_time\" content=\"2023-12-28T16:43:31+00:00\" \/>\n<meta property=\"og:image\" content=\"https:\/\/www.pressenza.com\/wp-content\/uploads\/2023\/12\/Foto-de-PorUnSaharaLibre-org-1.jpg\" \/>\n\t<meta property=\"og:image:width\" content=\"820\" \/>\n\t<meta property=\"og:image:height\" content=\"495\" \/>\n\t<meta property=\"og:image:type\" content=\"image\/jpeg\" \/>\n<meta name=\"author\" content=\"Redacci\u00f3n Madrid\" \/>\n<meta name=\"twitter:card\" content=\"summary_large_image\" \/>\n<meta name=\"twitter:creator\" content=\"@pressenza\" \/>\n<meta name=\"twitter:site\" content=\"@PressenzaIPA\" \/>\n<meta name=\"twitter:label1\" content=\"Escrito por\" \/>\n\t<meta name=\"twitter:data1\" content=\"Redacci\u00f3n Madrid\" \/>\n\t<meta name=\"twitter:label2\" content=\"Tempo estimado de leitura\" \/>\n\t<meta name=\"twitter:data2\" content=\"2 minutos\" \/>\n<script type=\"application\/ld+json\" class=\"yoast-schema-graph\">{\"@context\":\"https:\/\/schema.org\",\"@graph\":[{\"@type\":\"Article\",\"@id\":\"https:\/\/www.pressenza.com\/pt-pt\/2023\/12\/repressao-marroquina-no-sahara-ocidental-jornalistas-sujeitos-a-detencoes-injustas\/#article\",\"isPartOf\":{\"@id\":\"https:\/\/www.pressenza.com\/pt-pt\/2023\/12\/repressao-marroquina-no-sahara-ocidental-jornalistas-sujeitos-a-detencoes-injustas\/\"},\"author\":{\"name\":\"Redacci\u00f3n Madrid\",\"@id\":\"https:\/\/www.pressenza.com\/pt-pt\/#\/schema\/person\/828fc40eeca2ad7be3630e5a46adba94\"},\"headline\":\"Repress\u00e3o marroquina no Sahara Ocidental: jornalistas sujeitos a deten\u00e7\u00f5es injustas\",\"datePublished\":\"2023-12-28T16:43:31+00:00\",\"mainEntityOfPage\":{\"@id\":\"https:\/\/www.pressenza.com\/pt-pt\/2023\/12\/repressao-marroquina-no-sahara-ocidental-jornalistas-sujeitos-a-detencoes-injustas\/\"},\"wordCount\":330,\"publisher\":{\"@id\":\"https:\/\/www.pressenza.com\/pt-pt\/#organization\"},\"image\":{\"@id\":\"https:\/\/www.pressenza.com\/pt-pt\/2023\/12\/repressao-marroquina-no-sahara-ocidental-jornalistas-sujeitos-a-detencoes-injustas\/#primaryimage\"},\"thumbnailUrl\":\"https:\/\/www.pressenza.com\/wp-content\/uploads\/2023\/12\/Foto-de-PorUnSaharaLibre-org-1.jpg\",\"keywords\":[\"jornalistas\",\"Marrocos\",\"ONU\",\"Sahara ocidental\",\"Sahara ocupado\",\"saharauis\"],\"articleSection\":[\"Africa\",\"Direitos Humanos\",\"Pol\u00edtica\"],\"inLanguage\":\"pt-PT\"},{\"@type\":\"WebPage\",\"@id\":\"https:\/\/www.pressenza.com\/pt-pt\/2023\/12\/repressao-marroquina-no-sahara-ocidental-jornalistas-sujeitos-a-detencoes-injustas\/\",\"url\":\"https:\/\/www.pressenza.com\/pt-pt\/2023\/12\/repressao-marroquina-no-sahara-ocidental-jornalistas-sujeitos-a-detencoes-injustas\/\",\"name\":\"Repress\u00e3o marroquina no Sahara Ocidental: jornalistas sujeitos a deten\u00e7\u00f5es injustas\",\"isPartOf\":{\"@id\":\"https:\/\/www.pressenza.com\/pt-pt\/#website\"},\"primaryImageOfPage\":{\"@id\":\"https:\/\/www.pressenza.com\/pt-pt\/2023\/12\/repressao-marroquina-no-sahara-ocidental-jornalistas-sujeitos-a-detencoes-injustas\/#primaryimage\"},\"image\":{\"@id\":\"https:\/\/www.pressenza.com\/pt-pt\/2023\/12\/repressao-marroquina-no-sahara-ocidental-jornalistas-sujeitos-a-detencoes-injustas\/#primaryimage\"},\"thumbnailUrl\":\"https:\/\/www.pressenza.com\/wp-content\/uploads\/2023\/12\/Foto-de-PorUnSaharaLibre-org-1.jpg\",\"datePublished\":\"2023-12-28T16:43:31+00:00\",\"description\":\"Em recente declara\u00e7\u00e3o, Nafi Ahmed Mohamed, secret\u00e1rio-geral da Uni\u00e3o dos Jornalistas e Escritores Saharauis, denunciou a crescente repress\u00e3o marroquina no\",\"breadcrumb\":{\"@id\":\"https:\/\/www.pressenza.com\/pt-pt\/2023\/12\/repressao-marroquina-no-sahara-ocidental-jornalistas-sujeitos-a-detencoes-injustas\/#breadcrumb\"},\"inLanguage\":\"pt-PT\",\"potentialAction\":[{\"@type\":\"ReadAction\",\"target\":[\"https:\/\/www.pressenza.com\/pt-pt\/2023\/12\/repressao-marroquina-no-sahara-ocidental-jornalistas-sujeitos-a-detencoes-injustas\/\"]}]},{\"@type\":\"ImageObject\",\"inLanguage\":\"pt-PT\",\"@id\":\"https:\/\/www.pressenza.com\/pt-pt\/2023\/12\/repressao-marroquina-no-sahara-ocidental-jornalistas-sujeitos-a-detencoes-injustas\/#primaryimage\",\"url\":\"https:\/\/www.pressenza.com\/wp-content\/uploads\/2023\/12\/Foto-de-PorUnSaharaLibre-org-1.jpg\",\"contentUrl\":\"https:\/\/www.pressenza.com\/wp-content\/uploads\/2023\/12\/Foto-de-PorUnSaharaLibre-org-1.jpg\",\"width\":820,\"height\":495},{\"@type\":\"BreadcrumbList\",\"@id\":\"https:\/\/www.pressenza.com\/pt-pt\/2023\/12\/repressao-marroquina-no-sahara-ocidental-jornalistas-sujeitos-a-detencoes-injustas\/#breadcrumb\",\"itemListElement\":[{\"@type\":\"ListItem\",\"position\":1,\"name\":\"Accueil\",\"item\":\"https:\/\/www.pressenza.com\/pt-pt\/\"},{\"@type\":\"ListItem\",\"position\":2,\"name\":\"Repress\u00e3o marroquina no Sahara Ocidental: jornalistas sujeitos a deten\u00e7\u00f5es injustas\"}]},{\"@type\":\"WebSite\",\"@id\":\"https:\/\/www.pressenza.com\/pt-pt\/#website\",\"url\":\"https:\/\/www.pressenza.com\/pt-pt\/\",\"name\":\"Pressenza\",\"description\":\"International Press Agency\",\"publisher\":{\"@id\":\"https:\/\/www.pressenza.com\/pt-pt\/#organization\"},\"potentialAction\":[{\"@type\":\"SearchAction\",\"target\":{\"@type\":\"EntryPoint\",\"urlTemplate\":\"https:\/\/www.pressenza.com\/pt-pt\/?s={search_term_string}\"},\"query-input\":{\"@type\":\"PropertyValueSpecification\",\"valueRequired\":true,\"valueName\":\"search_term_string\"}}],\"inLanguage\":\"pt-PT\"},{\"@type\":\"Organization\",\"@id\":\"https:\/\/www.pressenza.com\/pt-pt\/#organization\",\"name\":\"Pressenza\",\"url\":\"https:\/\/www.pressenza.com\/pt-pt\/\",\"logo\":{\"@type\":\"ImageObject\",\"inLanguage\":\"pt-PT\",\"@id\":\"https:\/\/www.pressenza.com\/pt-pt\/#\/schema\/logo\/image\/\",\"url\":\"https:\/\/www.pressenza.com\/wp-content\/uploads\/2022\/10\/pressenza_logo_200x200.jpg\",\"contentUrl\":\"https:\/\/www.pressenza.com\/wp-content\/uploads\/2022\/10\/pressenza_logo_200x200.jpg\",\"width\":200,\"height\":200,\"caption\":\"Pressenza\"},\"image\":{\"@id\":\"https:\/\/www.pressenza.com\/pt-pt\/#\/schema\/logo\/image\/\"},\"sameAs\":[\"https:\/\/www.facebook.com\/PressenzaItalia\",\"https:\/\/x.com\/PressenzaIPA\"]},{\"@type\":\"Person\",\"@id\":\"https:\/\/www.pressenza.com\/pt-pt\/#\/schema\/person\/828fc40eeca2ad7be3630e5a46adba94\",\"name\":\"Redacci\u00f3n Madrid\",\"description\":\"News from the Pressenza Bureau in Madrid, Spain\",\"sameAs\":[\"https:\/\/www.facebook.com\/pressenza\",\"https:\/\/x.com\/pressenza\"],\"url\":\"https:\/\/www.pressenza.com\/pt-pt\/author\/redaccion-madrid\/\"}]}<\/script>\n<!-- \/ Yoast SEO plugin. -->","yoast_head_json":{"title":"Repress\u00e3o marroquina no Sahara Ocidental: jornalistas sujeitos a deten\u00e7\u00f5es injustas","description":"Em recente declara\u00e7\u00e3o, Nafi Ahmed Mohamed, secret\u00e1rio-geral da Uni\u00e3o dos Jornalistas e Escritores Saharauis, denunciou a crescente repress\u00e3o marroquina no","robots":{"index":"index","follow":"follow","max-snippet":"max-snippet:-1","max-image-preview":"max-image-preview:large","max-video-preview":"max-video-preview:-1"},"canonical":"https:\/\/www.pressenza.com\/pt-pt\/2023\/12\/repressao-marroquina-no-sahara-ocidental-jornalistas-sujeitos-a-detencoes-injustas\/","og_locale":"pt_PT","og_type":"article","og_title":"Repress\u00e3o marroquina no Sahara Ocidental: jornalistas sujeitos a deten\u00e7\u00f5es injustas","og_description":"Em recente declara\u00e7\u00e3o, Nafi Ahmed Mohamed, secret\u00e1rio-geral da Uni\u00e3o dos Jornalistas e Escritores Saharauis, denunciou a crescente repress\u00e3o marroquina no","og_url":"https:\/\/www.pressenza.com\/pt-pt\/2023\/12\/repressao-marroquina-no-sahara-ocidental-jornalistas-sujeitos-a-detencoes-injustas\/","og_site_name":"Pressenza","article_publisher":"https:\/\/www.facebook.com\/PressenzaItalia","article_author":"https:\/\/www.facebook.com\/pressenza","article_published_time":"2023-12-28T16:43:31+00:00","og_image":[{"width":820,"height":495,"url":"https:\/\/www.pressenza.com\/wp-content\/uploads\/2023\/12\/Foto-de-PorUnSaharaLibre-org-1.jpg","type":"image\/jpeg"}],"author":"Redacci\u00f3n Madrid","twitter_card":"summary_large_image","twitter_creator":"@pressenza","twitter_site":"@PressenzaIPA","twitter_misc":{"Escrito por":"Redacci\u00f3n Madrid","Tempo estimado de leitura":"2 minutos"},"schema":{"@context":"https:\/\/schema.org","@graph":[{"@type":"Article","@id":"https:\/\/www.pressenza.com\/pt-pt\/2023\/12\/repressao-marroquina-no-sahara-ocidental-jornalistas-sujeitos-a-detencoes-injustas\/#article","isPartOf":{"@id":"https:\/\/www.pressenza.com\/pt-pt\/2023\/12\/repressao-marroquina-no-sahara-ocidental-jornalistas-sujeitos-a-detencoes-injustas\/"},"author":{"name":"Redacci\u00f3n Madrid","@id":"https:\/\/www.pressenza.com\/pt-pt\/#\/schema\/person\/828fc40eeca2ad7be3630e5a46adba94"},"headline":"Repress\u00e3o marroquina no Sahara Ocidental: jornalistas sujeitos a deten\u00e7\u00f5es injustas","datePublished":"2023-12-28T16:43:31+00:00","mainEntityOfPage":{"@id":"https:\/\/www.pressenza.com\/pt-pt\/2023\/12\/repressao-marroquina-no-sahara-ocidental-jornalistas-sujeitos-a-detencoes-injustas\/"},"wordCount":330,"publisher":{"@id":"https:\/\/www.pressenza.com\/pt-pt\/#organization"},"image":{"@id":"https:\/\/www.pressenza.com\/pt-pt\/2023\/12\/repressao-marroquina-no-sahara-ocidental-jornalistas-sujeitos-a-detencoes-injustas\/#primaryimage"},"thumbnailUrl":"https:\/\/www.pressenza.com\/wp-content\/uploads\/2023\/12\/Foto-de-PorUnSaharaLibre-org-1.jpg","keywords":["jornalistas","Marrocos","ONU","Sahara ocidental","Sahara ocupado","saharauis"],"articleSection":["Africa","Direitos Humanos","Pol\u00edtica"],"inLanguage":"pt-PT"},{"@type":"WebPage","@id":"https:\/\/www.pressenza.com\/pt-pt\/2023\/12\/repressao-marroquina-no-sahara-ocidental-jornalistas-sujeitos-a-detencoes-injustas\/","url":"https:\/\/www.pressenza.com\/pt-pt\/2023\/12\/repressao-marroquina-no-sahara-ocidental-jornalistas-sujeitos-a-detencoes-injustas\/","name":"Repress\u00e3o marroquina no Sahara Ocidental: jornalistas sujeitos a deten\u00e7\u00f5es injustas","isPartOf":{"@id":"https:\/\/www.pressenza.com\/pt-pt\/#website"},"primaryImageOfPage":{"@id":"https:\/\/www.pressenza.com\/pt-pt\/2023\/12\/repressao-marroquina-no-sahara-ocidental-jornalistas-sujeitos-a-detencoes-injustas\/#primaryimage"},"image":{"@id":"https:\/\/www.pressenza.com\/pt-pt\/2023\/12\/repressao-marroquina-no-sahara-ocidental-jornalistas-sujeitos-a-detencoes-injustas\/#primaryimage"},"thumbnailUrl":"https:\/\/www.pressenza.com\/wp-content\/uploads\/2023\/12\/Foto-de-PorUnSaharaLibre-org-1.jpg","datePublished":"2023-12-28T16:43:31+00:00","description":"Em recente declara\u00e7\u00e3o, Nafi Ahmed Mohamed, secret\u00e1rio-geral da Uni\u00e3o dos Jornalistas e Escritores Saharauis, denunciou a crescente repress\u00e3o marroquina no","breadcrumb":{"@id":"https:\/\/www.pressenza.com\/pt-pt\/2023\/12\/repressao-marroquina-no-sahara-ocidental-jornalistas-sujeitos-a-detencoes-injustas\/#breadcrumb"},"inLanguage":"pt-PT","potentialAction":[{"@type":"ReadAction","target":["https:\/\/www.pressenza.com\/pt-pt\/2023\/12\/repressao-marroquina-no-sahara-ocidental-jornalistas-sujeitos-a-detencoes-injustas\/"]}]},{"@type":"ImageObject","inLanguage":"pt-PT","@id":"https:\/\/www.pressenza.com\/pt-pt\/2023\/12\/repressao-marroquina-no-sahara-ocidental-jornalistas-sujeitos-a-detencoes-injustas\/#primaryimage","url":"https:\/\/www.pressenza.com\/wp-content\/uploads\/2023\/12\/Foto-de-PorUnSaharaLibre-org-1.jpg","contentUrl":"https:\/\/www.pressenza.com\/wp-content\/uploads\/2023\/12\/Foto-de-PorUnSaharaLibre-org-1.jpg","width":820,"height":495},{"@type":"BreadcrumbList","@id":"https:\/\/www.pressenza.com\/pt-pt\/2023\/12\/repressao-marroquina-no-sahara-ocidental-jornalistas-sujeitos-a-detencoes-injustas\/#breadcrumb","itemListElement":[{"@type":"ListItem","position":1,"name":"Accueil","item":"https:\/\/www.pressenza.com\/pt-pt\/"},{"@type":"ListItem","position":2,"name":"Repress\u00e3o marroquina no Sahara Ocidental: jornalistas sujeitos a deten\u00e7\u00f5es injustas"}]},{"@type":"WebSite","@id":"https:\/\/www.pressenza.com\/pt-pt\/#website","url":"https:\/\/www.pressenza.com\/pt-pt\/","name":"Pressenza","description":"International Press Agency","publisher":{"@id":"https:\/\/www.pressenza.com\/pt-pt\/#organization"},"potentialAction":[{"@type":"SearchAction","target":{"@type":"EntryPoint","urlTemplate":"https:\/\/www.pressenza.com\/pt-pt\/?s={search_term_string}"},"query-input":{"@type":"PropertyValueSpecification","valueRequired":true,"valueName":"search_term_string"}}],"inLanguage":"pt-PT"},{"@type":"Organization","@id":"https:\/\/www.pressenza.com\/pt-pt\/#organization","name":"Pressenza","url":"https:\/\/www.pressenza.com\/pt-pt\/","logo":{"@type":"ImageObject","inLanguage":"pt-PT","@id":"https:\/\/www.pressenza.com\/pt-pt\/#\/schema\/logo\/image\/","url":"https:\/\/www.pressenza.com\/wp-content\/uploads\/2022\/10\/pressenza_logo_200x200.jpg","contentUrl":"https:\/\/www.pressenza.com\/wp-content\/uploads\/2022\/10\/pressenza_logo_200x200.jpg","width":200,"height":200,"caption":"Pressenza"},"image":{"@id":"https:\/\/www.pressenza.com\/pt-pt\/#\/schema\/logo\/image\/"},"sameAs":["https:\/\/www.facebook.com\/PressenzaItalia","https:\/\/x.com\/PressenzaIPA"]},{"@type":"Person","@id":"https:\/\/www.pressenza.com\/pt-pt\/#\/schema\/person\/828fc40eeca2ad7be3630e5a46adba94","name":"Redacci\u00f3n Madrid","description":"News from the Pressenza Bureau in Madrid, Spain","sameAs":["https:\/\/www.facebook.com\/pressenza","https:\/\/x.com\/pressenza"],"url":"https:\/\/www.pressenza.com\/pt-pt\/author\/redaccion-madrid\/"}]}},"place":"Espa\u00f1a","original_article_url":"https:\/\/porunsaharalibre.org\/2023\/12\/27\/repressao-marroquina-no-sahara-ocidental-jornalistas-sujeitos-a-detencoes-injustas\/?lang=pt-pt","_links":{"self":[{"href":"https:\/\/www.pressenza.com\/pt-pt\/wp-json\/wp\/v2\/posts\/1790241","targetHints":{"allow":["GET"]}}],"collection":[{"href":"https:\/\/www.pressenza.com\/pt-pt\/wp-json\/wp\/v2\/posts"}],"about":[{"href":"https:\/\/www.pressenza.com\/pt-pt\/wp-json\/wp\/v2\/types\/post"}],"author":[{"embeddable":true,"href":"https:\/\/www.pressenza.com\/pt-pt\/wp-json\/wp\/v2\/users\/94"}],"replies":[{"embeddable":true,"href":"https:\/\/www.pressenza.com\/pt-pt\/wp-json\/wp\/v2\/comments?post=1790241"}],"version-history":[{"count":0,"href":"https:\/\/www.pressenza.com\/pt-pt\/wp-json\/wp\/v2\/posts\/1790241\/revisions"}],"wp:featuredmedia":[{"embeddable":true,"href":"https:\/\/www.pressenza.com\/pt-pt\/wp-json\/wp\/v2\/media\/1790242"}],"wp:attachment":[{"href":"https:\/\/www.pressenza.com\/pt-pt\/wp-json\/wp\/v2\/media?parent=1790241"}],"wp:term":[{"taxonomy":"category","embeddable":true,"href":"https:\/\/www.pressenza.com\/pt-pt\/wp-json\/wp\/v2\/categories?post=1790241"},{"taxonomy":"post_tag","embeddable":true,"href":"https:\/\/www.pressenza.com\/pt-pt\/wp-json\/wp\/v2\/tags?post=1790241"}],"curies":[{"name":"wp","href":"https:\/\/api.w.org\/{rel}","templated":true}]}}