{"id":1784343,"date":"2023-11-28T12:46:58","date_gmt":"2023-11-28T12:46:58","guid":{"rendered":"https:\/\/www.pressenza.com\/?p=1784343"},"modified":"2023-11-28T12:58:05","modified_gmt":"2023-11-28T12:58:05","slug":"netanyahu-financiou-e-fortaleceu-o-hamas-de-2012-a-2018-transformando-o-num-aliado","status":"publish","type":"post","link":"https:\/\/www.pressenza.com\/pt-pt\/2023\/11\/netanyahu-financiou-e-fortaleceu-o-hamas-de-2012-a-2018-transformando-o-num-aliado\/","title":{"rendered":"Netanyahu financiou e fortaleceu o Hamas de 2012 a 2018, transformando-o num aliado"},"content":{"rendered":"<p>A cita\u00e7\u00e3o que se segue, foi extra\u00edda dum artigo do Haaretz &#8212; um dos jornais mais lidos em Israel &#8211;, escrito por Dmitry Shumsky e publicado a 11 de Outubro de 2023. O artigo foi seguido quase diariamente por uma s\u00e9rie de outros artigos, quer no Haaretz quer noutras publica\u00e7\u00f5es israelitas de relevo, que defendem pontos de vista iguais ou semelhantes sobre as pol\u00edticas desastrosas de Netanyahu. Uma boa parte da popula\u00e7\u00e3o israelita est\u00e1 longe de concordar com as estrat\u00e9gias inflex\u00edveis de Netanyahu contra a solu\u00e7\u00e3o dos dois Estados. Na verdade, muitos veem nele a verdadeira causa da atual cat\u00e1strofe que ainda se desenrola em Gaza.<\/p>\n<blockquote><p>&#8220;As ra\u00edzes profundas da viabilidade dos ataques assassinos contra cidad\u00e3os israelitas por parte dos nacionalistas isl\u00e2micos a partir dessa pris\u00e3o que \u00e9 Gaza devem, de facto, ser procuradas num per\u00edodo anterior do mandato de Benjamin Netanyahu como primeiro-ministro israelita, antes do processo criminal que o atingiu, antes da sua alian\u00e7a com os nacionalistas kahanistas, e antes tamb\u00e9m do seu golpe anti-judicial, quando ainda era considerado uma pessoa &#8216;razo\u00e1vel&#8217;, &#8216;racional&#8217; e &#8216;respons\u00e1vel'&#8221;.<\/p><\/blockquote>\n<p>Netanyahu desenvolveu e promoveu uma doutrina pol\u00edtica destrutiva e distorcida, segundo a qual o refor\u00e7o do Hamas \u00e0 custa da Autoridade Palestiniana era uma coisa boa para Israel. O objetivo dessa doutrina, era manter ou mesmo alargar o fosso entre o Hamas em Gaza e a Autoridade Palestiniana na Cisjord\u00e2nia. Isto seria uma forma de salvaguardar a paralisia das vias diplom\u00e1ticas e afastaria para sempre o &#8220;perigo&#8221; de um dia se ter de negociar com os palestinianos a divis\u00e3o de Israel em dois Estados, com o argumento de que a Autoridade Palestiniana n\u00e3o seria representativa de todos os palestinianos.<\/p>\n<p>Esta estrat\u00e9gia p\u00e9rfida de Netanyahu, transformou o Hamas de uma pequena organiza\u00e7\u00e3o terrorista num ex\u00e9rcito totalmente eficaz de &#8220;stormtroopers&#8221; desumanizados e altamente treinados. Assassinos sedentos de sangue que massacraram impiedosamente civis israelitas inocentes, incluindo mulheres, crian\u00e7as e idosos &#8211; um facto bem documentado. Entre 2012 e 2018, Netanyahu deu autoriza\u00e7\u00e3o ao Qatar para transferir um montante acumulado de cerca de mil milh\u00f5es de d\u00f3lares, metade dos quais foram para o Hamas, incluindo o seu bra\u00e7o militar.<\/p>\n<p>A 11 de Mar\u00e7o de 2019, Netanyahu explicou a sua atitude imprudente da seguinte forma:<\/p>\n<blockquote><p><strong>&#8220;A transfer\u00eancia de dinheiro faz parte da nossa estrat\u00e9gia para dividir os palestinianos de Gaza e da Cisjord\u00e2nia. Qualquer pessoa que seja contra a cria\u00e7\u00e3o de um Estado palestiniano, deve apoiar a transfer\u00eancia de dinheiro do Qatar para o Hamas. Desta forma, vamos impedir a cria\u00e7\u00e3o de um Estado palestiniano&#8221;.<\/strong><\/p><\/blockquote>\n<p>A 15 de Maio de 2015, o Major-General Gershon Hacohen, homem de Netanyahu, afirmou numa entrevista:<\/p>\n<blockquote><p>&#8220;Temos de dizer a verdade! A estrat\u00e9gia de Netanyahu \u00e9 impedir a solu\u00e7\u00e3o dos dois Estados. Por isso, ele est\u00e1 a fazer do Hamas o seu parceiro mais pr\u00f3ximo. O Hamas \u00e9 secretamente um inimigo nosso, mas agora \u00e9 tamb\u00e9m um aliado&#8221;. (1)<\/p><\/blockquote>\n<p>Abaixo, acrescentei mais alguns t\u00edtulos de artigos do Haaretz, todos publicados recentemente:<\/p>\n<blockquote><p>&#8220;Netanyahu fez Israel lutar pela sua democracia. Agora, est\u00e1 a obrig\u00e1-lo a lutar pela sua vida&#8221; (2)<br \/>\n&#8220;O cada vez mais c\u00ednico Netanyahu usa soldados mortos na sua campanha de sobreviv\u00eancia&#8221; (3)<br \/>\n&#8220;Netanyahu tem de sair&#8221; (4)<br \/>\n&#8220;O primitivo e depravado enredo de culpas de Netanyahu \u00e0 volta do pior dia da hist\u00f3ria de Israel&#8221; (5)<br \/>\n&#8220;A coliga\u00e7\u00e3o de Netanyahu tem de o afastar imediatamente&#8221; (6)<\/p><\/blockquote>\n<p><em><span style=\"color: #000080;\">Fontes:<\/span><\/em><\/p>\n<p><em><span style=\"color: #000080;\">1-\u00a0<a style=\"color: #000080;\" href=\"https:\/\/www.haaretz.com\/israel-news\/2023-10-11\/ty-article\/.premium\/netanyahu-needed-a-strong-hamas\/0000018b-1e9f-d47b-a7fb-bfdfd8f30000\">https:\/\/www.haaretz.com\/israel-news\/2023-10-11\/ty-article\/.premium\/netanyahu-needed-a-strong-hamas\/0000018b-1e9f-d47b-a7fb-bfdfd8f30000<\/a><\/span><\/em><br \/>\n<em><span style=\"color: #000080;\">2-\u00a0<a style=\"color: #000080;\" href=\"https:\/\/www.haaretz.com\/israel-news\/2023-11-03\/ty-article\/.premium\/netanyahu-made-israel-fight-for-its-democracy-now-hes-making-it-fight-for-its-life\/0000018b-92b5-db7e-af9b-fbf797670000\">https:\/\/www.haaretz.com\/israel-news\/2023-11-03\/ty-article\/.premium\/netanyahu-made-israel-fight-for-its-democracy-now-hes-making-it-fight-for-its-life\/0000018b-92b5-db7e-af9b-fbf797670000<\/a><\/span><\/em><br \/>\n<em><span style=\"color: #000080;\">3-\u00a0<a style=\"color: #000080;\" href=\"https:\/\/www.haaretz.com\/israel-news\/2023-10-27\/ty-article\/.premium\/ever-cynical-netanyahu-uses-fallen-soldiers-in-his-campaign-for-survival\/0000018b-6d5c-d90b-a7df-7f5c728a0000\">https:\/\/www.haaretz.com\/israel-news\/2023-10-27\/ty-article\/.premium\/ever-cynical-netanyahu-uses-fallen-soldiers-in-his-campaign-for-survival\/0000018b-6d5c-d90b-a7df-7f5c728a0000<\/a><\/span><\/em><br \/>\n<em><span style=\"color: #000080;\">4-<a style=\"color: #000080;\" href=\"https:\/\/www.foreignaffairs.com\/israel\/why-netanyahu-must-go\">\u00a0https:\/\/www.foreignaffairs.com\/israel\/why-netanyahu-must-go<\/a><\/span><\/em><br \/>\n<em><span style=\"color: #000080;\">5-\u00a0<a style=\"color: #000080;\" href=\"https:\/\/www.haaretz.com\/israel-news\/2023-10-30\/ty-article\/.premium\/netanyahus-cheap-depraved-blame-game-for-the-worst-day-in-israels-history\/0000018b-80c8-d1da-a1bb-edf81fc20000\">https:\/\/www.haaretz.com\/israel-news\/2023-10-30\/ty-article\/.premium\/netanyahus-cheap-depraved-blame-game-for-the-worst-day-in-israels-history\/0000018b-80c8-d1da-a1bb-edf81fc20000<\/a><\/span><\/em><br \/>\n<em><span style=\"color: #000080;\">6-\u00a0<a style=\"color: #000080;\" href=\"https:\/\/www.haaretz.com\/opinion\/editorial\/2023-10-30\/ty-article-opinion\/netanyahus-coalition-must-remove-him-immediately\/0000018b-7cf1-d0f6-afeb-7ef5b1670000\">https:\/\/www.haaretz.com\/opinion\/editorial\/2023-10-30\/ty-article-opinion\/netanyahus-coalition-must-remove-him-immediately\/0000018b-7cf1-d0f6-afeb-7ef5b1670000<\/a><\/span><\/em><\/p>\n<hr \/>\n<p>&nbsp;<\/p>\n","protected":false},"excerpt":{"rendered":"<p>A cita\u00e7\u00e3o que se segue, foi extra\u00edda dum artigo do Haaretz &#8212; um dos jornais mais lidos em Israel &#8211;, escrito por Dmitry Shumsky e publicado a 11 de Outubro de 2023. O artigo foi seguido quase diariamente por uma&hellip;<\/p>\n","protected":false},"author":1746,"featured_media":1784345,"comment_status":"closed","ping_status":"closed","sticky":false,"template":"","format":"standard","meta":{"footnotes":""},"categories":[11390,165,108,111],"tags":[118158,118159,12471,2625,64113],"class_list":["post-1784343","post","type-post","status-publish","format-standard","has-post-thumbnail","hentry","category-conteudo-original","category-opiniao","category-oriente-medio","category-politica-pt-pt","tag-conflito-israelo-palestiniano","tag-guerra-de-gaza","tag-hamas-pt-pt","tag-israel-pt-pt","tag-netanyahu-pt-pt"],"yoast_head":"<!-- This site is optimized with the Yoast SEO plugin v27.1.1 - https:\/\/yoast.com\/product\/yoast-seo-wordpress\/ -->\n<title>Netanyahu financiou e fortaleceu o Hamas de 2012 a 2018, transformando-o num aliado<\/title>\n<meta name=\"description\" content=\"A cita\u00e7\u00e3o que se segue, foi extra\u00edda dum artigo do Haaretz -- um dos jornais mais lidos em Israel --, escrito por Dmitry Shumsky e publicado a 11 de\" \/>\n<meta name=\"robots\" content=\"index, follow, max-snippet:-1, max-image-preview:large, max-video-preview:-1\" \/>\n<link rel=\"canonical\" href=\"https:\/\/www.pressenza.com\/pt-pt\/2023\/11\/netanyahu-financiou-e-fortaleceu-o-hamas-de-2012-a-2018-transformando-o-num-aliado\/\" \/>\n<meta property=\"og:locale\" content=\"pt_PT\" \/>\n<meta property=\"og:type\" content=\"article\" \/>\n<meta property=\"og:title\" content=\"Netanyahu financiou e fortaleceu o Hamas de 2012 a 2018, transformando-o num aliado\" \/>\n<meta property=\"og:description\" content=\"A cita\u00e7\u00e3o que se segue, foi extra\u00edda dum artigo do Haaretz -- um dos jornais mais lidos em Israel --, escrito por Dmitry Shumsky e publicado a 11 de\" \/>\n<meta property=\"og:url\" content=\"https:\/\/www.pressenza.com\/pt-pt\/2023\/11\/netanyahu-financiou-e-fortaleceu-o-hamas-de-2012-a-2018-transformando-o-num-aliado\/\" \/>\n<meta property=\"og:site_name\" content=\"Pressenza\" \/>\n<meta property=\"article:publisher\" content=\"https:\/\/www.facebook.com\/PressenzaItalia\" \/>\n<meta property=\"article:published_time\" content=\"2023-11-28T12:46:58+00:00\" \/>\n<meta property=\"article:modified_time\" content=\"2023-11-28T12:58:05+00:00\" \/>\n<meta property=\"og:image\" content=\"https:\/\/www.pressenza.com\/wp-content\/uploads\/2023\/11\/Netanjahu.jpg\" \/>\n\t<meta property=\"og:image:width\" content=\"820\" \/>\n\t<meta property=\"og:image:height\" content=\"730\" \/>\n\t<meta property=\"og:image:type\" content=\"image\/jpeg\" \/>\n<meta name=\"author\" content=\"Mark Lesseraux\" \/>\n<meta name=\"twitter:card\" content=\"summary_large_image\" \/>\n<meta name=\"twitter:creator\" content=\"@PressenzaIPA\" \/>\n<meta name=\"twitter:site\" content=\"@PressenzaIPA\" \/>\n<meta name=\"twitter:label1\" content=\"Escrito por\" \/>\n\t<meta name=\"twitter:data1\" content=\"Mark Lesseraux\" \/>\n\t<meta name=\"twitter:label2\" content=\"Tempo estimado de leitura\" \/>\n\t<meta name=\"twitter:data2\" content=\"4 minutos\" \/>\n<script type=\"application\/ld+json\" class=\"yoast-schema-graph\">{\"@context\":\"https:\/\/schema.org\",\"@graph\":[{\"@type\":\"Article\",\"@id\":\"https:\/\/www.pressenza.com\/pt-pt\/2023\/11\/netanyahu-financiou-e-fortaleceu-o-hamas-de-2012-a-2018-transformando-o-num-aliado\/#article\",\"isPartOf\":{\"@id\":\"https:\/\/www.pressenza.com\/pt-pt\/2023\/11\/netanyahu-financiou-e-fortaleceu-o-hamas-de-2012-a-2018-transformando-o-num-aliado\/\"},\"author\":{\"name\":\"Mark Lesseraux\",\"@id\":\"https:\/\/www.pressenza.com\/pt-pt\/#\/schema\/person\/6176664f93cdee9a39bb5d27b4b29e6b\"},\"headline\":\"Netanyahu financiou e fortaleceu o Hamas de 2012 a 2018, transformando-o num aliado\",\"datePublished\":\"2023-11-28T12:46:58+00:00\",\"dateModified\":\"2023-11-28T12:58:05+00:00\",\"mainEntityOfPage\":{\"@id\":\"https:\/\/www.pressenza.com\/pt-pt\/2023\/11\/netanyahu-financiou-e-fortaleceu-o-hamas-de-2012-a-2018-transformando-o-num-aliado\/\"},\"wordCount\":692,\"publisher\":{\"@id\":\"https:\/\/www.pressenza.com\/pt-pt\/#organization\"},\"image\":{\"@id\":\"https:\/\/www.pressenza.com\/pt-pt\/2023\/11\/netanyahu-financiou-e-fortaleceu-o-hamas-de-2012-a-2018-transformando-o-num-aliado\/#primaryimage\"},\"thumbnailUrl\":\"https:\/\/www.pressenza.com\/wp-content\/uploads\/2023\/11\/Netanjahu.jpg\",\"keywords\":[\"Conflito israelo-palestiniano\",\"Guerra de Gaza\",\"hamas\",\"Israel\",\"Netanyahu\"],\"articleSection\":[\"Conte\u00fado Original\",\"Opini\u00e3o\",\"Oriente M\u00e9dio\",\"Pol\u00edtica\"],\"inLanguage\":\"pt-PT\"},{\"@type\":\"WebPage\",\"@id\":\"https:\/\/www.pressenza.com\/pt-pt\/2023\/11\/netanyahu-financiou-e-fortaleceu-o-hamas-de-2012-a-2018-transformando-o-num-aliado\/\",\"url\":\"https:\/\/www.pressenza.com\/pt-pt\/2023\/11\/netanyahu-financiou-e-fortaleceu-o-hamas-de-2012-a-2018-transformando-o-num-aliado\/\",\"name\":\"Netanyahu financiou e fortaleceu o Hamas de 2012 a 2018, transformando-o num aliado\",\"isPartOf\":{\"@id\":\"https:\/\/www.pressenza.com\/pt-pt\/#website\"},\"primaryImageOfPage\":{\"@id\":\"https:\/\/www.pressenza.com\/pt-pt\/2023\/11\/netanyahu-financiou-e-fortaleceu-o-hamas-de-2012-a-2018-transformando-o-num-aliado\/#primaryimage\"},\"image\":{\"@id\":\"https:\/\/www.pressenza.com\/pt-pt\/2023\/11\/netanyahu-financiou-e-fortaleceu-o-hamas-de-2012-a-2018-transformando-o-num-aliado\/#primaryimage\"},\"thumbnailUrl\":\"https:\/\/www.pressenza.com\/wp-content\/uploads\/2023\/11\/Netanjahu.jpg\",\"datePublished\":\"2023-11-28T12:46:58+00:00\",\"dateModified\":\"2023-11-28T12:58:05+00:00\",\"description\":\"A cita\u00e7\u00e3o que se segue, foi extra\u00edda dum artigo do Haaretz -- um dos jornais mais lidos em Israel --, escrito por Dmitry Shumsky e publicado a 11 de\",\"breadcrumb\":{\"@id\":\"https:\/\/www.pressenza.com\/pt-pt\/2023\/11\/netanyahu-financiou-e-fortaleceu-o-hamas-de-2012-a-2018-transformando-o-num-aliado\/#breadcrumb\"},\"inLanguage\":\"pt-PT\",\"potentialAction\":[{\"@type\":\"ReadAction\",\"target\":[\"https:\/\/www.pressenza.com\/pt-pt\/2023\/11\/netanyahu-financiou-e-fortaleceu-o-hamas-de-2012-a-2018-transformando-o-num-aliado\/\"]}]},{\"@type\":\"ImageObject\",\"inLanguage\":\"pt-PT\",\"@id\":\"https:\/\/www.pressenza.com\/pt-pt\/2023\/11\/netanyahu-financiou-e-fortaleceu-o-hamas-de-2012-a-2018-transformando-o-num-aliado\/#primaryimage\",\"url\":\"https:\/\/www.pressenza.com\/wp-content\/uploads\/2023\/11\/Netanjahu.jpg\",\"contentUrl\":\"https:\/\/www.pressenza.com\/wp-content\/uploads\/2023\/11\/Netanjahu.jpg\",\"width\":820,\"height\":730,\"caption\":\"O Primeiro-Ministro israelita, Benjamin Netanyahu, em Israel a 12 de Abril de 2021, durante uma confer\u00eancia de imprensa conjunta com o Secret\u00e1rio da Defesa norte-americano, Lloyd J. Austin III (foto do DoD, Sargento Jack Sanders, da For\u00e7a A\u00e9rea dos EUA)\"},{\"@type\":\"BreadcrumbList\",\"@id\":\"https:\/\/www.pressenza.com\/pt-pt\/2023\/11\/netanyahu-financiou-e-fortaleceu-o-hamas-de-2012-a-2018-transformando-o-num-aliado\/#breadcrumb\",\"itemListElement\":[{\"@type\":\"ListItem\",\"position\":1,\"name\":\"Accueil\",\"item\":\"https:\/\/www.pressenza.com\/pt-pt\/\"},{\"@type\":\"ListItem\",\"position\":2,\"name\":\"Netanyahu financiou e fortaleceu o Hamas de 2012 a 2018, transformando-o num aliado\"}]},{\"@type\":\"WebSite\",\"@id\":\"https:\/\/www.pressenza.com\/pt-pt\/#website\",\"url\":\"https:\/\/www.pressenza.com\/pt-pt\/\",\"name\":\"Pressenza\",\"description\":\"International Press Agency\",\"publisher\":{\"@id\":\"https:\/\/www.pressenza.com\/pt-pt\/#organization\"},\"potentialAction\":[{\"@type\":\"SearchAction\",\"target\":{\"@type\":\"EntryPoint\",\"urlTemplate\":\"https:\/\/www.pressenza.com\/pt-pt\/?s={search_term_string}\"},\"query-input\":{\"@type\":\"PropertyValueSpecification\",\"valueRequired\":true,\"valueName\":\"search_term_string\"}}],\"inLanguage\":\"pt-PT\"},{\"@type\":\"Organization\",\"@id\":\"https:\/\/www.pressenza.com\/pt-pt\/#organization\",\"name\":\"Pressenza\",\"url\":\"https:\/\/www.pressenza.com\/pt-pt\/\",\"logo\":{\"@type\":\"ImageObject\",\"inLanguage\":\"pt-PT\",\"@id\":\"https:\/\/www.pressenza.com\/pt-pt\/#\/schema\/logo\/image\/\",\"url\":\"https:\/\/www.pressenza.com\/wp-content\/uploads\/2022\/10\/pressenza_logo_200x200.jpg\",\"contentUrl\":\"https:\/\/www.pressenza.com\/wp-content\/uploads\/2022\/10\/pressenza_logo_200x200.jpg\",\"width\":200,\"height\":200,\"caption\":\"Pressenza\"},\"image\":{\"@id\":\"https:\/\/www.pressenza.com\/pt-pt\/#\/schema\/logo\/image\/\"},\"sameAs\":[\"https:\/\/www.facebook.com\/PressenzaItalia\",\"https:\/\/x.com\/PressenzaIPA\"]},{\"@type\":\"Person\",\"@id\":\"https:\/\/www.pressenza.com\/pt-pt\/#\/schema\/person\/6176664f93cdee9a39bb5d27b4b29e6b\",\"name\":\"Mark Lesseraux\",\"description\":\"Mark Lesseraux is a singer\/songwriter\/socio-political columnist from Brooklyn, New York, USA. He is a Humanist, a proponent and practitioner of Active Nonviolence and a student of Nonduality.\",\"url\":\"https:\/\/www.pressenza.com\/pt-pt\/author\/mark-lesseraux\/\"}]}<\/script>\n<!-- \/ Yoast SEO plugin. -->","yoast_head_json":{"title":"Netanyahu financiou e fortaleceu o Hamas de 2012 a 2018, transformando-o num aliado","description":"A cita\u00e7\u00e3o que se segue, foi extra\u00edda dum artigo do Haaretz -- um dos jornais mais lidos em Israel --, escrito por Dmitry Shumsky e publicado a 11 de","robots":{"index":"index","follow":"follow","max-snippet":"max-snippet:-1","max-image-preview":"max-image-preview:large","max-video-preview":"max-video-preview:-1"},"canonical":"https:\/\/www.pressenza.com\/pt-pt\/2023\/11\/netanyahu-financiou-e-fortaleceu-o-hamas-de-2012-a-2018-transformando-o-num-aliado\/","og_locale":"pt_PT","og_type":"article","og_title":"Netanyahu financiou e fortaleceu o Hamas de 2012 a 2018, transformando-o num aliado","og_description":"A cita\u00e7\u00e3o que se segue, foi extra\u00edda dum artigo do Haaretz -- um dos jornais mais lidos em Israel --, escrito por Dmitry Shumsky e publicado a 11 de","og_url":"https:\/\/www.pressenza.com\/pt-pt\/2023\/11\/netanyahu-financiou-e-fortaleceu-o-hamas-de-2012-a-2018-transformando-o-num-aliado\/","og_site_name":"Pressenza","article_publisher":"https:\/\/www.facebook.com\/PressenzaItalia","article_published_time":"2023-11-28T12:46:58+00:00","article_modified_time":"2023-11-28T12:58:05+00:00","og_image":[{"width":820,"height":730,"url":"https:\/\/www.pressenza.com\/wp-content\/uploads\/2023\/11\/Netanjahu.jpg","type":"image\/jpeg"}],"author":"Mark Lesseraux","twitter_card":"summary_large_image","twitter_creator":"@PressenzaIPA","twitter_site":"@PressenzaIPA","twitter_misc":{"Escrito por":"Mark Lesseraux","Tempo estimado de leitura":"4 minutos"},"schema":{"@context":"https:\/\/schema.org","@graph":[{"@type":"Article","@id":"https:\/\/www.pressenza.com\/pt-pt\/2023\/11\/netanyahu-financiou-e-fortaleceu-o-hamas-de-2012-a-2018-transformando-o-num-aliado\/#article","isPartOf":{"@id":"https:\/\/www.pressenza.com\/pt-pt\/2023\/11\/netanyahu-financiou-e-fortaleceu-o-hamas-de-2012-a-2018-transformando-o-num-aliado\/"},"author":{"name":"Mark Lesseraux","@id":"https:\/\/www.pressenza.com\/pt-pt\/#\/schema\/person\/6176664f93cdee9a39bb5d27b4b29e6b"},"headline":"Netanyahu financiou e fortaleceu o Hamas de 2012 a 2018, transformando-o num aliado","datePublished":"2023-11-28T12:46:58+00:00","dateModified":"2023-11-28T12:58:05+00:00","mainEntityOfPage":{"@id":"https:\/\/www.pressenza.com\/pt-pt\/2023\/11\/netanyahu-financiou-e-fortaleceu-o-hamas-de-2012-a-2018-transformando-o-num-aliado\/"},"wordCount":692,"publisher":{"@id":"https:\/\/www.pressenza.com\/pt-pt\/#organization"},"image":{"@id":"https:\/\/www.pressenza.com\/pt-pt\/2023\/11\/netanyahu-financiou-e-fortaleceu-o-hamas-de-2012-a-2018-transformando-o-num-aliado\/#primaryimage"},"thumbnailUrl":"https:\/\/www.pressenza.com\/wp-content\/uploads\/2023\/11\/Netanjahu.jpg","keywords":["Conflito israelo-palestiniano","Guerra de Gaza","hamas","Israel","Netanyahu"],"articleSection":["Conte\u00fado Original","Opini\u00e3o","Oriente M\u00e9dio","Pol\u00edtica"],"inLanguage":"pt-PT"},{"@type":"WebPage","@id":"https:\/\/www.pressenza.com\/pt-pt\/2023\/11\/netanyahu-financiou-e-fortaleceu-o-hamas-de-2012-a-2018-transformando-o-num-aliado\/","url":"https:\/\/www.pressenza.com\/pt-pt\/2023\/11\/netanyahu-financiou-e-fortaleceu-o-hamas-de-2012-a-2018-transformando-o-num-aliado\/","name":"Netanyahu financiou e fortaleceu o Hamas de 2012 a 2018, transformando-o num aliado","isPartOf":{"@id":"https:\/\/www.pressenza.com\/pt-pt\/#website"},"primaryImageOfPage":{"@id":"https:\/\/www.pressenza.com\/pt-pt\/2023\/11\/netanyahu-financiou-e-fortaleceu-o-hamas-de-2012-a-2018-transformando-o-num-aliado\/#primaryimage"},"image":{"@id":"https:\/\/www.pressenza.com\/pt-pt\/2023\/11\/netanyahu-financiou-e-fortaleceu-o-hamas-de-2012-a-2018-transformando-o-num-aliado\/#primaryimage"},"thumbnailUrl":"https:\/\/www.pressenza.com\/wp-content\/uploads\/2023\/11\/Netanjahu.jpg","datePublished":"2023-11-28T12:46:58+00:00","dateModified":"2023-11-28T12:58:05+00:00","description":"A cita\u00e7\u00e3o que se segue, foi extra\u00edda dum artigo do Haaretz -- um dos jornais mais lidos em Israel --, escrito por Dmitry Shumsky e publicado a 11 de","breadcrumb":{"@id":"https:\/\/www.pressenza.com\/pt-pt\/2023\/11\/netanyahu-financiou-e-fortaleceu-o-hamas-de-2012-a-2018-transformando-o-num-aliado\/#breadcrumb"},"inLanguage":"pt-PT","potentialAction":[{"@type":"ReadAction","target":["https:\/\/www.pressenza.com\/pt-pt\/2023\/11\/netanyahu-financiou-e-fortaleceu-o-hamas-de-2012-a-2018-transformando-o-num-aliado\/"]}]},{"@type":"ImageObject","inLanguage":"pt-PT","@id":"https:\/\/www.pressenza.com\/pt-pt\/2023\/11\/netanyahu-financiou-e-fortaleceu-o-hamas-de-2012-a-2018-transformando-o-num-aliado\/#primaryimage","url":"https:\/\/www.pressenza.com\/wp-content\/uploads\/2023\/11\/Netanjahu.jpg","contentUrl":"https:\/\/www.pressenza.com\/wp-content\/uploads\/2023\/11\/Netanjahu.jpg","width":820,"height":730,"caption":"O Primeiro-Ministro israelita, Benjamin Netanyahu, em Israel a 12 de Abril de 2021, durante uma confer\u00eancia de imprensa conjunta com o Secret\u00e1rio da Defesa norte-americano, Lloyd J. Austin III (foto do DoD, Sargento Jack Sanders, da For\u00e7a A\u00e9rea dos EUA)"},{"@type":"BreadcrumbList","@id":"https:\/\/www.pressenza.com\/pt-pt\/2023\/11\/netanyahu-financiou-e-fortaleceu-o-hamas-de-2012-a-2018-transformando-o-num-aliado\/#breadcrumb","itemListElement":[{"@type":"ListItem","position":1,"name":"Accueil","item":"https:\/\/www.pressenza.com\/pt-pt\/"},{"@type":"ListItem","position":2,"name":"Netanyahu financiou e fortaleceu o Hamas de 2012 a 2018, transformando-o num aliado"}]},{"@type":"WebSite","@id":"https:\/\/www.pressenza.com\/pt-pt\/#website","url":"https:\/\/www.pressenza.com\/pt-pt\/","name":"Pressenza","description":"International Press Agency","publisher":{"@id":"https:\/\/www.pressenza.com\/pt-pt\/#organization"},"potentialAction":[{"@type":"SearchAction","target":{"@type":"EntryPoint","urlTemplate":"https:\/\/www.pressenza.com\/pt-pt\/?s={search_term_string}"},"query-input":{"@type":"PropertyValueSpecification","valueRequired":true,"valueName":"search_term_string"}}],"inLanguage":"pt-PT"},{"@type":"Organization","@id":"https:\/\/www.pressenza.com\/pt-pt\/#organization","name":"Pressenza","url":"https:\/\/www.pressenza.com\/pt-pt\/","logo":{"@type":"ImageObject","inLanguage":"pt-PT","@id":"https:\/\/www.pressenza.com\/pt-pt\/#\/schema\/logo\/image\/","url":"https:\/\/www.pressenza.com\/wp-content\/uploads\/2022\/10\/pressenza_logo_200x200.jpg","contentUrl":"https:\/\/www.pressenza.com\/wp-content\/uploads\/2022\/10\/pressenza_logo_200x200.jpg","width":200,"height":200,"caption":"Pressenza"},"image":{"@id":"https:\/\/www.pressenza.com\/pt-pt\/#\/schema\/logo\/image\/"},"sameAs":["https:\/\/www.facebook.com\/PressenzaItalia","https:\/\/x.com\/PressenzaIPA"]},{"@type":"Person","@id":"https:\/\/www.pressenza.com\/pt-pt\/#\/schema\/person\/6176664f93cdee9a39bb5d27b4b29e6b","name":"Mark Lesseraux","description":"Mark Lesseraux is a singer\/songwriter\/socio-political columnist from Brooklyn, New York, USA. He is a Humanist, a proponent and practitioner of Active Nonviolence and a student of Nonduality.","url":"https:\/\/www.pressenza.com\/pt-pt\/author\/mark-lesseraux\/"}]}},"place":"","original_article_url":"","_links":{"self":[{"href":"https:\/\/www.pressenza.com\/pt-pt\/wp-json\/wp\/v2\/posts\/1784343","targetHints":{"allow":["GET"]}}],"collection":[{"href":"https:\/\/www.pressenza.com\/pt-pt\/wp-json\/wp\/v2\/posts"}],"about":[{"href":"https:\/\/www.pressenza.com\/pt-pt\/wp-json\/wp\/v2\/types\/post"}],"author":[{"embeddable":true,"href":"https:\/\/www.pressenza.com\/pt-pt\/wp-json\/wp\/v2\/users\/1746"}],"replies":[{"embeddable":true,"href":"https:\/\/www.pressenza.com\/pt-pt\/wp-json\/wp\/v2\/comments?post=1784343"}],"version-history":[{"count":0,"href":"https:\/\/www.pressenza.com\/pt-pt\/wp-json\/wp\/v2\/posts\/1784343\/revisions"}],"wp:featuredmedia":[{"embeddable":true,"href":"https:\/\/www.pressenza.com\/pt-pt\/wp-json\/wp\/v2\/media\/1784345"}],"wp:attachment":[{"href":"https:\/\/www.pressenza.com\/pt-pt\/wp-json\/wp\/v2\/media?parent=1784343"}],"wp:term":[{"taxonomy":"category","embeddable":true,"href":"https:\/\/www.pressenza.com\/pt-pt\/wp-json\/wp\/v2\/categories?post=1784343"},{"taxonomy":"post_tag","embeddable":true,"href":"https:\/\/www.pressenza.com\/pt-pt\/wp-json\/wp\/v2\/tags?post=1784343"}],"curies":[{"name":"wp","href":"https:\/\/api.w.org\/{rel}","templated":true}]}}