{"id":1778325,"date":"2023-11-01T14:01:08","date_gmt":"2023-11-01T14:01:08","guid":{"rendered":"https:\/\/www.pressenza.com\/?p=1778325"},"modified":"2023-11-01T14:01:08","modified_gmt":"2023-11-01T14:01:08","slug":"o-juiz-possuido","status":"publish","type":"post","link":"https:\/\/www.pressenza.com\/pt-pt\/2023\/11\/o-juiz-possuido\/","title":{"rendered":"O juiz possu\u00eddo"},"content":{"rendered":"<h5><span style=\"color: #999999;\">CR\u00d4NICA<\/span><\/h5>\n<p><em><strong>Por Guilherme Maia<\/strong><\/em><\/p>\n<p>&nbsp;<\/p>\n<p align=\"justify\"><span style=\"font-family: Arial, serif;\"><span style=\"font-size: medium;\">Adamastor encontrou as profundezas pela primeira vez em um sonho. Chicotes estalavam em carnes frias e fuma\u00e7as bafejavam das rochas cinzas de uma imensur\u00e1vel caverna. Assim tudo pareceu para ele nesse primeiro momento.<\/span><\/span><\/p>\n<p align=\"justify\"><span style=\"font-family: Arial, serif;\"><span style=\"font-size: medium;\">Juiz togado por d\u00e9cadas, sempre notou um leve cheiro f\u00e9tido exalando do banheiro de sua casa e principalmente de seu gabinete. Abria as janelas e aspergia perfumes, nada conseguia dissipar aquele asco que provocava o cheiro. Com o tempo passou a se acostumar e, mais, passados alguns meses, come\u00e7ou a apreciar o ar infecto ao seu redor. <\/span><\/span><\/p>\n<p align=\"justify\"><span style=\"font-family: Arial, serif;\"><span style=\"font-size: medium;\">Com efeito, seus secret\u00e1rios e serventu\u00e1rios evitavam um contato mais imediato com o magistrado, a n\u00e3o ser Vilma. Esta idolatrava seu superior como a um deus absoluto e, por isso, seu cheiro recendia como o odor de rosas aos seu olfato. Vilma era uma mulher de cinquenta anos que n\u00e3o experimentara as loucuras do amor pele-a-pele, e, por tal motivo, era de um servilismo dolorido e resignado. <\/span><\/span><\/p>\n<p align=\"justify\"><span style=\"font-family: Arial, serif;\"><span style=\"font-size: medium;\">&#8211; Me traz caf\u00e9, sua vadia. \u2013 Era assim que Adamastor a cumprimentava pela manh\u00e3 ao chegar no F\u00f3rum. <\/span><\/span><\/p>\n<p align=\"justify\"><span style=\"font-family: Arial, serif;\"><span style=\"font-size: medium;\">Ela, com um sorriso t\u00edmido de menina encantada por um professor cansado, corria para providenciar a bebida para o juiz. Com m\u00e3os tr\u00eamulas n\u00e3o ousava qualquer contato f\u00edsico com seu \u00eddolo temendo conspurcar o templo pag\u00e3o identificado como a presen\u00e7a dele.<\/span><\/span><\/p>\n<p align=\"justify\"><span style=\"font-family: Arial, serif;\"><span style=\"font-size: medium;\">Assim passavam os dias na reparti\u00e7\u00e3o enquanto perceptivelmente se via a pele escamando e at\u00e9 mesmo despregando de seu rosto; quando, em uma quarta-feira, Adamastor chega ao trabalho com os olho turvos e avermelhados. Pensaram que havia iniciado uma carreira extensa nas drogas, mas, naquele dia, estava mais s\u00f3brio do que nunca estivera antes: era o dia do \u201cgrande julgamento\u201d \u2013 pelo menos era assim chamada por ele a primeira sess\u00e3o na pauta do dia.<\/span><\/span><\/p>\n<p align=\"justify\"><span style=\"font-family: Arial, serif;\"><span style=\"font-size: medium;\">Feito o preg\u00e3o, entram as partes, o promotor p\u00fablico e um advogado \u2013 desses que ainda temem estar de frente a um juiz. Imagina deste!<\/span><\/span><\/p>\n<p align=\"justify\"><span style=\"font-family: Arial, serif;\"><span style=\"font-size: medium;\">_ )(*)&amp;(\u00a8&amp;%&amp;*%)*&amp;\u00a8_)&amp;. \u2013 Assim ruminava guturalmente o juiz e o som emitido vinha num constrangedor crescendo.<\/span><\/span><\/p>\n<p align=\"justify\"><span style=\"font-family: Arial, serif;\"><span style=\"font-size: medium;\">&#8211; Est\u00e1 tudo bem, Excel\u00eancia? \u2013 Pergunta sua secret\u00e1ria que, por estar sentada ao lado, discretamente cobria o nariz com um len\u00e7o embebido em perfume.<\/span><\/span><\/p>\n<p align=\"justify\"><span style=\"font-family: Arial, serif;\"><span style=\"font-size: medium;\">_ )(\u00a8&amp;*%(*%&amp;*)&amp;\u00a8)(*\u00a8)*\u00a8)*()(*. \u2013 Assim respondeu Adamastor tentando tecer alguma palavra intelig\u00edvel. <\/span><\/span><\/p>\n<p align=\"justify\"><span style=\"font-family: Arial, serif;\"><span style=\"font-size: medium;\">&#8211; Ent\u00e3o, eu dou por encerrada a audi\u00eancia. \u2013 A secret\u00e1ria assim tentou remediar a situa\u00e7\u00e3o.<\/span><\/span><\/p>\n<p align=\"justify\"><span style=\"font-family: Arial, serif;\"><span style=\"font-size: medium;\">Um olhar g\u00e9lido foi o que recebeu em troca por sua inciativa. O juiz virou-se em sua dire\u00e7\u00e3o, pousou sua m\u00e3o pegajosa sobre seu ombro e disse cavernoso: &#8211; N\u00e3o! Continuo daqui.<\/span><\/span><\/p>\n<p align=\"justify\"><span style=\"font-family: Arial, serif;\"><span style=\"font-size: medium;\">Acontece que o objeto de discuss\u00e3o era o direito de um homem ter acesso a um fundo de investimentos que declarara fal\u00eancia de modo fraudulento e era justamente o resgate daquele dinheiro que garantiria o tratamento de sua av\u00f3 com AVC hemorr\u00e1gico e mofando numa UPA em Quintino.<\/span><\/span><\/p>\n<p align=\"justify\"><span style=\"font-family: Arial, serif;\"><span style=\"font-size: medium;\">O clique de aten\u00e7\u00e3o para que o juiz voltasse ao seu normal fora a ordem de encerramento da secret\u00e1ria \u2013 alguma coisa impulsionava-o para agir naquela causa.<\/span><\/span><\/p>\n<p align=\"justify\"><span style=\"font-family: Arial, serif;\"><span style=\"font-size: medium;\">&#8211; Excel\u00eancia, as dilig\u00eancias requeridas para obtermos documentos necess\u00e1rios para esclarecer a fraude n\u00e3o foram apreciadas e reitero aqui o pedido, porque se n\u00e3o houver tais provas, que est\u00e3o em poder dos s\u00f3cios da gestora do fundo, nada poder\u00e1 ser decidido. Estamos frente a uma quest\u00e3o humanit\u00e1ria! \u2013 Suplicou o advogado arranjando coragem das entranhas ao encarar a figura nefasta do magistrado.<\/span><\/span><\/p>\n<p align=\"justify\"><span style=\"font-family: Arial, serif;\"><span style=\"font-size: medium;\">&#8211; Cale-se! \u2013 Rugiu Adamastor para o advogado. \u2013 Passo \u00e0 senten\u00e7a nesse exato momento: Condeno o autor a pagar \u00e0 gestora do fundo o valor de vinte sal\u00e1rios m\u00ednimos por total litig\u00e2ncia de m\u00e1-f\u00e9 e, pelo princ\u00edpio da instrumentalidade das formas, condeno ainda indenizar a OSCIP respons\u00e1vel por administrar a UPA por depreciar os servi\u00e7os prestados pela entidade. \u2013 Misturado a todo o esgar de sua boca vislumbrava-se um sorriso ao proferir tal decis\u00e3o terminando com a instru\u00e7\u00e3o do processo.<\/span><\/span><\/p>\n<p align=\"justify\"><span style=\"font-family: Arial, serif;\"><span style=\"font-size: medium;\">Ainda mandou prender o advogado que balbuciava um agravo retido na tentativa de reverter todo aquele absurdo. O juiz estava endiabrado; ali\u00e1s, foi nesse momento que o policial destacado como seguran\u00e7a do F\u00f3rum e que estava presente na audi\u00eancia entendeu que tinha alguma coisa a mais em todos aqueles trejeitos fun\u00e9reos vindos de Adamastor.<\/span><\/span><\/p>\n<p align=\"justify\"><span style=\"font-family: Arial, serif;\"><span style=\"font-size: medium;\">Ap\u00f3s se trancar no gabinete, todos ouviram gargalhadas e um incisivo \u201cse <\/span><\/span><span style=\"font-family: Arial, serif;\"><span style=\"font-size: medium;\"><i>fudeu<\/i><\/span><\/span><span style=\"font-family: Arial, serif;\"><span style=\"font-size: medium;\">!\u201d.<\/span><\/span><\/p>\n<p align=\"justify\"><span style=\"font-family: Arial, serif;\"><span style=\"font-size: medium;\">Dessa vez at\u00e9 Vilma fez o sinal da cruz.<\/span><\/span><\/p>\n<p align=\"justify\"><span style=\"font-family: Arial, serif;\"><span style=\"font-size: medium;\">&#8211; Esse juiz a\u00ed n\u00e3o t\u00e1 sozinho, n\u00e3o, Fagundes. \u2013 Disse o policial ao seu colega, que estava no corredor. \u2013 Vou chamar o padre Ov\u00eddio e fingir que quero perguntar alguma quest\u00e3o sobre essas coisas de direito com o juiz.<\/span><\/span><\/p>\n<p align=\"justify\"><span style=\"font-family: Arial, serif;\"><span style=\"font-size: medium;\">Padre Ov\u00eddio sempre estava pronto para tirar o capiroto de uns e outros e j\u00e1 chega com seus paramentos e utens\u00edlios para o milenar of\u00edcio: sempre com uma b\u00edblia \u00e0 tira colo e um instrumento chamado por ele de \u201cun\u00e7\u00e3o que abala\u201d, o que consistia em um bast\u00e3o de beisebol com umas cruzes pontiagudas fincadas ao longo de sua extens\u00e3o.<\/span><\/span><\/p>\n<p align=\"justify\"><span style=\"font-family: Arial, serif;\"><span style=\"font-size: medium;\">O policial e o padre entraram pelo cart\u00f3rio judicial com aquele ar de superioridade intelectual, como a mostrar que aqui no Rio de Janeiro sabemos de raz\u00f5es que at\u00e9 o Einstein ignora. <\/span><\/span><\/p>\n<p align=\"justify\"><span style=\"font-family: Arial, serif;\"><span style=\"font-size: medium;\">As coisas se resolvem de uma maneira especial e \u00fanica em Quintino.<\/span><\/span><\/p>\n<p align=\"justify\"><span style=\"font-family: Arial, serif;\"><span style=\"font-size: medium;\">Com todo o cuidado exigido pela autoridade, bateu \u00e0 porta do gabinete e pediu para entrar, por ter ouvido a resposta \u201c&amp;$*%$%$*%\u201d, entrou com o padre que, delicadamente, encerrou os tr\u00eas l\u00e1 dentro.<\/span><\/span><\/p>\n<p align=\"justify\"><span style=\"font-family: Arial, serif;\"><span style=\"font-size: medium;\">Padre Ov\u00eddio tinha um jeito peculiar de exorcizar os outros, trazia um aparelho toca cd port\u00e1til e punha de fundo ao ritual uma musiquinha do Richard Clayderman, e come\u00e7ava com uns pai-nossos e aves-marias naquela ladainha bem t\u00edpica de padre, logo em seguida, sem explica\u00e7\u00e3o alguma, empunha seu \u201cinstrumento de un\u00e7\u00e3o\u201d e partia pra cima do endemoninhado desferindo golpes do tipo neandertal em cima da ca\u00e7a.<\/span><\/span><\/p>\n<p align=\"justify\"><span style=\"font-family: Arial, serif;\"><span style=\"font-size: medium;\">Depois vinham palavras de inspira\u00e7\u00e3o divina como \u201csai desse corpo seu <\/span><\/span><span style=\"font-family: Arial, serif;\"><span style=\"font-size: medium;\"><i>Filhadaputa<\/i><\/span><\/span><span style=\"font-family: Arial, serif;\"><span style=\"font-size: medium;\">!\u201d; \u201cte como na porrada, seu cuz\u00e3o!\u201d&#8230; E assim ia at\u00e9 a entidade revelar seu nome e, por conseguinte, sair do corpo.<\/span><\/span><\/p>\n<p align=\"justify\"><span style=\"font-family: Arial, serif;\"><span style=\"font-size: medium;\">&#8211; Rapaz! Esse juiz a\u00ed est\u00e1 mais para um <\/span><\/span><span style=\"font-family: Arial, serif;\"><span style=\"font-size: medium;\"><i>fast food<\/i><\/span><\/span><span style=\"font-family: Arial, serif;\"><span style=\"font-size: medium;\"> de entidades; olha s\u00f3! J\u00e1 o benzi com a \u201cun\u00e7\u00e3o que abala\u201d na cara e nos ombros e t\u00e1 a\u00ed sorrindo como um maconheiro em fim de festa (enquanto era surrado, o possu\u00eddo cantava <\/span><\/span><span style=\"font-family: Arial, serif;\"><span style=\"font-size: medium;\"><i>Guantanamera<\/i><\/span><\/span><span style=\"font-family: Arial, serif;\"><span style=\"font-size: medium;\">)&#8230; Segura ele que agora vai! \u2013 Lamentava o padre ter de se esfor\u00e7ar tanto (a oferta do policial era de apenas cem reais \u2013 o que, de certa forma, inibe a f\u00e9 dos prelados).<\/span><\/span><\/p>\n<p align=\"justify\"><span style=\"font-family: Arial, serif;\"><span style=\"font-size: medium;\">&#8211; Ah, seu palha\u00e7o, tu num me tira daqui nem se botar pra repetir mil vezes o \u201cJesus Cristo eu estou aqui\u201d, do Roberto Carlos! \u2013 Sussurrava o juiz girando a cabe\u00e7a no bom e velho efeito especial de Holywood.<\/span><\/span><\/p>\n<p align=\"justify\"><span style=\"font-family: Arial, serif;\"><span style=\"font-size: medium;\">&#8211; N\u00e3o tiro, n\u00e3o! N\u00e3o tiro, n\u00e3o! Quer ver? \u2013 padre Ov\u00eddio j\u00e1 parecia o Clint Eastwood depois de tomar umas cacha\u00e7as nos filmes de velho oeste estadunidenses.<\/span><\/span><\/p>\n<p align=\"justify\"><span style=\"font-family: Arial, serif;\"><span style=\"font-size: medium;\">E foi porrada pra tudo quanto era lado \u2013 o policial, que era acostumado a abordar o pessoal no Complexo do Alem\u00e3o, teve engulhos, s\u00f3 para o leitor sentir o n\u00edvel de pancadaria que o padre impingiu ao juiz.<\/span><\/span><\/p>\n<p align=\"justify\"><span style=\"font-family: Arial, serif;\"><span style=\"font-size: medium;\">&#8211; Vou falar com um chapa meu que manda no baile funk de Cascadura para contratar esse padre para exorcizar o povo quando sair pancadaria l\u00e1. \u2013 Pensou o policial.<\/span><\/span><\/p>\n<p align=\"justify\"><span style=\"font-family: Arial, serif;\"><span style=\"font-size: medium;\">Vendo que nada adiantava para expulsar o capiroto do juiz, o padre pensou numa estrat\u00e9gia inequ\u00edvoca: sentar o \u201c<\/span><\/span><span style=\"font-family: Arial, serif;\"><span style=\"font-size: medium;\"><i>un\u00e7\u00e3o que abala<\/i><\/span><\/span><span style=\"font-family: Arial, serif;\"><span style=\"font-size: medium;\">\u201d nos <\/span><\/span><span style=\"font-family: Arial, serif;\"><span style=\"font-size: medium;\"><i>osbans<\/i><\/span><\/span><span style=\"font-family: Arial, serif;\"><span style=\"font-size: medium;\"> de Adamastor. <\/span><\/span><\/p>\n<p align=\"justify\"><span style=\"font-family: Arial, serif;\"><span style=\"font-size: medium;\">Tiro e queda! Foi um golpe s\u00f3 e tudo voltou ao normal \u2013 claro que o juiz precisou de um tempo no hospital, mas se recuperou bem.<\/span><\/span><\/p>\n<p align=\"justify\"><span style=\"font-family: Arial, serif;\"><span style=\"font-size: medium;\">Por fim, ap\u00f3s tirar mais duas f\u00e9rias anuais, al\u00e9m das duas oficiais, o magistrado voltou ao seus afazeres normais.<\/span><\/span><\/p>\n<p align=\"justify\"><span style=\"font-family: Arial, serif;\"><span style=\"font-size: medium;\">Pena que n\u00e3o reformou a senten\u00e7a est\u00fapida que dera na audi\u00eancia dos fundos de investimentos e o neto que queria cuidar da av\u00f3 \u2013 ele achou justa para os padr\u00f5es cariocas. <\/span><\/span><\/p>\n","protected":false},"excerpt":{"rendered":"<p>CR\u00d4NICA Por Guilherme Maia &nbsp; Adamastor encontrou as profundezas pela primeira vez em um sonho. Chicotes estalavam em carnes frias e fuma\u00e7as bafejavam das rochas cinzas de uma imensur\u00e1vel caverna. Assim tudo pareceu para ele nesse primeiro momento. Juiz togado&hellip;<\/p>\n","protected":false},"author":2002,"featured_media":1778330,"comment_status":"closed","ping_status":"closed","sticky":false,"template":"","format":"standard","meta":{"footnotes":""},"categories":[104,11390,112,165],"tags":[75238,75338],"class_list":["post-1778325","post","type-post","status-publish","format-standard","has-post-thumbnail","hentry","category-america-do-sul","category-conteudo-original","category-cultura-pt-pt","category-opiniao","tag-caderno-de-cultura","tag-cronica"],"yoast_head":"<!-- This site is optimized with the Yoast SEO plugin v27.1.1 - https:\/\/yoast.com\/product\/yoast-seo-wordpress\/ -->\n<title>O juiz possu\u00eddo<\/title>\n<meta name=\"description\" content=\"CR\u00d4NICA Por Guilherme Maia &nbsp; Adamastor encontrou as profundezas pela primeira vez em um sonho. Chicotes estalavam em carnes frias e fuma\u00e7as bafejavam\" \/>\n<meta name=\"robots\" content=\"index, follow, max-snippet:-1, max-image-preview:large, max-video-preview:-1\" \/>\n<link rel=\"canonical\" href=\"https:\/\/www.pressenza.com\/pt-pt\/2023\/11\/o-juiz-possuido\/\" \/>\n<meta property=\"og:locale\" content=\"pt_PT\" \/>\n<meta property=\"og:type\" content=\"article\" \/>\n<meta property=\"og:title\" content=\"O juiz possu\u00eddo\" \/>\n<meta property=\"og:description\" content=\"CR\u00d4NICA Por Guilherme Maia &nbsp; Adamastor encontrou as profundezas pela primeira vez em um sonho. Chicotes estalavam em carnes frias e fuma\u00e7as bafejavam\" \/>\n<meta property=\"og:url\" content=\"https:\/\/www.pressenza.com\/pt-pt\/2023\/11\/o-juiz-possuido\/\" \/>\n<meta property=\"og:site_name\" content=\"Pressenza\" \/>\n<meta property=\"article:publisher\" content=\"https:\/\/www.facebook.com\/PressenzaItalia\" \/>\n<meta property=\"article:published_time\" content=\"2023-11-01T14:01:08+00:00\" \/>\n<meta property=\"og:image\" content=\"https:\/\/www.pressenza.com\/wp-content\/uploads\/2023\/11\/fotos-site-pressenza-5.jpg\" \/>\n\t<meta property=\"og:image:width\" content=\"750\" \/>\n\t<meta property=\"og:image:height\" content=\"420\" \/>\n\t<meta property=\"og:image:type\" content=\"image\/jpeg\" \/>\n<meta name=\"author\" content=\"Guilherme Maia\" \/>\n<meta name=\"twitter:card\" content=\"summary_large_image\" \/>\n<meta name=\"twitter:creator\" content=\"@PressenzaIPA\" \/>\n<meta name=\"twitter:site\" content=\"@PressenzaIPA\" \/>\n<meta name=\"twitter:label1\" content=\"Escrito por\" \/>\n\t<meta name=\"twitter:data1\" content=\"Guilherme Maia\" \/>\n\t<meta name=\"twitter:label2\" content=\"Tempo estimado de leitura\" \/>\n\t<meta name=\"twitter:data2\" content=\"8 minutos\" \/>\n<script type=\"application\/ld+json\" class=\"yoast-schema-graph\">{\"@context\":\"https:\/\/schema.org\",\"@graph\":[{\"@type\":\"Article\",\"@id\":\"https:\/\/www.pressenza.com\/pt-pt\/2023\/11\/o-juiz-possuido\/#article\",\"isPartOf\":{\"@id\":\"https:\/\/www.pressenza.com\/pt-pt\/2023\/11\/o-juiz-possuido\/\"},\"author\":{\"name\":\"Guilherme Maia\",\"@id\":\"https:\/\/www.pressenza.com\/pt-pt\/#\/schema\/person\/4a0acc3e729565dbfccac001358dedee\"},\"headline\":\"O juiz possu\u00eddo\",\"datePublished\":\"2023-11-01T14:01:08+00:00\",\"mainEntityOfPage\":{\"@id\":\"https:\/\/www.pressenza.com\/pt-pt\/2023\/11\/o-juiz-possuido\/\"},\"wordCount\":1406,\"publisher\":{\"@id\":\"https:\/\/www.pressenza.com\/pt-pt\/#organization\"},\"image\":{\"@id\":\"https:\/\/www.pressenza.com\/pt-pt\/2023\/11\/o-juiz-possuido\/#primaryimage\"},\"thumbnailUrl\":\"https:\/\/www.pressenza.com\/wp-content\/uploads\/2023\/11\/fotos-site-pressenza-5.jpg\",\"keywords\":[\"caderno de cultura\",\"cr\u00f4nica\"],\"articleSection\":[\"\u00c1m\u00e9rica do Sul\",\"Conte\u00fado Original\",\"Cultura e M\u00eddia\",\"Opini\u00e3o\"],\"inLanguage\":\"pt-PT\"},{\"@type\":\"WebPage\",\"@id\":\"https:\/\/www.pressenza.com\/pt-pt\/2023\/11\/o-juiz-possuido\/\",\"url\":\"https:\/\/www.pressenza.com\/pt-pt\/2023\/11\/o-juiz-possuido\/\",\"name\":\"O juiz possu\u00eddo\",\"isPartOf\":{\"@id\":\"https:\/\/www.pressenza.com\/pt-pt\/#website\"},\"primaryImageOfPage\":{\"@id\":\"https:\/\/www.pressenza.com\/pt-pt\/2023\/11\/o-juiz-possuido\/#primaryimage\"},\"image\":{\"@id\":\"https:\/\/www.pressenza.com\/pt-pt\/2023\/11\/o-juiz-possuido\/#primaryimage\"},\"thumbnailUrl\":\"https:\/\/www.pressenza.com\/wp-content\/uploads\/2023\/11\/fotos-site-pressenza-5.jpg\",\"datePublished\":\"2023-11-01T14:01:08+00:00\",\"description\":\"CR\u00d4NICA Por Guilherme Maia &nbsp; Adamastor encontrou as profundezas pela primeira vez em um sonho. Chicotes estalavam em carnes frias e fuma\u00e7as bafejavam\",\"breadcrumb\":{\"@id\":\"https:\/\/www.pressenza.com\/pt-pt\/2023\/11\/o-juiz-possuido\/#breadcrumb\"},\"inLanguage\":\"pt-PT\",\"potentialAction\":[{\"@type\":\"ReadAction\",\"target\":[\"https:\/\/www.pressenza.com\/pt-pt\/2023\/11\/o-juiz-possuido\/\"]}]},{\"@type\":\"ImageObject\",\"inLanguage\":\"pt-PT\",\"@id\":\"https:\/\/www.pressenza.com\/pt-pt\/2023\/11\/o-juiz-possuido\/#primaryimage\",\"url\":\"https:\/\/www.pressenza.com\/wp-content\/uploads\/2023\/11\/fotos-site-pressenza-5.jpg\",\"contentUrl\":\"https:\/\/www.pressenza.com\/wp-content\/uploads\/2023\/11\/fotos-site-pressenza-5.jpg\",\"width\":750,\"height\":420},{\"@type\":\"BreadcrumbList\",\"@id\":\"https:\/\/www.pressenza.com\/pt-pt\/2023\/11\/o-juiz-possuido\/#breadcrumb\",\"itemListElement\":[{\"@type\":\"ListItem\",\"position\":1,\"name\":\"Accueil\",\"item\":\"https:\/\/www.pressenza.com\/pt-pt\/\"},{\"@type\":\"ListItem\",\"position\":2,\"name\":\"O juiz possu\u00eddo\"}]},{\"@type\":\"WebSite\",\"@id\":\"https:\/\/www.pressenza.com\/pt-pt\/#website\",\"url\":\"https:\/\/www.pressenza.com\/pt-pt\/\",\"name\":\"Pressenza\",\"description\":\"International Press Agency\",\"publisher\":{\"@id\":\"https:\/\/www.pressenza.com\/pt-pt\/#organization\"},\"potentialAction\":[{\"@type\":\"SearchAction\",\"target\":{\"@type\":\"EntryPoint\",\"urlTemplate\":\"https:\/\/www.pressenza.com\/pt-pt\/?s={search_term_string}\"},\"query-input\":{\"@type\":\"PropertyValueSpecification\",\"valueRequired\":true,\"valueName\":\"search_term_string\"}}],\"inLanguage\":\"pt-PT\"},{\"@type\":\"Organization\",\"@id\":\"https:\/\/www.pressenza.com\/pt-pt\/#organization\",\"name\":\"Pressenza\",\"url\":\"https:\/\/www.pressenza.com\/pt-pt\/\",\"logo\":{\"@type\":\"ImageObject\",\"inLanguage\":\"pt-PT\",\"@id\":\"https:\/\/www.pressenza.com\/pt-pt\/#\/schema\/logo\/image\/\",\"url\":\"https:\/\/www.pressenza.com\/wp-content\/uploads\/2022\/10\/pressenza_logo_200x200.jpg\",\"contentUrl\":\"https:\/\/www.pressenza.com\/wp-content\/uploads\/2022\/10\/pressenza_logo_200x200.jpg\",\"width\":200,\"height\":200,\"caption\":\"Pressenza\"},\"image\":{\"@id\":\"https:\/\/www.pressenza.com\/pt-pt\/#\/schema\/logo\/image\/\"},\"sameAs\":[\"https:\/\/www.facebook.com\/PressenzaItalia\",\"https:\/\/x.com\/PressenzaIPA\"]},{\"@type\":\"Person\",\"@id\":\"https:\/\/www.pressenza.com\/pt-pt\/#\/schema\/person\/4a0acc3e729565dbfccac001358dedee\",\"name\":\"Guilherme Maia\",\"description\":\"Escritor, sambista, anarcochargista e advogado nas horas vagas.\",\"url\":\"https:\/\/www.pressenza.com\/pt-pt\/author\/guilherme-maia\/\"}]}<\/script>\n<!-- \/ Yoast SEO plugin. -->","yoast_head_json":{"title":"O juiz possu\u00eddo","description":"CR\u00d4NICA Por Guilherme Maia &nbsp; Adamastor encontrou as profundezas pela primeira vez em um sonho. Chicotes estalavam em carnes frias e fuma\u00e7as bafejavam","robots":{"index":"index","follow":"follow","max-snippet":"max-snippet:-1","max-image-preview":"max-image-preview:large","max-video-preview":"max-video-preview:-1"},"canonical":"https:\/\/www.pressenza.com\/pt-pt\/2023\/11\/o-juiz-possuido\/","og_locale":"pt_PT","og_type":"article","og_title":"O juiz possu\u00eddo","og_description":"CR\u00d4NICA Por Guilherme Maia &nbsp; Adamastor encontrou as profundezas pela primeira vez em um sonho. Chicotes estalavam em carnes frias e fuma\u00e7as bafejavam","og_url":"https:\/\/www.pressenza.com\/pt-pt\/2023\/11\/o-juiz-possuido\/","og_site_name":"Pressenza","article_publisher":"https:\/\/www.facebook.com\/PressenzaItalia","article_published_time":"2023-11-01T14:01:08+00:00","og_image":[{"width":750,"height":420,"url":"https:\/\/www.pressenza.com\/wp-content\/uploads\/2023\/11\/fotos-site-pressenza-5.jpg","type":"image\/jpeg"}],"author":"Guilherme Maia","twitter_card":"summary_large_image","twitter_creator":"@PressenzaIPA","twitter_site":"@PressenzaIPA","twitter_misc":{"Escrito por":"Guilherme Maia","Tempo estimado de leitura":"8 minutos"},"schema":{"@context":"https:\/\/schema.org","@graph":[{"@type":"Article","@id":"https:\/\/www.pressenza.com\/pt-pt\/2023\/11\/o-juiz-possuido\/#article","isPartOf":{"@id":"https:\/\/www.pressenza.com\/pt-pt\/2023\/11\/o-juiz-possuido\/"},"author":{"name":"Guilherme Maia","@id":"https:\/\/www.pressenza.com\/pt-pt\/#\/schema\/person\/4a0acc3e729565dbfccac001358dedee"},"headline":"O juiz possu\u00eddo","datePublished":"2023-11-01T14:01:08+00:00","mainEntityOfPage":{"@id":"https:\/\/www.pressenza.com\/pt-pt\/2023\/11\/o-juiz-possuido\/"},"wordCount":1406,"publisher":{"@id":"https:\/\/www.pressenza.com\/pt-pt\/#organization"},"image":{"@id":"https:\/\/www.pressenza.com\/pt-pt\/2023\/11\/o-juiz-possuido\/#primaryimage"},"thumbnailUrl":"https:\/\/www.pressenza.com\/wp-content\/uploads\/2023\/11\/fotos-site-pressenza-5.jpg","keywords":["caderno de cultura","cr\u00f4nica"],"articleSection":["\u00c1m\u00e9rica do Sul","Conte\u00fado Original","Cultura e M\u00eddia","Opini\u00e3o"],"inLanguage":"pt-PT"},{"@type":"WebPage","@id":"https:\/\/www.pressenza.com\/pt-pt\/2023\/11\/o-juiz-possuido\/","url":"https:\/\/www.pressenza.com\/pt-pt\/2023\/11\/o-juiz-possuido\/","name":"O juiz possu\u00eddo","isPartOf":{"@id":"https:\/\/www.pressenza.com\/pt-pt\/#website"},"primaryImageOfPage":{"@id":"https:\/\/www.pressenza.com\/pt-pt\/2023\/11\/o-juiz-possuido\/#primaryimage"},"image":{"@id":"https:\/\/www.pressenza.com\/pt-pt\/2023\/11\/o-juiz-possuido\/#primaryimage"},"thumbnailUrl":"https:\/\/www.pressenza.com\/wp-content\/uploads\/2023\/11\/fotos-site-pressenza-5.jpg","datePublished":"2023-11-01T14:01:08+00:00","description":"CR\u00d4NICA Por Guilherme Maia &nbsp; Adamastor encontrou as profundezas pela primeira vez em um sonho. Chicotes estalavam em carnes frias e fuma\u00e7as bafejavam","breadcrumb":{"@id":"https:\/\/www.pressenza.com\/pt-pt\/2023\/11\/o-juiz-possuido\/#breadcrumb"},"inLanguage":"pt-PT","potentialAction":[{"@type":"ReadAction","target":["https:\/\/www.pressenza.com\/pt-pt\/2023\/11\/o-juiz-possuido\/"]}]},{"@type":"ImageObject","inLanguage":"pt-PT","@id":"https:\/\/www.pressenza.com\/pt-pt\/2023\/11\/o-juiz-possuido\/#primaryimage","url":"https:\/\/www.pressenza.com\/wp-content\/uploads\/2023\/11\/fotos-site-pressenza-5.jpg","contentUrl":"https:\/\/www.pressenza.com\/wp-content\/uploads\/2023\/11\/fotos-site-pressenza-5.jpg","width":750,"height":420},{"@type":"BreadcrumbList","@id":"https:\/\/www.pressenza.com\/pt-pt\/2023\/11\/o-juiz-possuido\/#breadcrumb","itemListElement":[{"@type":"ListItem","position":1,"name":"Accueil","item":"https:\/\/www.pressenza.com\/pt-pt\/"},{"@type":"ListItem","position":2,"name":"O juiz possu\u00eddo"}]},{"@type":"WebSite","@id":"https:\/\/www.pressenza.com\/pt-pt\/#website","url":"https:\/\/www.pressenza.com\/pt-pt\/","name":"Pressenza","description":"International Press Agency","publisher":{"@id":"https:\/\/www.pressenza.com\/pt-pt\/#organization"},"potentialAction":[{"@type":"SearchAction","target":{"@type":"EntryPoint","urlTemplate":"https:\/\/www.pressenza.com\/pt-pt\/?s={search_term_string}"},"query-input":{"@type":"PropertyValueSpecification","valueRequired":true,"valueName":"search_term_string"}}],"inLanguage":"pt-PT"},{"@type":"Organization","@id":"https:\/\/www.pressenza.com\/pt-pt\/#organization","name":"Pressenza","url":"https:\/\/www.pressenza.com\/pt-pt\/","logo":{"@type":"ImageObject","inLanguage":"pt-PT","@id":"https:\/\/www.pressenza.com\/pt-pt\/#\/schema\/logo\/image\/","url":"https:\/\/www.pressenza.com\/wp-content\/uploads\/2022\/10\/pressenza_logo_200x200.jpg","contentUrl":"https:\/\/www.pressenza.com\/wp-content\/uploads\/2022\/10\/pressenza_logo_200x200.jpg","width":200,"height":200,"caption":"Pressenza"},"image":{"@id":"https:\/\/www.pressenza.com\/pt-pt\/#\/schema\/logo\/image\/"},"sameAs":["https:\/\/www.facebook.com\/PressenzaItalia","https:\/\/x.com\/PressenzaIPA"]},{"@type":"Person","@id":"https:\/\/www.pressenza.com\/pt-pt\/#\/schema\/person\/4a0acc3e729565dbfccac001358dedee","name":"Guilherme Maia","description":"Escritor, sambista, anarcochargista e advogado nas horas vagas.","url":"https:\/\/www.pressenza.com\/pt-pt\/author\/guilherme-maia\/"}]}},"place":"Teres\u00f3polis, Rio de Janeiro \/ Brasil","original_article_url":"","_links":{"self":[{"href":"https:\/\/www.pressenza.com\/pt-pt\/wp-json\/wp\/v2\/posts\/1778325","targetHints":{"allow":["GET"]}}],"collection":[{"href":"https:\/\/www.pressenza.com\/pt-pt\/wp-json\/wp\/v2\/posts"}],"about":[{"href":"https:\/\/www.pressenza.com\/pt-pt\/wp-json\/wp\/v2\/types\/post"}],"author":[{"embeddable":true,"href":"https:\/\/www.pressenza.com\/pt-pt\/wp-json\/wp\/v2\/users\/2002"}],"replies":[{"embeddable":true,"href":"https:\/\/www.pressenza.com\/pt-pt\/wp-json\/wp\/v2\/comments?post=1778325"}],"version-history":[{"count":0,"href":"https:\/\/www.pressenza.com\/pt-pt\/wp-json\/wp\/v2\/posts\/1778325\/revisions"}],"wp:featuredmedia":[{"embeddable":true,"href":"https:\/\/www.pressenza.com\/pt-pt\/wp-json\/wp\/v2\/media\/1778330"}],"wp:attachment":[{"href":"https:\/\/www.pressenza.com\/pt-pt\/wp-json\/wp\/v2\/media?parent=1778325"}],"wp:term":[{"taxonomy":"category","embeddable":true,"href":"https:\/\/www.pressenza.com\/pt-pt\/wp-json\/wp\/v2\/categories?post=1778325"},{"taxonomy":"post_tag","embeddable":true,"href":"https:\/\/www.pressenza.com\/pt-pt\/wp-json\/wp\/v2\/tags?post=1778325"}],"curies":[{"name":"wp","href":"https:\/\/api.w.org\/{rel}","templated":true}]}}