{"id":1774697,"date":"2023-10-15T22:22:27","date_gmt":"2023-10-15T21:22:27","guid":{"rendered":"https:\/\/www.pressenza.com\/?p=1774697"},"modified":"2023-10-15T22:22:27","modified_gmt":"2023-10-15T21:22:27","slug":"falando-sobre-depressao-escritos-em-um-bar","status":"publish","type":"post","link":"https:\/\/www.pressenza.com\/pt-pt\/2023\/10\/falando-sobre-depressao-escritos-em-um-bar\/","title":{"rendered":"Falando sobre depress\u00e3o escritos em um bar"},"content":{"rendered":"<h5><span style=\"color: #999999;\">CR\u00d4NICA<\/span><\/h5>\n<p><em><strong>Por Guilherme Maia<\/strong><\/em><\/p>\n<p>&nbsp;<\/p>\n<p align=\"justify\"><span style=\"font-family: Arial, serif;\"><span style=\"font-size: medium;\">O que se consegue esconder sobre os escombros de uma intimidade devastada?<\/span><\/span><\/p>\n<p align=\"justify\"><span style=\"font-family: Arial, serif;\"><span style=\"font-size: medium;\">Sorrisos, abra\u00e7os, piadas e conversas n\u00e3o desvendam o que h\u00e1 por tr\u00e1s de uma fachada. <\/span><\/span><\/p>\n<p align=\"justify\"><span style=\"font-family: Arial, serif;\"><span style=\"font-size: medium;\">M\u00edlvio era um homem com uma bagagem imensa de vida, deu nascimento a dois filhos de beleza estonteante, conquistara espa\u00e7os profissionais e afetivos \u00e0 for\u00e7a de f\u00f3rceps. Sempre em algum momento de vida deflagrara uma vit\u00f3ria frente \u00e0s limita\u00e7\u00f5es. <\/span><\/span><\/p>\n<p align=\"justify\"><span style=\"font-family: Arial, serif;\"><span style=\"font-size: medium;\">Acontece que tudo esva\u00edra como areia nos intervalos de sues dedos. De repente, o ritual do adeus se fez presente e de uma casa repleta sobrou o vazio do passado cada vez mais remoto.<\/span><\/span><\/p>\n<p align=\"justify\"><span style=\"font-family: Arial, serif;\"><span style=\"font-size: medium;\">Quando se deu conta entrou na casa dos quarenta anos. Conquistas fugazes bateram-lhe na cara, nada estava mais presente e como companhia teve o desamparo.<\/span><\/span><\/p>\n<p align=\"justify\"><span style=\"font-family: Arial, serif;\"><span style=\"font-size: medium;\">Falando sobre o vago dos momentos a s\u00f3. Todas as suas escolhas formaram a via \u00fanica da solid\u00e3o: abandono do que propriamente compunha sua maneira greg\u00e1ria de ser. Agora tinha gar\u00e7ons e taxistas como amigos do peito, de um acolhimento desesperado de consumo moment\u00e2neo.<\/span><\/span><\/p>\n<p align=\"justify\"><span style=\"font-family: Arial, serif;\"><span style=\"font-size: medium;\">Espraiava-se pelo Centro do Rio como um bedu\u00edno sem tenda, conhecia pessoas no intuito de aplacar a ferocidade dos instantes em que ficava sozinho: cada minuto lacerava seu amor pr\u00f3prio. <\/span><\/span><\/p>\n<p align=\"justify\"><span style=\"font-family: Arial, serif;\"><span style=\"font-size: medium;\">A sociedade de consumo incute felicidade sint\u00e9tica compr\u00e1vel, de efeito imediato se desfaz como um castelo de areia suspenso no ar: a alegria de uma fra\u00e7\u00e3o de tempo inequivocamente sem sentido.<\/span><\/span><\/p>\n<p align=\"justify\"><span style=\"font-family: Arial, serif;\"><span style=\"font-size: medium;\">A busca da Arte perdeu o brilho para ele de encanto contraposto \u00e0 ideia de finitude da vida.<\/span><\/span><\/p>\n<p align=\"justify\"><span style=\"font-family: Arial, serif;\"><span style=\"font-size: medium;\">A ideia do outro. Seu incans\u00e1vel trabalho de dignificar individualidades esmaeceu e os meios para conseguir estar para algu\u00e9m esfalfavam sua vontade &#8211; todo o trabalho que as solu\u00e7\u00f5es exigem fizeram est\u00e9ril sua vontade.<\/span><\/span><\/p>\n<p align=\"justify\"><span style=\"font-family: Arial, serif;\"><span style=\"font-size: medium;\">Todo o sentimento do vazio, o vazio contido no olhar de um beb\u00ea rec\u00e9m-nascido ao encarar o mundo a sua volta, afluiu \u00e0 escolha de um ponto sem retorno. Assaltado pela depress\u00e3o, pior das madrastas, impelido pela autopiedade restou a ele dois caminhos: antecipa\u00e7\u00e3o da morte ou reerguer os olhos para uma nova esperan\u00e7a. <\/span><\/span><\/p>\n<p align=\"justify\"><span style=\"font-family: Arial, serif;\"><span style=\"font-size: medium;\">Nada proviria de fatores externos: religi\u00f5es, bebidas, mulheres ou drogas. Tudo isso enterrava ainda mais a fonte de qualquer reviravolta.<\/span><\/span><\/p>\n<p align=\"justify\"><span style=\"font-family: Arial, serif;\"><span style=\"font-size: medium;\">Ressignificar seus objetivos, espa\u00e7os, op\u00e7\u00f5es, ressignificar sua percep\u00e7\u00e3o da vida.<\/span><\/span><\/p>\n<p align=\"justify\"><span style=\"font-family: Arial, serif;\"><span style=\"font-size: medium;\">Eis que surgem duas novas realidades para soerguer o que estava arrojado no ch\u00e3o.<\/span><\/span><\/p>\n<p align=\"justify\"><span style=\"font-family: Arial, serif;\"><span style=\"font-size: medium;\">As duas v\u00eam de fora, mas s\u00e3o proje\u00e7\u00f5es de seus desejos ativos, s\u00e3o como o que ele quer e ainda afogado no lama\u00e7al do passado frustrado, apontam para a nova estrada da vida.<\/span><\/span><\/p>\n<p align=\"justify\"><span style=\"font-family: Arial, serif;\"><span style=\"font-size: medium;\">Imanados do n\u00facleo duro da resist\u00eancia pela vida afloram a for\u00e7a do trabalho e a do amor. For\u00e7as estes que desbravam as sar\u00e7as da desilus\u00e3o e apontam para M\u00edlvio a transforma\u00e7\u00e3o do desespero em algo novo e solar.<\/span><\/span><\/p>\n<p align=\"justify\"><span style=\"font-family: Arial, serif;\"><span style=\"font-size: medium;\">N\u00e3o eram a proje\u00e7\u00e3o psicanal\u00edtica que criara a nova esperan\u00e7a sen\u00e3o a vontade de novas conquistas.<\/span><\/span><\/p>\n","protected":false},"excerpt":{"rendered":"<p>CR\u00d4NICA Por Guilherme Maia &nbsp; O que se consegue esconder sobre os escombros de uma intimidade devastada? Sorrisos, abra\u00e7os, piadas e conversas n\u00e3o desvendam o que h\u00e1 por tr\u00e1s de uma fachada. M\u00edlvio era um homem com uma bagagem imensa&hellip;<\/p>\n","protected":false},"author":2002,"featured_media":1774699,"comment_status":"closed","ping_status":"closed","sticky":false,"template":"","format":"standard","meta":{"footnotes":""},"categories":[104,11390,112,165],"tags":[75238,75338],"class_list":["post-1774697","post","type-post","status-publish","format-standard","has-post-thumbnail","hentry","category-america-do-sul","category-conteudo-original","category-cultura-pt-pt","category-opiniao","tag-caderno-de-cultura","tag-cronica"],"yoast_head":"<!-- This site is optimized with the Yoast SEO plugin v27.1.1 - https:\/\/yoast.com\/product\/yoast-seo-wordpress\/ -->\n<title>Falando sobre depress\u00e3o escritos em um bar<\/title>\n<meta name=\"description\" content=\"CR\u00d4NICA Por Guilherme Maia &nbsp; O que se consegue esconder sobre os escombros de uma intimidade devastada? Sorrisos, abra\u00e7os, piadas e conversas n\u00e3o\" \/>\n<meta name=\"robots\" content=\"index, follow, max-snippet:-1, max-image-preview:large, max-video-preview:-1\" \/>\n<link rel=\"canonical\" href=\"https:\/\/www.pressenza.com\/pt-pt\/2023\/10\/falando-sobre-depressao-escritos-em-um-bar\/\" \/>\n<meta property=\"og:locale\" content=\"pt_PT\" \/>\n<meta property=\"og:type\" content=\"article\" \/>\n<meta property=\"og:title\" content=\"Falando sobre depress\u00e3o escritos em um bar\" \/>\n<meta property=\"og:description\" content=\"CR\u00d4NICA Por Guilherme Maia &nbsp; O que se consegue esconder sobre os escombros de uma intimidade devastada? Sorrisos, abra\u00e7os, piadas e conversas n\u00e3o\" \/>\n<meta property=\"og:url\" content=\"https:\/\/www.pressenza.com\/pt-pt\/2023\/10\/falando-sobre-depressao-escritos-em-um-bar\/\" \/>\n<meta property=\"og:site_name\" content=\"Pressenza\" \/>\n<meta property=\"article:publisher\" content=\"https:\/\/www.facebook.com\/PressenzaItalia\" \/>\n<meta property=\"article:published_time\" content=\"2023-10-15T21:22:27+00:00\" \/>\n<meta property=\"og:image\" content=\"https:\/\/www.pressenza.com\/wp-content\/uploads\/2023\/10\/fotos-site-pressenza-3-1.jpg\" \/>\n\t<meta property=\"og:image:width\" content=\"750\" \/>\n\t<meta property=\"og:image:height\" content=\"420\" \/>\n\t<meta property=\"og:image:type\" content=\"image\/jpeg\" \/>\n<meta name=\"author\" content=\"Guilherme Maia\" \/>\n<meta name=\"twitter:card\" content=\"summary_large_image\" \/>\n<meta name=\"twitter:creator\" content=\"@PressenzaIPA\" \/>\n<meta name=\"twitter:site\" content=\"@PressenzaIPA\" \/>\n<meta name=\"twitter:label1\" content=\"Escrito por\" \/>\n\t<meta name=\"twitter:data1\" content=\"Guilherme Maia\" \/>\n\t<meta name=\"twitter:label2\" content=\"Tempo estimado de leitura\" \/>\n\t<meta name=\"twitter:data2\" content=\"3 minutos\" \/>\n<script type=\"application\/ld+json\" class=\"yoast-schema-graph\">{\"@context\":\"https:\/\/schema.org\",\"@graph\":[{\"@type\":\"Article\",\"@id\":\"https:\/\/www.pressenza.com\/pt-pt\/2023\/10\/falando-sobre-depressao-escritos-em-um-bar\/#article\",\"isPartOf\":{\"@id\":\"https:\/\/www.pressenza.com\/pt-pt\/2023\/10\/falando-sobre-depressao-escritos-em-um-bar\/\"},\"author\":{\"name\":\"Guilherme Maia\",\"@id\":\"https:\/\/www.pressenza.com\/pt-pt\/#\/schema\/person\/4a0acc3e729565dbfccac001358dedee\"},\"headline\":\"Falando sobre depress\u00e3o escritos em um bar\",\"datePublished\":\"2023-10-15T21:22:27+00:00\",\"mainEntityOfPage\":{\"@id\":\"https:\/\/www.pressenza.com\/pt-pt\/2023\/10\/falando-sobre-depressao-escritos-em-um-bar\/\"},\"wordCount\":528,\"publisher\":{\"@id\":\"https:\/\/www.pressenza.com\/pt-pt\/#organization\"},\"image\":{\"@id\":\"https:\/\/www.pressenza.com\/pt-pt\/2023\/10\/falando-sobre-depressao-escritos-em-um-bar\/#primaryimage\"},\"thumbnailUrl\":\"https:\/\/www.pressenza.com\/wp-content\/uploads\/2023\/10\/fotos-site-pressenza-3-1.jpg\",\"keywords\":[\"caderno de cultura\",\"cr\u00f4nica\"],\"articleSection\":[\"\u00c1m\u00e9rica do Sul\",\"Conte\u00fado Original\",\"Cultura e M\u00eddia\",\"Opini\u00e3o\"],\"inLanguage\":\"pt-PT\"},{\"@type\":\"WebPage\",\"@id\":\"https:\/\/www.pressenza.com\/pt-pt\/2023\/10\/falando-sobre-depressao-escritos-em-um-bar\/\",\"url\":\"https:\/\/www.pressenza.com\/pt-pt\/2023\/10\/falando-sobre-depressao-escritos-em-um-bar\/\",\"name\":\"Falando sobre depress\u00e3o escritos em um bar\",\"isPartOf\":{\"@id\":\"https:\/\/www.pressenza.com\/pt-pt\/#website\"},\"primaryImageOfPage\":{\"@id\":\"https:\/\/www.pressenza.com\/pt-pt\/2023\/10\/falando-sobre-depressao-escritos-em-um-bar\/#primaryimage\"},\"image\":{\"@id\":\"https:\/\/www.pressenza.com\/pt-pt\/2023\/10\/falando-sobre-depressao-escritos-em-um-bar\/#primaryimage\"},\"thumbnailUrl\":\"https:\/\/www.pressenza.com\/wp-content\/uploads\/2023\/10\/fotos-site-pressenza-3-1.jpg\",\"datePublished\":\"2023-10-15T21:22:27+00:00\",\"description\":\"CR\u00d4NICA Por Guilherme Maia &nbsp; O que se consegue esconder sobre os escombros de uma intimidade devastada? Sorrisos, abra\u00e7os, piadas e conversas n\u00e3o\",\"breadcrumb\":{\"@id\":\"https:\/\/www.pressenza.com\/pt-pt\/2023\/10\/falando-sobre-depressao-escritos-em-um-bar\/#breadcrumb\"},\"inLanguage\":\"pt-PT\",\"potentialAction\":[{\"@type\":\"ReadAction\",\"target\":[\"https:\/\/www.pressenza.com\/pt-pt\/2023\/10\/falando-sobre-depressao-escritos-em-um-bar\/\"]}]},{\"@type\":\"ImageObject\",\"inLanguage\":\"pt-PT\",\"@id\":\"https:\/\/www.pressenza.com\/pt-pt\/2023\/10\/falando-sobre-depressao-escritos-em-um-bar\/#primaryimage\",\"url\":\"https:\/\/www.pressenza.com\/wp-content\/uploads\/2023\/10\/fotos-site-pressenza-3-1.jpg\",\"contentUrl\":\"https:\/\/www.pressenza.com\/wp-content\/uploads\/2023\/10\/fotos-site-pressenza-3-1.jpg\",\"width\":750,\"height\":420},{\"@type\":\"BreadcrumbList\",\"@id\":\"https:\/\/www.pressenza.com\/pt-pt\/2023\/10\/falando-sobre-depressao-escritos-em-um-bar\/#breadcrumb\",\"itemListElement\":[{\"@type\":\"ListItem\",\"position\":1,\"name\":\"Accueil\",\"item\":\"https:\/\/www.pressenza.com\/pt-pt\/\"},{\"@type\":\"ListItem\",\"position\":2,\"name\":\"Falando sobre depress\u00e3o escritos em um bar\"}]},{\"@type\":\"WebSite\",\"@id\":\"https:\/\/www.pressenza.com\/pt-pt\/#website\",\"url\":\"https:\/\/www.pressenza.com\/pt-pt\/\",\"name\":\"Pressenza\",\"description\":\"International Press Agency\",\"publisher\":{\"@id\":\"https:\/\/www.pressenza.com\/pt-pt\/#organization\"},\"potentialAction\":[{\"@type\":\"SearchAction\",\"target\":{\"@type\":\"EntryPoint\",\"urlTemplate\":\"https:\/\/www.pressenza.com\/pt-pt\/?s={search_term_string}\"},\"query-input\":{\"@type\":\"PropertyValueSpecification\",\"valueRequired\":true,\"valueName\":\"search_term_string\"}}],\"inLanguage\":\"pt-PT\"},{\"@type\":\"Organization\",\"@id\":\"https:\/\/www.pressenza.com\/pt-pt\/#organization\",\"name\":\"Pressenza\",\"url\":\"https:\/\/www.pressenza.com\/pt-pt\/\",\"logo\":{\"@type\":\"ImageObject\",\"inLanguage\":\"pt-PT\",\"@id\":\"https:\/\/www.pressenza.com\/pt-pt\/#\/schema\/logo\/image\/\",\"url\":\"https:\/\/www.pressenza.com\/wp-content\/uploads\/2022\/10\/pressenza_logo_200x200.jpg\",\"contentUrl\":\"https:\/\/www.pressenza.com\/wp-content\/uploads\/2022\/10\/pressenza_logo_200x200.jpg\",\"width\":200,\"height\":200,\"caption\":\"Pressenza\"},\"image\":{\"@id\":\"https:\/\/www.pressenza.com\/pt-pt\/#\/schema\/logo\/image\/\"},\"sameAs\":[\"https:\/\/www.facebook.com\/PressenzaItalia\",\"https:\/\/x.com\/PressenzaIPA\"]},{\"@type\":\"Person\",\"@id\":\"https:\/\/www.pressenza.com\/pt-pt\/#\/schema\/person\/4a0acc3e729565dbfccac001358dedee\",\"name\":\"Guilherme Maia\",\"description\":\"Escritor, sambista, anarcochargista e advogado nas horas vagas.\",\"url\":\"https:\/\/www.pressenza.com\/pt-pt\/author\/guilherme-maia\/\"}]}<\/script>\n<!-- \/ Yoast SEO plugin. -->","yoast_head_json":{"title":"Falando sobre depress\u00e3o escritos em um bar","description":"CR\u00d4NICA Por Guilherme Maia &nbsp; O que se consegue esconder sobre os escombros de uma intimidade devastada? Sorrisos, abra\u00e7os, piadas e conversas n\u00e3o","robots":{"index":"index","follow":"follow","max-snippet":"max-snippet:-1","max-image-preview":"max-image-preview:large","max-video-preview":"max-video-preview:-1"},"canonical":"https:\/\/www.pressenza.com\/pt-pt\/2023\/10\/falando-sobre-depressao-escritos-em-um-bar\/","og_locale":"pt_PT","og_type":"article","og_title":"Falando sobre depress\u00e3o escritos em um bar","og_description":"CR\u00d4NICA Por Guilherme Maia &nbsp; O que se consegue esconder sobre os escombros de uma intimidade devastada? Sorrisos, abra\u00e7os, piadas e conversas n\u00e3o","og_url":"https:\/\/www.pressenza.com\/pt-pt\/2023\/10\/falando-sobre-depressao-escritos-em-um-bar\/","og_site_name":"Pressenza","article_publisher":"https:\/\/www.facebook.com\/PressenzaItalia","article_published_time":"2023-10-15T21:22:27+00:00","og_image":[{"width":750,"height":420,"url":"https:\/\/www.pressenza.com\/wp-content\/uploads\/2023\/10\/fotos-site-pressenza-3-1.jpg","type":"image\/jpeg"}],"author":"Guilherme Maia","twitter_card":"summary_large_image","twitter_creator":"@PressenzaIPA","twitter_site":"@PressenzaIPA","twitter_misc":{"Escrito por":"Guilherme Maia","Tempo estimado de leitura":"3 minutos"},"schema":{"@context":"https:\/\/schema.org","@graph":[{"@type":"Article","@id":"https:\/\/www.pressenza.com\/pt-pt\/2023\/10\/falando-sobre-depressao-escritos-em-um-bar\/#article","isPartOf":{"@id":"https:\/\/www.pressenza.com\/pt-pt\/2023\/10\/falando-sobre-depressao-escritos-em-um-bar\/"},"author":{"name":"Guilherme Maia","@id":"https:\/\/www.pressenza.com\/pt-pt\/#\/schema\/person\/4a0acc3e729565dbfccac001358dedee"},"headline":"Falando sobre depress\u00e3o escritos em um bar","datePublished":"2023-10-15T21:22:27+00:00","mainEntityOfPage":{"@id":"https:\/\/www.pressenza.com\/pt-pt\/2023\/10\/falando-sobre-depressao-escritos-em-um-bar\/"},"wordCount":528,"publisher":{"@id":"https:\/\/www.pressenza.com\/pt-pt\/#organization"},"image":{"@id":"https:\/\/www.pressenza.com\/pt-pt\/2023\/10\/falando-sobre-depressao-escritos-em-um-bar\/#primaryimage"},"thumbnailUrl":"https:\/\/www.pressenza.com\/wp-content\/uploads\/2023\/10\/fotos-site-pressenza-3-1.jpg","keywords":["caderno de cultura","cr\u00f4nica"],"articleSection":["\u00c1m\u00e9rica do Sul","Conte\u00fado Original","Cultura e M\u00eddia","Opini\u00e3o"],"inLanguage":"pt-PT"},{"@type":"WebPage","@id":"https:\/\/www.pressenza.com\/pt-pt\/2023\/10\/falando-sobre-depressao-escritos-em-um-bar\/","url":"https:\/\/www.pressenza.com\/pt-pt\/2023\/10\/falando-sobre-depressao-escritos-em-um-bar\/","name":"Falando sobre depress\u00e3o escritos em um bar","isPartOf":{"@id":"https:\/\/www.pressenza.com\/pt-pt\/#website"},"primaryImageOfPage":{"@id":"https:\/\/www.pressenza.com\/pt-pt\/2023\/10\/falando-sobre-depressao-escritos-em-um-bar\/#primaryimage"},"image":{"@id":"https:\/\/www.pressenza.com\/pt-pt\/2023\/10\/falando-sobre-depressao-escritos-em-um-bar\/#primaryimage"},"thumbnailUrl":"https:\/\/www.pressenza.com\/wp-content\/uploads\/2023\/10\/fotos-site-pressenza-3-1.jpg","datePublished":"2023-10-15T21:22:27+00:00","description":"CR\u00d4NICA Por Guilherme Maia &nbsp; O que se consegue esconder sobre os escombros de uma intimidade devastada? Sorrisos, abra\u00e7os, piadas e conversas n\u00e3o","breadcrumb":{"@id":"https:\/\/www.pressenza.com\/pt-pt\/2023\/10\/falando-sobre-depressao-escritos-em-um-bar\/#breadcrumb"},"inLanguage":"pt-PT","potentialAction":[{"@type":"ReadAction","target":["https:\/\/www.pressenza.com\/pt-pt\/2023\/10\/falando-sobre-depressao-escritos-em-um-bar\/"]}]},{"@type":"ImageObject","inLanguage":"pt-PT","@id":"https:\/\/www.pressenza.com\/pt-pt\/2023\/10\/falando-sobre-depressao-escritos-em-um-bar\/#primaryimage","url":"https:\/\/www.pressenza.com\/wp-content\/uploads\/2023\/10\/fotos-site-pressenza-3-1.jpg","contentUrl":"https:\/\/www.pressenza.com\/wp-content\/uploads\/2023\/10\/fotos-site-pressenza-3-1.jpg","width":750,"height":420},{"@type":"BreadcrumbList","@id":"https:\/\/www.pressenza.com\/pt-pt\/2023\/10\/falando-sobre-depressao-escritos-em-um-bar\/#breadcrumb","itemListElement":[{"@type":"ListItem","position":1,"name":"Accueil","item":"https:\/\/www.pressenza.com\/pt-pt\/"},{"@type":"ListItem","position":2,"name":"Falando sobre depress\u00e3o escritos em um bar"}]},{"@type":"WebSite","@id":"https:\/\/www.pressenza.com\/pt-pt\/#website","url":"https:\/\/www.pressenza.com\/pt-pt\/","name":"Pressenza","description":"International Press Agency","publisher":{"@id":"https:\/\/www.pressenza.com\/pt-pt\/#organization"},"potentialAction":[{"@type":"SearchAction","target":{"@type":"EntryPoint","urlTemplate":"https:\/\/www.pressenza.com\/pt-pt\/?s={search_term_string}"},"query-input":{"@type":"PropertyValueSpecification","valueRequired":true,"valueName":"search_term_string"}}],"inLanguage":"pt-PT"},{"@type":"Organization","@id":"https:\/\/www.pressenza.com\/pt-pt\/#organization","name":"Pressenza","url":"https:\/\/www.pressenza.com\/pt-pt\/","logo":{"@type":"ImageObject","inLanguage":"pt-PT","@id":"https:\/\/www.pressenza.com\/pt-pt\/#\/schema\/logo\/image\/","url":"https:\/\/www.pressenza.com\/wp-content\/uploads\/2022\/10\/pressenza_logo_200x200.jpg","contentUrl":"https:\/\/www.pressenza.com\/wp-content\/uploads\/2022\/10\/pressenza_logo_200x200.jpg","width":200,"height":200,"caption":"Pressenza"},"image":{"@id":"https:\/\/www.pressenza.com\/pt-pt\/#\/schema\/logo\/image\/"},"sameAs":["https:\/\/www.facebook.com\/PressenzaItalia","https:\/\/x.com\/PressenzaIPA"]},{"@type":"Person","@id":"https:\/\/www.pressenza.com\/pt-pt\/#\/schema\/person\/4a0acc3e729565dbfccac001358dedee","name":"Guilherme Maia","description":"Escritor, sambista, anarcochargista e advogado nas horas vagas.","url":"https:\/\/www.pressenza.com\/pt-pt\/author\/guilherme-maia\/"}]}},"place":"","original_article_url":"","_links":{"self":[{"href":"https:\/\/www.pressenza.com\/pt-pt\/wp-json\/wp\/v2\/posts\/1774697","targetHints":{"allow":["GET"]}}],"collection":[{"href":"https:\/\/www.pressenza.com\/pt-pt\/wp-json\/wp\/v2\/posts"}],"about":[{"href":"https:\/\/www.pressenza.com\/pt-pt\/wp-json\/wp\/v2\/types\/post"}],"author":[{"embeddable":true,"href":"https:\/\/www.pressenza.com\/pt-pt\/wp-json\/wp\/v2\/users\/2002"}],"replies":[{"embeddable":true,"href":"https:\/\/www.pressenza.com\/pt-pt\/wp-json\/wp\/v2\/comments?post=1774697"}],"version-history":[{"count":0,"href":"https:\/\/www.pressenza.com\/pt-pt\/wp-json\/wp\/v2\/posts\/1774697\/revisions"}],"wp:featuredmedia":[{"embeddable":true,"href":"https:\/\/www.pressenza.com\/pt-pt\/wp-json\/wp\/v2\/media\/1774699"}],"wp:attachment":[{"href":"https:\/\/www.pressenza.com\/pt-pt\/wp-json\/wp\/v2\/media?parent=1774697"}],"wp:term":[{"taxonomy":"category","embeddable":true,"href":"https:\/\/www.pressenza.com\/pt-pt\/wp-json\/wp\/v2\/categories?post=1774697"},{"taxonomy":"post_tag","embeddable":true,"href":"https:\/\/www.pressenza.com\/pt-pt\/wp-json\/wp\/v2\/tags?post=1774697"}],"curies":[{"name":"wp","href":"https:\/\/api.w.org\/{rel}","templated":true}]}}