{"id":1767290,"date":"2023-09-25T01:40:40","date_gmt":"2023-09-25T00:40:40","guid":{"rendered":"https:\/\/www.pressenza.com\/?p=1767290"},"modified":"2023-09-25T01:40:40","modified_gmt":"2023-09-25T00:40:40","slug":"uma-lua","status":"publish","type":"post","link":"https:\/\/www.pressenza.com\/pt-pt\/2023\/09\/uma-lua\/","title":{"rendered":"Uma Lua"},"content":{"rendered":"<h5><span style=\"color: #999999;\">CR\u00d4NICA<\/span><\/h5>\n<p><em><strong>Por Guilherme Maia<\/strong><\/em><\/p>\n<p>&nbsp;<\/p>\n<p align=\"justify\"><span style=\"font-family: Arial, serif;\"><span style=\"font-size: medium;\"><b>I \u2013 FACADA NA LAPA<\/b><\/span><\/span><\/p>\n<p align=\"justify\"><span style=\"font-family: Arial, serif;\"><span style=\"font-size: medium;\">Noite afora pela Lapa, o bom e velho bairro bo\u00eamio e m\u00edstico do Rio de Janeiro. Entre sambas, chorinhos e funk; entre fantasmas de Manuel bandeira e Madame Sat\u00e3, aqui vou em meu passo largo, sempre pelo mesmo caminho torto pelo qual fundi minha vida.<\/span><\/span><\/p>\n<p align=\"justify\"><span style=\"font-family: Arial, serif;\"><span style=\"font-size: medium;\">Ela estaria no dia seguinte comigo e resolvi, para aplacar a \u00e2nsia de t\u00ea-la nos meus bra\u00e7os, encontrar Odin \u2013 amigo de tempos loucos: pois \u00e9, eu e Odin somos sobreviventes da noite carioca. Nada melhor do que encontrar um irm\u00e3o enquanto ela n\u00e3o vem.<\/span><\/span><\/p>\n<p align=\"justify\"><span style=\"font-family: Arial, serif;\"><span style=\"font-size: medium;\">Ligo pra ele:<\/span><\/span><\/p>\n<p align=\"justify\"><span style=\"font-family: Arial, serif;\"><span style=\"font-size: medium;\">&#8211; Velh\u00e3o, t\u00f4 daquele jeito, sabe? Minha amada s\u00f3 vem amanh\u00e3 e eu preciso dar uma volta. Que tal a gente se embrenhar pela noite, Charlie? \u2013 Falei com ele num tom s\u00f4frego de quem querendo driblar a ansiedade, acaba por se arrastar.<\/span><\/span><\/p>\n<p align=\"justify\"><span style=\"font-family: Arial, serif;\"><span style=\"font-size: medium;\">&#8211; J\u00e1 vi que tu t\u00e1 precisando de um psic\u00f3logo, vem pra c\u00e1, meu chefe! A consulta vai em cerveja e cacha\u00e7a. \u2013 Jovial, meu amigo me intimou a pagar a conta do bar.<\/span><\/span><\/p>\n<p align=\"justify\"><span style=\"font-family: Arial, serif;\"><span style=\"font-size: medium;\">Vesti uma bermuda e uma camisa florida &#8211; tipo carioca resistente &#8211; e fui andando pela Mem de S\u00e1. Ao atravessar os Arcos, dei uma olhada no rel\u00f3gio de pulso, meia-noite. Essa \u00e9 uma hora sempre sugestiva para gente da noite; ergo meus olhos para o c\u00e9u e ela est\u00e1 l\u00e1, a lua: redonda, brilhante, amarelecida pela polui\u00e7\u00e3o mundana; \u00e9 a grande dama de sempre, a mulher inalcan\u00e7\u00e1vel, a que vive apenas no mundo das ideias plat\u00f4nicas. <\/span><\/span><\/p>\n<p align=\"justify\"><span style=\"font-family: Arial, serif;\"><span style=\"font-size: medium;\">Mulher plena \u00e9 a lua, acolhedora, traidora, traz fortuna e desgra\u00e7a ao homem.<\/span><\/span><\/p>\n<p align=\"justify\"><span style=\"font-family: Arial, serif;\"><span style=\"font-size: medium;\">O vento da Beira-mar concorda com ela e aponta o beco onde o ancestral malandro est\u00e1 exposto num altar. Oferendas de cacha\u00e7a e charutos ao magn\u00edfico Z\u00e9 Pelintra, for\u00e7a oriunda do Catimb\u00f3 e santo protetor de malandros. Certo que devido \u00e0 eterna crise econ\u00f4mica brasileira, o que mais se v\u00ea s\u00e3o cacha\u00e7as bem vagabundas em <\/span><\/span><span style=\"font-family: Arial, serif;\"><span style=\"font-size: medium;\"><i>pets<\/i><\/span><\/span><span style=\"font-family: Arial, serif;\"><span style=\"font-size: medium;\">. Penso que se fosse eu \u2013 claro, depois de aferir a renda do ofertante, &#8211; tacava um raio na cabe\u00e7a do m\u00e3o-de-vaca que vem poluir o altar.<\/span><\/span><\/p>\n<p align=\"justify\"><span style=\"font-family: Arial, serif;\"><span style=\"font-size: medium;\">Pilantragem, \u00e0s vezes a gente cai bem por se achar esperto demais. Malandro mesmo \u00e9 ele dependurado sobre o altar com um sorrisinho sacana no canto da boca e o olhar de anci\u00e3o nag\u00f4. Fica l\u00e1, s\u00f3 observando&#8230;<\/span><\/span><\/p>\n<p align=\"justify\"><span style=\"font-family: Arial, serif;\"><span style=\"font-size: medium;\">Chego em frente ao grande malandro e saco o meu celular para tirar uma foto. Tudo acontece r\u00e1pido demais: algu\u00e9m vem \u00e0s minhas costas e ata meus bra\u00e7os, enquanto um menor puxa o celular da minha m\u00e3o. Penso que hoje em dia n\u00e3o se tem mais respeito por nada, afinal ali \u00e9 um lugar de certa forma sagrado. Do fundo do beco surge outro cara que puxa uma faca em minha dire\u00e7\u00e3o; s\u00f3 para se afirmar desfere um golpe com seu joelho no meu est\u00f4mago. D\u00f3i, mas que se dane!<\/span><\/span><\/p>\n<p align=\"justify\"><span style=\"font-family: Arial, serif;\"><span style=\"font-size: medium;\">&#8211; Escuta aqui, seu merda! Eu sou advogado e ajudo gente a\u00ed do seu tipo. V\u00e2mo parando com isso que eu n\u00e3o sou saco de pancada de ningu\u00e9m.<\/span><\/span><\/p>\n<p align=\"justify\"><span style=\"font-family: Arial, serif;\"><span style=\"font-size: medium;\">Quando come\u00e7o a esquecer que sou advogado aparece uma situa\u00e7\u00e3o dessas&#8230; Imagina se por alguma desgra\u00e7a do destino eu fosse promotor p\u00fablico&#8230;<\/span><\/span><\/p>\n<p align=\"justify\"><span style=\"font-family: Arial, serif;\"><span style=\"font-size: medium;\">Foi o que salvou a minha pele. Vem o chefe do movimento e j\u00e1 aparece enchendo a cara dos ladr\u00f5es de porrada. Ostenta um peda\u00e7o de madeira \u00e0 maneira de um bast\u00e3o; larga na cara de um e nos peitos do outro. Como \u00e9 boa a sensa\u00e7\u00e3o de ficar com os bra\u00e7os livres de novo.<\/span><\/span><\/p>\n<p align=\"justify\"><span style=\"font-family: Arial, serif;\"><span style=\"font-size: medium;\">&#8211; Amigo, sou o dirigente do altar e isso aqui \u00e9 proibido, n\u00e3o podem fazer isso. Vou punir esses merdas! Mas escuta uma coisa, d\u00e1 uma olhada ali em baixo do arco: t\u00e1 tendo \u201cmovimento\u201d aqui hoje e voc\u00ea tava tirando foto, o pessoal ficou doido com isso. Se quiser tirar fotos agora, sem problema, filho!<\/span><\/span><\/p>\n<p align=\"justify\"><span style=\"font-family: Arial, serif;\"><span style=\"font-size: medium;\">Assim disse o meu her\u00f3i. <\/span><\/span><\/p>\n<p align=\"justify\"><span style=\"font-family: Arial, serif;\"><span style=\"font-size: medium;\">Imagina! Morrer esfaqueado na Lapa e eu ainda nem li Dostoi\u00e9vski.<\/span><\/span><\/p>\n<p align=\"justify\"><span style=\"font-family: Arial, serif;\"><span style=\"font-size: medium;\">Agradeci \u00e0quele funcion\u00e1rio da pilantragem, afinal somos uma irmandade, segui meu caminho para encontrar Odin e conversar sobre o que eu quero da vida e de Andr\u00e9ia.<\/span><\/span><\/p>\n<p align=\"justify\"><span style=\"font-family: Arial, serif;\"><span style=\"font-size: medium;\"><b>II \u2013 CERVEJA EM BOTAFOGO<\/b><\/span><\/span><\/p>\n<p align=\"justify\"><span style=\"font-family: Arial, serif;\"><span style=\"font-size: medium;\">O pai de Odin foi um grande cara, ainda estamos secando l\u00e1grimas por sua morte. Amigo de Raul Seixas, inimigo de Paulo Coelho \u2013 tudo numa ordem natural. Ele foi um agitador da cena cultural carioca dos bons tempos; foi livre de pensamento e de vida deixando um legado para quem queira entender melhor o que estamos fazendo nesse planeta.<\/span><\/span><\/p>\n<p align=\"justify\"><span style=\"font-family: Arial, serif;\"><span style=\"font-size: medium;\">Encontramos o lugar ideal, estava passando uma partida decisiva no tel\u00e3o, era o jogo que levou \u00e0 vit\u00f3ria do Fluminense, vit\u00f3ria bonita para um pa\u00eds onde j\u00e1 se jogou futebol com maestria. Eterno bar dos fundos da Cobal da Volunt\u00e1rios da P\u00e1tria. L\u00e1, erguemos nossas canecas de chope, essa deusa n\u00f3rdica adaptada aos tristes tr\u00f3picos, ela brilha e satisfaz a sanha dos que a procuram; canecas como espadas de vikings, sede de retirantes da seca nordestina, assim como dois guerreiros perdidos pela noite deixamos a sedu\u00e7\u00e3o do gelo nos engolfar.<\/span><\/span><\/p>\n<p align=\"justify\"><span style=\"font-family: Arial, serif;\"><span style=\"font-size: medium;\">&#8211; Cara, quase que fui dessa pra melhor no meio do caminho, n\u00e3o sabia que voc\u00ea tinha ficado t\u00e3o perigoso assim. \u2013 Lamento o ocorrido ao amigo.<\/span><\/span><\/p>\n<p align=\"justify\"><span style=\"font-family: Arial, serif;\"><span style=\"font-size: medium;\">&#8211; Voc\u00ea que t\u00e1 ficando um velho burro. Como \u00e9 que vai parar no meio do movimento para tirar fotos? Parece at\u00e9 que n\u00e3o passou no teste da farinha. Burro pra caralho! \u2013 Assim o meu velho conforta o amigo sens\u00edvel.<\/span><\/span><\/p>\n<p align=\"justify\"><span style=\"font-family: Arial, serif;\"><span style=\"font-size: medium;\">&#8211; E tua irm\u00e3 continua aquela gostosa? \u2013 Pergunta pra mim sempre af\u00e1vel.<\/span><\/span><\/p>\n<p align=\"justify\"><span style=\"font-family: Arial, serif;\"><span style=\"font-size: medium;\">&#8211; N\u00e3o sei, n\u00e3o temos casos de incesto na fam\u00edlia, seu escroto.<\/span><\/span><\/p>\n<p align=\"justify\"><span style=\"font-family: Arial, serif;\"><span style=\"font-size: medium;\">&#8211; Certo, compadre. Escuta, eu ando meio quebrado, sabe? Esse neg\u00f3cio de div\u00f3rcio e meu esgotamento nervoso e essas porras de processos parados insuport\u00e1veis e arte que n\u00e3o d\u00e1 pra caceta nenhuma. \u2013 Come\u00e7o meu ros\u00e1rio de lamenta\u00e7\u00f5es, afinal quem estava pagando a cerveja era eu e tinha que render.<\/span><\/span><\/p>\n<p align=\"justify\"><span style=\"font-family: Arial, serif;\"><span style=\"font-size: medium;\">Continuo: &#8211; Essa minha m\u00e3o que fica tremendo e o m\u00e9dico disse que eu tenho que comer direito e parar de beber e fumar&#8230; A\u00ed tudo fica muito triste&#8230;<\/span><\/span><\/p>\n<p align=\"justify\"><span style=\"font-family: Arial, serif;\"><span style=\"font-size: medium;\">&#8211; Se eu fosse voc\u00ea parava de beber! Hoje, cara! \u2013 D\u00e1 pra notar um tom de comisera\u00e7\u00e3o no meu velho.<\/span><\/span><\/p>\n<p align=\"justify\"><span style=\"font-family: Arial, serif;\"><span style=\"font-size: medium;\">&#8211; Por qu\u00ea?<\/span><\/span><\/p>\n<p align=\"justify\"><span style=\"font-family: Arial, serif;\"><span style=\"font-size: medium;\">&#8211; Porque eu estou seco e a\u00ed eu tomo a minha e a sua. Hahaha.<\/span><\/span><\/p>\n<p align=\"justify\"><span style=\"font-family: Arial, serif;\"><span style=\"font-size: medium;\">&#8211; \u2018Quispariu, meu irm\u00e3o. Queria falar com voc\u00ea sobre um grande amor que encontrei; inesperado, corajoso e profundo. Voc\u00ea \u00e9 meio paranormal, n\u00e9? \u2013 Vou ao centro do que quero falar com ele.<\/span><\/span><\/p>\n<p align=\"justify\"><span style=\"font-family: Arial, serif;\"><span style=\"font-size: medium;\">&#8211; Falei pra voc\u00ea n\u00e3o se separar da tua esposa. Eu fiz isso e me fodi de verde e amarelo pela p\u00e1tria. Troquei mulher por cacha\u00e7a. Mas se foi, foi. Agora essa dona nova a\u00ed no teu peda\u00e7o, de qual \u00e9?<\/span><\/span><\/p>\n<p align=\"justify\"><span style=\"font-family: Arial, serif;\"><span style=\"font-size: medium;\">&#8211; Odin, Odin&#8230; Ela \u00e9 uma deusa, ela \u00e9 forte na cama. Cara! parece que voltei ao auge (tu se lembra daquela \u00e9poca, n\u00e9, irm\u00e3o?). Ent\u00e3o: aut\u00eantica, decidida, com intelig\u00eancia emocional de dar inveja no Einstein. Ela resistiu aos meus surtos de divorciado cardiopata e da noite. Eu quero ir at\u00e9 o fim com ela.<\/span><\/span><\/p>\n<p align=\"justify\"><span style=\"font-family: Arial, serif;\"><span style=\"font-size: medium;\">&#8211; Eu tenho uma coisa pra te falar.<\/span><\/span><\/p>\n<p align=\"justify\"><span style=\"font-family: Arial, serif;\"><span style=\"font-size: medium;\">&#8211; Fala, u\u00e9? N\u00e3o t\u00e1 bem lubrificado a\u00ed n\u00e3o?<\/span><\/span><\/p>\n<p align=\"justify\"><span style=\"font-family: Arial, serif;\"><span style=\"font-size: medium;\">&#8211; Essa tua ansiosidade est\u00e1 prejudicando o meu Flu&#8230; J\u00e1 perderam dois lances na cara do gol.<\/span><\/span><\/p>\n<p align=\"justify\"><span style=\"font-family: Arial, serif;\"><span style=\"font-size: medium;\">&#8211; S\u00f3 pensa nisso&#8230; Eu aqui sofrendo&#8230;<\/span><\/span><\/p>\n<p align=\"justify\"><span style=\"font-family: Arial, serif;\"><span style=\"font-size: medium;\">&#8211; Sofres por que queres, cara! Ela j\u00e1 n\u00e3o disse que t\u00e1 contigo? Palavra de mulher n\u00e3o \u00e9 que nem a de homem, n\u00e3o! Falou, t\u00e1 falado&#8230; Agora voc\u00ea, como t\u00e1 se portando seu <\/span><\/span><span style=\"font-family: Arial, serif;\"><span style=\"font-size: medium;\"><i>piranho<\/i><\/span><\/span><span style=\"font-family: Arial, serif;\"><span style=\"font-size: medium;\">? \u2013 T\u00e3o profundas as coloca\u00e7\u00f5es de amigos de inf\u00e2ncia que temos.<\/span><\/span><\/p>\n<p align=\"justify\"><span style=\"font-family: Arial, serif;\"><span style=\"font-size: medium;\">&#8211; Dei umas erradas por a\u00ed, Odin. Mas foram p\u00e9ssimas, tinha uma dona me seguindo. E eu l\u00e1 sou Jesus pra me seguirem? \u2013 J\u00e1 sobe um cheiro acre de cerveja velha do meu copo; j\u00e1 do lado do amigo, cinco canecas emborcadas e a cerveja saltitando como um dervixe na garganta dele.- Eu n\u00e3o sei direito, de um tempo pra c\u00e1 comecei a ficar inseguro com tudo, temos uma dist\u00e2ncia imensa entre n\u00f3s e eu fico querendo substituir minha \u201cex\u201d de uma forma muito artificial, mas \u00e9 um sentimento que toma minha vontade e fico nessa&#8230;<\/span><\/span><\/p>\n<p align=\"justify\"><span style=\"font-family: Arial, serif;\"><span style=\"font-size: medium;\">&#8211; Mas depois de velho virou punheteiro? N\u00e3o se esque\u00e7a do garoto de Minas que morreu depois de tocar duzentas e quarenta bronhas. Fica na tua, irm\u00e3o! Curte a vida e curte teu amor. Sorte a tua de ter encontrado algu\u00e9m que quer estar ao teu lado de verdade. Entende o tempo das coisas e fica firme, tu j\u00e1 t\u00e1 cheio de problemas e fica criando chifre em mosca pra sofrer! Vai te catar!<\/span><\/span><\/p>\n<p align=\"justify\"><span style=\"font-family: Arial, serif;\"><span style=\"font-size: medium;\">O Fluminense ganhou o campeonato e tive de carregar Odin pra casa, mesmo ele insistindo em irmos para um bordel de um amigo dele, onde as prostitutas d\u00e3o desconto de quarenta por cento se o cara conseguir faz\u00ea-las gozar.<\/span><\/span><\/p>\n<p align=\"justify\"><span style=\"font-family: Arial, serif;\"><span style=\"font-size: medium;\">Foi \u00f3timo ter revisto meu velho amigo, amigo de sempre. A Amizade tem um car\u00e1ter perp\u00e9tuo e reconforta sempre \u2013 faz-nos mais joviais. Resistente ao tempo, ela reaparece como se nunca tivesse sa\u00eddo do lugar de origem. <\/span><\/span><\/p>\n<p align=\"justify\"><span style=\"font-family: Arial, serif;\"><span style=\"font-size: medium;\">Eu amo esse cara!<\/span><\/span><\/p>\n<p align=\"justify\"><span style=\"font-family: Arial, serif;\"><span style=\"font-size: medium;\"><b>III \u2013 AMOR NO CATETE<\/b><\/span><\/span><\/p>\n<p align=\"justify\"><span style=\"font-family: Arial, serif;\"><span style=\"font-size: medium;\">Ela estava l\u00e1, sempre est\u00e1 l\u00e1. Encontrei-a j\u00e1 no quarto do hotel e pouco teve import\u00e2ncia o buqu\u00ea de rosas que oferecia a minha deusa, nosso tempo \u00e9 sempre curto, pois precisamos nos amar das formas mais intensas poss\u00edveis.<\/span><\/span><\/p>\n<p align=\"justify\"><span style=\"font-family: Arial, serif;\"><span style=\"font-size: medium;\">N\u00e3o h\u00e1 ocasi\u00e3o para outra coisa a n\u00e3o ser nos perdermos no corpo e na alma um do outro. <\/span><\/span><\/p>\n<p align=\"justify\"><span style=\"font-family: Arial, serif;\"><span style=\"font-size: medium;\">Cerramos as cortinas e ligamos a luz de algum abajur, como dois vampiros: um dia se passa \u2013 sempre o tempo de nosso amor \u00e9 um dia. Provavelmente \u00e9 alguma equa\u00e7\u00e3o cabal\u00edstica, vivemos um amor de um dia, um dia intermitente, que n\u00e3o acaba nunca, porque ele continua em nossos encontros presentes e -Deus queira &#8211; futuros.<\/span><\/span><\/p>\n<p align=\"justify\"><span style=\"font-family: Arial, serif;\"><span style=\"font-size: medium;\">O amor, essa grande roda gigante dos sentimentos, que leva alegria, conforto, irrita\u00e7\u00f5es, desprezos, desgra\u00e7as e b\u00ean\u00e7\u00e3os em iguais medidas aos que sabem e aos que n\u00e3o sabem vivenci\u00e1-lo, est\u00e1 presente no la\u00e7o que me une ao grande e inef\u00e1vel querer bem a ela&#8230; Sempre ela!<\/span><\/span><\/p>\n","protected":false},"excerpt":{"rendered":"<p>CR\u00d4NICA Por Guilherme Maia &nbsp; I \u2013 FACADA NA LAPA Noite afora pela Lapa, o bom e velho bairro bo\u00eamio e m\u00edstico do Rio de Janeiro. Entre sambas, chorinhos e funk; entre fantasmas de Manuel bandeira e Madame Sat\u00e3, aqui&hellip;<\/p>\n","protected":false},"author":2002,"featured_media":1767291,"comment_status":"closed","ping_status":"closed","sticky":false,"template":"","format":"standard","meta":{"footnotes":""},"categories":[104,112,165],"tags":[75238,75338],"class_list":["post-1767290","post","type-post","status-publish","format-standard","has-post-thumbnail","hentry","category-america-do-sul","category-cultura-pt-pt","category-opiniao","tag-caderno-de-cultura","tag-cronica"],"yoast_head":"<!-- This site is optimized with the Yoast SEO plugin v27.1.1 - https:\/\/yoast.com\/product\/yoast-seo-wordpress\/ -->\n<title>Uma Lua<\/title>\n<meta name=\"description\" content=\"CR\u00d4NICA Por Guilherme Maia &nbsp; I \u2013 FACADA NA LAPA Noite afora pela Lapa, o bom e velho bairro bo\u00eamio e m\u00edstico do Rio de Janeiro. Entre sambas,\" \/>\n<meta name=\"robots\" content=\"index, follow, max-snippet:-1, max-image-preview:large, max-video-preview:-1\" \/>\n<link rel=\"canonical\" href=\"https:\/\/www.pressenza.com\/pt-pt\/2023\/09\/uma-lua\/\" \/>\n<meta property=\"og:locale\" content=\"pt_PT\" \/>\n<meta property=\"og:type\" content=\"article\" \/>\n<meta property=\"og:title\" content=\"Uma Lua\" \/>\n<meta property=\"og:description\" content=\"CR\u00d4NICA Por Guilherme Maia &nbsp; I \u2013 FACADA NA LAPA Noite afora pela Lapa, o bom e velho bairro bo\u00eamio e m\u00edstico do Rio de Janeiro. Entre sambas,\" \/>\n<meta property=\"og:url\" content=\"https:\/\/www.pressenza.com\/pt-pt\/2023\/09\/uma-lua\/\" \/>\n<meta property=\"og:site_name\" content=\"Pressenza\" \/>\n<meta property=\"article:publisher\" content=\"https:\/\/www.facebook.com\/PressenzaItalia\" \/>\n<meta property=\"article:published_time\" content=\"2023-09-25T00:40:40+00:00\" \/>\n<meta property=\"og:image\" content=\"https:\/\/www.pressenza.com\/wp-content\/uploads\/2023\/09\/fotos-site-pressenza-3-4.jpg\" \/>\n\t<meta property=\"og:image:width\" content=\"750\" \/>\n\t<meta property=\"og:image:height\" content=\"420\" \/>\n\t<meta property=\"og:image:type\" content=\"image\/jpeg\" \/>\n<meta name=\"author\" content=\"Guilherme Maia\" \/>\n<meta name=\"twitter:card\" content=\"summary_large_image\" \/>\n<meta name=\"twitter:creator\" content=\"@PressenzaIPA\" \/>\n<meta name=\"twitter:site\" content=\"@PressenzaIPA\" \/>\n<meta name=\"twitter:label1\" content=\"Escrito por\" \/>\n\t<meta name=\"twitter:data1\" content=\"Guilherme Maia\" \/>\n\t<meta name=\"twitter:label2\" content=\"Tempo estimado de leitura\" \/>\n\t<meta name=\"twitter:data2\" content=\"10 minutos\" \/>\n<script type=\"application\/ld+json\" class=\"yoast-schema-graph\">{\"@context\":\"https:\/\/schema.org\",\"@graph\":[{\"@type\":\"Article\",\"@id\":\"https:\/\/www.pressenza.com\/pt-pt\/2023\/09\/uma-lua\/#article\",\"isPartOf\":{\"@id\":\"https:\/\/www.pressenza.com\/pt-pt\/2023\/09\/uma-lua\/\"},\"author\":{\"name\":\"Guilherme Maia\",\"@id\":\"https:\/\/www.pressenza.com\/pt-pt\/#\/schema\/person\/4a0acc3e729565dbfccac001358dedee\"},\"headline\":\"Uma Lua\",\"datePublished\":\"2023-09-25T00:40:40+00:00\",\"mainEntityOfPage\":{\"@id\":\"https:\/\/www.pressenza.com\/pt-pt\/2023\/09\/uma-lua\/\"},\"wordCount\":1773,\"publisher\":{\"@id\":\"https:\/\/www.pressenza.com\/pt-pt\/#organization\"},\"image\":{\"@id\":\"https:\/\/www.pressenza.com\/pt-pt\/2023\/09\/uma-lua\/#primaryimage\"},\"thumbnailUrl\":\"https:\/\/www.pressenza.com\/wp-content\/uploads\/2023\/09\/fotos-site-pressenza-3-4.jpg\",\"keywords\":[\"caderno de cultura\",\"cr\u00f4nica\"],\"articleSection\":[\"\u00c1m\u00e9rica do Sul\",\"Cultura e M\u00eddia\",\"Opini\u00e3o\"],\"inLanguage\":\"pt-PT\"},{\"@type\":\"WebPage\",\"@id\":\"https:\/\/www.pressenza.com\/pt-pt\/2023\/09\/uma-lua\/\",\"url\":\"https:\/\/www.pressenza.com\/pt-pt\/2023\/09\/uma-lua\/\",\"name\":\"Uma Lua\",\"isPartOf\":{\"@id\":\"https:\/\/www.pressenza.com\/pt-pt\/#website\"},\"primaryImageOfPage\":{\"@id\":\"https:\/\/www.pressenza.com\/pt-pt\/2023\/09\/uma-lua\/#primaryimage\"},\"image\":{\"@id\":\"https:\/\/www.pressenza.com\/pt-pt\/2023\/09\/uma-lua\/#primaryimage\"},\"thumbnailUrl\":\"https:\/\/www.pressenza.com\/wp-content\/uploads\/2023\/09\/fotos-site-pressenza-3-4.jpg\",\"datePublished\":\"2023-09-25T00:40:40+00:00\",\"description\":\"CR\u00d4NICA Por Guilherme Maia &nbsp; I \u2013 FACADA NA LAPA Noite afora pela Lapa, o bom e velho bairro bo\u00eamio e m\u00edstico do Rio de Janeiro. Entre sambas,\",\"breadcrumb\":{\"@id\":\"https:\/\/www.pressenza.com\/pt-pt\/2023\/09\/uma-lua\/#breadcrumb\"},\"inLanguage\":\"pt-PT\",\"potentialAction\":[{\"@type\":\"ReadAction\",\"target\":[\"https:\/\/www.pressenza.com\/pt-pt\/2023\/09\/uma-lua\/\"]}]},{\"@type\":\"ImageObject\",\"inLanguage\":\"pt-PT\",\"@id\":\"https:\/\/www.pressenza.com\/pt-pt\/2023\/09\/uma-lua\/#primaryimage\",\"url\":\"https:\/\/www.pressenza.com\/wp-content\/uploads\/2023\/09\/fotos-site-pressenza-3-4.jpg\",\"contentUrl\":\"https:\/\/www.pressenza.com\/wp-content\/uploads\/2023\/09\/fotos-site-pressenza-3-4.jpg\",\"width\":750,\"height\":420},{\"@type\":\"BreadcrumbList\",\"@id\":\"https:\/\/www.pressenza.com\/pt-pt\/2023\/09\/uma-lua\/#breadcrumb\",\"itemListElement\":[{\"@type\":\"ListItem\",\"position\":1,\"name\":\"Accueil\",\"item\":\"https:\/\/www.pressenza.com\/pt-pt\/\"},{\"@type\":\"ListItem\",\"position\":2,\"name\":\"Uma Lua\"}]},{\"@type\":\"WebSite\",\"@id\":\"https:\/\/www.pressenza.com\/pt-pt\/#website\",\"url\":\"https:\/\/www.pressenza.com\/pt-pt\/\",\"name\":\"Pressenza\",\"description\":\"International Press Agency\",\"publisher\":{\"@id\":\"https:\/\/www.pressenza.com\/pt-pt\/#organization\"},\"potentialAction\":[{\"@type\":\"SearchAction\",\"target\":{\"@type\":\"EntryPoint\",\"urlTemplate\":\"https:\/\/www.pressenza.com\/pt-pt\/?s={search_term_string}\"},\"query-input\":{\"@type\":\"PropertyValueSpecification\",\"valueRequired\":true,\"valueName\":\"search_term_string\"}}],\"inLanguage\":\"pt-PT\"},{\"@type\":\"Organization\",\"@id\":\"https:\/\/www.pressenza.com\/pt-pt\/#organization\",\"name\":\"Pressenza\",\"url\":\"https:\/\/www.pressenza.com\/pt-pt\/\",\"logo\":{\"@type\":\"ImageObject\",\"inLanguage\":\"pt-PT\",\"@id\":\"https:\/\/www.pressenza.com\/pt-pt\/#\/schema\/logo\/image\/\",\"url\":\"https:\/\/www.pressenza.com\/wp-content\/uploads\/2022\/10\/pressenza_logo_200x200.jpg\",\"contentUrl\":\"https:\/\/www.pressenza.com\/wp-content\/uploads\/2022\/10\/pressenza_logo_200x200.jpg\",\"width\":200,\"height\":200,\"caption\":\"Pressenza\"},\"image\":{\"@id\":\"https:\/\/www.pressenza.com\/pt-pt\/#\/schema\/logo\/image\/\"},\"sameAs\":[\"https:\/\/www.facebook.com\/PressenzaItalia\",\"https:\/\/x.com\/PressenzaIPA\"]},{\"@type\":\"Person\",\"@id\":\"https:\/\/www.pressenza.com\/pt-pt\/#\/schema\/person\/4a0acc3e729565dbfccac001358dedee\",\"name\":\"Guilherme Maia\",\"description\":\"Escritor, sambista, anarcochargista e advogado nas horas vagas.\",\"url\":\"https:\/\/www.pressenza.com\/pt-pt\/author\/guilherme-maia\/\"}]}<\/script>\n<!-- \/ Yoast SEO plugin. -->","yoast_head_json":{"title":"Uma Lua","description":"CR\u00d4NICA Por Guilherme Maia &nbsp; I \u2013 FACADA NA LAPA Noite afora pela Lapa, o bom e velho bairro bo\u00eamio e m\u00edstico do Rio de Janeiro. Entre sambas,","robots":{"index":"index","follow":"follow","max-snippet":"max-snippet:-1","max-image-preview":"max-image-preview:large","max-video-preview":"max-video-preview:-1"},"canonical":"https:\/\/www.pressenza.com\/pt-pt\/2023\/09\/uma-lua\/","og_locale":"pt_PT","og_type":"article","og_title":"Uma Lua","og_description":"CR\u00d4NICA Por Guilherme Maia &nbsp; I \u2013 FACADA NA LAPA Noite afora pela Lapa, o bom e velho bairro bo\u00eamio e m\u00edstico do Rio de Janeiro. Entre sambas,","og_url":"https:\/\/www.pressenza.com\/pt-pt\/2023\/09\/uma-lua\/","og_site_name":"Pressenza","article_publisher":"https:\/\/www.facebook.com\/PressenzaItalia","article_published_time":"2023-09-25T00:40:40+00:00","og_image":[{"width":750,"height":420,"url":"https:\/\/www.pressenza.com\/wp-content\/uploads\/2023\/09\/fotos-site-pressenza-3-4.jpg","type":"image\/jpeg"}],"author":"Guilherme Maia","twitter_card":"summary_large_image","twitter_creator":"@PressenzaIPA","twitter_site":"@PressenzaIPA","twitter_misc":{"Escrito por":"Guilherme Maia","Tempo estimado de leitura":"10 minutos"},"schema":{"@context":"https:\/\/schema.org","@graph":[{"@type":"Article","@id":"https:\/\/www.pressenza.com\/pt-pt\/2023\/09\/uma-lua\/#article","isPartOf":{"@id":"https:\/\/www.pressenza.com\/pt-pt\/2023\/09\/uma-lua\/"},"author":{"name":"Guilherme Maia","@id":"https:\/\/www.pressenza.com\/pt-pt\/#\/schema\/person\/4a0acc3e729565dbfccac001358dedee"},"headline":"Uma Lua","datePublished":"2023-09-25T00:40:40+00:00","mainEntityOfPage":{"@id":"https:\/\/www.pressenza.com\/pt-pt\/2023\/09\/uma-lua\/"},"wordCount":1773,"publisher":{"@id":"https:\/\/www.pressenza.com\/pt-pt\/#organization"},"image":{"@id":"https:\/\/www.pressenza.com\/pt-pt\/2023\/09\/uma-lua\/#primaryimage"},"thumbnailUrl":"https:\/\/www.pressenza.com\/wp-content\/uploads\/2023\/09\/fotos-site-pressenza-3-4.jpg","keywords":["caderno de cultura","cr\u00f4nica"],"articleSection":["\u00c1m\u00e9rica do Sul","Cultura e M\u00eddia","Opini\u00e3o"],"inLanguage":"pt-PT"},{"@type":"WebPage","@id":"https:\/\/www.pressenza.com\/pt-pt\/2023\/09\/uma-lua\/","url":"https:\/\/www.pressenza.com\/pt-pt\/2023\/09\/uma-lua\/","name":"Uma Lua","isPartOf":{"@id":"https:\/\/www.pressenza.com\/pt-pt\/#website"},"primaryImageOfPage":{"@id":"https:\/\/www.pressenza.com\/pt-pt\/2023\/09\/uma-lua\/#primaryimage"},"image":{"@id":"https:\/\/www.pressenza.com\/pt-pt\/2023\/09\/uma-lua\/#primaryimage"},"thumbnailUrl":"https:\/\/www.pressenza.com\/wp-content\/uploads\/2023\/09\/fotos-site-pressenza-3-4.jpg","datePublished":"2023-09-25T00:40:40+00:00","description":"CR\u00d4NICA Por Guilherme Maia &nbsp; I \u2013 FACADA NA LAPA Noite afora pela Lapa, o bom e velho bairro bo\u00eamio e m\u00edstico do Rio de Janeiro. Entre sambas,","breadcrumb":{"@id":"https:\/\/www.pressenza.com\/pt-pt\/2023\/09\/uma-lua\/#breadcrumb"},"inLanguage":"pt-PT","potentialAction":[{"@type":"ReadAction","target":["https:\/\/www.pressenza.com\/pt-pt\/2023\/09\/uma-lua\/"]}]},{"@type":"ImageObject","inLanguage":"pt-PT","@id":"https:\/\/www.pressenza.com\/pt-pt\/2023\/09\/uma-lua\/#primaryimage","url":"https:\/\/www.pressenza.com\/wp-content\/uploads\/2023\/09\/fotos-site-pressenza-3-4.jpg","contentUrl":"https:\/\/www.pressenza.com\/wp-content\/uploads\/2023\/09\/fotos-site-pressenza-3-4.jpg","width":750,"height":420},{"@type":"BreadcrumbList","@id":"https:\/\/www.pressenza.com\/pt-pt\/2023\/09\/uma-lua\/#breadcrumb","itemListElement":[{"@type":"ListItem","position":1,"name":"Accueil","item":"https:\/\/www.pressenza.com\/pt-pt\/"},{"@type":"ListItem","position":2,"name":"Uma Lua"}]},{"@type":"WebSite","@id":"https:\/\/www.pressenza.com\/pt-pt\/#website","url":"https:\/\/www.pressenza.com\/pt-pt\/","name":"Pressenza","description":"International Press Agency","publisher":{"@id":"https:\/\/www.pressenza.com\/pt-pt\/#organization"},"potentialAction":[{"@type":"SearchAction","target":{"@type":"EntryPoint","urlTemplate":"https:\/\/www.pressenza.com\/pt-pt\/?s={search_term_string}"},"query-input":{"@type":"PropertyValueSpecification","valueRequired":true,"valueName":"search_term_string"}}],"inLanguage":"pt-PT"},{"@type":"Organization","@id":"https:\/\/www.pressenza.com\/pt-pt\/#organization","name":"Pressenza","url":"https:\/\/www.pressenza.com\/pt-pt\/","logo":{"@type":"ImageObject","inLanguage":"pt-PT","@id":"https:\/\/www.pressenza.com\/pt-pt\/#\/schema\/logo\/image\/","url":"https:\/\/www.pressenza.com\/wp-content\/uploads\/2022\/10\/pressenza_logo_200x200.jpg","contentUrl":"https:\/\/www.pressenza.com\/wp-content\/uploads\/2022\/10\/pressenza_logo_200x200.jpg","width":200,"height":200,"caption":"Pressenza"},"image":{"@id":"https:\/\/www.pressenza.com\/pt-pt\/#\/schema\/logo\/image\/"},"sameAs":["https:\/\/www.facebook.com\/PressenzaItalia","https:\/\/x.com\/PressenzaIPA"]},{"@type":"Person","@id":"https:\/\/www.pressenza.com\/pt-pt\/#\/schema\/person\/4a0acc3e729565dbfccac001358dedee","name":"Guilherme Maia","description":"Escritor, sambista, anarcochargista e advogado nas horas vagas.","url":"https:\/\/www.pressenza.com\/pt-pt\/author\/guilherme-maia\/"}]}},"place":"Teres\u00f3polis, Rio de Janeiro \/ Brasil","original_article_url":"","_links":{"self":[{"href":"https:\/\/www.pressenza.com\/pt-pt\/wp-json\/wp\/v2\/posts\/1767290","targetHints":{"allow":["GET"]}}],"collection":[{"href":"https:\/\/www.pressenza.com\/pt-pt\/wp-json\/wp\/v2\/posts"}],"about":[{"href":"https:\/\/www.pressenza.com\/pt-pt\/wp-json\/wp\/v2\/types\/post"}],"author":[{"embeddable":true,"href":"https:\/\/www.pressenza.com\/pt-pt\/wp-json\/wp\/v2\/users\/2002"}],"replies":[{"embeddable":true,"href":"https:\/\/www.pressenza.com\/pt-pt\/wp-json\/wp\/v2\/comments?post=1767290"}],"version-history":[{"count":0,"href":"https:\/\/www.pressenza.com\/pt-pt\/wp-json\/wp\/v2\/posts\/1767290\/revisions"}],"wp:featuredmedia":[{"embeddable":true,"href":"https:\/\/www.pressenza.com\/pt-pt\/wp-json\/wp\/v2\/media\/1767291"}],"wp:attachment":[{"href":"https:\/\/www.pressenza.com\/pt-pt\/wp-json\/wp\/v2\/media?parent=1767290"}],"wp:term":[{"taxonomy":"category","embeddable":true,"href":"https:\/\/www.pressenza.com\/pt-pt\/wp-json\/wp\/v2\/categories?post=1767290"},{"taxonomy":"post_tag","embeddable":true,"href":"https:\/\/www.pressenza.com\/pt-pt\/wp-json\/wp\/v2\/tags?post=1767290"}],"curies":[{"name":"wp","href":"https:\/\/api.w.org\/{rel}","templated":true}]}}