{"id":1766093,"date":"2023-09-19T00:43:31","date_gmt":"2023-09-18T23:43:31","guid":{"rendered":"https:\/\/www.pressenza.com\/?p=1766093"},"modified":"2023-09-19T00:43:31","modified_gmt":"2023-09-18T23:43:31","slug":"assange-e-a-solidao","status":"publish","type":"post","link":"https:\/\/www.pressenza.com\/pt-pt\/2023\/09\/assange-e-a-solidao\/","title":{"rendered":"Assange e a Solid\u00e3o"},"content":{"rendered":"<h5><span style=\"color: #999999;\">CR\u00d5NICA<\/span><\/h5>\n<p><strong><em>Por Guilherme Maia<\/em><\/strong><\/p>\n<p>&nbsp;<\/p>\n<h2 style=\"text-align: left;\" align=\"right\">\u201cEles sabem o pre\u00e7o de tudo, mas n\u00e3o sabem o valor de nada.\u201d<\/h2>\n<p style=\"text-align: left;\" align=\"right\">Oscar Wilde<\/p>\n<p align=\"right\">\n<p align=\"justify\"><span style=\"font-family: Arial, serif;\"><span style=\"font-size: medium;\">Madrugada afora, Sinval liga seu computador e sabe o que vai acontecer: mulheres nuas, lambendo as c\u00e2meras e simulando orgasmos \u2013 um teatro. Como verter toda a sua impetuosidade num texto? Essa era a forma de comunica\u00e7\u00e3o com as putas do site. Estava s\u00f3, sempre estivera s\u00f3 e, de alguma forma aleat\u00f3ria, tentava dissimular suas refer\u00eancias de cultura (era professor de grego da UERJ, titular \u2013 algu\u00e9m tem que ser).<\/span><\/span><\/p>\n<p align=\"justify\"><span style=\"font-family: Arial, serif;\"><span style=\"font-size: medium;\">Quatro da madrugada d\u00f3i para passar, dizem inclusive que voc\u00ea apenas pode determinar se sofre ou n\u00e3o de depress\u00e3o da braba se acorda diariamente \u00e0s quatro horas. A vida \u00e9 dura, sentimentos s\u00e3o rarefeitos e Sinval liga seu notebook para passar o tempo fingindo amor. N\u00e3o existe amor, afago do ego talvez, mas amor deixou de existir por quebras hist\u00f3ricas provindas de nossos antepassados. Ele estava l\u00e1, o amor um dia existiu, mas ap\u00f3s ser mutilado por mil\u00eanios, voltou ao Olimpo com relat\u00f3rios repugnantes a V\u00eanus.<\/span><\/span><\/p>\n<p align=\"justify\"><span style=\"font-family: Arial, serif;\"><span style=\"font-size: medium;\">Sinval aciona o mecanismo eletromagn\u00e9tico conectado \u00e0 sua subjetividade e inicia suas ilus\u00f5es. Um copo de gin com a base molhada pelo derretimento do gelo, um cinzeiro transbordando cinzas s\u00e3o os sinais de sua fraqueza e instabilidade emocional, talvez tenha sido amamentado pouco nos seus in\u00edcios. <\/span><\/span><\/p>\n<p align=\"justify\"><span style=\"font-family: Arial, serif;\"><span style=\"font-size: medium;\">O fato era que n\u00e3o conseguia se relacionar com mulheres e sua puls\u00e3o sexual jogava-o na vertiginosa onda de bucetas, peitos, quadris e coxas amontoadas pela internet. Brancas, asi\u00e1ticas, negras, abor\u00edgenes, todas apareciam a Sinval como sua \u00faltima esperan\u00e7a de felicidade. A felicidade de uma vida inteira resumida a um simulado tes\u00e3o.<\/span><\/span><\/p>\n<p align=\"justify\"><span style=\"font-family: Arial, serif;\"><span style=\"font-size: medium;\">Sentia-se s\u00f3 pelas madrugadas desde que se divorciou da Desgra\u00e7ada \u2013 nome dado por ele \u00e0 ex-esposa numa esp\u00e9cie de rebatismo, simplesmente esse era o ressignificado de tudo: a Desgra\u00e7ada.<\/span><\/span><\/p>\n<p align=\"justify\"><span style=\"font-family: Arial, serif;\"><span style=\"font-size: medium;\">Faz suas anota\u00e7\u00f5es, sempre fora sistem\u00e1tico, para estabelecer seus di\u00e1logos com suas putas amadas: \u201cninfas da Terra\u201d; \u201cninfas celestes\u201d e \u201cninfas subterr\u00e2neas\u201d.<\/span><\/span><\/p>\n<p align=\"justify\"><span style=\"font-family: Arial, serif;\"><span style=\"font-size: medium;\">Com o mesmo bombardeio energ\u00e9tico que liga seu computador, assim \u00e9 a aflu\u00eancia relaxante, o reconforto de se sentir acolhido, &#8211; a substitui\u00e7\u00e3o da m\u00e3e, &#8211; que toma e remodela a depress\u00e3o do professor de grego. <\/span><\/span><\/p>\n<p align=\"justify\"><span style=\"font-family: Arial, serif;\"><span style=\"font-size: medium;\">Tudo est\u00e1 pronto para mais uma sess\u00e3o de amor sint\u00e9tico.<\/span><\/span><\/p>\n<p align=\"justify\"><span style=\"font-family: Arial, serif;\"><span style=\"font-size: medium;\">&#8211; Oi, Sinval, que saudade de voc\u00ea, meu amor \u2013 geme Adelaide, uma holandesa dessas que ordenham vacas em fazendas leiteiras; enorme, parece que poderia engolir Sinval e degluti-lo em quest\u00e3o de segundos.<\/span><\/span><\/p>\n<p align=\"justify\"><span style=\"font-family: Arial, serif;\"><span style=\"font-size: medium;\">&#8211; Oi, Adelaide. \u2013 Ele responde sempre com medo, ele tem medo das mulheres e aquela guerreira de Tejucopapo, ent\u00e3o! Deixava suas m\u00e3os tr\u00eamulas e suadas.<\/span><\/span><\/p>\n<p align=\"justify\"><span style=\"font-family: Arial, serif;\"><span style=\"font-size: medium;\">&#8211; Vem, meu homem, quero que sinta meu corpo contra o seu! Quero que me chupe inteira, s\u00f3 voc\u00ea sabe fazer, Sinval.<\/span><\/span><\/p>\n<p align=\"justify\"><span style=\"font-family: Arial, serif;\"><span style=\"font-size: medium;\">&#8211; Eu, eu, eu&#8230; &#8211; Gagueja como algu\u00e9m levado ao cadafalso, parecia o Mauro Cid prestando depoimento na CPI do terrorismo verdelindo. Tomado pelo medo fica paralisado.<\/span><\/span><\/p>\n<p align=\"justify\"><span style=\"font-family: Arial, serif;\"><span style=\"font-size: medium;\">&#8211; Vem, Sinval! Vem, Sinval!<\/span><\/span><\/p>\n<p align=\"justify\"><span style=\"font-family: Arial, serif;\"><span style=\"font-size: medium;\">&#8211; N\u00e3o vou&#8230; N\u00e3o vou&#8230;<\/span><\/span><\/p>\n<p align=\"justify\"><span style=\"font-family: Arial, serif;\"><span style=\"font-size: medium;\">&#8211; Sinval, se voc\u00ea n\u00e3o vier, eu vou at\u00e9 a\u00ed e te pego de jeito!<\/span><\/span><\/p>\n<p align=\"justify\"><span style=\"font-family: Arial, serif;\"><span style=\"font-size: medium;\">&#8211; N\u00e3o vem n\u00e3o, aqui eu fico sozinho e, por isso, eu vou chamar o pol\u00edcia, Adelaide!<\/span><\/span><\/p>\n<p align=\"justify\"><span style=\"font-family: Arial, serif;\"><span style=\"font-size: medium;\">&#8211; Chama mesmo que eu como os policiais tamb\u00e9m, Sinval!<\/span><\/span><\/p>\n<p align=\"justify\"><span style=\"font-family: Arial, serif;\"><span style=\"font-size: medium;\">&#8211; Meu Deus&#8230;. S\u00f3 resta entregar-me a voc\u00ea, Atena guerreira; tu que \u00e9s deusa da sabedoria e da guerra venha com seu arp\u00e3o!<\/span><\/span><\/p>\n<p align=\"justify\"><span style=\"font-family: Arial, serif;\"><span style=\"font-size: medium;\">E por a\u00ed ele foi. Com sua efusividade infantil, o medo mexendo em seu orgulho de professor de grego titular da Uerj, tr\u00eamulo, as m\u00e3os encharcadas, olhos v\u00edtreos resultado do prazer inenarr\u00e1vel que Adelaide imprimia \u00e0quele momento \u2013 claro que o tax\u00edmetro estava ligado.<\/span><\/span><\/p>\n<p align=\"justify\"><span style=\"font-family: Arial, serif;\"><span style=\"font-size: medium;\">De repente, fecha os olhos e encarna toda a m\u00edstica infrene da mitologia greco-romana, respira com fragor e entoa palavras gregas entremeadas a cantos de elegia a deusas e guerreiras.<\/span><\/span><\/p>\n<p align=\"justify\"><span style=\"font-family: Arial, serif;\"><span style=\"font-size: medium;\">E assim foi.<\/span><\/span><\/p>\n<p align=\"justify\"><span style=\"font-family: Arial, serif;\"><span style=\"font-size: medium;\">&#8211; Ceres de minha terra, brota de meu solo a virilidade masculina, faz-me f\u00e9rtil e forte para misturar meus fluidos aos seus!<\/span><\/span><\/p>\n<p align=\"justify\"><span style=\"font-family: Arial, serif;\"><span style=\"font-size: medium;\">E outra.<\/span><\/span><\/p>\n<p align=\"justify\"><span style=\"font-family: Arial, serif;\"><span style=\"font-size: medium;\">&#8211; Cobi\u00e7o-a como os sobrinhos deuses desejavam H\u00e9stia \u2013 Adelaide, \u00e9s casta e vulner\u00e1vel aos desejos mundanos que n\u00e3o entendem a mistura sublime de deusas que voc\u00ea compreende em si! Voc\u00ea \u00e9 uma legi\u00e3o de deusas: \u00e9s Nix progenitora da noite; \u00e9s M\u00e9tis por que tem toda a sabedoria para a vit\u00f3ria!<\/span><\/span><\/p>\n<p align=\"justify\"><span style=\"font-family: Arial, serif;\"><span style=\"font-size: medium;\">Acontece que Adelaide gostava dessas compara\u00e7\u00f5es. Lembrava de um professor de l\u00edngua portuguesa, o primeiro que devorou, l\u00e1 em Madureira. Usava aqueles \u00f3culos fundo de garrafa, mas tinha um torso de jogador do Flamengo e aquela voz de gal\u00e3 da novela das oito ent\u00e3o&#8230; Que sujeito m\u00e1sculo era aquele professor de portugu\u00eas&#8230;<\/span><\/span><\/p>\n<p align=\"justify\"><span style=\"font-family: Arial, serif;\"><span style=\"font-size: medium;\">Ap\u00f3s certo tempo de consumo, Adelaide comprara um dicion\u00e1rio de mitologia greco-romana e, assim, dessa forma mesmo, come\u00e7ou a entender as alus\u00f5es a suas coxas como sendo as provindas da b\u00ean\u00e7\u00e3o de Dion\u00edsio libidinoso. Ela j\u00e1 sabia toda a t\u00e9cnica de hermen\u00eautica cl\u00e1ssica e poderia at\u00e9 mesmo ajudar Sinval a escalar os cargos no magist\u00e9rio da Uerj.<\/span><\/span><\/p>\n<p align=\"justify\"><span style=\"font-family: Arial, serif;\"><span style=\"font-size: medium;\">Eles tinham uma cumplicidade, havia sim um el\u00e3 de aproxima\u00e7\u00e3o \u00edntima entre os dois, professor e prostituta. Coisas que o destino joga as pessoas como pe\u00f5es no tabuleiro (estamos na linha de frente na batalha queiramos ou n\u00e3o). <\/span><\/span><\/p>\n<p align=\"justify\"><span style=\"font-family: Arial, serif;\"><span style=\"font-size: medium;\">Mas apesar de toda a trama desse envolvimento imprevis\u00edvel, o mundo ainda gira e, da mesma forma que os dois, Sinval e Adelaide, cada um de uma forma pr\u00f3pria, sentiam a solid\u00e3o dos cansados, dos desprovidos de amor, dos insones: dessa mesma forma estava um homem a quil\u00f4metros de dist\u00e2ncia em pena solid\u00e3o.<\/span><\/span><\/p>\n<p align=\"justify\"><span style=\"font-family: Arial, serif;\"><span style=\"font-size: medium;\">Julien Assange, fundador do <\/span><\/span><span style=\"font-family: Arial, serif;\"><span style=\"font-size: medium;\"><i>Wikileaks<\/i><\/span><\/span><span style=\"font-family: Arial, serif;\"><span style=\"font-size: medium;\">, mofava no pres\u00eddio Belmarsh, pensava nos pr\u00eamios ganhos por defesa de direitos humanos em n\u00edvel internacional, como quando recebeu o <\/span><\/span><span style=\"color: #0000ff;\"><a href=\"https:\/\/pt.wikipedia.org\/wiki\/Amnesty_International_UK_Media_Awards\"><span style=\"color: #000000;\"><span style=\"font-family: Arial, serif;\"><span style=\"font-size: medium;\"><i>Mnesty International UK Media Awards<\/i><\/span><\/span><\/span><\/a><\/span><span style=\"font-family: Arial, serif;\"><span style=\"font-size: medium;\">.<\/span><\/span><\/p>\n<p align=\"justify\"><span style=\"font-family: Arial, serif;\"><span style=\"font-size: medium;\">Assassinatos no Qu\u00eania, exposi\u00e7\u00e3o dos crimes cometidos na Guerra do Afeganist\u00e3o. Sempre intervinha por mostrar a verdade e as maldades \u00e0 quais muitos de n\u00f3s somos submetidos e nem nos damos conta.<\/span><\/span><\/p>\n<p align=\"justify\"><span style=\"font-family: Arial, serif;\"><span style=\"font-size: medium;\">Sim! Ele estava preso e em sua pris\u00e3o estavam contidas todas as mazelas da humanidade atual: suas afli\u00e7\u00f5es contra hackers para defender crimes inestim\u00e1veis \u2013 coisas que possibilitam mortes em massa. A vida, &#8211; isso &#8211; n\u00e3o valia mais nada. <\/span><\/span><\/p>\n<p align=\"justify\"><span style=\"font-family: Arial, serif;\"><span style=\"font-size: medium;\">Tudo estava dominado e se houvesse exposi\u00e7\u00e3o sobre os crimes, que o expositor fosse preso e que os crimes perpetuassem at\u00e9 o fim dos tempos.<\/span><\/span><\/p>\n<p align=\"justify\"><span style=\"font-family: Arial, serif;\"><span style=\"font-size: medium;\">N\u00e3o eram crimes comezinhos, como o furto de uma manteiga que leva uma m\u00e3e pressurosa de seus filhos a terem o que comer: aqui estamos falando de crimes cometidos pela sanha de um Estado pr\u00e9-Liberal, autorit\u00e1rio e sem peias frente ao indiv\u00edduo. De aloca\u00e7\u00e3o de recursos dos contribuintes para tacar o terror numa popula\u00e7\u00e3o mundial cansada de um paradigma de concorr\u00eancia fratricida.<\/span><\/span><\/p>\n<p align=\"justify\"><span style=\"font-family: Arial, serif;\"><span style=\"font-size: medium;\">Por tudo isso, Sinval, Adelaide e Julien Assange viviam cada um seu inferno astral que, por mais que n\u00e3o queiramos, \u00e9 o nosso tamb\u00e9m.<\/span><\/span><\/p>\n","protected":false},"excerpt":{"rendered":"<p>CR\u00d5NICA Por Guilherme Maia &nbsp; \u201cEles sabem o pre\u00e7o de tudo, mas n\u00e3o sabem o valor de nada.\u201d Oscar Wilde Madrugada afora, Sinval liga seu computador e sabe o que vai acontecer: mulheres nuas, lambendo as c\u00e2meras e simulando orgasmos&hellip;<\/p>\n","protected":false},"author":2002,"featured_media":1766094,"comment_status":"closed","ping_status":"closed","sticky":false,"template":"","format":"standard","meta":{"footnotes":""},"categories":[104,11390,116,165],"tags":[75338],"class_list":["post-1766093","post","type-post","status-publish","format-standard","has-post-thumbnail","hentry","category-america-do-sul","category-conteudo-original","category-direitos-humanos","category-opiniao","tag-cronica"],"yoast_head":"<!-- This site is optimized with the Yoast SEO plugin v27.1.1 - https:\/\/yoast.com\/product\/yoast-seo-wordpress\/ -->\n<title>Assange e a Solid\u00e3o<\/title>\n<meta name=\"description\" content=\"CR\u00d5NICA Por Guilherme Maia &nbsp; \u201cEles sabem o pre\u00e7o de tudo, mas n\u00e3o sabem o valor de nada.\u201d Oscar Wilde Madrugada afora, Sinval liga seu computador e\" \/>\n<meta name=\"robots\" content=\"index, follow, max-snippet:-1, max-image-preview:large, max-video-preview:-1\" \/>\n<link rel=\"canonical\" href=\"https:\/\/www.pressenza.com\/pt-pt\/2023\/09\/assange-e-a-solidao\/\" \/>\n<meta property=\"og:locale\" content=\"pt_PT\" \/>\n<meta property=\"og:type\" content=\"article\" \/>\n<meta property=\"og:title\" content=\"Assange e a Solid\u00e3o\" \/>\n<meta property=\"og:description\" content=\"CR\u00d5NICA Por Guilherme Maia &nbsp; \u201cEles sabem o pre\u00e7o de tudo, mas n\u00e3o sabem o valor de nada.\u201d Oscar Wilde Madrugada afora, Sinval liga seu computador e\" \/>\n<meta property=\"og:url\" content=\"https:\/\/www.pressenza.com\/pt-pt\/2023\/09\/assange-e-a-solidao\/\" \/>\n<meta property=\"og:site_name\" content=\"Pressenza\" \/>\n<meta property=\"article:publisher\" content=\"https:\/\/www.facebook.com\/PressenzaItalia\" \/>\n<meta property=\"article:published_time\" content=\"2023-09-18T23:43:31+00:00\" \/>\n<meta property=\"og:image\" content=\"https:\/\/www.pressenza.com\/wp-content\/uploads\/2023\/09\/fotos-site-pressenza-1-4.jpg\" \/>\n\t<meta property=\"og:image:width\" content=\"750\" \/>\n\t<meta property=\"og:image:height\" content=\"420\" \/>\n\t<meta property=\"og:image:type\" content=\"image\/jpeg\" \/>\n<meta name=\"author\" content=\"Guilherme Maia\" \/>\n<meta name=\"twitter:card\" content=\"summary_large_image\" \/>\n<meta name=\"twitter:creator\" content=\"@PressenzaIPA\" \/>\n<meta name=\"twitter:site\" content=\"@PressenzaIPA\" \/>\n<meta name=\"twitter:label1\" content=\"Escrito por\" \/>\n\t<meta name=\"twitter:data1\" content=\"Guilherme Maia\" \/>\n\t<meta name=\"twitter:label2\" content=\"Tempo estimado de leitura\" \/>\n\t<meta name=\"twitter:data2\" content=\"7 minutos\" \/>\n<script type=\"application\/ld+json\" class=\"yoast-schema-graph\">{\"@context\":\"https:\/\/schema.org\",\"@graph\":[{\"@type\":\"Article\",\"@id\":\"https:\/\/www.pressenza.com\/pt-pt\/2023\/09\/assange-e-a-solidao\/#article\",\"isPartOf\":{\"@id\":\"https:\/\/www.pressenza.com\/pt-pt\/2023\/09\/assange-e-a-solidao\/\"},\"author\":{\"name\":\"Guilherme Maia\",\"@id\":\"https:\/\/www.pressenza.com\/pt-pt\/#\/schema\/person\/4a0acc3e729565dbfccac001358dedee\"},\"headline\":\"Assange e a Solid\u00e3o\",\"datePublished\":\"2023-09-18T23:43:31+00:00\",\"mainEntityOfPage\":{\"@id\":\"https:\/\/www.pressenza.com\/pt-pt\/2023\/09\/assange-e-a-solidao\/\"},\"wordCount\":1227,\"publisher\":{\"@id\":\"https:\/\/www.pressenza.com\/pt-pt\/#organization\"},\"image\":{\"@id\":\"https:\/\/www.pressenza.com\/pt-pt\/2023\/09\/assange-e-a-solidao\/#primaryimage\"},\"thumbnailUrl\":\"https:\/\/www.pressenza.com\/wp-content\/uploads\/2023\/09\/fotos-site-pressenza-1-4.jpg\",\"keywords\":[\"cr\u00f4nica\"],\"articleSection\":[\"\u00c1m\u00e9rica do Sul\",\"Conte\u00fado Original\",\"Direitos Humanos\",\"Opini\u00e3o\"],\"inLanguage\":\"pt-PT\"},{\"@type\":\"WebPage\",\"@id\":\"https:\/\/www.pressenza.com\/pt-pt\/2023\/09\/assange-e-a-solidao\/\",\"url\":\"https:\/\/www.pressenza.com\/pt-pt\/2023\/09\/assange-e-a-solidao\/\",\"name\":\"Assange e a Solid\u00e3o\",\"isPartOf\":{\"@id\":\"https:\/\/www.pressenza.com\/pt-pt\/#website\"},\"primaryImageOfPage\":{\"@id\":\"https:\/\/www.pressenza.com\/pt-pt\/2023\/09\/assange-e-a-solidao\/#primaryimage\"},\"image\":{\"@id\":\"https:\/\/www.pressenza.com\/pt-pt\/2023\/09\/assange-e-a-solidao\/#primaryimage\"},\"thumbnailUrl\":\"https:\/\/www.pressenza.com\/wp-content\/uploads\/2023\/09\/fotos-site-pressenza-1-4.jpg\",\"datePublished\":\"2023-09-18T23:43:31+00:00\",\"description\":\"CR\u00d5NICA Por Guilherme Maia &nbsp; \u201cEles sabem o pre\u00e7o de tudo, mas n\u00e3o sabem o valor de nada.\u201d Oscar Wilde Madrugada afora, Sinval liga seu computador e\",\"breadcrumb\":{\"@id\":\"https:\/\/www.pressenza.com\/pt-pt\/2023\/09\/assange-e-a-solidao\/#breadcrumb\"},\"inLanguage\":\"pt-PT\",\"potentialAction\":[{\"@type\":\"ReadAction\",\"target\":[\"https:\/\/www.pressenza.com\/pt-pt\/2023\/09\/assange-e-a-solidao\/\"]}]},{\"@type\":\"ImageObject\",\"inLanguage\":\"pt-PT\",\"@id\":\"https:\/\/www.pressenza.com\/pt-pt\/2023\/09\/assange-e-a-solidao\/#primaryimage\",\"url\":\"https:\/\/www.pressenza.com\/wp-content\/uploads\/2023\/09\/fotos-site-pressenza-1-4.jpg\",\"contentUrl\":\"https:\/\/www.pressenza.com\/wp-content\/uploads\/2023\/09\/fotos-site-pressenza-1-4.jpg\",\"width\":750,\"height\":420},{\"@type\":\"BreadcrumbList\",\"@id\":\"https:\/\/www.pressenza.com\/pt-pt\/2023\/09\/assange-e-a-solidao\/#breadcrumb\",\"itemListElement\":[{\"@type\":\"ListItem\",\"position\":1,\"name\":\"Accueil\",\"item\":\"https:\/\/www.pressenza.com\/pt-pt\/\"},{\"@type\":\"ListItem\",\"position\":2,\"name\":\"Assange e a Solid\u00e3o\"}]},{\"@type\":\"WebSite\",\"@id\":\"https:\/\/www.pressenza.com\/pt-pt\/#website\",\"url\":\"https:\/\/www.pressenza.com\/pt-pt\/\",\"name\":\"Pressenza\",\"description\":\"International Press Agency\",\"publisher\":{\"@id\":\"https:\/\/www.pressenza.com\/pt-pt\/#organization\"},\"potentialAction\":[{\"@type\":\"SearchAction\",\"target\":{\"@type\":\"EntryPoint\",\"urlTemplate\":\"https:\/\/www.pressenza.com\/pt-pt\/?s={search_term_string}\"},\"query-input\":{\"@type\":\"PropertyValueSpecification\",\"valueRequired\":true,\"valueName\":\"search_term_string\"}}],\"inLanguage\":\"pt-PT\"},{\"@type\":\"Organization\",\"@id\":\"https:\/\/www.pressenza.com\/pt-pt\/#organization\",\"name\":\"Pressenza\",\"url\":\"https:\/\/www.pressenza.com\/pt-pt\/\",\"logo\":{\"@type\":\"ImageObject\",\"inLanguage\":\"pt-PT\",\"@id\":\"https:\/\/www.pressenza.com\/pt-pt\/#\/schema\/logo\/image\/\",\"url\":\"https:\/\/www.pressenza.com\/wp-content\/uploads\/2022\/10\/pressenza_logo_200x200.jpg\",\"contentUrl\":\"https:\/\/www.pressenza.com\/wp-content\/uploads\/2022\/10\/pressenza_logo_200x200.jpg\",\"width\":200,\"height\":200,\"caption\":\"Pressenza\"},\"image\":{\"@id\":\"https:\/\/www.pressenza.com\/pt-pt\/#\/schema\/logo\/image\/\"},\"sameAs\":[\"https:\/\/www.facebook.com\/PressenzaItalia\",\"https:\/\/x.com\/PressenzaIPA\"]},{\"@type\":\"Person\",\"@id\":\"https:\/\/www.pressenza.com\/pt-pt\/#\/schema\/person\/4a0acc3e729565dbfccac001358dedee\",\"name\":\"Guilherme Maia\",\"description\":\"Escritor, sambista, anarcochargista e advogado nas horas vagas.\",\"url\":\"https:\/\/www.pressenza.com\/pt-pt\/author\/guilherme-maia\/\"}]}<\/script>\n<!-- \/ Yoast SEO plugin. -->","yoast_head_json":{"title":"Assange e a Solid\u00e3o","description":"CR\u00d5NICA Por Guilherme Maia &nbsp; \u201cEles sabem o pre\u00e7o de tudo, mas n\u00e3o sabem o valor de nada.\u201d Oscar Wilde Madrugada afora, Sinval liga seu computador e","robots":{"index":"index","follow":"follow","max-snippet":"max-snippet:-1","max-image-preview":"max-image-preview:large","max-video-preview":"max-video-preview:-1"},"canonical":"https:\/\/www.pressenza.com\/pt-pt\/2023\/09\/assange-e-a-solidao\/","og_locale":"pt_PT","og_type":"article","og_title":"Assange e a Solid\u00e3o","og_description":"CR\u00d5NICA Por Guilherme Maia &nbsp; \u201cEles sabem o pre\u00e7o de tudo, mas n\u00e3o sabem o valor de nada.\u201d Oscar Wilde Madrugada afora, Sinval liga seu computador e","og_url":"https:\/\/www.pressenza.com\/pt-pt\/2023\/09\/assange-e-a-solidao\/","og_site_name":"Pressenza","article_publisher":"https:\/\/www.facebook.com\/PressenzaItalia","article_published_time":"2023-09-18T23:43:31+00:00","og_image":[{"width":750,"height":420,"url":"https:\/\/www.pressenza.com\/wp-content\/uploads\/2023\/09\/fotos-site-pressenza-1-4.jpg","type":"image\/jpeg"}],"author":"Guilherme Maia","twitter_card":"summary_large_image","twitter_creator":"@PressenzaIPA","twitter_site":"@PressenzaIPA","twitter_misc":{"Escrito por":"Guilherme Maia","Tempo estimado de leitura":"7 minutos"},"schema":{"@context":"https:\/\/schema.org","@graph":[{"@type":"Article","@id":"https:\/\/www.pressenza.com\/pt-pt\/2023\/09\/assange-e-a-solidao\/#article","isPartOf":{"@id":"https:\/\/www.pressenza.com\/pt-pt\/2023\/09\/assange-e-a-solidao\/"},"author":{"name":"Guilherme Maia","@id":"https:\/\/www.pressenza.com\/pt-pt\/#\/schema\/person\/4a0acc3e729565dbfccac001358dedee"},"headline":"Assange e a Solid\u00e3o","datePublished":"2023-09-18T23:43:31+00:00","mainEntityOfPage":{"@id":"https:\/\/www.pressenza.com\/pt-pt\/2023\/09\/assange-e-a-solidao\/"},"wordCount":1227,"publisher":{"@id":"https:\/\/www.pressenza.com\/pt-pt\/#organization"},"image":{"@id":"https:\/\/www.pressenza.com\/pt-pt\/2023\/09\/assange-e-a-solidao\/#primaryimage"},"thumbnailUrl":"https:\/\/www.pressenza.com\/wp-content\/uploads\/2023\/09\/fotos-site-pressenza-1-4.jpg","keywords":["cr\u00f4nica"],"articleSection":["\u00c1m\u00e9rica do Sul","Conte\u00fado Original","Direitos Humanos","Opini\u00e3o"],"inLanguage":"pt-PT"},{"@type":"WebPage","@id":"https:\/\/www.pressenza.com\/pt-pt\/2023\/09\/assange-e-a-solidao\/","url":"https:\/\/www.pressenza.com\/pt-pt\/2023\/09\/assange-e-a-solidao\/","name":"Assange e a Solid\u00e3o","isPartOf":{"@id":"https:\/\/www.pressenza.com\/pt-pt\/#website"},"primaryImageOfPage":{"@id":"https:\/\/www.pressenza.com\/pt-pt\/2023\/09\/assange-e-a-solidao\/#primaryimage"},"image":{"@id":"https:\/\/www.pressenza.com\/pt-pt\/2023\/09\/assange-e-a-solidao\/#primaryimage"},"thumbnailUrl":"https:\/\/www.pressenza.com\/wp-content\/uploads\/2023\/09\/fotos-site-pressenza-1-4.jpg","datePublished":"2023-09-18T23:43:31+00:00","description":"CR\u00d5NICA Por Guilherme Maia &nbsp; \u201cEles sabem o pre\u00e7o de tudo, mas n\u00e3o sabem o valor de nada.\u201d Oscar Wilde Madrugada afora, Sinval liga seu computador e","breadcrumb":{"@id":"https:\/\/www.pressenza.com\/pt-pt\/2023\/09\/assange-e-a-solidao\/#breadcrumb"},"inLanguage":"pt-PT","potentialAction":[{"@type":"ReadAction","target":["https:\/\/www.pressenza.com\/pt-pt\/2023\/09\/assange-e-a-solidao\/"]}]},{"@type":"ImageObject","inLanguage":"pt-PT","@id":"https:\/\/www.pressenza.com\/pt-pt\/2023\/09\/assange-e-a-solidao\/#primaryimage","url":"https:\/\/www.pressenza.com\/wp-content\/uploads\/2023\/09\/fotos-site-pressenza-1-4.jpg","contentUrl":"https:\/\/www.pressenza.com\/wp-content\/uploads\/2023\/09\/fotos-site-pressenza-1-4.jpg","width":750,"height":420},{"@type":"BreadcrumbList","@id":"https:\/\/www.pressenza.com\/pt-pt\/2023\/09\/assange-e-a-solidao\/#breadcrumb","itemListElement":[{"@type":"ListItem","position":1,"name":"Accueil","item":"https:\/\/www.pressenza.com\/pt-pt\/"},{"@type":"ListItem","position":2,"name":"Assange e a Solid\u00e3o"}]},{"@type":"WebSite","@id":"https:\/\/www.pressenza.com\/pt-pt\/#website","url":"https:\/\/www.pressenza.com\/pt-pt\/","name":"Pressenza","description":"International Press Agency","publisher":{"@id":"https:\/\/www.pressenza.com\/pt-pt\/#organization"},"potentialAction":[{"@type":"SearchAction","target":{"@type":"EntryPoint","urlTemplate":"https:\/\/www.pressenza.com\/pt-pt\/?s={search_term_string}"},"query-input":{"@type":"PropertyValueSpecification","valueRequired":true,"valueName":"search_term_string"}}],"inLanguage":"pt-PT"},{"@type":"Organization","@id":"https:\/\/www.pressenza.com\/pt-pt\/#organization","name":"Pressenza","url":"https:\/\/www.pressenza.com\/pt-pt\/","logo":{"@type":"ImageObject","inLanguage":"pt-PT","@id":"https:\/\/www.pressenza.com\/pt-pt\/#\/schema\/logo\/image\/","url":"https:\/\/www.pressenza.com\/wp-content\/uploads\/2022\/10\/pressenza_logo_200x200.jpg","contentUrl":"https:\/\/www.pressenza.com\/wp-content\/uploads\/2022\/10\/pressenza_logo_200x200.jpg","width":200,"height":200,"caption":"Pressenza"},"image":{"@id":"https:\/\/www.pressenza.com\/pt-pt\/#\/schema\/logo\/image\/"},"sameAs":["https:\/\/www.facebook.com\/PressenzaItalia","https:\/\/x.com\/PressenzaIPA"]},{"@type":"Person","@id":"https:\/\/www.pressenza.com\/pt-pt\/#\/schema\/person\/4a0acc3e729565dbfccac001358dedee","name":"Guilherme Maia","description":"Escritor, sambista, anarcochargista e advogado nas horas vagas.","url":"https:\/\/www.pressenza.com\/pt-pt\/author\/guilherme-maia\/"}]}},"place":"Teres\u00f3polis, Rio de Janeiro \/ Brasil","original_article_url":"","_links":{"self":[{"href":"https:\/\/www.pressenza.com\/pt-pt\/wp-json\/wp\/v2\/posts\/1766093","targetHints":{"allow":["GET"]}}],"collection":[{"href":"https:\/\/www.pressenza.com\/pt-pt\/wp-json\/wp\/v2\/posts"}],"about":[{"href":"https:\/\/www.pressenza.com\/pt-pt\/wp-json\/wp\/v2\/types\/post"}],"author":[{"embeddable":true,"href":"https:\/\/www.pressenza.com\/pt-pt\/wp-json\/wp\/v2\/users\/2002"}],"replies":[{"embeddable":true,"href":"https:\/\/www.pressenza.com\/pt-pt\/wp-json\/wp\/v2\/comments?post=1766093"}],"version-history":[{"count":0,"href":"https:\/\/www.pressenza.com\/pt-pt\/wp-json\/wp\/v2\/posts\/1766093\/revisions"}],"wp:featuredmedia":[{"embeddable":true,"href":"https:\/\/www.pressenza.com\/pt-pt\/wp-json\/wp\/v2\/media\/1766094"}],"wp:attachment":[{"href":"https:\/\/www.pressenza.com\/pt-pt\/wp-json\/wp\/v2\/media?parent=1766093"}],"wp:term":[{"taxonomy":"category","embeddable":true,"href":"https:\/\/www.pressenza.com\/pt-pt\/wp-json\/wp\/v2\/categories?post=1766093"},{"taxonomy":"post_tag","embeddable":true,"href":"https:\/\/www.pressenza.com\/pt-pt\/wp-json\/wp\/v2\/tags?post=1766093"}],"curies":[{"name":"wp","href":"https:\/\/api.w.org\/{rel}","templated":true}]}}