{"id":1762834,"date":"2023-09-02T11:27:48","date_gmt":"2023-09-02T10:27:48","guid":{"rendered":"https:\/\/www.pressenza.com\/?p=1762834"},"modified":"2023-09-02T11:27:48","modified_gmt":"2023-09-02T10:27:48","slug":"a-internacional-progressista-e-o-movimento-dos-nao-alinhados-nao-enfrentamos-nem-o-oriente-nem-o-ocidente-seguimos-em-frente","status":"publish","type":"post","link":"https:\/\/www.pressenza.com\/pt-pt\/2023\/09\/a-internacional-progressista-e-o-movimento-dos-nao-alinhados-nao-enfrentamos-nem-o-oriente-nem-o-ocidente-seguimos-em-frente\/","title":{"rendered":"A Internacional Progressista e o Movimento dos N\u00e3o-Alinhados: N\u00e3o enfrentamos nem o Oriente nem o Ocidente. Seguimos em frente. \u00a0"},"content":{"rendered":"<table width=\"100%\">\n<tbody>\n<tr>\n<td>\n<table width=\"600\">\n<tbody>\n<tr>\n<td width=\"600\">\n<table width=\"100%\">\n<tbody>\n<tr>\n<td>\n<table width=\"100%\">\n<tbody>\n<tr>\n<td>\n<table width=\"600\">\n<tbody>\n<tr>\n<td width=\"600\">\n<table width=\"913\">\n<tbody>\n<tr>\n<td>\n<h2><strong>Newsletter n\u00ba 35 da <a href=\"https:\/\/progressive.international\/\">Internacional Progressista<\/a> (*)<\/strong><\/h2>\n<\/td>\n<\/tr>\n<\/tbody>\n<\/table>\n<\/td>\n<\/tr>\n<\/tbody>\n<\/table>\n<\/td>\n<\/tr>\n<\/tbody>\n<\/table>\n<\/td>\n<\/tr>\n<\/tbody>\n<\/table>\n<p>&nbsp;<\/p>\n<table style=\"height: 1761px;\" width=\"878\">\n<tbody>\n<tr>\n<td>A primeira c\u00fapula do <strong>Movimento dos Pa\u00edses N\u00e3o-Alinhados (MNA)<\/strong> reuniu-se em Belgrado, Jugosl\u00e1via, a 1 de Setembro de 1961. Sob a lideran\u00e7a de Jawaharlal Nehru da \u00cdndia, Sukarno da Indon\u00e9sia, Gamal Abdel Nasser do Egito, Kwame Nkrumah do Gana e Josep Broz Tito da Jugosl\u00e1via, o encontro de uma semana contou com delegados de 25 pa\u00edses que lutaram por uma pol\u00edtica externa coletiva baseada na coexist\u00eancia pac\u00edfica.<\/p>\n<p>\u201c<strong>N\u00e3o querendo permanecer ref\u00e9ns nem duma guerra nuclear nem da dissuas\u00e3o nuclear, os novos Estados da d\u00e9cada de 1950 queriam tra\u00e7ar um caminho independente\u2014n\u00e3o como representantes de uma Guerra-Fria Americano-Sovi\u00e9tica\u201d<\/strong>, escreve o historiador indiano e membro do Conselho da Internacional Progressista, Vijay Prashad.<\/p>\n<p>Na segunda metade do s\u00e9culo XX, esta forma\u00e7\u00e3o pol\u00edtica alternativa, que passou a representar dois ter\u00e7os da popula\u00e7\u00e3o mundial, procurou impulsionar uma agenda contra a domina\u00e7\u00e3o imperialista e a subjuga\u00e7\u00e3o colonial.<\/p>\n<p>Um crit\u00e9rio para convites para a Cimeira de Belgrado foi desenvolvido no Cairo, em Junho de 1961. Al\u00e9m da sua \u201cpol\u00edtica externa independente\u201d, <strong>as na\u00e7\u00f5es convidadas \u201cofereceriam apoio consistente aos movimentos nacionais de independ\u00eancia\u201d e n\u00e3o deveriam ser \u201cmembros de alian\u00e7as militares multilaterais\u201d<\/strong>. A viagem para Belgrado, por\u00e9m, come\u00e7ou d\u00e9cadas antes.<\/p>\n<p>Depois da Revolu\u00e7\u00e3o de Outubro de 1917, o comunista indiano Manabendra Nath Roy previu o \u201cdespertar do Oriente\u201d. Tr\u00eas anos mais tarde, o Congresso dos \u201cPovos do Leste\u201d trouxe 1.900 delegados a Baku, no Azerbaij\u00e3o, onde se comprometeram a lutar por uma vida \u201cbaseada na igualdade, liberdade e fraternidade\u201d. \u00c0 medida que milh\u00f5es de pessoas conquistavam a sua emancipa\u00e7\u00e3o do colonialismo nas d\u00e9cadas que se seguiram, o apelo de Baku ecoou em Bandung, onde a Confer\u00eancia dos Povos Afro-Asi\u00e1ticos foi inaugurada em 1955.<\/p>\n<p>A Confer\u00eancia de Bandung debateu quest\u00f5es comuns aos povos de ambos os continentes: soberania, racismo, nacionalismo e luta anticolonial. O Presidente Sukarno, que liderou a luta da Indon\u00e9sia pela independ\u00eancia, apelou aos delegados da confer\u00eancia para que \u201cinjetassem a voz da raz\u00e3o nos assuntos mundiais e mobilizassem toda a for\u00e7a espiritual, toda a moral, toda a for\u00e7a pol\u00edtica da \u00c1sia e da \u00c1frica\u201d. A sua demanda encontrou express\u00e3o em Belgrado, seis anos depois, com a funda\u00e7\u00e3o do Movimento dos Pa\u00edses N\u00e3o-Alinhados (MNA).<\/p>\n<p>Abrindo a c\u00fapula na capital jugoslava, Tito disse que <strong>os pa\u00edses pequenos e m\u00e9dios \u201ceram vistos\u2026 como uma esp\u00e9cie de m\u00e1quina de votos em f\u00f3runs internacionais como as Na\u00e7\u00f5es Unidas e outros<\/strong>. Esta reuni\u00e3o dos mais altos representantes dos pa\u00edses n\u00e3o alinhados ilustra, no entanto, que tais pr\u00e1ticas ultrapassadas deveriam ser abandonadas, que os pa\u00edses n\u00e3o alinhados j\u00e1 n\u00e3o poderiam conciliar-se com o estatuto de observadores e que, na sua opini\u00e3o, teriam o direito de participar na resolu\u00e7\u00e3o de problemas, especialmente daqueles que colocam em perigo a paz e o destino do mundo no momento presente. Esta reuni\u00e3o foi convocada para fazer valer esse direito.\u201d<\/p>\n<p>Com o objetivo de construir um movimento de solidariedade suficientemente forte para fazer valer os interesses dos seus membros na cena mundial, o MNA cresceu em for\u00e7a. Quando a c\u00fapula de Belgrado terminou, Nehru e Nkrumah viajaram para Moscovo, enquanto Sukarno e Modibo Ke\u00efta do Mali partiram para Washington. Ambos levaram um \u201cApelo pela Paz\u201d \u00e0s grandes pot\u00eancias, pedindo a elas que regressassem \u00e0 mesa de negocia\u00e7\u00f5es \u00e0 beira da guerra nuclear.<\/p>\n<p>Na 5\u00aa c\u00fapula do movimento no Sri Lanka, em 1976, j\u00e1 eram membros do MNA 86 pa\u00edses. Este aumento seguiu-se \u00e0 decis\u00e3o de iniciar a luta por uma Nova Ordem Econ\u00f4mica Internacional durante a d\u00e9cada de 1970.<\/p>\n<p>Na sua 4\u00aa reuni\u00e3o em Argel, em 1973, o MNA declarou que, apesar da tend\u00eancia da situa\u00e7\u00e3o internacional para o desanuviamento, <strong>o imperialismo continua a dificultar o \u201cprogresso econ\u00f4mico e social dos pa\u00edses em desenvolvimento, mas tamb\u00e9m adota uma atitude agressiva para com aqueles que se op\u00f5em aos seus planos, tentando impor-lhes estruturas pol\u00edticas, sociais e econ\u00f4micas que encorajam a domina\u00e7\u00e3o estrangeira, a depend\u00eancia e o neocolonialismo.\u201d<\/strong><\/p>\n<p>O MNA rejeitou a ordem mundial do p\u00f3s-guerra e apresentou uma alternativa que propunha vir\u00e1-la do avesso. A c\u00fapula de Argel lan\u00e7ou as bases que, um ano depois, viriam a formular a Declara\u00e7\u00e3o da ONU sobre o Estabelecimento de uma Nova Ordem Econ\u00f4mica Internacional, baseada \u201cna equidade, na igualdade soberana, na interdepend\u00eancia, no interesse comum e na coopera\u00e7\u00e3o entre todos os Estados\u201d.<\/p>\n<p>\u201c<strong>N\u00e3o enfrentamos nem o Oriente nem o Ocidente. Seguimos em frente<\/strong>\u201d, disse Kwame Nkrumah ao resumir a luta dos n\u00e3o-alinhados para avan\u00e7arem no seu processo irrevers\u00edvel de liberta\u00e7\u00e3o.<\/p>\n<p>Hoje, enquanto os tambores da guerra soam mais uma vez, os povos e as na\u00e7\u00f5es est\u00e3o recuperando o esp\u00edrito de Belgrado de 1961, enquanto lutam por uma diplomacia baseada na coopera\u00e7\u00e3o e na coexist\u00eancia.<\/p>\n<p>Solidariamente,<\/p>\n<h3><strong>O Secretariado da Internacional Progressista<\/strong><\/h3>\n<hr \/>\n<p><em>(*) <strong>Duas cita\u00e7\u00f5es da Wikipedia sobre a Internacional Progressista:<\/strong><\/em><\/p>\n<p>&#8220;A Internacional Progressista foi inaugurada a 30 de novembro de 2018 num evento em\u00a0<a title=\"Burlington (Vermont)\" href=\"https:\/\/pt.wikipedia.org\/wiki\/Burlington_(Vermont)\">Burlington<\/a>, estado do\u00a0<a title=\"Vermont\" href=\"https:\/\/pt.wikipedia.org\/wiki\/Vermont\">Vermont<\/a>, nos\u00a0EUA\u00a0(cidade onde Sanders vive e da qual foi\u00a0<i>Mayor<\/i>), que contou com a presen\u00e7a de ativistas, economistas e pol\u00edticos progressistas internacionais, tais como\u00a0<a title=\"Rui Tavares\" href=\"https:\/\/pt.wikipedia.org\/wiki\/Rui_Tavares\">Rui Tavares<\/a>\u00a0(ex-eurodeputado, cofundador do partido\u00a0<a class=\"mw-redirect\" title=\"LIVRE (partido pol\u00edtico)\" href=\"https:\/\/pt.wikipedia.org\/wiki\/LIVRE_(partido_pol%C3%ADtico)\">Livre<\/a>),\u00a0<a title=\"Ada Colau\" href=\"https:\/\/pt.wikipedia.org\/wiki\/Ada_Colau\">Ada Colau<\/a>\u00a0(<i>alcaldessa<\/i>\u00a0de\u00a0<a title=\"Barcelona\" href=\"https:\/\/pt.wikipedia.org\/wiki\/Barcelona\">Barcelona<\/a>\u00a0pelo movimento\u00a0<a title=\"Barcelona em Comum\" href=\"https:\/\/pt.wikipedia.org\/wiki\/Barcelona_em_Comum\">Barcelona em Comum<\/a>),\u00a0<a title=\"Naomi Klein\" href=\"https:\/\/pt.wikipedia.org\/wiki\/Naomi_Klein\">Naomi Klein<\/a>\u00a0(escritora),\u00a0<a title=\"Cornel West\" href=\"https:\/\/pt.wikipedia.org\/wiki\/Cornel_West\">Cornel West<\/a>\u00a0(ativista e fil\u00f3sofo),\u00a0<a title=\"Fernando Haddad\" href=\"https:\/\/pt.wikipedia.org\/wiki\/Fernando_Haddad\">Fernando Haddad<\/a>\u00a0(ex-ministro da Educa\u00e7\u00e3o\u00a0do\u00a0Brasil\u00a0e\u00a0ex-prefeito\u00a0de\u00a0S\u00e3o Paulo\u00a0pelo\u00a0Partido dos Trabalhadores),\u00a0<a title=\"Jeffrey Sachs\" href=\"https:\/\/pt.wikipedia.org\/wiki\/Jeffrey_Sachs\">Jeffrey Sachs<\/a>\u00a0(economista),\u00a0<a title=\"Bill de Blasio\" href=\"https:\/\/pt.wikipedia.org\/wiki\/Bill_de_Blasio\">Bill de Blasio<\/a>\u00a0(<i>Mayor<\/i>\u00a0de\u00a0<a title=\"Nova Iorque\" href=\"https:\/\/pt.wikipedia.org\/wiki\/Nova_Iorque\">Nova Iorque<\/a>),\u00a0<a title=\"Susan Sarandon\" href=\"https:\/\/pt.wikipedia.org\/wiki\/Susan_Sarandon\">Susan Sarandon<\/a>,\u00a0<a title=\"Cynthia Nixon\" href=\"https:\/\/pt.wikipedia.org\/wiki\/Cynthia_Nixon\">Cynthia Nixon<\/a>,\u00a0<a title=\"John Cusack\" href=\"https:\/\/pt.wikipedia.org\/wiki\/John_Cusack\">John Cusack<\/a>,\u00a0<a title=\"Danny Glover\" href=\"https:\/\/pt.wikipedia.org\/wiki\/Danny_Glover\">Danny Glover<\/a>\u00a0(atores) e Niki Ashton (deputada na\u00a0C\u00e2mara dos Comuns canadiana).&#8221;<\/p>\n<p>&#8220;Na sua <em>Declara\u00e7\u00e3o de Atenas de<\/em> Maio de 2022, v\u00e1rios dirigentes da Internacional Progressista exigiram o \u201eapoio \u00e0s v\u00edtimas da guerra contra a Ucr\u00e2nia\u201c, assim como um \u201eMovimentos dos N\u00e3o Alinhados&#8221; e um \u201eTratado de Paz&#8221; entre a Uni\u00e3o Europeia, os EUA e a R\u00fassia sob a \u00e9gide e a garantia das Na\u00e7\u00f5es Unidas\u201c.<\/p>\n<hr \/>\n<p>&nbsp;<\/td>\n<\/tr>\n<\/tbody>\n<\/table>\n<\/td>\n<\/tr>\n<\/tbody>\n<\/table>\n<\/td>\n<\/tr>\n<\/tbody>\n<\/table>\n","protected":false},"excerpt":{"rendered":"<p>Newsletter n\u00ba 35 da Internacional Progressista (*) &nbsp; A primeira c\u00fapula do Movimento dos Pa\u00edses N\u00e3o-Alinhados (MNA) reuniu-se em Belgrado, Jugosl\u00e1via, a 1 de Setembro de 1961. Sob a lideran\u00e7a de Jawaharlal Nehru da \u00cdndia, Sukarno da Indon\u00e9sia, Gamal Abdel&hellip;<\/p>\n","protected":false},"author":2285,"featured_media":1762855,"comment_status":"closed","ping_status":"closed","sticky":false,"template":"","format":"standard","meta":{"footnotes":""},"categories":[113],"tags":[110261,115757,110260,2623,39567],"class_list":["post-1762834","post","type-post","status-publish","format-standard","has-post-thumbnail","hentry","category-noticias-do-exterior","tag-internacional-progressista","tag-mna","tag-movimento-dos-nao-alinhados","tag-onu-pt-pt","tag-paz-e-nao-violencia"],"yoast_head":"<!-- This site is optimized with the Yoast SEO plugin v27.1.1 - https:\/\/yoast.com\/product\/yoast-seo-wordpress\/ -->\n<title>A Internacional Progressista e o Movimento dos N\u00e3o-Alinhados: N\u00e3o enfrentamos nem o Oriente nem o Ocidente. Seguimos em frente. \u00a0<\/title>\n<meta name=\"description\" content=\"Newsletter n\u00ba 35 da Internacional Progressista (*) &nbsp; A primeira c\u00fapula do Movimento dos Pa\u00edses N\u00e3o-Alinhados (MNA) reuniu-se em Belgrado, Jugosl\u00e1via,\" \/>\n<meta name=\"robots\" content=\"index, follow, max-snippet:-1, max-image-preview:large, max-video-preview:-1\" \/>\n<link rel=\"canonical\" href=\"https:\/\/www.pressenza.com\/pt-pt\/2023\/09\/a-internacional-progressista-e-o-movimento-dos-nao-alinhados-nao-enfrentamos-nem-o-oriente-nem-o-ocidente-seguimos-em-frente\/\" \/>\n<meta property=\"og:locale\" content=\"pt_PT\" \/>\n<meta property=\"og:type\" content=\"article\" \/>\n<meta property=\"og:title\" content=\"A Internacional Progressista e o Movimento dos N\u00e3o-Alinhados: N\u00e3o enfrentamos nem o Oriente nem o Ocidente. Seguimos em frente. \u00a0\" \/>\n<meta property=\"og:description\" content=\"Newsletter n\u00ba 35 da Internacional Progressista (*) &nbsp; A primeira c\u00fapula do Movimento dos Pa\u00edses N\u00e3o-Alinhados (MNA) reuniu-se em Belgrado, Jugosl\u00e1via,\" \/>\n<meta property=\"og:url\" content=\"https:\/\/www.pressenza.com\/pt-pt\/2023\/09\/a-internacional-progressista-e-o-movimento-dos-nao-alinhados-nao-enfrentamos-nem-o-oriente-nem-o-ocidente-seguimos-em-frente\/\" \/>\n<meta property=\"og:site_name\" content=\"Pressenza\" \/>\n<meta property=\"article:publisher\" content=\"https:\/\/www.facebook.com\/PressenzaItalia\" \/>\n<meta property=\"article:published_time\" content=\"2023-09-02T10:27:48+00:00\" \/>\n<meta property=\"og:image\" content=\"https:\/\/www.pressenza.com\/wp-content\/uploads\/2023\/09\/Foto-de-Yaw-Kuma-Ansu-Kyeremeh-Wikimedia-Commons.jpg\" \/>\n\t<meta property=\"og:image:width\" content=\"1200\" \/>\n\t<meta property=\"og:image:height\" content=\"800\" \/>\n\t<meta property=\"og:image:type\" content=\"image\/jpeg\" \/>\n<meta name=\"author\" content=\"Progressive International\" \/>\n<meta name=\"twitter:card\" content=\"summary_large_image\" \/>\n<meta name=\"twitter:creator\" content=\"@PressenzaIPA\" \/>\n<meta name=\"twitter:site\" content=\"@PressenzaIPA\" \/>\n<meta name=\"twitter:label1\" content=\"Escrito por\" \/>\n\t<meta name=\"twitter:data1\" content=\"Progressive International\" \/>\n\t<meta name=\"twitter:label2\" content=\"Tempo estimado de leitura\" \/>\n\t<meta name=\"twitter:data2\" content=\"6 minutos\" \/>\n<script type=\"application\/ld+json\" class=\"yoast-schema-graph\">{\"@context\":\"https:\/\/schema.org\",\"@graph\":[{\"@type\":\"Article\",\"@id\":\"https:\/\/www.pressenza.com\/pt-pt\/2023\/09\/a-internacional-progressista-e-o-movimento-dos-nao-alinhados-nao-enfrentamos-nem-o-oriente-nem-o-ocidente-seguimos-em-frente\/#article\",\"isPartOf\":{\"@id\":\"https:\/\/www.pressenza.com\/pt-pt\/2023\/09\/a-internacional-progressista-e-o-movimento-dos-nao-alinhados-nao-enfrentamos-nem-o-oriente-nem-o-ocidente-seguimos-em-frente\/\"},\"author\":{\"name\":\"Progressive International\",\"@id\":\"https:\/\/www.pressenza.com\/pt-pt\/#\/schema\/person\/90af2a95c91634f50f367eba49466607\"},\"headline\":\"A Internacional Progressista e o Movimento dos N\u00e3o-Alinhados: N\u00e3o enfrentamos nem o Oriente nem o Ocidente. Seguimos em frente. \u00a0\",\"datePublished\":\"2023-09-02T10:27:48+00:00\",\"mainEntityOfPage\":{\"@id\":\"https:\/\/www.pressenza.com\/pt-pt\/2023\/09\/a-internacional-progressista-e-o-movimento-dos-nao-alinhados-nao-enfrentamos-nem-o-oriente-nem-o-ocidente-seguimos-em-frente\/\"},\"wordCount\":1076,\"publisher\":{\"@id\":\"https:\/\/www.pressenza.com\/pt-pt\/#organization\"},\"image\":{\"@id\":\"https:\/\/www.pressenza.com\/pt-pt\/2023\/09\/a-internacional-progressista-e-o-movimento-dos-nao-alinhados-nao-enfrentamos-nem-o-oriente-nem-o-ocidente-seguimos-em-frente\/#primaryimage\"},\"thumbnailUrl\":\"https:\/\/www.pressenza.com\/wp-content\/uploads\/2023\/09\/Foto-de-Yaw-Kuma-Ansu-Kyeremeh-Wikimedia-Commons.jpg\",\"keywords\":[\"Internacional Progressista\",\"MNA\",\"Movimento dos N\u00e3o-Alinhados\",\"ONU\",\"Paz e N\u00e3o-viol\u00eancia\"],\"articleSection\":[\"Assuntos internacionais\"],\"inLanguage\":\"pt-PT\"},{\"@type\":\"WebPage\",\"@id\":\"https:\/\/www.pressenza.com\/pt-pt\/2023\/09\/a-internacional-progressista-e-o-movimento-dos-nao-alinhados-nao-enfrentamos-nem-o-oriente-nem-o-ocidente-seguimos-em-frente\/\",\"url\":\"https:\/\/www.pressenza.com\/pt-pt\/2023\/09\/a-internacional-progressista-e-o-movimento-dos-nao-alinhados-nao-enfrentamos-nem-o-oriente-nem-o-ocidente-seguimos-em-frente\/\",\"name\":\"A Internacional Progressista e o Movimento dos N\u00e3o-Alinhados: N\u00e3o enfrentamos nem o Oriente nem o Ocidente. Seguimos em frente. \u00a0\",\"isPartOf\":{\"@id\":\"https:\/\/www.pressenza.com\/pt-pt\/#website\"},\"primaryImageOfPage\":{\"@id\":\"https:\/\/www.pressenza.com\/pt-pt\/2023\/09\/a-internacional-progressista-e-o-movimento-dos-nao-alinhados-nao-enfrentamos-nem-o-oriente-nem-o-ocidente-seguimos-em-frente\/#primaryimage\"},\"image\":{\"@id\":\"https:\/\/www.pressenza.com\/pt-pt\/2023\/09\/a-internacional-progressista-e-o-movimento-dos-nao-alinhados-nao-enfrentamos-nem-o-oriente-nem-o-ocidente-seguimos-em-frente\/#primaryimage\"},\"thumbnailUrl\":\"https:\/\/www.pressenza.com\/wp-content\/uploads\/2023\/09\/Foto-de-Yaw-Kuma-Ansu-Kyeremeh-Wikimedia-Commons.jpg\",\"datePublished\":\"2023-09-02T10:27:48+00:00\",\"description\":\"Newsletter n\u00ba 35 da Internacional Progressista (*) &nbsp; A primeira c\u00fapula do Movimento dos Pa\u00edses N\u00e3o-Alinhados (MNA) reuniu-se em Belgrado, Jugosl\u00e1via,\",\"breadcrumb\":{\"@id\":\"https:\/\/www.pressenza.com\/pt-pt\/2023\/09\/a-internacional-progressista-e-o-movimento-dos-nao-alinhados-nao-enfrentamos-nem-o-oriente-nem-o-ocidente-seguimos-em-frente\/#breadcrumb\"},\"inLanguage\":\"pt-PT\",\"potentialAction\":[{\"@type\":\"ReadAction\",\"target\":[\"https:\/\/www.pressenza.com\/pt-pt\/2023\/09\/a-internacional-progressista-e-o-movimento-dos-nao-alinhados-nao-enfrentamos-nem-o-oriente-nem-o-ocidente-seguimos-em-frente\/\"]}]},{\"@type\":\"ImageObject\",\"inLanguage\":\"pt-PT\",\"@id\":\"https:\/\/www.pressenza.com\/pt-pt\/2023\/09\/a-internacional-progressista-e-o-movimento-dos-nao-alinhados-nao-enfrentamos-nem-o-oriente-nem-o-ocidente-seguimos-em-frente\/#primaryimage\",\"url\":\"https:\/\/www.pressenza.com\/wp-content\/uploads\/2023\/09\/Foto-de-Yaw-Kuma-Ansu-Kyeremeh-Wikimedia-Commons.jpg\",\"contentUrl\":\"https:\/\/www.pressenza.com\/wp-content\/uploads\/2023\/09\/Foto-de-Yaw-Kuma-Ansu-Kyeremeh-Wikimedia-Commons.jpg\",\"width\":1200,\"height\":800,\"caption\":\"(Foto de Yaw Kuma Ansu-Kyeremeh, Wikimedia Commons)\"},{\"@type\":\"BreadcrumbList\",\"@id\":\"https:\/\/www.pressenza.com\/pt-pt\/2023\/09\/a-internacional-progressista-e-o-movimento-dos-nao-alinhados-nao-enfrentamos-nem-o-oriente-nem-o-ocidente-seguimos-em-frente\/#breadcrumb\",\"itemListElement\":[{\"@type\":\"ListItem\",\"position\":1,\"name\":\"Accueil\",\"item\":\"https:\/\/www.pressenza.com\/pt-pt\/\"},{\"@type\":\"ListItem\",\"position\":2,\"name\":\"A Internacional Progressista e o Movimento dos N\u00e3o-Alinhados: N\u00e3o enfrentamos nem o Oriente nem o Ocidente. Seguimos em frente. \u00a0\"}]},{\"@type\":\"WebSite\",\"@id\":\"https:\/\/www.pressenza.com\/pt-pt\/#website\",\"url\":\"https:\/\/www.pressenza.com\/pt-pt\/\",\"name\":\"Pressenza\",\"description\":\"International Press Agency\",\"publisher\":{\"@id\":\"https:\/\/www.pressenza.com\/pt-pt\/#organization\"},\"potentialAction\":[{\"@type\":\"SearchAction\",\"target\":{\"@type\":\"EntryPoint\",\"urlTemplate\":\"https:\/\/www.pressenza.com\/pt-pt\/?s={search_term_string}\"},\"query-input\":{\"@type\":\"PropertyValueSpecification\",\"valueRequired\":true,\"valueName\":\"search_term_string\"}}],\"inLanguage\":\"pt-PT\"},{\"@type\":\"Organization\",\"@id\":\"https:\/\/www.pressenza.com\/pt-pt\/#organization\",\"name\":\"Pressenza\",\"url\":\"https:\/\/www.pressenza.com\/pt-pt\/\",\"logo\":{\"@type\":\"ImageObject\",\"inLanguage\":\"pt-PT\",\"@id\":\"https:\/\/www.pressenza.com\/pt-pt\/#\/schema\/logo\/image\/\",\"url\":\"https:\/\/www.pressenza.com\/wp-content\/uploads\/2022\/10\/pressenza_logo_200x200.jpg\",\"contentUrl\":\"https:\/\/www.pressenza.com\/wp-content\/uploads\/2022\/10\/pressenza_logo_200x200.jpg\",\"width\":200,\"height\":200,\"caption\":\"Pressenza\"},\"image\":{\"@id\":\"https:\/\/www.pressenza.com\/pt-pt\/#\/schema\/logo\/image\/\"},\"sameAs\":[\"https:\/\/www.facebook.com\/PressenzaItalia\",\"https:\/\/x.com\/PressenzaIPA\"]},{\"@type\":\"Person\",\"@id\":\"https:\/\/www.pressenza.com\/pt-pt\/#\/schema\/person\/90af2a95c91634f50f367eba49466607\",\"name\":\"Progressive International\",\"description\":\"In December 2018, the Democracy in Europe Movement (DiEM25) and the Sanders Institute issued an open call to all progressive forces to form a common front. \\\"It is time for progressives of the world to unite.\\\" Progressive International takes up that call.\",\"url\":\"https:\/\/www.pressenza.com\/pt-pt\/author\/progressive-international\/\"}]}<\/script>\n<!-- \/ Yoast SEO plugin. -->","yoast_head_json":{"title":"A Internacional Progressista e o Movimento dos N\u00e3o-Alinhados: N\u00e3o enfrentamos nem o Oriente nem o Ocidente. Seguimos em frente. \u00a0","description":"Newsletter n\u00ba 35 da Internacional Progressista (*) &nbsp; A primeira c\u00fapula do Movimento dos Pa\u00edses N\u00e3o-Alinhados (MNA) reuniu-se em Belgrado, Jugosl\u00e1via,","robots":{"index":"index","follow":"follow","max-snippet":"max-snippet:-1","max-image-preview":"max-image-preview:large","max-video-preview":"max-video-preview:-1"},"canonical":"https:\/\/www.pressenza.com\/pt-pt\/2023\/09\/a-internacional-progressista-e-o-movimento-dos-nao-alinhados-nao-enfrentamos-nem-o-oriente-nem-o-ocidente-seguimos-em-frente\/","og_locale":"pt_PT","og_type":"article","og_title":"A Internacional Progressista e o Movimento dos N\u00e3o-Alinhados: N\u00e3o enfrentamos nem o Oriente nem o Ocidente. Seguimos em frente. \u00a0","og_description":"Newsletter n\u00ba 35 da Internacional Progressista (*) &nbsp; A primeira c\u00fapula do Movimento dos Pa\u00edses N\u00e3o-Alinhados (MNA) reuniu-se em Belgrado, Jugosl\u00e1via,","og_url":"https:\/\/www.pressenza.com\/pt-pt\/2023\/09\/a-internacional-progressista-e-o-movimento-dos-nao-alinhados-nao-enfrentamos-nem-o-oriente-nem-o-ocidente-seguimos-em-frente\/","og_site_name":"Pressenza","article_publisher":"https:\/\/www.facebook.com\/PressenzaItalia","article_published_time":"2023-09-02T10:27:48+00:00","og_image":[{"width":1200,"height":800,"url":"https:\/\/www.pressenza.com\/wp-content\/uploads\/2023\/09\/Foto-de-Yaw-Kuma-Ansu-Kyeremeh-Wikimedia-Commons.jpg","type":"image\/jpeg"}],"author":"Progressive International","twitter_card":"summary_large_image","twitter_creator":"@PressenzaIPA","twitter_site":"@PressenzaIPA","twitter_misc":{"Escrito por":"Progressive International","Tempo estimado de leitura":"6 minutos"},"schema":{"@context":"https:\/\/schema.org","@graph":[{"@type":"Article","@id":"https:\/\/www.pressenza.com\/pt-pt\/2023\/09\/a-internacional-progressista-e-o-movimento-dos-nao-alinhados-nao-enfrentamos-nem-o-oriente-nem-o-ocidente-seguimos-em-frente\/#article","isPartOf":{"@id":"https:\/\/www.pressenza.com\/pt-pt\/2023\/09\/a-internacional-progressista-e-o-movimento-dos-nao-alinhados-nao-enfrentamos-nem-o-oriente-nem-o-ocidente-seguimos-em-frente\/"},"author":{"name":"Progressive International","@id":"https:\/\/www.pressenza.com\/pt-pt\/#\/schema\/person\/90af2a95c91634f50f367eba49466607"},"headline":"A Internacional Progressista e o Movimento dos N\u00e3o-Alinhados: N\u00e3o enfrentamos nem o Oriente nem o Ocidente. Seguimos em frente. \u00a0","datePublished":"2023-09-02T10:27:48+00:00","mainEntityOfPage":{"@id":"https:\/\/www.pressenza.com\/pt-pt\/2023\/09\/a-internacional-progressista-e-o-movimento-dos-nao-alinhados-nao-enfrentamos-nem-o-oriente-nem-o-ocidente-seguimos-em-frente\/"},"wordCount":1076,"publisher":{"@id":"https:\/\/www.pressenza.com\/pt-pt\/#organization"},"image":{"@id":"https:\/\/www.pressenza.com\/pt-pt\/2023\/09\/a-internacional-progressista-e-o-movimento-dos-nao-alinhados-nao-enfrentamos-nem-o-oriente-nem-o-ocidente-seguimos-em-frente\/#primaryimage"},"thumbnailUrl":"https:\/\/www.pressenza.com\/wp-content\/uploads\/2023\/09\/Foto-de-Yaw-Kuma-Ansu-Kyeremeh-Wikimedia-Commons.jpg","keywords":["Internacional Progressista","MNA","Movimento dos N\u00e3o-Alinhados","ONU","Paz e N\u00e3o-viol\u00eancia"],"articleSection":["Assuntos internacionais"],"inLanguage":"pt-PT"},{"@type":"WebPage","@id":"https:\/\/www.pressenza.com\/pt-pt\/2023\/09\/a-internacional-progressista-e-o-movimento-dos-nao-alinhados-nao-enfrentamos-nem-o-oriente-nem-o-ocidente-seguimos-em-frente\/","url":"https:\/\/www.pressenza.com\/pt-pt\/2023\/09\/a-internacional-progressista-e-o-movimento-dos-nao-alinhados-nao-enfrentamos-nem-o-oriente-nem-o-ocidente-seguimos-em-frente\/","name":"A Internacional Progressista e o Movimento dos N\u00e3o-Alinhados: N\u00e3o enfrentamos nem o Oriente nem o Ocidente. Seguimos em frente. \u00a0","isPartOf":{"@id":"https:\/\/www.pressenza.com\/pt-pt\/#website"},"primaryImageOfPage":{"@id":"https:\/\/www.pressenza.com\/pt-pt\/2023\/09\/a-internacional-progressista-e-o-movimento-dos-nao-alinhados-nao-enfrentamos-nem-o-oriente-nem-o-ocidente-seguimos-em-frente\/#primaryimage"},"image":{"@id":"https:\/\/www.pressenza.com\/pt-pt\/2023\/09\/a-internacional-progressista-e-o-movimento-dos-nao-alinhados-nao-enfrentamos-nem-o-oriente-nem-o-ocidente-seguimos-em-frente\/#primaryimage"},"thumbnailUrl":"https:\/\/www.pressenza.com\/wp-content\/uploads\/2023\/09\/Foto-de-Yaw-Kuma-Ansu-Kyeremeh-Wikimedia-Commons.jpg","datePublished":"2023-09-02T10:27:48+00:00","description":"Newsletter n\u00ba 35 da Internacional Progressista (*) &nbsp; A primeira c\u00fapula do Movimento dos Pa\u00edses N\u00e3o-Alinhados (MNA) reuniu-se em Belgrado, Jugosl\u00e1via,","breadcrumb":{"@id":"https:\/\/www.pressenza.com\/pt-pt\/2023\/09\/a-internacional-progressista-e-o-movimento-dos-nao-alinhados-nao-enfrentamos-nem-o-oriente-nem-o-ocidente-seguimos-em-frente\/#breadcrumb"},"inLanguage":"pt-PT","potentialAction":[{"@type":"ReadAction","target":["https:\/\/www.pressenza.com\/pt-pt\/2023\/09\/a-internacional-progressista-e-o-movimento-dos-nao-alinhados-nao-enfrentamos-nem-o-oriente-nem-o-ocidente-seguimos-em-frente\/"]}]},{"@type":"ImageObject","inLanguage":"pt-PT","@id":"https:\/\/www.pressenza.com\/pt-pt\/2023\/09\/a-internacional-progressista-e-o-movimento-dos-nao-alinhados-nao-enfrentamos-nem-o-oriente-nem-o-ocidente-seguimos-em-frente\/#primaryimage","url":"https:\/\/www.pressenza.com\/wp-content\/uploads\/2023\/09\/Foto-de-Yaw-Kuma-Ansu-Kyeremeh-Wikimedia-Commons.jpg","contentUrl":"https:\/\/www.pressenza.com\/wp-content\/uploads\/2023\/09\/Foto-de-Yaw-Kuma-Ansu-Kyeremeh-Wikimedia-Commons.jpg","width":1200,"height":800,"caption":"(Foto de Yaw Kuma Ansu-Kyeremeh, Wikimedia Commons)"},{"@type":"BreadcrumbList","@id":"https:\/\/www.pressenza.com\/pt-pt\/2023\/09\/a-internacional-progressista-e-o-movimento-dos-nao-alinhados-nao-enfrentamos-nem-o-oriente-nem-o-ocidente-seguimos-em-frente\/#breadcrumb","itemListElement":[{"@type":"ListItem","position":1,"name":"Accueil","item":"https:\/\/www.pressenza.com\/pt-pt\/"},{"@type":"ListItem","position":2,"name":"A Internacional Progressista e o Movimento dos N\u00e3o-Alinhados: N\u00e3o enfrentamos nem o Oriente nem o Ocidente. Seguimos em frente. \u00a0"}]},{"@type":"WebSite","@id":"https:\/\/www.pressenza.com\/pt-pt\/#website","url":"https:\/\/www.pressenza.com\/pt-pt\/","name":"Pressenza","description":"International Press Agency","publisher":{"@id":"https:\/\/www.pressenza.com\/pt-pt\/#organization"},"potentialAction":[{"@type":"SearchAction","target":{"@type":"EntryPoint","urlTemplate":"https:\/\/www.pressenza.com\/pt-pt\/?s={search_term_string}"},"query-input":{"@type":"PropertyValueSpecification","valueRequired":true,"valueName":"search_term_string"}}],"inLanguage":"pt-PT"},{"@type":"Organization","@id":"https:\/\/www.pressenza.com\/pt-pt\/#organization","name":"Pressenza","url":"https:\/\/www.pressenza.com\/pt-pt\/","logo":{"@type":"ImageObject","inLanguage":"pt-PT","@id":"https:\/\/www.pressenza.com\/pt-pt\/#\/schema\/logo\/image\/","url":"https:\/\/www.pressenza.com\/wp-content\/uploads\/2022\/10\/pressenza_logo_200x200.jpg","contentUrl":"https:\/\/www.pressenza.com\/wp-content\/uploads\/2022\/10\/pressenza_logo_200x200.jpg","width":200,"height":200,"caption":"Pressenza"},"image":{"@id":"https:\/\/www.pressenza.com\/pt-pt\/#\/schema\/logo\/image\/"},"sameAs":["https:\/\/www.facebook.com\/PressenzaItalia","https:\/\/x.com\/PressenzaIPA"]},{"@type":"Person","@id":"https:\/\/www.pressenza.com\/pt-pt\/#\/schema\/person\/90af2a95c91634f50f367eba49466607","name":"Progressive International","description":"In December 2018, the Democracy in Europe Movement (DiEM25) and the Sanders Institute issued an open call to all progressive forces to form a common front. \"It is time for progressives of the world to unite.\" Progressive International takes up that call.","url":"https:\/\/www.pressenza.com\/pt-pt\/author\/progressive-international\/"}]}},"place":"","original_article_url":"","_links":{"self":[{"href":"https:\/\/www.pressenza.com\/pt-pt\/wp-json\/wp\/v2\/posts\/1762834","targetHints":{"allow":["GET"]}}],"collection":[{"href":"https:\/\/www.pressenza.com\/pt-pt\/wp-json\/wp\/v2\/posts"}],"about":[{"href":"https:\/\/www.pressenza.com\/pt-pt\/wp-json\/wp\/v2\/types\/post"}],"author":[{"embeddable":true,"href":"https:\/\/www.pressenza.com\/pt-pt\/wp-json\/wp\/v2\/users\/2285"}],"replies":[{"embeddable":true,"href":"https:\/\/www.pressenza.com\/pt-pt\/wp-json\/wp\/v2\/comments?post=1762834"}],"version-history":[{"count":0,"href":"https:\/\/www.pressenza.com\/pt-pt\/wp-json\/wp\/v2\/posts\/1762834\/revisions"}],"wp:featuredmedia":[{"embeddable":true,"href":"https:\/\/www.pressenza.com\/pt-pt\/wp-json\/wp\/v2\/media\/1762855"}],"wp:attachment":[{"href":"https:\/\/www.pressenza.com\/pt-pt\/wp-json\/wp\/v2\/media?parent=1762834"}],"wp:term":[{"taxonomy":"category","embeddable":true,"href":"https:\/\/www.pressenza.com\/pt-pt\/wp-json\/wp\/v2\/categories?post=1762834"},{"taxonomy":"post_tag","embeddable":true,"href":"https:\/\/www.pressenza.com\/pt-pt\/wp-json\/wp\/v2\/tags?post=1762834"}],"curies":[{"name":"wp","href":"https:\/\/api.w.org\/{rel}","templated":true}]}}