{"id":1760205,"date":"2023-08-19T07:02:45","date_gmt":"2023-08-19T06:02:45","guid":{"rendered":"https:\/\/www.pressenza.com\/?p=1760205"},"modified":"2023-08-19T07:13:11","modified_gmt":"2023-08-19T06:13:11","slug":"a-aventura-louca-da-otan-no-pacifico","status":"publish","type":"post","link":"https:\/\/www.pressenza.com\/pt-pt\/2023\/08\/a-aventura-louca-da-otan-no-pacifico\/","title":{"rendered":"A aventura louca da OTAN no Pac\u00edfico"},"content":{"rendered":"<h4 class=\"column large-12 small-12 text-center mb-30\"><em>Os pa\u00edses ricos do Ocidente e membros da OTAN, n\u00e3o se contentaram com o alargamento da OTAN (que, por defini\u00e7\u00e3o, se deveria restringir apenas ao espa\u00e7o do Atl\u00e2ntico Norte!) para uma s\u00e9rie de pa\u00edses do Leste da Europa, como o provam os bombardeamentos ilegais contra a S\u00e9rvia (em 1999) assim como a interven\u00e7\u00e3o massiva com armamento e aconselhamento t\u00e9cnico-pol\u00edtico na atual Guerra da Ucr\u00e2nia (desde 2022): Agora andam num grande frenesim para alargar a OTAN tamb\u00e9m para a zona da \u00c1sia\/Pac\u00edfico\/Oce\u00e2nia e para conquistarem l\u00e1 novos apoios, com o intuito de formarem um bloco militar e prepararem uma guerra contra a China. Isso trata-se evidentemente de defender a todo o custo a hegemonia do imp\u00e9rio norte-americano no mundo inteiro.<\/em><\/h4>\n<div><\/div>\n<div><\/div>\n<div class=\"row row-small\">\n<div class=\"column large-12 small-12 mb-30 \">\n<div class=\"post-info\">\n<div class=\"first-line\">\n<div class=\"category\">\n<hr \/>\n<h3>por <strong><a title=\"Posts de Jeffrey D. Sachs\" href=\"https:\/\/outraspalavras.net\/author\/jeffreysachs\/\" rel=\"author\">Jeffrey D. Sachs<\/a><\/strong> (*)<\/h3>\n<h3>Ap\u00f3s a guerra <i>por procura\u00e7\u00e3o<\/i> contra a R\u00fassia, os EUA for\u00e7am novos atritos com a China. Submetem a Austr\u00e1lia e o Jap\u00e3o \u2013 e rejeitam a diplomacia e a paz. Inconsequ\u00eancia escancara: a burocracia militar est\u00e1 no comando da pol\u00edtica externa de Washington.<br \/>\nEste texto \u00e9 a transcri\u00e7\u00e3o do discurso proferido por Jeffrey Sachs no semin\u00e1rio &#8220;Salvando a Humanidade e o Planeta Terra&#8221; [Saving Humanity and Planet Earth, SHAPE], que teve lugar em Melbourne, na Austr\u00e1lia, a 5 de julho de 2023:<\/h3>\n<\/div>\n<\/div>\n<\/div>\n<\/div>\n<div id=\"single-the-content\" class=\"column large-12 small-12\">\n<blockquote><p>Boa tarde a todos. Quero agradecer ao SHAPE pelo convite e, especialmente, pela lideran\u00e7a neste processo. Tive o privil\u00e9gio de ouvir Alison Broinowski e Chung-in Moon. Fomos presenteados com falas brilhantes e perspicazes. Concordo absolutamente com tudo o que foi dito. O mundo enlouqueceu, mas, isso vale especialmente para o mundo anglo-sax\u00e3o. N\u00e3o sei se h\u00e1 ainda algum bom senso nos peda\u00e7os do mundo onde se fala ingl\u00eas: Claro que estou falando de Estados Unidos, Reino Unido, Canad\u00e1, Austr\u00e1lia e Nova Zel\u00e2ndia.<\/p>\n<p>H\u00e1 algo profundamente desalentador na pol\u00edtica de nossos pa\u00edses no momento. A profunda insanidade, receio, consiste no pensamento imperial brit\u00e2nico que foi assumido pelos Estados Unidos. Meu pa\u00eds, os EUA, est\u00e1 irreconhec\u00edvel, mesmo em compara\u00e7\u00e3o com 20 ou 30 anos atr\u00e1s. Para falar a verdade, n\u00e3o tenho certeza de quem governa o pa\u00eds. N\u00e3o acredito que seja o presidente dos Estados Unidos. Somos comandados por generais, por nossa burocracia de seguran\u00e7a. O p\u00fablico n\u00e3o tem conhecimento de nada. As mentiras que s\u00e3o contadas sobre pol\u00edtica externa s\u00e3o di\u00e1rias e difundidas por uma grande m\u00eddia que mal consigo continuar a ouvir ou ler. O\u00a0<em>New York Times<\/em>, o\u00a0<em>Washington Post<\/em>, o\u00a0<em>Wall Street Journal<\/em>\u00a0e os principais canais de televis\u00e3o est\u00e3o 100% repetindo a propaganda governamental todos os dias, e \u00e9 quase imposs\u00edvel romper essa barreira.<\/p>\n<p>O que \u00e9 que se passa? Bem, como voc\u00eas ouviram, trata-se da insanidade dos Estados Unidos por manter a sua hegemonia global, uma pol\u00edtica externa militarizada \u2013 dominada pelo pensamento de generais que s\u00e3o intelectos med\u00edocres, pessoalmente gananciosos \u2013 e sem sentido porque o seu \u00fanico <em>modus operandi<\/em>\u00a0\u00e9 fazer a guerra.<\/p>\n<p>E eles s\u00e3o seguidos cegamente pela Gr\u00e3-Bretanha que, infelizmente, ao longo da minha vida adulta, vi tornar-se cada vez mais pat\u00e9tica, como uma aficionada a torcer pelos Estados Unidos, gritando pela hegemonia dos EUA e pela guerra! N\u00e3o importa o que digam os EUA, a Gr\u00e3-Bretanha repetir\u00e1 com dez vezes mais entusiasmo. Os l\u00edderes do Reino Unido n\u00e3o poderiam amar mais a guerra na Ucr\u00e2nia. Esta \u00e9 a grande Segunda Guerra da Crimeia para a m\u00eddia brit\u00e2nica e para os l\u00edderes pol\u00edticos brit\u00e2nicos.<\/p>\n<p>Agora, como a Austr\u00e1lia e a Nova Zel\u00e2ndia tamb\u00e9m caem nessa idiotice, \u00e9 realmente uma quest\u00e3o de fundo para mim e para voc\u00eas. As pessoas deveriam saber melhor o que est\u00e1 acontecendo. Mas temo que seja a Alian\u00e7a dos Cinco Olhos [<em>Five Eyes, alian\u00e7a entre EUA, Canad\u00e1, Reino Unido, Austr\u00e1lia e Nova Zel\u00e2ndia<\/em>] e a estrutura de seguran\u00e7a que disseram aos pol\u00edticos, na medida em que os pol\u00edticos s\u00e3o envolvidos nisso, \u201cbem, \u00e9 isso o que temos que fazer\u201d. Este \u00e9 o nosso Estado de Seguran\u00e7a e n\u00e3o acho que nossos pol\u00edticos necessariamente tenham um papel muito relevante nisso. A prop\u00f3sito, o p\u00fablico n\u00e3o tem nenhum papel na pol\u00edtica externa dos EUA: N\u00e3o temos nenhum debate, nenhuma discuss\u00e3o, nenhuma delibera\u00e7\u00e3o, nenhum debate sobre a vota\u00e7\u00e3o dos 100, agora US$ 113 milhares de milh\u00f5es \u2013 na verdade, muito mais dinheiro \u2013 que at\u00e9 agora gast\u00e1mos com a Guerra da Ucr\u00e2nia.<\/p>\n<p>At\u00e9 ao presente, n\u00e3o houve sequer uma hora de debate organizado sobre isso, nem mesmo no Congresso, muito menos em p\u00fablico. Mas o meu palpite \u00e9 que a burocracia de seguran\u00e7a [<em>security establishment<\/em>] \u00e9 quem realmente conduz isso na Austr\u00e1lia. Eles explicam ao primeiro-ministro e a outros: \u201cvoc\u00eas sabem que esta \u00e9 uma quest\u00e3o de seguran\u00e7a m\u00e1xima nacional, e foi isso o que os EUA nos disseram. Deixe que n\u00f3s, sua burocracia de seguran\u00e7a, expliquemos o que estamos vendo. Claro, voc\u00ea n\u00e3o pode divulgar isso para o p\u00fablico em geral, mas isso \u00e9, em ess\u00eancia, uma luta pela sobreviv\u00eancia no mundo\u201d.<\/p>\n<div id=\"outra-563812614\" class=\"outra-meio-do-texto\">\n<div id=\"outra-687205288\">Tudo o que eu vejo \u2013 e j\u00e1 atuo h\u00e1 43 anos como consultor econ\u00f4mico em todo o mundo \u2013 sugere que essa mensagem \u00e9 um disparate. Uma coisa que seria interessante para as pessoas olharem, a fim de entenderem esses desenvolvimentos, \u00e9 um artigo muito revelador de um ex-colega meu em Harvard, o embaixador Robert Blackwell e Ashley Tellis, escrito para o Conselho de Rela\u00e7\u00f5es Exteriores em Mar\u00e7o de 2015. Quero ler alguns trechos dele porque exp\u00f4s o plano do que est\u00e1 acontecendo agora de forma bastante direta. \u00c9 assim que as coisas funcionam nos Estados Unidos, onde planos futuros s\u00e3o tra\u00e7ados para a burocracia em tais relat\u00f3rios.<\/div>\n<\/div>\n<p>Basicamente nos disseram em 2015 o que vai acontecer nas rela\u00e7\u00f5es EUA-China. A deteriora\u00e7\u00e3o das rela\u00e7\u00f5es foi planejada \u2013 n\u00e3o \u00e9 algo\u00a0<em>ad hoc<\/em>. Ent\u00e3o, aqui est\u00e1 o que Blackwell e Tellis escreveram em 2015. Primeiro: \u201cDesde sua funda\u00e7\u00e3o, os Estados Unidos t\u00eam consistentemente buscado uma grande estrat\u00e9gia focada em adquirir e manter poder preeminente sobre v\u00e1rios rivais. Primeiro no continente norte-americano, depois no hemisf\u00e9rio ocidental e, finalmente, em todo o globo.\u201d E ent\u00e3o eles argumentam que \u201cpreservar a primazia dos EUA no sistema global deve continuar sendo o objetivo central da grande estrat\u00e9gia dos EUA no s\u00e9culo XXI\u201d.<\/p>\n<p><strong>Ent\u00e3o, qual \u00e9 o objetivo dos EUA? O objetivo \u00e9 muito direto, \u00e9 a primazia global dos Estados Unidos.<\/strong><\/p>\n<p>Blackwell e Tellis tra\u00e7am o plano de jogo para a China. Eles nos dizem o que fazer.<\/p>\n<p>Aqui est\u00e1 a lista, embora eu esteja citando apenas trechos: \u201cCriar novos acordos comerciais preferenciais entre amigos e aliados dos EUA para aumentar seus ganhos m\u00fatuos por meio de instrumentos que conscientemente excluam a China\u201d. Este \u00e9 o jogo que Obama j\u00e1 come\u00e7ou com a Parceria Transpac\u00edfica (TPP, na sigla em ingl\u00eas), embora n\u00e3o tenha conseguido por meio da oposi\u00e7\u00e3o pol\u00edtica dom\u00e9stica. Em segundo lugar, \u201ccriar, em parceria com aliados dos EUA, um regime de controle de tecnologia em rela\u00e7\u00e3o a Pequim\u201d, para bloquear as capacidades estrat\u00e9gicas da China. Em terceiro lugar, desenvolver \u201ccapacidades de poder pol\u00edtico de amigos e aliados dos EUA na periferia da China\u201d e \u201cmelhorar a capacidade das for\u00e7as militares dos EUA de efetivamente projetar poder ao longo dos limites asi\u00e1ticos, seja qual for a oposi\u00e7\u00e3o chinesa\u201d.<\/p>\n<p>O que considero especialmente not\u00e1vel nessa lista \u00e9 que ela foi feita em 2015. Portanto temos o plano de a\u00e7\u00e3o, passo a passo, sendo efetivamente executado. Esse pren\u00fancio das pol\u00edticas dos EUA, por meio do Conselho de Rela\u00e7\u00f5es Exteriores (CFR), \u00e9 bem conhecido na hist\u00f3ria recente. Em 1997, no jornal <em>Foreign Affairs<\/em>\u00a0do CFR, Zbigniew Brzezinski exp\u00f4s com precis\u00e3o o cronograma pretendido para a expans\u00e3o da OTAN e especificamente a inten\u00e7\u00e3o de incluir a Ucr\u00e2nia nessa amplia\u00e7\u00e3o. \u00c9 claro que esse plano de expans\u00e3o da OTAN nos levou diretamente \u00e0 Guerra da Ucr\u00e2nia, que \u00e9 de fato uma guerra por procura\u00e7\u00e3o R\u00fassia-EUA motivada pela amplia\u00e7\u00e3o da OTAN.<\/p>\n<p>Agora, os amigos e g\u00eanios que nos trouxeram a Guerra da Ucr\u00e2nia est\u00e3o a caminho de nos trazer uma nova guerra em sua vizinhan\u00e7a. Como observou o professor Moon, a Organiza\u00e7\u00e3o do Tratado do Atl\u00e2ntico Norte est\u00e1 come\u00e7ando a abrir seus escrit\u00f3rios no leste da \u00c1sia, que n\u00e3o \u00e9 exatamente a mesma coisa que o\u00a0<em>Atl\u00e2ntico Norte<\/em>.<\/p>\n<p>Ent\u00e3o, estamos neste ponto. N\u00e3o \u00e9 absolutamente simples de enxergar as coisas por um motivo principal, pelo menos nos EUA. N\u00e3o tenho certeza de como \u00e9 na Austr\u00e1lia, mas acredito que seja praticamente o mesmo que nos EUA, onde n\u00e3o h\u00e1 honestidade nem decis\u00e3o p\u00fablica sobre nada disso. As pol\u00edticas pertencem inteiramente \u00e0 burocracia de seguran\u00e7a, ao complexo militar-industrial, \u00e0 rede de\u00a0<em>think tanks<\/em>\u00a0ou\u00a0<em>laborat\u00f3rios de pensamento<\/em>\u00a0que, na verdade, s\u00e3o\u00a0<em>laborat\u00f3rios de n\u00e3o-pensamento<\/em>\u00a0em Washington, quase todos financiados pelo complexo militar-industrial.<\/p>\n<p>O complexo industrial militar e seu poderoso lobby corporativo tomaram conta das universidades da Costa Leste onde leciono. Ensinei em Harvard por mais de 20 anos e agora leciono na Universidade de Columbia. A influ\u00eancia das ag\u00eancias de intelig\u00eancia nos\u00a0<em>campi<\/em> \u00e9 sem precedentes, de acordo com a minha experi\u00eancia. Tudo isso aconteceu sem muito aviso p\u00fablico, quase num golpe silencioso. N\u00e3o h\u00e1 debate, n\u00e3o h\u00e1 pol\u00edtica p\u00fablica, n\u00e3o h\u00e1 honestidade, n\u00e3o h\u00e1 documentos publicados. Tudo \u00e9 secreto, confidencial e um tanto misterioso. Como sou um economista que se envolve com chefes de Estado e ministros de todo o mundo, ou\u00e7o e vejo muitas coisas que me ajudam a penetrar nas \u201cnarrativas\u201d oficiais e nas mentiras generalizadas.\u00a0Voc\u00ea n\u00e3o encontrar\u00e1 nada disso em nosso discurso p\u00fablico.<\/p>\n<p><strong>E apenas uma palavra, se me permitem, sobre a Guerra da Ucr\u00e2nia.<\/strong><\/p>\n<p>A guerra era completamente previs\u00edvel e resultou de um plano de hegemonia dos EUA baseado na amplia\u00e7\u00e3o da OTAN que remonta ao in\u00edcio dos anos 1990. A estrat\u00e9gia dos EUA era trazer a Ucr\u00e2nia para a \u00f3rbita militar dos EUA. Brzezinski, novamente em 1997, em seu livro\u00a0<em>The Grand Chessboard\u00a0<\/em>[<em>O grande tabuleiro de xadrez<\/em>], exp\u00f4s a estrat\u00e9gia: A R\u00fassia sem a Ucr\u00e2nia n\u00e3o \u00e9 nada, argumentou. A Ucr\u00e2nia, escreveu ele, \u00e9 o piv\u00f4 geogr\u00e1fico da Eur\u00e1sia. Curiosamente, Brzezinski alertou os formuladores de pol\u00edticas dos EUA que eles garantissem n\u00e3o pressionar a R\u00fassia e a China para uma alian\u00e7a. Na verdade, isso seria t\u00e3o contr\u00e1rio aos interesses dos EUA que Brzezinski claramente acreditava que isso nunca aconteceria. Mas aconteceu, porque a pol\u00edtica externa dos EUA \u00e9 incompetente, bem como profundamente perigosa e equivocada.<\/p>\n<p>Em 1990-1991 fui conselheiro de Mikhail Gorbachev e, durante o per\u00edodo de 1991-1994, de Boris Yeltsin e de Leonid Kuchma, abrangendo os \u00faltimos dias da <em>perestroika<\/em> e os primeiros dias da independ\u00eancia russa e ucraniana ap\u00f3s a dissolu\u00e7\u00e3o da Uni\u00e3o Sovi\u00e9tica. Observei muito de perto o que estava acontecendo. Vi que os Estados Unidos estavam absolutamente desinteressados \u200b\u200bem ajudar a R\u00fassia a se estabilizar.<\/p>\n<p>A ideia da\u00a0<strong>burocracia de seguran\u00e7a<\/strong> dos EUA, desde o in\u00edcio dos anos 1990, era a da unipolaridade liderada pelos EUA, ou a da hegemonia dos EUA. No in\u00edcio da d\u00e9cada de 1990, os EUA rejeitaram medidas para ajudar a estabilizar a economia sovi\u00e9tica e depois a economia russa, enquanto tamb\u00e9m come\u00e7aram a planejar a amplia\u00e7\u00e3o da OTAN, em contradi\u00e7\u00e3o direta com o que os EUA e a Alemanha haviam prometido a Gorbachev e Yeltsin. Portanto, a quest\u00e3o da amplia\u00e7\u00e3o da OTAN, inclusive para a Ucr\u00e2nia, faz parte de um plano de jogo dos EUA que come\u00e7ou no in\u00edcio dos anos 1990 e acabou levando \u00e0 guerra na Ucr\u00e2nia.<\/p>\n<p>A prop\u00f3sito, os EUA estiveram profundamente envolvidos no derrube do presidente pr\u00f3-R\u00fassia da Ucr\u00e2nia em 2014. Sim, aquilo foi um golpe e, em grande medida, uma opera\u00e7\u00e3o de mudan\u00e7a de regime feita pelos Estados Unidos. Acontece que eu vi uma parte disso e sei que o dinheiro dos EUA foi derramado para apoiar o Maidan. Essa intromiss\u00e3o dos EUA foi repugnante e desestabilizadora, e fazia parte do plano de ampliar a OTAN para a Ucr\u00e2nia e a Ge\u00f3rgia.<\/p>\n<p>Quando se olha para o mapa, o que vemos \u00e9 de fato a ideia de Brzezinski de 1997: cercar a R\u00fassia na regi\u00e3o do Mar Negro. Ucr\u00e2nia, Rom\u00eania, Bulg\u00e1ria, Turquia e Ge\u00f3rgia se tornariam todos membros da OTAN. Isso seria o fim da proje\u00e7\u00e3o de poder russo no Mediterr\u00e2neo Oriental e no Oriente M\u00e9dio. E foi isso o que buscaram esses g\u00eanios da \u201cseguran\u00e7a\u201d.<\/p>\n<p>Putin apresentou respostas diplom\u00e1ticas que foram repetidamente rejeitadas pelos EUA e seus aliados da OTAN, incluindo o Acordo de Minsk II, endossado pelo Conselho de Seguran\u00e7a da ONU, mas depois ignorado pela Ucr\u00e2nia.<\/p>\n<p>Em 17 de dezembro de 2021, Putin colocou sobre a mesa um documento perfeitamente razo\u00e1vel como base para a negocia\u00e7\u00e3o, um rascunho do Acordo de Seguran\u00e7a EUA-R\u00fassia. No centro estava o apelo da R\u00fassia para o fim da expans\u00e3o da OTAN. Tragicamente, os EUA mandaram tudo \u00e0s favas. Liguei para a Casa Branca no final de dezembro de 2021, falei com um de nossos principais funcion\u00e1rios de seguran\u00e7a e implorei: \u201cNegocie. Pare o alargamento da OTAN. Voc\u00ea tem uma chance de evitar a guerra\u201d. Claro, n\u00e3o tive sucesso. A resposta formal dos Estados Unidos a Putin foi que a amplia\u00e7\u00e3o da OTAN n\u00e3o era negoci\u00e1vel com a R\u00fassia, um assunto sobre o qual a R\u00fassia n\u00e3o tem absolutamente nada a dizer.<\/p>\n<p>Esta \u00e9 uma maneira incompreens\u00edvel de gerir rela\u00e7\u00f5es exteriores porque \u00e9 um caminho direto para a guerra. E espero que todos entendam que esta guerra na Ucr\u00e2nia estava bem perto de terminar em Mar\u00e7o de 2022 com um acordo negociado, apenas um m\u00eas ap\u00f3s a invas\u00e3o da R\u00fassia em 24 de Fevereiro. A negocia\u00e7\u00e3o do acordo foi interrompida pelos EUA porque se baseava na neutralidade da Ucr\u00e2nia. Os EUA disseram \u00e0 Ucr\u00e2nia para guerrear, encerrar as negocia\u00e7\u00f5es e rejeitar a neutralidade.<\/p>\n<p>E assim estamos numa guerra que continua a escalar para uma poss\u00edvel guerra nuclear, que \u00e9 o que aconteceria se a R\u00fassia sofresse profundas derrotas no campo de batalha. A R\u00fassia n\u00e3o est\u00e1 perdendo no campo de batalha, neste momento, mas se viesse a perder, provavelmente escalaria para uma guerra nuclear. A R\u00fassia nunca ser\u00e1 expulsa do Donbass e da Crimeia ou humildemente voltar\u00e1 para casa pedindo desculpas. A R\u00fassia vai escalar se precisar de escalar. Ent\u00e3o, estamos agora numa espiral que \u00e9 extremamente perigosa.<\/p>\n<p>O Jap\u00e3o atua absolutamente nessa espiral. E a Austr\u00e1lia tamb\u00e9m. \u00c9 muito triste ver a Austr\u00e1lia aceitando ser usada dessa maneira imprudente. Pagar uma fortuna por novas bases militares de forma imprudente, provocativa e cara, que alimentar\u00e3o o complexo militar-industrial dos EUA e, ao mesmo tempo, ir\u00e3o pesar muito sobre a Austr\u00e1lia.<\/p>\n<p><strong>Essas a\u00e7\u00f5es dos EUA est\u00e3o-nos colocando no caminho da guerra com a China, da mesma forma que as a\u00e7\u00f5es dos EUA levaram \u00e0 guerra na Ucr\u00e2nia. <\/strong><\/p>\n<p>A diferen\u00e7a \u00e9 que uma guerra na \u00c1sia-Pac\u00edfico seria ainda mais desastrosa. A ideia de um bloco formado pelos EUA e os seus aliados lutando contra a China \u00e9 incompreens\u00edvel nas suas implica\u00e7\u00f5es, na sua estupidez e na sua imprud\u00eancia. Tudo isso \u00e9 totalmente divorciado dos reais interesses de seguran\u00e7a da Austr\u00e1lia. A China n\u00e3o \u00e9 uma amea\u00e7a para a Austr\u00e1lia. N\u00e3o \u00e9 uma amea\u00e7a para o mundo.<\/p>\n<p>A prop\u00f3sito, n\u00e3o conhe\u00e7o uma \u00fanica invas\u00e3o ultramarina chinesa na sua hist\u00f3ria, exceto quando os mong\u00f3is governaram a China por um breve per\u00edodo e tentaram invadir o Jap\u00e3o. Al\u00e9m da invas\u00e3o mongol, derrotada por um tuf\u00e3o, a China n\u00e3o lan\u00e7ou guerras no exterior. Simplesmente n\u00e3o faz parte da arte de governar da China, nem essas guerras seriam do interesse nacional chin\u00eas.<\/p>\n<p>O que me preocupa no mundo \u00e9 uma lideran\u00e7a de (in)seguran\u00e7a profundamente neur\u00f3tica dos Estados Unidos que pretende ser o n\u00famero um, mas que n\u00e3o pode ser o n\u00famero um da maneira que acredita. Isso \u00e9 pat\u00e9tico, mas \u00e9 aplaudido todos os dias em Londres, um lugar que ainda sonha com a gl\u00f3ria do imp\u00e9rio global de uma era muito passada.<\/p>\n<p><strong>Permitam-me, em conclus\u00e3o, tomar um minuto para dizer o que deveria ser feito:<\/strong><\/p>\n<ol>\n<li>Primeiro, a guerra na Ucr\u00e2nia pode terminar no dia em que Joe Biden disser que a OTAN n\u00e3o se expandir\u00e1 para a Ucr\u00e2nia. A base para um acordo de seguran\u00e7a negociado existe h\u00e1 30 anos, mas foi rejeitada at\u00e9 agora pelos EUA.<\/li>\n<li>Em segundo lugar, a ideia de abrir escrit\u00f3rios da OTAN na \u00c1sia \u00e9 incompreens\u00edvel, tamanha tolice que \u00e9. Por favor, digam aos japoneses para parar com essa a\u00e7\u00e3o imprudente.<\/li>\n<li>Em terceiro lugar, a abordagem dos EUA para armar Taiwan \u00e9 profunda e deliberadamente perigosa, provocativa.<\/li>\n<li>Quarto, o que \u00e9 mais necess\u00e1rio na \u00c1sia-Pac\u00edfico \u00e9 o di\u00e1logo regional entre as na\u00e7\u00f5es da \u00c1sia-Pac\u00edfico.<\/li>\n<li>Quinto, a \u00c1sia-Pac\u00edfico deve basear-se no RCEP [Acordo de Parceria Econ\u00f4mica Abrangente Regional]. O RCEP \u00e9 o conceito correto para reunir China, Coreia, Jap\u00e3o, os dez pa\u00edses da ASEAN [Associa\u00e7\u00e3o das Na\u00e7\u00f5es do Sudeste Asi\u00e1tico], Austr\u00e1lia e Nova Zel\u00e2ndia numa estrutura coerente, especialmente em torno do desafio clim\u00e1tico, pol\u00edtica energ\u00e9tica, pol\u00edtica comercial e pol\u00edtica de infraestruturas e de investimento. Um RCEP que funcione bem faria um bem enorme, n\u00e3o apenas para os 15 pa\u00edses do RCEP, mas para o mundo inteiro.<\/li>\n<\/ol>\n<p>Desculpem ter-me alongado tanto, mas \u00e9 mesmo muito importante o que o SHAPE est\u00e1 fazendo. Voc\u00eas est\u00e3o absolutamente no caminho certo e desejo todos os melhores votos para os vossos esfor\u00e7os. <i class=\"fab fa-twitter\"><\/i><\/p><\/blockquote>\n<\/div>\n<div class=\"column large-12 small-12\">\n<div class=\"post-content--author\">\n<hr \/>\n<p class=\"post-content--author-name\">(*)<em><strong> Jeffrey D. Sachs<\/strong>\u00a0\u00e9 Professor da Universidade de Columbia, \u00e9 Diretor do Centro de Desenvolvimento Sustent\u00e1vel da Universidade de Columbia e Presidente da Rede de Solu\u00e7\u00f5es de Desenvolvimento Sustent\u00e1vel da ONU. Ele atuou como conselheiro de tr\u00eas secret\u00e1rios-gerais da ONU e atualmente atua como advogado dos ODS sob o secret\u00e1rio-geral Ant\u00f3nio Guterres.<\/em><\/p>\n<p>Tradu\u00e7\u00e3o: <strong>Maur\u00edcio Ayer<\/strong><\/p>\n<\/div>\n<p><a href=\"https:\/\/outraspalavras.net\/geopoliticaeguerra\/sachs-a-insana-aventura-da-otan-no-pacifico\/\">Artigo original pode ser visto aqui<\/a><\/p>\n<\/div>\n<\/div>\n<div class=\"row\">\n<div class=\"column large-12 small-12\">\n<div class=\"post-content--related-posts\"><\/div>\n<\/div>\n<\/div>\n","protected":false},"excerpt":{"rendered":"<p>Os pa\u00edses ricos do Ocidente e membros da OTAN, n\u00e3o se contentaram com o alargamento da OTAN (que, por defini\u00e7\u00e3o, se deveria restringir apenas ao espa\u00e7o do Atl\u00e2ntico Norte!) para uma s\u00e9rie de pa\u00edses do Leste da Europa, como o&hellip;<\/p>\n","protected":false},"author":1293,"featured_media":1570268,"comment_status":"closed","ping_status":"closed","sticky":false,"template":"","format":"standard","meta":{"footnotes":""},"categories":[102,113,107,165],"tags":[106791,115387,115390,69253,8721,115388,115393,5192,69093,5193,110195,7107,115391,7066,11799,68419,115389,59546,6159,115392],"class_list":["post-1760205","post","type-post","status-publish","format-standard","has-post-thumbnail","hentry","category-asia-pt-pt","category-noticias-do-exterior","category-oceania-pt-pt","category-opiniao","tag-alargamento-da-otan","tag-alianca-dos-5-olhos","tag-ameaca-nuclear","tag-australia-pt-pt","tag-china-pt-pt","tag-complexo-industrial-militar","tag-deep-state-pt-pt","tag-eua-pt-pt","tag-geopolitica-pt-pt","tag-guerra-pt-pt","tag-guerra-da-ucrania","tag-japao","tag-mautrad","tag-nova-zelandia","tag-otan-pt-pt","tag-pacifico-pt-pt","tag-propaganda-norte-americana","tag-putin-pt-pt","tag-russia-pt-pt","tag-zbigniew-brzezinski-pt-pt"],"yoast_head":"<!-- This site is optimized with the Yoast SEO plugin v27.1.1 - https:\/\/yoast.com\/product\/yoast-seo-wordpress\/ -->\n<title>A aventura louca da OTAN no Pac\u00edfico<\/title>\n<meta name=\"description\" content=\"Os pa\u00edses ricos do Ocidente e membros da OTAN, n\u00e3o se contentaram com o alargamento da OTAN (que, por defini\u00e7\u00e3o, se deveria restringir apenas ao espa\u00e7o do\" \/>\n<meta name=\"robots\" content=\"index, follow, max-snippet:-1, max-image-preview:large, max-video-preview:-1\" \/>\n<link rel=\"canonical\" href=\"https:\/\/www.pressenza.com\/pt-pt\/2023\/08\/a-aventura-louca-da-otan-no-pacifico\/\" \/>\n<meta property=\"og:locale\" content=\"pt_PT\" \/>\n<meta property=\"og:type\" content=\"article\" \/>\n<meta property=\"og:title\" content=\"A aventura louca da OTAN no Pac\u00edfico\" \/>\n<meta property=\"og:description\" content=\"Os pa\u00edses ricos do Ocidente e membros da OTAN, n\u00e3o se contentaram com o alargamento da OTAN (que, por defini\u00e7\u00e3o, se deveria restringir apenas ao espa\u00e7o do\" \/>\n<meta property=\"og:url\" content=\"https:\/\/www.pressenza.com\/pt-pt\/2023\/08\/a-aventura-louca-da-otan-no-pacifico\/\" \/>\n<meta property=\"og:site_name\" content=\"Pressenza\" \/>\n<meta property=\"article:publisher\" content=\"https:\/\/www.facebook.com\/PressenzaItalia\" \/>\n<meta property=\"article:author\" content=\"https:\/\/www.facebook.com\/outraspalavras\" \/>\n<meta property=\"article:published_time\" content=\"2023-08-19T06:02:45+00:00\" \/>\n<meta property=\"article:modified_time\" content=\"2023-08-19T06:13:11+00:00\" \/>\n<meta property=\"og:image\" content=\"https:\/\/www.pressenza.com\/wp-content\/uploads\/2022\/04\/no-Nato-no-guerre.jpg\" \/>\n\t<meta property=\"og:image:width\" content=\"1920\" \/>\n\t<meta property=\"og:image:height\" content=\"1080\" \/>\n\t<meta property=\"og:image:type\" content=\"image\/jpeg\" \/>\n<meta name=\"author\" content=\"Outras Palavras\" \/>\n<meta name=\"twitter:card\" content=\"summary_large_image\" \/>\n<meta name=\"twitter:creator\" content=\"@outraspalavrass\" \/>\n<meta name=\"twitter:site\" content=\"@PressenzaIPA\" \/>\n<meta name=\"twitter:label1\" content=\"Escrito por\" \/>\n\t<meta name=\"twitter:data1\" content=\"Outras Palavras\" \/>\n\t<meta name=\"twitter:label2\" content=\"Tempo estimado de leitura\" \/>\n\t<meta name=\"twitter:data2\" content=\"16 minutos\" \/>\n<script type=\"application\/ld+json\" class=\"yoast-schema-graph\">{\"@context\":\"https:\/\/schema.org\",\"@graph\":[{\"@type\":\"Article\",\"@id\":\"https:\/\/www.pressenza.com\/pt-pt\/2023\/08\/a-aventura-louca-da-otan-no-pacifico\/#article\",\"isPartOf\":{\"@id\":\"https:\/\/www.pressenza.com\/pt-pt\/2023\/08\/a-aventura-louca-da-otan-no-pacifico\/\"},\"author\":{\"name\":\"Outras Palavras\",\"@id\":\"https:\/\/www.pressenza.com\/pt-pt\/#\/schema\/person\/7f4f7cda502887ac8bd3ccb0ae8b5a62\"},\"headline\":\"A aventura louca da OTAN no Pac\u00edfico\",\"datePublished\":\"2023-08-19T06:02:45+00:00\",\"dateModified\":\"2023-08-19T06:13:11+00:00\",\"mainEntityOfPage\":{\"@id\":\"https:\/\/www.pressenza.com\/pt-pt\/2023\/08\/a-aventura-louca-da-otan-no-pacifico\/\"},\"wordCount\":3197,\"publisher\":{\"@id\":\"https:\/\/www.pressenza.com\/pt-pt\/#organization\"},\"image\":{\"@id\":\"https:\/\/www.pressenza.com\/pt-pt\/2023\/08\/a-aventura-louca-da-otan-no-pacifico\/#primaryimage\"},\"thumbnailUrl\":\"https:\/\/www.pressenza.com\/wp-content\/uploads\/2022\/04\/no-Nato-no-guerre.jpg\",\"keywords\":[\"alargamento da OTAN\",\"Alian\u00e7a dos 5 olhos\",\"Amea\u00e7a nuclear\",\"Australia\",\"China\",\"Complexo industrial-militar\",\"Deep State\",\"eua\",\"geopolitica\",\"guerra\",\"Guerra da Ucr\u00e2nia\",\"Jap\u00e3o\",\"Mautrad\",\"nova zelandia\",\"OTAN\",\"Pac\u00edfico\",\"Propaganda norte-americana\",\"Putin\",\"R\u00fassia\",\"Zbigniew Brzezinski\"],\"articleSection\":[\"Asia\",\"Assuntos internacionais\",\"Oce\u00e2nia\",\"Opini\u00e3o\"],\"inLanguage\":\"pt-PT\"},{\"@type\":\"WebPage\",\"@id\":\"https:\/\/www.pressenza.com\/pt-pt\/2023\/08\/a-aventura-louca-da-otan-no-pacifico\/\",\"url\":\"https:\/\/www.pressenza.com\/pt-pt\/2023\/08\/a-aventura-louca-da-otan-no-pacifico\/\",\"name\":\"A aventura louca da OTAN no Pac\u00edfico\",\"isPartOf\":{\"@id\":\"https:\/\/www.pressenza.com\/pt-pt\/#website\"},\"primaryImageOfPage\":{\"@id\":\"https:\/\/www.pressenza.com\/pt-pt\/2023\/08\/a-aventura-louca-da-otan-no-pacifico\/#primaryimage\"},\"image\":{\"@id\":\"https:\/\/www.pressenza.com\/pt-pt\/2023\/08\/a-aventura-louca-da-otan-no-pacifico\/#primaryimage\"},\"thumbnailUrl\":\"https:\/\/www.pressenza.com\/wp-content\/uploads\/2022\/04\/no-Nato-no-guerre.jpg\",\"datePublished\":\"2023-08-19T06:02:45+00:00\",\"dateModified\":\"2023-08-19T06:13:11+00:00\",\"description\":\"Os pa\u00edses ricos do Ocidente e membros da OTAN, n\u00e3o se contentaram com o alargamento da OTAN (que, por defini\u00e7\u00e3o, se deveria restringir apenas ao espa\u00e7o do\",\"breadcrumb\":{\"@id\":\"https:\/\/www.pressenza.com\/pt-pt\/2023\/08\/a-aventura-louca-da-otan-no-pacifico\/#breadcrumb\"},\"inLanguage\":\"pt-PT\",\"potentialAction\":[{\"@type\":\"ReadAction\",\"target\":[\"https:\/\/www.pressenza.com\/pt-pt\/2023\/08\/a-aventura-louca-da-otan-no-pacifico\/\"]}]},{\"@type\":\"ImageObject\",\"inLanguage\":\"pt-PT\",\"@id\":\"https:\/\/www.pressenza.com\/pt-pt\/2023\/08\/a-aventura-louca-da-otan-no-pacifico\/#primaryimage\",\"url\":\"https:\/\/www.pressenza.com\/wp-content\/uploads\/2022\/04\/no-Nato-no-guerre.jpg\",\"contentUrl\":\"https:\/\/www.pressenza.com\/wp-content\/uploads\/2022\/04\/no-Nato-no-guerre.jpg\",\"width\":1920,\"height\":1080,\"caption\":\"Dizer \\\"N\u00e3o \u00e0 OTAN\\\" \u00e9 dizer \\\"N\u00e3o \u00e0 guerra\\\"! (Foto: PRESSENZA)\"},{\"@type\":\"BreadcrumbList\",\"@id\":\"https:\/\/www.pressenza.com\/pt-pt\/2023\/08\/a-aventura-louca-da-otan-no-pacifico\/#breadcrumb\",\"itemListElement\":[{\"@type\":\"ListItem\",\"position\":1,\"name\":\"Accueil\",\"item\":\"https:\/\/www.pressenza.com\/pt-pt\/\"},{\"@type\":\"ListItem\",\"position\":2,\"name\":\"A aventura louca da OTAN no Pac\u00edfico\"}]},{\"@type\":\"WebSite\",\"@id\":\"https:\/\/www.pressenza.com\/pt-pt\/#website\",\"url\":\"https:\/\/www.pressenza.com\/pt-pt\/\",\"name\":\"Pressenza\",\"description\":\"International Press Agency\",\"publisher\":{\"@id\":\"https:\/\/www.pressenza.com\/pt-pt\/#organization\"},\"potentialAction\":[{\"@type\":\"SearchAction\",\"target\":{\"@type\":\"EntryPoint\",\"urlTemplate\":\"https:\/\/www.pressenza.com\/pt-pt\/?s={search_term_string}\"},\"query-input\":{\"@type\":\"PropertyValueSpecification\",\"valueRequired\":true,\"valueName\":\"search_term_string\"}}],\"inLanguage\":\"pt-PT\"},{\"@type\":\"Organization\",\"@id\":\"https:\/\/www.pressenza.com\/pt-pt\/#organization\",\"name\":\"Pressenza\",\"url\":\"https:\/\/www.pressenza.com\/pt-pt\/\",\"logo\":{\"@type\":\"ImageObject\",\"inLanguage\":\"pt-PT\",\"@id\":\"https:\/\/www.pressenza.com\/pt-pt\/#\/schema\/logo\/image\/\",\"url\":\"https:\/\/www.pressenza.com\/wp-content\/uploads\/2022\/10\/pressenza_logo_200x200.jpg\",\"contentUrl\":\"https:\/\/www.pressenza.com\/wp-content\/uploads\/2022\/10\/pressenza_logo_200x200.jpg\",\"width\":200,\"height\":200,\"caption\":\"Pressenza\"},\"image\":{\"@id\":\"https:\/\/www.pressenza.com\/pt-pt\/#\/schema\/logo\/image\/\"},\"sameAs\":[\"https:\/\/www.facebook.com\/PressenzaItalia\",\"https:\/\/x.com\/PressenzaIPA\"]},{\"@type\":\"Person\",\"@id\":\"https:\/\/www.pressenza.com\/pt-pt\/#\/schema\/person\/7f4f7cda502887ac8bd3ccb0ae8b5a62\",\"name\":\"Outras Palavras\",\"description\":\"Comunica\u00e7\u00e3o compartilhada e P\u00f3s-capitalismo\",\"sameAs\":[\"https:\/\/www.facebook.com\/outraspalavras\",\"https:\/\/x.com\/outraspalavrass\"],\"url\":\"https:\/\/www.pressenza.com\/pt-pt\/author\/outras-palavras\/\"}]}<\/script>\n<!-- \/ Yoast SEO plugin. -->","yoast_head_json":{"title":"A aventura louca da OTAN no Pac\u00edfico","description":"Os pa\u00edses ricos do Ocidente e membros da OTAN, n\u00e3o se contentaram com o alargamento da OTAN (que, por defini\u00e7\u00e3o, se deveria restringir apenas ao espa\u00e7o do","robots":{"index":"index","follow":"follow","max-snippet":"max-snippet:-1","max-image-preview":"max-image-preview:large","max-video-preview":"max-video-preview:-1"},"canonical":"https:\/\/www.pressenza.com\/pt-pt\/2023\/08\/a-aventura-louca-da-otan-no-pacifico\/","og_locale":"pt_PT","og_type":"article","og_title":"A aventura louca da OTAN no Pac\u00edfico","og_description":"Os pa\u00edses ricos do Ocidente e membros da OTAN, n\u00e3o se contentaram com o alargamento da OTAN (que, por defini\u00e7\u00e3o, se deveria restringir apenas ao espa\u00e7o do","og_url":"https:\/\/www.pressenza.com\/pt-pt\/2023\/08\/a-aventura-louca-da-otan-no-pacifico\/","og_site_name":"Pressenza","article_publisher":"https:\/\/www.facebook.com\/PressenzaItalia","article_author":"https:\/\/www.facebook.com\/outraspalavras","article_published_time":"2023-08-19T06:02:45+00:00","article_modified_time":"2023-08-19T06:13:11+00:00","og_image":[{"width":1920,"height":1080,"url":"https:\/\/www.pressenza.com\/wp-content\/uploads\/2022\/04\/no-Nato-no-guerre.jpg","type":"image\/jpeg"}],"author":"Outras Palavras","twitter_card":"summary_large_image","twitter_creator":"@outraspalavrass","twitter_site":"@PressenzaIPA","twitter_misc":{"Escrito por":"Outras Palavras","Tempo estimado de leitura":"16 minutos"},"schema":{"@context":"https:\/\/schema.org","@graph":[{"@type":"Article","@id":"https:\/\/www.pressenza.com\/pt-pt\/2023\/08\/a-aventura-louca-da-otan-no-pacifico\/#article","isPartOf":{"@id":"https:\/\/www.pressenza.com\/pt-pt\/2023\/08\/a-aventura-louca-da-otan-no-pacifico\/"},"author":{"name":"Outras Palavras","@id":"https:\/\/www.pressenza.com\/pt-pt\/#\/schema\/person\/7f4f7cda502887ac8bd3ccb0ae8b5a62"},"headline":"A aventura louca da OTAN no Pac\u00edfico","datePublished":"2023-08-19T06:02:45+00:00","dateModified":"2023-08-19T06:13:11+00:00","mainEntityOfPage":{"@id":"https:\/\/www.pressenza.com\/pt-pt\/2023\/08\/a-aventura-louca-da-otan-no-pacifico\/"},"wordCount":3197,"publisher":{"@id":"https:\/\/www.pressenza.com\/pt-pt\/#organization"},"image":{"@id":"https:\/\/www.pressenza.com\/pt-pt\/2023\/08\/a-aventura-louca-da-otan-no-pacifico\/#primaryimage"},"thumbnailUrl":"https:\/\/www.pressenza.com\/wp-content\/uploads\/2022\/04\/no-Nato-no-guerre.jpg","keywords":["alargamento da OTAN","Alian\u00e7a dos 5 olhos","Amea\u00e7a nuclear","Australia","China","Complexo industrial-militar","Deep State","eua","geopolitica","guerra","Guerra da Ucr\u00e2nia","Jap\u00e3o","Mautrad","nova zelandia","OTAN","Pac\u00edfico","Propaganda norte-americana","Putin","R\u00fassia","Zbigniew Brzezinski"],"articleSection":["Asia","Assuntos internacionais","Oce\u00e2nia","Opini\u00e3o"],"inLanguage":"pt-PT"},{"@type":"WebPage","@id":"https:\/\/www.pressenza.com\/pt-pt\/2023\/08\/a-aventura-louca-da-otan-no-pacifico\/","url":"https:\/\/www.pressenza.com\/pt-pt\/2023\/08\/a-aventura-louca-da-otan-no-pacifico\/","name":"A aventura louca da OTAN no Pac\u00edfico","isPartOf":{"@id":"https:\/\/www.pressenza.com\/pt-pt\/#website"},"primaryImageOfPage":{"@id":"https:\/\/www.pressenza.com\/pt-pt\/2023\/08\/a-aventura-louca-da-otan-no-pacifico\/#primaryimage"},"image":{"@id":"https:\/\/www.pressenza.com\/pt-pt\/2023\/08\/a-aventura-louca-da-otan-no-pacifico\/#primaryimage"},"thumbnailUrl":"https:\/\/www.pressenza.com\/wp-content\/uploads\/2022\/04\/no-Nato-no-guerre.jpg","datePublished":"2023-08-19T06:02:45+00:00","dateModified":"2023-08-19T06:13:11+00:00","description":"Os pa\u00edses ricos do Ocidente e membros da OTAN, n\u00e3o se contentaram com o alargamento da OTAN (que, por defini\u00e7\u00e3o, se deveria restringir apenas ao espa\u00e7o do","breadcrumb":{"@id":"https:\/\/www.pressenza.com\/pt-pt\/2023\/08\/a-aventura-louca-da-otan-no-pacifico\/#breadcrumb"},"inLanguage":"pt-PT","potentialAction":[{"@type":"ReadAction","target":["https:\/\/www.pressenza.com\/pt-pt\/2023\/08\/a-aventura-louca-da-otan-no-pacifico\/"]}]},{"@type":"ImageObject","inLanguage":"pt-PT","@id":"https:\/\/www.pressenza.com\/pt-pt\/2023\/08\/a-aventura-louca-da-otan-no-pacifico\/#primaryimage","url":"https:\/\/www.pressenza.com\/wp-content\/uploads\/2022\/04\/no-Nato-no-guerre.jpg","contentUrl":"https:\/\/www.pressenza.com\/wp-content\/uploads\/2022\/04\/no-Nato-no-guerre.jpg","width":1920,"height":1080,"caption":"Dizer \"N\u00e3o \u00e0 OTAN\" \u00e9 dizer \"N\u00e3o \u00e0 guerra\"! (Foto: PRESSENZA)"},{"@type":"BreadcrumbList","@id":"https:\/\/www.pressenza.com\/pt-pt\/2023\/08\/a-aventura-louca-da-otan-no-pacifico\/#breadcrumb","itemListElement":[{"@type":"ListItem","position":1,"name":"Accueil","item":"https:\/\/www.pressenza.com\/pt-pt\/"},{"@type":"ListItem","position":2,"name":"A aventura louca da OTAN no Pac\u00edfico"}]},{"@type":"WebSite","@id":"https:\/\/www.pressenza.com\/pt-pt\/#website","url":"https:\/\/www.pressenza.com\/pt-pt\/","name":"Pressenza","description":"International Press Agency","publisher":{"@id":"https:\/\/www.pressenza.com\/pt-pt\/#organization"},"potentialAction":[{"@type":"SearchAction","target":{"@type":"EntryPoint","urlTemplate":"https:\/\/www.pressenza.com\/pt-pt\/?s={search_term_string}"},"query-input":{"@type":"PropertyValueSpecification","valueRequired":true,"valueName":"search_term_string"}}],"inLanguage":"pt-PT"},{"@type":"Organization","@id":"https:\/\/www.pressenza.com\/pt-pt\/#organization","name":"Pressenza","url":"https:\/\/www.pressenza.com\/pt-pt\/","logo":{"@type":"ImageObject","inLanguage":"pt-PT","@id":"https:\/\/www.pressenza.com\/pt-pt\/#\/schema\/logo\/image\/","url":"https:\/\/www.pressenza.com\/wp-content\/uploads\/2022\/10\/pressenza_logo_200x200.jpg","contentUrl":"https:\/\/www.pressenza.com\/wp-content\/uploads\/2022\/10\/pressenza_logo_200x200.jpg","width":200,"height":200,"caption":"Pressenza"},"image":{"@id":"https:\/\/www.pressenza.com\/pt-pt\/#\/schema\/logo\/image\/"},"sameAs":["https:\/\/www.facebook.com\/PressenzaItalia","https:\/\/x.com\/PressenzaIPA"]},{"@type":"Person","@id":"https:\/\/www.pressenza.com\/pt-pt\/#\/schema\/person\/7f4f7cda502887ac8bd3ccb0ae8b5a62","name":"Outras Palavras","description":"Comunica\u00e7\u00e3o compartilhada e P\u00f3s-capitalismo","sameAs":["https:\/\/www.facebook.com\/outraspalavras","https:\/\/x.com\/outraspalavrass"],"url":"https:\/\/www.pressenza.com\/pt-pt\/author\/outras-palavras\/"}]}},"place":"","original_article_url":"","_links":{"self":[{"href":"https:\/\/www.pressenza.com\/pt-pt\/wp-json\/wp\/v2\/posts\/1760205","targetHints":{"allow":["GET"]}}],"collection":[{"href":"https:\/\/www.pressenza.com\/pt-pt\/wp-json\/wp\/v2\/posts"}],"about":[{"href":"https:\/\/www.pressenza.com\/pt-pt\/wp-json\/wp\/v2\/types\/post"}],"author":[{"embeddable":true,"href":"https:\/\/www.pressenza.com\/pt-pt\/wp-json\/wp\/v2\/users\/1293"}],"replies":[{"embeddable":true,"href":"https:\/\/www.pressenza.com\/pt-pt\/wp-json\/wp\/v2\/comments?post=1760205"}],"version-history":[{"count":0,"href":"https:\/\/www.pressenza.com\/pt-pt\/wp-json\/wp\/v2\/posts\/1760205\/revisions"}],"wp:featuredmedia":[{"embeddable":true,"href":"https:\/\/www.pressenza.com\/pt-pt\/wp-json\/wp\/v2\/media\/1570268"}],"wp:attachment":[{"href":"https:\/\/www.pressenza.com\/pt-pt\/wp-json\/wp\/v2\/media?parent=1760205"}],"wp:term":[{"taxonomy":"category","embeddable":true,"href":"https:\/\/www.pressenza.com\/pt-pt\/wp-json\/wp\/v2\/categories?post=1760205"},{"taxonomy":"post_tag","embeddable":true,"href":"https:\/\/www.pressenza.com\/pt-pt\/wp-json\/wp\/v2\/tags?post=1760205"}],"curies":[{"name":"wp","href":"https:\/\/api.w.org\/{rel}","templated":true}]}}