{"id":1759558,"date":"2023-08-14T20:10:32","date_gmt":"2023-08-14T19:10:32","guid":{"rendered":"https:\/\/www.pressenza.com\/?p=1759558"},"modified":"2023-08-14T20:10:32","modified_gmt":"2023-08-14T19:10:32","slug":"para-meu-amor-inexplicavel-andreia","status":"publish","type":"post","link":"https:\/\/www.pressenza.com\/pt-pt\/2023\/08\/para-meu-amor-inexplicavel-andreia\/","title":{"rendered":"PARA MEU AMOR INEXPLIC\u00c1VEL-ANDR\u00c9IA"},"content":{"rendered":"<h5><span style=\"color: #999999;\">CR\u00d4NICA<\/span><\/h5>\n<p><em><strong>Por Guilherme Maia<\/strong><\/em><\/p>\n<p>&nbsp;<\/p>\n<p><span style=\"font-size: large;\">N\u00e3o t\u00ednhamos medo, exal\u00e1vamos o odor da entrega de corpos e almas: \u00e9ramos e somos um, forjados de desilus\u00f5es e vit\u00f3rias, desperd\u00edcios e acumula\u00e7\u00f5es. Aquela mulher resumia a vida \u00e0quele homem. Havia um quarto de hotel que se tornara uma ilha, um salvaguarda \u00e0s intemp\u00e9ries da vida.<\/span><\/p>\n<p><span style=\"font-size: large;\">Ao escrever mem\u00f3rias dos infinitos tr\u00eas encontros com sua musa, ele vertia a vida num peda\u00e7o de papel. Vertigem de gozos e carinhos. Quero peg\u00e1-la em meus bra\u00e7os, beijar as boca com todas as iniciativas que o espirito permite.<\/span><\/p>\n<p><span style=\"font-size: large;\">Olh\u00e1-la com l\u00e1grimas- ele n\u00e3o entendia porque punha em xeque seu estere\u00f3tipo de masculinidade por n\u00e3o conseguir estancar l\u00e1grimas frente a sua amada.<\/span><\/p>\n<p><span style=\"font-size: large;\">Reafirmar ser forte, suave e intenso, ao jogar sua mulher na cama; lamber todo seu torso, mordendo sua carne docemente. N\u00e3o haveria outra oportunidade: ela estava com ele, mas sentia que cada beijo deveria ser dado como se fosse morrer uma hora depois. Ansiava por dar todo o prazer que um homem pode dar a uma mulher. Por isso tremia. E por que ela queria todo o prazer desse mundo provindo dele, ela tamb\u00e9m tremia.<\/span><\/p>\n<p><span style=\"font-size: large;\">Eram crian\u00e7as, jovens, adultos, rom\u00e2nticos e vivamente pornogr\u00e1ficos! Eram tudo um para o outro e sabiam que nunca mais encontrariam isso com outra pessoa.<\/span><\/p>\n<p><span style=\"font-size: large;\">Estavam unidos por algo que vem de acima, eram tudo! Eu estava no interior de um Para\u00edso baixado \u00e0 Terra: \u00e9ramos mundanos e sagrados! Era a encarna\u00e7\u00e3o da Mulher para mim e eu sabia que teria de chegar aos limites do autocontrole para n\u00e3o sofrer a for\u00e7a de um amor ancestral, uma ess\u00eancia da humanidade, um turbilh\u00e3o de vagas: ele estava \u00e0 deriva num mar de intensidade.<\/span><\/p>\n<p><span style=\"font-size: large;\">Por que ser acolhido por aquele sentimento trazia alegrias e tristezas como o mais potente dos alucin\u00f3genos? N\u00e3o tinha explica\u00e7\u00e3o! Nada defluente dEla possu\u00eda um senso de l\u00f3gica humana.<\/span><\/p>\n<p><span style=\"font-size: large;\">Agora ele sentia toda a rugosidade do inteirar dela, estavam enxarcados de intimidade. Gozam olhando fixamente um para o outro: assumem viver algo proibido pelo sistema de produ\u00e7\u00e3o financeiro-industrial; sentem uma ponta remota e rec\u00f4ndita de vergonha por estarem t\u00e3o pr\u00f3ximos. <\/span><\/p>\n<p><span style=\"font-size: large;\">Ela tenta conter seus gemidos, ele for\u00e7a suas estocadas dentro da amada. Esse momento revela a transfigura\u00e7\u00e3o divina! Est\u00e3o ligados para todo o sempre! A divindade os aben\u00e7oou com a vida eterna de um amor inexplic\u00e1vel.<\/span><\/p>\n","protected":false},"excerpt":{"rendered":"<p>CR\u00d4NICA Por Guilherme Maia &nbsp; N\u00e3o t\u00ednhamos medo, exal\u00e1vamos o odor da entrega de corpos e almas: \u00e9ramos e somos um, forjados de desilus\u00f5es e vit\u00f3rias, desperd\u00edcios e acumula\u00e7\u00f5es. Aquela mulher resumia a vida \u00e0quele homem. Havia um quarto de&hellip;<\/p>\n","protected":false},"author":2002,"featured_media":1759559,"comment_status":"closed","ping_status":"closed","sticky":false,"template":"","format":"standard","meta":{"footnotes":""},"categories":[104,11390,112,165],"tags":[75238,75338],"class_list":["post-1759558","post","type-post","status-publish","format-standard","has-post-thumbnail","hentry","category-america-do-sul","category-conteudo-original","category-cultura-pt-pt","category-opiniao","tag-caderno-de-cultura","tag-cronica"],"yoast_head":"<!-- This site is optimized with the Yoast SEO plugin v27.1.1 - https:\/\/yoast.com\/product\/yoast-seo-wordpress\/ -->\n<title>PARA MEU AMOR INEXPLIC\u00c1VEL-ANDR\u00c9IA<\/title>\n<meta name=\"description\" content=\"CR\u00d4NICA Por Guilherme Maia &nbsp; N\u00e3o t\u00ednhamos medo, exal\u00e1vamos o odor da entrega de corpos e almas: \u00e9ramos e somos um, forjados de desilus\u00f5es e vit\u00f3rias,\" \/>\n<meta name=\"robots\" content=\"index, follow, max-snippet:-1, max-image-preview:large, max-video-preview:-1\" \/>\n<link rel=\"canonical\" href=\"https:\/\/www.pressenza.com\/pt-pt\/2023\/08\/para-meu-amor-inexplicavel-andreia\/\" \/>\n<meta property=\"og:locale\" content=\"pt_PT\" \/>\n<meta property=\"og:type\" content=\"article\" \/>\n<meta property=\"og:title\" content=\"PARA MEU AMOR INEXPLIC\u00c1VEL-ANDR\u00c9IA\" \/>\n<meta property=\"og:description\" content=\"CR\u00d4NICA Por Guilherme Maia &nbsp; N\u00e3o t\u00ednhamos medo, exal\u00e1vamos o odor da entrega de corpos e almas: \u00e9ramos e somos um, forjados de desilus\u00f5es e vit\u00f3rias,\" \/>\n<meta property=\"og:url\" content=\"https:\/\/www.pressenza.com\/pt-pt\/2023\/08\/para-meu-amor-inexplicavel-andreia\/\" \/>\n<meta property=\"og:site_name\" content=\"Pressenza\" \/>\n<meta property=\"article:publisher\" content=\"https:\/\/www.facebook.com\/PressenzaItalia\" \/>\n<meta property=\"article:published_time\" content=\"2023-08-14T19:10:32+00:00\" \/>\n<meta property=\"og:image\" content=\"https:\/\/www.pressenza.com\/wp-content\/uploads\/2023\/08\/fotos-site-pressenza-6.jpg\" \/>\n\t<meta property=\"og:image:width\" content=\"750\" \/>\n\t<meta property=\"og:image:height\" content=\"420\" \/>\n\t<meta property=\"og:image:type\" content=\"image\/jpeg\" \/>\n<meta name=\"author\" content=\"Guilherme Maia\" \/>\n<meta name=\"twitter:card\" content=\"summary_large_image\" \/>\n<meta name=\"twitter:creator\" content=\"@PressenzaIPA\" \/>\n<meta name=\"twitter:site\" content=\"@PressenzaIPA\" \/>\n<meta name=\"twitter:label1\" content=\"Escrito por\" \/>\n\t<meta name=\"twitter:data1\" content=\"Guilherme Maia\" \/>\n\t<meta name=\"twitter:label2\" content=\"Tempo estimado de leitura\" \/>\n\t<meta name=\"twitter:data2\" content=\"3 minutos\" \/>\n<script type=\"application\/ld+json\" class=\"yoast-schema-graph\">{\"@context\":\"https:\/\/schema.org\",\"@graph\":[{\"@type\":\"Article\",\"@id\":\"https:\/\/www.pressenza.com\/pt-pt\/2023\/08\/para-meu-amor-inexplicavel-andreia\/#article\",\"isPartOf\":{\"@id\":\"https:\/\/www.pressenza.com\/pt-pt\/2023\/08\/para-meu-amor-inexplicavel-andreia\/\"},\"author\":{\"name\":\"Guilherme Maia\",\"@id\":\"https:\/\/www.pressenza.com\/pt-pt\/#\/schema\/person\/4a0acc3e729565dbfccac001358dedee\"},\"headline\":\"PARA MEU AMOR INEXPLIC\u00c1VEL-ANDR\u00c9IA\",\"datePublished\":\"2023-08-14T19:10:32+00:00\",\"mainEntityOfPage\":{\"@id\":\"https:\/\/www.pressenza.com\/pt-pt\/2023\/08\/para-meu-amor-inexplicavel-andreia\/\"},\"wordCount\":435,\"publisher\":{\"@id\":\"https:\/\/www.pressenza.com\/pt-pt\/#organization\"},\"image\":{\"@id\":\"https:\/\/www.pressenza.com\/pt-pt\/2023\/08\/para-meu-amor-inexplicavel-andreia\/#primaryimage\"},\"thumbnailUrl\":\"https:\/\/www.pressenza.com\/wp-content\/uploads\/2023\/08\/fotos-site-pressenza-6.jpg\",\"keywords\":[\"caderno de cultura\",\"cr\u00f4nica\"],\"articleSection\":[\"\u00c1m\u00e9rica do Sul\",\"Conte\u00fado Original\",\"Cultura e M\u00eddia\",\"Opini\u00e3o\"],\"inLanguage\":\"pt-PT\"},{\"@type\":\"WebPage\",\"@id\":\"https:\/\/www.pressenza.com\/pt-pt\/2023\/08\/para-meu-amor-inexplicavel-andreia\/\",\"url\":\"https:\/\/www.pressenza.com\/pt-pt\/2023\/08\/para-meu-amor-inexplicavel-andreia\/\",\"name\":\"PARA MEU AMOR INEXPLIC\u00c1VEL-ANDR\u00c9IA\",\"isPartOf\":{\"@id\":\"https:\/\/www.pressenza.com\/pt-pt\/#website\"},\"primaryImageOfPage\":{\"@id\":\"https:\/\/www.pressenza.com\/pt-pt\/2023\/08\/para-meu-amor-inexplicavel-andreia\/#primaryimage\"},\"image\":{\"@id\":\"https:\/\/www.pressenza.com\/pt-pt\/2023\/08\/para-meu-amor-inexplicavel-andreia\/#primaryimage\"},\"thumbnailUrl\":\"https:\/\/www.pressenza.com\/wp-content\/uploads\/2023\/08\/fotos-site-pressenza-6.jpg\",\"datePublished\":\"2023-08-14T19:10:32+00:00\",\"description\":\"CR\u00d4NICA Por Guilherme Maia &nbsp; N\u00e3o t\u00ednhamos medo, exal\u00e1vamos o odor da entrega de corpos e almas: \u00e9ramos e somos um, forjados de desilus\u00f5es e vit\u00f3rias,\",\"breadcrumb\":{\"@id\":\"https:\/\/www.pressenza.com\/pt-pt\/2023\/08\/para-meu-amor-inexplicavel-andreia\/#breadcrumb\"},\"inLanguage\":\"pt-PT\",\"potentialAction\":[{\"@type\":\"ReadAction\",\"target\":[\"https:\/\/www.pressenza.com\/pt-pt\/2023\/08\/para-meu-amor-inexplicavel-andreia\/\"]}]},{\"@type\":\"ImageObject\",\"inLanguage\":\"pt-PT\",\"@id\":\"https:\/\/www.pressenza.com\/pt-pt\/2023\/08\/para-meu-amor-inexplicavel-andreia\/#primaryimage\",\"url\":\"https:\/\/www.pressenza.com\/wp-content\/uploads\/2023\/08\/fotos-site-pressenza-6.jpg\",\"contentUrl\":\"https:\/\/www.pressenza.com\/wp-content\/uploads\/2023\/08\/fotos-site-pressenza-6.jpg\",\"width\":750,\"height\":420},{\"@type\":\"BreadcrumbList\",\"@id\":\"https:\/\/www.pressenza.com\/pt-pt\/2023\/08\/para-meu-amor-inexplicavel-andreia\/#breadcrumb\",\"itemListElement\":[{\"@type\":\"ListItem\",\"position\":1,\"name\":\"Accueil\",\"item\":\"https:\/\/www.pressenza.com\/pt-pt\/\"},{\"@type\":\"ListItem\",\"position\":2,\"name\":\"PARA MEU AMOR INEXPLIC\u00c1VEL-ANDR\u00c9IA\"}]},{\"@type\":\"WebSite\",\"@id\":\"https:\/\/www.pressenza.com\/pt-pt\/#website\",\"url\":\"https:\/\/www.pressenza.com\/pt-pt\/\",\"name\":\"Pressenza\",\"description\":\"International Press Agency\",\"publisher\":{\"@id\":\"https:\/\/www.pressenza.com\/pt-pt\/#organization\"},\"potentialAction\":[{\"@type\":\"SearchAction\",\"target\":{\"@type\":\"EntryPoint\",\"urlTemplate\":\"https:\/\/www.pressenza.com\/pt-pt\/?s={search_term_string}\"},\"query-input\":{\"@type\":\"PropertyValueSpecification\",\"valueRequired\":true,\"valueName\":\"search_term_string\"}}],\"inLanguage\":\"pt-PT\"},{\"@type\":\"Organization\",\"@id\":\"https:\/\/www.pressenza.com\/pt-pt\/#organization\",\"name\":\"Pressenza\",\"url\":\"https:\/\/www.pressenza.com\/pt-pt\/\",\"logo\":{\"@type\":\"ImageObject\",\"inLanguage\":\"pt-PT\",\"@id\":\"https:\/\/www.pressenza.com\/pt-pt\/#\/schema\/logo\/image\/\",\"url\":\"https:\/\/www.pressenza.com\/wp-content\/uploads\/2022\/10\/pressenza_logo_200x200.jpg\",\"contentUrl\":\"https:\/\/www.pressenza.com\/wp-content\/uploads\/2022\/10\/pressenza_logo_200x200.jpg\",\"width\":200,\"height\":200,\"caption\":\"Pressenza\"},\"image\":{\"@id\":\"https:\/\/www.pressenza.com\/pt-pt\/#\/schema\/logo\/image\/\"},\"sameAs\":[\"https:\/\/www.facebook.com\/PressenzaItalia\",\"https:\/\/x.com\/PressenzaIPA\"]},{\"@type\":\"Person\",\"@id\":\"https:\/\/www.pressenza.com\/pt-pt\/#\/schema\/person\/4a0acc3e729565dbfccac001358dedee\",\"name\":\"Guilherme Maia\",\"description\":\"Escritor, sambista, anarcochargista e advogado nas horas vagas.\",\"url\":\"https:\/\/www.pressenza.com\/pt-pt\/author\/guilherme-maia\/\"}]}<\/script>\n<!-- \/ Yoast SEO plugin. -->","yoast_head_json":{"title":"PARA MEU AMOR INEXPLIC\u00c1VEL-ANDR\u00c9IA","description":"CR\u00d4NICA Por Guilherme Maia &nbsp; N\u00e3o t\u00ednhamos medo, exal\u00e1vamos o odor da entrega de corpos e almas: \u00e9ramos e somos um, forjados de desilus\u00f5es e vit\u00f3rias,","robots":{"index":"index","follow":"follow","max-snippet":"max-snippet:-1","max-image-preview":"max-image-preview:large","max-video-preview":"max-video-preview:-1"},"canonical":"https:\/\/www.pressenza.com\/pt-pt\/2023\/08\/para-meu-amor-inexplicavel-andreia\/","og_locale":"pt_PT","og_type":"article","og_title":"PARA MEU AMOR INEXPLIC\u00c1VEL-ANDR\u00c9IA","og_description":"CR\u00d4NICA Por Guilherme Maia &nbsp; N\u00e3o t\u00ednhamos medo, exal\u00e1vamos o odor da entrega de corpos e almas: \u00e9ramos e somos um, forjados de desilus\u00f5es e vit\u00f3rias,","og_url":"https:\/\/www.pressenza.com\/pt-pt\/2023\/08\/para-meu-amor-inexplicavel-andreia\/","og_site_name":"Pressenza","article_publisher":"https:\/\/www.facebook.com\/PressenzaItalia","article_published_time":"2023-08-14T19:10:32+00:00","og_image":[{"width":750,"height":420,"url":"https:\/\/www.pressenza.com\/wp-content\/uploads\/2023\/08\/fotos-site-pressenza-6.jpg","type":"image\/jpeg"}],"author":"Guilherme Maia","twitter_card":"summary_large_image","twitter_creator":"@PressenzaIPA","twitter_site":"@PressenzaIPA","twitter_misc":{"Escrito por":"Guilherme Maia","Tempo estimado de leitura":"3 minutos"},"schema":{"@context":"https:\/\/schema.org","@graph":[{"@type":"Article","@id":"https:\/\/www.pressenza.com\/pt-pt\/2023\/08\/para-meu-amor-inexplicavel-andreia\/#article","isPartOf":{"@id":"https:\/\/www.pressenza.com\/pt-pt\/2023\/08\/para-meu-amor-inexplicavel-andreia\/"},"author":{"name":"Guilherme Maia","@id":"https:\/\/www.pressenza.com\/pt-pt\/#\/schema\/person\/4a0acc3e729565dbfccac001358dedee"},"headline":"PARA MEU AMOR INEXPLIC\u00c1VEL-ANDR\u00c9IA","datePublished":"2023-08-14T19:10:32+00:00","mainEntityOfPage":{"@id":"https:\/\/www.pressenza.com\/pt-pt\/2023\/08\/para-meu-amor-inexplicavel-andreia\/"},"wordCount":435,"publisher":{"@id":"https:\/\/www.pressenza.com\/pt-pt\/#organization"},"image":{"@id":"https:\/\/www.pressenza.com\/pt-pt\/2023\/08\/para-meu-amor-inexplicavel-andreia\/#primaryimage"},"thumbnailUrl":"https:\/\/www.pressenza.com\/wp-content\/uploads\/2023\/08\/fotos-site-pressenza-6.jpg","keywords":["caderno de cultura","cr\u00f4nica"],"articleSection":["\u00c1m\u00e9rica do Sul","Conte\u00fado Original","Cultura e M\u00eddia","Opini\u00e3o"],"inLanguage":"pt-PT"},{"@type":"WebPage","@id":"https:\/\/www.pressenza.com\/pt-pt\/2023\/08\/para-meu-amor-inexplicavel-andreia\/","url":"https:\/\/www.pressenza.com\/pt-pt\/2023\/08\/para-meu-amor-inexplicavel-andreia\/","name":"PARA MEU AMOR INEXPLIC\u00c1VEL-ANDR\u00c9IA","isPartOf":{"@id":"https:\/\/www.pressenza.com\/pt-pt\/#website"},"primaryImageOfPage":{"@id":"https:\/\/www.pressenza.com\/pt-pt\/2023\/08\/para-meu-amor-inexplicavel-andreia\/#primaryimage"},"image":{"@id":"https:\/\/www.pressenza.com\/pt-pt\/2023\/08\/para-meu-amor-inexplicavel-andreia\/#primaryimage"},"thumbnailUrl":"https:\/\/www.pressenza.com\/wp-content\/uploads\/2023\/08\/fotos-site-pressenza-6.jpg","datePublished":"2023-08-14T19:10:32+00:00","description":"CR\u00d4NICA Por Guilherme Maia &nbsp; N\u00e3o t\u00ednhamos medo, exal\u00e1vamos o odor da entrega de corpos e almas: \u00e9ramos e somos um, forjados de desilus\u00f5es e vit\u00f3rias,","breadcrumb":{"@id":"https:\/\/www.pressenza.com\/pt-pt\/2023\/08\/para-meu-amor-inexplicavel-andreia\/#breadcrumb"},"inLanguage":"pt-PT","potentialAction":[{"@type":"ReadAction","target":["https:\/\/www.pressenza.com\/pt-pt\/2023\/08\/para-meu-amor-inexplicavel-andreia\/"]}]},{"@type":"ImageObject","inLanguage":"pt-PT","@id":"https:\/\/www.pressenza.com\/pt-pt\/2023\/08\/para-meu-amor-inexplicavel-andreia\/#primaryimage","url":"https:\/\/www.pressenza.com\/wp-content\/uploads\/2023\/08\/fotos-site-pressenza-6.jpg","contentUrl":"https:\/\/www.pressenza.com\/wp-content\/uploads\/2023\/08\/fotos-site-pressenza-6.jpg","width":750,"height":420},{"@type":"BreadcrumbList","@id":"https:\/\/www.pressenza.com\/pt-pt\/2023\/08\/para-meu-amor-inexplicavel-andreia\/#breadcrumb","itemListElement":[{"@type":"ListItem","position":1,"name":"Accueil","item":"https:\/\/www.pressenza.com\/pt-pt\/"},{"@type":"ListItem","position":2,"name":"PARA MEU AMOR INEXPLIC\u00c1VEL-ANDR\u00c9IA"}]},{"@type":"WebSite","@id":"https:\/\/www.pressenza.com\/pt-pt\/#website","url":"https:\/\/www.pressenza.com\/pt-pt\/","name":"Pressenza","description":"International Press Agency","publisher":{"@id":"https:\/\/www.pressenza.com\/pt-pt\/#organization"},"potentialAction":[{"@type":"SearchAction","target":{"@type":"EntryPoint","urlTemplate":"https:\/\/www.pressenza.com\/pt-pt\/?s={search_term_string}"},"query-input":{"@type":"PropertyValueSpecification","valueRequired":true,"valueName":"search_term_string"}}],"inLanguage":"pt-PT"},{"@type":"Organization","@id":"https:\/\/www.pressenza.com\/pt-pt\/#organization","name":"Pressenza","url":"https:\/\/www.pressenza.com\/pt-pt\/","logo":{"@type":"ImageObject","inLanguage":"pt-PT","@id":"https:\/\/www.pressenza.com\/pt-pt\/#\/schema\/logo\/image\/","url":"https:\/\/www.pressenza.com\/wp-content\/uploads\/2022\/10\/pressenza_logo_200x200.jpg","contentUrl":"https:\/\/www.pressenza.com\/wp-content\/uploads\/2022\/10\/pressenza_logo_200x200.jpg","width":200,"height":200,"caption":"Pressenza"},"image":{"@id":"https:\/\/www.pressenza.com\/pt-pt\/#\/schema\/logo\/image\/"},"sameAs":["https:\/\/www.facebook.com\/PressenzaItalia","https:\/\/x.com\/PressenzaIPA"]},{"@type":"Person","@id":"https:\/\/www.pressenza.com\/pt-pt\/#\/schema\/person\/4a0acc3e729565dbfccac001358dedee","name":"Guilherme Maia","description":"Escritor, sambista, anarcochargista e advogado nas horas vagas.","url":"https:\/\/www.pressenza.com\/pt-pt\/author\/guilherme-maia\/"}]}},"place":"Teres\u00f3polis, Rio de Janeiro \/ Brasil","original_article_url":"","_links":{"self":[{"href":"https:\/\/www.pressenza.com\/pt-pt\/wp-json\/wp\/v2\/posts\/1759558","targetHints":{"allow":["GET"]}}],"collection":[{"href":"https:\/\/www.pressenza.com\/pt-pt\/wp-json\/wp\/v2\/posts"}],"about":[{"href":"https:\/\/www.pressenza.com\/pt-pt\/wp-json\/wp\/v2\/types\/post"}],"author":[{"embeddable":true,"href":"https:\/\/www.pressenza.com\/pt-pt\/wp-json\/wp\/v2\/users\/2002"}],"replies":[{"embeddable":true,"href":"https:\/\/www.pressenza.com\/pt-pt\/wp-json\/wp\/v2\/comments?post=1759558"}],"version-history":[{"count":0,"href":"https:\/\/www.pressenza.com\/pt-pt\/wp-json\/wp\/v2\/posts\/1759558\/revisions"}],"wp:featuredmedia":[{"embeddable":true,"href":"https:\/\/www.pressenza.com\/pt-pt\/wp-json\/wp\/v2\/media\/1759559"}],"wp:attachment":[{"href":"https:\/\/www.pressenza.com\/pt-pt\/wp-json\/wp\/v2\/media?parent=1759558"}],"wp:term":[{"taxonomy":"category","embeddable":true,"href":"https:\/\/www.pressenza.com\/pt-pt\/wp-json\/wp\/v2\/categories?post=1759558"},{"taxonomy":"post_tag","embeddable":true,"href":"https:\/\/www.pressenza.com\/pt-pt\/wp-json\/wp\/v2\/tags?post=1759558"}],"curies":[{"name":"wp","href":"https:\/\/api.w.org\/{rel}","templated":true}]}}