{"id":1756709,"date":"2023-08-10T12:45:18","date_gmt":"2023-08-10T11:45:18","guid":{"rendered":"https:\/\/www.pressenza.com\/?p=1756709"},"modified":"2023-08-10T15:54:31","modified_gmt":"2023-08-10T14:54:31","slug":"a-decadencia-da-europa","status":"publish","type":"post","link":"https:\/\/www.pressenza.com\/pt-pt\/2023\/08\/a-decadencia-da-europa\/","title":{"rendered":"A decad\u00eancia da Europa"},"content":{"rendered":"<div class=\"\">\n<div class=\"sc sd se sf sg\">\n<div class=\"speechify-ignore ab mc\">\n<div class=\"speechify-ignore bg l\">\n<div class=\"hd hg hj hm hq ab\">\n<div class=\"bm bg l\">\n<div class=\"ab\">\n<div class=\"sn ab q\">\n<div class=\"ab q kk\">\n<div class=\"ab q\">\n<p><em>Para al\u00e9m dos fatos apontados no artigo abaixo como explica\u00e7\u00f5es por assim dizer &#8220;externas&#8221; para a decad\u00eancia da Europa (falta de dinamismo da economia europeia; subservi\u00eancia em rela\u00e7\u00e3o aos EUA; e ca\u00e7a aos c\u00e9rebros europeus por parte dos norte-americanos ap\u00f3s a 2\u00aa Guerra Mundial), temos obviamente de apontar tamb\u00e9m as n\u00e3o menos importantes raz\u00f5es &#8220;internas&#8221; para essa decad\u00eancia: foram os pr\u00f3prios europeus que, no s\u00e9culo passado, se andaram a destruir uns aos outros em duas Guerras Mundiais. S\u00f3 nessas guerras morreram no total cerca de 100 milh\u00f5es de pessoas! E, especialmente por parte do regime nazi alem\u00e3o, foram mortos milh\u00f5es de civis simplesmente por serem judeus ou por pertencerem a minorias \u00e9tnicas consideradas inferiores, ou por serem pessoas esquerdistas ou da oposi\u00e7\u00e3o. Acrescem a isso as dezenas de milhares de intelectuais que tiveram de fugir para outros continentes e que j\u00e1 n\u00e3o voltaram mais.<\/em><\/p>\n<div class=\"bl\" aria-hidden=\"false\" aria-describedby=\"134\" aria-labelledby=\"134\">\n<hr \/>\n<p>Por <strong><a class=\"af ag ah ai aj ak al am an ao ap aq ar so\" href=\"https:\/\/cmatosgomes46.medium.com\/?source=post_page-----44175a00a058--------------------------------\" rel=\"noopener follow\" data-testid=\"authorName\">Carlos Matos Gomes<\/a><\/strong> (*)<\/p>\n<\/div>\n<\/div>\n<\/div>\n<\/div>\n<\/div>\n<\/div>\n<\/div>\n<div class=\"ab mc sv mw sw my sx sy sz ta tb tc td te tf tg th ti\">\n<div class=\"h k w es et q\">\n<div class=\"tv l\">\n<div class=\"ab q cc\">\n<div class=\"pw-multi-vote-icon dj tw tx ty tz\"><\/div>\n<\/div>\n<\/div>\n<\/div>\n<div class=\"ab q tj tk tl tm tn to tp tq tr ts tt jf tu nx ny\">\n<div class=\"bl\" aria-hidden=\"false\" aria-describedby=\"postFooterSocialMenu\" aria-labelledby=\"postFooterSocialMenu\">\n<div>\n<div class=\"bl\" aria-hidden=\"false\" aria-describedby=\"137\" aria-labelledby=\"137\">\u201cEuropeu: aquele que tem nostalgia da Europa\u201d. A frase \u00e9 de Milan Kundera e d\u00e1 o t\u00edtulo a um artigo muito elucidativo de Teresa de Sousa no P\u00fablico de 23 de Julho de 2023. O artigo cont\u00e9m elementos que ajudam a perceber a estrat\u00e9gia dos Estados para a Europa e porque a Uni\u00e3o Europeia (a Alemanha em particular) nunca poderia ser uma pot\u00eancia pol\u00edtica, econ\u00f3mica e tecnol\u00f3gica aut\u00f3noma.<\/div>\n<\/div>\n<\/div>\n<\/div>\n<\/div>\n<\/div>\n<\/div>\n<\/div>\n<\/div>\n<p id=\"64e8\" class=\"pw-post-body-paragraph vo vp rn lu b vq vr vs vt vu vv vw vx le vy vz wa lj wb wc wd lo we wf wg wh fp bj\" data-selectable-paragraph=\"\">Alguns elementos que podem ser retirados do artigo, em 2008 o PIB da zona Euro era apenas ligeiramente inferior ao dos EUA. Hoje, apenas passados quinze anos, o PIB americano aproxima-se do dobro. Em 2022 o rendimento per capita de um europeu era de 40,5 d\u00f3lares e de 71,9 nos EUA. Dir-se-\u00e1 que os europeus s\u00e3o mais pobres mas a sociedade europeia \u00e9 globalmente mais justa. Isso \u00e9 verdade, mas o estado social europeu ocidental foi uma contrapartida para evitar a tenta\u00e7\u00e3o socialista dos trabalhadores no p\u00f3s-segunda guerra e para impedir a autonomia da Europa, principalmente os riscos da sua reunifica\u00e7\u00e3o para os vencedores da II Guerra, prevenida pelos acordos de Ialta e de Potsdam entre os EUA e a URSS.<\/p>\n<p id=\"1a6b\" class=\"pw-post-body-paragraph vo vp rn lu b vq vr vs vt vu vv vw vx le vy vz wa lj wb wc wd lo we wf wg wh fp bj\" data-selectable-paragraph=\"\">Escreve Teresa de Sousa: \u201cAs raz\u00f5es para o empobrecimento dos europeus est\u00e3o estudadas: a capacidade da economia americana continua sem ter rival no que respeita \u00e0 investiga\u00e7\u00e3o e \u00e0 inova\u00e7\u00e3o.\u201d \u00c9 uma verdade falaciosa. Falta explicar o porqu\u00ea de atualmente ser assim. At\u00e9 \u00e0 II Guerra Mundial, meados do s\u00e9culo XX, era na Europa que se concentrava a capacidade tecnol\u00f3gica e de inova\u00e7\u00e3o mundial, o conhecimento da mat\u00e9ria, do \u00e1tomo, o conhecimento do universo, o conhecimento da qu\u00edmica encontravam-se na Europa, dos Curie a Einstein, de Max Planck, Heisenberg, Von Braun eram europeus, assim como Alan Tuning, considerado o inventor do computador.<\/p>\n<p id=\"cada\" class=\"pw-post-body-paragraph vo vp rn lu b vq vr vs vt vu vv vw vx le vy vz wa lj wb wc wd lo we wf wg wh fp bj\" data-selectable-paragraph=\"\">A quest\u00e3o para explicar a decad\u00eancia e a subalterniza\u00e7\u00e3o da Europa \u00e9, pois, a de saber, ou procurar saber as causas da transfer\u00eancia do centro de inova\u00e7\u00e3o da Europa para os Estados Unidos. Esse processo est\u00e1 tamb\u00e9m estudado. Os Estados Unidos (e tamb\u00e9m a URSS) realizaram ap\u00f3s a II GM uma verdadeira razia aos c\u00e9rebros europeus, e n\u00e3o foram apenas os alem\u00e3es, foi uma ca\u00e7a generalizada. Ofereceram condi\u00e7\u00f5es de trabalho e de vida de alta qualidade aos melhores cientistas e pensadores. Esvaziaram a Europa dos seus c\u00e9rebros. E n\u00e3o levaram s\u00f3 os cientistas j\u00e1 formados, atra\u00edram tamb\u00e9m as novas gera\u00e7\u00f5es de estudantes de alto potencial atrav\u00e9s de generosas bolsas de estudo e de est\u00e1gios. As universidades americanas, sustentadas em grande parte pelos grandes complexos industriais e pela banca constitu\u00edram um instrumento estrat\u00e9gico que agiu e age em todas as \u00e1reas: a investiga\u00e7\u00e3o para ci\u00eancia pura, para ci\u00eancia aplicada e para a manipula\u00e7\u00e3o do pensamento e do comportamento atrav\u00e9s dos\u00a0<em class=\"wi\">think tanks<\/em>\u00a0e da ind\u00fastria do entretinimento (cinema, audiovisual).<\/p>\n<p id=\"dfaa\" class=\"pw-post-body-paragraph vo vp rn lu b vq vr vs vt vu vv vw vx le vy vz wa lj wb wc wd lo we wf wg wh fp bj\" data-selectable-paragraph=\"\">A submiss\u00e3o da Uni\u00e3o Europeia aos Estados Unidos que a guerra na Ucr\u00e2nia evidenciou \u00e9 o resultado de uma estrat\u00e9gia de guerra longamente pensada e friamente executada, em que um potencial competidor \u00e9 lobotomizado e castrado para n\u00e3o representar um perigo futuro. O melhor do pensamento e do saber europeu foi sugado como compensa\u00e7\u00e3o pela interven\u00e7\u00e3o dos EUA (e tamb\u00e9m da URSS) na II Guerra. A Europa n\u00e3o perdeu de um dia para o outro (mas em meio s\u00e9culo) a sua capacidade de produzir saber que gerou seres como Galileu, Leonardo da Vinci ou Newton.<\/p>\n<p id=\"b17e\" class=\"pw-post-body-paragraph vo vp rn lu b vq vr vs vt vu vv vw vx le vy vz wa lj wb wc wd lo we wf wg wh fp bj\" data-selectable-paragraph=\"\">A guerra na Ucr\u00e2nia surge num momento em que a Uni\u00e3o Europeia (a Alemanha em particular) estava em vias de se autonomizar em termos de fornecimento de energia atrav\u00e9s dos acordos com a R\u00fassia, dominava a economia dos ex-pa\u00edses do Leste, em particular a Pol\u00f3nia, e era o mais forte parceiro europeu da Turquia. A guerra na Ucr\u00e2nia, preparada desde 2014 (pelo menos), resulta do entendimento dos Estados Unidos de que um novo bloco dotado das capacidades militares e espaciais da R\u00fassia, com as capacidades cient\u00edficas alem\u00e3es, e com a demografia e a posi\u00e7\u00e3o estrat\u00e9gica da Turquia, colocava em causa o seu dom\u00ednio hegem\u00f3nico, em particular no M\u00e9dio Oriente e na \u00c1sia Central.<\/p>\n<p id=\"6e84\" class=\"pw-post-body-paragraph vo vp rn lu b vq vr vs vt vu vv vw vx le vy vz wa lj wb wc wd lo we wf wg wh fp bj\" data-selectable-paragraph=\"\">Os acordos de transfer\u00eancia de dados da Europa para as centrais de processamento de informa\u00e7\u00e3o nos EUA estabelecidos pela senhora Ursula Von Der Leyen e pela Comiss\u00e3o Europeia, num processo sombrio, sem alarido e feitos com a cumplicidade da comunica\u00e7\u00e3o social corrompida at\u00e9 ao \u00e2mago, s\u00e3o uma garantia de que nenhuma inova\u00e7\u00e3o e autonomia \u00e9 autorizada ou concedida \u00e0 Europa.<\/p>\n<p id=\"3e68\" class=\"pw-post-body-paragraph vo vp rn lu b vq vr vs vt vu vv vw vx le vy vz wa lj wb wc wd lo we wf wg wh fp bj\" data-selectable-paragraph=\"\">Resta a nostalgia dos europeus pelas suas inova\u00e7\u00f5es art\u00edsticas, as suas catedrais, as suas esculturas e pinturas, a sua m\u00fasica e dan\u00e7a, os seus livros, os seus pensamentos.<\/p>\n<hr \/>\n<div class=\"l dj\"><img loading=\"lazy\" decoding=\"async\" class=\"l df bx fm fn ff\" src=\"https:\/\/miro.medium.com\/v2\/resize:fill:110:110\/1*7qu37KbpGGapbjzc3r4fLg.jpeg\" alt=\"Carlos Matos Gomes\" width=\"88\" height=\"88\" \/><\/div>\n<div class=\"fc bx l fm fn fd n ax fe\">(*) <strong>Carlos Matos Gomes<\/strong> \u00e9 um dos mais conceituados militares e historiadores da guerra colonial. Nasceu em 1946. A sua carreira militar iniciou-se em 1963. Cumpriu comiss\u00f5es durante a guerra colonial em Mo\u00e7ambique, em Angola e na Guin\u00e9, nas tropas especiais Comandos. Na Guin\u00e9 foi um dos fundadores do Movimento dos Capit\u00e3es e participou na primeira Comiss\u00e3o Coordenadora do Movimento das For\u00e7as Armadas (MFA). Militar no ativo at\u00e9 2003, \u00e9 atualmente Coronel na situa\u00e7\u00e3o de reserva. Desenvolveu tamb\u00e9m uma carreira liter\u00e1ria, com o pseud\u00f3nimo de Carlos Vale Ferraz.<\/div>\n<p data-selectable-paragraph=\"\">\n","protected":false},"excerpt":{"rendered":"<p>Para al\u00e9m dos fatos apontados no artigo abaixo como explica\u00e7\u00f5es por assim dizer &#8220;externas&#8221; para a decad\u00eancia da Europa (falta de dinamismo da economia europeia; subservi\u00eancia em rela\u00e7\u00e3o aos EUA; e ca\u00e7a aos c\u00e9rebros europeus por parte dos norte-americanos ap\u00f3s&hellip;<\/p>\n","protected":false},"author":1167,"featured_media":1756716,"comment_status":"closed","ping_status":"closed","sticky":false,"template":"","format":"standard","meta":{"footnotes":""},"categories":[103,165],"tags":[7387,115182,5192,22214,110195,6159,5256,4769],"class_list":["post-1756709","post","type-post","status-publish","format-standard","has-post-thumbnail","hentry","category-europa-pt-pt","category-opiniao","tag-alemanha","tag-decadencia-da-europa","tag-eua-pt-pt","tag-europa-pt-pt","tag-guerra-da-ucrania","tag-russia-pt-pt","tag-turquia-pt-pt","tag-ue-pt-pt"],"yoast_head":"<!-- This site is optimized with the Yoast SEO plugin v27.1.1 - https:\/\/yoast.com\/product\/yoast-seo-wordpress\/ -->\n<title>A decad\u00eancia da Europa<\/title>\n<meta name=\"description\" content=\"Para al\u00e9m dos fatos apontados no artigo abaixo como explica\u00e7\u00f5es por assim dizer &quot;externas&quot; para a decad\u00eancia da Europa (falta de dinamismo da economia\" \/>\n<meta name=\"robots\" content=\"index, follow, max-snippet:-1, max-image-preview:large, max-video-preview:-1\" \/>\n<link rel=\"canonical\" href=\"https:\/\/www.pressenza.com\/pt-pt\/2023\/08\/a-decadencia-da-europa\/\" \/>\n<meta property=\"og:locale\" content=\"pt_PT\" \/>\n<meta property=\"og:type\" content=\"article\" \/>\n<meta property=\"og:title\" content=\"A decad\u00eancia da Europa\" \/>\n<meta property=\"og:description\" content=\"Para al\u00e9m dos fatos apontados no artigo abaixo como explica\u00e7\u00f5es por assim dizer &quot;externas&quot; para a decad\u00eancia da Europa (falta de dinamismo da economia\" \/>\n<meta property=\"og:url\" content=\"https:\/\/www.pressenza.com\/pt-pt\/2023\/08\/a-decadencia-da-europa\/\" \/>\n<meta property=\"og:site_name\" content=\"Pressenza\" \/>\n<meta property=\"article:publisher\" content=\"https:\/\/www.facebook.com\/PressenzaItalia\" \/>\n<meta property=\"article:published_time\" content=\"2023-08-10T11:45:18+00:00\" \/>\n<meta property=\"article:modified_time\" content=\"2023-08-10T14:54:31+00:00\" \/>\n<meta property=\"og:image\" content=\"https:\/\/www.pressenza.com\/wp-content\/uploads\/2023\/08\/flag-1463476_1280-e1691667782941.jpg\" \/>\n\t<meta property=\"og:image:width\" content=\"800\" \/>\n\t<meta property=\"og:image:height\" content=\"533\" \/>\n\t<meta property=\"og:image:type\" content=\"image\/jpeg\" \/>\n<meta name=\"author\" content=\"Reda\u00e7\u00e3o Portugal\" \/>\n<meta name=\"twitter:card\" content=\"summary_large_image\" \/>\n<meta name=\"twitter:creator\" content=\"@PressenzaIPA\" \/>\n<meta name=\"twitter:site\" content=\"@PressenzaIPA\" \/>\n<meta name=\"twitter:label1\" content=\"Escrito por\" \/>\n\t<meta name=\"twitter:data1\" content=\"Reda\u00e7\u00e3o Portugal\" \/>\n\t<meta name=\"twitter:label2\" content=\"Tempo estimado de leitura\" \/>\n\t<meta name=\"twitter:data2\" content=\"6 minutos\" \/>\n<script type=\"application\/ld+json\" class=\"yoast-schema-graph\">{\"@context\":\"https:\/\/schema.org\",\"@graph\":[{\"@type\":\"Article\",\"@id\":\"https:\/\/www.pressenza.com\/pt-pt\/2023\/08\/a-decadencia-da-europa\/#article\",\"isPartOf\":{\"@id\":\"https:\/\/www.pressenza.com\/pt-pt\/2023\/08\/a-decadencia-da-europa\/\"},\"author\":{\"name\":\"Reda\u00e7\u00e3o Portugal\",\"@id\":\"https:\/\/www.pressenza.com\/pt-pt\/#\/schema\/person\/4f69cc6c058d858c5f0a3775cdf4c67e\"},\"headline\":\"A decad\u00eancia da Europa\",\"datePublished\":\"2023-08-10T11:45:18+00:00\",\"dateModified\":\"2023-08-10T14:54:31+00:00\",\"mainEntityOfPage\":{\"@id\":\"https:\/\/www.pressenza.com\/pt-pt\/2023\/08\/a-decadencia-da-europa\/\"},\"wordCount\":1084,\"publisher\":{\"@id\":\"https:\/\/www.pressenza.com\/pt-pt\/#organization\"},\"image\":{\"@id\":\"https:\/\/www.pressenza.com\/pt-pt\/2023\/08\/a-decadencia-da-europa\/#primaryimage\"},\"thumbnailUrl\":\"https:\/\/www.pressenza.com\/wp-content\/uploads\/2023\/08\/flag-1463476_1280-e1691667782941.jpg\",\"keywords\":[\"alemanha\",\"Decad\u00eancia da Europa\",\"eua\",\"Europa\",\"Guerra da Ucr\u00e2nia\",\"R\u00fassia\",\"Turquia\",\"UE\"],\"articleSection\":[\"Europa\",\"Opini\u00e3o\"],\"inLanguage\":\"pt-PT\"},{\"@type\":\"WebPage\",\"@id\":\"https:\/\/www.pressenza.com\/pt-pt\/2023\/08\/a-decadencia-da-europa\/\",\"url\":\"https:\/\/www.pressenza.com\/pt-pt\/2023\/08\/a-decadencia-da-europa\/\",\"name\":\"A decad\u00eancia da Europa\",\"isPartOf\":{\"@id\":\"https:\/\/www.pressenza.com\/pt-pt\/#website\"},\"primaryImageOfPage\":{\"@id\":\"https:\/\/www.pressenza.com\/pt-pt\/2023\/08\/a-decadencia-da-europa\/#primaryimage\"},\"image\":{\"@id\":\"https:\/\/www.pressenza.com\/pt-pt\/2023\/08\/a-decadencia-da-europa\/#primaryimage\"},\"thumbnailUrl\":\"https:\/\/www.pressenza.com\/wp-content\/uploads\/2023\/08\/flag-1463476_1280-e1691667782941.jpg\",\"datePublished\":\"2023-08-10T11:45:18+00:00\",\"dateModified\":\"2023-08-10T14:54:31+00:00\",\"description\":\"Para al\u00e9m dos fatos apontados no artigo abaixo como explica\u00e7\u00f5es por assim dizer \\\"externas\\\" para a decad\u00eancia da Europa (falta de dinamismo da economia\",\"breadcrumb\":{\"@id\":\"https:\/\/www.pressenza.com\/pt-pt\/2023\/08\/a-decadencia-da-europa\/#breadcrumb\"},\"inLanguage\":\"pt-PT\",\"potentialAction\":[{\"@type\":\"ReadAction\",\"target\":[\"https:\/\/www.pressenza.com\/pt-pt\/2023\/08\/a-decadencia-da-europa\/\"]}]},{\"@type\":\"ImageObject\",\"inLanguage\":\"pt-PT\",\"@id\":\"https:\/\/www.pressenza.com\/pt-pt\/2023\/08\/a-decadencia-da-europa\/#primaryimage\",\"url\":\"https:\/\/www.pressenza.com\/wp-content\/uploads\/2023\/08\/flag-1463476_1280-e1691667782941.jpg\",\"contentUrl\":\"https:\/\/www.pressenza.com\/wp-content\/uploads\/2023\/08\/flag-1463476_1280-e1691667782941.jpg\",\"width\":800,\"height\":533,\"caption\":\"Bandeira da UE (Pixabay)\"},{\"@type\":\"BreadcrumbList\",\"@id\":\"https:\/\/www.pressenza.com\/pt-pt\/2023\/08\/a-decadencia-da-europa\/#breadcrumb\",\"itemListElement\":[{\"@type\":\"ListItem\",\"position\":1,\"name\":\"Accueil\",\"item\":\"https:\/\/www.pressenza.com\/pt-pt\/\"},{\"@type\":\"ListItem\",\"position\":2,\"name\":\"A decad\u00eancia da Europa\"}]},{\"@type\":\"WebSite\",\"@id\":\"https:\/\/www.pressenza.com\/pt-pt\/#website\",\"url\":\"https:\/\/www.pressenza.com\/pt-pt\/\",\"name\":\"Pressenza\",\"description\":\"International Press Agency\",\"publisher\":{\"@id\":\"https:\/\/www.pressenza.com\/pt-pt\/#organization\"},\"potentialAction\":[{\"@type\":\"SearchAction\",\"target\":{\"@type\":\"EntryPoint\",\"urlTemplate\":\"https:\/\/www.pressenza.com\/pt-pt\/?s={search_term_string}\"},\"query-input\":{\"@type\":\"PropertyValueSpecification\",\"valueRequired\":true,\"valueName\":\"search_term_string\"}}],\"inLanguage\":\"pt-PT\"},{\"@type\":\"Organization\",\"@id\":\"https:\/\/www.pressenza.com\/pt-pt\/#organization\",\"name\":\"Pressenza\",\"url\":\"https:\/\/www.pressenza.com\/pt-pt\/\",\"logo\":{\"@type\":\"ImageObject\",\"inLanguage\":\"pt-PT\",\"@id\":\"https:\/\/www.pressenza.com\/pt-pt\/#\/schema\/logo\/image\/\",\"url\":\"https:\/\/www.pressenza.com\/wp-content\/uploads\/2022\/10\/pressenza_logo_200x200.jpg\",\"contentUrl\":\"https:\/\/www.pressenza.com\/wp-content\/uploads\/2022\/10\/pressenza_logo_200x200.jpg\",\"width\":200,\"height\":200,\"caption\":\"Pressenza\"},\"image\":{\"@id\":\"https:\/\/www.pressenza.com\/pt-pt\/#\/schema\/logo\/image\/\"},\"sameAs\":[\"https:\/\/www.facebook.com\/PressenzaItalia\",\"https:\/\/x.com\/PressenzaIPA\"]},{\"@type\":\"Person\",\"@id\":\"https:\/\/www.pressenza.com\/pt-pt\/#\/schema\/person\/4f69cc6c058d858c5f0a3775cdf4c67e\",\"name\":\"Reda\u00e7\u00e3o Portugal\",\"description\":\"News published by the Pressenza bureau in Portugal\",\"url\":\"https:\/\/www.pressenza.com\/pt-pt\/author\/redaccao-portugal\/\"}]}<\/script>\n<!-- \/ Yoast SEO plugin. -->","yoast_head_json":{"title":"A decad\u00eancia da Europa","description":"Para al\u00e9m dos fatos apontados no artigo abaixo como explica\u00e7\u00f5es por assim dizer \"externas\" para a decad\u00eancia da Europa (falta de dinamismo da economia","robots":{"index":"index","follow":"follow","max-snippet":"max-snippet:-1","max-image-preview":"max-image-preview:large","max-video-preview":"max-video-preview:-1"},"canonical":"https:\/\/www.pressenza.com\/pt-pt\/2023\/08\/a-decadencia-da-europa\/","og_locale":"pt_PT","og_type":"article","og_title":"A decad\u00eancia da Europa","og_description":"Para al\u00e9m dos fatos apontados no artigo abaixo como explica\u00e7\u00f5es por assim dizer \"externas\" para a decad\u00eancia da Europa (falta de dinamismo da economia","og_url":"https:\/\/www.pressenza.com\/pt-pt\/2023\/08\/a-decadencia-da-europa\/","og_site_name":"Pressenza","article_publisher":"https:\/\/www.facebook.com\/PressenzaItalia","article_published_time":"2023-08-10T11:45:18+00:00","article_modified_time":"2023-08-10T14:54:31+00:00","og_image":[{"width":800,"height":533,"url":"https:\/\/www.pressenza.com\/wp-content\/uploads\/2023\/08\/flag-1463476_1280-e1691667782941.jpg","type":"image\/jpeg"}],"author":"Reda\u00e7\u00e3o Portugal","twitter_card":"summary_large_image","twitter_creator":"@PressenzaIPA","twitter_site":"@PressenzaIPA","twitter_misc":{"Escrito por":"Reda\u00e7\u00e3o Portugal","Tempo estimado de leitura":"6 minutos"},"schema":{"@context":"https:\/\/schema.org","@graph":[{"@type":"Article","@id":"https:\/\/www.pressenza.com\/pt-pt\/2023\/08\/a-decadencia-da-europa\/#article","isPartOf":{"@id":"https:\/\/www.pressenza.com\/pt-pt\/2023\/08\/a-decadencia-da-europa\/"},"author":{"name":"Reda\u00e7\u00e3o Portugal","@id":"https:\/\/www.pressenza.com\/pt-pt\/#\/schema\/person\/4f69cc6c058d858c5f0a3775cdf4c67e"},"headline":"A decad\u00eancia da Europa","datePublished":"2023-08-10T11:45:18+00:00","dateModified":"2023-08-10T14:54:31+00:00","mainEntityOfPage":{"@id":"https:\/\/www.pressenza.com\/pt-pt\/2023\/08\/a-decadencia-da-europa\/"},"wordCount":1084,"publisher":{"@id":"https:\/\/www.pressenza.com\/pt-pt\/#organization"},"image":{"@id":"https:\/\/www.pressenza.com\/pt-pt\/2023\/08\/a-decadencia-da-europa\/#primaryimage"},"thumbnailUrl":"https:\/\/www.pressenza.com\/wp-content\/uploads\/2023\/08\/flag-1463476_1280-e1691667782941.jpg","keywords":["alemanha","Decad\u00eancia da Europa","eua","Europa","Guerra da Ucr\u00e2nia","R\u00fassia","Turquia","UE"],"articleSection":["Europa","Opini\u00e3o"],"inLanguage":"pt-PT"},{"@type":"WebPage","@id":"https:\/\/www.pressenza.com\/pt-pt\/2023\/08\/a-decadencia-da-europa\/","url":"https:\/\/www.pressenza.com\/pt-pt\/2023\/08\/a-decadencia-da-europa\/","name":"A decad\u00eancia da Europa","isPartOf":{"@id":"https:\/\/www.pressenza.com\/pt-pt\/#website"},"primaryImageOfPage":{"@id":"https:\/\/www.pressenza.com\/pt-pt\/2023\/08\/a-decadencia-da-europa\/#primaryimage"},"image":{"@id":"https:\/\/www.pressenza.com\/pt-pt\/2023\/08\/a-decadencia-da-europa\/#primaryimage"},"thumbnailUrl":"https:\/\/www.pressenza.com\/wp-content\/uploads\/2023\/08\/flag-1463476_1280-e1691667782941.jpg","datePublished":"2023-08-10T11:45:18+00:00","dateModified":"2023-08-10T14:54:31+00:00","description":"Para al\u00e9m dos fatos apontados no artigo abaixo como explica\u00e7\u00f5es por assim dizer \"externas\" para a decad\u00eancia da Europa (falta de dinamismo da economia","breadcrumb":{"@id":"https:\/\/www.pressenza.com\/pt-pt\/2023\/08\/a-decadencia-da-europa\/#breadcrumb"},"inLanguage":"pt-PT","potentialAction":[{"@type":"ReadAction","target":["https:\/\/www.pressenza.com\/pt-pt\/2023\/08\/a-decadencia-da-europa\/"]}]},{"@type":"ImageObject","inLanguage":"pt-PT","@id":"https:\/\/www.pressenza.com\/pt-pt\/2023\/08\/a-decadencia-da-europa\/#primaryimage","url":"https:\/\/www.pressenza.com\/wp-content\/uploads\/2023\/08\/flag-1463476_1280-e1691667782941.jpg","contentUrl":"https:\/\/www.pressenza.com\/wp-content\/uploads\/2023\/08\/flag-1463476_1280-e1691667782941.jpg","width":800,"height":533,"caption":"Bandeira da UE (Pixabay)"},{"@type":"BreadcrumbList","@id":"https:\/\/www.pressenza.com\/pt-pt\/2023\/08\/a-decadencia-da-europa\/#breadcrumb","itemListElement":[{"@type":"ListItem","position":1,"name":"Accueil","item":"https:\/\/www.pressenza.com\/pt-pt\/"},{"@type":"ListItem","position":2,"name":"A decad\u00eancia da Europa"}]},{"@type":"WebSite","@id":"https:\/\/www.pressenza.com\/pt-pt\/#website","url":"https:\/\/www.pressenza.com\/pt-pt\/","name":"Pressenza","description":"International Press Agency","publisher":{"@id":"https:\/\/www.pressenza.com\/pt-pt\/#organization"},"potentialAction":[{"@type":"SearchAction","target":{"@type":"EntryPoint","urlTemplate":"https:\/\/www.pressenza.com\/pt-pt\/?s={search_term_string}"},"query-input":{"@type":"PropertyValueSpecification","valueRequired":true,"valueName":"search_term_string"}}],"inLanguage":"pt-PT"},{"@type":"Organization","@id":"https:\/\/www.pressenza.com\/pt-pt\/#organization","name":"Pressenza","url":"https:\/\/www.pressenza.com\/pt-pt\/","logo":{"@type":"ImageObject","inLanguage":"pt-PT","@id":"https:\/\/www.pressenza.com\/pt-pt\/#\/schema\/logo\/image\/","url":"https:\/\/www.pressenza.com\/wp-content\/uploads\/2022\/10\/pressenza_logo_200x200.jpg","contentUrl":"https:\/\/www.pressenza.com\/wp-content\/uploads\/2022\/10\/pressenza_logo_200x200.jpg","width":200,"height":200,"caption":"Pressenza"},"image":{"@id":"https:\/\/www.pressenza.com\/pt-pt\/#\/schema\/logo\/image\/"},"sameAs":["https:\/\/www.facebook.com\/PressenzaItalia","https:\/\/x.com\/PressenzaIPA"]},{"@type":"Person","@id":"https:\/\/www.pressenza.com\/pt-pt\/#\/schema\/person\/4f69cc6c058d858c5f0a3775cdf4c67e","name":"Reda\u00e7\u00e3o Portugal","description":"News published by the Pressenza bureau in Portugal","url":"https:\/\/www.pressenza.com\/pt-pt\/author\/redaccao-portugal\/"}]}},"place":"","original_article_url":"https:\/\/cmatosgomes46.medium.com\/a-nostalgia-da-europa-44175a00a058","_links":{"self":[{"href":"https:\/\/www.pressenza.com\/pt-pt\/wp-json\/wp\/v2\/posts\/1756709","targetHints":{"allow":["GET"]}}],"collection":[{"href":"https:\/\/www.pressenza.com\/pt-pt\/wp-json\/wp\/v2\/posts"}],"about":[{"href":"https:\/\/www.pressenza.com\/pt-pt\/wp-json\/wp\/v2\/types\/post"}],"author":[{"embeddable":true,"href":"https:\/\/www.pressenza.com\/pt-pt\/wp-json\/wp\/v2\/users\/1167"}],"replies":[{"embeddable":true,"href":"https:\/\/www.pressenza.com\/pt-pt\/wp-json\/wp\/v2\/comments?post=1756709"}],"version-history":[{"count":0,"href":"https:\/\/www.pressenza.com\/pt-pt\/wp-json\/wp\/v2\/posts\/1756709\/revisions"}],"wp:featuredmedia":[{"embeddable":true,"href":"https:\/\/www.pressenza.com\/pt-pt\/wp-json\/wp\/v2\/media\/1756716"}],"wp:attachment":[{"href":"https:\/\/www.pressenza.com\/pt-pt\/wp-json\/wp\/v2\/media?parent=1756709"}],"wp:term":[{"taxonomy":"category","embeddable":true,"href":"https:\/\/www.pressenza.com\/pt-pt\/wp-json\/wp\/v2\/categories?post=1756709"},{"taxonomy":"post_tag","embeddable":true,"href":"https:\/\/www.pressenza.com\/pt-pt\/wp-json\/wp\/v2\/tags?post=1756709"}],"curies":[{"name":"wp","href":"https:\/\/api.w.org\/{rel}","templated":true}]}}