{"id":1749966,"date":"2023-07-05T08:28:18","date_gmt":"2023-07-05T07:28:18","guid":{"rendered":"https:\/\/www.pressenza.com\/2023\/07\/a-prenda-de-aniversario-que-londres-ofereceu-a-julian-assange\/"},"modified":"2023-07-05T08:32:37","modified_gmt":"2023-07-05T07:32:37","slug":"a-prenda-de-aniversario-que-londres-ofereceu-a-julian-assange","status":"publish","type":"post","link":"https:\/\/www.pressenza.com\/pt-pt\/2023\/07\/a-prenda-de-aniversario-que-londres-ofereceu-a-julian-assange\/","title":{"rendered":"A prenda de Anivers\u00e1rio que Londres ofereceu a Julian Assange"},"content":{"rendered":"<p><strong>Pelo seu 52\u00ba Anivers\u00e1rio, o quinto que passa na pris\u00e3o de alta seguran\u00e7a de Belmarsh em Londres, o munic\u00edpio da cidade de Londres ofereceu a Julian Assange uma prenda bem especial.<\/strong><\/p>\n<p>O fundador da WikiLeaks, o homem que revolucionou o jornalismo para sempre (pois criou um espa\u00e7o seguro, no qual as pessoas podem acusar e pedir contas aos poderosos) foi desacreditado, perseguido e preso arbitrariamente, e isso apenas porque ele desvendou crimes de guerra, nos revelou verdades importantes e defendeu as nossas liberdades.<\/p>\n<blockquote><p>Parab\u00e9ns de Anivers\u00e1rio, Julian! Iremos continuar a lutar por ti como tu lutaste por n\u00f3s!<\/p><\/blockquote>\n<p><em>#HappyBirthdayJulian #FreeAssangeNOW<\/em><\/p>\n<p><iframe loading=\"lazy\" title=\"Happy Birthday Julian\" width=\"500\" height=\"281\" src=\"https:\/\/www.youtube.com\/embed\/0Z5eG7f-nU8?feature=oembed\" frameborder=\"0\" allow=\"accelerometer; autoplay; clipboard-write; encrypted-media; gyroscope; picture-in-picture; web-share\" referrerpolicy=\"strict-origin-when-cross-origin\" allowfullscreen><\/iframe><\/p>\n","protected":false},"excerpt":{"rendered":"<p>Pelo seu 52\u00ba Anivers\u00e1rio, o quinto que passa na pris\u00e3o de alta seguran\u00e7a de Belmarsh em Londres, o munic\u00edpio da cidade de Londres ofereceu a Julian Assange uma prenda bem especial. O fundador da WikiLeaks, o homem que revolucionou o&hellip;<\/p>\n","protected":false},"author":1095,"featured_media":1749967,"comment_status":"closed","ping_status":"closed","sticky":false,"template":"","format":"standard","meta":{"footnotes":""},"categories":[11390,112,116,103,22288],"tags":[59735,82086,114234,86586,114226,86588,19168,114235,86589,114233,6289,69408,19280,4461],"class_list":["post-1749966","post","type-post","status-publish","format-standard","has-post-thumbnail","hentry","category-conteudo-original","category-cultura-pt-pt","category-direitos-humanos","category-europa-pt-pt","category-video-pt","tag-assange-pt-pt","tag-freeassange-pt-pt","tag-happybirthdayjulian-pt-pt","tag-belmarsh-pt-pt","tag-denunciante-whistleblower","tag-dontextraditeassange-pt-pt","tag-estados-unidos","tag-freeassangenow-pt-pt","tag-freejulianassange-pt-pt","tag-imprensa-livre","tag-julian-assange-pt-pt","tag-liberdade-de-imprensa","tag-solidariedade","tag-wikileaks-pt-pt"],"yoast_head":"<!-- This site is optimized with the Yoast SEO plugin v27.1.1 - https:\/\/yoast.com\/product\/yoast-seo-wordpress\/ -->\n<title>A prenda de Anivers\u00e1rio que Londres ofereceu a Julian Assange<\/title>\n<meta name=\"description\" content=\"Pelo seu 52\u00ba Anivers\u00e1rio, o quinto que passa na pris\u00e3o de alta seguran\u00e7a de Belmarsh em Londres, o munic\u00edpio da cidade de Londres ofereceu a Julian\" \/>\n<meta name=\"robots\" content=\"index, follow, max-snippet:-1, max-image-preview:large, max-video-preview:-1\" \/>\n<link rel=\"canonical\" href=\"https:\/\/www.pressenza.com\/pt-pt\/2023\/07\/a-prenda-de-aniversario-que-londres-ofereceu-a-julian-assange\/\" \/>\n<meta property=\"og:locale\" content=\"pt_PT\" \/>\n<meta property=\"og:type\" content=\"article\" \/>\n<meta property=\"og:title\" content=\"A prenda de Anivers\u00e1rio que Londres ofereceu a Julian Assange\" \/>\n<meta property=\"og:description\" content=\"Pelo seu 52\u00ba Anivers\u00e1rio, o quinto que passa na pris\u00e3o de alta seguran\u00e7a de Belmarsh em Londres, o munic\u00edpio da cidade de Londres ofereceu a Julian\" \/>\n<meta property=\"og:url\" content=\"https:\/\/www.pressenza.com\/pt-pt\/2023\/07\/a-prenda-de-aniversario-que-londres-ofereceu-a-julian-assange\/\" \/>\n<meta property=\"og:site_name\" content=\"Pressenza\" \/>\n<meta property=\"article:publisher\" content=\"https:\/\/www.facebook.com\/PressenzaItalia\" \/>\n<meta property=\"article:author\" content=\"https:\/\/www.facebook.com\/Pressenza-Deutschland-sterreich-Schweiz-281675388658060\/timeline\/\" \/>\n<meta property=\"article:published_time\" content=\"2023-07-05T07:28:18+00:00\" \/>\n<meta property=\"article:modified_time\" content=\"2023-07-05T07:32:37+00:00\" \/>\n<meta property=\"og:image\" content=\"https:\/\/www.pressenza.com\/wp-content\/uploads\/2023\/07\/Julian_Assange_52_Geburtstag_London.jpg\" \/>\n\t<meta property=\"og:image:width\" content=\"1280\" \/>\n\t<meta property=\"og:image:height\" content=\"720\" \/>\n\t<meta property=\"og:image:type\" content=\"image\/jpeg\" \/>\n<meta name=\"author\" content=\"Pressenza Berlin\" \/>\n<meta name=\"twitter:card\" content=\"summary_large_image\" \/>\n<meta name=\"twitter:creator\" content=\"@pressenza_ger\" \/>\n<meta name=\"twitter:site\" content=\"@PressenzaIPA\" \/>\n<meta name=\"twitter:label1\" content=\"Escrito por\" \/>\n\t<meta name=\"twitter:data1\" content=\"Pressenza Berlin\" \/>\n\t<meta name=\"twitter:label2\" content=\"Tempo estimado de leitura\" \/>\n\t<meta name=\"twitter:data2\" content=\"1 minuto\" \/>\n<script type=\"application\/ld+json\" class=\"yoast-schema-graph\">{\"@context\":\"https:\/\/schema.org\",\"@graph\":[{\"@type\":\"Article\",\"@id\":\"https:\/\/www.pressenza.com\/pt-pt\/2023\/07\/a-prenda-de-aniversario-que-londres-ofereceu-a-julian-assange\/#article\",\"isPartOf\":{\"@id\":\"https:\/\/www.pressenza.com\/pt-pt\/2023\/07\/a-prenda-de-aniversario-que-londres-ofereceu-a-julian-assange\/\"},\"author\":{\"name\":\"Pressenza Berlin\",\"@id\":\"https:\/\/www.pressenza.com\/pt-pt\/#\/schema\/person\/57bb5480943a496a7722b0248e4b658a\"},\"headline\":\"A prenda de Anivers\u00e1rio que Londres ofereceu a Julian Assange\",\"datePublished\":\"2023-07-05T07:28:18+00:00\",\"dateModified\":\"2023-07-05T07:32:37+00:00\",\"mainEntityOfPage\":{\"@id\":\"https:\/\/www.pressenza.com\/pt-pt\/2023\/07\/a-prenda-de-aniversario-que-londres-ofereceu-a-julian-assange\/\"},\"wordCount\":124,\"publisher\":{\"@id\":\"https:\/\/www.pressenza.com\/pt-pt\/#organization\"},\"image\":{\"@id\":\"https:\/\/www.pressenza.com\/pt-pt\/2023\/07\/a-prenda-de-aniversario-que-londres-ofereceu-a-julian-assange\/#primaryimage\"},\"thumbnailUrl\":\"https:\/\/www.pressenza.com\/wp-content\/uploads\/2023\/07\/Julian_Assange_52_Geburtstag_London.jpg\",\"keywords\":[\"#Assange\",\"#FreeAssange\",\"#HappyBirthdayJulian\",\"Belmarsh\",\"Denunciante (Whistleblower)\",\"DontExtraditeAssange\",\"Estados Unidos\",\"FreeAssangeNOW\",\"FreeJulianAssange\",\"Imprensa livre\",\"Julian Assange\",\"liberdade de imprensa\",\"solidariedade\",\"Wikileaks\"],\"articleSection\":[\"Conte\u00fado Original\",\"Cultura e M\u00eddia\",\"Direitos Humanos\",\"Europa\",\"Video\"],\"inLanguage\":\"pt-PT\"},{\"@type\":\"WebPage\",\"@id\":\"https:\/\/www.pressenza.com\/pt-pt\/2023\/07\/a-prenda-de-aniversario-que-londres-ofereceu-a-julian-assange\/\",\"url\":\"https:\/\/www.pressenza.com\/pt-pt\/2023\/07\/a-prenda-de-aniversario-que-londres-ofereceu-a-julian-assange\/\",\"name\":\"A prenda de Anivers\u00e1rio que Londres ofereceu a Julian Assange\",\"isPartOf\":{\"@id\":\"https:\/\/www.pressenza.com\/pt-pt\/#website\"},\"primaryImageOfPage\":{\"@id\":\"https:\/\/www.pressenza.com\/pt-pt\/2023\/07\/a-prenda-de-aniversario-que-londres-ofereceu-a-julian-assange\/#primaryimage\"},\"image\":{\"@id\":\"https:\/\/www.pressenza.com\/pt-pt\/2023\/07\/a-prenda-de-aniversario-que-londres-ofereceu-a-julian-assange\/#primaryimage\"},\"thumbnailUrl\":\"https:\/\/www.pressenza.com\/wp-content\/uploads\/2023\/07\/Julian_Assange_52_Geburtstag_London.jpg\",\"datePublished\":\"2023-07-05T07:28:18+00:00\",\"dateModified\":\"2023-07-05T07:32:37+00:00\",\"description\":\"Pelo seu 52\u00ba Anivers\u00e1rio, o quinto que passa na pris\u00e3o de alta seguran\u00e7a de Belmarsh em Londres, o munic\u00edpio da cidade de Londres ofereceu a Julian\",\"breadcrumb\":{\"@id\":\"https:\/\/www.pressenza.com\/pt-pt\/2023\/07\/a-prenda-de-aniversario-que-londres-ofereceu-a-julian-assange\/#breadcrumb\"},\"inLanguage\":\"pt-PT\",\"potentialAction\":[{\"@type\":\"ReadAction\",\"target\":[\"https:\/\/www.pressenza.com\/pt-pt\/2023\/07\/a-prenda-de-aniversario-que-londres-ofereceu-a-julian-assange\/\"]}]},{\"@type\":\"ImageObject\",\"inLanguage\":\"pt-PT\",\"@id\":\"https:\/\/www.pressenza.com\/pt-pt\/2023\/07\/a-prenda-de-aniversario-que-londres-ofereceu-a-julian-assange\/#primaryimage\",\"url\":\"https:\/\/www.pressenza.com\/wp-content\/uploads\/2023\/07\/Julian_Assange_52_Geburtstag_London.jpg\",\"contentUrl\":\"https:\/\/www.pressenza.com\/wp-content\/uploads\/2023\/07\/Julian_Assange_52_Geburtstag_London.jpg\",\"width\":1280,\"height\":720},{\"@type\":\"BreadcrumbList\",\"@id\":\"https:\/\/www.pressenza.com\/pt-pt\/2023\/07\/a-prenda-de-aniversario-que-londres-ofereceu-a-julian-assange\/#breadcrumb\",\"itemListElement\":[{\"@type\":\"ListItem\",\"position\":1,\"name\":\"Accueil\",\"item\":\"https:\/\/www.pressenza.com\/pt-pt\/\"},{\"@type\":\"ListItem\",\"position\":2,\"name\":\"A prenda de Anivers\u00e1rio que Londres ofereceu a Julian Assange\"}]},{\"@type\":\"WebSite\",\"@id\":\"https:\/\/www.pressenza.com\/pt-pt\/#website\",\"url\":\"https:\/\/www.pressenza.com\/pt-pt\/\",\"name\":\"Pressenza\",\"description\":\"International Press Agency\",\"publisher\":{\"@id\":\"https:\/\/www.pressenza.com\/pt-pt\/#organization\"},\"potentialAction\":[{\"@type\":\"SearchAction\",\"target\":{\"@type\":\"EntryPoint\",\"urlTemplate\":\"https:\/\/www.pressenza.com\/pt-pt\/?s={search_term_string}\"},\"query-input\":{\"@type\":\"PropertyValueSpecification\",\"valueRequired\":true,\"valueName\":\"search_term_string\"}}],\"inLanguage\":\"pt-PT\"},{\"@type\":\"Organization\",\"@id\":\"https:\/\/www.pressenza.com\/pt-pt\/#organization\",\"name\":\"Pressenza\",\"url\":\"https:\/\/www.pressenza.com\/pt-pt\/\",\"logo\":{\"@type\":\"ImageObject\",\"inLanguage\":\"pt-PT\",\"@id\":\"https:\/\/www.pressenza.com\/pt-pt\/#\/schema\/logo\/image\/\",\"url\":\"https:\/\/www.pressenza.com\/wp-content\/uploads\/2022\/10\/pressenza_logo_200x200.jpg\",\"contentUrl\":\"https:\/\/www.pressenza.com\/wp-content\/uploads\/2022\/10\/pressenza_logo_200x200.jpg\",\"width\":200,\"height\":200,\"caption\":\"Pressenza\"},\"image\":{\"@id\":\"https:\/\/www.pressenza.com\/pt-pt\/#\/schema\/logo\/image\/\"},\"sameAs\":[\"https:\/\/www.facebook.com\/PressenzaItalia\",\"https:\/\/x.com\/PressenzaIPA\"]},{\"@type\":\"Person\",\"@id\":\"https:\/\/www.pressenza.com\/pt-pt\/#\/schema\/person\/57bb5480943a496a7722b0248e4b658a\",\"name\":\"Pressenza Berlin\",\"description\":\"News from the Pressenza Bureau in Berlin, Germany\",\"sameAs\":[\"https:\/\/www.facebook.com\/Pressenza-Deutschland-sterreich-Schweiz-281675388658060\/timeline\/\",\"https:\/\/x.com\/pressenza_ger\"],\"url\":\"https:\/\/www.pressenza.com\/pt-pt\/author\/pressenza-berlin\/\"}]}<\/script>\n<!-- \/ Yoast SEO plugin. -->","yoast_head_json":{"title":"A prenda de Anivers\u00e1rio que Londres ofereceu a Julian Assange","description":"Pelo seu 52\u00ba Anivers\u00e1rio, o quinto que passa na pris\u00e3o de alta seguran\u00e7a de Belmarsh em Londres, o munic\u00edpio da cidade de Londres ofereceu a Julian","robots":{"index":"index","follow":"follow","max-snippet":"max-snippet:-1","max-image-preview":"max-image-preview:large","max-video-preview":"max-video-preview:-1"},"canonical":"https:\/\/www.pressenza.com\/pt-pt\/2023\/07\/a-prenda-de-aniversario-que-londres-ofereceu-a-julian-assange\/","og_locale":"pt_PT","og_type":"article","og_title":"A prenda de Anivers\u00e1rio que Londres ofereceu a Julian Assange","og_description":"Pelo seu 52\u00ba Anivers\u00e1rio, o quinto que passa na pris\u00e3o de alta seguran\u00e7a de Belmarsh em Londres, o munic\u00edpio da cidade de Londres ofereceu a Julian","og_url":"https:\/\/www.pressenza.com\/pt-pt\/2023\/07\/a-prenda-de-aniversario-que-londres-ofereceu-a-julian-assange\/","og_site_name":"Pressenza","article_publisher":"https:\/\/www.facebook.com\/PressenzaItalia","article_author":"https:\/\/www.facebook.com\/Pressenza-Deutschland-sterreich-Schweiz-281675388658060\/timeline\/","article_published_time":"2023-07-05T07:28:18+00:00","article_modified_time":"2023-07-05T07:32:37+00:00","og_image":[{"width":1280,"height":720,"url":"https:\/\/www.pressenza.com\/wp-content\/uploads\/2023\/07\/Julian_Assange_52_Geburtstag_London.jpg","type":"image\/jpeg"}],"author":"Pressenza Berlin","twitter_card":"summary_large_image","twitter_creator":"@pressenza_ger","twitter_site":"@PressenzaIPA","twitter_misc":{"Escrito por":"Pressenza Berlin","Tempo estimado de leitura":"1 minuto"},"schema":{"@context":"https:\/\/schema.org","@graph":[{"@type":"Article","@id":"https:\/\/www.pressenza.com\/pt-pt\/2023\/07\/a-prenda-de-aniversario-que-londres-ofereceu-a-julian-assange\/#article","isPartOf":{"@id":"https:\/\/www.pressenza.com\/pt-pt\/2023\/07\/a-prenda-de-aniversario-que-londres-ofereceu-a-julian-assange\/"},"author":{"name":"Pressenza Berlin","@id":"https:\/\/www.pressenza.com\/pt-pt\/#\/schema\/person\/57bb5480943a496a7722b0248e4b658a"},"headline":"A prenda de Anivers\u00e1rio que Londres ofereceu a Julian Assange","datePublished":"2023-07-05T07:28:18+00:00","dateModified":"2023-07-05T07:32:37+00:00","mainEntityOfPage":{"@id":"https:\/\/www.pressenza.com\/pt-pt\/2023\/07\/a-prenda-de-aniversario-que-londres-ofereceu-a-julian-assange\/"},"wordCount":124,"publisher":{"@id":"https:\/\/www.pressenza.com\/pt-pt\/#organization"},"image":{"@id":"https:\/\/www.pressenza.com\/pt-pt\/2023\/07\/a-prenda-de-aniversario-que-londres-ofereceu-a-julian-assange\/#primaryimage"},"thumbnailUrl":"https:\/\/www.pressenza.com\/wp-content\/uploads\/2023\/07\/Julian_Assange_52_Geburtstag_London.jpg","keywords":["#Assange","#FreeAssange","#HappyBirthdayJulian","Belmarsh","Denunciante (Whistleblower)","DontExtraditeAssange","Estados Unidos","FreeAssangeNOW","FreeJulianAssange","Imprensa livre","Julian Assange","liberdade de imprensa","solidariedade","Wikileaks"],"articleSection":["Conte\u00fado Original","Cultura e M\u00eddia","Direitos Humanos","Europa","Video"],"inLanguage":"pt-PT"},{"@type":"WebPage","@id":"https:\/\/www.pressenza.com\/pt-pt\/2023\/07\/a-prenda-de-aniversario-que-londres-ofereceu-a-julian-assange\/","url":"https:\/\/www.pressenza.com\/pt-pt\/2023\/07\/a-prenda-de-aniversario-que-londres-ofereceu-a-julian-assange\/","name":"A prenda de Anivers\u00e1rio que Londres ofereceu a Julian Assange","isPartOf":{"@id":"https:\/\/www.pressenza.com\/pt-pt\/#website"},"primaryImageOfPage":{"@id":"https:\/\/www.pressenza.com\/pt-pt\/2023\/07\/a-prenda-de-aniversario-que-londres-ofereceu-a-julian-assange\/#primaryimage"},"image":{"@id":"https:\/\/www.pressenza.com\/pt-pt\/2023\/07\/a-prenda-de-aniversario-que-londres-ofereceu-a-julian-assange\/#primaryimage"},"thumbnailUrl":"https:\/\/www.pressenza.com\/wp-content\/uploads\/2023\/07\/Julian_Assange_52_Geburtstag_London.jpg","datePublished":"2023-07-05T07:28:18+00:00","dateModified":"2023-07-05T07:32:37+00:00","description":"Pelo seu 52\u00ba Anivers\u00e1rio, o quinto que passa na pris\u00e3o de alta seguran\u00e7a de Belmarsh em Londres, o munic\u00edpio da cidade de Londres ofereceu a Julian","breadcrumb":{"@id":"https:\/\/www.pressenza.com\/pt-pt\/2023\/07\/a-prenda-de-aniversario-que-londres-ofereceu-a-julian-assange\/#breadcrumb"},"inLanguage":"pt-PT","potentialAction":[{"@type":"ReadAction","target":["https:\/\/www.pressenza.com\/pt-pt\/2023\/07\/a-prenda-de-aniversario-que-londres-ofereceu-a-julian-assange\/"]}]},{"@type":"ImageObject","inLanguage":"pt-PT","@id":"https:\/\/www.pressenza.com\/pt-pt\/2023\/07\/a-prenda-de-aniversario-que-londres-ofereceu-a-julian-assange\/#primaryimage","url":"https:\/\/www.pressenza.com\/wp-content\/uploads\/2023\/07\/Julian_Assange_52_Geburtstag_London.jpg","contentUrl":"https:\/\/www.pressenza.com\/wp-content\/uploads\/2023\/07\/Julian_Assange_52_Geburtstag_London.jpg","width":1280,"height":720},{"@type":"BreadcrumbList","@id":"https:\/\/www.pressenza.com\/pt-pt\/2023\/07\/a-prenda-de-aniversario-que-londres-ofereceu-a-julian-assange\/#breadcrumb","itemListElement":[{"@type":"ListItem","position":1,"name":"Accueil","item":"https:\/\/www.pressenza.com\/pt-pt\/"},{"@type":"ListItem","position":2,"name":"A prenda de Anivers\u00e1rio que Londres ofereceu a Julian Assange"}]},{"@type":"WebSite","@id":"https:\/\/www.pressenza.com\/pt-pt\/#website","url":"https:\/\/www.pressenza.com\/pt-pt\/","name":"Pressenza","description":"International Press Agency","publisher":{"@id":"https:\/\/www.pressenza.com\/pt-pt\/#organization"},"potentialAction":[{"@type":"SearchAction","target":{"@type":"EntryPoint","urlTemplate":"https:\/\/www.pressenza.com\/pt-pt\/?s={search_term_string}"},"query-input":{"@type":"PropertyValueSpecification","valueRequired":true,"valueName":"search_term_string"}}],"inLanguage":"pt-PT"},{"@type":"Organization","@id":"https:\/\/www.pressenza.com\/pt-pt\/#organization","name":"Pressenza","url":"https:\/\/www.pressenza.com\/pt-pt\/","logo":{"@type":"ImageObject","inLanguage":"pt-PT","@id":"https:\/\/www.pressenza.com\/pt-pt\/#\/schema\/logo\/image\/","url":"https:\/\/www.pressenza.com\/wp-content\/uploads\/2022\/10\/pressenza_logo_200x200.jpg","contentUrl":"https:\/\/www.pressenza.com\/wp-content\/uploads\/2022\/10\/pressenza_logo_200x200.jpg","width":200,"height":200,"caption":"Pressenza"},"image":{"@id":"https:\/\/www.pressenza.com\/pt-pt\/#\/schema\/logo\/image\/"},"sameAs":["https:\/\/www.facebook.com\/PressenzaItalia","https:\/\/x.com\/PressenzaIPA"]},{"@type":"Person","@id":"https:\/\/www.pressenza.com\/pt-pt\/#\/schema\/person\/57bb5480943a496a7722b0248e4b658a","name":"Pressenza Berlin","description":"News from the Pressenza Bureau in Berlin, Germany","sameAs":["https:\/\/www.facebook.com\/Pressenza-Deutschland-sterreich-Schweiz-281675388658060\/timeline\/","https:\/\/x.com\/pressenza_ger"],"url":"https:\/\/www.pressenza.com\/pt-pt\/author\/pressenza-berlin\/"}]}},"place":"","original_article_url":"https:\/\/www.pressenza.com\/de\/2023\/07\/londons-geburtstagsgeschenk-an-julian-assange\/","_links":{"self":[{"href":"https:\/\/www.pressenza.com\/pt-pt\/wp-json\/wp\/v2\/posts\/1749966","targetHints":{"allow":["GET"]}}],"collection":[{"href":"https:\/\/www.pressenza.com\/pt-pt\/wp-json\/wp\/v2\/posts"}],"about":[{"href":"https:\/\/www.pressenza.com\/pt-pt\/wp-json\/wp\/v2\/types\/post"}],"author":[{"embeddable":true,"href":"https:\/\/www.pressenza.com\/pt-pt\/wp-json\/wp\/v2\/users\/1095"}],"replies":[{"embeddable":true,"href":"https:\/\/www.pressenza.com\/pt-pt\/wp-json\/wp\/v2\/comments?post=1749966"}],"version-history":[{"count":0,"href":"https:\/\/www.pressenza.com\/pt-pt\/wp-json\/wp\/v2\/posts\/1749966\/revisions"}],"wp:featuredmedia":[{"embeddable":true,"href":"https:\/\/www.pressenza.com\/pt-pt\/wp-json\/wp\/v2\/media\/1749967"}],"wp:attachment":[{"href":"https:\/\/www.pressenza.com\/pt-pt\/wp-json\/wp\/v2\/media?parent=1749966"}],"wp:term":[{"taxonomy":"category","embeddable":true,"href":"https:\/\/www.pressenza.com\/pt-pt\/wp-json\/wp\/v2\/categories?post=1749966"},{"taxonomy":"post_tag","embeddable":true,"href":"https:\/\/www.pressenza.com\/pt-pt\/wp-json\/wp\/v2\/tags?post=1749966"}],"curies":[{"name":"wp","href":"https:\/\/api.w.org\/{rel}","templated":true}]}}