{"id":1741423,"date":"2023-05-24T19:55:53","date_gmt":"2023-05-24T18:55:53","guid":{"rendered":"https:\/\/www.pressenza.com\/?p=1741423"},"modified":"2023-05-24T19:55:53","modified_gmt":"2023-05-24T18:55:53","slug":"dia-da-africa","status":"publish","type":"post","link":"https:\/\/www.pressenza.com\/pt-pt\/2023\/05\/dia-da-africa\/","title":{"rendered":"D\u00eda da \u00c1frica"},"content":{"rendered":"<p>Angola Celebra o Dia de \u00c1frica, 25 de Maio, em Paz , com foco no desenvolvimento.<br \/>\nO Dia de \u00c1frica \u00e9 celebrado anualmente em 25 de Maio. Neste ano de 2023, o Partido Humanista de Angola (PHA) valoriza a celebra\u00e7\u00e3o do Dia de \u00c1frica como uma oportunidade para rememorar as conquistas dos povos africanos, em geral, e dos povos de Angola, em particular, no que diz respeito \u00e0 paz e \u00e0 reconcilia\u00e7\u00e3o.<br \/>\nNo caso de Angola, ap\u00f3s um longo per\u00edodo de guerra civil de cerca de 27 anos que terminou em 2002, a paz e a reconcilia\u00e7\u00e3o desempenham um papel fundamental na estabiliza\u00e7\u00e3o do pa\u00eds, da\u00ed a import\u00e2ncia de manter e fortalecer esses pilares essenciais para o desenvolvimento equilibrado e a promo\u00e7\u00e3o dos direitos humanos.<br \/>\nO Partido Humanista de Angola entende que, no p\u00f3s-guerra, os vectores de progresso deveriam passar pela produ\u00e7\u00e3o agr\u00edcola para erradicar a fome, visto que Angola tem agua e terras f\u00e9rteis com fartura; habita\u00e7\u00e3o para que as pessoas vivam com a dignidade que lhe \u00e9 \u00ednsita; educa\u00e7\u00e3o para criar uma sociabilidade humanizada; servi\u00e7os p\u00fablicos de sa\u00fade, acess\u00edveis a todas e todos, porque o pa\u00eds tem riquezas suficientes e o estado tem essa obriga\u00e7\u00e3o; e, sobretudo, justi\u00e7a social.<br \/>\nAli\u00e1s, a nossa concep\u00e7\u00e3o human\u00edstica fundamenta-se na filosofia africana UBUNTU, \u201cEu sou porque n\u00f3s somos\u201d, na Carta Africana dos Direitos Humanos e dos Povos e na Declara\u00e7\u00e3o Universal dos Direitos Humanos.<br \/>\nA situa\u00e7\u00e3o actual do continente africano \u00e9 diversa e complexa, com diferen\u00e7as significativas entre os pa\u00edses e regi\u00f5es. No entanto, numa vis\u00e3o geral existem alguns aspectos e desafios comuns aos pa\u00edses africanos:<br \/>\n1. A \u00c1frica tem experimentado um crescimento econ\u00f3mico s\u00f3lido nos \u00faltimos anos, embora a taxa varie entre os pa\u00edses.<br \/>\n2. A desigualdade econ\u00f3mica ainda \u00e9 um desafio em muitos pa\u00edses africanos. Apesar do crescimento econ\u00f3mico, uma parcela significativa da popula\u00e7\u00e3o vive em situa\u00e7\u00e3o de pobreza, com dificuldades no acesso a servi\u00e7os b\u00e1sicos de sa\u00fade, habita\u00e7\u00e3o, educa\u00e7\u00e3o e \u00e1gua pot\u00e1vel.<br \/>\n3. Alguns pa\u00edses africanos ainda enfrentam conflitos internos, instabilidade pol\u00edtica e desafios de seguran\u00e7a.<br \/>\n4. Quest\u00f5es relacionadas \u00e0 governan\u00e7a, transpar\u00eancia e corrup\u00e7\u00e3o ainda representam desafios em muitos pa\u00edses africanos, pondo em causa o desenvolvimento e o fortalecimento das institui\u00e7\u00f5es democr\u00e1ticas.<br \/>\n5. A sa\u00fade p\u00fablica continua a ser uma \u00e1rea priorit\u00e1ria em muitos pa\u00edses africanos, assolados pela mal\u00e1ria, tuberculose e outras doen\u00e7as infecciosas.<br \/>\n6. Muitos pa\u00edses africanos est\u00e3o a trabalhar para melhorar o acesso \u00e0 educa\u00e7\u00e3o de qualidade, aspecto essencial para o desenvolvimento humano.<br \/>\n\u00c9 importante, no entanto, reconhecer os esfor\u00e7os em curso, tanto no n\u00edvel nacional quanto no \u00e2mbito continental, para abordar essas quest\u00f5es e promover um desenvolvimento sustent\u00e1vel e inclusivo em toda a \u00c1frica.<br \/>\nNo Dia de \u00c1frica celebra-se o esp\u00edrito africano, a heran\u00e7a cultural , a diversidade e o potencial ilimitado do Continente Ber\u00e7o da Humanidade.<\/p>\n<p>Florbela Catarina Malaquias<br \/>\nPresidente do PHA<\/p>\n<p>&nbsp;<\/p>\n","protected":false},"excerpt":{"rendered":"<p>Angola Celebra o Dia de \u00c1frica, 25 de Maio, em Paz , com foco no desenvolvimento. O Dia de \u00c1frica \u00e9 celebrado anualmente em 25 de Maio. Neste ano de 2023, o Partido Humanista de Angola (PHA) valoriza a celebra\u00e7\u00e3o&hellip;<\/p>\n","protected":false},"author":19,"featured_media":1741428,"comment_status":"closed","ping_status":"closed","sticky":false,"template":"","format":"standard","meta":{"footnotes":""},"categories":[37,11390,1254,153],"tags":[5140],"class_list":["post-1741423","post","type-post","status-publish","format-standard","has-post-thumbnail","hentry","category-africa-pt","category-conteudo-original","category-humanismo-espiritualidade","category-nota-de-imprensa","tag-africa-pt-pt"],"yoast_head":"<!-- This site is optimized with the Yoast SEO plugin v27.1.1 - https:\/\/yoast.com\/product\/yoast-seo-wordpress\/ -->\n<title>D\u00eda da \u00c1frica<\/title>\n<meta name=\"description\" content=\"Angola Celebra o Dia de \u00c1frica, 25 de Maio, em Paz , com foco no desenvolvimento. O Dia de \u00c1frica \u00e9 celebrado anualmente em 25 de Maio. Neste ano de 2023,\" \/>\n<meta name=\"robots\" content=\"index, follow, max-snippet:-1, max-image-preview:large, max-video-preview:-1\" \/>\n<link rel=\"canonical\" href=\"https:\/\/www.pressenza.com\/pt-pt\/2023\/05\/dia-da-africa\/\" \/>\n<meta property=\"og:locale\" content=\"pt_PT\" \/>\n<meta property=\"og:type\" content=\"article\" \/>\n<meta property=\"og:title\" content=\"D\u00eda da \u00c1frica\" \/>\n<meta property=\"og:description\" content=\"Angola Celebra o Dia de \u00c1frica, 25 de Maio, em Paz , com foco no desenvolvimento. O Dia de \u00c1frica \u00e9 celebrado anualmente em 25 de Maio. Neste ano de 2023,\" \/>\n<meta property=\"og:url\" content=\"https:\/\/www.pressenza.com\/pt-pt\/2023\/05\/dia-da-africa\/\" \/>\n<meta property=\"og:site_name\" content=\"Pressenza\" \/>\n<meta property=\"article:publisher\" content=\"https:\/\/www.facebook.com\/PressenzaItalia\" \/>\n<meta property=\"article:author\" content=\"https:\/\/www.facebook.com\/pressenza\" \/>\n<meta property=\"article:published_time\" content=\"2023-05-24T18:55:53+00:00\" \/>\n<meta property=\"og:image\" content=\"https:\/\/www.pressenza.com\/wp-content\/uploads\/2023\/05\/maxresdefault.jpg\" \/>\n\t<meta property=\"og:image:width\" content=\"1280\" \/>\n\t<meta property=\"og:image:height\" content=\"720\" \/>\n\t<meta property=\"og:image:type\" content=\"image\/jpeg\" \/>\n<meta name=\"author\" content=\"Pressenza IPA\" \/>\n<meta name=\"twitter:card\" content=\"summary_large_image\" \/>\n<meta name=\"twitter:creator\" content=\"@PressenzaIPA\" \/>\n<meta name=\"twitter:site\" content=\"@PressenzaIPA\" \/>\n<meta name=\"twitter:label1\" content=\"Escrito por\" \/>\n\t<meta name=\"twitter:data1\" content=\"Pressenza IPA\" \/>\n\t<meta name=\"twitter:label2\" content=\"Tempo estimado de leitura\" \/>\n\t<meta name=\"twitter:data2\" content=\"3 minutos\" \/>\n<script type=\"application\/ld+json\" class=\"yoast-schema-graph\">{\"@context\":\"https:\/\/schema.org\",\"@graph\":[{\"@type\":\"Article\",\"@id\":\"https:\/\/www.pressenza.com\/pt-pt\/2023\/05\/dia-da-africa\/#article\",\"isPartOf\":{\"@id\":\"https:\/\/www.pressenza.com\/pt-pt\/2023\/05\/dia-da-africa\/\"},\"author\":{\"name\":\"Pressenza IPA\",\"@id\":\"https:\/\/www.pressenza.com\/pt-pt\/#\/schema\/person\/010e5d02bcf40965427a1289a4cc8d75\"},\"headline\":\"D\u00eda da \u00c1frica\",\"datePublished\":\"2023-05-24T18:55:53+00:00\",\"mainEntityOfPage\":{\"@id\":\"https:\/\/www.pressenza.com\/pt-pt\/2023\/05\/dia-da-africa\/\"},\"wordCount\":523,\"publisher\":{\"@id\":\"https:\/\/www.pressenza.com\/pt-pt\/#organization\"},\"image\":{\"@id\":\"https:\/\/www.pressenza.com\/pt-pt\/2023\/05\/dia-da-africa\/#primaryimage\"},\"thumbnailUrl\":\"https:\/\/www.pressenza.com\/wp-content\/uploads\/2023\/05\/maxresdefault.jpg\",\"keywords\":[\"africa\"],\"articleSection\":[\"Africa\",\"Conte\u00fado Original\",\"Humanismo e Espiritualidade\",\"Nota de imprensa\"],\"inLanguage\":\"pt-PT\"},{\"@type\":\"WebPage\",\"@id\":\"https:\/\/www.pressenza.com\/pt-pt\/2023\/05\/dia-da-africa\/\",\"url\":\"https:\/\/www.pressenza.com\/pt-pt\/2023\/05\/dia-da-africa\/\",\"name\":\"D\u00eda da \u00c1frica\",\"isPartOf\":{\"@id\":\"https:\/\/www.pressenza.com\/pt-pt\/#website\"},\"primaryImageOfPage\":{\"@id\":\"https:\/\/www.pressenza.com\/pt-pt\/2023\/05\/dia-da-africa\/#primaryimage\"},\"image\":{\"@id\":\"https:\/\/www.pressenza.com\/pt-pt\/2023\/05\/dia-da-africa\/#primaryimage\"},\"thumbnailUrl\":\"https:\/\/www.pressenza.com\/wp-content\/uploads\/2023\/05\/maxresdefault.jpg\",\"datePublished\":\"2023-05-24T18:55:53+00:00\",\"description\":\"Angola Celebra o Dia de \u00c1frica, 25 de Maio, em Paz , com foco no desenvolvimento. O Dia de \u00c1frica \u00e9 celebrado anualmente em 25 de Maio. Neste ano de 2023,\",\"breadcrumb\":{\"@id\":\"https:\/\/www.pressenza.com\/pt-pt\/2023\/05\/dia-da-africa\/#breadcrumb\"},\"inLanguage\":\"pt-PT\",\"potentialAction\":[{\"@type\":\"ReadAction\",\"target\":[\"https:\/\/www.pressenza.com\/pt-pt\/2023\/05\/dia-da-africa\/\"]}]},{\"@type\":\"ImageObject\",\"inLanguage\":\"pt-PT\",\"@id\":\"https:\/\/www.pressenza.com\/pt-pt\/2023\/05\/dia-da-africa\/#primaryimage\",\"url\":\"https:\/\/www.pressenza.com\/wp-content\/uploads\/2023\/05\/maxresdefault.jpg\",\"contentUrl\":\"https:\/\/www.pressenza.com\/wp-content\/uploads\/2023\/05\/maxresdefault.jpg\",\"width\":1280,\"height\":720},{\"@type\":\"BreadcrumbList\",\"@id\":\"https:\/\/www.pressenza.com\/pt-pt\/2023\/05\/dia-da-africa\/#breadcrumb\",\"itemListElement\":[{\"@type\":\"ListItem\",\"position\":1,\"name\":\"Accueil\",\"item\":\"https:\/\/www.pressenza.com\/pt-pt\/\"},{\"@type\":\"ListItem\",\"position\":2,\"name\":\"D\u00eda da \u00c1frica\"}]},{\"@type\":\"WebSite\",\"@id\":\"https:\/\/www.pressenza.com\/pt-pt\/#website\",\"url\":\"https:\/\/www.pressenza.com\/pt-pt\/\",\"name\":\"Pressenza\",\"description\":\"International Press Agency\",\"publisher\":{\"@id\":\"https:\/\/www.pressenza.com\/pt-pt\/#organization\"},\"potentialAction\":[{\"@type\":\"SearchAction\",\"target\":{\"@type\":\"EntryPoint\",\"urlTemplate\":\"https:\/\/www.pressenza.com\/pt-pt\/?s={search_term_string}\"},\"query-input\":{\"@type\":\"PropertyValueSpecification\",\"valueRequired\":true,\"valueName\":\"search_term_string\"}}],\"inLanguage\":\"pt-PT\"},{\"@type\":\"Organization\",\"@id\":\"https:\/\/www.pressenza.com\/pt-pt\/#organization\",\"name\":\"Pressenza\",\"url\":\"https:\/\/www.pressenza.com\/pt-pt\/\",\"logo\":{\"@type\":\"ImageObject\",\"inLanguage\":\"pt-PT\",\"@id\":\"https:\/\/www.pressenza.com\/pt-pt\/#\/schema\/logo\/image\/\",\"url\":\"https:\/\/www.pressenza.com\/wp-content\/uploads\/2022\/10\/pressenza_logo_200x200.jpg\",\"contentUrl\":\"https:\/\/www.pressenza.com\/wp-content\/uploads\/2022\/10\/pressenza_logo_200x200.jpg\",\"width\":200,\"height\":200,\"caption\":\"Pressenza\"},\"image\":{\"@id\":\"https:\/\/www.pressenza.com\/pt-pt\/#\/schema\/logo\/image\/\"},\"sameAs\":[\"https:\/\/www.facebook.com\/PressenzaItalia\",\"https:\/\/x.com\/PressenzaIPA\"]},{\"@type\":\"Person\",\"@id\":\"https:\/\/www.pressenza.com\/pt-pt\/#\/schema\/person\/010e5d02bcf40965427a1289a4cc8d75\",\"name\":\"Pressenza IPA\",\"description\":\"News from Pressenza IPA correspondents\",\"sameAs\":[\"https:\/\/www.facebook.com\/pressenza\",\"https:\/\/x.com\/PressenzaIPA\"],\"url\":\"https:\/\/www.pressenza.com\/pt-pt\/author\/pressenza-ipa\/\"}]}<\/script>\n<!-- \/ Yoast SEO plugin. -->","yoast_head_json":{"title":"D\u00eda da \u00c1frica","description":"Angola Celebra o Dia de \u00c1frica, 25 de Maio, em Paz , com foco no desenvolvimento. O Dia de \u00c1frica \u00e9 celebrado anualmente em 25 de Maio. Neste ano de 2023,","robots":{"index":"index","follow":"follow","max-snippet":"max-snippet:-1","max-image-preview":"max-image-preview:large","max-video-preview":"max-video-preview:-1"},"canonical":"https:\/\/www.pressenza.com\/pt-pt\/2023\/05\/dia-da-africa\/","og_locale":"pt_PT","og_type":"article","og_title":"D\u00eda da \u00c1frica","og_description":"Angola Celebra o Dia de \u00c1frica, 25 de Maio, em Paz , com foco no desenvolvimento. O Dia de \u00c1frica \u00e9 celebrado anualmente em 25 de Maio. Neste ano de 2023,","og_url":"https:\/\/www.pressenza.com\/pt-pt\/2023\/05\/dia-da-africa\/","og_site_name":"Pressenza","article_publisher":"https:\/\/www.facebook.com\/PressenzaItalia","article_author":"https:\/\/www.facebook.com\/pressenza","article_published_time":"2023-05-24T18:55:53+00:00","og_image":[{"width":1280,"height":720,"url":"https:\/\/www.pressenza.com\/wp-content\/uploads\/2023\/05\/maxresdefault.jpg","type":"image\/jpeg"}],"author":"Pressenza IPA","twitter_card":"summary_large_image","twitter_creator":"@PressenzaIPA","twitter_site":"@PressenzaIPA","twitter_misc":{"Escrito por":"Pressenza IPA","Tempo estimado de leitura":"3 minutos"},"schema":{"@context":"https:\/\/schema.org","@graph":[{"@type":"Article","@id":"https:\/\/www.pressenza.com\/pt-pt\/2023\/05\/dia-da-africa\/#article","isPartOf":{"@id":"https:\/\/www.pressenza.com\/pt-pt\/2023\/05\/dia-da-africa\/"},"author":{"name":"Pressenza IPA","@id":"https:\/\/www.pressenza.com\/pt-pt\/#\/schema\/person\/010e5d02bcf40965427a1289a4cc8d75"},"headline":"D\u00eda da \u00c1frica","datePublished":"2023-05-24T18:55:53+00:00","mainEntityOfPage":{"@id":"https:\/\/www.pressenza.com\/pt-pt\/2023\/05\/dia-da-africa\/"},"wordCount":523,"publisher":{"@id":"https:\/\/www.pressenza.com\/pt-pt\/#organization"},"image":{"@id":"https:\/\/www.pressenza.com\/pt-pt\/2023\/05\/dia-da-africa\/#primaryimage"},"thumbnailUrl":"https:\/\/www.pressenza.com\/wp-content\/uploads\/2023\/05\/maxresdefault.jpg","keywords":["africa"],"articleSection":["Africa","Conte\u00fado Original","Humanismo e Espiritualidade","Nota de imprensa"],"inLanguage":"pt-PT"},{"@type":"WebPage","@id":"https:\/\/www.pressenza.com\/pt-pt\/2023\/05\/dia-da-africa\/","url":"https:\/\/www.pressenza.com\/pt-pt\/2023\/05\/dia-da-africa\/","name":"D\u00eda da \u00c1frica","isPartOf":{"@id":"https:\/\/www.pressenza.com\/pt-pt\/#website"},"primaryImageOfPage":{"@id":"https:\/\/www.pressenza.com\/pt-pt\/2023\/05\/dia-da-africa\/#primaryimage"},"image":{"@id":"https:\/\/www.pressenza.com\/pt-pt\/2023\/05\/dia-da-africa\/#primaryimage"},"thumbnailUrl":"https:\/\/www.pressenza.com\/wp-content\/uploads\/2023\/05\/maxresdefault.jpg","datePublished":"2023-05-24T18:55:53+00:00","description":"Angola Celebra o Dia de \u00c1frica, 25 de Maio, em Paz , com foco no desenvolvimento. O Dia de \u00c1frica \u00e9 celebrado anualmente em 25 de Maio. Neste ano de 2023,","breadcrumb":{"@id":"https:\/\/www.pressenza.com\/pt-pt\/2023\/05\/dia-da-africa\/#breadcrumb"},"inLanguage":"pt-PT","potentialAction":[{"@type":"ReadAction","target":["https:\/\/www.pressenza.com\/pt-pt\/2023\/05\/dia-da-africa\/"]}]},{"@type":"ImageObject","inLanguage":"pt-PT","@id":"https:\/\/www.pressenza.com\/pt-pt\/2023\/05\/dia-da-africa\/#primaryimage","url":"https:\/\/www.pressenza.com\/wp-content\/uploads\/2023\/05\/maxresdefault.jpg","contentUrl":"https:\/\/www.pressenza.com\/wp-content\/uploads\/2023\/05\/maxresdefault.jpg","width":1280,"height":720},{"@type":"BreadcrumbList","@id":"https:\/\/www.pressenza.com\/pt-pt\/2023\/05\/dia-da-africa\/#breadcrumb","itemListElement":[{"@type":"ListItem","position":1,"name":"Accueil","item":"https:\/\/www.pressenza.com\/pt-pt\/"},{"@type":"ListItem","position":2,"name":"D\u00eda da \u00c1frica"}]},{"@type":"WebSite","@id":"https:\/\/www.pressenza.com\/pt-pt\/#website","url":"https:\/\/www.pressenza.com\/pt-pt\/","name":"Pressenza","description":"International Press Agency","publisher":{"@id":"https:\/\/www.pressenza.com\/pt-pt\/#organization"},"potentialAction":[{"@type":"SearchAction","target":{"@type":"EntryPoint","urlTemplate":"https:\/\/www.pressenza.com\/pt-pt\/?s={search_term_string}"},"query-input":{"@type":"PropertyValueSpecification","valueRequired":true,"valueName":"search_term_string"}}],"inLanguage":"pt-PT"},{"@type":"Organization","@id":"https:\/\/www.pressenza.com\/pt-pt\/#organization","name":"Pressenza","url":"https:\/\/www.pressenza.com\/pt-pt\/","logo":{"@type":"ImageObject","inLanguage":"pt-PT","@id":"https:\/\/www.pressenza.com\/pt-pt\/#\/schema\/logo\/image\/","url":"https:\/\/www.pressenza.com\/wp-content\/uploads\/2022\/10\/pressenza_logo_200x200.jpg","contentUrl":"https:\/\/www.pressenza.com\/wp-content\/uploads\/2022\/10\/pressenza_logo_200x200.jpg","width":200,"height":200,"caption":"Pressenza"},"image":{"@id":"https:\/\/www.pressenza.com\/pt-pt\/#\/schema\/logo\/image\/"},"sameAs":["https:\/\/www.facebook.com\/PressenzaItalia","https:\/\/x.com\/PressenzaIPA"]},{"@type":"Person","@id":"https:\/\/www.pressenza.com\/pt-pt\/#\/schema\/person\/010e5d02bcf40965427a1289a4cc8d75","name":"Pressenza IPA","description":"News from Pressenza IPA correspondents","sameAs":["https:\/\/www.facebook.com\/pressenza","https:\/\/x.com\/PressenzaIPA"],"url":"https:\/\/www.pressenza.com\/pt-pt\/author\/pressenza-ipa\/"}]}},"place":"Luanda, Angola","original_article_url":"","_links":{"self":[{"href":"https:\/\/www.pressenza.com\/pt-pt\/wp-json\/wp\/v2\/posts\/1741423","targetHints":{"allow":["GET"]}}],"collection":[{"href":"https:\/\/www.pressenza.com\/pt-pt\/wp-json\/wp\/v2\/posts"}],"about":[{"href":"https:\/\/www.pressenza.com\/pt-pt\/wp-json\/wp\/v2\/types\/post"}],"author":[{"embeddable":true,"href":"https:\/\/www.pressenza.com\/pt-pt\/wp-json\/wp\/v2\/users\/19"}],"replies":[{"embeddable":true,"href":"https:\/\/www.pressenza.com\/pt-pt\/wp-json\/wp\/v2\/comments?post=1741423"}],"version-history":[{"count":0,"href":"https:\/\/www.pressenza.com\/pt-pt\/wp-json\/wp\/v2\/posts\/1741423\/revisions"}],"wp:featuredmedia":[{"embeddable":true,"href":"https:\/\/www.pressenza.com\/pt-pt\/wp-json\/wp\/v2\/media\/1741428"}],"wp:attachment":[{"href":"https:\/\/www.pressenza.com\/pt-pt\/wp-json\/wp\/v2\/media?parent=1741423"}],"wp:term":[{"taxonomy":"category","embeddable":true,"href":"https:\/\/www.pressenza.com\/pt-pt\/wp-json\/wp\/v2\/categories?post=1741423"},{"taxonomy":"post_tag","embeddable":true,"href":"https:\/\/www.pressenza.com\/pt-pt\/wp-json\/wp\/v2\/tags?post=1741423"}],"curies":[{"name":"wp","href":"https:\/\/api.w.org\/{rel}","templated":true}]}}