{"id":1738806,"date":"2023-05-12T22:15:19","date_gmt":"2023-05-12T21:15:19","guid":{"rendered":"https:\/\/www.pressenza.com\/?p=1738806"},"modified":"2023-05-12T22:15:19","modified_gmt":"2023-05-12T21:15:19","slug":"grupo-de-solidariedade-alemao-exige-negociacao-inclusiva-sobre-genocidio-entre-a-namibia-e-a-alemanha","status":"publish","type":"post","link":"https:\/\/www.pressenza.com\/pt-pt\/2023\/05\/grupo-de-solidariedade-alemao-exige-negociacao-inclusiva-sobre-genocidio-entre-a-namibia-e-a-alemanha\/","title":{"rendered":"Grupo de solidariedade alem\u00e3o exige negocia\u00e7\u00e3o inclusiva sobre genoc\u00eddio entre a Nam\u00edbia e a Alemanha"},"content":{"rendered":"<p>Em 8 de mar\u00e7o, a Associa\u00e7\u00e3o para os Povos Amea\u00e7ados (GfbV) realizou um protesto em frente ao Minist\u00e9rio Federal das Rela\u00e7\u00f5es Exteriores em Berlim, Alemanha, chamando a aten\u00e7\u00e3o para as exig\u00eancias dos descendentes de genocidas de serem inclu\u00eddos nas negocia\u00e7\u00f5es entre a Nam\u00edbia e a Alemanha.<\/p>\n<p>O protesto coincidiu com a apresenta\u00e7\u00e3o de um relat\u00f3rio dos Relatores Especiais das Na\u00e7\u00f5es Unidas, que criticou a declara\u00e7\u00e3o conjunta assinada pelos dois governos.<\/p>\n<p>O protesto destacou a luta cont\u00ednua das comunidades afetadas na Nam\u00edbia, que continuam a exigir maior reconhecimento e repara\u00e7\u00f5es por seu sofrimento.<\/p>\n<p>A declara\u00e7\u00e3o conjunta proposta em 2021, intitulada &#8220;Unidos em Mem\u00f3ria de Nosso Passado Colonial, Unidos em Nossa Vontade de Reconcilia\u00e7\u00e3o, Unidos<\/p>\n<p>in Our Vision of the Future&#8221; (Unidos em mem\u00f3ria de nosso passado colonial, unidos em nossa vontade de reconcilia\u00e7\u00e3o, unidos em nossa vis\u00e3o do futuro) inclu\u00eda uma promessa de \u20ac 1,1 bilh\u00e3o (\u00a3 980 milh\u00f5es) em projetos de desenvolvimento ao longo de 30 anos.<\/p>\n<p>No entanto, os descendentes das v\u00edtimas do colonialismo alem\u00e3o na Nam\u00edbia rejeitaram a declara\u00e7\u00e3o, afirmando que ela n\u00e3o continha detalhes sobre o n\u00famero de pessoas mortas e as terras tomadas durante o per\u00edodo colonial.<\/p>\n<p>&#8220;Depois desse relat\u00f3rio, o governo federal n\u00e3o pode mais fingir que o assunto foi resolvido. Com sua resposta,<\/p>\n<p>se ela realmente vier hoje, o Minist\u00e9rio Federal das Rela\u00e7\u00f5es Exteriores deve levar a s\u00e9rio as preocupa\u00e7\u00f5es com o direito internacional e resolv\u00ea-las&#8221;, disse o diretor do GfbV, Roman K\u00fchn.<\/p>\n<p>O contexto hist\u00f3rico do dom\u00ednio colonial alem\u00e3o na Nam\u00edbia \u00e9 complexo, com a \u00e1rea de Swakopmund sendo particularmente afetada pela desapropria\u00e7\u00e3o de terras de comunidades ind\u00edgenas, incluindo os Damaran, Herero e Nama de Topnaar.<\/p>\n<p>Essas comunidades foram for\u00e7adas a se mudar para as \u00e1reas costeiras em busca de melhores condi\u00e7\u00f5es de vida e oportunidades de emprego, onde foram submetidas \u00e0 m\u00e3o de obra barata em fazendas, linhas ferrovi\u00e1rias e minas extrativas durante o per\u00edodo colonial.<\/p>\n<p>As consequ\u00eancias dessas atividades continuam a afetar as comunidades afetadas, resultando em priva\u00e7\u00e3o psicol\u00f3gica e econ\u00f4mica, agravada pela falta de terra.<\/p>\n<p>Al\u00e9m disso, muitas das <a href=\"https:\/\/www.pressenza.com\/2023\/05\/paying-tribute-to-the-victims-of-genocide-in-namibia\/\" target=\"_blank\" rel=\"noopener\">comunidades afetadas pelo genoc\u00eddio<\/a> herdaram traumas transgeracionais e intergeracionais de seus ancestrais que sobreviveram aos campos de concentra\u00e7\u00e3o de Swakopmund.<\/p>\n<p>Apesar da declara\u00e7\u00e3o conjunta, as comunidades afetadas pelo per\u00edodo colonial na Nam\u00edbia continuam a exigir maior reconhecimento e repara\u00e7\u00f5es por seu sofrimento.<\/p>\n<hr \/>\n<p><em>Traduzido do ingl\u00eas por Victor Hugo Cavalcanti Alves<\/em><\/p>\n","protected":false},"excerpt":{"rendered":"<p>Em 8 de mar\u00e7o, a Associa\u00e7\u00e3o para os Povos Amea\u00e7ados (GfbV) realizou um protesto em frente ao Minist\u00e9rio Federal das Rela\u00e7\u00f5es Exteriores em Berlim, Alemanha, chamando a aten\u00e7\u00e3o para as exig\u00eancias dos descendentes de genocidas de serem inclu\u00eddos nas negocia\u00e7\u00f5es&hellip;<\/p>\n","protected":false},"author":2260,"featured_media":1738810,"comment_status":"closed","ping_status":"closed","sticky":false,"template":"","format":"standard","meta":{"footnotes":""},"categories":[37,117,11390,103,42],"tags":[7387,10135,96140,112785,66338],"class_list":["post-1738806","post","type-post","status-publish","format-standard","has-post-thumbnail","hentry","category-africa-pt","category-povos-originarios","category-conteudo-original","category-europa-pt-pt","category-internacional-2","tag-alemanha","tag-colonialismo-pt-pt","tag-jornalismo-nao-violento","tag-namibia-pt-pt","tag-reparacoes"],"yoast_head":"<!-- This site is optimized with the Yoast SEO plugin v27.1.1 - https:\/\/yoast.com\/product\/yoast-seo-wordpress\/ -->\n<title>Grupo de solidariedade alem\u00e3o exige negocia\u00e7\u00e3o inclusiva sobre genoc\u00eddio entre a Nam\u00edbia e a Alemanha<\/title>\n<meta name=\"description\" content=\"Em 8 de mar\u00e7o, a Associa\u00e7\u00e3o para os Povos Amea\u00e7ados (GfbV) realizou um protesto em frente ao Minist\u00e9rio Federal das Rela\u00e7\u00f5es Exteriores em Berlim,\" \/>\n<meta name=\"robots\" content=\"index, follow, max-snippet:-1, max-image-preview:large, max-video-preview:-1\" \/>\n<link rel=\"canonical\" href=\"https:\/\/www.pressenza.com\/pt-pt\/2023\/05\/grupo-de-solidariedade-alemao-exige-negociacao-inclusiva-sobre-genocidio-entre-a-namibia-e-a-alemanha\/\" \/>\n<meta property=\"og:locale\" content=\"pt_PT\" \/>\n<meta property=\"og:type\" content=\"article\" \/>\n<meta property=\"og:title\" content=\"Grupo de solidariedade alem\u00e3o exige negocia\u00e7\u00e3o inclusiva sobre genoc\u00eddio entre a Nam\u00edbia e a Alemanha\" \/>\n<meta property=\"og:description\" content=\"Em 8 de mar\u00e7o, a Associa\u00e7\u00e3o para os Povos Amea\u00e7ados (GfbV) realizou um protesto em frente ao Minist\u00e9rio Federal das Rela\u00e7\u00f5es Exteriores em Berlim,\" \/>\n<meta property=\"og:url\" content=\"https:\/\/www.pressenza.com\/pt-pt\/2023\/05\/grupo-de-solidariedade-alemao-exige-negociacao-inclusiva-sobre-genocidio-entre-a-namibia-e-a-alemanha\/\" \/>\n<meta property=\"og:site_name\" content=\"Pressenza\" \/>\n<meta property=\"article:publisher\" content=\"https:\/\/www.facebook.com\/PressenzaItalia\" \/>\n<meta property=\"article:published_time\" content=\"2023-05-12T21:15:19+00:00\" \/>\n<meta property=\"og:image\" content=\"https:\/\/www.pressenza.com\/wp-content\/uploads\/2023\/05\/IMG-20230508-WA0007-1.jpg\" \/>\n\t<meta property=\"og:image:width\" content=\"1080\" \/>\n\t<meta property=\"og:image:height\" content=\"608\" \/>\n\t<meta property=\"og:image:type\" content=\"image\/jpeg\" \/>\n<meta name=\"author\" content=\"Ester Mbathera\" \/>\n<meta name=\"twitter:card\" content=\"summary_large_image\" \/>\n<meta name=\"twitter:creator\" content=\"@PressenzaIPA\" \/>\n<meta name=\"twitter:site\" content=\"@PressenzaIPA\" \/>\n<meta name=\"twitter:label1\" content=\"Escrito por\" \/>\n\t<meta name=\"twitter:data1\" content=\"Ester Mbathera\" \/>\n\t<meta name=\"twitter:label2\" content=\"Tempo estimado de leitura\" \/>\n\t<meta name=\"twitter:data2\" content=\"2 minutos\" \/>\n<script type=\"application\/ld+json\" class=\"yoast-schema-graph\">{\"@context\":\"https:\/\/schema.org\",\"@graph\":[{\"@type\":\"Article\",\"@id\":\"https:\/\/www.pressenza.com\/pt-pt\/2023\/05\/grupo-de-solidariedade-alemao-exige-negociacao-inclusiva-sobre-genocidio-entre-a-namibia-e-a-alemanha\/#article\",\"isPartOf\":{\"@id\":\"https:\/\/www.pressenza.com\/pt-pt\/2023\/05\/grupo-de-solidariedade-alemao-exige-negociacao-inclusiva-sobre-genocidio-entre-a-namibia-e-a-alemanha\/\"},\"author\":{\"name\":\"Ester Mbathera\",\"@id\":\"https:\/\/www.pressenza.com\/pt-pt\/#\/schema\/person\/bf0343241516809cd46c26ffc535b317\"},\"headline\":\"Grupo de solidariedade alem\u00e3o exige negocia\u00e7\u00e3o inclusiva sobre genoc\u00eddio entre a Nam\u00edbia e a Alemanha\",\"datePublished\":\"2023-05-12T21:15:19+00:00\",\"mainEntityOfPage\":{\"@id\":\"https:\/\/www.pressenza.com\/pt-pt\/2023\/05\/grupo-de-solidariedade-alemao-exige-negociacao-inclusiva-sobre-genocidio-entre-a-namibia-e-a-alemanha\/\"},\"wordCount\":463,\"publisher\":{\"@id\":\"https:\/\/www.pressenza.com\/pt-pt\/#organization\"},\"image\":{\"@id\":\"https:\/\/www.pressenza.com\/pt-pt\/2023\/05\/grupo-de-solidariedade-alemao-exige-negociacao-inclusiva-sobre-genocidio-entre-a-namibia-e-a-alemanha\/#primaryimage\"},\"thumbnailUrl\":\"https:\/\/www.pressenza.com\/wp-content\/uploads\/2023\/05\/IMG-20230508-WA0007-1.jpg\",\"keywords\":[\"alemanha\",\"colonialismo\",\"jornalismo n\u00e3o violento\",\"Namibia\",\"repara\u00e7\u00f5es\"],\"articleSection\":[\"Africa\",\"Assuntos ind\u00edgenas\",\"Conte\u00fado Original\",\"Europa\",\"Internacional\"],\"inLanguage\":\"pt-PT\"},{\"@type\":\"WebPage\",\"@id\":\"https:\/\/www.pressenza.com\/pt-pt\/2023\/05\/grupo-de-solidariedade-alemao-exige-negociacao-inclusiva-sobre-genocidio-entre-a-namibia-e-a-alemanha\/\",\"url\":\"https:\/\/www.pressenza.com\/pt-pt\/2023\/05\/grupo-de-solidariedade-alemao-exige-negociacao-inclusiva-sobre-genocidio-entre-a-namibia-e-a-alemanha\/\",\"name\":\"Grupo de solidariedade alem\u00e3o exige negocia\u00e7\u00e3o inclusiva sobre genoc\u00eddio entre a Nam\u00edbia e a Alemanha\",\"isPartOf\":{\"@id\":\"https:\/\/www.pressenza.com\/pt-pt\/#website\"},\"primaryImageOfPage\":{\"@id\":\"https:\/\/www.pressenza.com\/pt-pt\/2023\/05\/grupo-de-solidariedade-alemao-exige-negociacao-inclusiva-sobre-genocidio-entre-a-namibia-e-a-alemanha\/#primaryimage\"},\"image\":{\"@id\":\"https:\/\/www.pressenza.com\/pt-pt\/2023\/05\/grupo-de-solidariedade-alemao-exige-negociacao-inclusiva-sobre-genocidio-entre-a-namibia-e-a-alemanha\/#primaryimage\"},\"thumbnailUrl\":\"https:\/\/www.pressenza.com\/wp-content\/uploads\/2023\/05\/IMG-20230508-WA0007-1.jpg\",\"datePublished\":\"2023-05-12T21:15:19+00:00\",\"description\":\"Em 8 de mar\u00e7o, a Associa\u00e7\u00e3o para os Povos Amea\u00e7ados (GfbV) realizou um protesto em frente ao Minist\u00e9rio Federal das Rela\u00e7\u00f5es Exteriores em Berlim,\",\"breadcrumb\":{\"@id\":\"https:\/\/www.pressenza.com\/pt-pt\/2023\/05\/grupo-de-solidariedade-alemao-exige-negociacao-inclusiva-sobre-genocidio-entre-a-namibia-e-a-alemanha\/#breadcrumb\"},\"inLanguage\":\"pt-PT\",\"potentialAction\":[{\"@type\":\"ReadAction\",\"target\":[\"https:\/\/www.pressenza.com\/pt-pt\/2023\/05\/grupo-de-solidariedade-alemao-exige-negociacao-inclusiva-sobre-genocidio-entre-a-namibia-e-a-alemanha\/\"]}]},{\"@type\":\"ImageObject\",\"inLanguage\":\"pt-PT\",\"@id\":\"https:\/\/www.pressenza.com\/pt-pt\/2023\/05\/grupo-de-solidariedade-alemao-exige-negociacao-inclusiva-sobre-genocidio-entre-a-namibia-e-a-alemanha\/#primaryimage\",\"url\":\"https:\/\/www.pressenza.com\/wp-content\/uploads\/2023\/05\/IMG-20230508-WA0007-1.jpg\",\"contentUrl\":\"https:\/\/www.pressenza.com\/wp-content\/uploads\/2023\/05\/IMG-20230508-WA0007-1.jpg\",\"width\":1080,\"height\":608,\"caption\":\"There's no statute of limitations on genocide!\"},{\"@type\":\"BreadcrumbList\",\"@id\":\"https:\/\/www.pressenza.com\/pt-pt\/2023\/05\/grupo-de-solidariedade-alemao-exige-negociacao-inclusiva-sobre-genocidio-entre-a-namibia-e-a-alemanha\/#breadcrumb\",\"itemListElement\":[{\"@type\":\"ListItem\",\"position\":1,\"name\":\"Accueil\",\"item\":\"https:\/\/www.pressenza.com\/pt-pt\/\"},{\"@type\":\"ListItem\",\"position\":2,\"name\":\"Grupo de solidariedade alem\u00e3o exige negocia\u00e7\u00e3o inclusiva sobre genoc\u00eddio entre a Nam\u00edbia e a Alemanha\"}]},{\"@type\":\"WebSite\",\"@id\":\"https:\/\/www.pressenza.com\/pt-pt\/#website\",\"url\":\"https:\/\/www.pressenza.com\/pt-pt\/\",\"name\":\"Pressenza\",\"description\":\"International Press Agency\",\"publisher\":{\"@id\":\"https:\/\/www.pressenza.com\/pt-pt\/#organization\"},\"potentialAction\":[{\"@type\":\"SearchAction\",\"target\":{\"@type\":\"EntryPoint\",\"urlTemplate\":\"https:\/\/www.pressenza.com\/pt-pt\/?s={search_term_string}\"},\"query-input\":{\"@type\":\"PropertyValueSpecification\",\"valueRequired\":true,\"valueName\":\"search_term_string\"}}],\"inLanguage\":\"pt-PT\"},{\"@type\":\"Organization\",\"@id\":\"https:\/\/www.pressenza.com\/pt-pt\/#organization\",\"name\":\"Pressenza\",\"url\":\"https:\/\/www.pressenza.com\/pt-pt\/\",\"logo\":{\"@type\":\"ImageObject\",\"inLanguage\":\"pt-PT\",\"@id\":\"https:\/\/www.pressenza.com\/pt-pt\/#\/schema\/logo\/image\/\",\"url\":\"https:\/\/www.pressenza.com\/wp-content\/uploads\/2022\/10\/pressenza_logo_200x200.jpg\",\"contentUrl\":\"https:\/\/www.pressenza.com\/wp-content\/uploads\/2022\/10\/pressenza_logo_200x200.jpg\",\"width\":200,\"height\":200,\"caption\":\"Pressenza\"},\"image\":{\"@id\":\"https:\/\/www.pressenza.com\/pt-pt\/#\/schema\/logo\/image\/\"},\"sameAs\":[\"https:\/\/www.facebook.com\/PressenzaItalia\",\"https:\/\/x.com\/PressenzaIPA\"]},{\"@type\":\"Person\",\"@id\":\"https:\/\/www.pressenza.com\/pt-pt\/#\/schema\/person\/bf0343241516809cd46c26ffc535b317\",\"name\":\"Ester Mbathera\",\"description\":\"Freelance journalist from Namibia. I am passionate about the field of journalism and the power it has to make a difference in the world. I chose freelancing because of the freedom it gives me to pursue stories that truly\u00a0interest\u00a0me.\",\"url\":\"https:\/\/www.pressenza.com\/pt-pt\/author\/ester-mbathera\/\"}]}<\/script>\n<!-- \/ Yoast SEO plugin. -->","yoast_head_json":{"title":"Grupo de solidariedade alem\u00e3o exige negocia\u00e7\u00e3o inclusiva sobre genoc\u00eddio entre a Nam\u00edbia e a Alemanha","description":"Em 8 de mar\u00e7o, a Associa\u00e7\u00e3o para os Povos Amea\u00e7ados (GfbV) realizou um protesto em frente ao Minist\u00e9rio Federal das Rela\u00e7\u00f5es Exteriores em Berlim,","robots":{"index":"index","follow":"follow","max-snippet":"max-snippet:-1","max-image-preview":"max-image-preview:large","max-video-preview":"max-video-preview:-1"},"canonical":"https:\/\/www.pressenza.com\/pt-pt\/2023\/05\/grupo-de-solidariedade-alemao-exige-negociacao-inclusiva-sobre-genocidio-entre-a-namibia-e-a-alemanha\/","og_locale":"pt_PT","og_type":"article","og_title":"Grupo de solidariedade alem\u00e3o exige negocia\u00e7\u00e3o inclusiva sobre genoc\u00eddio entre a Nam\u00edbia e a Alemanha","og_description":"Em 8 de mar\u00e7o, a Associa\u00e7\u00e3o para os Povos Amea\u00e7ados (GfbV) realizou um protesto em frente ao Minist\u00e9rio Federal das Rela\u00e7\u00f5es Exteriores em Berlim,","og_url":"https:\/\/www.pressenza.com\/pt-pt\/2023\/05\/grupo-de-solidariedade-alemao-exige-negociacao-inclusiva-sobre-genocidio-entre-a-namibia-e-a-alemanha\/","og_site_name":"Pressenza","article_publisher":"https:\/\/www.facebook.com\/PressenzaItalia","article_published_time":"2023-05-12T21:15:19+00:00","og_image":[{"width":1080,"height":608,"url":"https:\/\/www.pressenza.com\/wp-content\/uploads\/2023\/05\/IMG-20230508-WA0007-1.jpg","type":"image\/jpeg"}],"author":"Ester Mbathera","twitter_card":"summary_large_image","twitter_creator":"@PressenzaIPA","twitter_site":"@PressenzaIPA","twitter_misc":{"Escrito por":"Ester Mbathera","Tempo estimado de leitura":"2 minutos"},"schema":{"@context":"https:\/\/schema.org","@graph":[{"@type":"Article","@id":"https:\/\/www.pressenza.com\/pt-pt\/2023\/05\/grupo-de-solidariedade-alemao-exige-negociacao-inclusiva-sobre-genocidio-entre-a-namibia-e-a-alemanha\/#article","isPartOf":{"@id":"https:\/\/www.pressenza.com\/pt-pt\/2023\/05\/grupo-de-solidariedade-alemao-exige-negociacao-inclusiva-sobre-genocidio-entre-a-namibia-e-a-alemanha\/"},"author":{"name":"Ester Mbathera","@id":"https:\/\/www.pressenza.com\/pt-pt\/#\/schema\/person\/bf0343241516809cd46c26ffc535b317"},"headline":"Grupo de solidariedade alem\u00e3o exige negocia\u00e7\u00e3o inclusiva sobre genoc\u00eddio entre a Nam\u00edbia e a Alemanha","datePublished":"2023-05-12T21:15:19+00:00","mainEntityOfPage":{"@id":"https:\/\/www.pressenza.com\/pt-pt\/2023\/05\/grupo-de-solidariedade-alemao-exige-negociacao-inclusiva-sobre-genocidio-entre-a-namibia-e-a-alemanha\/"},"wordCount":463,"publisher":{"@id":"https:\/\/www.pressenza.com\/pt-pt\/#organization"},"image":{"@id":"https:\/\/www.pressenza.com\/pt-pt\/2023\/05\/grupo-de-solidariedade-alemao-exige-negociacao-inclusiva-sobre-genocidio-entre-a-namibia-e-a-alemanha\/#primaryimage"},"thumbnailUrl":"https:\/\/www.pressenza.com\/wp-content\/uploads\/2023\/05\/IMG-20230508-WA0007-1.jpg","keywords":["alemanha","colonialismo","jornalismo n\u00e3o violento","Namibia","repara\u00e7\u00f5es"],"articleSection":["Africa","Assuntos ind\u00edgenas","Conte\u00fado Original","Europa","Internacional"],"inLanguage":"pt-PT"},{"@type":"WebPage","@id":"https:\/\/www.pressenza.com\/pt-pt\/2023\/05\/grupo-de-solidariedade-alemao-exige-negociacao-inclusiva-sobre-genocidio-entre-a-namibia-e-a-alemanha\/","url":"https:\/\/www.pressenza.com\/pt-pt\/2023\/05\/grupo-de-solidariedade-alemao-exige-negociacao-inclusiva-sobre-genocidio-entre-a-namibia-e-a-alemanha\/","name":"Grupo de solidariedade alem\u00e3o exige negocia\u00e7\u00e3o inclusiva sobre genoc\u00eddio entre a Nam\u00edbia e a Alemanha","isPartOf":{"@id":"https:\/\/www.pressenza.com\/pt-pt\/#website"},"primaryImageOfPage":{"@id":"https:\/\/www.pressenza.com\/pt-pt\/2023\/05\/grupo-de-solidariedade-alemao-exige-negociacao-inclusiva-sobre-genocidio-entre-a-namibia-e-a-alemanha\/#primaryimage"},"image":{"@id":"https:\/\/www.pressenza.com\/pt-pt\/2023\/05\/grupo-de-solidariedade-alemao-exige-negociacao-inclusiva-sobre-genocidio-entre-a-namibia-e-a-alemanha\/#primaryimage"},"thumbnailUrl":"https:\/\/www.pressenza.com\/wp-content\/uploads\/2023\/05\/IMG-20230508-WA0007-1.jpg","datePublished":"2023-05-12T21:15:19+00:00","description":"Em 8 de mar\u00e7o, a Associa\u00e7\u00e3o para os Povos Amea\u00e7ados (GfbV) realizou um protesto em frente ao Minist\u00e9rio Federal das Rela\u00e7\u00f5es Exteriores em Berlim,","breadcrumb":{"@id":"https:\/\/www.pressenza.com\/pt-pt\/2023\/05\/grupo-de-solidariedade-alemao-exige-negociacao-inclusiva-sobre-genocidio-entre-a-namibia-e-a-alemanha\/#breadcrumb"},"inLanguage":"pt-PT","potentialAction":[{"@type":"ReadAction","target":["https:\/\/www.pressenza.com\/pt-pt\/2023\/05\/grupo-de-solidariedade-alemao-exige-negociacao-inclusiva-sobre-genocidio-entre-a-namibia-e-a-alemanha\/"]}]},{"@type":"ImageObject","inLanguage":"pt-PT","@id":"https:\/\/www.pressenza.com\/pt-pt\/2023\/05\/grupo-de-solidariedade-alemao-exige-negociacao-inclusiva-sobre-genocidio-entre-a-namibia-e-a-alemanha\/#primaryimage","url":"https:\/\/www.pressenza.com\/wp-content\/uploads\/2023\/05\/IMG-20230508-WA0007-1.jpg","contentUrl":"https:\/\/www.pressenza.com\/wp-content\/uploads\/2023\/05\/IMG-20230508-WA0007-1.jpg","width":1080,"height":608,"caption":"There's no statute of limitations on genocide!"},{"@type":"BreadcrumbList","@id":"https:\/\/www.pressenza.com\/pt-pt\/2023\/05\/grupo-de-solidariedade-alemao-exige-negociacao-inclusiva-sobre-genocidio-entre-a-namibia-e-a-alemanha\/#breadcrumb","itemListElement":[{"@type":"ListItem","position":1,"name":"Accueil","item":"https:\/\/www.pressenza.com\/pt-pt\/"},{"@type":"ListItem","position":2,"name":"Grupo de solidariedade alem\u00e3o exige negocia\u00e7\u00e3o inclusiva sobre genoc\u00eddio entre a Nam\u00edbia e a Alemanha"}]},{"@type":"WebSite","@id":"https:\/\/www.pressenza.com\/pt-pt\/#website","url":"https:\/\/www.pressenza.com\/pt-pt\/","name":"Pressenza","description":"International Press Agency","publisher":{"@id":"https:\/\/www.pressenza.com\/pt-pt\/#organization"},"potentialAction":[{"@type":"SearchAction","target":{"@type":"EntryPoint","urlTemplate":"https:\/\/www.pressenza.com\/pt-pt\/?s={search_term_string}"},"query-input":{"@type":"PropertyValueSpecification","valueRequired":true,"valueName":"search_term_string"}}],"inLanguage":"pt-PT"},{"@type":"Organization","@id":"https:\/\/www.pressenza.com\/pt-pt\/#organization","name":"Pressenza","url":"https:\/\/www.pressenza.com\/pt-pt\/","logo":{"@type":"ImageObject","inLanguage":"pt-PT","@id":"https:\/\/www.pressenza.com\/pt-pt\/#\/schema\/logo\/image\/","url":"https:\/\/www.pressenza.com\/wp-content\/uploads\/2022\/10\/pressenza_logo_200x200.jpg","contentUrl":"https:\/\/www.pressenza.com\/wp-content\/uploads\/2022\/10\/pressenza_logo_200x200.jpg","width":200,"height":200,"caption":"Pressenza"},"image":{"@id":"https:\/\/www.pressenza.com\/pt-pt\/#\/schema\/logo\/image\/"},"sameAs":["https:\/\/www.facebook.com\/PressenzaItalia","https:\/\/x.com\/PressenzaIPA"]},{"@type":"Person","@id":"https:\/\/www.pressenza.com\/pt-pt\/#\/schema\/person\/bf0343241516809cd46c26ffc535b317","name":"Ester Mbathera","description":"Freelance journalist from Namibia. I am passionate about the field of journalism and the power it has to make a difference in the world. I chose freelancing because of the freedom it gives me to pursue stories that truly\u00a0interest\u00a0me.","url":"https:\/\/www.pressenza.com\/pt-pt\/author\/ester-mbathera\/"}]}},"place":"Windhoek, Nam\u00edbia","original_article_url":"","_links":{"self":[{"href":"https:\/\/www.pressenza.com\/pt-pt\/wp-json\/wp\/v2\/posts\/1738806","targetHints":{"allow":["GET"]}}],"collection":[{"href":"https:\/\/www.pressenza.com\/pt-pt\/wp-json\/wp\/v2\/posts"}],"about":[{"href":"https:\/\/www.pressenza.com\/pt-pt\/wp-json\/wp\/v2\/types\/post"}],"author":[{"embeddable":true,"href":"https:\/\/www.pressenza.com\/pt-pt\/wp-json\/wp\/v2\/users\/2260"}],"replies":[{"embeddable":true,"href":"https:\/\/www.pressenza.com\/pt-pt\/wp-json\/wp\/v2\/comments?post=1738806"}],"version-history":[{"count":0,"href":"https:\/\/www.pressenza.com\/pt-pt\/wp-json\/wp\/v2\/posts\/1738806\/revisions"}],"wp:featuredmedia":[{"embeddable":true,"href":"https:\/\/www.pressenza.com\/pt-pt\/wp-json\/wp\/v2\/media\/1738810"}],"wp:attachment":[{"href":"https:\/\/www.pressenza.com\/pt-pt\/wp-json\/wp\/v2\/media?parent=1738806"}],"wp:term":[{"taxonomy":"category","embeddable":true,"href":"https:\/\/www.pressenza.com\/pt-pt\/wp-json\/wp\/v2\/categories?post=1738806"},{"taxonomy":"post_tag","embeddable":true,"href":"https:\/\/www.pressenza.com\/pt-pt\/wp-json\/wp\/v2\/tags?post=1738806"}],"curies":[{"name":"wp","href":"https:\/\/api.w.org\/{rel}","templated":true}]}}