{"id":1732532,"date":"2023-04-12T12:37:31","date_gmt":"2023-04-12T11:37:31","guid":{"rendered":"https:\/\/www.pressenza.com\/?p=1732532"},"modified":"2023-04-12T12:37:31","modified_gmt":"2023-04-12T11:37:31","slug":"um-ministro-da-justica-na-favela","status":"publish","type":"post","link":"https:\/\/www.pressenza.com\/pt-pt\/2023\/04\/um-ministro-da-justica-na-favela\/","title":{"rendered":"Um Ministro da Justi\u00e7a na Favela"},"content":{"rendered":"<p style=\"padding-left: 40px;\">No \u00faltimo dia 16 de mar\u00e7o, o Ministro da Justi\u00e7a, Fl\u00e1vio Dino foi \u00e0 favela da Mar\u00e9, na zona norte da cidade do Rio de Janeiro, para receber o \u201c<a href=\"https:\/\/www.redesdamare.org.br\/media\/downloads\/arquivos\/RdM_Boletim_direito_SegPubli23.pdf\" target=\"_blank\" rel=\"noopener\">Boletim DIREITO \u00c0 SEGURAN\u00c7A P\u00daBLICA NA MAR\u00c9-2022<\/a>\u201d. O documento discute, a partir de dados coletados nas 16 favelas que constituem a Mar\u00e9, quest\u00f5es relacionadas \u00e0 seguran\u00e7a p\u00fablica no territ\u00f3rio, sendo constru\u00eddo pela Redes de Desenvolvimento da Mar\u00e9, institui\u00e7\u00e3o local fundada por moradores.<\/p>\n<p style=\"padding-left: 40px;\">Por Edson Diniz<\/p>\n<p>Essa deveria ser uma not\u00edcia positiva, pois n\u00e3o \u00e9 comum um representante do Estado Brasileiro, ainda mais um ministro da justi\u00e7a, estar em uma favela para tratar da seguran\u00e7a p\u00fablica e dos direitos dos moradores. Pelo contr\u00e1rio, espa\u00e7os como as favelas s\u00e3o negligenciados ou esquecidos pelo Estado, que assume uma postura amea\u00e7adora e violenta \u2013 expressa nas opera\u00e7\u00f5es policiais \u2013 quando se refere a esse tema nos espa\u00e7os populares.<\/p>\n<p>O que aconteceu foi que parte da classe pol\u00edtica \u2013 e da imprensa &#8211; ligada \u00e0 extrema-direita interpretou como \u201csuspeita\u201d a ida do ministro \u00e0 Mar\u00e9, sugerindo algum tipo de entendimento dele com grupos criminosos locais, pelo simples fato do Ministro colocar os p\u00e9s na favela. Fica evidente que nessas suposi\u00e7\u00f5es descabidas est\u00e3o escondidas uma s\u00e9rie de preconceitos, racismo e criminaliza\u00e7\u00e3o dos mais de 140 mil moradores da Mar\u00e9, e por extens\u00e3o, da popula\u00e7\u00e3o moradora das mais de mil favelas do estado do Rio de Janeiro.<\/p>\n<p>Na verdade, as aten\u00e7\u00f5es deveriam estar voltadas para o tema principal da visita do Ministro Fl\u00e1vio Dino, ou seja, a situa\u00e7\u00e3o de viol\u00eancia sofrida cotidianamente pelos moradores da favela. Por\u00e9m, os detratores do ministro resolveram simplesmente ignorar os dados que falam sobre a situa\u00e7\u00e3o da seguran\u00e7a p\u00fablica na Mar\u00e9. \u00c9 s\u00f3 olharmos alguns desses dados para verificarmos a import\u00e2ncia da visita do ministro. Isso porque, segundo o levantamento feito pela Redes da Mar\u00e9, s\u00f3 no ano de 2022, ocorreram 27 opera\u00e7\u00f5es policiais, sendo que das 27 mortes decorrentes de tais opera\u00e7\u00f5es, em 24, as v\u00edtimas apresentavam sinais de execu\u00e7\u00e3o sum\u00e1ria. Somando-se essas mortes \u00e0s outras provocadas por confrontos entre grupos criminosos rivais, temos o tr\u00e1gico n\u00famero de 39 pessoas mortas por armas de fogo em apenas um ano.<\/p>\n<p>O Boletim segue apresentando outros danos \u00e0 vida dos moradores, tais como: a paralisa\u00e7\u00e3o das aulas nas escolas da regi\u00e3o em pelo menos 15 dias e a suspens\u00e3o do atendimento nos postos de sa\u00fade em outros 19 dias, em decorr\u00eancia dos confrontos armados. Esses n\u00fameros traduzem a omiss\u00e3o do Estado para com a popula\u00e7\u00e3o favelada, mas tamb\u00e9m nos interpelam e dizem o quanto somos uma sociedade desigual, pois esse estado de coisas, naturalizado nos territ\u00f3rios populares, jamais seria poss\u00edvel nas regi\u00f5es mais abastadas da cidade.<\/p>\n<p>No entanto, aqueles que insistem em um discurso criminalizante sobre as favelas continuam vendo as mortes e todos os transtornos na vida dos moradores, em decorr\u00eancia da viol\u00eancia armada, como \u201cdanos colaterais\u201d aceit\u00e1veis decorrentes da chamada \u201cguerra \u00e0s drogas\u201d, justificativa usada para a brutalidade da pol\u00edcia. No entanto, \u00e9 preciso desafiar tal discurso sobre os espa\u00e7os favelados, pois a Favela n\u00e3o pode ser reduzida \u00e0 a\u00e7\u00e3o de grupos criminosos. Seus moradores s\u00e3o cidad\u00e3os que trabalham, produzem novas formas de sociabilidade, criam cultura e constroem a cidade todos os dias, mesmo com todas as dificuldades materiais, financeiras, junto com a falta de apoio de Estado e Mercado.<\/p>\n<p>Por fim, enquanto escrevemos este texto, o Ministro da Justi\u00e7a foi submetido a uma sabatina na comiss\u00e3o de Comiss\u00e3o de Constitui\u00e7\u00e3o e Justi\u00e7a e de Cidadania (CCJC) da c\u00e2mara dos deputados justamente para explicar sua ida \u00e0 Mar\u00e9, ocasi\u00e3o na qual rebateu com veem\u00eancia o discurso que procura criminalizar os moradores de favelas. Nenhum de seus detratores, no entanto, se importou com a situa\u00e7\u00e3o dos moradores da Mar\u00e9 apontada no documento recebido pelo ministro, muito pelo contr\u00e1rio, alguns deputados sugeriram o aumento da repress\u00e3o policial sobre as favelas. Esse \u00e9 o vivo retrato da persist\u00eancia do racismo e do \u00f3dio aos mais pobres, negros e favelados mantido pelas elites brasileiras.<\/p>\n<p>Diante de tudo isso, a tarefa de quem defende uma sociedade onde as rela\u00e7\u00f5es entre as pessoas e as institui\u00e7\u00f5es sejam mais justas, igualit\u00e1rias e democr\u00e1ticas, \u00e9 combater e desconstruir os discursos de \u00f3dio, o racismo, a criminaliza\u00e7\u00e3o da pobreza e dos territ\u00f3rios perif\u00e9ricos como as favelas. S\u00f3 assim avan\u00e7aremos como na\u00e7\u00e3o e como povo.<\/p>\n<hr \/>\n<p><a href=\"https:\/\/www.redesdamare.org.br\/media\/downloads\/arquivos\/RdM_Boletim_direito_SegPubli23.pdf\" target=\"_blank\" rel=\"noopener\">Boletim DIREITO \u00c0 SEGURAN\u00c7A P\u00daBLICA NA MAR\u00c9-2022<\/a><\/p>\n","protected":false},"excerpt":{"rendered":"<p>No \u00faltimo dia 16 de mar\u00e7o, o Ministro da Justi\u00e7a, Fl\u00e1vio Dino foi \u00e0 favela da Mar\u00e9, na zona norte da cidade do Rio de Janeiro, para receber o \u201cBoletim DIREITO \u00c0 SEGURAN\u00c7A P\u00daBLICA NA MAR\u00c9-2022\u201d. O documento discute, a&hellip;<\/p>\n","protected":false},"author":1685,"featured_media":1732533,"comment_status":"closed","ping_status":"closed","sticky":false,"template":"","format":"standard","meta":{"footnotes":""},"categories":[104,11390,116,111,107668],"tags":[2744,34645,24831,73299,26751,49050,7877,81360,75388],"class_list":["post-1732532","post","type-post","status-publish","format-standard","has-post-thumbnail","hentry","category-america-do-sul","category-conteudo-original","category-direitos-humanos","category-politica-pt-pt","category-reportagem","tag-brasil","tag-criminalizacao","tag-direita","tag-favelas-pt-pt","tag-flavio-dino","tag-inseguranca","tag-justica","tag-mare-pt-pt","tag-rio-pt-pt"],"yoast_head":"<!-- This site is optimized with the Yoast SEO plugin v27.1.1 - https:\/\/yoast.com\/product\/yoast-seo-wordpress\/ -->\n<title>Um Ministro da Justi\u00e7a na Favela<\/title>\n<meta name=\"description\" content=\"No \u00faltimo dia 16 de mar\u00e7o, o Ministro da Justi\u00e7a, Fl\u00e1vio Dino foi \u00e0 favela da Mar\u00e9, na zona norte da cidade do Rio de Janeiro, para receber o \u201cBoletim\" \/>\n<meta name=\"robots\" content=\"index, follow, max-snippet:-1, max-image-preview:large, max-video-preview:-1\" \/>\n<link rel=\"canonical\" href=\"https:\/\/www.pressenza.com\/pt-pt\/2023\/04\/um-ministro-da-justica-na-favela\/\" \/>\n<meta property=\"og:locale\" content=\"pt_PT\" \/>\n<meta property=\"og:type\" content=\"article\" \/>\n<meta property=\"og:title\" content=\"Um Ministro da Justi\u00e7a na Favela\" \/>\n<meta property=\"og:description\" content=\"No \u00faltimo dia 16 de mar\u00e7o, o Ministro da Justi\u00e7a, Fl\u00e1vio Dino foi \u00e0 favela da Mar\u00e9, na zona norte da cidade do Rio de Janeiro, para receber o \u201cBoletim\" \/>\n<meta property=\"og:url\" content=\"https:\/\/www.pressenza.com\/pt-pt\/2023\/04\/um-ministro-da-justica-na-favela\/\" \/>\n<meta property=\"og:site_name\" content=\"Pressenza\" \/>\n<meta property=\"article:publisher\" content=\"https:\/\/www.facebook.com\/PressenzaItalia\" \/>\n<meta property=\"article:published_time\" content=\"2023-04-12T11:37:31+00:00\" \/>\n<meta property=\"og:image\" content=\"https:\/\/www.pressenza.com\/wp-content\/uploads\/2023\/04\/MIN-Flavio-Dinoz-Mare-Gabriela-Lino.jpg\" \/>\n\t<meta property=\"og:image:width\" content=\"1024\" \/>\n\t<meta property=\"og:image:height\" content=\"615\" \/>\n\t<meta property=\"og:image:type\" content=\"image\/jpeg\" \/>\n<meta name=\"author\" content=\"Reda\u00e7\u00e3o Rio de Janeiro\" \/>\n<meta name=\"twitter:card\" content=\"summary_large_image\" \/>\n<meta name=\"twitter:creator\" content=\"@PressenzaIPA\" \/>\n<meta name=\"twitter:site\" content=\"@PressenzaIPA\" \/>\n<meta name=\"twitter:label1\" content=\"Escrito por\" \/>\n\t<meta name=\"twitter:data1\" content=\"Reda\u00e7\u00e3o Rio de Janeiro\" \/>\n\t<meta name=\"twitter:label2\" content=\"Tempo estimado de leitura\" \/>\n\t<meta name=\"twitter:data2\" content=\"4 minutos\" \/>\n<script type=\"application\/ld+json\" class=\"yoast-schema-graph\">{\"@context\":\"https:\/\/schema.org\",\"@graph\":[{\"@type\":\"Article\",\"@id\":\"https:\/\/www.pressenza.com\/pt-pt\/2023\/04\/um-ministro-da-justica-na-favela\/#article\",\"isPartOf\":{\"@id\":\"https:\/\/www.pressenza.com\/pt-pt\/2023\/04\/um-ministro-da-justica-na-favela\/\"},\"author\":{\"name\":\"Reda\u00e7\u00e3o Rio de Janeiro\",\"@id\":\"https:\/\/www.pressenza.com\/pt-pt\/#\/schema\/person\/6925e927f8ff3a0cdb838320c5d12259\"},\"headline\":\"Um Ministro da Justi\u00e7a na Favela\",\"datePublished\":\"2023-04-12T11:37:31+00:00\",\"mainEntityOfPage\":{\"@id\":\"https:\/\/www.pressenza.com\/pt-pt\/2023\/04\/um-ministro-da-justica-na-favela\/\"},\"wordCount\":792,\"publisher\":{\"@id\":\"https:\/\/www.pressenza.com\/pt-pt\/#organization\"},\"image\":{\"@id\":\"https:\/\/www.pressenza.com\/pt-pt\/2023\/04\/um-ministro-da-justica-na-favela\/#primaryimage\"},\"thumbnailUrl\":\"https:\/\/www.pressenza.com\/wp-content\/uploads\/2023\/04\/MIN-Flavio-Dinoz-Mare-Gabriela-Lino.jpg\",\"keywords\":[\"Brasil\",\"criminaliza\u00e7\u00e3o\",\"direita\",\"favelas\",\"Fl\u00e1vio Dino\",\"inseguran\u00e7a\",\"justi\u00e7a\",\"mare\",\"Rio\"],\"articleSection\":[\"\u00c1m\u00e9rica do Sul\",\"Conte\u00fado Original\",\"Direitos Humanos\",\"Pol\u00edtica\",\"Reportagem\"],\"inLanguage\":\"pt-PT\"},{\"@type\":\"WebPage\",\"@id\":\"https:\/\/www.pressenza.com\/pt-pt\/2023\/04\/um-ministro-da-justica-na-favela\/\",\"url\":\"https:\/\/www.pressenza.com\/pt-pt\/2023\/04\/um-ministro-da-justica-na-favela\/\",\"name\":\"Um Ministro da Justi\u00e7a na Favela\",\"isPartOf\":{\"@id\":\"https:\/\/www.pressenza.com\/pt-pt\/#website\"},\"primaryImageOfPage\":{\"@id\":\"https:\/\/www.pressenza.com\/pt-pt\/2023\/04\/um-ministro-da-justica-na-favela\/#primaryimage\"},\"image\":{\"@id\":\"https:\/\/www.pressenza.com\/pt-pt\/2023\/04\/um-ministro-da-justica-na-favela\/#primaryimage\"},\"thumbnailUrl\":\"https:\/\/www.pressenza.com\/wp-content\/uploads\/2023\/04\/MIN-Flavio-Dinoz-Mare-Gabriela-Lino.jpg\",\"datePublished\":\"2023-04-12T11:37:31+00:00\",\"description\":\"No \u00faltimo dia 16 de mar\u00e7o, o Ministro da Justi\u00e7a, Fl\u00e1vio Dino foi \u00e0 favela da Mar\u00e9, na zona norte da cidade do Rio de Janeiro, para receber o \u201cBoletim\",\"breadcrumb\":{\"@id\":\"https:\/\/www.pressenza.com\/pt-pt\/2023\/04\/um-ministro-da-justica-na-favela\/#breadcrumb\"},\"inLanguage\":\"pt-PT\",\"potentialAction\":[{\"@type\":\"ReadAction\",\"target\":[\"https:\/\/www.pressenza.com\/pt-pt\/2023\/04\/um-ministro-da-justica-na-favela\/\"]}]},{\"@type\":\"ImageObject\",\"inLanguage\":\"pt-PT\",\"@id\":\"https:\/\/www.pressenza.com\/pt-pt\/2023\/04\/um-ministro-da-justica-na-favela\/#primaryimage\",\"url\":\"https:\/\/www.pressenza.com\/wp-content\/uploads\/2023\/04\/MIN-Flavio-Dinoz-Mare-Gabriela-Lino.jpg\",\"contentUrl\":\"https:\/\/www.pressenza.com\/wp-content\/uploads\/2023\/04\/MIN-Flavio-Dinoz-Mare-Gabriela-Lino.jpg\",\"width\":1024,\"height\":615},{\"@type\":\"BreadcrumbList\",\"@id\":\"https:\/\/www.pressenza.com\/pt-pt\/2023\/04\/um-ministro-da-justica-na-favela\/#breadcrumb\",\"itemListElement\":[{\"@type\":\"ListItem\",\"position\":1,\"name\":\"Accueil\",\"item\":\"https:\/\/www.pressenza.com\/pt-pt\/\"},{\"@type\":\"ListItem\",\"position\":2,\"name\":\"Um Ministro da Justi\u00e7a na Favela\"}]},{\"@type\":\"WebSite\",\"@id\":\"https:\/\/www.pressenza.com\/pt-pt\/#website\",\"url\":\"https:\/\/www.pressenza.com\/pt-pt\/\",\"name\":\"Pressenza\",\"description\":\"International Press Agency\",\"publisher\":{\"@id\":\"https:\/\/www.pressenza.com\/pt-pt\/#organization\"},\"potentialAction\":[{\"@type\":\"SearchAction\",\"target\":{\"@type\":\"EntryPoint\",\"urlTemplate\":\"https:\/\/www.pressenza.com\/pt-pt\/?s={search_term_string}\"},\"query-input\":{\"@type\":\"PropertyValueSpecification\",\"valueRequired\":true,\"valueName\":\"search_term_string\"}}],\"inLanguage\":\"pt-PT\"},{\"@type\":\"Organization\",\"@id\":\"https:\/\/www.pressenza.com\/pt-pt\/#organization\",\"name\":\"Pressenza\",\"url\":\"https:\/\/www.pressenza.com\/pt-pt\/\",\"logo\":{\"@type\":\"ImageObject\",\"inLanguage\":\"pt-PT\",\"@id\":\"https:\/\/www.pressenza.com\/pt-pt\/#\/schema\/logo\/image\/\",\"url\":\"https:\/\/www.pressenza.com\/wp-content\/uploads\/2022\/10\/pressenza_logo_200x200.jpg\",\"contentUrl\":\"https:\/\/www.pressenza.com\/wp-content\/uploads\/2022\/10\/pressenza_logo_200x200.jpg\",\"width\":200,\"height\":200,\"caption\":\"Pressenza\"},\"image\":{\"@id\":\"https:\/\/www.pressenza.com\/pt-pt\/#\/schema\/logo\/image\/\"},\"sameAs\":[\"https:\/\/www.facebook.com\/PressenzaItalia\",\"https:\/\/x.com\/PressenzaIPA\"]},{\"@type\":\"Person\",\"@id\":\"https:\/\/www.pressenza.com\/pt-pt\/#\/schema\/person\/6925e927f8ff3a0cdb838320c5d12259\",\"name\":\"Reda\u00e7\u00e3o Rio de Janeiro\",\"description\":\"News published by the Pressenza bureau in Rio de Janeiro, Brazil\",\"url\":\"https:\/\/www.pressenza.com\/pt-pt\/author\/redacao-rio-de-janeiro\/\"}]}<\/script>\n<!-- \/ Yoast SEO plugin. -->","yoast_head_json":{"title":"Um Ministro da Justi\u00e7a na Favela","description":"No \u00faltimo dia 16 de mar\u00e7o, o Ministro da Justi\u00e7a, Fl\u00e1vio Dino foi \u00e0 favela da Mar\u00e9, na zona norte da cidade do Rio de Janeiro, para receber o \u201cBoletim","robots":{"index":"index","follow":"follow","max-snippet":"max-snippet:-1","max-image-preview":"max-image-preview:large","max-video-preview":"max-video-preview:-1"},"canonical":"https:\/\/www.pressenza.com\/pt-pt\/2023\/04\/um-ministro-da-justica-na-favela\/","og_locale":"pt_PT","og_type":"article","og_title":"Um Ministro da Justi\u00e7a na Favela","og_description":"No \u00faltimo dia 16 de mar\u00e7o, o Ministro da Justi\u00e7a, Fl\u00e1vio Dino foi \u00e0 favela da Mar\u00e9, na zona norte da cidade do Rio de Janeiro, para receber o \u201cBoletim","og_url":"https:\/\/www.pressenza.com\/pt-pt\/2023\/04\/um-ministro-da-justica-na-favela\/","og_site_name":"Pressenza","article_publisher":"https:\/\/www.facebook.com\/PressenzaItalia","article_published_time":"2023-04-12T11:37:31+00:00","og_image":[{"width":1024,"height":615,"url":"https:\/\/www.pressenza.com\/wp-content\/uploads\/2023\/04\/MIN-Flavio-Dinoz-Mare-Gabriela-Lino.jpg","type":"image\/jpeg"}],"author":"Reda\u00e7\u00e3o Rio de Janeiro","twitter_card":"summary_large_image","twitter_creator":"@PressenzaIPA","twitter_site":"@PressenzaIPA","twitter_misc":{"Escrito por":"Reda\u00e7\u00e3o Rio de Janeiro","Tempo estimado de leitura":"4 minutos"},"schema":{"@context":"https:\/\/schema.org","@graph":[{"@type":"Article","@id":"https:\/\/www.pressenza.com\/pt-pt\/2023\/04\/um-ministro-da-justica-na-favela\/#article","isPartOf":{"@id":"https:\/\/www.pressenza.com\/pt-pt\/2023\/04\/um-ministro-da-justica-na-favela\/"},"author":{"name":"Reda\u00e7\u00e3o Rio de Janeiro","@id":"https:\/\/www.pressenza.com\/pt-pt\/#\/schema\/person\/6925e927f8ff3a0cdb838320c5d12259"},"headline":"Um Ministro da Justi\u00e7a na Favela","datePublished":"2023-04-12T11:37:31+00:00","mainEntityOfPage":{"@id":"https:\/\/www.pressenza.com\/pt-pt\/2023\/04\/um-ministro-da-justica-na-favela\/"},"wordCount":792,"publisher":{"@id":"https:\/\/www.pressenza.com\/pt-pt\/#organization"},"image":{"@id":"https:\/\/www.pressenza.com\/pt-pt\/2023\/04\/um-ministro-da-justica-na-favela\/#primaryimage"},"thumbnailUrl":"https:\/\/www.pressenza.com\/wp-content\/uploads\/2023\/04\/MIN-Flavio-Dinoz-Mare-Gabriela-Lino.jpg","keywords":["Brasil","criminaliza\u00e7\u00e3o","direita","favelas","Fl\u00e1vio Dino","inseguran\u00e7a","justi\u00e7a","mare","Rio"],"articleSection":["\u00c1m\u00e9rica do Sul","Conte\u00fado Original","Direitos Humanos","Pol\u00edtica","Reportagem"],"inLanguage":"pt-PT"},{"@type":"WebPage","@id":"https:\/\/www.pressenza.com\/pt-pt\/2023\/04\/um-ministro-da-justica-na-favela\/","url":"https:\/\/www.pressenza.com\/pt-pt\/2023\/04\/um-ministro-da-justica-na-favela\/","name":"Um Ministro da Justi\u00e7a na Favela","isPartOf":{"@id":"https:\/\/www.pressenza.com\/pt-pt\/#website"},"primaryImageOfPage":{"@id":"https:\/\/www.pressenza.com\/pt-pt\/2023\/04\/um-ministro-da-justica-na-favela\/#primaryimage"},"image":{"@id":"https:\/\/www.pressenza.com\/pt-pt\/2023\/04\/um-ministro-da-justica-na-favela\/#primaryimage"},"thumbnailUrl":"https:\/\/www.pressenza.com\/wp-content\/uploads\/2023\/04\/MIN-Flavio-Dinoz-Mare-Gabriela-Lino.jpg","datePublished":"2023-04-12T11:37:31+00:00","description":"No \u00faltimo dia 16 de mar\u00e7o, o Ministro da Justi\u00e7a, Fl\u00e1vio Dino foi \u00e0 favela da Mar\u00e9, na zona norte da cidade do Rio de Janeiro, para receber o \u201cBoletim","breadcrumb":{"@id":"https:\/\/www.pressenza.com\/pt-pt\/2023\/04\/um-ministro-da-justica-na-favela\/#breadcrumb"},"inLanguage":"pt-PT","potentialAction":[{"@type":"ReadAction","target":["https:\/\/www.pressenza.com\/pt-pt\/2023\/04\/um-ministro-da-justica-na-favela\/"]}]},{"@type":"ImageObject","inLanguage":"pt-PT","@id":"https:\/\/www.pressenza.com\/pt-pt\/2023\/04\/um-ministro-da-justica-na-favela\/#primaryimage","url":"https:\/\/www.pressenza.com\/wp-content\/uploads\/2023\/04\/MIN-Flavio-Dinoz-Mare-Gabriela-Lino.jpg","contentUrl":"https:\/\/www.pressenza.com\/wp-content\/uploads\/2023\/04\/MIN-Flavio-Dinoz-Mare-Gabriela-Lino.jpg","width":1024,"height":615},{"@type":"BreadcrumbList","@id":"https:\/\/www.pressenza.com\/pt-pt\/2023\/04\/um-ministro-da-justica-na-favela\/#breadcrumb","itemListElement":[{"@type":"ListItem","position":1,"name":"Accueil","item":"https:\/\/www.pressenza.com\/pt-pt\/"},{"@type":"ListItem","position":2,"name":"Um Ministro da Justi\u00e7a na Favela"}]},{"@type":"WebSite","@id":"https:\/\/www.pressenza.com\/pt-pt\/#website","url":"https:\/\/www.pressenza.com\/pt-pt\/","name":"Pressenza","description":"International Press Agency","publisher":{"@id":"https:\/\/www.pressenza.com\/pt-pt\/#organization"},"potentialAction":[{"@type":"SearchAction","target":{"@type":"EntryPoint","urlTemplate":"https:\/\/www.pressenza.com\/pt-pt\/?s={search_term_string}"},"query-input":{"@type":"PropertyValueSpecification","valueRequired":true,"valueName":"search_term_string"}}],"inLanguage":"pt-PT"},{"@type":"Organization","@id":"https:\/\/www.pressenza.com\/pt-pt\/#organization","name":"Pressenza","url":"https:\/\/www.pressenza.com\/pt-pt\/","logo":{"@type":"ImageObject","inLanguage":"pt-PT","@id":"https:\/\/www.pressenza.com\/pt-pt\/#\/schema\/logo\/image\/","url":"https:\/\/www.pressenza.com\/wp-content\/uploads\/2022\/10\/pressenza_logo_200x200.jpg","contentUrl":"https:\/\/www.pressenza.com\/wp-content\/uploads\/2022\/10\/pressenza_logo_200x200.jpg","width":200,"height":200,"caption":"Pressenza"},"image":{"@id":"https:\/\/www.pressenza.com\/pt-pt\/#\/schema\/logo\/image\/"},"sameAs":["https:\/\/www.facebook.com\/PressenzaItalia","https:\/\/x.com\/PressenzaIPA"]},{"@type":"Person","@id":"https:\/\/www.pressenza.com\/pt-pt\/#\/schema\/person\/6925e927f8ff3a0cdb838320c5d12259","name":"Reda\u00e7\u00e3o Rio de Janeiro","description":"News published by the Pressenza bureau in Rio de Janeiro, Brazil","url":"https:\/\/www.pressenza.com\/pt-pt\/author\/redacao-rio-de-janeiro\/"}]}},"place":"Favela da Mar\u00e9, Rio de Janeiro","original_article_url":"","_links":{"self":[{"href":"https:\/\/www.pressenza.com\/pt-pt\/wp-json\/wp\/v2\/posts\/1732532","targetHints":{"allow":["GET"]}}],"collection":[{"href":"https:\/\/www.pressenza.com\/pt-pt\/wp-json\/wp\/v2\/posts"}],"about":[{"href":"https:\/\/www.pressenza.com\/pt-pt\/wp-json\/wp\/v2\/types\/post"}],"author":[{"embeddable":true,"href":"https:\/\/www.pressenza.com\/pt-pt\/wp-json\/wp\/v2\/users\/1685"}],"replies":[{"embeddable":true,"href":"https:\/\/www.pressenza.com\/pt-pt\/wp-json\/wp\/v2\/comments?post=1732532"}],"version-history":[{"count":0,"href":"https:\/\/www.pressenza.com\/pt-pt\/wp-json\/wp\/v2\/posts\/1732532\/revisions"}],"wp:featuredmedia":[{"embeddable":true,"href":"https:\/\/www.pressenza.com\/pt-pt\/wp-json\/wp\/v2\/media\/1732533"}],"wp:attachment":[{"href":"https:\/\/www.pressenza.com\/pt-pt\/wp-json\/wp\/v2\/media?parent=1732532"}],"wp:term":[{"taxonomy":"category","embeddable":true,"href":"https:\/\/www.pressenza.com\/pt-pt\/wp-json\/wp\/v2\/categories?post=1732532"},{"taxonomy":"post_tag","embeddable":true,"href":"https:\/\/www.pressenza.com\/pt-pt\/wp-json\/wp\/v2\/tags?post=1732532"}],"curies":[{"name":"wp","href":"https:\/\/api.w.org\/{rel}","templated":true}]}}