{"id":1717516,"date":"2023-02-16T14:18:11","date_gmt":"2023-02-16T14:18:11","guid":{"rendered":"https:\/\/www.pressenza.com\/?p=1717516"},"modified":"2023-02-16T14:18:11","modified_gmt":"2023-02-16T14:18:11","slug":"instituto-marielle-franco-convida-publico-e-organizacoes-para-cadastrar-atividades-no-marco-por-marielle-e-anderson-5-anos-sem-resposta","status":"publish","type":"post","link":"https:\/\/www.pressenza.com\/pt-pt\/2023\/02\/instituto-marielle-franco-convida-publico-e-organizacoes-para-cadastrar-atividades-no-marco-por-marielle-e-anderson-5-anos-sem-resposta\/","title":{"rendered":"Instituto Marielle Franco convida p\u00fablico e organiza\u00e7\u00f5es para cadastrar atividades no \u201cMar\u00e7o por Marielle e Anderson &#8211; 5 anos sem resposta\u201d"},"content":{"rendered":"<h5><span style=\"color: #999999;\">POL\u00cdTICA<\/span><\/h5>\n<p><em><strong>Por Alessandra Costa<\/strong><\/em><\/p>\n<p>&nbsp;<\/p>\n<h1 style=\"text-align: center;\">As atividades de \u201cMar\u00e7o por Marielle e Anderson &#8211; 5 anos sem resposta\u201d v\u00e3o acontecer durante o m\u00eas de mar\u00e7o. A proposta \u00e9 ter intensa participa\u00e7\u00e3o popular nas atividades ofertadas.<\/h1>\n<p>&nbsp;<\/p>\n<h5 dir=\"ltr\">No pr\u00f3ximo dia 14 de mar\u00e7o completam 5 anos que a Vereadora Marielle Franco e de seu motorista Anderson Gomes foram brutalmente assassinados. Diante de mais um ano sem respostas sobre quem mandou matar Marielle e porqu\u00ea,\u00a0 o Instituto Marielle Franco, dirigido e criado pela fam\u00edlia da vereadora, vai realizar uma s\u00e9rie de a\u00e7\u00f5es durante o m\u00eas de mar\u00e7o, o Mar\u00e7o por Marielle e Anderson.<\/h5>\n<p dir=\"ltr\">As atividades do\u00a0 \u201cMar\u00e7o por Marielle e Anderson &#8211; 5 anos sem resposta\u201d, v\u00e3o fazer parte de uma agenda colaborativa que tem como objetivo reafirmar a luta por justi\u00e7a no caso que parou o Brasil e que ainda n\u00e3o foi solucionado. Para isso, conta com uma intensa participa\u00e7\u00e3o popular em atividades diversas e gratuitas, como a\u00e7\u00f5es nas ruas, lives, v\u00eddeos, rodas de conversa e todo tipo de proposta que agregue a troca e o conhecimento em prol do legado da ex-vereadora.<\/p>\n<p dir=\"ltr\">As a\u00e7\u00f5es em homenagem \u00e0 Marielle e Anderson e de pedido de justi\u00e7a pela meia d\u00e9cada,\u00a0 podem ser cadastradas por qualquer pessoa, institui\u00e7\u00e3o ou organiza\u00e7\u00e3o no site <a href=\"https:\/\/www.institutomariellefranco.org\/5-anos\" target=\"_blank\" rel=\"noopener\" data-saferedirecturl=\"https:\/\/www.google.com\/url?q=https:\/\/www.institutomariellefranco.org\/5-anos&amp;source=gmail&amp;ust=1676643126616000&amp;usg=AOvVaw3xk7Fq0kiI0nHmBNqxJsGa\">https:\/\/www.<wbr \/>institutomariellefranco.org\/5-<wbr \/>anos<\/a>.\u00a0 Realizado desde 2019, \u201cMar\u00e7o por Marielle e Anderson\u201d j\u00e1 mobilizou milhares de pessoas, com centenas de a\u00e7\u00f5es pelo mundo. Entre os feitos alcan\u00e7ados est\u00e1 a Casa Marielle, um espa\u00e7o de resist\u00eancia e mem\u00f3ria, onde s\u00e3o realizados encontros do Instituto com discuss\u00f5es relevantes sobre o espa\u00e7o das pessoas negras, LGBTQIA+ e perif\u00e9ricas na sociedade.<\/p>\n<p>&nbsp;<\/p>\n","protected":false},"excerpt":{"rendered":"<p>POL\u00cdTICA Por Alessandra Costa &nbsp; As atividades de \u201cMar\u00e7o por Marielle e Anderson &#8211; 5 anos sem resposta\u201d v\u00e3o acontecer durante o m\u00eas de mar\u00e7o. A proposta \u00e9 ter intensa participa\u00e7\u00e3o popular nas atividades ofertadas. &nbsp; No pr\u00f3ximo dia 14&hellip;<\/p>\n","protected":false},"author":1685,"featured_media":1717517,"comment_status":"closed","ping_status":"closed","sticky":false,"template":"","format":"standard","meta":{"footnotes":""},"categories":[104,11390,116,153,111],"tags":[35618],"class_list":["post-1717516","post","type-post","status-publish","format-standard","has-post-thumbnail","hentry","category-america-do-sul","category-conteudo-original","category-direitos-humanos","category-nota-de-imprensa","category-politica-pt-pt","tag-marielle-franco"],"yoast_head":"<!-- This site is optimized with the Yoast SEO plugin v27.1.1 - https:\/\/yoast.com\/product\/yoast-seo-wordpress\/ -->\n<title>Instituto Marielle Franco convida p\u00fablico e organiza\u00e7\u00f5es para cadastrar atividades no \u201cMar\u00e7o por Marielle e Anderson - 5 anos sem resposta\u201d<\/title>\n<meta name=\"description\" content=\"POL\u00cdTICA Por Alessandra Costa &nbsp; As atividades de \u201cMar\u00e7o por Marielle e Anderson - 5 anos sem resposta\u201d v\u00e3o acontecer durante o m\u00eas de mar\u00e7o. A\" \/>\n<meta name=\"robots\" content=\"index, follow, max-snippet:-1, max-image-preview:large, max-video-preview:-1\" \/>\n<link rel=\"canonical\" href=\"https:\/\/www.pressenza.com\/pt-pt\/2023\/02\/instituto-marielle-franco-convida-publico-e-organizacoes-para-cadastrar-atividades-no-marco-por-marielle-e-anderson-5-anos-sem-resposta\/\" \/>\n<meta property=\"og:locale\" content=\"pt_PT\" \/>\n<meta property=\"og:type\" content=\"article\" \/>\n<meta property=\"og:title\" content=\"Instituto Marielle Franco convida p\u00fablico e organiza\u00e7\u00f5es para cadastrar atividades no \u201cMar\u00e7o por Marielle e Anderson - 5 anos sem resposta\u201d\" \/>\n<meta property=\"og:description\" content=\"POL\u00cdTICA Por Alessandra Costa &nbsp; As atividades de \u201cMar\u00e7o por Marielle e Anderson - 5 anos sem resposta\u201d v\u00e3o acontecer durante o m\u00eas de mar\u00e7o. A\" \/>\n<meta property=\"og:url\" content=\"https:\/\/www.pressenza.com\/pt-pt\/2023\/02\/instituto-marielle-franco-convida-publico-e-organizacoes-para-cadastrar-atividades-no-marco-por-marielle-e-anderson-5-anos-sem-resposta\/\" \/>\n<meta property=\"og:site_name\" content=\"Pressenza\" \/>\n<meta property=\"article:publisher\" content=\"https:\/\/www.facebook.com\/PressenzaItalia\" \/>\n<meta property=\"article:published_time\" content=\"2023-02-16T14:18:11+00:00\" \/>\n<meta property=\"og:image\" content=\"https:\/\/www.pressenza.com\/wp-content\/uploads\/2023\/02\/nayani-teixeira-b2sIqkFeiy0-unsplash.jpg\" \/>\n\t<meta property=\"og:image:width\" content=\"1920\" \/>\n\t<meta property=\"og:image:height\" content=\"1280\" \/>\n\t<meta property=\"og:image:type\" content=\"image\/jpeg\" \/>\n<meta name=\"author\" content=\"Reda\u00e7\u00e3o Rio de Janeiro\" \/>\n<meta name=\"twitter:card\" content=\"summary_large_image\" \/>\n<meta name=\"twitter:creator\" content=\"@PressenzaIPA\" \/>\n<meta name=\"twitter:site\" content=\"@PressenzaIPA\" \/>\n<meta name=\"twitter:label1\" content=\"Escrito por\" \/>\n\t<meta name=\"twitter:data1\" content=\"Reda\u00e7\u00e3o Rio de Janeiro\" \/>\n\t<meta name=\"twitter:label2\" content=\"Tempo estimado de leitura\" \/>\n\t<meta name=\"twitter:data2\" content=\"2 minutos\" \/>\n<script type=\"application\/ld+json\" class=\"yoast-schema-graph\">{\"@context\":\"https:\/\/schema.org\",\"@graph\":[{\"@type\":\"Article\",\"@id\":\"https:\/\/www.pressenza.com\/pt-pt\/2023\/02\/instituto-marielle-franco-convida-publico-e-organizacoes-para-cadastrar-atividades-no-marco-por-marielle-e-anderson-5-anos-sem-resposta\/#article\",\"isPartOf\":{\"@id\":\"https:\/\/www.pressenza.com\/pt-pt\/2023\/02\/instituto-marielle-franco-convida-publico-e-organizacoes-para-cadastrar-atividades-no-marco-por-marielle-e-anderson-5-anos-sem-resposta\/\"},\"author\":{\"name\":\"Reda\u00e7\u00e3o Rio de Janeiro\",\"@id\":\"https:\/\/www.pressenza.com\/pt-pt\/#\/schema\/person\/6925e927f8ff3a0cdb838320c5d12259\"},\"headline\":\"Instituto Marielle Franco convida p\u00fablico e organiza\u00e7\u00f5es para cadastrar atividades no \u201cMar\u00e7o por Marielle e Anderson &#8211; 5 anos sem resposta\u201d\",\"datePublished\":\"2023-02-16T14:18:11+00:00\",\"mainEntityOfPage\":{\"@id\":\"https:\/\/www.pressenza.com\/pt-pt\/2023\/02\/instituto-marielle-franco-convida-publico-e-organizacoes-para-cadastrar-atividades-no-marco-por-marielle-e-anderson-5-anos-sem-resposta\/\"},\"wordCount\":320,\"publisher\":{\"@id\":\"https:\/\/www.pressenza.com\/pt-pt\/#organization\"},\"image\":{\"@id\":\"https:\/\/www.pressenza.com\/pt-pt\/2023\/02\/instituto-marielle-franco-convida-publico-e-organizacoes-para-cadastrar-atividades-no-marco-por-marielle-e-anderson-5-anos-sem-resposta\/#primaryimage\"},\"thumbnailUrl\":\"https:\/\/www.pressenza.com\/wp-content\/uploads\/2023\/02\/nayani-teixeira-b2sIqkFeiy0-unsplash.jpg\",\"keywords\":[\"Marielle Franco\"],\"articleSection\":[\"\u00c1m\u00e9rica do Sul\",\"Conte\u00fado Original\",\"Direitos Humanos\",\"Nota de imprensa\",\"Pol\u00edtica\"],\"inLanguage\":\"pt-PT\"},{\"@type\":\"WebPage\",\"@id\":\"https:\/\/www.pressenza.com\/pt-pt\/2023\/02\/instituto-marielle-franco-convida-publico-e-organizacoes-para-cadastrar-atividades-no-marco-por-marielle-e-anderson-5-anos-sem-resposta\/\",\"url\":\"https:\/\/www.pressenza.com\/pt-pt\/2023\/02\/instituto-marielle-franco-convida-publico-e-organizacoes-para-cadastrar-atividades-no-marco-por-marielle-e-anderson-5-anos-sem-resposta\/\",\"name\":\"Instituto Marielle Franco convida p\u00fablico e organiza\u00e7\u00f5es para cadastrar atividades no \u201cMar\u00e7o por Marielle e Anderson - 5 anos sem resposta\u201d\",\"isPartOf\":{\"@id\":\"https:\/\/www.pressenza.com\/pt-pt\/#website\"},\"primaryImageOfPage\":{\"@id\":\"https:\/\/www.pressenza.com\/pt-pt\/2023\/02\/instituto-marielle-franco-convida-publico-e-organizacoes-para-cadastrar-atividades-no-marco-por-marielle-e-anderson-5-anos-sem-resposta\/#primaryimage\"},\"image\":{\"@id\":\"https:\/\/www.pressenza.com\/pt-pt\/2023\/02\/instituto-marielle-franco-convida-publico-e-organizacoes-para-cadastrar-atividades-no-marco-por-marielle-e-anderson-5-anos-sem-resposta\/#primaryimage\"},\"thumbnailUrl\":\"https:\/\/www.pressenza.com\/wp-content\/uploads\/2023\/02\/nayani-teixeira-b2sIqkFeiy0-unsplash.jpg\",\"datePublished\":\"2023-02-16T14:18:11+00:00\",\"description\":\"POL\u00cdTICA Por Alessandra Costa &nbsp; As atividades de \u201cMar\u00e7o por Marielle e Anderson - 5 anos sem resposta\u201d v\u00e3o acontecer durante o m\u00eas de mar\u00e7o. A\",\"breadcrumb\":{\"@id\":\"https:\/\/www.pressenza.com\/pt-pt\/2023\/02\/instituto-marielle-franco-convida-publico-e-organizacoes-para-cadastrar-atividades-no-marco-por-marielle-e-anderson-5-anos-sem-resposta\/#breadcrumb\"},\"inLanguage\":\"pt-PT\",\"potentialAction\":[{\"@type\":\"ReadAction\",\"target\":[\"https:\/\/www.pressenza.com\/pt-pt\/2023\/02\/instituto-marielle-franco-convida-publico-e-organizacoes-para-cadastrar-atividades-no-marco-por-marielle-e-anderson-5-anos-sem-resposta\/\"]}]},{\"@type\":\"ImageObject\",\"inLanguage\":\"pt-PT\",\"@id\":\"https:\/\/www.pressenza.com\/pt-pt\/2023\/02\/instituto-marielle-franco-convida-publico-e-organizacoes-para-cadastrar-atividades-no-marco-por-marielle-e-anderson-5-anos-sem-resposta\/#primaryimage\",\"url\":\"https:\/\/www.pressenza.com\/wp-content\/uploads\/2023\/02\/nayani-teixeira-b2sIqkFeiy0-unsplash.jpg\",\"contentUrl\":\"https:\/\/www.pressenza.com\/wp-content\/uploads\/2023\/02\/nayani-teixeira-b2sIqkFeiy0-unsplash.jpg\",\"width\":1920,\"height\":1280},{\"@type\":\"BreadcrumbList\",\"@id\":\"https:\/\/www.pressenza.com\/pt-pt\/2023\/02\/instituto-marielle-franco-convida-publico-e-organizacoes-para-cadastrar-atividades-no-marco-por-marielle-e-anderson-5-anos-sem-resposta\/#breadcrumb\",\"itemListElement\":[{\"@type\":\"ListItem\",\"position\":1,\"name\":\"Accueil\",\"item\":\"https:\/\/www.pressenza.com\/pt-pt\/\"},{\"@type\":\"ListItem\",\"position\":2,\"name\":\"Instituto Marielle Franco convida p\u00fablico e organiza\u00e7\u00f5es para cadastrar atividades no \u201cMar\u00e7o por Marielle e Anderson &#8211; 5 anos sem resposta\u201d\"}]},{\"@type\":\"WebSite\",\"@id\":\"https:\/\/www.pressenza.com\/pt-pt\/#website\",\"url\":\"https:\/\/www.pressenza.com\/pt-pt\/\",\"name\":\"Pressenza\",\"description\":\"International Press Agency\",\"publisher\":{\"@id\":\"https:\/\/www.pressenza.com\/pt-pt\/#organization\"},\"potentialAction\":[{\"@type\":\"SearchAction\",\"target\":{\"@type\":\"EntryPoint\",\"urlTemplate\":\"https:\/\/www.pressenza.com\/pt-pt\/?s={search_term_string}\"},\"query-input\":{\"@type\":\"PropertyValueSpecification\",\"valueRequired\":true,\"valueName\":\"search_term_string\"}}],\"inLanguage\":\"pt-PT\"},{\"@type\":\"Organization\",\"@id\":\"https:\/\/www.pressenza.com\/pt-pt\/#organization\",\"name\":\"Pressenza\",\"url\":\"https:\/\/www.pressenza.com\/pt-pt\/\",\"logo\":{\"@type\":\"ImageObject\",\"inLanguage\":\"pt-PT\",\"@id\":\"https:\/\/www.pressenza.com\/pt-pt\/#\/schema\/logo\/image\/\",\"url\":\"https:\/\/www.pressenza.com\/wp-content\/uploads\/2022\/10\/pressenza_logo_200x200.jpg\",\"contentUrl\":\"https:\/\/www.pressenza.com\/wp-content\/uploads\/2022\/10\/pressenza_logo_200x200.jpg\",\"width\":200,\"height\":200,\"caption\":\"Pressenza\"},\"image\":{\"@id\":\"https:\/\/www.pressenza.com\/pt-pt\/#\/schema\/logo\/image\/\"},\"sameAs\":[\"https:\/\/www.facebook.com\/PressenzaItalia\",\"https:\/\/x.com\/PressenzaIPA\"]},{\"@type\":\"Person\",\"@id\":\"https:\/\/www.pressenza.com\/pt-pt\/#\/schema\/person\/6925e927f8ff3a0cdb838320c5d12259\",\"name\":\"Reda\u00e7\u00e3o Rio de Janeiro\",\"description\":\"News published by the Pressenza bureau in Rio de Janeiro, Brazil\",\"url\":\"https:\/\/www.pressenza.com\/pt-pt\/author\/redacao-rio-de-janeiro\/\"}]}<\/script>\n<!-- \/ Yoast SEO plugin. -->","yoast_head_json":{"title":"Instituto Marielle Franco convida p\u00fablico e organiza\u00e7\u00f5es para cadastrar atividades no \u201cMar\u00e7o por Marielle e Anderson - 5 anos sem resposta\u201d","description":"POL\u00cdTICA Por Alessandra Costa &nbsp; As atividades de \u201cMar\u00e7o por Marielle e Anderson - 5 anos sem resposta\u201d v\u00e3o acontecer durante o m\u00eas de mar\u00e7o. A","robots":{"index":"index","follow":"follow","max-snippet":"max-snippet:-1","max-image-preview":"max-image-preview:large","max-video-preview":"max-video-preview:-1"},"canonical":"https:\/\/www.pressenza.com\/pt-pt\/2023\/02\/instituto-marielle-franco-convida-publico-e-organizacoes-para-cadastrar-atividades-no-marco-por-marielle-e-anderson-5-anos-sem-resposta\/","og_locale":"pt_PT","og_type":"article","og_title":"Instituto Marielle Franco convida p\u00fablico e organiza\u00e7\u00f5es para cadastrar atividades no \u201cMar\u00e7o por Marielle e Anderson - 5 anos sem resposta\u201d","og_description":"POL\u00cdTICA Por Alessandra Costa &nbsp; As atividades de \u201cMar\u00e7o por Marielle e Anderson - 5 anos sem resposta\u201d v\u00e3o acontecer durante o m\u00eas de mar\u00e7o. A","og_url":"https:\/\/www.pressenza.com\/pt-pt\/2023\/02\/instituto-marielle-franco-convida-publico-e-organizacoes-para-cadastrar-atividades-no-marco-por-marielle-e-anderson-5-anos-sem-resposta\/","og_site_name":"Pressenza","article_publisher":"https:\/\/www.facebook.com\/PressenzaItalia","article_published_time":"2023-02-16T14:18:11+00:00","og_image":[{"width":1920,"height":1280,"url":"https:\/\/www.pressenza.com\/wp-content\/uploads\/2023\/02\/nayani-teixeira-b2sIqkFeiy0-unsplash.jpg","type":"image\/jpeg"}],"author":"Reda\u00e7\u00e3o Rio de Janeiro","twitter_card":"summary_large_image","twitter_creator":"@PressenzaIPA","twitter_site":"@PressenzaIPA","twitter_misc":{"Escrito por":"Reda\u00e7\u00e3o Rio de Janeiro","Tempo estimado de leitura":"2 minutos"},"schema":{"@context":"https:\/\/schema.org","@graph":[{"@type":"Article","@id":"https:\/\/www.pressenza.com\/pt-pt\/2023\/02\/instituto-marielle-franco-convida-publico-e-organizacoes-para-cadastrar-atividades-no-marco-por-marielle-e-anderson-5-anos-sem-resposta\/#article","isPartOf":{"@id":"https:\/\/www.pressenza.com\/pt-pt\/2023\/02\/instituto-marielle-franco-convida-publico-e-organizacoes-para-cadastrar-atividades-no-marco-por-marielle-e-anderson-5-anos-sem-resposta\/"},"author":{"name":"Reda\u00e7\u00e3o Rio de Janeiro","@id":"https:\/\/www.pressenza.com\/pt-pt\/#\/schema\/person\/6925e927f8ff3a0cdb838320c5d12259"},"headline":"Instituto Marielle Franco convida p\u00fablico e organiza\u00e7\u00f5es para cadastrar atividades no \u201cMar\u00e7o por Marielle e Anderson &#8211; 5 anos sem resposta\u201d","datePublished":"2023-02-16T14:18:11+00:00","mainEntityOfPage":{"@id":"https:\/\/www.pressenza.com\/pt-pt\/2023\/02\/instituto-marielle-franco-convida-publico-e-organizacoes-para-cadastrar-atividades-no-marco-por-marielle-e-anderson-5-anos-sem-resposta\/"},"wordCount":320,"publisher":{"@id":"https:\/\/www.pressenza.com\/pt-pt\/#organization"},"image":{"@id":"https:\/\/www.pressenza.com\/pt-pt\/2023\/02\/instituto-marielle-franco-convida-publico-e-organizacoes-para-cadastrar-atividades-no-marco-por-marielle-e-anderson-5-anos-sem-resposta\/#primaryimage"},"thumbnailUrl":"https:\/\/www.pressenza.com\/wp-content\/uploads\/2023\/02\/nayani-teixeira-b2sIqkFeiy0-unsplash.jpg","keywords":["Marielle Franco"],"articleSection":["\u00c1m\u00e9rica do Sul","Conte\u00fado Original","Direitos Humanos","Nota de imprensa","Pol\u00edtica"],"inLanguage":"pt-PT"},{"@type":"WebPage","@id":"https:\/\/www.pressenza.com\/pt-pt\/2023\/02\/instituto-marielle-franco-convida-publico-e-organizacoes-para-cadastrar-atividades-no-marco-por-marielle-e-anderson-5-anos-sem-resposta\/","url":"https:\/\/www.pressenza.com\/pt-pt\/2023\/02\/instituto-marielle-franco-convida-publico-e-organizacoes-para-cadastrar-atividades-no-marco-por-marielle-e-anderson-5-anos-sem-resposta\/","name":"Instituto Marielle Franco convida p\u00fablico e organiza\u00e7\u00f5es para cadastrar atividades no \u201cMar\u00e7o por Marielle e Anderson - 5 anos sem resposta\u201d","isPartOf":{"@id":"https:\/\/www.pressenza.com\/pt-pt\/#website"},"primaryImageOfPage":{"@id":"https:\/\/www.pressenza.com\/pt-pt\/2023\/02\/instituto-marielle-franco-convida-publico-e-organizacoes-para-cadastrar-atividades-no-marco-por-marielle-e-anderson-5-anos-sem-resposta\/#primaryimage"},"image":{"@id":"https:\/\/www.pressenza.com\/pt-pt\/2023\/02\/instituto-marielle-franco-convida-publico-e-organizacoes-para-cadastrar-atividades-no-marco-por-marielle-e-anderson-5-anos-sem-resposta\/#primaryimage"},"thumbnailUrl":"https:\/\/www.pressenza.com\/wp-content\/uploads\/2023\/02\/nayani-teixeira-b2sIqkFeiy0-unsplash.jpg","datePublished":"2023-02-16T14:18:11+00:00","description":"POL\u00cdTICA Por Alessandra Costa &nbsp; As atividades de \u201cMar\u00e7o por Marielle e Anderson - 5 anos sem resposta\u201d v\u00e3o acontecer durante o m\u00eas de mar\u00e7o. A","breadcrumb":{"@id":"https:\/\/www.pressenza.com\/pt-pt\/2023\/02\/instituto-marielle-franco-convida-publico-e-organizacoes-para-cadastrar-atividades-no-marco-por-marielle-e-anderson-5-anos-sem-resposta\/#breadcrumb"},"inLanguage":"pt-PT","potentialAction":[{"@type":"ReadAction","target":["https:\/\/www.pressenza.com\/pt-pt\/2023\/02\/instituto-marielle-franco-convida-publico-e-organizacoes-para-cadastrar-atividades-no-marco-por-marielle-e-anderson-5-anos-sem-resposta\/"]}]},{"@type":"ImageObject","inLanguage":"pt-PT","@id":"https:\/\/www.pressenza.com\/pt-pt\/2023\/02\/instituto-marielle-franco-convida-publico-e-organizacoes-para-cadastrar-atividades-no-marco-por-marielle-e-anderson-5-anos-sem-resposta\/#primaryimage","url":"https:\/\/www.pressenza.com\/wp-content\/uploads\/2023\/02\/nayani-teixeira-b2sIqkFeiy0-unsplash.jpg","contentUrl":"https:\/\/www.pressenza.com\/wp-content\/uploads\/2023\/02\/nayani-teixeira-b2sIqkFeiy0-unsplash.jpg","width":1920,"height":1280},{"@type":"BreadcrumbList","@id":"https:\/\/www.pressenza.com\/pt-pt\/2023\/02\/instituto-marielle-franco-convida-publico-e-organizacoes-para-cadastrar-atividades-no-marco-por-marielle-e-anderson-5-anos-sem-resposta\/#breadcrumb","itemListElement":[{"@type":"ListItem","position":1,"name":"Accueil","item":"https:\/\/www.pressenza.com\/pt-pt\/"},{"@type":"ListItem","position":2,"name":"Instituto Marielle Franco convida p\u00fablico e organiza\u00e7\u00f5es para cadastrar atividades no \u201cMar\u00e7o por Marielle e Anderson &#8211; 5 anos sem resposta\u201d"}]},{"@type":"WebSite","@id":"https:\/\/www.pressenza.com\/pt-pt\/#website","url":"https:\/\/www.pressenza.com\/pt-pt\/","name":"Pressenza","description":"International Press Agency","publisher":{"@id":"https:\/\/www.pressenza.com\/pt-pt\/#organization"},"potentialAction":[{"@type":"SearchAction","target":{"@type":"EntryPoint","urlTemplate":"https:\/\/www.pressenza.com\/pt-pt\/?s={search_term_string}"},"query-input":{"@type":"PropertyValueSpecification","valueRequired":true,"valueName":"search_term_string"}}],"inLanguage":"pt-PT"},{"@type":"Organization","@id":"https:\/\/www.pressenza.com\/pt-pt\/#organization","name":"Pressenza","url":"https:\/\/www.pressenza.com\/pt-pt\/","logo":{"@type":"ImageObject","inLanguage":"pt-PT","@id":"https:\/\/www.pressenza.com\/pt-pt\/#\/schema\/logo\/image\/","url":"https:\/\/www.pressenza.com\/wp-content\/uploads\/2022\/10\/pressenza_logo_200x200.jpg","contentUrl":"https:\/\/www.pressenza.com\/wp-content\/uploads\/2022\/10\/pressenza_logo_200x200.jpg","width":200,"height":200,"caption":"Pressenza"},"image":{"@id":"https:\/\/www.pressenza.com\/pt-pt\/#\/schema\/logo\/image\/"},"sameAs":["https:\/\/www.facebook.com\/PressenzaItalia","https:\/\/x.com\/PressenzaIPA"]},{"@type":"Person","@id":"https:\/\/www.pressenza.com\/pt-pt\/#\/schema\/person\/6925e927f8ff3a0cdb838320c5d12259","name":"Reda\u00e7\u00e3o Rio de Janeiro","description":"News published by the Pressenza bureau in Rio de Janeiro, Brazil","url":"https:\/\/www.pressenza.com\/pt-pt\/author\/redacao-rio-de-janeiro\/"}]}},"place":"","original_article_url":"","_links":{"self":[{"href":"https:\/\/www.pressenza.com\/pt-pt\/wp-json\/wp\/v2\/posts\/1717516","targetHints":{"allow":["GET"]}}],"collection":[{"href":"https:\/\/www.pressenza.com\/pt-pt\/wp-json\/wp\/v2\/posts"}],"about":[{"href":"https:\/\/www.pressenza.com\/pt-pt\/wp-json\/wp\/v2\/types\/post"}],"author":[{"embeddable":true,"href":"https:\/\/www.pressenza.com\/pt-pt\/wp-json\/wp\/v2\/users\/1685"}],"replies":[{"embeddable":true,"href":"https:\/\/www.pressenza.com\/pt-pt\/wp-json\/wp\/v2\/comments?post=1717516"}],"version-history":[{"count":0,"href":"https:\/\/www.pressenza.com\/pt-pt\/wp-json\/wp\/v2\/posts\/1717516\/revisions"}],"wp:featuredmedia":[{"embeddable":true,"href":"https:\/\/www.pressenza.com\/pt-pt\/wp-json\/wp\/v2\/media\/1717517"}],"wp:attachment":[{"href":"https:\/\/www.pressenza.com\/pt-pt\/wp-json\/wp\/v2\/media?parent=1717516"}],"wp:term":[{"taxonomy":"category","embeddable":true,"href":"https:\/\/www.pressenza.com\/pt-pt\/wp-json\/wp\/v2\/categories?post=1717516"},{"taxonomy":"post_tag","embeddable":true,"href":"https:\/\/www.pressenza.com\/pt-pt\/wp-json\/wp\/v2\/tags?post=1717516"}],"curies":[{"name":"wp","href":"https:\/\/api.w.org\/{rel}","templated":true}]}}