{"id":1698081,"date":"2022-12-07T14:59:03","date_gmt":"2022-12-07T14:59:03","guid":{"rendered":"https:\/\/www.pressenza.com\/?p=1698081"},"modified":"2022-12-07T15:13:03","modified_gmt":"2022-12-07T15:13:03","slug":"em-toda-parte","status":"publish","type":"post","link":"https:\/\/www.pressenza.com\/pt-pt\/2022\/12\/em-toda-parte\/","title":{"rendered":"Em toda parte"},"content":{"rendered":"<h5><span style=\"color: #999999;\">M\u00daSICA<\/span><\/h5>\n<p><em><strong>Por Paolo D&#8217;Aprile<\/strong><\/em><\/p>\n<p>&nbsp;<\/p>\n<p><i>Escrevi na hora em que soube, sentei e escrevi direto, sem pensar, sem corrigir. E foi pouco. Poderia ter escrito mais e melhor, poderia ter falado de sua m\u00fasica e seus discos fundamentais. N\u00e3o consegui. Ao inv\u00e9s disso lembrei de mim. Do assombro, do espanto, da fenomenal alegria, da Fiesta que foi tudo aquilo. Lembrei da minha moto vermelha e de como, dan\u00e7ando nela, cantava a melodia da Rumba do Armando. Lembrei de tudo, dos discos &#8220;Now he sings&#8230;&#8221; e &#8220;Three Quartes&#8221;, que comprei em uma pequena loja de Trastevere, em Roma. Lembrei do concerto com Herbie Hancock, quando os dois gigantes, mergulhados nas entranhas da m\u00fasica, usavam os respectivos pianos como instrumento de percuss\u00e3o. Lembrei do meu amigo Natalio, tentando desesperadamente me explicar o segredo do ritmo entendido como fun\u00e7\u00e3o harm\u00f4nica em cada modula\u00e7\u00e3o do virtuosismo de Got a Match. Lembrei de mim, jovem, sem dores nas costas, sem \u00f3culos, sem rem\u00e9dios pra tomar, um mont\u00e3o de cabelo e tantas minhocas na cabe\u00e7a, a m\u00fasica a transcender o tempo. Soube da terr\u00edvel not\u00edcia. Sentei e escrevi. E hoje, que a cabeleira se foi e as minhocas ficaram, continuo lembrando.<\/i><\/p>\n<p><iframe loading=\"lazy\" title=\"Chick Corea Piano Solo   Armando&#039;s Rhumba\" width=\"500\" height=\"375\" src=\"https:\/\/www.youtube.com\/embed\/PosZxCfaGuI?feature=oembed\" frameborder=\"0\" allow=\"accelerometer; autoplay; clipboard-write; encrypted-media; gyroscope; picture-in-picture; web-share\" referrerpolicy=\"strict-origin-when-cross-origin\" allowfullscreen><\/iframe><\/p>\n<p>&nbsp;<\/p>\n<p>Ganhei o ingresso de um amigo. Fui. E estou l\u00e1 at\u00e9 hoje. Daquela sala de concerto nunca mais sa\u00ed. Minhas perguntas continuaram sem resposta, como nota aguda suspensa no infinito, como acorde dissonante sem resolu\u00e7\u00e3o harm\u00f4nica. No palco, o piano de cauda. Duas m\u00e3os imensas a desvendar mundos, abriam trilhas na selva sonora dos ouvidos daquele garoto que eu era. Chick Corea apresentava \u00e0 minha ingenuidade toda a complexidade da m\u00fasica contempor\u00e2nea, desde os inovadores eruditos do come\u00e7o do s\u00e9culo XX, at\u00e9 o jazz, passando pelos ritmos latinos para chegar \u00e0 criatividade extempor\u00e2nea da m\u00fasica aleat\u00f3ria, improvisada na hora.<br \/>\nNovos mundos ao meu dispor. E nunca mais sai.<br \/>\nO concerto de Chick Corea terminou com sil\u00eancios interrompidos pela maravilhosa incredulidade de quem v\u00ea o nunca visto, de quem ouve o imposs\u00edvel. Saiu do palco se arrastando sem mais for\u00e7a de se sustentar, apoiado ao ombro de um assistente, as luzes acesas da enorme sala lotada n\u00e3o afastaram o p\u00fablico. O palco vazio tremia debaixo da saraivada de aplausos da multid\u00e3o. Porque parou, parou porque. Cinco, dez minutos, talvez mais. E Chick Corea reaparece. De roup\u00e3o e chinelo. Senta em frente ao piano e recome\u00e7a a tocar. Para mim e a multid\u00e3o.<\/p>\n<p>Depois de 41 anos, hoje, leio na tela do celular a not\u00edcia que nunca queria ter lido. Chick Corea morreu. Morreu Chick Corea, um dos maiores pianistas e m\u00fasicos de todos os tempos. Tinha 79 anos.<br \/>\nTocou com todos, criou m\u00fasica, arte. Escreveu harmonias, melodias e ritmos, gravou discos fundamentais, tocou com os melhores. Mestre e ponto de refer\u00eancia. Eletrificou teclados infernais, acariciou pianos cl\u00e1ssicos, ritmos latinos, jazz de vanguarda, e as melodias mais lindas brotaram como luas, flores, mar\u00e9s. Discos memor\u00e1veis, solos sem fim, p\u00e1ginas de hist\u00f3ria escritas para o mundo e tocadas para mim, garoto de dezessete anos, naquela sala de concerto de onde nunca mais sa\u00ed.<br \/>\nChick Corea, m\u00fasica em toda parte.<\/p>\n<p>&nbsp;<\/p>\n<p><iframe loading=\"lazy\" title=\"Chick Corea &amp; Elektric Band - Got a Match?\" width=\"500\" height=\"281\" src=\"https:\/\/www.youtube.com\/embed\/YOm34SVz2K8?feature=oembed\" frameborder=\"0\" allow=\"accelerometer; autoplay; clipboard-write; encrypted-media; gyroscope; picture-in-picture; web-share\" referrerpolicy=\"strict-origin-when-cross-origin\" allowfullscreen><\/iframe><\/p>\n<p>&nbsp;<\/p>\n<p>&nbsp;<\/p>\n<p>&nbsp;<\/p>\n","protected":false},"excerpt":{"rendered":"<p>M\u00daSICA Por Paolo D&#8217;Aprile &nbsp; Escrevi na hora em que soube, sentei e escrevi direto, sem pensar, sem corrigir. E foi pouco. Poderia ter escrito mais e melhor, poderia ter falado de sua m\u00fasica e seus discos fundamentais. N\u00e3o consegui.&hellip;<\/p>\n","protected":false},"author":1567,"featured_media":1698203,"comment_status":"closed","ping_status":"closed","sticky":false,"template":"","format":"standard","meta":{"footnotes":""},"categories":[104,11390,112,165,20610],"tags":[75238,64842],"class_list":["post-1698081","post","type-post","status-publish","format-standard","has-post-thumbnail","hentry","category-america-do-sul","category-conteudo-original","category-cultura-pt-pt","category-opiniao","category-sem-categoria","tag-caderno-de-cultura","tag-musica-pt-pt"],"yoast_head":"<!-- This site is optimized with the Yoast SEO plugin v27.1.1 - https:\/\/yoast.com\/product\/yoast-seo-wordpress\/ -->\n<title>Em toda parte<\/title>\n<meta name=\"description\" content=\"M\u00daSICA Por Paolo D&#039;Aprile &nbsp; Escrevi na hora em que soube, sentei e escrevi direto, sem pensar, sem corrigir. E foi pouco. Poderia ter escrito mais e\" \/>\n<meta name=\"robots\" content=\"index, follow, max-snippet:-1, max-image-preview:large, max-video-preview:-1\" \/>\n<link rel=\"canonical\" href=\"https:\/\/www.pressenza.com\/pt-pt\/2022\/12\/em-toda-parte\/\" \/>\n<meta property=\"og:locale\" content=\"pt_PT\" \/>\n<meta property=\"og:type\" content=\"article\" \/>\n<meta property=\"og:title\" content=\"Em toda parte\" \/>\n<meta property=\"og:description\" content=\"M\u00daSICA Por Paolo D&#039;Aprile &nbsp; Escrevi na hora em que soube, sentei e escrevi direto, sem pensar, sem corrigir. E foi pouco. Poderia ter escrito mais e\" \/>\n<meta property=\"og:url\" content=\"https:\/\/www.pressenza.com\/pt-pt\/2022\/12\/em-toda-parte\/\" \/>\n<meta property=\"og:site_name\" content=\"Pressenza\" \/>\n<meta property=\"article:publisher\" content=\"https:\/\/www.facebook.com\/PressenzaItalia\" \/>\n<meta property=\"article:published_time\" content=\"2022-12-07T14:59:03+00:00\" \/>\n<meta property=\"article:modified_time\" content=\"2022-12-07T15:13:03+00:00\" \/>\n<meta property=\"og:image\" content=\"https:\/\/www.pressenza.com\/wp-content\/uploads\/2022\/12\/imagens-pro-site-pressenza-4.jpg\" \/>\n\t<meta property=\"og:image:width\" content=\"720\" \/>\n\t<meta property=\"og:image:height\" content=\"450\" \/>\n\t<meta property=\"og:image:type\" content=\"image\/jpeg\" \/>\n<meta name=\"author\" content=\"Paolo D&#039;Aprile\" \/>\n<meta name=\"twitter:card\" content=\"summary_large_image\" \/>\n<meta name=\"twitter:creator\" content=\"@PressenzaIPA\" \/>\n<meta name=\"twitter:site\" content=\"@PressenzaIPA\" \/>\n<meta name=\"twitter:label1\" content=\"Escrito por\" \/>\n\t<meta name=\"twitter:data1\" content=\"Paolo D&#039;Aprile\" \/>\n\t<meta name=\"twitter:label2\" content=\"Tempo estimado de leitura\" \/>\n\t<meta name=\"twitter:data2\" content=\"3 minutos\" \/>\n<script type=\"application\/ld+json\" class=\"yoast-schema-graph\">{\"@context\":\"https:\/\/schema.org\",\"@graph\":[{\"@type\":\"Article\",\"@id\":\"https:\/\/www.pressenza.com\/pt-pt\/2022\/12\/em-toda-parte\/#article\",\"isPartOf\":{\"@id\":\"https:\/\/www.pressenza.com\/pt-pt\/2022\/12\/em-toda-parte\/\"},\"author\":{\"name\":\"Paolo D'Aprile\",\"@id\":\"https:\/\/www.pressenza.com\/pt-pt\/#\/schema\/person\/b7683f6cc5b4992d9641abb1dd2b2c7a\"},\"headline\":\"Em toda parte\",\"datePublished\":\"2022-12-07T14:59:03+00:00\",\"dateModified\":\"2022-12-07T15:13:03+00:00\",\"mainEntityOfPage\":{\"@id\":\"https:\/\/www.pressenza.com\/pt-pt\/2022\/12\/em-toda-parte\/\"},\"wordCount\":577,\"publisher\":{\"@id\":\"https:\/\/www.pressenza.com\/pt-pt\/#organization\"},\"image\":{\"@id\":\"https:\/\/www.pressenza.com\/pt-pt\/2022\/12\/em-toda-parte\/#primaryimage\"},\"thumbnailUrl\":\"https:\/\/www.pressenza.com\/wp-content\/uploads\/2022\/12\/imagens-pro-site-pressenza-4.jpg\",\"keywords\":[\"caderno de cultura\",\"musica\"],\"articleSection\":[\"\u00c1m\u00e9rica do Sul\",\"Conte\u00fado Original\",\"Cultura e M\u00eddia\",\"Opini\u00e3o\"],\"inLanguage\":\"pt-PT\"},{\"@type\":\"WebPage\",\"@id\":\"https:\/\/www.pressenza.com\/pt-pt\/2022\/12\/em-toda-parte\/\",\"url\":\"https:\/\/www.pressenza.com\/pt-pt\/2022\/12\/em-toda-parte\/\",\"name\":\"Em toda parte\",\"isPartOf\":{\"@id\":\"https:\/\/www.pressenza.com\/pt-pt\/#website\"},\"primaryImageOfPage\":{\"@id\":\"https:\/\/www.pressenza.com\/pt-pt\/2022\/12\/em-toda-parte\/#primaryimage\"},\"image\":{\"@id\":\"https:\/\/www.pressenza.com\/pt-pt\/2022\/12\/em-toda-parte\/#primaryimage\"},\"thumbnailUrl\":\"https:\/\/www.pressenza.com\/wp-content\/uploads\/2022\/12\/imagens-pro-site-pressenza-4.jpg\",\"datePublished\":\"2022-12-07T14:59:03+00:00\",\"dateModified\":\"2022-12-07T15:13:03+00:00\",\"description\":\"M\u00daSICA Por Paolo D'Aprile &nbsp; Escrevi na hora em que soube, sentei e escrevi direto, sem pensar, sem corrigir. E foi pouco. Poderia ter escrito mais e\",\"breadcrumb\":{\"@id\":\"https:\/\/www.pressenza.com\/pt-pt\/2022\/12\/em-toda-parte\/#breadcrumb\"},\"inLanguage\":\"pt-PT\",\"potentialAction\":[{\"@type\":\"ReadAction\",\"target\":[\"https:\/\/www.pressenza.com\/pt-pt\/2022\/12\/em-toda-parte\/\"]}]},{\"@type\":\"ImageObject\",\"inLanguage\":\"pt-PT\",\"@id\":\"https:\/\/www.pressenza.com\/pt-pt\/2022\/12\/em-toda-parte\/#primaryimage\",\"url\":\"https:\/\/www.pressenza.com\/wp-content\/uploads\/2022\/12\/imagens-pro-site-pressenza-4.jpg\",\"contentUrl\":\"https:\/\/www.pressenza.com\/wp-content\/uploads\/2022\/12\/imagens-pro-site-pressenza-4.jpg\",\"width\":720,\"height\":450},{\"@type\":\"BreadcrumbList\",\"@id\":\"https:\/\/www.pressenza.com\/pt-pt\/2022\/12\/em-toda-parte\/#breadcrumb\",\"itemListElement\":[{\"@type\":\"ListItem\",\"position\":1,\"name\":\"Accueil\",\"item\":\"https:\/\/www.pressenza.com\/pt-pt\/\"},{\"@type\":\"ListItem\",\"position\":2,\"name\":\"Em toda parte\"}]},{\"@type\":\"WebSite\",\"@id\":\"https:\/\/www.pressenza.com\/pt-pt\/#website\",\"url\":\"https:\/\/www.pressenza.com\/pt-pt\/\",\"name\":\"Pressenza\",\"description\":\"International Press Agency\",\"publisher\":{\"@id\":\"https:\/\/www.pressenza.com\/pt-pt\/#organization\"},\"potentialAction\":[{\"@type\":\"SearchAction\",\"target\":{\"@type\":\"EntryPoint\",\"urlTemplate\":\"https:\/\/www.pressenza.com\/pt-pt\/?s={search_term_string}\"},\"query-input\":{\"@type\":\"PropertyValueSpecification\",\"valueRequired\":true,\"valueName\":\"search_term_string\"}}],\"inLanguage\":\"pt-PT\"},{\"@type\":\"Organization\",\"@id\":\"https:\/\/www.pressenza.com\/pt-pt\/#organization\",\"name\":\"Pressenza\",\"url\":\"https:\/\/www.pressenza.com\/pt-pt\/\",\"logo\":{\"@type\":\"ImageObject\",\"inLanguage\":\"pt-PT\",\"@id\":\"https:\/\/www.pressenza.com\/pt-pt\/#\/schema\/logo\/image\/\",\"url\":\"https:\/\/www.pressenza.com\/wp-content\/uploads\/2022\/10\/pressenza_logo_200x200.jpg\",\"contentUrl\":\"https:\/\/www.pressenza.com\/wp-content\/uploads\/2022\/10\/pressenza_logo_200x200.jpg\",\"width\":200,\"height\":200,\"caption\":\"Pressenza\"},\"image\":{\"@id\":\"https:\/\/www.pressenza.com\/pt-pt\/#\/schema\/logo\/image\/\"},\"sameAs\":[\"https:\/\/www.facebook.com\/PressenzaItalia\",\"https:\/\/x.com\/PressenzaIPA\"]},{\"@type\":\"Person\",\"@id\":\"https:\/\/www.pressenza.com\/pt-pt\/#\/schema\/person\/b7683f6cc5b4992d9641abb1dd2b2c7a\",\"name\":\"Paolo D'Aprile\",\"description\":\"Nasco nel 1963... sono un uomo di mezza et\u00e0! Vivo a S\u00e3o Paulo dal 1989 e il mio lavoro di fisioterapista mi ha portato in contatto con le situazioni estreme della citt\u00e0, dalle favelas ai \\\"meninos de rua\\\". Ho partecipato a vari progetti di inclusione attraverso l'esercizio dei diritti civili. Da grande voglio fare il calciatore, l'astronauta e il pompiere.\",\"url\":\"https:\/\/www.pressenza.com\/pt-pt\/author\/paolo-daprile\/\"}]}<\/script>\n<!-- \/ Yoast SEO plugin. -->","yoast_head_json":{"title":"Em toda parte","description":"M\u00daSICA Por Paolo D'Aprile &nbsp; Escrevi na hora em que soube, sentei e escrevi direto, sem pensar, sem corrigir. E foi pouco. Poderia ter escrito mais e","robots":{"index":"index","follow":"follow","max-snippet":"max-snippet:-1","max-image-preview":"max-image-preview:large","max-video-preview":"max-video-preview:-1"},"canonical":"https:\/\/www.pressenza.com\/pt-pt\/2022\/12\/em-toda-parte\/","og_locale":"pt_PT","og_type":"article","og_title":"Em toda parte","og_description":"M\u00daSICA Por Paolo D'Aprile &nbsp; Escrevi na hora em que soube, sentei e escrevi direto, sem pensar, sem corrigir. E foi pouco. Poderia ter escrito mais e","og_url":"https:\/\/www.pressenza.com\/pt-pt\/2022\/12\/em-toda-parte\/","og_site_name":"Pressenza","article_publisher":"https:\/\/www.facebook.com\/PressenzaItalia","article_published_time":"2022-12-07T14:59:03+00:00","article_modified_time":"2022-12-07T15:13:03+00:00","og_image":[{"width":720,"height":450,"url":"https:\/\/www.pressenza.com\/wp-content\/uploads\/2022\/12\/imagens-pro-site-pressenza-4.jpg","type":"image\/jpeg"}],"author":"Paolo D'Aprile","twitter_card":"summary_large_image","twitter_creator":"@PressenzaIPA","twitter_site":"@PressenzaIPA","twitter_misc":{"Escrito por":"Paolo D'Aprile","Tempo estimado de leitura":"3 minutos"},"schema":{"@context":"https:\/\/schema.org","@graph":[{"@type":"Article","@id":"https:\/\/www.pressenza.com\/pt-pt\/2022\/12\/em-toda-parte\/#article","isPartOf":{"@id":"https:\/\/www.pressenza.com\/pt-pt\/2022\/12\/em-toda-parte\/"},"author":{"name":"Paolo D'Aprile","@id":"https:\/\/www.pressenza.com\/pt-pt\/#\/schema\/person\/b7683f6cc5b4992d9641abb1dd2b2c7a"},"headline":"Em toda parte","datePublished":"2022-12-07T14:59:03+00:00","dateModified":"2022-12-07T15:13:03+00:00","mainEntityOfPage":{"@id":"https:\/\/www.pressenza.com\/pt-pt\/2022\/12\/em-toda-parte\/"},"wordCount":577,"publisher":{"@id":"https:\/\/www.pressenza.com\/pt-pt\/#organization"},"image":{"@id":"https:\/\/www.pressenza.com\/pt-pt\/2022\/12\/em-toda-parte\/#primaryimage"},"thumbnailUrl":"https:\/\/www.pressenza.com\/wp-content\/uploads\/2022\/12\/imagens-pro-site-pressenza-4.jpg","keywords":["caderno de cultura","musica"],"articleSection":["\u00c1m\u00e9rica do Sul","Conte\u00fado Original","Cultura e M\u00eddia","Opini\u00e3o"],"inLanguage":"pt-PT"},{"@type":"WebPage","@id":"https:\/\/www.pressenza.com\/pt-pt\/2022\/12\/em-toda-parte\/","url":"https:\/\/www.pressenza.com\/pt-pt\/2022\/12\/em-toda-parte\/","name":"Em toda parte","isPartOf":{"@id":"https:\/\/www.pressenza.com\/pt-pt\/#website"},"primaryImageOfPage":{"@id":"https:\/\/www.pressenza.com\/pt-pt\/2022\/12\/em-toda-parte\/#primaryimage"},"image":{"@id":"https:\/\/www.pressenza.com\/pt-pt\/2022\/12\/em-toda-parte\/#primaryimage"},"thumbnailUrl":"https:\/\/www.pressenza.com\/wp-content\/uploads\/2022\/12\/imagens-pro-site-pressenza-4.jpg","datePublished":"2022-12-07T14:59:03+00:00","dateModified":"2022-12-07T15:13:03+00:00","description":"M\u00daSICA Por Paolo D'Aprile &nbsp; Escrevi na hora em que soube, sentei e escrevi direto, sem pensar, sem corrigir. E foi pouco. Poderia ter escrito mais e","breadcrumb":{"@id":"https:\/\/www.pressenza.com\/pt-pt\/2022\/12\/em-toda-parte\/#breadcrumb"},"inLanguage":"pt-PT","potentialAction":[{"@type":"ReadAction","target":["https:\/\/www.pressenza.com\/pt-pt\/2022\/12\/em-toda-parte\/"]}]},{"@type":"ImageObject","inLanguage":"pt-PT","@id":"https:\/\/www.pressenza.com\/pt-pt\/2022\/12\/em-toda-parte\/#primaryimage","url":"https:\/\/www.pressenza.com\/wp-content\/uploads\/2022\/12\/imagens-pro-site-pressenza-4.jpg","contentUrl":"https:\/\/www.pressenza.com\/wp-content\/uploads\/2022\/12\/imagens-pro-site-pressenza-4.jpg","width":720,"height":450},{"@type":"BreadcrumbList","@id":"https:\/\/www.pressenza.com\/pt-pt\/2022\/12\/em-toda-parte\/#breadcrumb","itemListElement":[{"@type":"ListItem","position":1,"name":"Accueil","item":"https:\/\/www.pressenza.com\/pt-pt\/"},{"@type":"ListItem","position":2,"name":"Em toda parte"}]},{"@type":"WebSite","@id":"https:\/\/www.pressenza.com\/pt-pt\/#website","url":"https:\/\/www.pressenza.com\/pt-pt\/","name":"Pressenza","description":"International Press Agency","publisher":{"@id":"https:\/\/www.pressenza.com\/pt-pt\/#organization"},"potentialAction":[{"@type":"SearchAction","target":{"@type":"EntryPoint","urlTemplate":"https:\/\/www.pressenza.com\/pt-pt\/?s={search_term_string}"},"query-input":{"@type":"PropertyValueSpecification","valueRequired":true,"valueName":"search_term_string"}}],"inLanguage":"pt-PT"},{"@type":"Organization","@id":"https:\/\/www.pressenza.com\/pt-pt\/#organization","name":"Pressenza","url":"https:\/\/www.pressenza.com\/pt-pt\/","logo":{"@type":"ImageObject","inLanguage":"pt-PT","@id":"https:\/\/www.pressenza.com\/pt-pt\/#\/schema\/logo\/image\/","url":"https:\/\/www.pressenza.com\/wp-content\/uploads\/2022\/10\/pressenza_logo_200x200.jpg","contentUrl":"https:\/\/www.pressenza.com\/wp-content\/uploads\/2022\/10\/pressenza_logo_200x200.jpg","width":200,"height":200,"caption":"Pressenza"},"image":{"@id":"https:\/\/www.pressenza.com\/pt-pt\/#\/schema\/logo\/image\/"},"sameAs":["https:\/\/www.facebook.com\/PressenzaItalia","https:\/\/x.com\/PressenzaIPA"]},{"@type":"Person","@id":"https:\/\/www.pressenza.com\/pt-pt\/#\/schema\/person\/b7683f6cc5b4992d9641abb1dd2b2c7a","name":"Paolo D'Aprile","description":"Nasco nel 1963... sono un uomo di mezza et\u00e0! Vivo a S\u00e3o Paulo dal 1989 e il mio lavoro di fisioterapista mi ha portato in contatto con le situazioni estreme della citt\u00e0, dalle favelas ai \"meninos de rua\". Ho partecipato a vari progetti di inclusione attraverso l'esercizio dei diritti civili. Da grande voglio fare il calciatore, l'astronauta e il pompiere.","url":"https:\/\/www.pressenza.com\/pt-pt\/author\/paolo-daprile\/"}]}},"place":"","original_article_url":"","_links":{"self":[{"href":"https:\/\/www.pressenza.com\/pt-pt\/wp-json\/wp\/v2\/posts\/1698081","targetHints":{"allow":["GET"]}}],"collection":[{"href":"https:\/\/www.pressenza.com\/pt-pt\/wp-json\/wp\/v2\/posts"}],"about":[{"href":"https:\/\/www.pressenza.com\/pt-pt\/wp-json\/wp\/v2\/types\/post"}],"author":[{"embeddable":true,"href":"https:\/\/www.pressenza.com\/pt-pt\/wp-json\/wp\/v2\/users\/1567"}],"replies":[{"embeddable":true,"href":"https:\/\/www.pressenza.com\/pt-pt\/wp-json\/wp\/v2\/comments?post=1698081"}],"version-history":[{"count":0,"href":"https:\/\/www.pressenza.com\/pt-pt\/wp-json\/wp\/v2\/posts\/1698081\/revisions"}],"wp:featuredmedia":[{"embeddable":true,"href":"https:\/\/www.pressenza.com\/pt-pt\/wp-json\/wp\/v2\/media\/1698203"}],"wp:attachment":[{"href":"https:\/\/www.pressenza.com\/pt-pt\/wp-json\/wp\/v2\/media?parent=1698081"}],"wp:term":[{"taxonomy":"category","embeddable":true,"href":"https:\/\/www.pressenza.com\/pt-pt\/wp-json\/wp\/v2\/categories?post=1698081"},{"taxonomy":"post_tag","embeddable":true,"href":"https:\/\/www.pressenza.com\/pt-pt\/wp-json\/wp\/v2\/tags?post=1698081"}],"curies":[{"name":"wp","href":"https:\/\/api.w.org\/{rel}","templated":true}]}}