{"id":1697883,"date":"2022-12-05T15:39:51","date_gmt":"2022-12-05T15:39:51","guid":{"rendered":"https:\/\/www.pressenza.com\/?p=1697883"},"modified":"2022-12-05T15:39:51","modified_gmt":"2022-12-05T15:39:51","slug":"exposicao-outro-lugar-com-fotografias-recentes-e-ineditas-do-jornalista-e-apresentador-pedro-andrade-sera-exibida-pela-primeira-vez-na-anita-schwartz-galeria-de-arte","status":"publish","type":"post","link":"https:\/\/www.pressenza.com\/pt-pt\/2022\/12\/exposicao-outro-lugar-com-fotografias-recentes-e-ineditas-do-jornalista-e-apresentador-pedro-andrade-sera-exibida-pela-primeira-vez-na-anita-schwartz-galeria-de-arte\/","title":{"rendered":"Exposi\u00e7\u00e3o \u201cOutro Lugar\u201d, com fotografias recentes e in\u00e9ditas do jornalista e apresentador Pedro Andrade, ser\u00e1 exibida pela primeira vez na Anita Schwartz Galeria de Arte"},"content":{"rendered":"<h5>FOTOGRAFIA<\/h5>\n<p><em><strong>Por CWeA Comunica\u00e7\u00e3o\u00a0<\/strong><\/em><\/p>\n<p>&nbsp;<\/p>\n<h2 style=\"text-align: center;\"><span style=\"font-weight: 400;\">O jornalista e apresentador mostra pela primeira vez seu <\/span><b>trabalho autoral em fotografia<\/b><span style=\"font-weight: 400;\">, a que se dedica <\/span><b>h\u00e1 20 anos<\/b><span style=\"font-weight: 400;\">, em v\u00e1rios locais do planeta, e s\u00f3 agora torna p\u00fablica parte desta produ\u00e7\u00e3o mais recente. Na exposi\u00e7\u00e3o, estar\u00e3o <\/span><b>26 fotografias<\/b><span style=\"font-weight: 400;\">, com registros de culturas e comunidades que ainda mant\u00eam suas tradi\u00e7\u00f5es, apesar das press\u00f5es da globaliza\u00e7\u00e3o. Entre elas, o povo <\/span><b>Waorani<\/b><span style=\"font-weight: 400;\">, na Amaz\u00f4nia equatoriana, ainda protegida do contato externo; crist\u00e3os fieis em\u00a0 <\/span><b>Lalibela<\/b><span style=\"font-weight: 400;\">, em <\/span><a href=\"https:\/\/pt.wikipedia.org\/wiki\/Amhara\"><span style=\"font-weight: 400;\">Amhara<\/span><\/a><span style=\"font-weight: 400;\">, no norte da\u00a0<\/span><a href=\"https:\/\/pt.wikipedia.org\/wiki\/Eti%C3%B3pia\"><b>Eti\u00f3pia<\/b><\/a><span style=\"font-weight: 400;\">; as <\/span><b>Escaramuzas<\/b><span style=\"font-weight: 400;\">, guerreiras amazonas na costa ocidental do <\/span><b>M\u00e9xico<\/b><span style=\"font-weight: 400;\">; e tradicionais <\/span><b>mezcaleros<\/b><span style=\"font-weight: 400;\"> na cidade mexicana de <\/span><b>Oaxaca.<\/b><\/h2>\n<p>&nbsp;<\/p>\n<p><span style=\"font-weight: 400;\">Anita Schwartz Galeria de Arte, Rio\u00a0<\/span><\/p>\n<p><span style=\"font-weight: 400;\">Visita\u00e7\u00e3o p\u00fablica: <\/span><b>7 de dezembro de 2022<\/b><b> a 28 de janeiro de 2023<\/b><\/p>\n<p><span style=\"font-weight: 400;\">Entrada gratuita<\/span><\/p>\n<p>&nbsp;<\/p>\n<p><b>Anita Schwartz Galeria de Arte <\/b><span style=\"font-weight: 400;\">inaugura ao p\u00fablico no dia <\/span><b>7 de dezembro de 2022<\/b><span style=\"font-weight: 400;\"> a exposi\u00e7\u00e3o <\/span><b>\u201cOutro Lugar\u201d<\/b><span style=\"font-weight: 400;\">, com <\/span><b>26 fotografias recentes e in\u00e9ditas<\/b><span style=\"font-weight: 400;\"> do jornalista e apresentador <\/span><b>Pedro Andrade<\/b><span style=\"font-weight: 400;\">, que pela <\/span><b>primeira vez<\/b><span style=\"font-weight: 400;\"> exibe seu trabalho autoral em fotografia, a que se dedica h\u00e1 20 anos. O interesse do fot\u00f3grafo reside principalmente em registrar culturas diferentes das que est\u00e3o em seu cotidiano.\u00a0<\/span><\/p>\n<p><span style=\"font-weight: 400;\">A decis\u00e3o de mostrar agora suas fotografias se deve ao vasto material j\u00e1 reunido, com muita experi\u00eancia adquirida, e o desejo de compartilhar com o p\u00fablico seu olhar pelas variadas culturas que registrou. \u201cO resultado do trabalho \u00e9 a intera\u00e7\u00e3o entre meu olhar e a realidade. Minha vis\u00e3o daquele mundo\u201d, comenta. \u201cSempre fui muito apaixonado por gente, por buscar o lado humano nas not\u00edcias. Gosto de ser um contador de hist\u00f3rias. Quero agora mostrar um lado mais pessoal, diferente do trabalho jornal\u00edstico\u201d, diz.\u00a0<\/span><\/p>\n<p><span style=\"font-weight: 400;\">Seu interesse pelo desconhecido, por buscar realidades fora de sua zona de conforto, pessoas de diferentes etnias, religi\u00f5es, culturas, o levou a viajar para locais distantes, \u00e0s vezes isolados e bastante inacess\u00edveis. Com sua Fuji XE4 na m\u00e3o, em grande parte com uma lente de 35mm, sua favorita, <\/span><b>Pedro Andrade<\/b><span style=\"font-weight: 400;\"> percorreu lugarejos no continente americano e na \u00c1frica, fazendo fotografias sempre em <\/span><b>p&amp;b<\/b><span style=\"font-weight: 400;\">, impressas sobre papel Hahnemuhle Photo Rag Satin, em edi\u00e7\u00f5es limitadas.\u00a0<\/span><\/p>\n<p><span style=\"font-weight: 400;\">Na exposi\u00e7\u00e3o, estar\u00e3o fotografias feitas em comunidades que ainda mant\u00eam suas tradi\u00e7\u00f5es, apesar das press\u00f5es da globaliza\u00e7\u00e3o. Entre elas, o povo <\/span><b>Waoran<\/b><span style=\"font-weight: 400;\">i, na Amaz\u00f4nia equatoriana, ainda protegida do contato externo; crist\u00e3os fieis em <\/span><b>Lalibela<\/b><span style=\"font-weight: 400;\">, em <\/span><a href=\"https:\/\/pt.wikipedia.org\/wiki\/Amhara\"><span style=\"font-weight: 400;\">Amhara<\/span><\/a><span style=\"font-weight: 400;\">, no norte da\u00a0<\/span><a href=\"https:\/\/pt.wikipedia.org\/wiki\/Eti%C3%B3pia\"><b>Eti\u00f3pia<\/b><\/a><span style=\"font-weight: 400;\">; as <\/span><b>Escaramuzas<\/b><span style=\"font-weight: 400;\">, guerreiras amazonas na costa ocidental do <\/span><b>M\u00e9xico<\/b><span style=\"font-weight: 400;\">; e os tradicionais <\/span><b>mezcaleros<\/b><span style=\"font-weight: 400;\"> na cidade mexicana de <\/span><b>Oaxaca<\/b><span style=\"font-weight: 400;\">.<\/span><\/p>\n<p><span style=\"font-weight: 400;\">Esses trabalhos pertencem a duas s\u00e9ries: <\/span><b>\u201cFar From Home\u201d<\/b><span style=\"font-weight: 400;\">(2022), com tamanhos variados entre 67 x 100 cm e 38 x 58 cm, e <\/span><b>\u201cBeginning of the End\u201d <\/b><span style=\"font-weight: 400;\">(2020), com obras de 24 x 36 cm.\u00a0<\/span><\/p>\n<p>&nbsp;<\/p>\n<p><b>CRISTALIZAR O MOMENTO<\/b><\/p>\n<p><b>Pedro Andrade<\/b><span style=\"font-weight: 400;\"> se considera um \u201cfot\u00f3grafo de rua\u201d, e n\u00e3o busca fotos posadas ou ensaiadas. Gosta de \u201ccapturar o registro, cristalizar o momento\u201d. Tem um grande interesse pela cultura latino-americana, multifacetada, e por grupos, tradi\u00e7\u00f5es, cosmogonias em risco de desaparecimento, \u201ctragadas cada vez mais por um mundo globalizado, onde se usa as mesmas roupas, se come as mesmas comidas. Tenho medo de que esta mem\u00f3ria se perca com rapidez\u201c. Ele procura \u201cproteger essa mem\u00f3ria, eternizar o que estou vendo\u201d.\u00a0<\/span><\/p>\n<p><span style=\"font-weight: 400;\">Os registros fotogr\u00e1ficos s\u00e3o abordados com cuidado, \u201csempre com muito respeito\u201d. \u201cSou muito agradecido pela disponibilidade dessas pessoas em me permitirem fotograf\u00e1-las\u201d, assinala.\u00a0 Para <\/span><b>Pedro Andrade<\/b><span style=\"font-weight: 400;\">, uma ponte entre as tradi\u00e7\u00f5es e o futuro s\u00e3o as crian\u00e7as, presentes em algumas fotografias. \u201cElas t\u00eam um papel muito importante para o futuro da humanidade. \u00c9 o futuro em que eu quero acreditar, quero ver, que n\u00e3o seja homog\u00eaneo. Desejo que se preserve a autenticidade desses lugares\u201d.\u00a0<\/span><\/p>\n<p><b>Pedro Andrade <\/b><span style=\"font-weight: 400;\">nasceu no Rio de Janeiro em 14 de abril de 1979, e mora em Nova York, EUA, desde 1998, onde trabalhou nas emissoras americanas NBC, ABC, e Fusion, e nas brasileiras Globo, GNT e Globonews. Atualmente est\u00e1 na Vice e Hulu, nos EUA, e na terceira temporada de seu programa \u201cEntre Mundos\u201d, exibido pela CNN Brasil. Sua s\u00e9rie documental \u201cUnknown Amazon\u201d (2021), com sete epis\u00f3dios, distribu\u00edda nos EUA, lhe valeu o EMA (Environmental Media Award) de melhor apresentador na categoria ambiental, e tamb\u00e9m o Royal Television Award. Ser\u00e1 exibida no Brasil pelo Globoplay e Modo Viagem. Em 2013 lan\u00e7ou o livro \u201cO Melhor Guia de Nova York\u201d, que ganhou em 2019 edi\u00e7\u00e3o atualizada e expandida.\u00a0<\/span><\/p>\n<p><b>Servi\u00e7o: Exposi\u00e7\u00e3o \u201cPedro Andrade \u2013 Outro Lugar\u201d<\/b><\/p>\n<p><b>7 de dezembro de 2022<\/b><b> a 28 de janeiro de 2023<\/b><\/p>\n<p><span style=\"font-weight: 400;\">Anita Schwartz Galeria de Arte<\/span><\/p>\n<p><span style=\"font-weight: 400;\">Rua Jos\u00e9 Roberto Macedo Soares, 30, G\u00e1vea, 22470-100, Rio de Janeiro<\/span><\/p>\n<p><span style=\"font-weight: 400;\">Telefones: 21.2274.3873 e 2540.6446<\/span><\/p>\n<p><span style=\"font-weight: 400;\">Segunda a sexta, das 10h \u00e0s 19h, e aos s\u00e1bados das 12h \u00e0s 18h<\/span><\/p>\n<p><span style=\"font-weight: 400;\">Entrada gratuita<\/span><\/p>\n<p><a href=\"http:\/\/www.anitaschwartz.com.br\"><span style=\"font-weight: 400;\">www.anitaschwartz.com.br<\/span><\/a><\/p>\n","protected":false},"excerpt":{"rendered":"<p>FOTOGRAFIA Por CWeA Comunica\u00e7\u00e3o\u00a0 &nbsp; O jornalista e apresentador mostra pela primeira vez seu trabalho autoral em fotografia, a que se dedica h\u00e1 20 anos, em v\u00e1rios locais do planeta, e s\u00f3 agora torna p\u00fablica parte desta produ\u00e7\u00e3o mais recente.&hellip;<\/p>\n","protected":false},"author":1685,"featured_media":1697886,"comment_status":"closed","ping_status":"closed","sticky":false,"template":"","format":"standard","meta":{"footnotes":""},"categories":[106,104,11390,112,5756,153],"tags":[75238,83964,76547],"class_list":["post-1697883","post","type-post","status-publish","format-standard","has-post-thumbnail","hentry","category-america-central-pt-pt","category-america-do-sul","category-conteudo-original","category-cultura-pt-pt","category-foto-reportagem","category-nota-de-imprensa","tag-caderno-de-cultura","tag-exposicao","tag-fotografia-pt-pt"],"yoast_head":"<!-- This site is optimized with the Yoast SEO plugin v27.1.1 - https:\/\/yoast.com\/product\/yoast-seo-wordpress\/ -->\n<title>Exposi\u00e7\u00e3o \u201cOutro Lugar\u201d, com fotografias recentes e in\u00e9ditas do jornalista e apresentador Pedro Andrade, ser\u00e1 exibida pela primeira vez na Anita Schwartz Galeria de Arte<\/title>\n<meta name=\"description\" content=\"FOTOGRAFIA Por CWeA Comunica\u00e7\u00e3o\u00a0 &nbsp; O jornalista e apresentador mostra pela primeira vez seu trabalho autoral em fotografia, a que se dedica h\u00e1 20\" \/>\n<meta name=\"robots\" content=\"index, follow, max-snippet:-1, max-image-preview:large, max-video-preview:-1\" \/>\n<link rel=\"canonical\" href=\"https:\/\/www.pressenza.com\/pt-pt\/2022\/12\/exposicao-outro-lugar-com-fotografias-recentes-e-ineditas-do-jornalista-e-apresentador-pedro-andrade-sera-exibida-pela-primeira-vez-na-anita-schwartz-galeria-de-arte\/\" \/>\n<meta property=\"og:locale\" content=\"pt_PT\" \/>\n<meta property=\"og:type\" content=\"article\" \/>\n<meta property=\"og:title\" content=\"Exposi\u00e7\u00e3o \u201cOutro Lugar\u201d, com fotografias recentes e in\u00e9ditas do jornalista e apresentador Pedro Andrade, ser\u00e1 exibida pela primeira vez na Anita Schwartz Galeria de Arte\" \/>\n<meta property=\"og:description\" content=\"FOTOGRAFIA Por CWeA Comunica\u00e7\u00e3o\u00a0 &nbsp; O jornalista e apresentador mostra pela primeira vez seu trabalho autoral em fotografia, a que se dedica h\u00e1 20\" \/>\n<meta property=\"og:url\" content=\"https:\/\/www.pressenza.com\/pt-pt\/2022\/12\/exposicao-outro-lugar-com-fotografias-recentes-e-ineditas-do-jornalista-e-apresentador-pedro-andrade-sera-exibida-pela-primeira-vez-na-anita-schwartz-galeria-de-arte\/\" \/>\n<meta property=\"og:site_name\" content=\"Pressenza\" \/>\n<meta property=\"article:publisher\" content=\"https:\/\/www.facebook.com\/PressenzaItalia\" \/>\n<meta property=\"article:published_time\" content=\"2022-12-05T15:39:51+00:00\" \/>\n<meta property=\"og:image\" content=\"https:\/\/www.pressenza.com\/wp-content\/uploads\/2022\/12\/Pedro-Andrade_Sem-Titulo-Pigmento-sobre-papel-HAHNEMUHLE-PHOTO-RAG-SATIN-310-gsm_Edicao-1_5-2PA_-exposicao-Outro-Lugar_-Anita-Schwartz-4.jpg\" \/>\n\t<meta property=\"og:image:width\" content=\"850\" \/>\n\t<meta property=\"og:image:height\" content=\"567\" \/>\n\t<meta property=\"og:image:type\" content=\"image\/jpeg\" \/>\n<meta name=\"author\" content=\"Reda\u00e7\u00e3o Rio de Janeiro\" \/>\n<meta name=\"twitter:card\" content=\"summary_large_image\" \/>\n<meta name=\"twitter:creator\" content=\"@PressenzaIPA\" \/>\n<meta name=\"twitter:site\" content=\"@PressenzaIPA\" \/>\n<meta name=\"twitter:label1\" content=\"Escrito por\" \/>\n\t<meta name=\"twitter:data1\" content=\"Reda\u00e7\u00e3o Rio de Janeiro\" \/>\n\t<meta name=\"twitter:label2\" content=\"Tempo estimado de leitura\" \/>\n\t<meta name=\"twitter:data2\" content=\"5 minutos\" \/>\n<script type=\"application\/ld+json\" class=\"yoast-schema-graph\">{\"@context\":\"https:\/\/schema.org\",\"@graph\":[{\"@type\":\"Article\",\"@id\":\"https:\/\/www.pressenza.com\/pt-pt\/2022\/12\/exposicao-outro-lugar-com-fotografias-recentes-e-ineditas-do-jornalista-e-apresentador-pedro-andrade-sera-exibida-pela-primeira-vez-na-anita-schwartz-galeria-de-arte\/#article\",\"isPartOf\":{\"@id\":\"https:\/\/www.pressenza.com\/pt-pt\/2022\/12\/exposicao-outro-lugar-com-fotografias-recentes-e-ineditas-do-jornalista-e-apresentador-pedro-andrade-sera-exibida-pela-primeira-vez-na-anita-schwartz-galeria-de-arte\/\"},\"author\":{\"name\":\"Reda\u00e7\u00e3o Rio de Janeiro\",\"@id\":\"https:\/\/www.pressenza.com\/pt-pt\/#\/schema\/person\/6925e927f8ff3a0cdb838320c5d12259\"},\"headline\":\"Exposi\u00e7\u00e3o \u201cOutro Lugar\u201d, com fotografias recentes e in\u00e9ditas do jornalista e apresentador Pedro Andrade, ser\u00e1 exibida pela primeira vez na Anita Schwartz Galeria de Arte\",\"datePublished\":\"2022-12-05T15:39:51+00:00\",\"mainEntityOfPage\":{\"@id\":\"https:\/\/www.pressenza.com\/pt-pt\/2022\/12\/exposicao-outro-lugar-com-fotografias-recentes-e-ineditas-do-jornalista-e-apresentador-pedro-andrade-sera-exibida-pela-primeira-vez-na-anita-schwartz-galeria-de-arte\/\"},\"wordCount\":834,\"publisher\":{\"@id\":\"https:\/\/www.pressenza.com\/pt-pt\/#organization\"},\"image\":{\"@id\":\"https:\/\/www.pressenza.com\/pt-pt\/2022\/12\/exposicao-outro-lugar-com-fotografias-recentes-e-ineditas-do-jornalista-e-apresentador-pedro-andrade-sera-exibida-pela-primeira-vez-na-anita-schwartz-galeria-de-arte\/#primaryimage\"},\"thumbnailUrl\":\"https:\/\/www.pressenza.com\/wp-content\/uploads\/2022\/12\/Pedro-Andrade_Sem-Titulo-Pigmento-sobre-papel-HAHNEMUHLE-PHOTO-RAG-SATIN-310-gsm_Edicao-1_5-2PA_-exposicao-Outro-Lugar_-Anita-Schwartz-4.jpg\",\"keywords\":[\"caderno de cultura\",\"exposi\u00e7\u00e3o\",\"fotografia\"],\"articleSection\":[\"Am\u00e9rica Central\",\"\u00c1m\u00e9rica do Sul\",\"Conte\u00fado Original\",\"Cultura e M\u00eddia\",\"Foto reportagem\",\"Nota de imprensa\"],\"inLanguage\":\"pt-PT\"},{\"@type\":\"WebPage\",\"@id\":\"https:\/\/www.pressenza.com\/pt-pt\/2022\/12\/exposicao-outro-lugar-com-fotografias-recentes-e-ineditas-do-jornalista-e-apresentador-pedro-andrade-sera-exibida-pela-primeira-vez-na-anita-schwartz-galeria-de-arte\/\",\"url\":\"https:\/\/www.pressenza.com\/pt-pt\/2022\/12\/exposicao-outro-lugar-com-fotografias-recentes-e-ineditas-do-jornalista-e-apresentador-pedro-andrade-sera-exibida-pela-primeira-vez-na-anita-schwartz-galeria-de-arte\/\",\"name\":\"Exposi\u00e7\u00e3o \u201cOutro Lugar\u201d, com fotografias recentes e in\u00e9ditas do jornalista e apresentador Pedro Andrade, ser\u00e1 exibida pela primeira vez na Anita Schwartz Galeria de Arte\",\"isPartOf\":{\"@id\":\"https:\/\/www.pressenza.com\/pt-pt\/#website\"},\"primaryImageOfPage\":{\"@id\":\"https:\/\/www.pressenza.com\/pt-pt\/2022\/12\/exposicao-outro-lugar-com-fotografias-recentes-e-ineditas-do-jornalista-e-apresentador-pedro-andrade-sera-exibida-pela-primeira-vez-na-anita-schwartz-galeria-de-arte\/#primaryimage\"},\"image\":{\"@id\":\"https:\/\/www.pressenza.com\/pt-pt\/2022\/12\/exposicao-outro-lugar-com-fotografias-recentes-e-ineditas-do-jornalista-e-apresentador-pedro-andrade-sera-exibida-pela-primeira-vez-na-anita-schwartz-galeria-de-arte\/#primaryimage\"},\"thumbnailUrl\":\"https:\/\/www.pressenza.com\/wp-content\/uploads\/2022\/12\/Pedro-Andrade_Sem-Titulo-Pigmento-sobre-papel-HAHNEMUHLE-PHOTO-RAG-SATIN-310-gsm_Edicao-1_5-2PA_-exposicao-Outro-Lugar_-Anita-Schwartz-4.jpg\",\"datePublished\":\"2022-12-05T15:39:51+00:00\",\"description\":\"FOTOGRAFIA Por CWeA Comunica\u00e7\u00e3o\u00a0 &nbsp; O jornalista e apresentador mostra pela primeira vez seu trabalho autoral em fotografia, a que se dedica h\u00e1 20\",\"breadcrumb\":{\"@id\":\"https:\/\/www.pressenza.com\/pt-pt\/2022\/12\/exposicao-outro-lugar-com-fotografias-recentes-e-ineditas-do-jornalista-e-apresentador-pedro-andrade-sera-exibida-pela-primeira-vez-na-anita-schwartz-galeria-de-arte\/#breadcrumb\"},\"inLanguage\":\"pt-PT\",\"potentialAction\":[{\"@type\":\"ReadAction\",\"target\":[\"https:\/\/www.pressenza.com\/pt-pt\/2022\/12\/exposicao-outro-lugar-com-fotografias-recentes-e-ineditas-do-jornalista-e-apresentador-pedro-andrade-sera-exibida-pela-primeira-vez-na-anita-schwartz-galeria-de-arte\/\"]}]},{\"@type\":\"ImageObject\",\"inLanguage\":\"pt-PT\",\"@id\":\"https:\/\/www.pressenza.com\/pt-pt\/2022\/12\/exposicao-outro-lugar-com-fotografias-recentes-e-ineditas-do-jornalista-e-apresentador-pedro-andrade-sera-exibida-pela-primeira-vez-na-anita-schwartz-galeria-de-arte\/#primaryimage\",\"url\":\"https:\/\/www.pressenza.com\/wp-content\/uploads\/2022\/12\/Pedro-Andrade_Sem-Titulo-Pigmento-sobre-papel-HAHNEMUHLE-PHOTO-RAG-SATIN-310-gsm_Edicao-1_5-2PA_-exposicao-Outro-Lugar_-Anita-Schwartz-4.jpg\",\"contentUrl\":\"https:\/\/www.pressenza.com\/wp-content\/uploads\/2022\/12\/Pedro-Andrade_Sem-Titulo-Pigmento-sobre-papel-HAHNEMUHLE-PHOTO-RAG-SATIN-310-gsm_Edicao-1_5-2PA_-exposicao-Outro-Lugar_-Anita-Schwartz-4.jpg\",\"width\":850,\"height\":567},{\"@type\":\"BreadcrumbList\",\"@id\":\"https:\/\/www.pressenza.com\/pt-pt\/2022\/12\/exposicao-outro-lugar-com-fotografias-recentes-e-ineditas-do-jornalista-e-apresentador-pedro-andrade-sera-exibida-pela-primeira-vez-na-anita-schwartz-galeria-de-arte\/#breadcrumb\",\"itemListElement\":[{\"@type\":\"ListItem\",\"position\":1,\"name\":\"Accueil\",\"item\":\"https:\/\/www.pressenza.com\/pt-pt\/\"},{\"@type\":\"ListItem\",\"position\":2,\"name\":\"Exposi\u00e7\u00e3o \u201cOutro Lugar\u201d, com fotografias recentes e in\u00e9ditas do jornalista e apresentador Pedro Andrade, ser\u00e1 exibida pela primeira vez na Anita Schwartz Galeria de Arte\"}]},{\"@type\":\"WebSite\",\"@id\":\"https:\/\/www.pressenza.com\/pt-pt\/#website\",\"url\":\"https:\/\/www.pressenza.com\/pt-pt\/\",\"name\":\"Pressenza\",\"description\":\"International Press Agency\",\"publisher\":{\"@id\":\"https:\/\/www.pressenza.com\/pt-pt\/#organization\"},\"potentialAction\":[{\"@type\":\"SearchAction\",\"target\":{\"@type\":\"EntryPoint\",\"urlTemplate\":\"https:\/\/www.pressenza.com\/pt-pt\/?s={search_term_string}\"},\"query-input\":{\"@type\":\"PropertyValueSpecification\",\"valueRequired\":true,\"valueName\":\"search_term_string\"}}],\"inLanguage\":\"pt-PT\"},{\"@type\":\"Organization\",\"@id\":\"https:\/\/www.pressenza.com\/pt-pt\/#organization\",\"name\":\"Pressenza\",\"url\":\"https:\/\/www.pressenza.com\/pt-pt\/\",\"logo\":{\"@type\":\"ImageObject\",\"inLanguage\":\"pt-PT\",\"@id\":\"https:\/\/www.pressenza.com\/pt-pt\/#\/schema\/logo\/image\/\",\"url\":\"https:\/\/www.pressenza.com\/wp-content\/uploads\/2022\/10\/pressenza_logo_200x200.jpg\",\"contentUrl\":\"https:\/\/www.pressenza.com\/wp-content\/uploads\/2022\/10\/pressenza_logo_200x200.jpg\",\"width\":200,\"height\":200,\"caption\":\"Pressenza\"},\"image\":{\"@id\":\"https:\/\/www.pressenza.com\/pt-pt\/#\/schema\/logo\/image\/\"},\"sameAs\":[\"https:\/\/www.facebook.com\/PressenzaItalia\",\"https:\/\/x.com\/PressenzaIPA\"]},{\"@type\":\"Person\",\"@id\":\"https:\/\/www.pressenza.com\/pt-pt\/#\/schema\/person\/6925e927f8ff3a0cdb838320c5d12259\",\"name\":\"Reda\u00e7\u00e3o Rio de Janeiro\",\"description\":\"News published by the Pressenza bureau in Rio de Janeiro, Brazil\",\"url\":\"https:\/\/www.pressenza.com\/pt-pt\/author\/redacao-rio-de-janeiro\/\"}]}<\/script>\n<!-- \/ Yoast SEO plugin. -->","yoast_head_json":{"title":"Exposi\u00e7\u00e3o \u201cOutro Lugar\u201d, com fotografias recentes e in\u00e9ditas do jornalista e apresentador Pedro Andrade, ser\u00e1 exibida pela primeira vez na Anita Schwartz Galeria de Arte","description":"FOTOGRAFIA Por CWeA Comunica\u00e7\u00e3o\u00a0 &nbsp; O jornalista e apresentador mostra pela primeira vez seu trabalho autoral em fotografia, a que se dedica h\u00e1 20","robots":{"index":"index","follow":"follow","max-snippet":"max-snippet:-1","max-image-preview":"max-image-preview:large","max-video-preview":"max-video-preview:-1"},"canonical":"https:\/\/www.pressenza.com\/pt-pt\/2022\/12\/exposicao-outro-lugar-com-fotografias-recentes-e-ineditas-do-jornalista-e-apresentador-pedro-andrade-sera-exibida-pela-primeira-vez-na-anita-schwartz-galeria-de-arte\/","og_locale":"pt_PT","og_type":"article","og_title":"Exposi\u00e7\u00e3o \u201cOutro Lugar\u201d, com fotografias recentes e in\u00e9ditas do jornalista e apresentador Pedro Andrade, ser\u00e1 exibida pela primeira vez na Anita Schwartz Galeria de Arte","og_description":"FOTOGRAFIA Por CWeA Comunica\u00e7\u00e3o\u00a0 &nbsp; O jornalista e apresentador mostra pela primeira vez seu trabalho autoral em fotografia, a que se dedica h\u00e1 20","og_url":"https:\/\/www.pressenza.com\/pt-pt\/2022\/12\/exposicao-outro-lugar-com-fotografias-recentes-e-ineditas-do-jornalista-e-apresentador-pedro-andrade-sera-exibida-pela-primeira-vez-na-anita-schwartz-galeria-de-arte\/","og_site_name":"Pressenza","article_publisher":"https:\/\/www.facebook.com\/PressenzaItalia","article_published_time":"2022-12-05T15:39:51+00:00","og_image":[{"width":850,"height":567,"url":"https:\/\/www.pressenza.com\/wp-content\/uploads\/2022\/12\/Pedro-Andrade_Sem-Titulo-Pigmento-sobre-papel-HAHNEMUHLE-PHOTO-RAG-SATIN-310-gsm_Edicao-1_5-2PA_-exposicao-Outro-Lugar_-Anita-Schwartz-4.jpg","type":"image\/jpeg"}],"author":"Reda\u00e7\u00e3o Rio de Janeiro","twitter_card":"summary_large_image","twitter_creator":"@PressenzaIPA","twitter_site":"@PressenzaIPA","twitter_misc":{"Escrito por":"Reda\u00e7\u00e3o Rio de Janeiro","Tempo estimado de leitura":"5 minutos"},"schema":{"@context":"https:\/\/schema.org","@graph":[{"@type":"Article","@id":"https:\/\/www.pressenza.com\/pt-pt\/2022\/12\/exposicao-outro-lugar-com-fotografias-recentes-e-ineditas-do-jornalista-e-apresentador-pedro-andrade-sera-exibida-pela-primeira-vez-na-anita-schwartz-galeria-de-arte\/#article","isPartOf":{"@id":"https:\/\/www.pressenza.com\/pt-pt\/2022\/12\/exposicao-outro-lugar-com-fotografias-recentes-e-ineditas-do-jornalista-e-apresentador-pedro-andrade-sera-exibida-pela-primeira-vez-na-anita-schwartz-galeria-de-arte\/"},"author":{"name":"Reda\u00e7\u00e3o Rio de Janeiro","@id":"https:\/\/www.pressenza.com\/pt-pt\/#\/schema\/person\/6925e927f8ff3a0cdb838320c5d12259"},"headline":"Exposi\u00e7\u00e3o \u201cOutro Lugar\u201d, com fotografias recentes e in\u00e9ditas do jornalista e apresentador Pedro Andrade, ser\u00e1 exibida pela primeira vez na Anita Schwartz Galeria de Arte","datePublished":"2022-12-05T15:39:51+00:00","mainEntityOfPage":{"@id":"https:\/\/www.pressenza.com\/pt-pt\/2022\/12\/exposicao-outro-lugar-com-fotografias-recentes-e-ineditas-do-jornalista-e-apresentador-pedro-andrade-sera-exibida-pela-primeira-vez-na-anita-schwartz-galeria-de-arte\/"},"wordCount":834,"publisher":{"@id":"https:\/\/www.pressenza.com\/pt-pt\/#organization"},"image":{"@id":"https:\/\/www.pressenza.com\/pt-pt\/2022\/12\/exposicao-outro-lugar-com-fotografias-recentes-e-ineditas-do-jornalista-e-apresentador-pedro-andrade-sera-exibida-pela-primeira-vez-na-anita-schwartz-galeria-de-arte\/#primaryimage"},"thumbnailUrl":"https:\/\/www.pressenza.com\/wp-content\/uploads\/2022\/12\/Pedro-Andrade_Sem-Titulo-Pigmento-sobre-papel-HAHNEMUHLE-PHOTO-RAG-SATIN-310-gsm_Edicao-1_5-2PA_-exposicao-Outro-Lugar_-Anita-Schwartz-4.jpg","keywords":["caderno de cultura","exposi\u00e7\u00e3o","fotografia"],"articleSection":["Am\u00e9rica Central","\u00c1m\u00e9rica do Sul","Conte\u00fado Original","Cultura e M\u00eddia","Foto reportagem","Nota de imprensa"],"inLanguage":"pt-PT"},{"@type":"WebPage","@id":"https:\/\/www.pressenza.com\/pt-pt\/2022\/12\/exposicao-outro-lugar-com-fotografias-recentes-e-ineditas-do-jornalista-e-apresentador-pedro-andrade-sera-exibida-pela-primeira-vez-na-anita-schwartz-galeria-de-arte\/","url":"https:\/\/www.pressenza.com\/pt-pt\/2022\/12\/exposicao-outro-lugar-com-fotografias-recentes-e-ineditas-do-jornalista-e-apresentador-pedro-andrade-sera-exibida-pela-primeira-vez-na-anita-schwartz-galeria-de-arte\/","name":"Exposi\u00e7\u00e3o \u201cOutro Lugar\u201d, com fotografias recentes e in\u00e9ditas do jornalista e apresentador Pedro Andrade, ser\u00e1 exibida pela primeira vez na Anita Schwartz Galeria de Arte","isPartOf":{"@id":"https:\/\/www.pressenza.com\/pt-pt\/#website"},"primaryImageOfPage":{"@id":"https:\/\/www.pressenza.com\/pt-pt\/2022\/12\/exposicao-outro-lugar-com-fotografias-recentes-e-ineditas-do-jornalista-e-apresentador-pedro-andrade-sera-exibida-pela-primeira-vez-na-anita-schwartz-galeria-de-arte\/#primaryimage"},"image":{"@id":"https:\/\/www.pressenza.com\/pt-pt\/2022\/12\/exposicao-outro-lugar-com-fotografias-recentes-e-ineditas-do-jornalista-e-apresentador-pedro-andrade-sera-exibida-pela-primeira-vez-na-anita-schwartz-galeria-de-arte\/#primaryimage"},"thumbnailUrl":"https:\/\/www.pressenza.com\/wp-content\/uploads\/2022\/12\/Pedro-Andrade_Sem-Titulo-Pigmento-sobre-papel-HAHNEMUHLE-PHOTO-RAG-SATIN-310-gsm_Edicao-1_5-2PA_-exposicao-Outro-Lugar_-Anita-Schwartz-4.jpg","datePublished":"2022-12-05T15:39:51+00:00","description":"FOTOGRAFIA Por CWeA Comunica\u00e7\u00e3o\u00a0 &nbsp; O jornalista e apresentador mostra pela primeira vez seu trabalho autoral em fotografia, a que se dedica h\u00e1 20","breadcrumb":{"@id":"https:\/\/www.pressenza.com\/pt-pt\/2022\/12\/exposicao-outro-lugar-com-fotografias-recentes-e-ineditas-do-jornalista-e-apresentador-pedro-andrade-sera-exibida-pela-primeira-vez-na-anita-schwartz-galeria-de-arte\/#breadcrumb"},"inLanguage":"pt-PT","potentialAction":[{"@type":"ReadAction","target":["https:\/\/www.pressenza.com\/pt-pt\/2022\/12\/exposicao-outro-lugar-com-fotografias-recentes-e-ineditas-do-jornalista-e-apresentador-pedro-andrade-sera-exibida-pela-primeira-vez-na-anita-schwartz-galeria-de-arte\/"]}]},{"@type":"ImageObject","inLanguage":"pt-PT","@id":"https:\/\/www.pressenza.com\/pt-pt\/2022\/12\/exposicao-outro-lugar-com-fotografias-recentes-e-ineditas-do-jornalista-e-apresentador-pedro-andrade-sera-exibida-pela-primeira-vez-na-anita-schwartz-galeria-de-arte\/#primaryimage","url":"https:\/\/www.pressenza.com\/wp-content\/uploads\/2022\/12\/Pedro-Andrade_Sem-Titulo-Pigmento-sobre-papel-HAHNEMUHLE-PHOTO-RAG-SATIN-310-gsm_Edicao-1_5-2PA_-exposicao-Outro-Lugar_-Anita-Schwartz-4.jpg","contentUrl":"https:\/\/www.pressenza.com\/wp-content\/uploads\/2022\/12\/Pedro-Andrade_Sem-Titulo-Pigmento-sobre-papel-HAHNEMUHLE-PHOTO-RAG-SATIN-310-gsm_Edicao-1_5-2PA_-exposicao-Outro-Lugar_-Anita-Schwartz-4.jpg","width":850,"height":567},{"@type":"BreadcrumbList","@id":"https:\/\/www.pressenza.com\/pt-pt\/2022\/12\/exposicao-outro-lugar-com-fotografias-recentes-e-ineditas-do-jornalista-e-apresentador-pedro-andrade-sera-exibida-pela-primeira-vez-na-anita-schwartz-galeria-de-arte\/#breadcrumb","itemListElement":[{"@type":"ListItem","position":1,"name":"Accueil","item":"https:\/\/www.pressenza.com\/pt-pt\/"},{"@type":"ListItem","position":2,"name":"Exposi\u00e7\u00e3o \u201cOutro Lugar\u201d, com fotografias recentes e in\u00e9ditas do jornalista e apresentador Pedro Andrade, ser\u00e1 exibida pela primeira vez na Anita Schwartz Galeria de Arte"}]},{"@type":"WebSite","@id":"https:\/\/www.pressenza.com\/pt-pt\/#website","url":"https:\/\/www.pressenza.com\/pt-pt\/","name":"Pressenza","description":"International Press Agency","publisher":{"@id":"https:\/\/www.pressenza.com\/pt-pt\/#organization"},"potentialAction":[{"@type":"SearchAction","target":{"@type":"EntryPoint","urlTemplate":"https:\/\/www.pressenza.com\/pt-pt\/?s={search_term_string}"},"query-input":{"@type":"PropertyValueSpecification","valueRequired":true,"valueName":"search_term_string"}}],"inLanguage":"pt-PT"},{"@type":"Organization","@id":"https:\/\/www.pressenza.com\/pt-pt\/#organization","name":"Pressenza","url":"https:\/\/www.pressenza.com\/pt-pt\/","logo":{"@type":"ImageObject","inLanguage":"pt-PT","@id":"https:\/\/www.pressenza.com\/pt-pt\/#\/schema\/logo\/image\/","url":"https:\/\/www.pressenza.com\/wp-content\/uploads\/2022\/10\/pressenza_logo_200x200.jpg","contentUrl":"https:\/\/www.pressenza.com\/wp-content\/uploads\/2022\/10\/pressenza_logo_200x200.jpg","width":200,"height":200,"caption":"Pressenza"},"image":{"@id":"https:\/\/www.pressenza.com\/pt-pt\/#\/schema\/logo\/image\/"},"sameAs":["https:\/\/www.facebook.com\/PressenzaItalia","https:\/\/x.com\/PressenzaIPA"]},{"@type":"Person","@id":"https:\/\/www.pressenza.com\/pt-pt\/#\/schema\/person\/6925e927f8ff3a0cdb838320c5d12259","name":"Reda\u00e7\u00e3o Rio de Janeiro","description":"News published by the Pressenza bureau in Rio de Janeiro, Brazil","url":"https:\/\/www.pressenza.com\/pt-pt\/author\/redacao-rio-de-janeiro\/"}]}},"place":"","original_article_url":"","_links":{"self":[{"href":"https:\/\/www.pressenza.com\/pt-pt\/wp-json\/wp\/v2\/posts\/1697883","targetHints":{"allow":["GET"]}}],"collection":[{"href":"https:\/\/www.pressenza.com\/pt-pt\/wp-json\/wp\/v2\/posts"}],"about":[{"href":"https:\/\/www.pressenza.com\/pt-pt\/wp-json\/wp\/v2\/types\/post"}],"author":[{"embeddable":true,"href":"https:\/\/www.pressenza.com\/pt-pt\/wp-json\/wp\/v2\/users\/1685"}],"replies":[{"embeddable":true,"href":"https:\/\/www.pressenza.com\/pt-pt\/wp-json\/wp\/v2\/comments?post=1697883"}],"version-history":[{"count":0,"href":"https:\/\/www.pressenza.com\/pt-pt\/wp-json\/wp\/v2\/posts\/1697883\/revisions"}],"wp:featuredmedia":[{"embeddable":true,"href":"https:\/\/www.pressenza.com\/pt-pt\/wp-json\/wp\/v2\/media\/1697886"}],"wp:attachment":[{"href":"https:\/\/www.pressenza.com\/pt-pt\/wp-json\/wp\/v2\/media?parent=1697883"}],"wp:term":[{"taxonomy":"category","embeddable":true,"href":"https:\/\/www.pressenza.com\/pt-pt\/wp-json\/wp\/v2\/categories?post=1697883"},{"taxonomy":"post_tag","embeddable":true,"href":"https:\/\/www.pressenza.com\/pt-pt\/wp-json\/wp\/v2\/tags?post=1697883"}],"curies":[{"name":"wp","href":"https:\/\/api.w.org\/{rel}","templated":true}]}}