{"id":1696116,"date":"2022-11-26T13:40:02","date_gmt":"2022-11-26T13:40:02","guid":{"rendered":"https:\/\/www.pressenza.com\/?p=1696116"},"modified":"2022-11-26T13:40:02","modified_gmt":"2022-11-26T13:40:02","slug":"novas-formas-de-jornalismo-e-o-direito-a-liberdade-de-expressao","status":"publish","type":"post","link":"https:\/\/www.pressenza.com\/pt-pt\/2022\/11\/novas-formas-de-jornalismo-e-o-direito-a-liberdade-de-expressao\/","title":{"rendered":"Novas formas de jornalismo e o direito \u00e0 liberdade de express\u00e3o!"},"content":{"rendered":"<p><span style=\"font-weight: 400;\">Um jornalista pode se manifestar nas redes sociais pelo meio ambiente ou mostrar seu apoio a um cessar-fogo na Ucr\u00e2nia ?<\/span><\/p>\n<p><span style=\"font-weight: 400;\">A comunidade jornal\u00edstica de Quebec debateu esse tipo de quest\u00e3o na confer\u00eancia anual da Federa\u00e7\u00e3o Profissional de Jornalistas de Quebec (FPJQ), que teve como tema \u201c<\/span><i><span style=\"font-weight: 400;\">Isso n\u00e3o \u00e9 censura\u201d. <\/span><\/i><span style=\"font-weight: 400;\">O congresso de jornalistas foi realizado de 4 a 6 de novembro no<\/span><i><span style=\"font-weight: 400;\"> Mont-Sainte-Anne<\/span><\/i><span style=\"font-weight: 400;\"> em <\/span><i><span style=\"font-weight: 400;\">Beaupr\u00e9<\/span><\/i><span style=\"font-weight: 400;\">.<\/span><\/p>\n<p><span style=\"font-weight: 400;\">V\u00e1rios jornalistas enfatizaram a necessidade dos rep\u00f3rteres manterem suas opini\u00f5es para si mesmos, evitando qualquer forma de conflito de interesses. Enquanto outros acham que os jornalistas e rep\u00f3rteres t\u00eam preconceitos e devem ser capazes de falar sobre assuntos que os afetam.<\/span><\/p>\n<p><span style=\"font-weight: 400;\">Segundo Fran\u00e7ois Cardinal, vice-presidente de Informa\u00e7\u00e3o e editor associado do <\/span><i><span style=\"font-weight: 400;\">La Presse:<\/span><\/i><\/p>\n<blockquote><p><span style=\"font-weight: 400;\">\u201cOs jornalistas do <\/span><i><span style=\"font-weight: 400;\">La Presse<\/span><\/i><span style=\"font-weight: 400;\"> n\u00e3o t\u00eam o direito de se manifestar, n\u00e3o t\u00eam permiss\u00e3o para se juntar a nenhum grupo ou organiza\u00e7\u00e3o militante. Eles n\u00e3o t\u00eam o direito de expressar sua opini\u00e3o publicamente, seja nas redes sociais ou em outros lugares, a menos que sejam colunistas, cr\u00edticos ou redatores. Este \u00e9 o alicerce da profiss\u00e3o. Essa \u00e9 a base da pr\u00e1tica de qualquer rep\u00f3rter que trabalha no<\/span><i><span style=\"font-weight: 400;\"> La Presse<\/span><\/i><span style=\"font-weight: 400;\"> ou em qualquer grande m\u00eddia generalista de Quebec.&#8221; (Fonte: <\/span><a href=\"https:\/\/www.lapresse.ca\/actualites\/chroniques\/2022-11-13\/dans-le-calepin-de-l-editeur-adjoint\/vous-voulez-changer-le-monde.php\" target=\"_blank\" rel=\"noopener\"><i><span style=\"font-weight: 400;\">La Presse<\/span><\/i><\/a><i><span style=\"font-weight: 400;\">)<\/span><\/i><\/p><\/blockquote>\n<p><span style=\"font-weight: 400;\">Para Cardinal, um jornalista deve ter um dever de confidencialidade, de forma a preservar sua neutralidade e independ\u00eancia profissional.<\/span><\/p>\n<p><span style=\"font-weight: 400;\">Por outro lado, nem todos os jornalistas presentes na conven\u00e7\u00e3o da FPJQ compartilharam do ponto de vista do vice-presidente e editor d<\/span><i><span style=\"font-weight: 400;\">o La Presse.<\/span><\/i><span style=\"font-weight: 400;\"> Lela Savic, fundadora e editora-chefe da m\u00eddia <\/span><a href=\"https:\/\/laconverse.com\/\" target=\"_blank\" rel=\"noopener\"><i><span style=\"font-weight: 400;\">La Converse<\/span><\/i><\/a><span style=\"font-weight: 400;\">, pratica o <\/span><i><span style=\"font-weight: 400;\">jornalismo de di\u00e1logo<\/span><\/i><span style=\"font-weight: 400;\"> cobrindo principalmente temas e vozes da diversidade. Enquanto Alexis Ross, editor -chefe do <\/span><a href=\"https:\/\/pivot.quebec\/\" target=\"_blank\" rel=\"noopener\"><i><span style=\"font-weight: 400;\">Pivot<\/span><\/i><\/a><span style=\"font-weight: 400;\"> e membro do coletivo editorial da revista <\/span><i><span style=\"font-weight: 400;\">\u00c0 b\u00e2bord!<\/span><\/i><span style=\"font-weight: 400;\"> defende um jornalismo focado na justi\u00e7a social, que contribua para a constru\u00e7\u00e3o de uma opini\u00e3o p\u00fablica progressista, informada e forte. Segundo ele, os jornalistas do <\/span><i><span style=\"font-weight: 400;\">Pivot<\/span><\/i><span style=\"font-weight: 400;\"> t\u00eam o direito de manifestar-se livremente. (Fonte: <\/span><a href=\"https:\/\/www.lapresse.ca\/actualites\/chroniques\/2022-11-13\/dans-le-calepin-de-l-editeur-adjoint\/vous-voulez-changer-le-monde.php\" target=\"_blank\" rel=\"noopener\"><i><span style=\"font-weight: 400;\">La Presse<\/span><\/i><\/a><i><span style=\"font-weight: 400;\">)<\/span><\/i><\/p>\n<p><span style=\"font-weight: 400;\">De fato, ao contr\u00e1rio do que possa pensar Fran\u00e7ois Cardinal, todo o jornalismo, mesmo que se afirme objetivo, depende de um ponto de vista, de uma linha de ideias anterior \u00e0 constru\u00e7\u00e3o das palavras e das imagens. E \u00e9 por isso que um n\u00famero cada vez maior de pessoas, especialmente as gera\u00e7\u00f5es mais jovens, questionam o papel do jornalismo nas grandes m\u00eddias. Eles entendem que apoiam um discurso social, se calam e, muitas vezes, distorcem certas demandas e viv\u00eancias que refletem outra realidade. A realidade dos exclu\u00eddos do poder, dos sem voz ou de todos aqueles grupos que prop\u00f5em solu\u00e7\u00f5es transformadoras e n\u00e3o violentas para a sociedade.<\/span><\/p>\n<p><span style=\"font-weight: 400;\">Ali\u00e1s, mais do que nunca, os jornalistas das novas gera\u00e7\u00f5es ter\u00e3o que desempenhar um papel central no tratamento da informa\u00e7\u00e3o e na cria\u00e7\u00e3o do <\/span><i><span style=\"font-weight: 400;\">bem social<\/span><\/i><span style=\"font-weight: 400;\"> que \u00e9 a informa\u00e7\u00e3o.<\/span><\/p>\n<p><span style=\"font-weight: 400;\">Hoje, come\u00e7am a surgir o jornalismo de di\u00e1logo, o jornalismo militante e o jornalismo n\u00e3o violento. Novas formas de jornalismo que se tornar\u00e3o cada vez mais importantes. Pois elas j\u00e1 n\u00e3o s\u00e3o simplesmente informa\u00e7\u00f5es associadas a novidades ou \u00faltimas not\u00edcias, mas eventos atuais decifrados do que est\u00e1 acontecendo na vida real e cotidiana das pessoas. N\u00e3o se trata mais simplesmente de estar informado sobre eventos mundiais, mas de informa\u00e7\u00f5es que constituem a matriz que molda nossa maneira de ser, nossa vis\u00e3o do mundo e nossas rela\u00e7\u00f5es com os outros.<\/span><\/p>\n<hr \/>\n<p><em><span style=\"font-weight: 400;\">Tradu\u00e7\u00e3o do franc\u00eas de Aline Arana<\/span><\/em><i><\/i><\/p>\n","protected":false},"excerpt":{"rendered":"<p>Um jornalista pode se manifestar nas redes sociais pelo meio ambiente ou mostrar seu apoio a um cessar-fogo na Ucr\u00e2nia ? A comunidade jornal\u00edstica de Quebec debateu esse tipo de quest\u00e3o na confer\u00eancia anual da Federa\u00e7\u00e3o Profissional de Jornalistas de&hellip;<\/p>\n","protected":false},"author":63,"featured_media":1470052,"comment_status":"closed","ping_status":"closed","sticky":false,"template":"","format":"standard","meta":{"footnotes":""},"categories":[11390,112,42,165],"tags":[107904,18930,11866,8347],"class_list":["post-1696116","post","type-post","status-publish","format-standard","has-post-thumbnail","hentry","category-conteudo-original","category-cultura-pt-pt","category-internacional-2","category-opiniao","tag-fpjq-pt-pt","tag-jornalismo","tag-juventude","tag-liberdade-de-expressao"],"yoast_head":"<!-- This site is optimized with the Yoast SEO plugin v27.1.1 - https:\/\/yoast.com\/product\/yoast-seo-wordpress\/ -->\n<title>Novas formas de jornalismo e o direito \u00e0 liberdade de express\u00e3o!<\/title>\n<meta name=\"description\" content=\"Um jornalista pode se manifestar nas redes sociais pelo meio ambiente ou mostrar seu apoio a um cessar-fogo na Ucr\u00e2nia ? A comunidade jornal\u00edstica de\" \/>\n<meta name=\"robots\" content=\"index, follow, max-snippet:-1, max-image-preview:large, max-video-preview:-1\" \/>\n<link rel=\"canonical\" href=\"https:\/\/www.pressenza.com\/pt-pt\/2022\/11\/novas-formas-de-jornalismo-e-o-direito-a-liberdade-de-expressao\/\" \/>\n<meta property=\"og:locale\" content=\"pt_PT\" \/>\n<meta property=\"og:type\" content=\"article\" \/>\n<meta property=\"og:title\" content=\"Novas formas de jornalismo e o direito \u00e0 liberdade de express\u00e3o!\" \/>\n<meta property=\"og:description\" content=\"Um jornalista pode se manifestar nas redes sociais pelo meio ambiente ou mostrar seu apoio a um cessar-fogo na Ucr\u00e2nia ? A comunidade jornal\u00edstica de\" \/>\n<meta property=\"og:url\" content=\"https:\/\/www.pressenza.com\/pt-pt\/2022\/11\/novas-formas-de-jornalismo-e-o-direito-a-liberdade-de-expressao\/\" \/>\n<meta property=\"og:site_name\" content=\"Pressenza\" \/>\n<meta property=\"article:publisher\" content=\"https:\/\/www.facebook.com\/PressenzaItalia\" \/>\n<meta property=\"article:published_time\" content=\"2022-11-26T13:40:02+00:00\" \/>\n<meta property=\"og:image\" content=\"https:\/\/www.pressenza.com\/wp-content\/uploads\/2021\/11\/journalists-1400x700-1.jpg\" \/>\n\t<meta property=\"og:image:width\" content=\"1420\" \/>\n\t<meta property=\"og:image:height\" content=\"710\" \/>\n\t<meta property=\"og:image:type\" content=\"image\/jpeg\" \/>\n<meta name=\"author\" content=\"Anne Farrell\" \/>\n<meta name=\"twitter:card\" content=\"summary_large_image\" \/>\n<meta name=\"twitter:creator\" content=\"@PressenzaIPA\" \/>\n<meta name=\"twitter:site\" content=\"@PressenzaIPA\" \/>\n<meta name=\"twitter:label1\" content=\"Escrito por\" \/>\n\t<meta name=\"twitter:data1\" content=\"Anne Farrell\" \/>\n\t<meta name=\"twitter:label2\" content=\"Tempo estimado de leitura\" \/>\n\t<meta name=\"twitter:data2\" content=\"3 minutos\" \/>\n<script type=\"application\/ld+json\" class=\"yoast-schema-graph\">{\"@context\":\"https:\/\/schema.org\",\"@graph\":[{\"@type\":\"Article\",\"@id\":\"https:\/\/www.pressenza.com\/pt-pt\/2022\/11\/novas-formas-de-jornalismo-e-o-direito-a-liberdade-de-expressao\/#article\",\"isPartOf\":{\"@id\":\"https:\/\/www.pressenza.com\/pt-pt\/2022\/11\/novas-formas-de-jornalismo-e-o-direito-a-liberdade-de-expressao\/\"},\"author\":{\"name\":\"Anne Farrell\",\"@id\":\"https:\/\/www.pressenza.com\/pt-pt\/#\/schema\/person\/06fe29d0640b1b3c6e87b05e162391e0\"},\"headline\":\"Novas formas de jornalismo e o direito \u00e0 liberdade de express\u00e3o!\",\"datePublished\":\"2022-11-26T13:40:02+00:00\",\"mainEntityOfPage\":{\"@id\":\"https:\/\/www.pressenza.com\/pt-pt\/2022\/11\/novas-formas-de-jornalismo-e-o-direito-a-liberdade-de-expressao\/\"},\"wordCount\":617,\"publisher\":{\"@id\":\"https:\/\/www.pressenza.com\/pt-pt\/#organization\"},\"image\":{\"@id\":\"https:\/\/www.pressenza.com\/pt-pt\/2022\/11\/novas-formas-de-jornalismo-e-o-direito-a-liberdade-de-expressao\/#primaryimage\"},\"thumbnailUrl\":\"https:\/\/www.pressenza.com\/wp-content\/uploads\/2021\/11\/journalists-1400x700-1.jpg\",\"keywords\":[\"FPJQ\",\"jornalismo\",\"juventude\",\"liberdade de expressao\"],\"articleSection\":[\"Conte\u00fado Original\",\"Cultura e M\u00eddia\",\"Internacional\",\"Opini\u00e3o\"],\"inLanguage\":\"pt-PT\"},{\"@type\":\"WebPage\",\"@id\":\"https:\/\/www.pressenza.com\/pt-pt\/2022\/11\/novas-formas-de-jornalismo-e-o-direito-a-liberdade-de-expressao\/\",\"url\":\"https:\/\/www.pressenza.com\/pt-pt\/2022\/11\/novas-formas-de-jornalismo-e-o-direito-a-liberdade-de-expressao\/\",\"name\":\"Novas formas de jornalismo e o direito \u00e0 liberdade de express\u00e3o!\",\"isPartOf\":{\"@id\":\"https:\/\/www.pressenza.com\/pt-pt\/#website\"},\"primaryImageOfPage\":{\"@id\":\"https:\/\/www.pressenza.com\/pt-pt\/2022\/11\/novas-formas-de-jornalismo-e-o-direito-a-liberdade-de-expressao\/#primaryimage\"},\"image\":{\"@id\":\"https:\/\/www.pressenza.com\/pt-pt\/2022\/11\/novas-formas-de-jornalismo-e-o-direito-a-liberdade-de-expressao\/#primaryimage\"},\"thumbnailUrl\":\"https:\/\/www.pressenza.com\/wp-content\/uploads\/2021\/11\/journalists-1400x700-1.jpg\",\"datePublished\":\"2022-11-26T13:40:02+00:00\",\"description\":\"Um jornalista pode se manifestar nas redes sociais pelo meio ambiente ou mostrar seu apoio a um cessar-fogo na Ucr\u00e2nia ? A comunidade jornal\u00edstica de\",\"breadcrumb\":{\"@id\":\"https:\/\/www.pressenza.com\/pt-pt\/2022\/11\/novas-formas-de-jornalismo-e-o-direito-a-liberdade-de-expressao\/#breadcrumb\"},\"inLanguage\":\"pt-PT\",\"potentialAction\":[{\"@type\":\"ReadAction\",\"target\":[\"https:\/\/www.pressenza.com\/pt-pt\/2022\/11\/novas-formas-de-jornalismo-e-o-direito-a-liberdade-de-expressao\/\"]}]},{\"@type\":\"ImageObject\",\"inLanguage\":\"pt-PT\",\"@id\":\"https:\/\/www.pressenza.com\/pt-pt\/2022\/11\/novas-formas-de-jornalismo-e-o-direito-a-liberdade-de-expressao\/#primaryimage\",\"url\":\"https:\/\/www.pressenza.com\/wp-content\/uploads\/2021\/11\/journalists-1400x700-1.jpg\",\"contentUrl\":\"https:\/\/www.pressenza.com\/wp-content\/uploads\/2021\/11\/journalists-1400x700-1.jpg\",\"width\":1420,\"height\":710,\"caption\":\"Female reporter at press conference, writing notes, holding microphone\"},{\"@type\":\"BreadcrumbList\",\"@id\":\"https:\/\/www.pressenza.com\/pt-pt\/2022\/11\/novas-formas-de-jornalismo-e-o-direito-a-liberdade-de-expressao\/#breadcrumb\",\"itemListElement\":[{\"@type\":\"ListItem\",\"position\":1,\"name\":\"Accueil\",\"item\":\"https:\/\/www.pressenza.com\/pt-pt\/\"},{\"@type\":\"ListItem\",\"position\":2,\"name\":\"Novas formas de jornalismo e o direito \u00e0 liberdade de express\u00e3o!\"}]},{\"@type\":\"WebSite\",\"@id\":\"https:\/\/www.pressenza.com\/pt-pt\/#website\",\"url\":\"https:\/\/www.pressenza.com\/pt-pt\/\",\"name\":\"Pressenza\",\"description\":\"International Press Agency\",\"publisher\":{\"@id\":\"https:\/\/www.pressenza.com\/pt-pt\/#organization\"},\"potentialAction\":[{\"@type\":\"SearchAction\",\"target\":{\"@type\":\"EntryPoint\",\"urlTemplate\":\"https:\/\/www.pressenza.com\/pt-pt\/?s={search_term_string}\"},\"query-input\":{\"@type\":\"PropertyValueSpecification\",\"valueRequired\":true,\"valueName\":\"search_term_string\"}}],\"inLanguage\":\"pt-PT\"},{\"@type\":\"Organization\",\"@id\":\"https:\/\/www.pressenza.com\/pt-pt\/#organization\",\"name\":\"Pressenza\",\"url\":\"https:\/\/www.pressenza.com\/pt-pt\/\",\"logo\":{\"@type\":\"ImageObject\",\"inLanguage\":\"pt-PT\",\"@id\":\"https:\/\/www.pressenza.com\/pt-pt\/#\/schema\/logo\/image\/\",\"url\":\"https:\/\/www.pressenza.com\/wp-content\/uploads\/2022\/10\/pressenza_logo_200x200.jpg\",\"contentUrl\":\"https:\/\/www.pressenza.com\/wp-content\/uploads\/2022\/10\/pressenza_logo_200x200.jpg\",\"width\":200,\"height\":200,\"caption\":\"Pressenza\"},\"image\":{\"@id\":\"https:\/\/www.pressenza.com\/pt-pt\/#\/schema\/logo\/image\/\"},\"sameAs\":[\"https:\/\/www.facebook.com\/PressenzaItalia\",\"https:\/\/x.com\/PressenzaIPA\"]},{\"@type\":\"Person\",\"@id\":\"https:\/\/www.pressenza.com\/pt-pt\/#\/schema\/person\/06fe29d0640b1b3c6e87b05e162391e0\",\"name\":\"Anne Farrell\",\"description\":\"Anne Farrell is the author of the books: A meaning of Life that defied the unbearable fate in mass extinction, A tribute to reconciliation and its missing image in the Western World\",\"url\":\"https:\/\/www.pressenza.com\/pt-pt\/author\/anne-farrell\/\"}]}<\/script>\n<!-- \/ Yoast SEO plugin. -->","yoast_head_json":{"title":"Novas formas de jornalismo e o direito \u00e0 liberdade de express\u00e3o!","description":"Um jornalista pode se manifestar nas redes sociais pelo meio ambiente ou mostrar seu apoio a um cessar-fogo na Ucr\u00e2nia ? A comunidade jornal\u00edstica de","robots":{"index":"index","follow":"follow","max-snippet":"max-snippet:-1","max-image-preview":"max-image-preview:large","max-video-preview":"max-video-preview:-1"},"canonical":"https:\/\/www.pressenza.com\/pt-pt\/2022\/11\/novas-formas-de-jornalismo-e-o-direito-a-liberdade-de-expressao\/","og_locale":"pt_PT","og_type":"article","og_title":"Novas formas de jornalismo e o direito \u00e0 liberdade de express\u00e3o!","og_description":"Um jornalista pode se manifestar nas redes sociais pelo meio ambiente ou mostrar seu apoio a um cessar-fogo na Ucr\u00e2nia ? A comunidade jornal\u00edstica de","og_url":"https:\/\/www.pressenza.com\/pt-pt\/2022\/11\/novas-formas-de-jornalismo-e-o-direito-a-liberdade-de-expressao\/","og_site_name":"Pressenza","article_publisher":"https:\/\/www.facebook.com\/PressenzaItalia","article_published_time":"2022-11-26T13:40:02+00:00","og_image":[{"width":1420,"height":710,"url":"https:\/\/www.pressenza.com\/wp-content\/uploads\/2021\/11\/journalists-1400x700-1.jpg","type":"image\/jpeg"}],"author":"Anne Farrell","twitter_card":"summary_large_image","twitter_creator":"@PressenzaIPA","twitter_site":"@PressenzaIPA","twitter_misc":{"Escrito por":"Anne Farrell","Tempo estimado de leitura":"3 minutos"},"schema":{"@context":"https:\/\/schema.org","@graph":[{"@type":"Article","@id":"https:\/\/www.pressenza.com\/pt-pt\/2022\/11\/novas-formas-de-jornalismo-e-o-direito-a-liberdade-de-expressao\/#article","isPartOf":{"@id":"https:\/\/www.pressenza.com\/pt-pt\/2022\/11\/novas-formas-de-jornalismo-e-o-direito-a-liberdade-de-expressao\/"},"author":{"name":"Anne Farrell","@id":"https:\/\/www.pressenza.com\/pt-pt\/#\/schema\/person\/06fe29d0640b1b3c6e87b05e162391e0"},"headline":"Novas formas de jornalismo e o direito \u00e0 liberdade de express\u00e3o!","datePublished":"2022-11-26T13:40:02+00:00","mainEntityOfPage":{"@id":"https:\/\/www.pressenza.com\/pt-pt\/2022\/11\/novas-formas-de-jornalismo-e-o-direito-a-liberdade-de-expressao\/"},"wordCount":617,"publisher":{"@id":"https:\/\/www.pressenza.com\/pt-pt\/#organization"},"image":{"@id":"https:\/\/www.pressenza.com\/pt-pt\/2022\/11\/novas-formas-de-jornalismo-e-o-direito-a-liberdade-de-expressao\/#primaryimage"},"thumbnailUrl":"https:\/\/www.pressenza.com\/wp-content\/uploads\/2021\/11\/journalists-1400x700-1.jpg","keywords":["FPJQ","jornalismo","juventude","liberdade de expressao"],"articleSection":["Conte\u00fado Original","Cultura e M\u00eddia","Internacional","Opini\u00e3o"],"inLanguage":"pt-PT"},{"@type":"WebPage","@id":"https:\/\/www.pressenza.com\/pt-pt\/2022\/11\/novas-formas-de-jornalismo-e-o-direito-a-liberdade-de-expressao\/","url":"https:\/\/www.pressenza.com\/pt-pt\/2022\/11\/novas-formas-de-jornalismo-e-o-direito-a-liberdade-de-expressao\/","name":"Novas formas de jornalismo e o direito \u00e0 liberdade de express\u00e3o!","isPartOf":{"@id":"https:\/\/www.pressenza.com\/pt-pt\/#website"},"primaryImageOfPage":{"@id":"https:\/\/www.pressenza.com\/pt-pt\/2022\/11\/novas-formas-de-jornalismo-e-o-direito-a-liberdade-de-expressao\/#primaryimage"},"image":{"@id":"https:\/\/www.pressenza.com\/pt-pt\/2022\/11\/novas-formas-de-jornalismo-e-o-direito-a-liberdade-de-expressao\/#primaryimage"},"thumbnailUrl":"https:\/\/www.pressenza.com\/wp-content\/uploads\/2021\/11\/journalists-1400x700-1.jpg","datePublished":"2022-11-26T13:40:02+00:00","description":"Um jornalista pode se manifestar nas redes sociais pelo meio ambiente ou mostrar seu apoio a um cessar-fogo na Ucr\u00e2nia ? A comunidade jornal\u00edstica de","breadcrumb":{"@id":"https:\/\/www.pressenza.com\/pt-pt\/2022\/11\/novas-formas-de-jornalismo-e-o-direito-a-liberdade-de-expressao\/#breadcrumb"},"inLanguage":"pt-PT","potentialAction":[{"@type":"ReadAction","target":["https:\/\/www.pressenza.com\/pt-pt\/2022\/11\/novas-formas-de-jornalismo-e-o-direito-a-liberdade-de-expressao\/"]}]},{"@type":"ImageObject","inLanguage":"pt-PT","@id":"https:\/\/www.pressenza.com\/pt-pt\/2022\/11\/novas-formas-de-jornalismo-e-o-direito-a-liberdade-de-expressao\/#primaryimage","url":"https:\/\/www.pressenza.com\/wp-content\/uploads\/2021\/11\/journalists-1400x700-1.jpg","contentUrl":"https:\/\/www.pressenza.com\/wp-content\/uploads\/2021\/11\/journalists-1400x700-1.jpg","width":1420,"height":710,"caption":"Female reporter at press conference, writing notes, holding microphone"},{"@type":"BreadcrumbList","@id":"https:\/\/www.pressenza.com\/pt-pt\/2022\/11\/novas-formas-de-jornalismo-e-o-direito-a-liberdade-de-expressao\/#breadcrumb","itemListElement":[{"@type":"ListItem","position":1,"name":"Accueil","item":"https:\/\/www.pressenza.com\/pt-pt\/"},{"@type":"ListItem","position":2,"name":"Novas formas de jornalismo e o direito \u00e0 liberdade de express\u00e3o!"}]},{"@type":"WebSite","@id":"https:\/\/www.pressenza.com\/pt-pt\/#website","url":"https:\/\/www.pressenza.com\/pt-pt\/","name":"Pressenza","description":"International Press Agency","publisher":{"@id":"https:\/\/www.pressenza.com\/pt-pt\/#organization"},"potentialAction":[{"@type":"SearchAction","target":{"@type":"EntryPoint","urlTemplate":"https:\/\/www.pressenza.com\/pt-pt\/?s={search_term_string}"},"query-input":{"@type":"PropertyValueSpecification","valueRequired":true,"valueName":"search_term_string"}}],"inLanguage":"pt-PT"},{"@type":"Organization","@id":"https:\/\/www.pressenza.com\/pt-pt\/#organization","name":"Pressenza","url":"https:\/\/www.pressenza.com\/pt-pt\/","logo":{"@type":"ImageObject","inLanguage":"pt-PT","@id":"https:\/\/www.pressenza.com\/pt-pt\/#\/schema\/logo\/image\/","url":"https:\/\/www.pressenza.com\/wp-content\/uploads\/2022\/10\/pressenza_logo_200x200.jpg","contentUrl":"https:\/\/www.pressenza.com\/wp-content\/uploads\/2022\/10\/pressenza_logo_200x200.jpg","width":200,"height":200,"caption":"Pressenza"},"image":{"@id":"https:\/\/www.pressenza.com\/pt-pt\/#\/schema\/logo\/image\/"},"sameAs":["https:\/\/www.facebook.com\/PressenzaItalia","https:\/\/x.com\/PressenzaIPA"]},{"@type":"Person","@id":"https:\/\/www.pressenza.com\/pt-pt\/#\/schema\/person\/06fe29d0640b1b3c6e87b05e162391e0","name":"Anne Farrell","description":"Anne Farrell is the author of the books: A meaning of Life that defied the unbearable fate in mass extinction, A tribute to reconciliation and its missing image in the Western World","url":"https:\/\/www.pressenza.com\/pt-pt\/author\/anne-farrell\/"}]}},"place":"","original_article_url":"","_links":{"self":[{"href":"https:\/\/www.pressenza.com\/pt-pt\/wp-json\/wp\/v2\/posts\/1696116","targetHints":{"allow":["GET"]}}],"collection":[{"href":"https:\/\/www.pressenza.com\/pt-pt\/wp-json\/wp\/v2\/posts"}],"about":[{"href":"https:\/\/www.pressenza.com\/pt-pt\/wp-json\/wp\/v2\/types\/post"}],"author":[{"embeddable":true,"href":"https:\/\/www.pressenza.com\/pt-pt\/wp-json\/wp\/v2\/users\/63"}],"replies":[{"embeddable":true,"href":"https:\/\/www.pressenza.com\/pt-pt\/wp-json\/wp\/v2\/comments?post=1696116"}],"version-history":[{"count":0,"href":"https:\/\/www.pressenza.com\/pt-pt\/wp-json\/wp\/v2\/posts\/1696116\/revisions"}],"wp:featuredmedia":[{"embeddable":true,"href":"https:\/\/www.pressenza.com\/pt-pt\/wp-json\/wp\/v2\/media\/1470052"}],"wp:attachment":[{"href":"https:\/\/www.pressenza.com\/pt-pt\/wp-json\/wp\/v2\/media?parent=1696116"}],"wp:term":[{"taxonomy":"category","embeddable":true,"href":"https:\/\/www.pressenza.com\/pt-pt\/wp-json\/wp\/v2\/categories?post=1696116"},{"taxonomy":"post_tag","embeddable":true,"href":"https:\/\/www.pressenza.com\/pt-pt\/wp-json\/wp\/v2\/tags?post=1696116"}],"curies":[{"name":"wp","href":"https:\/\/api.w.org\/{rel}","templated":true}]}}