{"id":1689681,"date":"2022-10-26T22:58:55","date_gmt":"2022-10-26T21:58:55","guid":{"rendered":"https:\/\/www.pressenza.com\/?p=1689681"},"modified":"2022-10-26T22:58:55","modified_gmt":"2022-10-26T21:58:55","slug":"e-urgente-refundar-a-onu-se-aspiramos-a-uma-nacao-humana-universal","status":"publish","type":"post","link":"https:\/\/www.pressenza.com\/pt-pt\/2022\/10\/e-urgente-refundar-a-onu-se-aspiramos-a-uma-nacao-humana-universal\/","title":{"rendered":"\u00c9 urgente refundar a ONU se aspiramos a uma Na\u00e7\u00e3o Humana Universal"},"content":{"rendered":"<p>O dia 24 de outubro, Dia das Na\u00e7\u00f5es Unidas (ONU), marca o anivers\u00e1rio do dia em que a Carta das Na\u00e7\u00f5es Unidas entrou em vigor em 1945. Pouco depois, em abril de 1946, ap\u00f3s fracassar em suas tentativas de impedir uma Segunda Guerra Mundial, precursora da as Na\u00e7\u00f5es Unidas deixaram de existir, a Liga das Na\u00e7\u00f5es (SDN), criada em 1919, em virtude do Tratado de Versalhes, que p\u00f4s fim \u00e0 Primeira Guerra Mundial. Entre seus principais objetivos, a SDN se prop\u00f4s &#8220;promover a coopera\u00e7\u00e3o, alcan\u00e7ar a paz e a seguran\u00e7a internacionais&#8221;, quando deixou de existir, todos os seus bens foram entregues \u00e0s Na\u00e7\u00f5es Unidas, incluindo o controle total de sua Biblioteca e arquivos, sendo o primeiro organiza\u00e7\u00e3o desse tipo de hist\u00f3ria. Em sua condi\u00e7\u00e3o original est\u00e3o as arbitr\u00e1rias e onerosas condi\u00e7\u00f5es de &#8220;repara\u00e7\u00e3o&#8221; pelo custo da guerra, impostas \u00e0 Alemanha em Versalhes, particularmente a cl\u00e1usula de &#8220;culpa&#8221;, que colocou o pa\u00eds alem\u00e3o como \u00fanico respons\u00e1vel pela Primeira Guerra. . As disposi\u00e7\u00f5es punitivas relativas \u00e0 perda de territ\u00f3rios, redu\u00e7\u00e3o de sua mil\u00edcia e endividamento em sua economia, levar\u00e3o ao descontentamento e ao desespero sustentados em boa parte da popula\u00e7\u00e3o alem\u00e3, o que servir\u00e1 ao nazismo para justificar e estimular o desejo de vingan\u00e7a nos seguintes d\u00e9cadas. A d\u00e9cada de 1930 marcou o fracasso definitivo da Liga das Na\u00e7\u00f5es, no contexto global da chamada Grande Depress\u00e3o iniciada em 1929. Alemanha e Jap\u00e3o deixaram a Liga em 1933, It\u00e1lia em 1936, a URSS foi expulsa em 1939 e o Os Estados Unidos nunca aderiram totalmente.<\/p>\n<p>A Organiza\u00e7\u00e3o das Na\u00e7\u00f5es Unidas nasceu oficialmente em 24 de outubro de 1945, ap\u00f3s a ratifica\u00e7\u00e3o da maioria dos 51 Estados membros signat\u00e1rios do documento fundador da Organiza\u00e7\u00e3o<br \/>\n(Carta da ONU). Atualmente, 193 Estados comp\u00f5em esse \u00f3rg\u00e3o e est\u00e3o representados em seu \u00f3rg\u00e3o deliberativo: a Assembleia Geral. \u00c9 a arena internacional onde representantes de todas as na\u00e7\u00f5es do mundo se re\u00fanem, discutem e tentam encontrar acordos e solu\u00e7\u00f5es para o vasto problema global. A ONU tem suas inten\u00e7\u00f5es refletidas no Pre\u00e2mbulo da referida Carta Fundadora, onde se expressam os princ\u00edpios e prop\u00f3sitos que a impulsionam.<\/p>\n<p>O Pre\u00e2mbulo assinado pelos pa\u00edses membros afirma: \u201cPreservar as gera\u00e7\u00f5es futuras do flagelo da guerra, que duas vezes durante nossa vida infligiu sofrimento incalcul\u00e1vel \u00e0 humanidade.<\/p>\n<p>Reafirmar a f\u00e9 nos direitos humanos fundamentais, na dignidade e no valor da pessoa humana, na igualdade de direitos de homens e mulheres e de na\u00e7\u00f5es grandes e pequenas. Criar condi\u00e7\u00f5es sob as quais a justi\u00e7a e o respeito \u00e0s obriga\u00e7\u00f5es decorrentes dos tratados e outras fontes do direito internacional possam ser mantidos. Promover o progresso social e elevar o padr\u00e3o de vida dentro de um conceito mais amplo de liberdade. Pratiquem a toler\u00e2ncia e vivam juntos em paz como bons vizinhos. Unir nossas for\u00e7as para a manuten\u00e7\u00e3o da paz e da seguran\u00e7a internacionais. Assegurar, mediante a aceita\u00e7\u00e3o de princ\u00edpios e a ado\u00e7\u00e3o de m\u00e9todos, que a for\u00e7a armada n\u00e3o seja utilizada sen\u00e3o a servi\u00e7o do interesse comum, e utilizar um mecanismo internacional para promover o progresso econ\u00f4mico e social de todos os povos\u201d.<\/p>\n<p>Em rela\u00e7\u00e3o aos direitos, em 1948 foi proclamada a Declara\u00e7\u00e3o Universal dos Direitos Humanos, uma das conquistas mais marcantes da ONU. Infelizmente, as declara\u00e7\u00f5es nas aspira\u00e7\u00f5es da ONU n\u00e3o se concretizaram. Passadas quase oito d\u00e9cadas, elas se tornaram evidentemente um mero exerc\u00edcio ret\u00f3rico, letra morta, com muita hipocrisia e cinismo.<\/p>\n<p>Os humanistas, ao pensarem em outra ordem mundial, devem come\u00e7ar por considerar o esp\u00edrito desses desejos, definindo as rela\u00e7\u00f5es de poder que devemos transformar para que isso seja poss\u00edvel.<\/p>\n<p>Precisamos nos perguntar por que um grupo de pa\u00edses que s\u00e3o minoria na ONU digitaliza o funcionamento desse \u00f3rg\u00e3o? Na ONU, as maiorias n\u00e3o t\u00eam peso, \u00e9 o poder militar e o poder<br \/>\necon\u00f4mico, nas m\u00e3os de um pequeno n\u00famero de pa\u00edses &#8220;desenvolvidos&#8221;, que realmente t\u00eam o poder de decis\u00e3o. \u00c9 not\u00f3rio como algumas pot\u00eancias usam seu poder para for\u00e7ar decis\u00f5es conjuntas por meio de press\u00e3o e chantagem, como ocorre com as san\u00e7\u00f5es econ\u00f4micas ao Ir\u00e3, ou interv\u00eam pela for\u00e7a em pa\u00edses pertencentes \u00e0 mesma ONU, como ocorreu com a invas\u00e3o militar da L\u00edbia em 2011.<\/p>\n<p>Sobre em outras ocasi\u00f5es, quando n\u00e3o obt\u00eam a maioria dos votos, decidem unilateralmente o que fazer, como ocorre com o criminoso bloqueio econ\u00f4mico estadunidense a Cuba, contrariando em muitas ocasi\u00f5es as posi\u00e7\u00f5es majoritariamente majorit\u00e1rias na Assembl\u00e9ia Geral. A ONU acaba sendo uma encena\u00e7\u00e3o da legalidade contra os abusos cometidos pelo chamado primeiro mundo, valendo-se tamb\u00e9m de a\u00e7\u00f5es com apar\u00eancia de filantropia, que esconde seu total desinteresse em resolver a raiz dos grandes problemas da humanidade.<\/p>\n<p>Em 25 de setembro de 2015, a ONU adotou um conjunto de metas como parte do que chamaram de &#8220;uma nova agenda de desenvolvimento sustent\u00e1vel para 2030&#8221;. Esta agenda re\u00fane 17 pontos, que s\u00e3o os seguintes: 1) Fim da Pobreza; 2) Fome zero; 3) Sa\u00fade e bem-estar; 4) Educa\u00e7\u00e3o de qualidade; 5) Igualdade de g\u00eanero; 6) \u00c1gua pot\u00e1vel e saneamento; 7) Energias acess\u00edveis e n\u00e3o poluentes; 8) Trabalho decente e crescimento econ\u00f4mico; 9) Inova\u00e7\u00e3o industrial e infraestrutura; 10) Reduzir a desigualdade; 11) Cidades e comunidades sustent\u00e1veis; 12) Produ\u00e7\u00e3o e consumo respons\u00e1veis; 13) A\u00e7\u00e3o Clim\u00e1tica; 14) Vida subaqu\u00e1tica; 15) Vida nos ecossistemas terrestres; 16) Paz, justi\u00e7a e institui\u00e7\u00f5es s\u00f3lidas; 17) Alian\u00e7as para atingir os objetivos. Coerentemente, como temos apontado a partir das a\u00e7\u00f5es hip\u00f3critas da ONU, os objetivos ligados ao dano do sistema financeiro internacional privado e ao poder do complexo militar-industrial n\u00e3o est\u00e3o em pauta. A inefic\u00e1cia da ONU \u00e9 refor\u00e7ada no presente, com a falta de operacionalidade para promover os acordos necess\u00e1rios para deter o extremamente perigoso conflito b\u00e9lico entre a R\u00fassia e a OTAN em territ\u00f3rio ucraniano, que coloca a humanidade \u00e0 beira de uma cat\u00e1strofe nuclear.<\/p>\n<p>Precisamos ent\u00e3o aceitar pela segunda vez o fracasso da ordem vigente, n\u00e3o poderemos nos aproximar da verdadeira coopera\u00e7\u00e3o internacional, enquanto n\u00e3o nos distanciarmos<br \/>\nproporcionalmente da ordem do sistema capitalista em suas diferentes vers\u00f5es, que s\u00e3o sinergizado com os nacionalismos e opress\u00f5es existentes em cada uma delas.<\/p>\n<p>Devemos promover o autogoverno dos povos do mundo em uma Na\u00e7\u00e3o Humana Universal, na qual a diversidade possa coexistir, e para isso \u00e9 necess\u00e1rio, antes de tudo, explicar que hoje a ONU est\u00e1 nos ant\u00edpodas desse amado mundo, e \u00e9 por isso que \u00e9 necess\u00e1rio refund\u00e1-lo.<\/p>\n<p>N\u00f3s, humanistas, aspiramos \u00e0 cria\u00e7\u00e3o de uma Na\u00e7\u00e3o Humana Universal regida pela liberdade pessoal, solidariedade, igualdade de direitos e oportunidades, n\u00e3o discrimina\u00e7\u00e3o e n\u00e3o viol\u00eancia.<\/p>\n<p>Uma Confedera\u00e7\u00e3o de Na\u00e7\u00f5es Humanistas, articulada com o objetivo de constituir uma Na\u00e7\u00e3o Humana Universal, deve apoiar a plena vig\u00eancia do direito de soberania e autodetermina\u00e7\u00e3o dos povos. Deve priorizar o desarmamento nuclear, a redu\u00e7\u00e3o proporcional das armas convencionais, a proibi\u00e7\u00e3o da venda de armas, promovendo a busca pela resolu\u00e7\u00e3o pac\u00edfica dos conflitos. Deve nascer na Nova ONU, um novo Conselho de Seguran\u00e7a democraticamente eleito, onde nenhuma na\u00e7\u00e3o tem direito de veto, o que inclui dentro da categoria de seguran\u00e7a, quest\u00f5es como supera\u00e7\u00e3o da mis\u00e9ria e da pobreza, uma arquitetura financeira solid\u00e1ria, promovendo uma rede de bancos estatais sem juros, para financiar o desenvolvimento e o com\u00e9rcio complementar entre os pa\u00edses membros, desmantelando o atual poder financeiro privado internacional.<\/p>\n<p>Estamos nos referindo a uma mudan\u00e7a no paradigma cultural, que deve incluir tudo o que diz respeito ao tratamento entre as pessoas e \u00e0s decis\u00f5es que permitem o cumprimento de todos os direitos humanos, abrindo assim um caminho para a constru\u00e7\u00e3o da Na\u00e7\u00e3o. Humano Universal.<\/p>\n<p>Nossas propostas n\u00e3o prosperar\u00e3o nas condi\u00e7\u00f5es atuais da ONU e dos pa\u00edses que a comp\u00f5em, mas a mobiliza\u00e7\u00e3o em torno delas expor\u00e1 as contradi\u00e7\u00f5es e a hipocrisia que reina nesta organiza\u00e7\u00e3o, e principalmente entre os poderes que a administram.<\/p>\n<p>N\u00f3s humanistas continuaremos a propor uma Na\u00e7\u00e3o Humana Universal buscando gerar nos povos e na opini\u00e3o p\u00fablica em geral a necessidade de uma transforma\u00e7\u00e3o total, que inclua um novo desenho no plano internacional na articula\u00e7\u00e3o das e entre as na\u00e7\u00f5es. Essa necessidade \u00e9, em \u00faltima an\u00e1lise, produzir uma profunda revolu\u00e7\u00e3o humanista, social, pol\u00edtica e cultural.<\/p>\n","protected":false},"excerpt":{"rendered":"<p>O dia 24 de outubro, Dia das Na\u00e7\u00f5es Unidas (ONU), marca o anivers\u00e1rio do dia em que a Carta das Na\u00e7\u00f5es Unidas entrou em vigor em 1945. Pouco depois, em abril de 1946, ap\u00f3s fracassar em suas tentativas de impedir&hellip;<\/p>\n","protected":false},"author":624,"featured_media":1689684,"comment_status":"closed","ping_status":"closed","sticky":false,"template":"","format":"standard","meta":{"footnotes":""},"categories":[113,42,153],"tags":[24359,2623],"class_list":["post-1689681","post","type-post","status-publish","format-standard","has-post-thumbnail","hentry","category-noticias-do-exterior","category-internacional-2","category-nota-de-imprensa","tag-nacao-humana-universal","tag-onu-pt-pt"],"yoast_head":"<!-- This site is optimized with the Yoast SEO plugin v27.1.1 - https:\/\/yoast.com\/product\/yoast-seo-wordpress\/ -->\n<title>\u00c9 urgente refundar a ONU se aspiramos a uma Na\u00e7\u00e3o Humana Universal<\/title>\n<meta name=\"description\" content=\"O dia 24 de outubro, Dia das Na\u00e7\u00f5es Unidas (ONU), marca o anivers\u00e1rio do dia em que a Carta das Na\u00e7\u00f5es Unidas entrou em vigor em 1945. Pouco depois, em\" \/>\n<meta name=\"robots\" content=\"index, follow, max-snippet:-1, max-image-preview:large, max-video-preview:-1\" \/>\n<link rel=\"canonical\" href=\"https:\/\/www.pressenza.com\/pt-pt\/2022\/10\/e-urgente-refundar-a-onu-se-aspiramos-a-uma-nacao-humana-universal\/\" \/>\n<meta property=\"og:locale\" content=\"pt_PT\" \/>\n<meta property=\"og:type\" content=\"article\" \/>\n<meta property=\"og:title\" content=\"\u00c9 urgente refundar a ONU se aspiramos a uma Na\u00e7\u00e3o Humana Universal\" \/>\n<meta property=\"og:description\" content=\"O dia 24 de outubro, Dia das Na\u00e7\u00f5es Unidas (ONU), marca o anivers\u00e1rio do dia em que a Carta das Na\u00e7\u00f5es Unidas entrou em vigor em 1945. Pouco depois, em\" \/>\n<meta property=\"og:url\" content=\"https:\/\/www.pressenza.com\/pt-pt\/2022\/10\/e-urgente-refundar-a-onu-se-aspiramos-a-uma-nacao-humana-universal\/\" \/>\n<meta property=\"og:site_name\" content=\"Pressenza\" \/>\n<meta property=\"article:publisher\" content=\"https:\/\/www.facebook.com\/PressenzaItalia\" \/>\n<meta property=\"article:published_time\" content=\"2022-10-26T21:58:55+00:00\" \/>\n<meta property=\"og:image\" content=\"https:\/\/www.pressenza.com\/wp-content\/uploads\/2022\/10\/PH-1-820x460-1.jpeg\" \/>\n\t<meta property=\"og:image:width\" content=\"820\" \/>\n\t<meta property=\"og:image:height\" content=\"460\" \/>\n\t<meta property=\"og:image:type\" content=\"image\/jpeg\" \/>\n<meta name=\"author\" content=\"Partido Humanista Internacional\" \/>\n<meta name=\"twitter:card\" content=\"summary_large_image\" \/>\n<meta name=\"twitter:creator\" content=\"@PressenzaIPA\" \/>\n<meta name=\"twitter:site\" content=\"@PressenzaIPA\" \/>\n<meta name=\"twitter:label1\" content=\"Escrito por\" \/>\n\t<meta name=\"twitter:data1\" content=\"Partido Humanista Internacional\" \/>\n\t<meta name=\"twitter:label2\" content=\"Tempo estimado de leitura\" \/>\n\t<meta name=\"twitter:data2\" content=\"7 minutos\" \/>\n<script type=\"application\/ld+json\" class=\"yoast-schema-graph\">{\"@context\":\"https:\/\/schema.org\",\"@graph\":[{\"@type\":\"Article\",\"@id\":\"https:\/\/www.pressenza.com\/pt-pt\/2022\/10\/e-urgente-refundar-a-onu-se-aspiramos-a-uma-nacao-humana-universal\/#article\",\"isPartOf\":{\"@id\":\"https:\/\/www.pressenza.com\/pt-pt\/2022\/10\/e-urgente-refundar-a-onu-se-aspiramos-a-uma-nacao-humana-universal\/\"},\"author\":{\"name\":\"Partido Humanista Internacional\",\"@id\":\"https:\/\/www.pressenza.com\/pt-pt\/#\/schema\/person\/f805ee4d4c0aa27aa176ccec26128d33\"},\"headline\":\"\u00c9 urgente refundar a ONU se aspiramos a uma Na\u00e7\u00e3o Humana Universal\",\"datePublished\":\"2022-10-26T21:58:55+00:00\",\"mainEntityOfPage\":{\"@id\":\"https:\/\/www.pressenza.com\/pt-pt\/2022\/10\/e-urgente-refundar-a-onu-se-aspiramos-a-uma-nacao-humana-universal\/\"},\"wordCount\":1494,\"publisher\":{\"@id\":\"https:\/\/www.pressenza.com\/pt-pt\/#organization\"},\"image\":{\"@id\":\"https:\/\/www.pressenza.com\/pt-pt\/2022\/10\/e-urgente-refundar-a-onu-se-aspiramos-a-uma-nacao-humana-universal\/#primaryimage\"},\"thumbnailUrl\":\"https:\/\/www.pressenza.com\/wp-content\/uploads\/2022\/10\/PH-1-820x460-1.jpeg\",\"keywords\":[\"na\u00e7\u00e3o humana universal\",\"ONU\"],\"articleSection\":[\"Assuntos internacionais\",\"Internacional\",\"Nota de imprensa\"],\"inLanguage\":\"pt-PT\"},{\"@type\":\"WebPage\",\"@id\":\"https:\/\/www.pressenza.com\/pt-pt\/2022\/10\/e-urgente-refundar-a-onu-se-aspiramos-a-uma-nacao-humana-universal\/\",\"url\":\"https:\/\/www.pressenza.com\/pt-pt\/2022\/10\/e-urgente-refundar-a-onu-se-aspiramos-a-uma-nacao-humana-universal\/\",\"name\":\"\u00c9 urgente refundar a ONU se aspiramos a uma Na\u00e7\u00e3o Humana Universal\",\"isPartOf\":{\"@id\":\"https:\/\/www.pressenza.com\/pt-pt\/#website\"},\"primaryImageOfPage\":{\"@id\":\"https:\/\/www.pressenza.com\/pt-pt\/2022\/10\/e-urgente-refundar-a-onu-se-aspiramos-a-uma-nacao-humana-universal\/#primaryimage\"},\"image\":{\"@id\":\"https:\/\/www.pressenza.com\/pt-pt\/2022\/10\/e-urgente-refundar-a-onu-se-aspiramos-a-uma-nacao-humana-universal\/#primaryimage\"},\"thumbnailUrl\":\"https:\/\/www.pressenza.com\/wp-content\/uploads\/2022\/10\/PH-1-820x460-1.jpeg\",\"datePublished\":\"2022-10-26T21:58:55+00:00\",\"description\":\"O dia 24 de outubro, Dia das Na\u00e7\u00f5es Unidas (ONU), marca o anivers\u00e1rio do dia em que a Carta das Na\u00e7\u00f5es Unidas entrou em vigor em 1945. Pouco depois, em\",\"breadcrumb\":{\"@id\":\"https:\/\/www.pressenza.com\/pt-pt\/2022\/10\/e-urgente-refundar-a-onu-se-aspiramos-a-uma-nacao-humana-universal\/#breadcrumb\"},\"inLanguage\":\"pt-PT\",\"potentialAction\":[{\"@type\":\"ReadAction\",\"target\":[\"https:\/\/www.pressenza.com\/pt-pt\/2022\/10\/e-urgente-refundar-a-onu-se-aspiramos-a-uma-nacao-humana-universal\/\"]}]},{\"@type\":\"ImageObject\",\"inLanguage\":\"pt-PT\",\"@id\":\"https:\/\/www.pressenza.com\/pt-pt\/2022\/10\/e-urgente-refundar-a-onu-se-aspiramos-a-uma-nacao-humana-universal\/#primaryimage\",\"url\":\"https:\/\/www.pressenza.com\/wp-content\/uploads\/2022\/10\/PH-1-820x460-1.jpeg\",\"contentUrl\":\"https:\/\/www.pressenza.com\/wp-content\/uploads\/2022\/10\/PH-1-820x460-1.jpeg\",\"width\":820,\"height\":460,\"caption\":\"ONU\"},{\"@type\":\"BreadcrumbList\",\"@id\":\"https:\/\/www.pressenza.com\/pt-pt\/2022\/10\/e-urgente-refundar-a-onu-se-aspiramos-a-uma-nacao-humana-universal\/#breadcrumb\",\"itemListElement\":[{\"@type\":\"ListItem\",\"position\":1,\"name\":\"Accueil\",\"item\":\"https:\/\/www.pressenza.com\/pt-pt\/\"},{\"@type\":\"ListItem\",\"position\":2,\"name\":\"\u00c9 urgente refundar a ONU se aspiramos a uma Na\u00e7\u00e3o Humana Universal\"}]},{\"@type\":\"WebSite\",\"@id\":\"https:\/\/www.pressenza.com\/pt-pt\/#website\",\"url\":\"https:\/\/www.pressenza.com\/pt-pt\/\",\"name\":\"Pressenza\",\"description\":\"International Press Agency\",\"publisher\":{\"@id\":\"https:\/\/www.pressenza.com\/pt-pt\/#organization\"},\"potentialAction\":[{\"@type\":\"SearchAction\",\"target\":{\"@type\":\"EntryPoint\",\"urlTemplate\":\"https:\/\/www.pressenza.com\/pt-pt\/?s={search_term_string}\"},\"query-input\":{\"@type\":\"PropertyValueSpecification\",\"valueRequired\":true,\"valueName\":\"search_term_string\"}}],\"inLanguage\":\"pt-PT\"},{\"@type\":\"Organization\",\"@id\":\"https:\/\/www.pressenza.com\/pt-pt\/#organization\",\"name\":\"Pressenza\",\"url\":\"https:\/\/www.pressenza.com\/pt-pt\/\",\"logo\":{\"@type\":\"ImageObject\",\"inLanguage\":\"pt-PT\",\"@id\":\"https:\/\/www.pressenza.com\/pt-pt\/#\/schema\/logo\/image\/\",\"url\":\"https:\/\/www.pressenza.com\/wp-content\/uploads\/2022\/10\/pressenza_logo_200x200.jpg\",\"contentUrl\":\"https:\/\/www.pressenza.com\/wp-content\/uploads\/2022\/10\/pressenza_logo_200x200.jpg\",\"width\":200,\"height\":200,\"caption\":\"Pressenza\"},\"image\":{\"@id\":\"https:\/\/www.pressenza.com\/pt-pt\/#\/schema\/logo\/image\/\"},\"sameAs\":[\"https:\/\/www.facebook.com\/PressenzaItalia\",\"https:\/\/x.com\/PressenzaIPA\"]},{\"@type\":\"Person\",\"@id\":\"https:\/\/www.pressenza.com\/pt-pt\/#\/schema\/person\/f805ee4d4c0aa27aa176ccec26128d33\",\"name\":\"Partido Humanista Internacional\",\"description\":\"www.internationalhumanistparty.org\",\"url\":\"https:\/\/www.pressenza.com\/pt-pt\/author\/partido-humanista-internacional\/\"}]}<\/script>\n<!-- \/ Yoast SEO plugin. -->","yoast_head_json":{"title":"\u00c9 urgente refundar a ONU se aspiramos a uma Na\u00e7\u00e3o Humana Universal","description":"O dia 24 de outubro, Dia das Na\u00e7\u00f5es Unidas (ONU), marca o anivers\u00e1rio do dia em que a Carta das Na\u00e7\u00f5es Unidas entrou em vigor em 1945. Pouco depois, em","robots":{"index":"index","follow":"follow","max-snippet":"max-snippet:-1","max-image-preview":"max-image-preview:large","max-video-preview":"max-video-preview:-1"},"canonical":"https:\/\/www.pressenza.com\/pt-pt\/2022\/10\/e-urgente-refundar-a-onu-se-aspiramos-a-uma-nacao-humana-universal\/","og_locale":"pt_PT","og_type":"article","og_title":"\u00c9 urgente refundar a ONU se aspiramos a uma Na\u00e7\u00e3o Humana Universal","og_description":"O dia 24 de outubro, Dia das Na\u00e7\u00f5es Unidas (ONU), marca o anivers\u00e1rio do dia em que a Carta das Na\u00e7\u00f5es Unidas entrou em vigor em 1945. Pouco depois, em","og_url":"https:\/\/www.pressenza.com\/pt-pt\/2022\/10\/e-urgente-refundar-a-onu-se-aspiramos-a-uma-nacao-humana-universal\/","og_site_name":"Pressenza","article_publisher":"https:\/\/www.facebook.com\/PressenzaItalia","article_published_time":"2022-10-26T21:58:55+00:00","og_image":[{"width":820,"height":460,"url":"https:\/\/www.pressenza.com\/wp-content\/uploads\/2022\/10\/PH-1-820x460-1.jpeg","type":"image\/jpeg"}],"author":"Partido Humanista Internacional","twitter_card":"summary_large_image","twitter_creator":"@PressenzaIPA","twitter_site":"@PressenzaIPA","twitter_misc":{"Escrito por":"Partido Humanista Internacional","Tempo estimado de leitura":"7 minutos"},"schema":{"@context":"https:\/\/schema.org","@graph":[{"@type":"Article","@id":"https:\/\/www.pressenza.com\/pt-pt\/2022\/10\/e-urgente-refundar-a-onu-se-aspiramos-a-uma-nacao-humana-universal\/#article","isPartOf":{"@id":"https:\/\/www.pressenza.com\/pt-pt\/2022\/10\/e-urgente-refundar-a-onu-se-aspiramos-a-uma-nacao-humana-universal\/"},"author":{"name":"Partido Humanista Internacional","@id":"https:\/\/www.pressenza.com\/pt-pt\/#\/schema\/person\/f805ee4d4c0aa27aa176ccec26128d33"},"headline":"\u00c9 urgente refundar a ONU se aspiramos a uma Na\u00e7\u00e3o Humana Universal","datePublished":"2022-10-26T21:58:55+00:00","mainEntityOfPage":{"@id":"https:\/\/www.pressenza.com\/pt-pt\/2022\/10\/e-urgente-refundar-a-onu-se-aspiramos-a-uma-nacao-humana-universal\/"},"wordCount":1494,"publisher":{"@id":"https:\/\/www.pressenza.com\/pt-pt\/#organization"},"image":{"@id":"https:\/\/www.pressenza.com\/pt-pt\/2022\/10\/e-urgente-refundar-a-onu-se-aspiramos-a-uma-nacao-humana-universal\/#primaryimage"},"thumbnailUrl":"https:\/\/www.pressenza.com\/wp-content\/uploads\/2022\/10\/PH-1-820x460-1.jpeg","keywords":["na\u00e7\u00e3o humana universal","ONU"],"articleSection":["Assuntos internacionais","Internacional","Nota de imprensa"],"inLanguage":"pt-PT"},{"@type":"WebPage","@id":"https:\/\/www.pressenza.com\/pt-pt\/2022\/10\/e-urgente-refundar-a-onu-se-aspiramos-a-uma-nacao-humana-universal\/","url":"https:\/\/www.pressenza.com\/pt-pt\/2022\/10\/e-urgente-refundar-a-onu-se-aspiramos-a-uma-nacao-humana-universal\/","name":"\u00c9 urgente refundar a ONU se aspiramos a uma Na\u00e7\u00e3o Humana Universal","isPartOf":{"@id":"https:\/\/www.pressenza.com\/pt-pt\/#website"},"primaryImageOfPage":{"@id":"https:\/\/www.pressenza.com\/pt-pt\/2022\/10\/e-urgente-refundar-a-onu-se-aspiramos-a-uma-nacao-humana-universal\/#primaryimage"},"image":{"@id":"https:\/\/www.pressenza.com\/pt-pt\/2022\/10\/e-urgente-refundar-a-onu-se-aspiramos-a-uma-nacao-humana-universal\/#primaryimage"},"thumbnailUrl":"https:\/\/www.pressenza.com\/wp-content\/uploads\/2022\/10\/PH-1-820x460-1.jpeg","datePublished":"2022-10-26T21:58:55+00:00","description":"O dia 24 de outubro, Dia das Na\u00e7\u00f5es Unidas (ONU), marca o anivers\u00e1rio do dia em que a Carta das Na\u00e7\u00f5es Unidas entrou em vigor em 1945. Pouco depois, em","breadcrumb":{"@id":"https:\/\/www.pressenza.com\/pt-pt\/2022\/10\/e-urgente-refundar-a-onu-se-aspiramos-a-uma-nacao-humana-universal\/#breadcrumb"},"inLanguage":"pt-PT","potentialAction":[{"@type":"ReadAction","target":["https:\/\/www.pressenza.com\/pt-pt\/2022\/10\/e-urgente-refundar-a-onu-se-aspiramos-a-uma-nacao-humana-universal\/"]}]},{"@type":"ImageObject","inLanguage":"pt-PT","@id":"https:\/\/www.pressenza.com\/pt-pt\/2022\/10\/e-urgente-refundar-a-onu-se-aspiramos-a-uma-nacao-humana-universal\/#primaryimage","url":"https:\/\/www.pressenza.com\/wp-content\/uploads\/2022\/10\/PH-1-820x460-1.jpeg","contentUrl":"https:\/\/www.pressenza.com\/wp-content\/uploads\/2022\/10\/PH-1-820x460-1.jpeg","width":820,"height":460,"caption":"ONU"},{"@type":"BreadcrumbList","@id":"https:\/\/www.pressenza.com\/pt-pt\/2022\/10\/e-urgente-refundar-a-onu-se-aspiramos-a-uma-nacao-humana-universal\/#breadcrumb","itemListElement":[{"@type":"ListItem","position":1,"name":"Accueil","item":"https:\/\/www.pressenza.com\/pt-pt\/"},{"@type":"ListItem","position":2,"name":"\u00c9 urgente refundar a ONU se aspiramos a uma Na\u00e7\u00e3o Humana Universal"}]},{"@type":"WebSite","@id":"https:\/\/www.pressenza.com\/pt-pt\/#website","url":"https:\/\/www.pressenza.com\/pt-pt\/","name":"Pressenza","description":"International Press Agency","publisher":{"@id":"https:\/\/www.pressenza.com\/pt-pt\/#organization"},"potentialAction":[{"@type":"SearchAction","target":{"@type":"EntryPoint","urlTemplate":"https:\/\/www.pressenza.com\/pt-pt\/?s={search_term_string}"},"query-input":{"@type":"PropertyValueSpecification","valueRequired":true,"valueName":"search_term_string"}}],"inLanguage":"pt-PT"},{"@type":"Organization","@id":"https:\/\/www.pressenza.com\/pt-pt\/#organization","name":"Pressenza","url":"https:\/\/www.pressenza.com\/pt-pt\/","logo":{"@type":"ImageObject","inLanguage":"pt-PT","@id":"https:\/\/www.pressenza.com\/pt-pt\/#\/schema\/logo\/image\/","url":"https:\/\/www.pressenza.com\/wp-content\/uploads\/2022\/10\/pressenza_logo_200x200.jpg","contentUrl":"https:\/\/www.pressenza.com\/wp-content\/uploads\/2022\/10\/pressenza_logo_200x200.jpg","width":200,"height":200,"caption":"Pressenza"},"image":{"@id":"https:\/\/www.pressenza.com\/pt-pt\/#\/schema\/logo\/image\/"},"sameAs":["https:\/\/www.facebook.com\/PressenzaItalia","https:\/\/x.com\/PressenzaIPA"]},{"@type":"Person","@id":"https:\/\/www.pressenza.com\/pt-pt\/#\/schema\/person\/f805ee4d4c0aa27aa176ccec26128d33","name":"Partido Humanista Internacional","description":"www.internationalhumanistparty.org","url":"https:\/\/www.pressenza.com\/pt-pt\/author\/partido-humanista-internacional\/"}]}},"place":"ONU","original_article_url":"","_links":{"self":[{"href":"https:\/\/www.pressenza.com\/pt-pt\/wp-json\/wp\/v2\/posts\/1689681","targetHints":{"allow":["GET"]}}],"collection":[{"href":"https:\/\/www.pressenza.com\/pt-pt\/wp-json\/wp\/v2\/posts"}],"about":[{"href":"https:\/\/www.pressenza.com\/pt-pt\/wp-json\/wp\/v2\/types\/post"}],"author":[{"embeddable":true,"href":"https:\/\/www.pressenza.com\/pt-pt\/wp-json\/wp\/v2\/users\/624"}],"replies":[{"embeddable":true,"href":"https:\/\/www.pressenza.com\/pt-pt\/wp-json\/wp\/v2\/comments?post=1689681"}],"version-history":[{"count":0,"href":"https:\/\/www.pressenza.com\/pt-pt\/wp-json\/wp\/v2\/posts\/1689681\/revisions"}],"wp:featuredmedia":[{"embeddable":true,"href":"https:\/\/www.pressenza.com\/pt-pt\/wp-json\/wp\/v2\/media\/1689684"}],"wp:attachment":[{"href":"https:\/\/www.pressenza.com\/pt-pt\/wp-json\/wp\/v2\/media?parent=1689681"}],"wp:term":[{"taxonomy":"category","embeddable":true,"href":"https:\/\/www.pressenza.com\/pt-pt\/wp-json\/wp\/v2\/categories?post=1689681"},{"taxonomy":"post_tag","embeddable":true,"href":"https:\/\/www.pressenza.com\/pt-pt\/wp-json\/wp\/v2\/tags?post=1689681"}],"curies":[{"name":"wp","href":"https:\/\/api.w.org\/{rel}","templated":true}]}}