{"id":1686152,"date":"2022-10-20T16:57:37","date_gmt":"2022-10-20T15:57:37","guid":{"rendered":"https:\/\/www.pressenza.com\/?p=1686152"},"modified":"2022-10-20T18:09:34","modified_gmt":"2022-10-20T17:09:34","slug":"em-quem-votar-no-proximo-dia-30-de-outubro-uma-decisao-dificil-mas-necessaria","status":"publish","type":"post","link":"https:\/\/www.pressenza.com\/pt-pt\/2022\/10\/em-quem-votar-no-proximo-dia-30-de-outubro-uma-decisao-dificil-mas-necessaria\/","title":{"rendered":"Em quem votar no pr\u00f3ximo dia 30 de outubro? Uma decis\u00e3o dif\u00edcil, mas necess\u00e1ria"},"content":{"rendered":"<p>Por Astor Almeida Filho*<\/p>\n<p>As elei\u00e7\u00f5es do \u00faltimo dia 3 de outubro levaram dois candidatos para a decis\u00e3o no segundo turno, que ocorrer\u00e3o no pr\u00f3ximo dia 30. E agora, o que fazer? Creio que possivelmente esta d\u00favida esteja pairando na cabe\u00e7a daqueles eleitores cujo voto n\u00e3o tenha contemplado a nenhum daqueles que conseguiram majoritariamente os votos e ir\u00e3o disputar no segundo turno.<\/p>\n<p>Na minha opini\u00e3o, mesmo discordando com os ideais pol\u00edticos, projetos de campanha, bem como a trajet\u00f3ria pol\u00edtica, ainda assim \u00e9 muito importante fazer uma compara\u00e7\u00e3o entre ambos e com muito crit\u00e9rio para escolher um dos dois atuais presidenci\u00e1veis, pois compreendo que tomando a decis\u00e3o de n\u00e3o votar em nenhum dos dois n\u00e3o far\u00e1 tanta diferen\u00e7a assim, uma vez que independentemente da anula\u00e7\u00e3o voto, existir\u00e1 um vencedor que ir\u00e1 governar o pa\u00eds por quatro anos.<\/p>\n<p>O simples fato de o eleitor anular o voto n\u00e3o ir\u00e1 libert\u00e1-lo da administra\u00e7\u00e3o do eleito. Ademais, a justificativa de que a anula\u00e7\u00e3o do seu voto lhe trar\u00e1 a sensa\u00e7\u00e3o de tranquilidade e al\u00edvio por n\u00e3o ter contribu\u00eddo para eleg\u00ea-lo, de nada ir\u00e1 adiantar, porque, com toda a certeza, todos que vivem neste pa\u00eds ser\u00e3o atingidos de qualquer forma com os impactos positivos e\/ou negativos provenientes das pol\u00edticas implementadas pelo futuro gestor desta na\u00e7\u00e3o.<\/p>\n<p>Reconhe\u00e7o que muito eleitores est\u00e3o apegados \u00e0 quest\u00e3o da corrup\u00e7\u00e3o, e, por isso, tendem a acompanhar o discurso do atual presidente, sem ao menos questionar que sua gest\u00e3o tamb\u00e9m est\u00e1 envolvida em situa\u00e7\u00f5es semelhantes. A corrup\u00e7\u00e3o \u00e9 um mal que afeta diretamente o bem-estar de todos indiv\u00edduos, e em particular, aquelas pessoas menos favorecidas nas quais os efeitos causam consequ\u00eancias danosas por contribu\u00edrem para a redu\u00e7\u00e3o dos investimentos p\u00fablicos na sa\u00fade, na educa\u00e7\u00e3o, em infraestrutura, seguran\u00e7a, habita\u00e7\u00e3o, entre outros direitos essenciais \u00e0 vida; e tamb\u00e9m fere a nossa Carta Magna ao ampliar a exclus\u00e3o social e a desigualdade econ\u00f4mica. No entanto, neste momento, \u00e9 preciso ser criterioso na escolha e votar naquela op\u00e7\u00e3o que nos cause menores danos.<\/p>\n<p>Assim, a meu ver, esta situa\u00e7\u00e3o \u00e9 muito mais complexa do que pensamos, pois o que est\u00e1 em jogo na atual conjuntura n\u00e3o \u00e9 t\u00e3o somente a corrup\u00e7\u00e3o, trata-se de algo muito mais profundo: uma amea\u00e7a \u00e0 nossa democracia atrav\u00e9s de um modelo de governo cujas consequ\u00eancias j\u00e1 podemos ver nos \u00faltimos quatro anos. Precisamos evitar que o \u201cbolsonarismo\u201d se instale definitivamente e domine a nossa sociedade.<\/p>\n<p>N\u00e3o podemos aceitar que jornalista e ambientalista sejam mortos na floresta e o presidente diga \u201cque a culpa \u00e9 deles\u201d e questione \u201co que eles foram fazer l\u00e1\u201d. \u00c9 uma falta de respeito o presidente atacar os nordestinos com declara\u00e7\u00f5es preconceituosas como<a href=\"https:\/\/congressoemfoco.uol.com.br\/area\/governo\/bolsonaro-diz-que-chama-nordestino-de-cabecudo-e-pau-de-arara-por-brincadeira\/\" target=\"_blank\" rel=\"noopener\">\u00a0\u201carataca\u201d, \u201ccabe\u00e7udo\u201d, \u201cpau de arara\u201d<\/a>\u00a0e \u201cpara\u00edba\u201d; \u00e9 inadmiss\u00edvel que o presidente de um pa\u00eds assuma uma postura negacionista durante o auge da pandemia de Covid-19, com declara\u00e7\u00f5es infames, tais como: \u201cEu n\u00e3o sou coveiro\u201d, \u201cE uma gripezinha\u201d ou \u201cEu sou Messias, mas n\u00e3o fa\u00e7o milagres\u201c.<\/p>\n<p>Tamb\u00e9m n\u00e3o devemos aceitar discursos falso moralistas, tais como a \u201cdefesa da vida\u201d e ao mesmo tempo a apologia \u00e0s armas de fogo, ou mesmo a retirada das c\u00e2maras de controle nas rodovias federais que servem de conten\u00e7\u00e3o \u00e0 alta velocidade que tira a vida de milhares de pessoas anualmente em nosso pa\u00eds.<\/p>\n<p>Por outro lado, \u00e9 problem\u00e1tica a uni\u00e3o que o outro candidato fez com Geraldo Alckimin, objetivando ganhar as elei\u00e7\u00f5es. \u00c9 uma contradi\u00e7\u00e3o, porque, pelo menos nos programas partid\u00e1rios, os objetivos de ambos diferem entre si. Esta \u00e9 uma situa\u00e7\u00e3o bastante de dif\u00edcil de digerir, principalmente pelo passado recente.<\/p>\n<p>No entanto, a meu ver, o atual presidente est\u00e1 preparando suas bases para governar nos moldes de uma ditadura, modelo de governo que ele sempre defendeu, com o cerceamento do nosso direito de expressar e manifestar nossas ideias, dentre outras coisas igualmente graves, como, por exemplo, deixar as popula\u00e7\u00f5es ind\u00edgenas ainda mais vulner\u00e1veis \u00e0s a\u00e7\u00f5es de latifundi\u00e1rios e garimpeiros; os cortes nas verbas de educa\u00e7\u00e3o, ci\u00eancia e tecnologia e, principalmente, o uso da pobreza como moeda de troca eleitoral, conforme est\u00e1 fazendo atrav\u00e9s do Aux\u00edlio Brasil. \u00c9 esse o governo que merecemos e queremos? Acredito que a resposta a essa pergunta dever\u00e1 orientar o nosso voto.<\/p>\n<hr \/>\n<p>* Astor Almeida Filho \u00e9 graduado em Administra\u00e7\u00e3o de Empresas.<\/p>\n","protected":false},"excerpt":{"rendered":"<p>Por Astor Almeida Filho* As elei\u00e7\u00f5es do \u00faltimo dia 3 de outubro levaram dois candidatos para a decis\u00e3o no segundo turno, que ocorrer\u00e3o no pr\u00f3ximo dia 30. E agora, o que fazer? Creio que possivelmente esta d\u00favida esteja pairando na&hellip;<\/p>\n","protected":false},"author":2213,"featured_media":1686155,"comment_status":"closed","ping_status":"closed","sticky":false,"template":"","format":"standard","meta":{"footnotes":""},"categories":[104,165,111],"tags":[2744,98808],"class_list":["post-1686152","post","type-post","status-publish","format-standard","has-post-thumbnail","hentry","category-america-do-sul","category-opiniao","category-politica-pt-pt","tag-brasil","tag-eleicoes-2022"],"yoast_head":"<!-- This site is optimized with the Yoast SEO plugin v27.1.1 - https:\/\/yoast.com\/product\/yoast-seo-wordpress\/ -->\n<title>Em quem votar no pr\u00f3ximo dia 30 de outubro? Uma decis\u00e3o dif\u00edcil, mas necess\u00e1ria<\/title>\n<meta name=\"description\" content=\"Por Astor Almeida Filho* As elei\u00e7\u00f5es do \u00faltimo dia 3 de outubro levaram dois candidatos para a decis\u00e3o no segundo turno, que ocorrer\u00e3o no pr\u00f3ximo dia 30.\" \/>\n<meta name=\"robots\" content=\"index, follow, max-snippet:-1, max-image-preview:large, max-video-preview:-1\" \/>\n<link rel=\"canonical\" href=\"https:\/\/www.pressenza.com\/pt-pt\/2022\/10\/em-quem-votar-no-proximo-dia-30-de-outubro-uma-decisao-dificil-mas-necessaria\/\" \/>\n<meta property=\"og:locale\" content=\"pt_PT\" \/>\n<meta property=\"og:type\" content=\"article\" \/>\n<meta property=\"og:title\" content=\"Em quem votar no pr\u00f3ximo dia 30 de outubro? Uma decis\u00e3o dif\u00edcil, mas necess\u00e1ria\" \/>\n<meta property=\"og:description\" content=\"Por Astor Almeida Filho* As elei\u00e7\u00f5es do \u00faltimo dia 3 de outubro levaram dois candidatos para a decis\u00e3o no segundo turno, que ocorrer\u00e3o no pr\u00f3ximo dia 30.\" \/>\n<meta property=\"og:url\" content=\"https:\/\/www.pressenza.com\/pt-pt\/2022\/10\/em-quem-votar-no-proximo-dia-30-de-outubro-uma-decisao-dificil-mas-necessaria\/\" \/>\n<meta property=\"og:site_name\" content=\"Pressenza\" \/>\n<meta property=\"article:publisher\" content=\"https:\/\/www.facebook.com\/PressenzaItalia\" \/>\n<meta property=\"article:published_time\" content=\"2022-10-20T15:57:37+00:00\" \/>\n<meta property=\"article:modified_time\" content=\"2022-10-20T17:09:34+00:00\" \/>\n<meta property=\"og:image\" content=\"https:\/\/www.pressenza.com\/wp-content\/uploads\/2022\/10\/lula-bolsonaro-captura-de-video.jpg\" \/>\n\t<meta property=\"og:image:width\" content=\"820\" \/>\n\t<meta property=\"og:image:height\" content=\"524\" \/>\n\t<meta property=\"og:image:type\" content=\"image\/jpeg\" \/>\n<meta name=\"author\" content=\"Reda\u00e7\u00e3o Bahia\" \/>\n<meta name=\"twitter:card\" content=\"summary_large_image\" \/>\n<meta name=\"twitter:creator\" content=\"@PressenzaIPA\" \/>\n<meta name=\"twitter:site\" content=\"@PressenzaIPA\" \/>\n<meta name=\"twitter:label1\" content=\"Escrito por\" \/>\n\t<meta name=\"twitter:data1\" content=\"Reda\u00e7\u00e3o Bahia\" \/>\n\t<meta name=\"twitter:label2\" content=\"Tempo estimado de leitura\" \/>\n\t<meta name=\"twitter:data2\" content=\"4 minutos\" \/>\n<script type=\"application\/ld+json\" class=\"yoast-schema-graph\">{\"@context\":\"https:\/\/schema.org\",\"@graph\":[{\"@type\":\"Article\",\"@id\":\"https:\/\/www.pressenza.com\/pt-pt\/2022\/10\/em-quem-votar-no-proximo-dia-30-de-outubro-uma-decisao-dificil-mas-necessaria\/#article\",\"isPartOf\":{\"@id\":\"https:\/\/www.pressenza.com\/pt-pt\/2022\/10\/em-quem-votar-no-proximo-dia-30-de-outubro-uma-decisao-dificil-mas-necessaria\/\"},\"author\":{\"name\":\"Reda\u00e7\u00e3o Bahia\",\"@id\":\"https:\/\/www.pressenza.com\/pt-pt\/#\/schema\/person\/6cd1c288a55563cadc972dbcd03bbe2b\"},\"headline\":\"Em quem votar no pr\u00f3ximo dia 30 de outubro? Uma decis\u00e3o dif\u00edcil, mas necess\u00e1ria\",\"datePublished\":\"2022-10-20T15:57:37+00:00\",\"dateModified\":\"2022-10-20T17:09:34+00:00\",\"mainEntityOfPage\":{\"@id\":\"https:\/\/www.pressenza.com\/pt-pt\/2022\/10\/em-quem-votar-no-proximo-dia-30-de-outubro-uma-decisao-dificil-mas-necessaria\/\"},\"wordCount\":792,\"publisher\":{\"@id\":\"https:\/\/www.pressenza.com\/pt-pt\/#organization\"},\"image\":{\"@id\":\"https:\/\/www.pressenza.com\/pt-pt\/2022\/10\/em-quem-votar-no-proximo-dia-30-de-outubro-uma-decisao-dificil-mas-necessaria\/#primaryimage\"},\"thumbnailUrl\":\"https:\/\/www.pressenza.com\/wp-content\/uploads\/2022\/10\/lula-bolsonaro-captura-de-video.jpg\",\"keywords\":[\"Brasil\",\"elei\u00e7\u00f5es 2022\"],\"articleSection\":[\"\u00c1m\u00e9rica do Sul\",\"Opini\u00e3o\",\"Pol\u00edtica\"],\"inLanguage\":\"pt-PT\"},{\"@type\":\"WebPage\",\"@id\":\"https:\/\/www.pressenza.com\/pt-pt\/2022\/10\/em-quem-votar-no-proximo-dia-30-de-outubro-uma-decisao-dificil-mas-necessaria\/\",\"url\":\"https:\/\/www.pressenza.com\/pt-pt\/2022\/10\/em-quem-votar-no-proximo-dia-30-de-outubro-uma-decisao-dificil-mas-necessaria\/\",\"name\":\"Em quem votar no pr\u00f3ximo dia 30 de outubro? Uma decis\u00e3o dif\u00edcil, mas necess\u00e1ria\",\"isPartOf\":{\"@id\":\"https:\/\/www.pressenza.com\/pt-pt\/#website\"},\"primaryImageOfPage\":{\"@id\":\"https:\/\/www.pressenza.com\/pt-pt\/2022\/10\/em-quem-votar-no-proximo-dia-30-de-outubro-uma-decisao-dificil-mas-necessaria\/#primaryimage\"},\"image\":{\"@id\":\"https:\/\/www.pressenza.com\/pt-pt\/2022\/10\/em-quem-votar-no-proximo-dia-30-de-outubro-uma-decisao-dificil-mas-necessaria\/#primaryimage\"},\"thumbnailUrl\":\"https:\/\/www.pressenza.com\/wp-content\/uploads\/2022\/10\/lula-bolsonaro-captura-de-video.jpg\",\"datePublished\":\"2022-10-20T15:57:37+00:00\",\"dateModified\":\"2022-10-20T17:09:34+00:00\",\"description\":\"Por Astor Almeida Filho* As elei\u00e7\u00f5es do \u00faltimo dia 3 de outubro levaram dois candidatos para a decis\u00e3o no segundo turno, que ocorrer\u00e3o no pr\u00f3ximo dia 30.\",\"breadcrumb\":{\"@id\":\"https:\/\/www.pressenza.com\/pt-pt\/2022\/10\/em-quem-votar-no-proximo-dia-30-de-outubro-uma-decisao-dificil-mas-necessaria\/#breadcrumb\"},\"inLanguage\":\"pt-PT\",\"potentialAction\":[{\"@type\":\"ReadAction\",\"target\":[\"https:\/\/www.pressenza.com\/pt-pt\/2022\/10\/em-quem-votar-no-proximo-dia-30-de-outubro-uma-decisao-dificil-mas-necessaria\/\"]}]},{\"@type\":\"ImageObject\",\"inLanguage\":\"pt-PT\",\"@id\":\"https:\/\/www.pressenza.com\/pt-pt\/2022\/10\/em-quem-votar-no-proximo-dia-30-de-outubro-uma-decisao-dificil-mas-necessaria\/#primaryimage\",\"url\":\"https:\/\/www.pressenza.com\/wp-content\/uploads\/2022\/10\/lula-bolsonaro-captura-de-video.jpg\",\"contentUrl\":\"https:\/\/www.pressenza.com\/wp-content\/uploads\/2022\/10\/lula-bolsonaro-captura-de-video.jpg\",\"width\":820,\"height\":524},{\"@type\":\"BreadcrumbList\",\"@id\":\"https:\/\/www.pressenza.com\/pt-pt\/2022\/10\/em-quem-votar-no-proximo-dia-30-de-outubro-uma-decisao-dificil-mas-necessaria\/#breadcrumb\",\"itemListElement\":[{\"@type\":\"ListItem\",\"position\":1,\"name\":\"Accueil\",\"item\":\"https:\/\/www.pressenza.com\/pt-pt\/\"},{\"@type\":\"ListItem\",\"position\":2,\"name\":\"Em quem votar no pr\u00f3ximo dia 30 de outubro? Uma decis\u00e3o dif\u00edcil, mas necess\u00e1ria\"}]},{\"@type\":\"WebSite\",\"@id\":\"https:\/\/www.pressenza.com\/pt-pt\/#website\",\"url\":\"https:\/\/www.pressenza.com\/pt-pt\/\",\"name\":\"Pressenza\",\"description\":\"International Press Agency\",\"publisher\":{\"@id\":\"https:\/\/www.pressenza.com\/pt-pt\/#organization\"},\"potentialAction\":[{\"@type\":\"SearchAction\",\"target\":{\"@type\":\"EntryPoint\",\"urlTemplate\":\"https:\/\/www.pressenza.com\/pt-pt\/?s={search_term_string}\"},\"query-input\":{\"@type\":\"PropertyValueSpecification\",\"valueRequired\":true,\"valueName\":\"search_term_string\"}}],\"inLanguage\":\"pt-PT\"},{\"@type\":\"Organization\",\"@id\":\"https:\/\/www.pressenza.com\/pt-pt\/#organization\",\"name\":\"Pressenza\",\"url\":\"https:\/\/www.pressenza.com\/pt-pt\/\",\"logo\":{\"@type\":\"ImageObject\",\"inLanguage\":\"pt-PT\",\"@id\":\"https:\/\/www.pressenza.com\/pt-pt\/#\/schema\/logo\/image\/\",\"url\":\"https:\/\/www.pressenza.com\/wp-content\/uploads\/2022\/10\/pressenza_logo_200x200.jpg\",\"contentUrl\":\"https:\/\/www.pressenza.com\/wp-content\/uploads\/2022\/10\/pressenza_logo_200x200.jpg\",\"width\":200,\"height\":200,\"caption\":\"Pressenza\"},\"image\":{\"@id\":\"https:\/\/www.pressenza.com\/pt-pt\/#\/schema\/logo\/image\/\"},\"sameAs\":[\"https:\/\/www.facebook.com\/PressenzaItalia\",\"https:\/\/x.com\/PressenzaIPA\"]},{\"@type\":\"Person\",\"@id\":\"https:\/\/www.pressenza.com\/pt-pt\/#\/schema\/person\/6cd1c288a55563cadc972dbcd03bbe2b\",\"name\":\"Reda\u00e7\u00e3o Bahia\",\"description\":\"Reda\u00e7\u00e3o jornal\u00edstica de Pressenza em Bahia\",\"url\":\"https:\/\/www.pressenza.com\/pt-pt\/author\/redacao-bahia\/\"}]}<\/script>\n<!-- \/ Yoast SEO plugin. -->","yoast_head_json":{"title":"Em quem votar no pr\u00f3ximo dia 30 de outubro? Uma decis\u00e3o dif\u00edcil, mas necess\u00e1ria","description":"Por Astor Almeida Filho* As elei\u00e7\u00f5es do \u00faltimo dia 3 de outubro levaram dois candidatos para a decis\u00e3o no segundo turno, que ocorrer\u00e3o no pr\u00f3ximo dia 30.","robots":{"index":"index","follow":"follow","max-snippet":"max-snippet:-1","max-image-preview":"max-image-preview:large","max-video-preview":"max-video-preview:-1"},"canonical":"https:\/\/www.pressenza.com\/pt-pt\/2022\/10\/em-quem-votar-no-proximo-dia-30-de-outubro-uma-decisao-dificil-mas-necessaria\/","og_locale":"pt_PT","og_type":"article","og_title":"Em quem votar no pr\u00f3ximo dia 30 de outubro? Uma decis\u00e3o dif\u00edcil, mas necess\u00e1ria","og_description":"Por Astor Almeida Filho* As elei\u00e7\u00f5es do \u00faltimo dia 3 de outubro levaram dois candidatos para a decis\u00e3o no segundo turno, que ocorrer\u00e3o no pr\u00f3ximo dia 30.","og_url":"https:\/\/www.pressenza.com\/pt-pt\/2022\/10\/em-quem-votar-no-proximo-dia-30-de-outubro-uma-decisao-dificil-mas-necessaria\/","og_site_name":"Pressenza","article_publisher":"https:\/\/www.facebook.com\/PressenzaItalia","article_published_time":"2022-10-20T15:57:37+00:00","article_modified_time":"2022-10-20T17:09:34+00:00","og_image":[{"width":820,"height":524,"url":"https:\/\/www.pressenza.com\/wp-content\/uploads\/2022\/10\/lula-bolsonaro-captura-de-video.jpg","type":"image\/jpeg"}],"author":"Reda\u00e7\u00e3o Bahia","twitter_card":"summary_large_image","twitter_creator":"@PressenzaIPA","twitter_site":"@PressenzaIPA","twitter_misc":{"Escrito por":"Reda\u00e7\u00e3o Bahia","Tempo estimado de leitura":"4 minutos"},"schema":{"@context":"https:\/\/schema.org","@graph":[{"@type":"Article","@id":"https:\/\/www.pressenza.com\/pt-pt\/2022\/10\/em-quem-votar-no-proximo-dia-30-de-outubro-uma-decisao-dificil-mas-necessaria\/#article","isPartOf":{"@id":"https:\/\/www.pressenza.com\/pt-pt\/2022\/10\/em-quem-votar-no-proximo-dia-30-de-outubro-uma-decisao-dificil-mas-necessaria\/"},"author":{"name":"Reda\u00e7\u00e3o Bahia","@id":"https:\/\/www.pressenza.com\/pt-pt\/#\/schema\/person\/6cd1c288a55563cadc972dbcd03bbe2b"},"headline":"Em quem votar no pr\u00f3ximo dia 30 de outubro? Uma decis\u00e3o dif\u00edcil, mas necess\u00e1ria","datePublished":"2022-10-20T15:57:37+00:00","dateModified":"2022-10-20T17:09:34+00:00","mainEntityOfPage":{"@id":"https:\/\/www.pressenza.com\/pt-pt\/2022\/10\/em-quem-votar-no-proximo-dia-30-de-outubro-uma-decisao-dificil-mas-necessaria\/"},"wordCount":792,"publisher":{"@id":"https:\/\/www.pressenza.com\/pt-pt\/#organization"},"image":{"@id":"https:\/\/www.pressenza.com\/pt-pt\/2022\/10\/em-quem-votar-no-proximo-dia-30-de-outubro-uma-decisao-dificil-mas-necessaria\/#primaryimage"},"thumbnailUrl":"https:\/\/www.pressenza.com\/wp-content\/uploads\/2022\/10\/lula-bolsonaro-captura-de-video.jpg","keywords":["Brasil","elei\u00e7\u00f5es 2022"],"articleSection":["\u00c1m\u00e9rica do Sul","Opini\u00e3o","Pol\u00edtica"],"inLanguage":"pt-PT"},{"@type":"WebPage","@id":"https:\/\/www.pressenza.com\/pt-pt\/2022\/10\/em-quem-votar-no-proximo-dia-30-de-outubro-uma-decisao-dificil-mas-necessaria\/","url":"https:\/\/www.pressenza.com\/pt-pt\/2022\/10\/em-quem-votar-no-proximo-dia-30-de-outubro-uma-decisao-dificil-mas-necessaria\/","name":"Em quem votar no pr\u00f3ximo dia 30 de outubro? Uma decis\u00e3o dif\u00edcil, mas necess\u00e1ria","isPartOf":{"@id":"https:\/\/www.pressenza.com\/pt-pt\/#website"},"primaryImageOfPage":{"@id":"https:\/\/www.pressenza.com\/pt-pt\/2022\/10\/em-quem-votar-no-proximo-dia-30-de-outubro-uma-decisao-dificil-mas-necessaria\/#primaryimage"},"image":{"@id":"https:\/\/www.pressenza.com\/pt-pt\/2022\/10\/em-quem-votar-no-proximo-dia-30-de-outubro-uma-decisao-dificil-mas-necessaria\/#primaryimage"},"thumbnailUrl":"https:\/\/www.pressenza.com\/wp-content\/uploads\/2022\/10\/lula-bolsonaro-captura-de-video.jpg","datePublished":"2022-10-20T15:57:37+00:00","dateModified":"2022-10-20T17:09:34+00:00","description":"Por Astor Almeida Filho* As elei\u00e7\u00f5es do \u00faltimo dia 3 de outubro levaram dois candidatos para a decis\u00e3o no segundo turno, que ocorrer\u00e3o no pr\u00f3ximo dia 30.","breadcrumb":{"@id":"https:\/\/www.pressenza.com\/pt-pt\/2022\/10\/em-quem-votar-no-proximo-dia-30-de-outubro-uma-decisao-dificil-mas-necessaria\/#breadcrumb"},"inLanguage":"pt-PT","potentialAction":[{"@type":"ReadAction","target":["https:\/\/www.pressenza.com\/pt-pt\/2022\/10\/em-quem-votar-no-proximo-dia-30-de-outubro-uma-decisao-dificil-mas-necessaria\/"]}]},{"@type":"ImageObject","inLanguage":"pt-PT","@id":"https:\/\/www.pressenza.com\/pt-pt\/2022\/10\/em-quem-votar-no-proximo-dia-30-de-outubro-uma-decisao-dificil-mas-necessaria\/#primaryimage","url":"https:\/\/www.pressenza.com\/wp-content\/uploads\/2022\/10\/lula-bolsonaro-captura-de-video.jpg","contentUrl":"https:\/\/www.pressenza.com\/wp-content\/uploads\/2022\/10\/lula-bolsonaro-captura-de-video.jpg","width":820,"height":524},{"@type":"BreadcrumbList","@id":"https:\/\/www.pressenza.com\/pt-pt\/2022\/10\/em-quem-votar-no-proximo-dia-30-de-outubro-uma-decisao-dificil-mas-necessaria\/#breadcrumb","itemListElement":[{"@type":"ListItem","position":1,"name":"Accueil","item":"https:\/\/www.pressenza.com\/pt-pt\/"},{"@type":"ListItem","position":2,"name":"Em quem votar no pr\u00f3ximo dia 30 de outubro? Uma decis\u00e3o dif\u00edcil, mas necess\u00e1ria"}]},{"@type":"WebSite","@id":"https:\/\/www.pressenza.com\/pt-pt\/#website","url":"https:\/\/www.pressenza.com\/pt-pt\/","name":"Pressenza","description":"International Press Agency","publisher":{"@id":"https:\/\/www.pressenza.com\/pt-pt\/#organization"},"potentialAction":[{"@type":"SearchAction","target":{"@type":"EntryPoint","urlTemplate":"https:\/\/www.pressenza.com\/pt-pt\/?s={search_term_string}"},"query-input":{"@type":"PropertyValueSpecification","valueRequired":true,"valueName":"search_term_string"}}],"inLanguage":"pt-PT"},{"@type":"Organization","@id":"https:\/\/www.pressenza.com\/pt-pt\/#organization","name":"Pressenza","url":"https:\/\/www.pressenza.com\/pt-pt\/","logo":{"@type":"ImageObject","inLanguage":"pt-PT","@id":"https:\/\/www.pressenza.com\/pt-pt\/#\/schema\/logo\/image\/","url":"https:\/\/www.pressenza.com\/wp-content\/uploads\/2022\/10\/pressenza_logo_200x200.jpg","contentUrl":"https:\/\/www.pressenza.com\/wp-content\/uploads\/2022\/10\/pressenza_logo_200x200.jpg","width":200,"height":200,"caption":"Pressenza"},"image":{"@id":"https:\/\/www.pressenza.com\/pt-pt\/#\/schema\/logo\/image\/"},"sameAs":["https:\/\/www.facebook.com\/PressenzaItalia","https:\/\/x.com\/PressenzaIPA"]},{"@type":"Person","@id":"https:\/\/www.pressenza.com\/pt-pt\/#\/schema\/person\/6cd1c288a55563cadc972dbcd03bbe2b","name":"Reda\u00e7\u00e3o Bahia","description":"Reda\u00e7\u00e3o jornal\u00edstica de Pressenza em Bahia","url":"https:\/\/www.pressenza.com\/pt-pt\/author\/redacao-bahia\/"}]}},"place":"Brasil","original_article_url":"","_links":{"self":[{"href":"https:\/\/www.pressenza.com\/pt-pt\/wp-json\/wp\/v2\/posts\/1686152","targetHints":{"allow":["GET"]}}],"collection":[{"href":"https:\/\/www.pressenza.com\/pt-pt\/wp-json\/wp\/v2\/posts"}],"about":[{"href":"https:\/\/www.pressenza.com\/pt-pt\/wp-json\/wp\/v2\/types\/post"}],"author":[{"embeddable":true,"href":"https:\/\/www.pressenza.com\/pt-pt\/wp-json\/wp\/v2\/users\/2213"}],"replies":[{"embeddable":true,"href":"https:\/\/www.pressenza.com\/pt-pt\/wp-json\/wp\/v2\/comments?post=1686152"}],"version-history":[{"count":0,"href":"https:\/\/www.pressenza.com\/pt-pt\/wp-json\/wp\/v2\/posts\/1686152\/revisions"}],"wp:featuredmedia":[{"embeddable":true,"href":"https:\/\/www.pressenza.com\/pt-pt\/wp-json\/wp\/v2\/media\/1686155"}],"wp:attachment":[{"href":"https:\/\/www.pressenza.com\/pt-pt\/wp-json\/wp\/v2\/media?parent=1686152"}],"wp:term":[{"taxonomy":"category","embeddable":true,"href":"https:\/\/www.pressenza.com\/pt-pt\/wp-json\/wp\/v2\/categories?post=1686152"},{"taxonomy":"post_tag","embeddable":true,"href":"https:\/\/www.pressenza.com\/pt-pt\/wp-json\/wp\/v2\/tags?post=1686152"}],"curies":[{"name":"wp","href":"https:\/\/api.w.org\/{rel}","templated":true}]}}