{"id":1679874,"date":"2022-10-14T15:35:35","date_gmt":"2022-10-14T14:35:35","guid":{"rendered":"https:\/\/www.pressenza.com\/?p=1679874"},"modified":"2022-10-14T15:43:02","modified_gmt":"2022-10-14T14:43:02","slug":"nao-somos-indiferentes-somos-pessoas-que-germinam-o-bem-viver-votar-em-lula-faz-toda-a-diferenca","status":"publish","type":"post","link":"https:\/\/www.pressenza.com\/pt-pt\/2022\/10\/nao-somos-indiferentes-somos-pessoas-que-germinam-o-bem-viver-votar-em-lula-faz-toda-a-diferenca\/","title":{"rendered":"N\u00e3o somos indiferentes, somos pessoas que germinam o bem viver: votar em Lula faz toda a diferen\u00e7a!"},"content":{"rendered":"<p style=\"padding-left: 40px;\"><strong>Votar em Lula se torna uma necessidade hist\u00f3rica, n\u00e3o somente uma escolha.<\/strong><\/p>\n<p style=\"padding-left: 40px;\">Por Adriana Doyle Portugal\u00b9 e Eduardo Alves<\/p>\n<p>Houve o momento em que Gramsci, sujeito comprometido com a vida e com a melhor sobreviv\u00eancia humana, afirmou que \u201codiava os indiferentes\u201d. O compromisso do revolucion\u00e1rio italiano, que veio da periferia, n\u00e3o permitia que ele fosse indiferente. Assim \u00e9 PRESSENZA, um coletivo com diversidade e m\u00faltiplas vis\u00f5es, posi\u00e7\u00f5es e convic\u00e7\u00f5es, mas que \u00e9 unificado na jornada, sem viol\u00eancia, rumo \u00e0 transforma\u00e7\u00e3o da pol\u00edtica para o bem viver. Dito isso e reafirmando a import\u00e2ncia da unidade e do debate para a intelig\u00eancia coletiva que nos amplia e nos fortalece, vale colocar a quest\u00e3o: por que votar em Lula no segundo turno das elei\u00e7\u00f5es presidenciais no Brasil de 2022?<\/p>\n<p>Temos alguns motivos fundamentais para afirmar a necessidade de votar e de eleger Lula para a presid\u00eancia do Brasil em 2022. Dentre os motivos fundamentais, destacamos, para esse momento, apenas quatro motivos, que consideramos centrais e determinantes para o debate que se coloca no territ\u00f3rio dessa unidade que nos constitui.<\/p>\n<p>O primeiro motivo deriva da an\u00e1lise objetiva da realidade, do ponto de vista da conjuntura mundial e, tamb\u00e9m, do contexto pol\u00edtico no Brasil. Vamos tratar dele a partir da problem\u00e1tica te\u00f3rico-pol\u00edtica do imperialismo e de seu desenvolvimento. Pois bem, grosso modo, sabemos que a recente amea\u00e7a das novas pot\u00eancias emergentes no cen\u00e1rio mundial ao imp\u00e9rio estadunidense desencadeou, dentre outros fen\u00f4menos hist\u00f3ricos, a guerra h\u00edbrida contra o Brasil, mais concretamente a partir de 2013. Dito de outro modo, o governo estadunidense, diante da amea\u00e7a oriental encabe\u00e7ada pela China, esta, ao lado da \u00cdndia e da R\u00fassia na disputa territorial imperialista, buscou tomar de assalto a Am\u00e9rica Latina, na qual o Brasil, nos \u00faltimos governos, possu\u00eda uma fun\u00e7\u00e3o de lideran\u00e7a estrat\u00e9gica, n\u00e3o somente econ\u00f4mica, mas sobretudo pol\u00edtica.<\/p>\n<p>Com os governos dirigidos por Lula e Dilma, o desenho de um bloco latino-americano fortalecido tinha seus contornos cada vez mais definidos \u2013 processo hist\u00f3rico esse tendencial diante do modelo de desenvolvimento econ\u00f4mico adotado no Brasil durante esse per\u00edodo. Nesse sentido, o Brasil exportava capital consider\u00e1vel para os pa\u00edses da Am\u00e9rica Latina, concentrava e centralizava capital e se insinuava como pot\u00eancia-imp\u00e9rio no continente. A exporta\u00e7\u00e3o do capital petrol\u00edfero passou a ser central, pois a quest\u00e3o energ\u00e9tica tem centralidade para o desenvolvimento do capitalismo nos pa\u00edses emergentes no cen\u00e1rio imperialista: sem potencial energ\u00e9tico o desenvolvimento industrial fica comprometido e a China, por exemplo, estava, ainda, \u00e0 base do carv\u00e3o. N\u00e3o \u00e0 toa o imp\u00e9rio estadunidense, sob a farsa da defesa da democracia, invade o oriente m\u00e9dio buscando dominar o territ\u00f3rio e cortar a veia petrol\u00edfera que seguia, tamb\u00e9m da Am\u00e9rica Latina, para o desenvolvimento industrial da China. Assim, resumidamente, para invadir e dominar a Am\u00e9rica Latina e p\u00f4r fim, dentre outras coisas, \u00e0 geopol\u00edtica dos governos Lula e Dilma, os verdadeiros poderosos promoveram o golpe de Estado e elegeram, com investimento robusto e apoio das oligarquias econ\u00f4micas e financeiras, Bolsonaro como presidente do Brasil. Bolsonaro n\u00e3o era \u2013 e nem ser\u00e1 \u2013 o candidato perfeito para essa empreitada, mas servia como luva bonapartista \u00e0 necessidade do imp\u00e9rio estadunidense sob amea\u00e7a. E assim se fez.<\/p>\n<blockquote><p>Nesse sentido, <strong>Lula e Bolsonaro possuem fun\u00e7\u00f5es muito diferentes na conjuntura mundial em fase de disputa imperialista e possuem um papel na geopol\u00edtica do continente americano absolutamente distintas! N\u00e3o \u00e9 poss\u00edvel coloc\u00e1-los como equivalentes!<\/strong> Lula tem a capacidade pol\u00edtica de dirigir o processo do fortalecimento da Am\u00e9rica Latina diante do imperialismo, sobretudo pela sua base popular de apoio, possuindo a capacidade de reposicionar o Brasil de modo favor\u00e1vel na geopol\u00edtica mundial.<\/p><\/blockquote>\n<p>O segundo motivo \u00e9 espec\u00edfico do contexto nacional, ainda que se explique pelo que foi dito acima. Refere-se ao sintoma da amea\u00e7a fascista no Brasil, liderada pela est\u00e9tica beligerante de Bolsonaro. Sabemos, tamb\u00e9m \u2013 e podemos sempre aprender com a hist\u00f3ria! \u2013 que o crescimento do fascismo na Europa foi objeto de an\u00e1lise, de debate e de encaminhamentos t\u00e1ticos significativos para o movimento oper\u00e1rio. Uma das quest\u00f5es que se colocavam para o movimento oper\u00e1rio era se havia diferen\u00e7a entre a democracia burguesa e o fascismo, como duas faces da moeda da domina\u00e7\u00e3o burguesa contra os trabalhadores. Sabemos que o regime democr\u00e1tico que vigora no mundo \u00e9 uma express\u00e3o de regimes burgueses, assim como o fascismo. Por\u00e9m, h\u00e1 uma diferen\u00e7a substancial entre os dois, n\u00e3o \u00e0 toa destacada com relev\u00e2ncia por Trotsky no interior desse debate: a democracia pressup\u00f5e a nossa exist\u00eancia, o fascismo requer nosso aniquilamento.<\/p>\n<div id=\"attachment_1679942\" class=\"wp-caption alignnone\"><img loading=\"lazy\" decoding=\"async\" aria-describedby=\"caption-attachment-1679942\" class=\"wp-image-1679942 size-full\" src=\"https:\/\/www.pressenza.com\/wp-content\/uploads\/2022\/10\/Oliver-Kornblihtt-1-Mi\u0301dia-NINJA.jpg\" alt=\"\" width=\"1024\" height=\"683\" srcset=\"https:\/\/www.pressenza.com\/wp-content\/uploads\/2022\/10\/Oliver-Kornblihtt-1-Mi\u0301dia-NINJA.jpg 1024w, https:\/\/www.pressenza.com\/wp-content\/uploads\/2022\/10\/Oliver-Kornblihtt-1-Mi\u0301dia-NINJA-300x200.jpg 300w, https:\/\/www.pressenza.com\/wp-content\/uploads\/2022\/10\/Oliver-Kornblihtt-1-Mi\u0301dia-NINJA-820x547.jpg 820w\" sizes=\"auto, (max-width: 1024px) 100vw, 1024px\" \/><p id=\"caption-attachment-1679942\" class=\"wp-caption-text\">Foto de Oliver Kornblihtt \/Mi\u0301dia NINJA<\/p><\/div>\n<p>Vale lembrar que foram os stalinistas que defenderam que a democracia e o fascismo eram indiferentes. N\u00e3o, n\u00e3o s\u00e3o! O fascismo tem como objetivo garantir os interesses de setores hegem\u00f4nicos da burguesia \u00e0s custas da destrui\u00e7\u00e3o da exist\u00eancia das organiza\u00e7\u00f5es oper\u00e1rias, populares e cr\u00edticas ao sistema.<\/p>\n<blockquote><p><strong>O fascismo, como express\u00e3o m\u00e1xima do autoritarismo em todas as dimens\u00f5es, busca destruir os setores organizados assim como os m\u00faltiplos coletivos e movimentos sociais correspondentes.<\/strong><\/p><\/blockquote>\n<p>Eles querem nos destruir, aniquilar nossa exist\u00eancia.<\/p>\n<blockquote><p><strong>Na democracia h\u00e1 territ\u00f3rio de disputa e possibilidade de existir e de se organizar. No fascismo n\u00e3o.<\/strong><\/p><\/blockquote>\n<p>Ent\u00e3o, considerando a amea\u00e7a fascista, votar no Lula faz muita diferen\u00e7a. Lula e Bolsonaro s\u00e3o express\u00f5es antag\u00f4nicas da superestrutura jur\u00eddica, pol\u00edtica e ideol\u00f3gica e, para n\u00f3s, isso faz toda a diferen\u00e7a.<\/p>\n<p>O terceiro motivo para votar em Lula, na verdade, \u00e9 uma resposta \u00e0 confus\u00e3o que pode ocorrer de concep\u00e7\u00e3o entre o que \u00e9 o processo eleitoral e o que \u00e9 o governo. Vejam bem, elei\u00e7\u00f5es n\u00e3o s\u00e3o governo, s\u00e3o momentos muito distintos. Isso quer dizer \u2013 e a hist\u00f3ria tamb\u00e9m tem muito o que nos ensinar para isso \u2013 que as parcerias e as alian\u00e7as realizadas para o processo eleitoral n\u00e3o definem o governo, o programa e a correla\u00e7\u00e3o de for\u00e7as que seguir\u00e3o durante o governo. \u00c9 evidente que as alian\u00e7as indicam caminhos, mas n\u00e3o os determinam. O governo \u00e9 o processo de constru\u00e7\u00e3o e de realiza\u00e7\u00e3o de um programa que se concretiza mediante a rela\u00e7\u00e3o com os setores sociais, com a classe trabalhadora, com os movimentos e, sobretudo, com a posi\u00e7\u00e3o na geopol\u00edtica mundial, coisa na qual Lula tem diferen\u00e7as significativas com Bolsonaro!<\/p>\n<p>O programa de um governo n\u00e3o \u00e9 o que est\u00e1 escrito no papel, nem o que se diz nas elei\u00e7\u00f5es. \u00c9 resultado da correla\u00e7\u00e3o de for\u00e7as que tender\u00e1 para o bem-viver na medida em que possamos, n\u00f3s, deste lado aqui, consolidar e ampliar for\u00e7a para que a vara da hist\u00f3ria vire a nosso favor e n\u00e3o contra n\u00f3s. E com Lula isso \u00e9 poss\u00edvel. Com Bolsonaro n\u00e3o ser\u00e1. Lula n\u00e3o \u00e9 o candidato dos poderosos. Lula est\u00e1 sendo escolhido por alguns poderosos porque o Bonaparte brasileiro est\u00e1 mais forte do que se esperava e pode escapar ao seu controle. Lula n\u00e3o \u00e9 o candidato da burguesia, Lula \u00e9 o candidato dos trabalhadores.<\/p>\n<p>O quarto motivo refere-se ao significado pol\u00edtico dos governos Lula e Dilma, que nos indica respostas importantes para aqueles que acham que \u201ctanto faz\u201d. De fato, tanto com Lula quanto com Bolsonaro a burguesia continuar\u00e1 como classe dominante economicamente. Mas em condi\u00e7\u00f5es muito diferentes. Marx, no Manifesto Comunista, nos ensina sobre a import\u00e2ncia que teve, para as organiza\u00e7\u00f5es e para o movimento oper\u00e1rio, a luta dos trabalhadores, ainda que ao lado de setores burgueses, em determinados per\u00edodos hist\u00f3ricos. Existem momentos hist\u00f3ricos onde n\u00e3o h\u00e1 for\u00e7a pol\u00edtica e organizativa para superarmos as contradi\u00e7\u00f5es criadas no pr\u00f3prio capitalismo. Afinal, para os setores dominantes propriet\u00e1rios do comum e, tamb\u00e9m, para n\u00f3s, a pol\u00edtica predominante n\u00e3o \u00e9 feita apenas com a vontade, \u00e9 necess\u00e1rio existir condi\u00e7\u00f5es e for\u00e7a acumulada socialmente para que a pol\u00edtica desejada possa existir.<\/p>\n<p>Por isso, vale refor\u00e7ar que a tarefa de alargar direitos, democracia e condi\u00e7\u00f5es humanas de viver \u00e9 nossa.<\/p>\n<blockquote><p><strong>Propostas como a renda b\u00e1sica incondicional e universal, por exemplo, fundamental para pa\u00edses como o Brasil, ganham maior for\u00e7a e condi\u00e7\u00f5es para serem conquistadas em um governo Lula e, portanto, a posi\u00e7\u00e3o do voto em Lula \u00e9 fundamental para as tarefas que s\u00e3o nossas.<\/strong><\/p><\/blockquote>\n<p>Afinal, sob que governo teremos, n\u00f3s, condi\u00e7\u00f5es para nos ampliar, nos fortalecer e para avan\u00e7ar em frestas de liberdade e intelig\u00eancia coletiva rumo ao bem viver? A for\u00e7a da base de apoio de Lula faz toda a diferen\u00e7a nessa correla\u00e7\u00e3o de for\u00e7as. Lula n\u00e3o \u00e9 o candidato da burguesia, tampouco manter\u00e1 as pautas burguesas nas mesmas condi\u00e7\u00f5es que Bolsonaro o far\u00e1. Lula n\u00e3o aceitar\u00e1 qualquer pauta e essa resist\u00eancia ser\u00e1 mais ampla a depender da for\u00e7a que teremos como territ\u00f3rio pol\u00edtico, tarefa que, como j\u00e1 dito, ser\u00e1 nossa. N\u00e3o estamos votando exclusivamente em um candidato com um programa, pautados pelos feitos de seus governos anteriores. N\u00f3s, que n\u00e3o somos idealistas, estamos votando a partir da an\u00e1lise objetiva do contexto nacional, da conjuntura mundial, da an\u00e1lise da correla\u00e7\u00e3o de for\u00e7as e das condi\u00e7\u00f5es favor\u00e1veis e concretas para criar as possibilidades objetivas e subjetivas para conquistar e avan\u00e7ar em pautas que defendemos.<\/p>\n<blockquote><p><strong>Votar em Lula se torna uma necessidade hist\u00f3rica, n\u00e3o somente uma escolha.<\/strong> E o seu apoio \u00e9 fundamental, mesmo que seja cr\u00edtico.<\/p><\/blockquote>\n<div id=\"attachment_1679952\" class=\"wp-caption alignnone\"><img loading=\"lazy\" decoding=\"async\" aria-describedby=\"caption-attachment-1679952\" class=\"wp-image-1679952 size-full\" src=\"https:\/\/www.pressenza.com\/wp-content\/uploads\/2022\/10\/Bloco-de-Luta-Sou-Vermelh@-230219-Belo-Horizonte-MG.jpg\" alt=\"\" width=\"1024\" height=\"680\" srcset=\"https:\/\/www.pressenza.com\/wp-content\/uploads\/2022\/10\/Bloco-de-Luta-Sou-Vermelh@-230219-Belo-Horizonte-MG.jpg 1024w, https:\/\/www.pressenza.com\/wp-content\/uploads\/2022\/10\/Bloco-de-Luta-Sou-Vermelh@-230219-Belo-Horizonte-MG-300x199.jpg 300w, https:\/\/www.pressenza.com\/wp-content\/uploads\/2022\/10\/Bloco-de-Luta-Sou-Vermelh@-230219-Belo-Horizonte-MG-820x545.jpg 820w\" sizes=\"auto, (max-width: 1024px) 100vw, 1024px\" \/><p id=\"caption-attachment-1679952\" class=\"wp-caption-text\">Bloco de Kuta &#8220;Sou Vermelh@&#8221;. Fevereiro 2019, Belo Horizonte, MG<\/p><\/div>\n<p>Por \u00faltimo, vale dizer que votar em Lula n\u00e3o \u00e9 \u201cvoto \u00fatil\u201d. Votar em Lula tamb\u00e9m n\u00e3o \u00e9 votar no \u201cmenos pior\u201d. Votar em Lula \u00e9 voto consciente. As pessoas comprometidas com o bem-viver t\u00eam o dever de votar conscientemente, sob o risco de idealismo, de esquerdismo ou at\u00e9 mesmo de um namoro com o materialismo vulgar. O voto \u00e9 um direito conquistado, n\u00e3o \u00e9 uma concess\u00e3o: n\u00e3o vamos abrir m\u00e3o desse direito. N\u00e3o somos defensores de regimes burgueses, mas dos direitos conquistados na hist\u00f3ria e esse \u00e9 um direito importante que traz impactos significativos para n\u00f3s e para as possibilidades de existirmos politicamente. E continuaremos na estrada daqueles que est\u00e3o do lado certo da hist\u00f3ria.<\/p>\n<blockquote><p><strong>N\u00f3s n\u00e3o temos d\u00favidas que far\u00e1 muita diferen\u00e7a sair desta elei\u00e7\u00e3o com Lula presidente, sobretudo para que tenhamos um ambiente no qual a organiza\u00e7\u00e3o, a forma\u00e7\u00e3o, o acolhimento e a a\u00e7\u00e3o coletiva e solid\u00e1ria possam avan\u00e7ar cada vez mais entre todas as pessoas.<\/strong><\/p><\/blockquote>\n<p>E n\u00f3s sabemos \u2013 e precisamos fazer com que todas as pessoas saibam! \u2013 que ser\u00e1 com Lula a condi\u00e7\u00e3o para um ambiente mais favor\u00e1vel para acumular for\u00e7as para o Bem Viver. N\u00e3o nos confundiremos e vamos manter a assertividade e o compromisso para trabalhar nessa campanha de modo que as organiza\u00e7\u00f5es comprometidas com a vida, como \u00e9 PRESSENZA, fa\u00e7am o mesmo neste momento!<\/p>\n<p>Afinal, n\u00e3o vai adiantar puxar os pr\u00f3prios cabelos para sair do p\u00e2ntano, como tentou o Bar\u00e3o de M\u00fcnchausen. Nosso ponto de apoio est\u00e1 na multid\u00e3o de pessoas que fazem a roda da vida girar, que vendem a sua for\u00e7a de trabalho para sobreviver e que possuem condi\u00e7\u00f5es para atuar, com forma\u00e7\u00e3o e consci\u00eancia, nesta unidade cada vez mais humanista, solid\u00e1ria e popular em favor da vida e da plena exist\u00eancia de todos os seres sencientes, humanos e n\u00e3o humanos.<\/p>\n<p>Vamos juntas e juntos!<\/p>\n<p>Lula presidente!<\/p>\n<hr \/>\n<p>\u00b9 Adriana Doyle Portugal \u00e9 professora, soci\u00f3loga, psicanalista e da Coletiva Mulheres na Serra de Nova Friburgo-RJ<\/p>\n","protected":false},"excerpt":{"rendered":"<p>Votar em Lula se torna uma necessidade hist\u00f3rica, n\u00e3o somente uma escolha. Por Adriana Doyle Portugal\u00b9 e Eduardo Alves Houve o momento em que Gramsci, sujeito comprometido com a vida e com a melhor sobreviv\u00eancia humana, afirmou que \u201codiava os&hellip;<\/p>\n","protected":false},"author":1874,"featured_media":1679962,"comment_status":"closed","ping_status":"closed","sticky":false,"template":"","format":"standard","meta":{"footnotes":""},"categories":[104,11390,165,111],"tags":[2744,5917,98808,54849],"class_list":["post-1679874","post","type-post","status-publish","format-standard","has-post-thumbnail","hentry","category-america-do-sul","category-conteudo-original","category-opiniao","category-politica-pt-pt","tag-brasil","tag-democracia-pt-pt","tag-eleicoes-2022","tag-lula-pt-pt"],"yoast_head":"<!-- This site is optimized with the Yoast SEO plugin v27.1.1 - https:\/\/yoast.com\/product\/yoast-seo-wordpress\/ -->\n<title>N\u00e3o somos indiferentes, somos pessoas que germinam o bem viver: votar em Lula faz toda a diferen\u00e7a!<\/title>\n<meta name=\"description\" content=\"Votar em Lula se torna uma necessidade hist\u00f3rica, n\u00e3o somente uma escolha. Por Adriana Doyle Portugal\u00b9 e Eduardo Alves Houve o momento em que Gramsci,\" \/>\n<meta name=\"robots\" content=\"index, follow, max-snippet:-1, max-image-preview:large, max-video-preview:-1\" \/>\n<link rel=\"canonical\" href=\"https:\/\/www.pressenza.com\/pt-pt\/2022\/10\/nao-somos-indiferentes-somos-pessoas-que-germinam-o-bem-viver-votar-em-lula-faz-toda-a-diferenca\/\" \/>\n<meta property=\"og:locale\" content=\"pt_PT\" \/>\n<meta property=\"og:type\" content=\"article\" \/>\n<meta property=\"og:title\" content=\"N\u00e3o somos indiferentes, somos pessoas que germinam o bem viver: votar em Lula faz toda a diferen\u00e7a!\" \/>\n<meta property=\"og:description\" content=\"Votar em Lula se torna uma necessidade hist\u00f3rica, n\u00e3o somente uma escolha. Por Adriana Doyle Portugal\u00b9 e Eduardo Alves Houve o momento em que Gramsci,\" \/>\n<meta property=\"og:url\" content=\"https:\/\/www.pressenza.com\/pt-pt\/2022\/10\/nao-somos-indiferentes-somos-pessoas-que-germinam-o-bem-viver-votar-em-lula-faz-toda-a-diferenca\/\" \/>\n<meta property=\"og:site_name\" content=\"Pressenza\" \/>\n<meta property=\"article:publisher\" content=\"https:\/\/www.facebook.com\/PressenzaItalia\" \/>\n<meta property=\"article:published_time\" content=\"2022-10-14T14:35:35+00:00\" \/>\n<meta property=\"article:modified_time\" content=\"2022-10-14T14:43:02+00:00\" \/>\n<meta property=\"og:image\" content=\"https:\/\/www.pressenza.com\/wp-content\/uploads\/2022\/10\/Oliver-Kornblihtt-Mi\u0301dia-NINJA.jpg\" \/>\n\t<meta property=\"og:image:width\" content=\"1024\" \/>\n\t<meta property=\"og:image:height\" content=\"683\" \/>\n\t<meta property=\"og:image:type\" content=\"image\/jpeg\" \/>\n<meta name=\"author\" content=\"Eduardo Alves\" \/>\n<meta name=\"twitter:card\" content=\"summary_large_image\" \/>\n<meta name=\"twitter:creator\" content=\"@PressenzaIPA\" \/>\n<meta name=\"twitter:site\" content=\"@PressenzaIPA\" \/>\n<meta name=\"twitter:label1\" content=\"Escrito por\" \/>\n\t<meta name=\"twitter:data1\" content=\"Eduardo Alves\" \/>\n\t<meta name=\"twitter:label2\" content=\"Tempo estimado de leitura\" \/>\n\t<meta name=\"twitter:data2\" content=\"9 minutos\" \/>\n<script type=\"application\/ld+json\" class=\"yoast-schema-graph\">{\"@context\":\"https:\/\/schema.org\",\"@graph\":[{\"@type\":\"Article\",\"@id\":\"https:\/\/www.pressenza.com\/pt-pt\/2022\/10\/nao-somos-indiferentes-somos-pessoas-que-germinam-o-bem-viver-votar-em-lula-faz-toda-a-diferenca\/#article\",\"isPartOf\":{\"@id\":\"https:\/\/www.pressenza.com\/pt-pt\/2022\/10\/nao-somos-indiferentes-somos-pessoas-que-germinam-o-bem-viver-votar-em-lula-faz-toda-a-diferenca\/\"},\"author\":{\"name\":\"Eduardo Alves\",\"@id\":\"https:\/\/www.pressenza.com\/pt-pt\/#\/schema\/person\/b55730b69bc814ba0d0991ea3e75f32d\"},\"headline\":\"N\u00e3o somos indiferentes, somos pessoas que germinam o bem viver: votar em Lula faz toda a diferen\u00e7a!\",\"datePublished\":\"2022-10-14T14:35:35+00:00\",\"dateModified\":\"2022-10-14T14:43:02+00:00\",\"mainEntityOfPage\":{\"@id\":\"https:\/\/www.pressenza.com\/pt-pt\/2022\/10\/nao-somos-indiferentes-somos-pessoas-que-germinam-o-bem-viver-votar-em-lula-faz-toda-a-diferenca\/\"},\"wordCount\":2078,\"publisher\":{\"@id\":\"https:\/\/www.pressenza.com\/pt-pt\/#organization\"},\"image\":{\"@id\":\"https:\/\/www.pressenza.com\/pt-pt\/2022\/10\/nao-somos-indiferentes-somos-pessoas-que-germinam-o-bem-viver-votar-em-lula-faz-toda-a-diferenca\/#primaryimage\"},\"thumbnailUrl\":\"https:\/\/www.pressenza.com\/wp-content\/uploads\/2022\/10\/Oliver-Kornblihtt-Mi\u0301dia-NINJA.jpg\",\"keywords\":[\"Brasil\",\"Democracia\",\"elei\u00e7\u00f5es 2022\",\"Lula\"],\"articleSection\":[\"\u00c1m\u00e9rica do Sul\",\"Conte\u00fado Original\",\"Opini\u00e3o\",\"Pol\u00edtica\"],\"inLanguage\":\"pt-PT\"},{\"@type\":\"WebPage\",\"@id\":\"https:\/\/www.pressenza.com\/pt-pt\/2022\/10\/nao-somos-indiferentes-somos-pessoas-que-germinam-o-bem-viver-votar-em-lula-faz-toda-a-diferenca\/\",\"url\":\"https:\/\/www.pressenza.com\/pt-pt\/2022\/10\/nao-somos-indiferentes-somos-pessoas-que-germinam-o-bem-viver-votar-em-lula-faz-toda-a-diferenca\/\",\"name\":\"N\u00e3o somos indiferentes, somos pessoas que germinam o bem viver: votar em Lula faz toda a diferen\u00e7a!\",\"isPartOf\":{\"@id\":\"https:\/\/www.pressenza.com\/pt-pt\/#website\"},\"primaryImageOfPage\":{\"@id\":\"https:\/\/www.pressenza.com\/pt-pt\/2022\/10\/nao-somos-indiferentes-somos-pessoas-que-germinam-o-bem-viver-votar-em-lula-faz-toda-a-diferenca\/#primaryimage\"},\"image\":{\"@id\":\"https:\/\/www.pressenza.com\/pt-pt\/2022\/10\/nao-somos-indiferentes-somos-pessoas-que-germinam-o-bem-viver-votar-em-lula-faz-toda-a-diferenca\/#primaryimage\"},\"thumbnailUrl\":\"https:\/\/www.pressenza.com\/wp-content\/uploads\/2022\/10\/Oliver-Kornblihtt-Mi\u0301dia-NINJA.jpg\",\"datePublished\":\"2022-10-14T14:35:35+00:00\",\"dateModified\":\"2022-10-14T14:43:02+00:00\",\"description\":\"Votar em Lula se torna uma necessidade hist\u00f3rica, n\u00e3o somente uma escolha. Por Adriana Doyle Portugal\u00b9 e Eduardo Alves Houve o momento em que Gramsci,\",\"breadcrumb\":{\"@id\":\"https:\/\/www.pressenza.com\/pt-pt\/2022\/10\/nao-somos-indiferentes-somos-pessoas-que-germinam-o-bem-viver-votar-em-lula-faz-toda-a-diferenca\/#breadcrumb\"},\"inLanguage\":\"pt-PT\",\"potentialAction\":[{\"@type\":\"ReadAction\",\"target\":[\"https:\/\/www.pressenza.com\/pt-pt\/2022\/10\/nao-somos-indiferentes-somos-pessoas-que-germinam-o-bem-viver-votar-em-lula-faz-toda-a-diferenca\/\"]}]},{\"@type\":\"ImageObject\",\"inLanguage\":\"pt-PT\",\"@id\":\"https:\/\/www.pressenza.com\/pt-pt\/2022\/10\/nao-somos-indiferentes-somos-pessoas-que-germinam-o-bem-viver-votar-em-lula-faz-toda-a-diferenca\/#primaryimage\",\"url\":\"https:\/\/www.pressenza.com\/wp-content\/uploads\/2022\/10\/Oliver-Kornblihtt-Mi\u0301dia-NINJA.jpg\",\"contentUrl\":\"https:\/\/www.pressenza.com\/wp-content\/uploads\/2022\/10\/Oliver-Kornblihtt-Mi\u0301dia-NINJA.jpg\",\"width\":1024,\"height\":683},{\"@type\":\"BreadcrumbList\",\"@id\":\"https:\/\/www.pressenza.com\/pt-pt\/2022\/10\/nao-somos-indiferentes-somos-pessoas-que-germinam-o-bem-viver-votar-em-lula-faz-toda-a-diferenca\/#breadcrumb\",\"itemListElement\":[{\"@type\":\"ListItem\",\"position\":1,\"name\":\"Accueil\",\"item\":\"https:\/\/www.pressenza.com\/pt-pt\/\"},{\"@type\":\"ListItem\",\"position\":2,\"name\":\"N\u00e3o somos indiferentes, somos pessoas que germinam o bem viver: votar em Lula faz toda a diferen\u00e7a!\"}]},{\"@type\":\"WebSite\",\"@id\":\"https:\/\/www.pressenza.com\/pt-pt\/#website\",\"url\":\"https:\/\/www.pressenza.com\/pt-pt\/\",\"name\":\"Pressenza\",\"description\":\"International Press Agency\",\"publisher\":{\"@id\":\"https:\/\/www.pressenza.com\/pt-pt\/#organization\"},\"potentialAction\":[{\"@type\":\"SearchAction\",\"target\":{\"@type\":\"EntryPoint\",\"urlTemplate\":\"https:\/\/www.pressenza.com\/pt-pt\/?s={search_term_string}\"},\"query-input\":{\"@type\":\"PropertyValueSpecification\",\"valueRequired\":true,\"valueName\":\"search_term_string\"}}],\"inLanguage\":\"pt-PT\"},{\"@type\":\"Organization\",\"@id\":\"https:\/\/www.pressenza.com\/pt-pt\/#organization\",\"name\":\"Pressenza\",\"url\":\"https:\/\/www.pressenza.com\/pt-pt\/\",\"logo\":{\"@type\":\"ImageObject\",\"inLanguage\":\"pt-PT\",\"@id\":\"https:\/\/www.pressenza.com\/pt-pt\/#\/schema\/logo\/image\/\",\"url\":\"https:\/\/www.pressenza.com\/wp-content\/uploads\/2022\/10\/pressenza_logo_200x200.jpg\",\"contentUrl\":\"https:\/\/www.pressenza.com\/wp-content\/uploads\/2022\/10\/pressenza_logo_200x200.jpg\",\"width\":200,\"height\":200,\"caption\":\"Pressenza\"},\"image\":{\"@id\":\"https:\/\/www.pressenza.com\/pt-pt\/#\/schema\/logo\/image\/\"},\"sameAs\":[\"https:\/\/www.facebook.com\/PressenzaItalia\",\"https:\/\/x.com\/PressenzaIPA\"]},{\"@type\":\"Person\",\"@id\":\"https:\/\/www.pressenza.com\/pt-pt\/#\/schema\/person\/b55730b69bc814ba0d0991ea3e75f32d\",\"name\":\"Eduardo Alves\",\"description\":\"Nasceu na periferia da cidade do Rio de Janeiro e desde os 14 anos atua em a\u00e7\u00f5es democr\u00e1ticas. Fez parte da Teologia da Liberta\u00e7\u00e3o e atua com forma\u00e7\u00e3o pol\u00edtica desde os 18 anos, em partidos de esquerda, movimentos sociais e organiza\u00e7\u00f5es da sociedade civil. Cursou Ci\u00eancias Econ\u00f4micas na Universidade Federal Rural do Rio de Janeiro e Ci\u00eancias Sociais na Universidade Federal do Rio de Janeiro. Foi da dire\u00e7\u00e3o do Observat\u00f3rio de Favelas, coordenador da ESPOCC \u2013 Escola Popular de Comunica\u00e7\u00e3o Cr\u00edtica \u2013 e colaborador do IMJA-Instituto Maria e Jo\u00e3o Aleixo - desde a sua funda\u00e7\u00e3o. Nos dias atuais \u00e9 colaborador e organizador do IPAD e identifica-se como intelectual org\u00e2nico da periferia. Desde janeiro de 2025, \u00e9 presidente do Conselho da administra\u00e7\u00e3o da empresa social Viva Rio.\",\"url\":\"https:\/\/www.pressenza.com\/pt-pt\/author\/eduardo-alves\/\"}]}<\/script>\n<!-- \/ Yoast SEO plugin. -->","yoast_head_json":{"title":"N\u00e3o somos indiferentes, somos pessoas que germinam o bem viver: votar em Lula faz toda a diferen\u00e7a!","description":"Votar em Lula se torna uma necessidade hist\u00f3rica, n\u00e3o somente uma escolha. Por Adriana Doyle Portugal\u00b9 e Eduardo Alves Houve o momento em que Gramsci,","robots":{"index":"index","follow":"follow","max-snippet":"max-snippet:-1","max-image-preview":"max-image-preview:large","max-video-preview":"max-video-preview:-1"},"canonical":"https:\/\/www.pressenza.com\/pt-pt\/2022\/10\/nao-somos-indiferentes-somos-pessoas-que-germinam-o-bem-viver-votar-em-lula-faz-toda-a-diferenca\/","og_locale":"pt_PT","og_type":"article","og_title":"N\u00e3o somos indiferentes, somos pessoas que germinam o bem viver: votar em Lula faz toda a diferen\u00e7a!","og_description":"Votar em Lula se torna uma necessidade hist\u00f3rica, n\u00e3o somente uma escolha. Por Adriana Doyle Portugal\u00b9 e Eduardo Alves Houve o momento em que Gramsci,","og_url":"https:\/\/www.pressenza.com\/pt-pt\/2022\/10\/nao-somos-indiferentes-somos-pessoas-que-germinam-o-bem-viver-votar-em-lula-faz-toda-a-diferenca\/","og_site_name":"Pressenza","article_publisher":"https:\/\/www.facebook.com\/PressenzaItalia","article_published_time":"2022-10-14T14:35:35+00:00","article_modified_time":"2022-10-14T14:43:02+00:00","og_image":[{"width":1024,"height":683,"url":"https:\/\/www.pressenza.com\/wp-content\/uploads\/2022\/10\/Oliver-Kornblihtt-Mi\u0301dia-NINJA.jpg","type":"image\/jpeg"}],"author":"Eduardo Alves","twitter_card":"summary_large_image","twitter_creator":"@PressenzaIPA","twitter_site":"@PressenzaIPA","twitter_misc":{"Escrito por":"Eduardo Alves","Tempo estimado de leitura":"9 minutos"},"schema":{"@context":"https:\/\/schema.org","@graph":[{"@type":"Article","@id":"https:\/\/www.pressenza.com\/pt-pt\/2022\/10\/nao-somos-indiferentes-somos-pessoas-que-germinam-o-bem-viver-votar-em-lula-faz-toda-a-diferenca\/#article","isPartOf":{"@id":"https:\/\/www.pressenza.com\/pt-pt\/2022\/10\/nao-somos-indiferentes-somos-pessoas-que-germinam-o-bem-viver-votar-em-lula-faz-toda-a-diferenca\/"},"author":{"name":"Eduardo Alves","@id":"https:\/\/www.pressenza.com\/pt-pt\/#\/schema\/person\/b55730b69bc814ba0d0991ea3e75f32d"},"headline":"N\u00e3o somos indiferentes, somos pessoas que germinam o bem viver: votar em Lula faz toda a diferen\u00e7a!","datePublished":"2022-10-14T14:35:35+00:00","dateModified":"2022-10-14T14:43:02+00:00","mainEntityOfPage":{"@id":"https:\/\/www.pressenza.com\/pt-pt\/2022\/10\/nao-somos-indiferentes-somos-pessoas-que-germinam-o-bem-viver-votar-em-lula-faz-toda-a-diferenca\/"},"wordCount":2078,"publisher":{"@id":"https:\/\/www.pressenza.com\/pt-pt\/#organization"},"image":{"@id":"https:\/\/www.pressenza.com\/pt-pt\/2022\/10\/nao-somos-indiferentes-somos-pessoas-que-germinam-o-bem-viver-votar-em-lula-faz-toda-a-diferenca\/#primaryimage"},"thumbnailUrl":"https:\/\/www.pressenza.com\/wp-content\/uploads\/2022\/10\/Oliver-Kornblihtt-Mi\u0301dia-NINJA.jpg","keywords":["Brasil","Democracia","elei\u00e7\u00f5es 2022","Lula"],"articleSection":["\u00c1m\u00e9rica do Sul","Conte\u00fado Original","Opini\u00e3o","Pol\u00edtica"],"inLanguage":"pt-PT"},{"@type":"WebPage","@id":"https:\/\/www.pressenza.com\/pt-pt\/2022\/10\/nao-somos-indiferentes-somos-pessoas-que-germinam-o-bem-viver-votar-em-lula-faz-toda-a-diferenca\/","url":"https:\/\/www.pressenza.com\/pt-pt\/2022\/10\/nao-somos-indiferentes-somos-pessoas-que-germinam-o-bem-viver-votar-em-lula-faz-toda-a-diferenca\/","name":"N\u00e3o somos indiferentes, somos pessoas que germinam o bem viver: votar em Lula faz toda a diferen\u00e7a!","isPartOf":{"@id":"https:\/\/www.pressenza.com\/pt-pt\/#website"},"primaryImageOfPage":{"@id":"https:\/\/www.pressenza.com\/pt-pt\/2022\/10\/nao-somos-indiferentes-somos-pessoas-que-germinam-o-bem-viver-votar-em-lula-faz-toda-a-diferenca\/#primaryimage"},"image":{"@id":"https:\/\/www.pressenza.com\/pt-pt\/2022\/10\/nao-somos-indiferentes-somos-pessoas-que-germinam-o-bem-viver-votar-em-lula-faz-toda-a-diferenca\/#primaryimage"},"thumbnailUrl":"https:\/\/www.pressenza.com\/wp-content\/uploads\/2022\/10\/Oliver-Kornblihtt-Mi\u0301dia-NINJA.jpg","datePublished":"2022-10-14T14:35:35+00:00","dateModified":"2022-10-14T14:43:02+00:00","description":"Votar em Lula se torna uma necessidade hist\u00f3rica, n\u00e3o somente uma escolha. Por Adriana Doyle Portugal\u00b9 e Eduardo Alves Houve o momento em que Gramsci,","breadcrumb":{"@id":"https:\/\/www.pressenza.com\/pt-pt\/2022\/10\/nao-somos-indiferentes-somos-pessoas-que-germinam-o-bem-viver-votar-em-lula-faz-toda-a-diferenca\/#breadcrumb"},"inLanguage":"pt-PT","potentialAction":[{"@type":"ReadAction","target":["https:\/\/www.pressenza.com\/pt-pt\/2022\/10\/nao-somos-indiferentes-somos-pessoas-que-germinam-o-bem-viver-votar-em-lula-faz-toda-a-diferenca\/"]}]},{"@type":"ImageObject","inLanguage":"pt-PT","@id":"https:\/\/www.pressenza.com\/pt-pt\/2022\/10\/nao-somos-indiferentes-somos-pessoas-que-germinam-o-bem-viver-votar-em-lula-faz-toda-a-diferenca\/#primaryimage","url":"https:\/\/www.pressenza.com\/wp-content\/uploads\/2022\/10\/Oliver-Kornblihtt-Mi\u0301dia-NINJA.jpg","contentUrl":"https:\/\/www.pressenza.com\/wp-content\/uploads\/2022\/10\/Oliver-Kornblihtt-Mi\u0301dia-NINJA.jpg","width":1024,"height":683},{"@type":"BreadcrumbList","@id":"https:\/\/www.pressenza.com\/pt-pt\/2022\/10\/nao-somos-indiferentes-somos-pessoas-que-germinam-o-bem-viver-votar-em-lula-faz-toda-a-diferenca\/#breadcrumb","itemListElement":[{"@type":"ListItem","position":1,"name":"Accueil","item":"https:\/\/www.pressenza.com\/pt-pt\/"},{"@type":"ListItem","position":2,"name":"N\u00e3o somos indiferentes, somos pessoas que germinam o bem viver: votar em Lula faz toda a diferen\u00e7a!"}]},{"@type":"WebSite","@id":"https:\/\/www.pressenza.com\/pt-pt\/#website","url":"https:\/\/www.pressenza.com\/pt-pt\/","name":"Pressenza","description":"International Press Agency","publisher":{"@id":"https:\/\/www.pressenza.com\/pt-pt\/#organization"},"potentialAction":[{"@type":"SearchAction","target":{"@type":"EntryPoint","urlTemplate":"https:\/\/www.pressenza.com\/pt-pt\/?s={search_term_string}"},"query-input":{"@type":"PropertyValueSpecification","valueRequired":true,"valueName":"search_term_string"}}],"inLanguage":"pt-PT"},{"@type":"Organization","@id":"https:\/\/www.pressenza.com\/pt-pt\/#organization","name":"Pressenza","url":"https:\/\/www.pressenza.com\/pt-pt\/","logo":{"@type":"ImageObject","inLanguage":"pt-PT","@id":"https:\/\/www.pressenza.com\/pt-pt\/#\/schema\/logo\/image\/","url":"https:\/\/www.pressenza.com\/wp-content\/uploads\/2022\/10\/pressenza_logo_200x200.jpg","contentUrl":"https:\/\/www.pressenza.com\/wp-content\/uploads\/2022\/10\/pressenza_logo_200x200.jpg","width":200,"height":200,"caption":"Pressenza"},"image":{"@id":"https:\/\/www.pressenza.com\/pt-pt\/#\/schema\/logo\/image\/"},"sameAs":["https:\/\/www.facebook.com\/PressenzaItalia","https:\/\/x.com\/PressenzaIPA"]},{"@type":"Person","@id":"https:\/\/www.pressenza.com\/pt-pt\/#\/schema\/person\/b55730b69bc814ba0d0991ea3e75f32d","name":"Eduardo Alves","description":"Nasceu na periferia da cidade do Rio de Janeiro e desde os 14 anos atua em a\u00e7\u00f5es democr\u00e1ticas. Fez parte da Teologia da Liberta\u00e7\u00e3o e atua com forma\u00e7\u00e3o pol\u00edtica desde os 18 anos, em partidos de esquerda, movimentos sociais e organiza\u00e7\u00f5es da sociedade civil. Cursou Ci\u00eancias Econ\u00f4micas na Universidade Federal Rural do Rio de Janeiro e Ci\u00eancias Sociais na Universidade Federal do Rio de Janeiro. Foi da dire\u00e7\u00e3o do Observat\u00f3rio de Favelas, coordenador da ESPOCC \u2013 Escola Popular de Comunica\u00e7\u00e3o Cr\u00edtica \u2013 e colaborador do IMJA-Instituto Maria e Jo\u00e3o Aleixo - desde a sua funda\u00e7\u00e3o. Nos dias atuais \u00e9 colaborador e organizador do IPAD e identifica-se como intelectual org\u00e2nico da periferia. Desde janeiro de 2025, \u00e9 presidente do Conselho da administra\u00e7\u00e3o da empresa social Viva Rio.","url":"https:\/\/www.pressenza.com\/pt-pt\/author\/eduardo-alves\/"}]}},"place":"Rio de Janeiro, Brasil","original_article_url":"","_links":{"self":[{"href":"https:\/\/www.pressenza.com\/pt-pt\/wp-json\/wp\/v2\/posts\/1679874","targetHints":{"allow":["GET"]}}],"collection":[{"href":"https:\/\/www.pressenza.com\/pt-pt\/wp-json\/wp\/v2\/posts"}],"about":[{"href":"https:\/\/www.pressenza.com\/pt-pt\/wp-json\/wp\/v2\/types\/post"}],"author":[{"embeddable":true,"href":"https:\/\/www.pressenza.com\/pt-pt\/wp-json\/wp\/v2\/users\/1874"}],"replies":[{"embeddable":true,"href":"https:\/\/www.pressenza.com\/pt-pt\/wp-json\/wp\/v2\/comments?post=1679874"}],"version-history":[{"count":0,"href":"https:\/\/www.pressenza.com\/pt-pt\/wp-json\/wp\/v2\/posts\/1679874\/revisions"}],"wp:featuredmedia":[{"embeddable":true,"href":"https:\/\/www.pressenza.com\/pt-pt\/wp-json\/wp\/v2\/media\/1679962"}],"wp:attachment":[{"href":"https:\/\/www.pressenza.com\/pt-pt\/wp-json\/wp\/v2\/media?parent=1679874"}],"wp:term":[{"taxonomy":"category","embeddable":true,"href":"https:\/\/www.pressenza.com\/pt-pt\/wp-json\/wp\/v2\/categories?post=1679874"},{"taxonomy":"post_tag","embeddable":true,"href":"https:\/\/www.pressenza.com\/pt-pt\/wp-json\/wp\/v2\/tags?post=1679874"}],"curies":[{"name":"wp","href":"https:\/\/api.w.org\/{rel}","templated":true}]}}