{"id":166345,"date":"2015-02-27T22:01:31","date_gmt":"2015-02-27T22:01:31","guid":{"rendered":"http:\/\/www.pressenza.com\/?p=166345"},"modified":"2015-02-27T22:03:00","modified_gmt":"2015-02-27T22:03:00","slug":"internet-de-banda-larga-e-regulamentada-como-bem-publico-nos-eua","status":"publish","type":"post","link":"https:\/\/www.pressenza.com\/pt-pt\/2015\/02\/internet-de-banda-larga-e-regulamentada-como-bem-publico-nos-eua\/","title":{"rendered":"Internet de banda larga \u00e9 regulamentada como &#8216;bem p\u00fablico&#8217; nos EUA"},"content":{"rendered":"<p>Por tr\u00eas votos contra dois, a neutralidade da rede ganhou uma importante batalha nos EUA contra os grandes distribuidores e produtores de conte\u00fados online.<\/p>\n<p>Do Esquerda.Net publicado pelo <a href=\"http:\/\/cartamaior.com.br\/\" target=\"_blank\">Portal Carta Maior<\/a><\/p>\n<p>&nbsp;<\/p>\n<p>Comiss\u00e3o Federal de Comunica\u00e7\u00f5es (FCC) norte-americana concluiu v\u00e1rios anos de debates na ind\u00fastria de fornecedores e conte\u00fados da internet sobre se seria leg\u00edtimo criar \u201cauto-estradas\u201d na internet para conte\u00fados pagos, com acesso priorit\u00e1rio face ao restante tr\u00e1fego. Os operadores que dominam o mercado est\u00e3o contra a medida e a companhia Verizon veio dizer que as novas diretivas \u201cimp\u00f5em \u00e0 internet regras do tempo da locomotiva a vapor e do tel\u00e9grafo\u201d, referindo-se \u00e0 lei em que se baseou a decis\u00e3o da FCC para considerar agora a internet de banda larga de alta velocidade como um bem p\u00fablico.<\/p>\n<p>\u201c\u00c9 um dia muito importante para a internet e os seus utilizadores. A FCC tem finalmente regras para assegurar a neutralidade da net\u201d, afirmou Erik Stalman, diretor do Open Internet Project, citado pelo Le Monde.<\/p>\n<p>Um dos alvos das cr\u00edticas das operadoras de comunica\u00e7\u00f5es \u00e9 o presidente Barack Obama, que declarou publicamente o seu apoio \u00e0 neutralidade da net e o seu empenho para que a internet passasse a ser considerada um bem p\u00fablico, tal como a rede telef\u00f4nica. A sua opini\u00e3o foi seguida por tr\u00eas dos cinco comiss\u00e1rios a FCC, que aprovaram esta quinta-feira um documento sobre as linhas de a\u00e7\u00e3o a seguir. As novas regras permitem \u00e0 FCC proibir e punir os fornecedores de internet que bloqueiem conte\u00fado legal ou que acelerem &#8211; ou travem &#8211; a velocidade de certos conte\u00fados.<\/p>\n<p>Tom Wheeler, presidente da FCC, tamb\u00e9m se congratulou com a decis\u00e3o, afirmando que a Comiss\u00e3o ir\u00e1 \u201cusar todas as ferramentas de que disp\u00f5e para proteger os inovadores e os consumidores\u201d, preservando a Internet como o \u201ccora\u00e7\u00e3o da liberdade de express\u00e3o e dos princ\u00edpios democr\u00e1ticos\u201d. Para al\u00e9m da proibi\u00e7\u00e3o \u00e0 limita\u00e7\u00e3o da velocidade de acesso aos conte\u00fados, as novas regras tamb\u00e9m prev\u00eaem a prote\u00e7\u00e3o da privacidade e a disponibiliza\u00e7\u00e3o do servi\u00e7o de internet aos cidad\u00e3os com defici\u00eancia ou que vivam em locais isolados.<\/p>\n<p>&nbsp;<\/p>\n","protected":false},"excerpt":{"rendered":"<p>Por tr\u00eas votos contra dois, a neutralidade da rede ganhou uma importante batalha nos EUA contra os grandes distribuidores e produtores de conte\u00fados online. Do Esquerda.Net publicado pelo Portal Carta Maior &nbsp; Comiss\u00e3o Federal de Comunica\u00e7\u00f5es (FCC) norte-americana concluiu v\u00e1rios&hellip;<\/p>\n","protected":false},"author":44,"featured_media":166346,"comment_status":"closed","ping_status":"open","sticky":false,"template":"","format":"standard","meta":{"footnotes":""},"categories":[105,499,116,1255,42],"tags":[5192,9494],"class_list":["post-166345","post","type-post","status-publish","format-standard","has-post-thumbnail","hentry","category-america-do-norte","category-ciencia-tecnologia-pt","category-direitos-humanos","category-diversidade","category-internacional-2","tag-eua-pt-pt","tag-neutralidade-internet"],"yoast_head":"<!-- This site is optimized with the Yoast SEO plugin v27.1.1 - https:\/\/yoast.com\/product\/yoast-seo-wordpress\/ -->\n<title>Internet de banda larga \u00e9 regulamentada como &#039;bem p\u00fablico&#039; nos EUA<\/title>\n<meta name=\"description\" content=\"Por tr\u00eas votos contra dois, a neutralidade da rede ganhou uma importante batalha nos EUA contra os grandes distribuidores e produtores de conte\u00fados\" \/>\n<meta name=\"robots\" content=\"index, follow, max-snippet:-1, max-image-preview:large, max-video-preview:-1\" \/>\n<link rel=\"canonical\" href=\"https:\/\/www.pressenza.com\/pt-pt\/2015\/02\/internet-de-banda-larga-e-regulamentada-como-bem-publico-nos-eua\/\" \/>\n<meta property=\"og:locale\" content=\"pt_PT\" \/>\n<meta property=\"og:type\" content=\"article\" \/>\n<meta property=\"og:title\" content=\"Internet de banda larga \u00e9 regulamentada como &#039;bem p\u00fablico&#039; nos EUA\" \/>\n<meta property=\"og:description\" content=\"Por tr\u00eas votos contra dois, a neutralidade da rede ganhou uma importante batalha nos EUA contra os grandes distribuidores e produtores de conte\u00fados\" \/>\n<meta property=\"og:url\" content=\"https:\/\/www.pressenza.com\/pt-pt\/2015\/02\/internet-de-banda-larga-e-regulamentada-como-bem-publico-nos-eua\/\" \/>\n<meta property=\"og:site_name\" content=\"Pressenza\" \/>\n<meta property=\"article:publisher\" content=\"https:\/\/www.facebook.com\/PressenzaItalia\" \/>\n<meta property=\"article:author\" content=\"https:\/\/www.facebook.com\/PressenzaPortugues\" \/>\n<meta property=\"article:published_time\" content=\"2015-02-27T22:01:31+00:00\" \/>\n<meta property=\"article:modified_time\" content=\"2015-02-27T22:03:00+00:00\" \/>\n<meta property=\"og:image\" content=\"https:\/\/www.pressenza.com\/wp-content\/uploads\/2015\/02\/foto-neutralidade-internet.png\" \/>\n\t<meta property=\"og:image:width\" content=\"504\" \/>\n\t<meta property=\"og:image:height\" content=\"336\" \/>\n\t<meta property=\"og:image:type\" content=\"image\/png\" \/>\n<meta name=\"author\" content=\"Reda\u00e7\u00e3o S\u00e3o Paulo\" \/>\n<meta name=\"twitter:card\" content=\"summary_large_image\" \/>\n<meta name=\"twitter:creator\" content=\"@pressenza_pt\" \/>\n<meta name=\"twitter:site\" content=\"@PressenzaIPA\" \/>\n<meta name=\"twitter:label1\" content=\"Escrito por\" \/>\n\t<meta name=\"twitter:data1\" content=\"Reda\u00e7\u00e3o S\u00e3o Paulo\" \/>\n\t<meta name=\"twitter:label2\" content=\"Tempo estimado de leitura\" \/>\n\t<meta name=\"twitter:data2\" content=\"2 minutos\" \/>\n<script type=\"application\/ld+json\" class=\"yoast-schema-graph\">{\"@context\":\"https:\/\/schema.org\",\"@graph\":[{\"@type\":\"Article\",\"@id\":\"https:\/\/www.pressenza.com\/pt-pt\/2015\/02\/internet-de-banda-larga-e-regulamentada-como-bem-publico-nos-eua\/#article\",\"isPartOf\":{\"@id\":\"https:\/\/www.pressenza.com\/pt-pt\/2015\/02\/internet-de-banda-larga-e-regulamentada-como-bem-publico-nos-eua\/\"},\"author\":{\"name\":\"Reda\u00e7\u00e3o S\u00e3o Paulo\",\"@id\":\"https:\/\/www.pressenza.com\/pt-pt\/#\/schema\/person\/d171826afb7693cfc394da95892bfd93\"},\"headline\":\"Internet de banda larga \u00e9 regulamentada como &#8216;bem p\u00fablico&#8217; nos EUA\",\"datePublished\":\"2015-02-27T22:01:31+00:00\",\"dateModified\":\"2015-02-27T22:03:00+00:00\",\"mainEntityOfPage\":{\"@id\":\"https:\/\/www.pressenza.com\/pt-pt\/2015\/02\/internet-de-banda-larga-e-regulamentada-como-bem-publico-nos-eua\/\"},\"wordCount\":394,\"publisher\":{\"@id\":\"https:\/\/www.pressenza.com\/pt-pt\/#organization\"},\"image\":{\"@id\":\"https:\/\/www.pressenza.com\/pt-pt\/2015\/02\/internet-de-banda-larga-e-regulamentada-como-bem-publico-nos-eua\/#primaryimage\"},\"thumbnailUrl\":\"https:\/\/www.pressenza.com\/wp-content\/uploads\/2015\/02\/foto-neutralidade-internet.png\",\"keywords\":[\"eua\",\"neutralidade internet\"],\"articleSection\":[\"Am\u00e9rica do Norte\",\"Ci\u00eancia e Tecnologia\",\"Direitos Humanos\",\"Diversidade\",\"Internacional\"],\"inLanguage\":\"pt-PT\"},{\"@type\":\"WebPage\",\"@id\":\"https:\/\/www.pressenza.com\/pt-pt\/2015\/02\/internet-de-banda-larga-e-regulamentada-como-bem-publico-nos-eua\/\",\"url\":\"https:\/\/www.pressenza.com\/pt-pt\/2015\/02\/internet-de-banda-larga-e-regulamentada-como-bem-publico-nos-eua\/\",\"name\":\"Internet de banda larga \u00e9 regulamentada como 'bem p\u00fablico' nos EUA\",\"isPartOf\":{\"@id\":\"https:\/\/www.pressenza.com\/pt-pt\/#website\"},\"primaryImageOfPage\":{\"@id\":\"https:\/\/www.pressenza.com\/pt-pt\/2015\/02\/internet-de-banda-larga-e-regulamentada-como-bem-publico-nos-eua\/#primaryimage\"},\"image\":{\"@id\":\"https:\/\/www.pressenza.com\/pt-pt\/2015\/02\/internet-de-banda-larga-e-regulamentada-como-bem-publico-nos-eua\/#primaryimage\"},\"thumbnailUrl\":\"https:\/\/www.pressenza.com\/wp-content\/uploads\/2015\/02\/foto-neutralidade-internet.png\",\"datePublished\":\"2015-02-27T22:01:31+00:00\",\"dateModified\":\"2015-02-27T22:03:00+00:00\",\"description\":\"Por tr\u00eas votos contra dois, a neutralidade da rede ganhou uma importante batalha nos EUA contra os grandes distribuidores e produtores de conte\u00fados\",\"breadcrumb\":{\"@id\":\"https:\/\/www.pressenza.com\/pt-pt\/2015\/02\/internet-de-banda-larga-e-regulamentada-como-bem-publico-nos-eua\/#breadcrumb\"},\"inLanguage\":\"pt-PT\",\"potentialAction\":[{\"@type\":\"ReadAction\",\"target\":[\"https:\/\/www.pressenza.com\/pt-pt\/2015\/02\/internet-de-banda-larga-e-regulamentada-como-bem-publico-nos-eua\/\"]}]},{\"@type\":\"ImageObject\",\"inLanguage\":\"pt-PT\",\"@id\":\"https:\/\/www.pressenza.com\/pt-pt\/2015\/02\/internet-de-banda-larga-e-regulamentada-como-bem-publico-nos-eua\/#primaryimage\",\"url\":\"https:\/\/www.pressenza.com\/wp-content\/uploads\/2015\/02\/foto-neutralidade-internet.png\",\"contentUrl\":\"https:\/\/www.pressenza.com\/wp-content\/uploads\/2015\/02\/foto-neutralidade-internet.png\",\"width\":504,\"height\":336},{\"@type\":\"BreadcrumbList\",\"@id\":\"https:\/\/www.pressenza.com\/pt-pt\/2015\/02\/internet-de-banda-larga-e-regulamentada-como-bem-publico-nos-eua\/#breadcrumb\",\"itemListElement\":[{\"@type\":\"ListItem\",\"position\":1,\"name\":\"Accueil\",\"item\":\"https:\/\/www.pressenza.com\/pt-pt\/\"},{\"@type\":\"ListItem\",\"position\":2,\"name\":\"Internet de banda larga \u00e9 regulamentada como &#8216;bem p\u00fablico&#8217; nos EUA\"}]},{\"@type\":\"WebSite\",\"@id\":\"https:\/\/www.pressenza.com\/pt-pt\/#website\",\"url\":\"https:\/\/www.pressenza.com\/pt-pt\/\",\"name\":\"Pressenza\",\"description\":\"International Press Agency\",\"publisher\":{\"@id\":\"https:\/\/www.pressenza.com\/pt-pt\/#organization\"},\"potentialAction\":[{\"@type\":\"SearchAction\",\"target\":{\"@type\":\"EntryPoint\",\"urlTemplate\":\"https:\/\/www.pressenza.com\/pt-pt\/?s={search_term_string}\"},\"query-input\":{\"@type\":\"PropertyValueSpecification\",\"valueRequired\":true,\"valueName\":\"search_term_string\"}}],\"inLanguage\":\"pt-PT\"},{\"@type\":\"Organization\",\"@id\":\"https:\/\/www.pressenza.com\/pt-pt\/#organization\",\"name\":\"Pressenza\",\"url\":\"https:\/\/www.pressenza.com\/pt-pt\/\",\"logo\":{\"@type\":\"ImageObject\",\"inLanguage\":\"pt-PT\",\"@id\":\"https:\/\/www.pressenza.com\/pt-pt\/#\/schema\/logo\/image\/\",\"url\":\"https:\/\/www.pressenza.com\/wp-content\/uploads\/2022\/10\/pressenza_logo_200x200.jpg\",\"contentUrl\":\"https:\/\/www.pressenza.com\/wp-content\/uploads\/2022\/10\/pressenza_logo_200x200.jpg\",\"width\":200,\"height\":200,\"caption\":\"Pressenza\"},\"image\":{\"@id\":\"https:\/\/www.pressenza.com\/pt-pt\/#\/schema\/logo\/image\/\"},\"sameAs\":[\"https:\/\/www.facebook.com\/PressenzaItalia\",\"https:\/\/x.com\/PressenzaIPA\"]},{\"@type\":\"Person\",\"@id\":\"https:\/\/www.pressenza.com\/pt-pt\/#\/schema\/person\/d171826afb7693cfc394da95892bfd93\",\"name\":\"Reda\u00e7\u00e3o S\u00e3o Paulo\",\"description\":\"News from the Pressenza bureau in Sao Paulo, Brazil\",\"sameAs\":[\"https:\/\/www.facebook.com\/PressenzaPortugues\",\"https:\/\/x.com\/pressenza_pt\"],\"url\":\"https:\/\/www.pressenza.com\/pt-pt\/author\/redaccao-sao-paulo\/\"}]}<\/script>\n<!-- \/ Yoast SEO plugin. -->","yoast_head_json":{"title":"Internet de banda larga \u00e9 regulamentada como 'bem p\u00fablico' nos EUA","description":"Por tr\u00eas votos contra dois, a neutralidade da rede ganhou uma importante batalha nos EUA contra os grandes distribuidores e produtores de conte\u00fados","robots":{"index":"index","follow":"follow","max-snippet":"max-snippet:-1","max-image-preview":"max-image-preview:large","max-video-preview":"max-video-preview:-1"},"canonical":"https:\/\/www.pressenza.com\/pt-pt\/2015\/02\/internet-de-banda-larga-e-regulamentada-como-bem-publico-nos-eua\/","og_locale":"pt_PT","og_type":"article","og_title":"Internet de banda larga \u00e9 regulamentada como 'bem p\u00fablico' nos EUA","og_description":"Por tr\u00eas votos contra dois, a neutralidade da rede ganhou uma importante batalha nos EUA contra os grandes distribuidores e produtores de conte\u00fados","og_url":"https:\/\/www.pressenza.com\/pt-pt\/2015\/02\/internet-de-banda-larga-e-regulamentada-como-bem-publico-nos-eua\/","og_site_name":"Pressenza","article_publisher":"https:\/\/www.facebook.com\/PressenzaItalia","article_author":"https:\/\/www.facebook.com\/PressenzaPortugues","article_published_time":"2015-02-27T22:01:31+00:00","article_modified_time":"2015-02-27T22:03:00+00:00","og_image":[{"width":504,"height":336,"url":"https:\/\/www.pressenza.com\/wp-content\/uploads\/2015\/02\/foto-neutralidade-internet.png","type":"image\/png"}],"author":"Reda\u00e7\u00e3o S\u00e3o Paulo","twitter_card":"summary_large_image","twitter_creator":"@pressenza_pt","twitter_site":"@PressenzaIPA","twitter_misc":{"Escrito por":"Reda\u00e7\u00e3o S\u00e3o Paulo","Tempo estimado de leitura":"2 minutos"},"schema":{"@context":"https:\/\/schema.org","@graph":[{"@type":"Article","@id":"https:\/\/www.pressenza.com\/pt-pt\/2015\/02\/internet-de-banda-larga-e-regulamentada-como-bem-publico-nos-eua\/#article","isPartOf":{"@id":"https:\/\/www.pressenza.com\/pt-pt\/2015\/02\/internet-de-banda-larga-e-regulamentada-como-bem-publico-nos-eua\/"},"author":{"name":"Reda\u00e7\u00e3o S\u00e3o Paulo","@id":"https:\/\/www.pressenza.com\/pt-pt\/#\/schema\/person\/d171826afb7693cfc394da95892bfd93"},"headline":"Internet de banda larga \u00e9 regulamentada como &#8216;bem p\u00fablico&#8217; nos EUA","datePublished":"2015-02-27T22:01:31+00:00","dateModified":"2015-02-27T22:03:00+00:00","mainEntityOfPage":{"@id":"https:\/\/www.pressenza.com\/pt-pt\/2015\/02\/internet-de-banda-larga-e-regulamentada-como-bem-publico-nos-eua\/"},"wordCount":394,"publisher":{"@id":"https:\/\/www.pressenza.com\/pt-pt\/#organization"},"image":{"@id":"https:\/\/www.pressenza.com\/pt-pt\/2015\/02\/internet-de-banda-larga-e-regulamentada-como-bem-publico-nos-eua\/#primaryimage"},"thumbnailUrl":"https:\/\/www.pressenza.com\/wp-content\/uploads\/2015\/02\/foto-neutralidade-internet.png","keywords":["eua","neutralidade internet"],"articleSection":["Am\u00e9rica do Norte","Ci\u00eancia e Tecnologia","Direitos Humanos","Diversidade","Internacional"],"inLanguage":"pt-PT"},{"@type":"WebPage","@id":"https:\/\/www.pressenza.com\/pt-pt\/2015\/02\/internet-de-banda-larga-e-regulamentada-como-bem-publico-nos-eua\/","url":"https:\/\/www.pressenza.com\/pt-pt\/2015\/02\/internet-de-banda-larga-e-regulamentada-como-bem-publico-nos-eua\/","name":"Internet de banda larga \u00e9 regulamentada como 'bem p\u00fablico' nos EUA","isPartOf":{"@id":"https:\/\/www.pressenza.com\/pt-pt\/#website"},"primaryImageOfPage":{"@id":"https:\/\/www.pressenza.com\/pt-pt\/2015\/02\/internet-de-banda-larga-e-regulamentada-como-bem-publico-nos-eua\/#primaryimage"},"image":{"@id":"https:\/\/www.pressenza.com\/pt-pt\/2015\/02\/internet-de-banda-larga-e-regulamentada-como-bem-publico-nos-eua\/#primaryimage"},"thumbnailUrl":"https:\/\/www.pressenza.com\/wp-content\/uploads\/2015\/02\/foto-neutralidade-internet.png","datePublished":"2015-02-27T22:01:31+00:00","dateModified":"2015-02-27T22:03:00+00:00","description":"Por tr\u00eas votos contra dois, a neutralidade da rede ganhou uma importante batalha nos EUA contra os grandes distribuidores e produtores de conte\u00fados","breadcrumb":{"@id":"https:\/\/www.pressenza.com\/pt-pt\/2015\/02\/internet-de-banda-larga-e-regulamentada-como-bem-publico-nos-eua\/#breadcrumb"},"inLanguage":"pt-PT","potentialAction":[{"@type":"ReadAction","target":["https:\/\/www.pressenza.com\/pt-pt\/2015\/02\/internet-de-banda-larga-e-regulamentada-como-bem-publico-nos-eua\/"]}]},{"@type":"ImageObject","inLanguage":"pt-PT","@id":"https:\/\/www.pressenza.com\/pt-pt\/2015\/02\/internet-de-banda-larga-e-regulamentada-como-bem-publico-nos-eua\/#primaryimage","url":"https:\/\/www.pressenza.com\/wp-content\/uploads\/2015\/02\/foto-neutralidade-internet.png","contentUrl":"https:\/\/www.pressenza.com\/wp-content\/uploads\/2015\/02\/foto-neutralidade-internet.png","width":504,"height":336},{"@type":"BreadcrumbList","@id":"https:\/\/www.pressenza.com\/pt-pt\/2015\/02\/internet-de-banda-larga-e-regulamentada-como-bem-publico-nos-eua\/#breadcrumb","itemListElement":[{"@type":"ListItem","position":1,"name":"Accueil","item":"https:\/\/www.pressenza.com\/pt-pt\/"},{"@type":"ListItem","position":2,"name":"Internet de banda larga \u00e9 regulamentada como &#8216;bem p\u00fablico&#8217; nos EUA"}]},{"@type":"WebSite","@id":"https:\/\/www.pressenza.com\/pt-pt\/#website","url":"https:\/\/www.pressenza.com\/pt-pt\/","name":"Pressenza","description":"International Press Agency","publisher":{"@id":"https:\/\/www.pressenza.com\/pt-pt\/#organization"},"potentialAction":[{"@type":"SearchAction","target":{"@type":"EntryPoint","urlTemplate":"https:\/\/www.pressenza.com\/pt-pt\/?s={search_term_string}"},"query-input":{"@type":"PropertyValueSpecification","valueRequired":true,"valueName":"search_term_string"}}],"inLanguage":"pt-PT"},{"@type":"Organization","@id":"https:\/\/www.pressenza.com\/pt-pt\/#organization","name":"Pressenza","url":"https:\/\/www.pressenza.com\/pt-pt\/","logo":{"@type":"ImageObject","inLanguage":"pt-PT","@id":"https:\/\/www.pressenza.com\/pt-pt\/#\/schema\/logo\/image\/","url":"https:\/\/www.pressenza.com\/wp-content\/uploads\/2022\/10\/pressenza_logo_200x200.jpg","contentUrl":"https:\/\/www.pressenza.com\/wp-content\/uploads\/2022\/10\/pressenza_logo_200x200.jpg","width":200,"height":200,"caption":"Pressenza"},"image":{"@id":"https:\/\/www.pressenza.com\/pt-pt\/#\/schema\/logo\/image\/"},"sameAs":["https:\/\/www.facebook.com\/PressenzaItalia","https:\/\/x.com\/PressenzaIPA"]},{"@type":"Person","@id":"https:\/\/www.pressenza.com\/pt-pt\/#\/schema\/person\/d171826afb7693cfc394da95892bfd93","name":"Reda\u00e7\u00e3o S\u00e3o Paulo","description":"News from the Pressenza bureau in Sao Paulo, Brazil","sameAs":["https:\/\/www.facebook.com\/PressenzaPortugues","https:\/\/x.com\/pressenza_pt"],"url":"https:\/\/www.pressenza.com\/pt-pt\/author\/redaccao-sao-paulo\/"}]}},"place":"","original_article_url":"","_links":{"self":[{"href":"https:\/\/www.pressenza.com\/pt-pt\/wp-json\/wp\/v2\/posts\/166345","targetHints":{"allow":["GET"]}}],"collection":[{"href":"https:\/\/www.pressenza.com\/pt-pt\/wp-json\/wp\/v2\/posts"}],"about":[{"href":"https:\/\/www.pressenza.com\/pt-pt\/wp-json\/wp\/v2\/types\/post"}],"author":[{"embeddable":true,"href":"https:\/\/www.pressenza.com\/pt-pt\/wp-json\/wp\/v2\/users\/44"}],"replies":[{"embeddable":true,"href":"https:\/\/www.pressenza.com\/pt-pt\/wp-json\/wp\/v2\/comments?post=166345"}],"version-history":[{"count":0,"href":"https:\/\/www.pressenza.com\/pt-pt\/wp-json\/wp\/v2\/posts\/166345\/revisions"}],"wp:featuredmedia":[{"embeddable":true,"href":"https:\/\/www.pressenza.com\/pt-pt\/wp-json\/wp\/v2\/media\/166346"}],"wp:attachment":[{"href":"https:\/\/www.pressenza.com\/pt-pt\/wp-json\/wp\/v2\/media?parent=166345"}],"wp:term":[{"taxonomy":"category","embeddable":true,"href":"https:\/\/www.pressenza.com\/pt-pt\/wp-json\/wp\/v2\/categories?post=166345"},{"taxonomy":"post_tag","embeddable":true,"href":"https:\/\/www.pressenza.com\/pt-pt\/wp-json\/wp\/v2\/tags?post=166345"}],"curies":[{"name":"wp","href":"https:\/\/api.w.org\/{rel}","templated":true}]}}