{"id":1662387,"date":"2022-09-20T22:17:45","date_gmt":"2022-09-20T21:17:45","guid":{"rendered":"https:\/\/www.pressenza.com\/?p=1662387"},"modified":"2022-09-20T22:17:45","modified_gmt":"2022-09-20T21:17:45","slug":"trabalho-e-casamento-forcados-ainda-fazem-parte-da-realidade-de-milhoes-de-pessoas-em-todo-o-mundo","status":"publish","type":"post","link":"https:\/\/www.pressenza.com\/pt-pt\/2022\/09\/trabalho-e-casamento-forcados-ainda-fazem-parte-da-realidade-de-milhoes-de-pessoas-em-todo-o-mundo\/","title":{"rendered":"Trabalho e casamento for\u00e7ados ainda fazem parte da realidade de milh\u00f5es de pessoas em todo o mundo"},"content":{"rendered":"<p style=\"padding-left: 40px;\">O n\u00famero de pessoas em situa\u00e7\u00e3o de escravid\u00e3o moderna aumentou consideravelmente nos \u00faltimos cinco anos. Esses e outros dados se encontram no documento intitulado \u201cEstimativas Globais da Escravid\u00e3o Moderna &#8211; Trabalho for\u00e7ado e casamento for\u00e7ado\u201d (<em>Global Estimates of Modern Slavery Forced Labour and Forced Marriage<\/em>), publicado neste m\u00eas de setembro pela Organiza\u00e7\u00e3o Internacional do Trabalho (OIT), Walk Free e Organiza\u00e7\u00e3o Internacional para as Migra\u00e7\u00f5es (OIM).<\/p>\n<p>Em 2021, um quantitativo de 10 milh\u00f5es de pessoas a mais estavam em situa\u00e7\u00e3o de escravid\u00e3o moderna em compara\u00e7\u00e3o com as estimativas globais de 2016. Essa explora\u00e7\u00e3o atinge, predominantemente, mulheres e crian\u00e7as. A escravid\u00e3o moderna est\u00e1 em quase todos os pa\u00edses do mundo, mas o documento ressalta que mais da metade (52%) de todos os casos de trabalho for\u00e7ado, assim como \u00bc de todos os casamentos for\u00e7ados acontecem em pa\u00edses de renda m\u00e9dia alta ou alta.<\/p>\n<p>Conforme o documento, h\u00e1 27,6 milh\u00f5es de pessoas em situa\u00e7\u00e3o de trabalho for\u00e7ado. Esse n\u00famero absoluto se traduz em 3,5 pessoas em trabalho for\u00e7ado para cada mil pessoas no mundo. Al\u00e9m disso, mulheres e meninas representam 11,8 milh\u00f5es do total nesse horr\u00edvel cen\u00e1rio, sendo que mais de 3,3 milh\u00f5es de todos os seres humanos que est\u00e3o em trabalho for\u00e7ado s\u00e3o crian\u00e7as.<\/p>\n<p>No que se refere \u00e0s \u00e1reas onde s\u00e3o cometidos esses crimes, a \u00c1sia e o Pac\u00edfico abrigam mais da metade do total global, o correspondente a 15,1 milh\u00f5es de pessoas; seguidas pela Europa e \u00c1sia Central, com 4,1 milh\u00f5es; \u00c1frica com 3,8 milh\u00f5es; Am\u00e9ricas com 3,6 milh\u00f5es e Estados \u00c1rabes com 0,9 milh\u00e3o.<\/p>\n<p>Mas, conforme o documento, \u201cessa classifica\u00e7\u00e3o regional muda consideravelmente quando o trabalho for\u00e7ado \u00e9 expresso como propor\u00e7\u00e3o da popula\u00e7\u00e3o\u201d. Assim, o trabalho for\u00e7ado \u00e9 mais alto est\u00e1 nos Estados \u00c1rabes, com 5,3 por mil pessoas; seguido pela Europa e \u00c1sia Central, com 4,4 por mil; Am\u00e9ricas, \u00c1sia e Pac\u00edfico com 3,5 por mil; e, por \u00faltimo, \u00c1frica, com 2,9 por mil. O documento revela, ainda, que houve um crescimento do trabalho for\u00e7ado nos \u00faltimos anos, impulsionado inteiramente pelo trabalho na economia privada de v\u00e1rios setores, inclusive na explora\u00e7\u00e3o sexual comercial for\u00e7ada.<\/p>\n<p>As pessoas em explora\u00e7\u00e3o de trabalho for\u00e7ado s\u00e3o submetidas a variadas formas de coer\u00e7\u00e3o para obrig\u00e1-las a trabalhar contra sua vontade. A reten\u00e7\u00e3o sistem\u00e1tica e deliberada de sal\u00e1rios, usada por empregadores abusivos para obrigar os trabalhadores a permanecer em um emprego por medo de perder os ganhos acumulados \u00e9 a forma mais comum, a qual, conforme o documento, atinge 36% das pessoas em trabalho for\u00e7ado. O documento ressalta, ainda, que \u201cformas mais severas cru\u00e9is, incluindo confinamento for\u00e7ado, viol\u00eancia f\u00edsica e sexual e priva\u00e7\u00e3o de necessidades b\u00e1sicas s\u00e3o menos comuns, mas de forma alguma desprez\u00edveis\u201d.<\/p>\n<h3>Pr\u00e1ticas patriarcais<\/h3>\n<p>Aproximadamente 14,9 milh\u00f5es de mulheres em todo o mundo est\u00e3o em casamentos for\u00e7ados. Esse n\u00famero corresponde a 62% do total de 22 milh\u00f5es de pessoas nesta situa\u00e7\u00e3o. De acordo com o documento, n\u00e3o \u00e9 poss\u00edvel estimar a verdadeira incid\u00eancia desses casamentos envolvendo crian\u00e7as de 16 anos ou menos e, al\u00e9m disso, nesta conta n\u00e3o est\u00e3o inclu\u00eddos os dados referentes aos casamentos infantis. Mais de 85% dos casamentos for\u00e7ados foram fruto da press\u00e3o familiar e est\u00e3o ligados \u00e0s pr\u00e1ticas patriarcais. Cerca de 65% desses casamentos est\u00e3o concentrados na \u00c1sia e o Pac\u00edfico.<\/p>\n<p>O documento recomenda a ado\u00e7\u00e3o de estrat\u00e9gias para ampliar a prote\u00e7\u00e3o social e fortalecer as medidas legais como forma de barrar esses casamentos for\u00e7ados, como, por exemplo, instituir a idade m\u00ednima de 18 anos para os casamentos ou mesmo instituir, internacionalmente, a proibi\u00e7\u00e3o do casamento infantil.<\/p>\n<p>\u201cA legisla\u00e7\u00e3o por si s\u00f3 n\u00e3o \u00e9 suficiente para acabar com o casamento for\u00e7ado e precisa ser combinada com abordagens preventivas mais amplas que abordem a discrimina\u00e7\u00e3o subjacente e a desigualdade de g\u00eanero, bem como as normas socioculturais relacionadas\u201d, ressalta o documento. Sugere, tamb\u00e9m, o investimento na constru\u00e7\u00e3o da ag\u00eancia de mulheres e meninas, bem como a garantia de que mulheres e meninas tenham a oportunidade e a capacidade de concluir a escola, ganhar a vida e herdar bens. Neste sentido, ressalta que as institui\u00e7\u00f5es e os empregadores devem oferecer oportunidades de emprego para mulheres e meninas, ao mesmo tempo em que devem fornecer treinamento para \u201chabilidades transversais\u201d al\u00e9m da educa\u00e7\u00e3o formal, como programas de treinamento e desenvolvimento de habilidades pr\u00e9-emprego e no trabalho.<\/p>\n<p>O documento, de 144 p\u00e1ginas, <a href=\"https:\/\/www.ilo.org\/wcmsp5\/groups\/public\/---ed_norm\/---ipec\/documents\/publication\/wcms_854733.pdf\" target=\"_blank\" rel=\"noopener\">pode ser acessado aqui<\/a>.<\/p>\n","protected":false},"excerpt":{"rendered":"<p>O n\u00famero de pessoas em situa\u00e7\u00e3o de escravid\u00e3o moderna aumentou consideravelmente nos \u00faltimos cinco anos. Esses e outros dados se encontram no documento intitulado \u201cEstimativas Globais da Escravid\u00e3o Moderna &#8211; Trabalho for\u00e7ado e casamento for\u00e7ado\u201d (Global Estimates of Modern Slavery&hellip;<\/p>\n","protected":false},"author":1925,"featured_media":1662388,"comment_status":"closed","ping_status":"closed","sticky":false,"template":"","format":"standard","meta":{"footnotes":""},"categories":[11390,116,54514],"tags":[6386,21540,5325,57906,105744],"class_list":["post-1662387","post","type-post","status-publish","format-standard","has-post-thumbnail","hentry","category-conteudo-original","category-direitos-humanos","category-genero-e-feminismos","tag-capitalismo-pt-pt","tag-casamento","tag-oit","tag-patriarcado-pt-pt","tag-trabalho-forcado"],"yoast_head":"<!-- This site is optimized with the Yoast SEO plugin v27.1.1 - https:\/\/yoast.com\/product\/yoast-seo-wordpress\/ -->\n<title>Trabalho e casamento for\u00e7ados ainda fazem parte da realidade de milh\u00f5es de pessoas em todo o mundo<\/title>\n<meta name=\"description\" content=\"O n\u00famero de pessoas em situa\u00e7\u00e3o de escravid\u00e3o moderna aumentou consideravelmente nos \u00faltimos cinco anos. Esses e outros dados se encontram no documento\" \/>\n<meta name=\"robots\" content=\"index, follow, max-snippet:-1, max-image-preview:large, max-video-preview:-1\" \/>\n<link rel=\"canonical\" href=\"https:\/\/www.pressenza.com\/pt-pt\/2022\/09\/trabalho-e-casamento-forcados-ainda-fazem-parte-da-realidade-de-milhoes-de-pessoas-em-todo-o-mundo\/\" \/>\n<meta property=\"og:locale\" content=\"pt_PT\" \/>\n<meta property=\"og:type\" content=\"article\" \/>\n<meta property=\"og:title\" content=\"Trabalho e casamento for\u00e7ados ainda fazem parte da realidade de milh\u00f5es de pessoas em todo o mundo\" \/>\n<meta property=\"og:description\" content=\"O n\u00famero de pessoas em situa\u00e7\u00e3o de escravid\u00e3o moderna aumentou consideravelmente nos \u00faltimos cinco anos. Esses e outros dados se encontram no documento\" \/>\n<meta property=\"og:url\" content=\"https:\/\/www.pressenza.com\/pt-pt\/2022\/09\/trabalho-e-casamento-forcados-ainda-fazem-parte-da-realidade-de-milhoes-de-pessoas-em-todo-o-mundo\/\" \/>\n<meta property=\"og:site_name\" content=\"Pressenza\" \/>\n<meta property=\"article:publisher\" content=\"https:\/\/www.facebook.com\/PressenzaItalia\" \/>\n<meta property=\"article:published_time\" content=\"2022-09-20T21:17:45+00:00\" \/>\n<meta property=\"og:image\" content=\"https:\/\/www.pressenza.com\/wp-content\/uploads\/2022\/09\/dulana-kodithuwakku-z7P4vqWMVKA-unsplash.jpg\" \/>\n\t<meta property=\"og:image:width\" content=\"1024\" \/>\n\t<meta property=\"og:image:height\" content=\"573\" \/>\n\t<meta property=\"og:image:type\" content=\"image\/jpeg\" \/>\n<meta name=\"author\" content=\"Verbena C\u00f3rdula\" \/>\n<meta name=\"twitter:card\" content=\"summary_large_image\" \/>\n<meta name=\"twitter:creator\" content=\"@PressenzaIPA\" \/>\n<meta name=\"twitter:site\" content=\"@PressenzaIPA\" \/>\n<meta name=\"twitter:label1\" content=\"Escrito por\" \/>\n\t<meta name=\"twitter:data1\" content=\"Verbena C\u00f3rdula\" \/>\n\t<meta name=\"twitter:label2\" content=\"Tempo estimado de leitura\" \/>\n\t<meta name=\"twitter:data2\" content=\"4 minutos\" \/>\n<script type=\"application\/ld+json\" class=\"yoast-schema-graph\">{\"@context\":\"https:\/\/schema.org\",\"@graph\":[{\"@type\":\"Article\",\"@id\":\"https:\/\/www.pressenza.com\/pt-pt\/2022\/09\/trabalho-e-casamento-forcados-ainda-fazem-parte-da-realidade-de-milhoes-de-pessoas-em-todo-o-mundo\/#article\",\"isPartOf\":{\"@id\":\"https:\/\/www.pressenza.com\/pt-pt\/2022\/09\/trabalho-e-casamento-forcados-ainda-fazem-parte-da-realidade-de-milhoes-de-pessoas-em-todo-o-mundo\/\"},\"author\":{\"name\":\"Verbena C\u00f3rdula\",\"@id\":\"https:\/\/www.pressenza.com\/pt-pt\/#\/schema\/person\/68c8edc34c1a97f71f905cdd5b164319\"},\"headline\":\"Trabalho e casamento for\u00e7ados ainda fazem parte da realidade de milh\u00f5es de pessoas em todo o mundo\",\"datePublished\":\"2022-09-20T21:17:45+00:00\",\"mainEntityOfPage\":{\"@id\":\"https:\/\/www.pressenza.com\/pt-pt\/2022\/09\/trabalho-e-casamento-forcados-ainda-fazem-parte-da-realidade-de-milhoes-de-pessoas-em-todo-o-mundo\/\"},\"wordCount\":811,\"publisher\":{\"@id\":\"https:\/\/www.pressenza.com\/pt-pt\/#organization\"},\"image\":{\"@id\":\"https:\/\/www.pressenza.com\/pt-pt\/2022\/09\/trabalho-e-casamento-forcados-ainda-fazem-parte-da-realidade-de-milhoes-de-pessoas-em-todo-o-mundo\/#primaryimage\"},\"thumbnailUrl\":\"https:\/\/www.pressenza.com\/wp-content\/uploads\/2022\/09\/dulana-kodithuwakku-z7P4vqWMVKA-unsplash.jpg\",\"keywords\":[\"capitalismo\",\"casamento\",\"oit\",\"patriarcado\",\"trabalho for\u00e7ado\"],\"articleSection\":[\"Conte\u00fado Original\",\"Direitos Humanos\",\"G\u00eanero e feminismos\"],\"inLanguage\":\"pt-PT\"},{\"@type\":\"WebPage\",\"@id\":\"https:\/\/www.pressenza.com\/pt-pt\/2022\/09\/trabalho-e-casamento-forcados-ainda-fazem-parte-da-realidade-de-milhoes-de-pessoas-em-todo-o-mundo\/\",\"url\":\"https:\/\/www.pressenza.com\/pt-pt\/2022\/09\/trabalho-e-casamento-forcados-ainda-fazem-parte-da-realidade-de-milhoes-de-pessoas-em-todo-o-mundo\/\",\"name\":\"Trabalho e casamento for\u00e7ados ainda fazem parte da realidade de milh\u00f5es de pessoas em todo o mundo\",\"isPartOf\":{\"@id\":\"https:\/\/www.pressenza.com\/pt-pt\/#website\"},\"primaryImageOfPage\":{\"@id\":\"https:\/\/www.pressenza.com\/pt-pt\/2022\/09\/trabalho-e-casamento-forcados-ainda-fazem-parte-da-realidade-de-milhoes-de-pessoas-em-todo-o-mundo\/#primaryimage\"},\"image\":{\"@id\":\"https:\/\/www.pressenza.com\/pt-pt\/2022\/09\/trabalho-e-casamento-forcados-ainda-fazem-parte-da-realidade-de-milhoes-de-pessoas-em-todo-o-mundo\/#primaryimage\"},\"thumbnailUrl\":\"https:\/\/www.pressenza.com\/wp-content\/uploads\/2022\/09\/dulana-kodithuwakku-z7P4vqWMVKA-unsplash.jpg\",\"datePublished\":\"2022-09-20T21:17:45+00:00\",\"description\":\"O n\u00famero de pessoas em situa\u00e7\u00e3o de escravid\u00e3o moderna aumentou consideravelmente nos \u00faltimos cinco anos. Esses e outros dados se encontram no documento\",\"breadcrumb\":{\"@id\":\"https:\/\/www.pressenza.com\/pt-pt\/2022\/09\/trabalho-e-casamento-forcados-ainda-fazem-parte-da-realidade-de-milhoes-de-pessoas-em-todo-o-mundo\/#breadcrumb\"},\"inLanguage\":\"pt-PT\",\"potentialAction\":[{\"@type\":\"ReadAction\",\"target\":[\"https:\/\/www.pressenza.com\/pt-pt\/2022\/09\/trabalho-e-casamento-forcados-ainda-fazem-parte-da-realidade-de-milhoes-de-pessoas-em-todo-o-mundo\/\"]}]},{\"@type\":\"ImageObject\",\"inLanguage\":\"pt-PT\",\"@id\":\"https:\/\/www.pressenza.com\/pt-pt\/2022\/09\/trabalho-e-casamento-forcados-ainda-fazem-parte-da-realidade-de-milhoes-de-pessoas-em-todo-o-mundo\/#primaryimage\",\"url\":\"https:\/\/www.pressenza.com\/wp-content\/uploads\/2022\/09\/dulana-kodithuwakku-z7P4vqWMVKA-unsplash.jpg\",\"contentUrl\":\"https:\/\/www.pressenza.com\/wp-content\/uploads\/2022\/09\/dulana-kodithuwakku-z7P4vqWMVKA-unsplash.jpg\",\"width\":1024,\"height\":573},{\"@type\":\"BreadcrumbList\",\"@id\":\"https:\/\/www.pressenza.com\/pt-pt\/2022\/09\/trabalho-e-casamento-forcados-ainda-fazem-parte-da-realidade-de-milhoes-de-pessoas-em-todo-o-mundo\/#breadcrumb\",\"itemListElement\":[{\"@type\":\"ListItem\",\"position\":1,\"name\":\"Accueil\",\"item\":\"https:\/\/www.pressenza.com\/pt-pt\/\"},{\"@type\":\"ListItem\",\"position\":2,\"name\":\"Trabalho e casamento for\u00e7ados ainda fazem parte da realidade de milh\u00f5es de pessoas em todo o mundo\"}]},{\"@type\":\"WebSite\",\"@id\":\"https:\/\/www.pressenza.com\/pt-pt\/#website\",\"url\":\"https:\/\/www.pressenza.com\/pt-pt\/\",\"name\":\"Pressenza\",\"description\":\"International Press Agency\",\"publisher\":{\"@id\":\"https:\/\/www.pressenza.com\/pt-pt\/#organization\"},\"potentialAction\":[{\"@type\":\"SearchAction\",\"target\":{\"@type\":\"EntryPoint\",\"urlTemplate\":\"https:\/\/www.pressenza.com\/pt-pt\/?s={search_term_string}\"},\"query-input\":{\"@type\":\"PropertyValueSpecification\",\"valueRequired\":true,\"valueName\":\"search_term_string\"}}],\"inLanguage\":\"pt-PT\"},{\"@type\":\"Organization\",\"@id\":\"https:\/\/www.pressenza.com\/pt-pt\/#organization\",\"name\":\"Pressenza\",\"url\":\"https:\/\/www.pressenza.com\/pt-pt\/\",\"logo\":{\"@type\":\"ImageObject\",\"inLanguage\":\"pt-PT\",\"@id\":\"https:\/\/www.pressenza.com\/pt-pt\/#\/schema\/logo\/image\/\",\"url\":\"https:\/\/www.pressenza.com\/wp-content\/uploads\/2022\/10\/pressenza_logo_200x200.jpg\",\"contentUrl\":\"https:\/\/www.pressenza.com\/wp-content\/uploads\/2022\/10\/pressenza_logo_200x200.jpg\",\"width\":200,\"height\":200,\"caption\":\"Pressenza\"},\"image\":{\"@id\":\"https:\/\/www.pressenza.com\/pt-pt\/#\/schema\/logo\/image\/\"},\"sameAs\":[\"https:\/\/www.facebook.com\/PressenzaItalia\",\"https:\/\/x.com\/PressenzaIPA\"]},{\"@type\":\"Person\",\"@id\":\"https:\/\/www.pressenza.com\/pt-pt\/#\/schema\/person\/68c8edc34c1a97f71f905cdd5b164319\",\"name\":\"Verbena C\u00f3rdula\",\"description\":\"Graduada em Hist\u00f3ria, doutora em Hist\u00f3ria e Comunica\u00e7\u00e3o no Mundo Contempor\u00e2neo. Professora Titular da Universidade Estadual de Santa Cruz (UESC), Ilh\u00e9us BA. Pesquisa G\u00eanero e ra\u00e7a.\",\"url\":\"https:\/\/www.pressenza.com\/pt-pt\/author\/verbena-cordula\/\"}]}<\/script>\n<!-- \/ Yoast SEO plugin. -->","yoast_head_json":{"title":"Trabalho e casamento for\u00e7ados ainda fazem parte da realidade de milh\u00f5es de pessoas em todo o mundo","description":"O n\u00famero de pessoas em situa\u00e7\u00e3o de escravid\u00e3o moderna aumentou consideravelmente nos \u00faltimos cinco anos. Esses e outros dados se encontram no documento","robots":{"index":"index","follow":"follow","max-snippet":"max-snippet:-1","max-image-preview":"max-image-preview:large","max-video-preview":"max-video-preview:-1"},"canonical":"https:\/\/www.pressenza.com\/pt-pt\/2022\/09\/trabalho-e-casamento-forcados-ainda-fazem-parte-da-realidade-de-milhoes-de-pessoas-em-todo-o-mundo\/","og_locale":"pt_PT","og_type":"article","og_title":"Trabalho e casamento for\u00e7ados ainda fazem parte da realidade de milh\u00f5es de pessoas em todo o mundo","og_description":"O n\u00famero de pessoas em situa\u00e7\u00e3o de escravid\u00e3o moderna aumentou consideravelmente nos \u00faltimos cinco anos. Esses e outros dados se encontram no documento","og_url":"https:\/\/www.pressenza.com\/pt-pt\/2022\/09\/trabalho-e-casamento-forcados-ainda-fazem-parte-da-realidade-de-milhoes-de-pessoas-em-todo-o-mundo\/","og_site_name":"Pressenza","article_publisher":"https:\/\/www.facebook.com\/PressenzaItalia","article_published_time":"2022-09-20T21:17:45+00:00","og_image":[{"width":1024,"height":573,"url":"https:\/\/www.pressenza.com\/wp-content\/uploads\/2022\/09\/dulana-kodithuwakku-z7P4vqWMVKA-unsplash.jpg","type":"image\/jpeg"}],"author":"Verbena C\u00f3rdula","twitter_card":"summary_large_image","twitter_creator":"@PressenzaIPA","twitter_site":"@PressenzaIPA","twitter_misc":{"Escrito por":"Verbena C\u00f3rdula","Tempo estimado de leitura":"4 minutos"},"schema":{"@context":"https:\/\/schema.org","@graph":[{"@type":"Article","@id":"https:\/\/www.pressenza.com\/pt-pt\/2022\/09\/trabalho-e-casamento-forcados-ainda-fazem-parte-da-realidade-de-milhoes-de-pessoas-em-todo-o-mundo\/#article","isPartOf":{"@id":"https:\/\/www.pressenza.com\/pt-pt\/2022\/09\/trabalho-e-casamento-forcados-ainda-fazem-parte-da-realidade-de-milhoes-de-pessoas-em-todo-o-mundo\/"},"author":{"name":"Verbena C\u00f3rdula","@id":"https:\/\/www.pressenza.com\/pt-pt\/#\/schema\/person\/68c8edc34c1a97f71f905cdd5b164319"},"headline":"Trabalho e casamento for\u00e7ados ainda fazem parte da realidade de milh\u00f5es de pessoas em todo o mundo","datePublished":"2022-09-20T21:17:45+00:00","mainEntityOfPage":{"@id":"https:\/\/www.pressenza.com\/pt-pt\/2022\/09\/trabalho-e-casamento-forcados-ainda-fazem-parte-da-realidade-de-milhoes-de-pessoas-em-todo-o-mundo\/"},"wordCount":811,"publisher":{"@id":"https:\/\/www.pressenza.com\/pt-pt\/#organization"},"image":{"@id":"https:\/\/www.pressenza.com\/pt-pt\/2022\/09\/trabalho-e-casamento-forcados-ainda-fazem-parte-da-realidade-de-milhoes-de-pessoas-em-todo-o-mundo\/#primaryimage"},"thumbnailUrl":"https:\/\/www.pressenza.com\/wp-content\/uploads\/2022\/09\/dulana-kodithuwakku-z7P4vqWMVKA-unsplash.jpg","keywords":["capitalismo","casamento","oit","patriarcado","trabalho for\u00e7ado"],"articleSection":["Conte\u00fado Original","Direitos Humanos","G\u00eanero e feminismos"],"inLanguage":"pt-PT"},{"@type":"WebPage","@id":"https:\/\/www.pressenza.com\/pt-pt\/2022\/09\/trabalho-e-casamento-forcados-ainda-fazem-parte-da-realidade-de-milhoes-de-pessoas-em-todo-o-mundo\/","url":"https:\/\/www.pressenza.com\/pt-pt\/2022\/09\/trabalho-e-casamento-forcados-ainda-fazem-parte-da-realidade-de-milhoes-de-pessoas-em-todo-o-mundo\/","name":"Trabalho e casamento for\u00e7ados ainda fazem parte da realidade de milh\u00f5es de pessoas em todo o mundo","isPartOf":{"@id":"https:\/\/www.pressenza.com\/pt-pt\/#website"},"primaryImageOfPage":{"@id":"https:\/\/www.pressenza.com\/pt-pt\/2022\/09\/trabalho-e-casamento-forcados-ainda-fazem-parte-da-realidade-de-milhoes-de-pessoas-em-todo-o-mundo\/#primaryimage"},"image":{"@id":"https:\/\/www.pressenza.com\/pt-pt\/2022\/09\/trabalho-e-casamento-forcados-ainda-fazem-parte-da-realidade-de-milhoes-de-pessoas-em-todo-o-mundo\/#primaryimage"},"thumbnailUrl":"https:\/\/www.pressenza.com\/wp-content\/uploads\/2022\/09\/dulana-kodithuwakku-z7P4vqWMVKA-unsplash.jpg","datePublished":"2022-09-20T21:17:45+00:00","description":"O n\u00famero de pessoas em situa\u00e7\u00e3o de escravid\u00e3o moderna aumentou consideravelmente nos \u00faltimos cinco anos. Esses e outros dados se encontram no documento","breadcrumb":{"@id":"https:\/\/www.pressenza.com\/pt-pt\/2022\/09\/trabalho-e-casamento-forcados-ainda-fazem-parte-da-realidade-de-milhoes-de-pessoas-em-todo-o-mundo\/#breadcrumb"},"inLanguage":"pt-PT","potentialAction":[{"@type":"ReadAction","target":["https:\/\/www.pressenza.com\/pt-pt\/2022\/09\/trabalho-e-casamento-forcados-ainda-fazem-parte-da-realidade-de-milhoes-de-pessoas-em-todo-o-mundo\/"]}]},{"@type":"ImageObject","inLanguage":"pt-PT","@id":"https:\/\/www.pressenza.com\/pt-pt\/2022\/09\/trabalho-e-casamento-forcados-ainda-fazem-parte-da-realidade-de-milhoes-de-pessoas-em-todo-o-mundo\/#primaryimage","url":"https:\/\/www.pressenza.com\/wp-content\/uploads\/2022\/09\/dulana-kodithuwakku-z7P4vqWMVKA-unsplash.jpg","contentUrl":"https:\/\/www.pressenza.com\/wp-content\/uploads\/2022\/09\/dulana-kodithuwakku-z7P4vqWMVKA-unsplash.jpg","width":1024,"height":573},{"@type":"BreadcrumbList","@id":"https:\/\/www.pressenza.com\/pt-pt\/2022\/09\/trabalho-e-casamento-forcados-ainda-fazem-parte-da-realidade-de-milhoes-de-pessoas-em-todo-o-mundo\/#breadcrumb","itemListElement":[{"@type":"ListItem","position":1,"name":"Accueil","item":"https:\/\/www.pressenza.com\/pt-pt\/"},{"@type":"ListItem","position":2,"name":"Trabalho e casamento for\u00e7ados ainda fazem parte da realidade de milh\u00f5es de pessoas em todo o mundo"}]},{"@type":"WebSite","@id":"https:\/\/www.pressenza.com\/pt-pt\/#website","url":"https:\/\/www.pressenza.com\/pt-pt\/","name":"Pressenza","description":"International Press Agency","publisher":{"@id":"https:\/\/www.pressenza.com\/pt-pt\/#organization"},"potentialAction":[{"@type":"SearchAction","target":{"@type":"EntryPoint","urlTemplate":"https:\/\/www.pressenza.com\/pt-pt\/?s={search_term_string}"},"query-input":{"@type":"PropertyValueSpecification","valueRequired":true,"valueName":"search_term_string"}}],"inLanguage":"pt-PT"},{"@type":"Organization","@id":"https:\/\/www.pressenza.com\/pt-pt\/#organization","name":"Pressenza","url":"https:\/\/www.pressenza.com\/pt-pt\/","logo":{"@type":"ImageObject","inLanguage":"pt-PT","@id":"https:\/\/www.pressenza.com\/pt-pt\/#\/schema\/logo\/image\/","url":"https:\/\/www.pressenza.com\/wp-content\/uploads\/2022\/10\/pressenza_logo_200x200.jpg","contentUrl":"https:\/\/www.pressenza.com\/wp-content\/uploads\/2022\/10\/pressenza_logo_200x200.jpg","width":200,"height":200,"caption":"Pressenza"},"image":{"@id":"https:\/\/www.pressenza.com\/pt-pt\/#\/schema\/logo\/image\/"},"sameAs":["https:\/\/www.facebook.com\/PressenzaItalia","https:\/\/x.com\/PressenzaIPA"]},{"@type":"Person","@id":"https:\/\/www.pressenza.com\/pt-pt\/#\/schema\/person\/68c8edc34c1a97f71f905cdd5b164319","name":"Verbena C\u00f3rdula","description":"Graduada em Hist\u00f3ria, doutora em Hist\u00f3ria e Comunica\u00e7\u00e3o no Mundo Contempor\u00e2neo. Professora Titular da Universidade Estadual de Santa Cruz (UESC), Ilh\u00e9us BA. Pesquisa G\u00eanero e ra\u00e7a.","url":"https:\/\/www.pressenza.com\/pt-pt\/author\/verbena-cordula\/"}]}},"place":"Bah\u00eda, Brasil","original_article_url":"","_links":{"self":[{"href":"https:\/\/www.pressenza.com\/pt-pt\/wp-json\/wp\/v2\/posts\/1662387","targetHints":{"allow":["GET"]}}],"collection":[{"href":"https:\/\/www.pressenza.com\/pt-pt\/wp-json\/wp\/v2\/posts"}],"about":[{"href":"https:\/\/www.pressenza.com\/pt-pt\/wp-json\/wp\/v2\/types\/post"}],"author":[{"embeddable":true,"href":"https:\/\/www.pressenza.com\/pt-pt\/wp-json\/wp\/v2\/users\/1925"}],"replies":[{"embeddable":true,"href":"https:\/\/www.pressenza.com\/pt-pt\/wp-json\/wp\/v2\/comments?post=1662387"}],"version-history":[{"count":0,"href":"https:\/\/www.pressenza.com\/pt-pt\/wp-json\/wp\/v2\/posts\/1662387\/revisions"}],"wp:featuredmedia":[{"embeddable":true,"href":"https:\/\/www.pressenza.com\/pt-pt\/wp-json\/wp\/v2\/media\/1662388"}],"wp:attachment":[{"href":"https:\/\/www.pressenza.com\/pt-pt\/wp-json\/wp\/v2\/media?parent=1662387"}],"wp:term":[{"taxonomy":"category","embeddable":true,"href":"https:\/\/www.pressenza.com\/pt-pt\/wp-json\/wp\/v2\/categories?post=1662387"},{"taxonomy":"post_tag","embeddable":true,"href":"https:\/\/www.pressenza.com\/pt-pt\/wp-json\/wp\/v2\/tags?post=1662387"}],"curies":[{"name":"wp","href":"https:\/\/api.w.org\/{rel}","templated":true}]}}