{"id":1660111,"date":"2022-09-16T23:58:45","date_gmt":"2022-09-16T22:58:45","guid":{"rendered":"https:\/\/www.pressenza.com\/?p=1660111"},"modified":"2022-09-16T23:58:45","modified_gmt":"2022-09-16T22:58:45","slug":"pobreza-menstrual-no-brasil-grupos-organizados-tentam-cobrir-a-lacuna-deixada-pelo-estado","status":"publish","type":"post","link":"https:\/\/www.pressenza.com\/pt-pt\/2022\/09\/pobreza-menstrual-no-brasil-grupos-organizados-tentam-cobrir-a-lacuna-deixada-pelo-estado\/","title":{"rendered":"Pobreza Menstrual no Brasil: grupos organizados tentam cobrir a lacuna deixada pelo Estado"},"content":{"rendered":"<p>Por Ana Catharina Oliveira*<\/p>\n<p>Desde do ano de 2014, a Organiza\u00e7\u00e3o das Na\u00e7\u00f5es Unidas (ONU) reconhece a higiene menstrual como um direito humano. Com poucas pol\u00edticas p\u00fablicas voltadas para essa pauta, algumas institui\u00e7\u00f5es n\u00e3o governamentais t\u00eam feito um trabalho de forma efetiva e com muito zelo pela erradica\u00e7\u00e3o da pobreza menstrual no Brasil. E uma dessas organiza\u00e7\u00f5es \u00e9 o Projeto Luna.<\/p>\n<p>Quando falamos sobre pobreza menstrual, estamos nos referindo a mais do que um tabu acerca da menstrua\u00e7\u00e3o; estamos falando principalmente sobre condi\u00e7\u00f5es ligadas ao poder econ\u00f4mico, que refletem na quest\u00e3o de ordem financeira e de sa\u00fade p\u00fablica. Adolescentes, mulheres e homens trans que se encontram em condi\u00e7\u00f5es sociais prec\u00e1rias passam por situa\u00e7\u00f5es desumanas por n\u00e3o terem acesso a itens b\u00e1sicos de higiene, como por exemplo o absorvente, a \u00e1gua pot\u00e1vel, o papel higi\u00eanico, entre outros itens de limpeza e cuidado pessoal.<\/p>\n<p>Criado em agosto de 2020 no meio da pandemia da COVID-19, em S\u00e3o Paulo capital, por Victoria Dezembro, o Projeto Luna visa contribuir para a redu\u00e7\u00e3o do \u00edndice de pobreza menstrual no Brasil. Surgiu quando Victoria leu uma mat\u00e9ria que narra a situa\u00e7\u00e3o das mulheres no sistema carcer\u00e1rio brasileiro. De acordo com ela, \u201co artigo expunha como o poder p\u00fablico n\u00e3o disponibiliza os absorventes a essas mulheres, obrigando-as a improvisarem com meias velhas, sacolas pl\u00e1sticas, folhas de jornal e at\u00e9 miolo de p\u00e3o. A ONG tem como objetivo combater a pobreza menstrual atrav\u00e9s da conscientiza\u00e7\u00e3o, educa\u00e7\u00e3o e acesso \u00e0 itens de higiene menstrual.\u201d<\/p>\n<p>No Brasil, segundo dados do Fundo Internacional de Emerg\u00eancia das Na\u00e7\u00f5es Unidas para a Inf\u00e2ncia (Unicef, 2021), estima-se que 713 mil meninas brasileiras vivem sem banheiro ou chuveiro em suas casas. O mesmo relat\u00f3rio informa que 88,4% n\u00e3o t\u00eam um banheiro compartilhado na propriedade\/terreno em que vivem. Sobre os servi\u00e7os de saneamento, os dados evidenciam que 900 mil jovens n\u00e3o t\u00eam acesso \u00e0 rede de \u00e1gua, enquanto que para 6,5 milh\u00f5es n\u00e3o h\u00e1 liga\u00e7\u00e3o entre suas habita\u00e7\u00f5es a uma rede de esgoto.<\/p>\n<h3><strong>A condi\u00e7\u00e3o nas escolas e o fator racial<\/strong><\/h3>\n<p>Quando se aborda sobre quest\u00f5es sociais e direitos \u00e9 essencial uma leitura aprofundada e coerente, que inclui analisar o contexto social, a situa\u00e7\u00e3o econ\u00f4mica, a identidade de g\u00eanero e de ra\u00e7a, entre outros. Nesse sentido, a pobreza menstrual reflete no acesso escolar de pessoas que menstruam, muitas das quais deixam de frequentar o ambiente escolar por n\u00e3o terem condi\u00e7\u00f5es adequadas de asseio em suas casas e tamb\u00e9m nas escolas.<\/p>\n<div id=\"attachment_1660112\" class=\"wp-caption alignnone\"><img loading=\"lazy\" decoding=\"async\" aria-describedby=\"caption-attachment-1660112\" class=\"wp-image-1660112 size-full\" src=\"https:\/\/www.pressenza.com\/wp-content\/uploads\/2022\/09\/Fotografia_-Francesca-Galeria-@francesca.galleria.jpg\" alt=\"\" width=\"820\" height=\"1050\" srcset=\"https:\/\/www.pressenza.com\/wp-content\/uploads\/2022\/09\/Fotografia_-Francesca-Galeria-@francesca.galleria.jpg 820w, https:\/\/www.pressenza.com\/wp-content\/uploads\/2022\/09\/Fotografia_-Francesca-Galeria-@francesca.galleria-234x300.jpg 234w, https:\/\/www.pressenza.com\/wp-content\/uploads\/2022\/09\/Fotografia_-Francesca-Galeria-@francesca.galleria-800x1024.jpg 800w\" sizes=\"auto, (max-width: 820px) 100vw, 820px\" \/><p id=\"caption-attachment-1660112\" class=\"wp-caption-text\">Fotografia Francesca Galeria. @francesca.galleria<\/p><\/div>\n<p>A pobreza menstrual atinge, majoritariamente, meninas e mulheres negras. Al\u00e9m de faltar condi\u00e7\u00f5es f\u00edsicas e financeiras, n\u00e3o h\u00e1 uma discuss\u00e3o embasada e acolhimento para essas pessoas, fazendo com que a problem\u00e1tica em quest\u00e3o fique ainda mais invisibilizada. Segundo o relat\u00f3rio Livre para Menstruar, elaborado pelo movimento <em>Girl Up<\/em>, cujo objetivo \u00e9 o acesso gratuito em rela\u00e7\u00e3o aos itens de higiene e condi\u00e7\u00f5es b\u00e1sicas de saneamento para mulheres, a primeira menstrua\u00e7\u00e3o ocorre ainda na fase escolar, em torno dos 13 anos, e, nesse contexto, 213 mil dessas meninas n\u00e3o t\u00eam banheiro em condi\u00e7\u00e3o de uso em suas escolas.<\/p>\n<p>Com rela\u00e7\u00e3o ao n\u00famero supracitado, 65% s\u00e3o meninas negras que estudam em escolas p\u00fablicas. Conforme o mesmo relat\u00f3rio, ainda que consideradas as escolas que tenham instala\u00e7\u00f5es sanit\u00e1rias, 8% das meninas relatam n\u00e3o ter papel higi\u00eanico nos banheiros, 4% se queixam da aus\u00eancia de pia ou o n\u00e3o funcionamento desta, al\u00e9m do fato de que de acordo com 37% desse conjunto, n\u00e3o h\u00e1 sabonete dispon\u00edvel para a limpeza pessoal nesses estabelecimentos.<\/p>\n<h3><strong>Leis em rela\u00e7\u00e3o \u00e0 pobreza menstrual no Brasil<\/strong><\/h3>\n<p>Em 2019 foi criado o Projeto de Lei <a href=\"http:\/\/www.planalto.gov.br\/ccivil_03\/_ato2019-2022\/2021\/Lei\/L14214.htm\" target=\"_blank\" rel=\"noopener\">4.968\/2019<\/a>, que propunha a distribui\u00e7\u00e3o gratuita de absorventes higi\u00eanicos para estudantes de baixa renda da rede p\u00fablica de ensino e para pessoas em situa\u00e7\u00e3o de vulnerabilidade. O referido Projeto de Lei, de autoria da deputada federal Mar\u00edlia Arraes (PT-PE), previa a cria\u00e7\u00e3o do Programa de Prote\u00e7\u00e3o e Promo\u00e7\u00e3o da Sa\u00fade Menstrual. Apesar de aprovado no Senado em setembro de 2021, foi vetado pelo Presidente Jair Bolsonaro.<\/p>\n<p>Al\u00e9m da lei citada acima, outros projetos j\u00e1 foram aprovados em outros estados ou est\u00e3o em tramita\u00e7\u00e3o, por for\u00e7a da atua\u00e7\u00e3o de grupos pol\u00edticos e coletivos formados por mulheres e pessoas que menstruam, e que lutam pela erradica\u00e7\u00e3o da pobreza menstrual. Conforme o movimento <em>Girl Up<\/em>, \u201cJuntas, elas se desdobram atr\u00e1s de contatos de parlamentares, pesquisam incansavelmente, elaboram documentos, v\u00e3o a reuni\u00f5es com os gabinetes. Elas sabem que a higiene menstrual \u00e9 um direito b\u00e1sico. E elas sabem que podem.\u201d<\/p>\n<div id=\"attachment_1660123\" class=\"wp-caption alignnone\"><img loading=\"lazy\" decoding=\"async\" aria-describedby=\"caption-attachment-1660123\" class=\"wp-image-1660123 size-full\" src=\"https:\/\/www.pressenza.com\/wp-content\/uploads\/2022\/09\/projeto-luna-@projetolunaoficial_.jpg\" alt=\"\" width=\"820\" height=\"741\" srcset=\"https:\/\/www.pressenza.com\/wp-content\/uploads\/2022\/09\/projeto-luna-@projetolunaoficial_.jpg 820w, https:\/\/www.pressenza.com\/wp-content\/uploads\/2022\/09\/projeto-luna-@projetolunaoficial_-300x271.jpg 300w\" sizes=\"auto, (max-width: 820px) 100vw, 820px\" \/><p id=\"caption-attachment-1660123\" class=\"wp-caption-text\">Foto Projeto Luna. @projetolunaoficial<\/p><\/div>\n<h3><strong>Projeto Luna e a redu\u00e7\u00e3o da pobreza menstrual <\/strong><\/h3>\n<p>Como o Projeto n\u00e3o \u00e9 de car\u00e1ter privado e tamb\u00e9m n\u00e3o tem ajuda governamental, conta com a colabora\u00e7\u00e3o do p\u00fablico que o acompanha atrav\u00e9s de redes sociais ou presencialmente. De acordo com informa\u00e7\u00f5es da pr\u00f3pria ONG, \u201cA maior parte das pessoas que doam para o Projeto Luna chegam atrav\u00e9s do nosso <em>Instagram<\/em>, onde publicamos conte\u00fado educativo, quebramos tabus acerca da menstrua\u00e7\u00e3o e tamb\u00e9m detalhamos as nossas a\u00e7\u00f5es de distribui\u00e7\u00e3o de<em> kits<\/em> de sa\u00fade menstrual para pessoas em situa\u00e7\u00e3o de vulnerabilidade.\u201d<\/p>\n<p>Ainda conforme a ONG, o maior desafio para vencer a pobreza menstrual \u00e9 o desconhecimento em rela\u00e7\u00e3o ao assunto. Em uma sociedade machista e patriarcal como a nossa, menstrua\u00e7\u00e3o \u00e9 um assunto para ser escondido\/silenciado. Partindo desse discurso, ONGs como o Projeto Luna atuam na conscientiza\u00e7\u00e3o.<\/p>\n<p>O grupo conta que, \u201cNo Brasil, em geral h\u00e1 diversas a\u00e7\u00f5es bem sucedidas no terceiro setor em \u00e1reas como educa\u00e7\u00e3o e sa\u00fade, mas a pobreza menstrual ainda \u00e9 um tema desconhecido e, por muitas vezes, um tabu. Expor para setores mais privilegiados da sociedade as situa\u00e7\u00f5es desumanas a que s\u00e3o submetidas as pessoas que menstruam e n\u00e3o t\u00eam acesso a saneamento e absorventes \u00e9 o nosso principal desafio.\u201d.<\/p>\n<p>O Projeto Luna vem crescendo. J\u00e1 foram distribu\u00eddos cerca de 1.830 absorventes at\u00e9 o m\u00eas de agosto de 2022. A ONG tem uma parceria com a USP S\u00e3o Francisco <em>kits<\/em> e, juntos, j\u00e1 realizaram uma a\u00e7\u00e3o de distribui\u00e7\u00e3o de <em>kits<\/em> de sa\u00fade menstrual na Penitenci\u00e1ria Feminina da Capital.<\/p>\n<p>Esses resultados motivam a equipe a continuar pela causa, que deve ser de interesse p\u00fablico, pois afeta a vida de mulheres, meninas e homens trans que menstruam e precisam dessa dignidade para poder desenvolver suas vidas. Por isso, \u00e9 necess\u00e1rio \u201cAmpliar a conscientiza\u00e7\u00e3o, mobilizar diferentes setores da sociedade sobre o tema, conjugada a a\u00e7\u00f5es efetivas de distribui\u00e7\u00e3o dos <em>kits<\/em> tem sido nossas maiores conquistas at\u00e9 o momento.\u201d<\/p>\n<div id=\"attachment_1660133\" class=\"wp-caption alignnone\"><img loading=\"lazy\" decoding=\"async\" aria-describedby=\"caption-attachment-1660133\" class=\"wp-image-1660133 size-full\" src=\"https:\/\/www.pressenza.com\/wp-content\/uploads\/2022\/09\/Projeto-Luna-@projetolunaoficial.jpg\" alt=\"\" width=\"820\" height=\"592\" srcset=\"https:\/\/www.pressenza.com\/wp-content\/uploads\/2022\/09\/Projeto-Luna-@projetolunaoficial.jpg 820w, https:\/\/www.pressenza.com\/wp-content\/uploads\/2022\/09\/Projeto-Luna-@projetolunaoficial-300x217.jpg 300w\" sizes=\"auto, (max-width: 820px) 100vw, 820px\" \/><p id=\"caption-attachment-1660133\" class=\"wp-caption-text\">Foto Projeto Luna<\/p><\/div>\n<hr \/>\n<p>*Estudante de Comunica\u00e7\u00e3o Social da Universidade Estadual de Santa Cruz (UESC).<\/p>\n","protected":false},"excerpt":{"rendered":"<p>Por Ana Catharina Oliveira* Desde do ano de 2014, a Organiza\u00e7\u00e3o das Na\u00e7\u00f5es Unidas (ONU) reconhece a higiene menstrual como um direito humano. Com poucas pol\u00edticas p\u00fablicas voltadas para essa pauta, algumas institui\u00e7\u00f5es n\u00e3o governamentais t\u00eam feito um trabalho de&hellip;<\/p>\n","protected":false},"author":44,"featured_media":1660143,"comment_status":"closed","ping_status":"closed","sticky":false,"template":"","format":"standard","meta":{"footnotes":""},"categories":[104,11390,1255,54514,1253],"tags":[2744,20599,105649,105650],"class_list":["post-1660111","post","type-post","status-publish","format-standard","has-post-thumbnail","hentry","category-america-do-sul","category-conteudo-original","category-diversidade","category-genero-e-feminismos","category-saude","tag-brasil","tag-discriminacao","tag-pobreza-menstrual","tag-projeto-luna"],"yoast_head":"<!-- This site is optimized with the Yoast SEO plugin v27.1.1 - https:\/\/yoast.com\/product\/yoast-seo-wordpress\/ -->\n<title>Pobreza Menstrual no Brasil: grupos organizados tentam cobrir a lacuna deixada pelo Estado<\/title>\n<meta name=\"description\" content=\"Por Ana Catharina Oliveira* Desde do ano de 2014, a Organiza\u00e7\u00e3o das Na\u00e7\u00f5es Unidas (ONU) reconhece a higiene menstrual como um direito humano. Com poucas\" \/>\n<meta name=\"robots\" content=\"index, follow, max-snippet:-1, max-image-preview:large, max-video-preview:-1\" \/>\n<link rel=\"canonical\" href=\"https:\/\/www.pressenza.com\/pt-pt\/2022\/09\/pobreza-menstrual-no-brasil-grupos-organizados-tentam-cobrir-a-lacuna-deixada-pelo-estado\/\" \/>\n<meta property=\"og:locale\" content=\"pt_PT\" \/>\n<meta property=\"og:type\" content=\"article\" \/>\n<meta property=\"og:title\" content=\"Pobreza Menstrual no Brasil: grupos organizados tentam cobrir a lacuna deixada pelo Estado\" \/>\n<meta property=\"og:description\" content=\"Por Ana Catharina Oliveira* Desde do ano de 2014, a Organiza\u00e7\u00e3o das Na\u00e7\u00f5es Unidas (ONU) reconhece a higiene menstrual como um direito humano. Com poucas\" \/>\n<meta property=\"og:url\" content=\"https:\/\/www.pressenza.com\/pt-pt\/2022\/09\/pobreza-menstrual-no-brasil-grupos-organizados-tentam-cobrir-a-lacuna-deixada-pelo-estado\/\" \/>\n<meta property=\"og:site_name\" content=\"Pressenza\" \/>\n<meta property=\"article:publisher\" content=\"https:\/\/www.facebook.com\/PressenzaItalia\" \/>\n<meta property=\"article:author\" content=\"https:\/\/www.facebook.com\/PressenzaPortugues\" \/>\n<meta property=\"article:published_time\" content=\"2022-09-16T22:58:45+00:00\" \/>\n<meta property=\"og:image\" content=\"https:\/\/www.pressenza.com\/wp-content\/uploads\/2022\/09\/projeto-luna-@projetolunaoficial-1.jpg\" \/>\n\t<meta property=\"og:image:width\" content=\"820\" \/>\n\t<meta property=\"og:image:height\" content=\"824\" \/>\n\t<meta property=\"og:image:type\" content=\"image\/jpeg\" \/>\n<meta name=\"author\" content=\"Reda\u00e7\u00e3o S\u00e3o Paulo\" \/>\n<meta name=\"twitter:card\" content=\"summary_large_image\" \/>\n<meta name=\"twitter:creator\" content=\"@pressenza_pt\" \/>\n<meta name=\"twitter:site\" content=\"@PressenzaIPA\" \/>\n<meta name=\"twitter:label1\" content=\"Escrito por\" \/>\n\t<meta name=\"twitter:data1\" content=\"Reda\u00e7\u00e3o S\u00e3o Paulo\" \/>\n\t<meta name=\"twitter:label2\" content=\"Tempo estimado de leitura\" \/>\n\t<meta name=\"twitter:data2\" content=\"6 minutos\" \/>\n<script type=\"application\/ld+json\" class=\"yoast-schema-graph\">{\"@context\":\"https:\/\/schema.org\",\"@graph\":[{\"@type\":\"Article\",\"@id\":\"https:\/\/www.pressenza.com\/pt-pt\/2022\/09\/pobreza-menstrual-no-brasil-grupos-organizados-tentam-cobrir-a-lacuna-deixada-pelo-estado\/#article\",\"isPartOf\":{\"@id\":\"https:\/\/www.pressenza.com\/pt-pt\/2022\/09\/pobreza-menstrual-no-brasil-grupos-organizados-tentam-cobrir-a-lacuna-deixada-pelo-estado\/\"},\"author\":{\"name\":\"Reda\u00e7\u00e3o S\u00e3o Paulo\",\"@id\":\"https:\/\/www.pressenza.com\/pt-pt\/#\/schema\/person\/d171826afb7693cfc394da95892bfd93\"},\"headline\":\"Pobreza Menstrual no Brasil: grupos organizados tentam cobrir a lacuna deixada pelo Estado\",\"datePublished\":\"2022-09-16T22:58:45+00:00\",\"mainEntityOfPage\":{\"@id\":\"https:\/\/www.pressenza.com\/pt-pt\/2022\/09\/pobreza-menstrual-no-brasil-grupos-organizados-tentam-cobrir-a-lacuna-deixada-pelo-estado\/\"},\"wordCount\":1225,\"publisher\":{\"@id\":\"https:\/\/www.pressenza.com\/pt-pt\/#organization\"},\"image\":{\"@id\":\"https:\/\/www.pressenza.com\/pt-pt\/2022\/09\/pobreza-menstrual-no-brasil-grupos-organizados-tentam-cobrir-a-lacuna-deixada-pelo-estado\/#primaryimage\"},\"thumbnailUrl\":\"https:\/\/www.pressenza.com\/wp-content\/uploads\/2022\/09\/projeto-luna-@projetolunaoficial-1.jpg\",\"keywords\":[\"Brasil\",\"Discrimina\u00e7\u00e3o\",\"pobreza menstrual\",\"Projeto Luna\"],\"articleSection\":[\"\u00c1m\u00e9rica do Sul\",\"Conte\u00fado Original\",\"Diversidade\",\"G\u00eanero e feminismos\",\"Sa\u00fade\"],\"inLanguage\":\"pt-PT\"},{\"@type\":\"WebPage\",\"@id\":\"https:\/\/www.pressenza.com\/pt-pt\/2022\/09\/pobreza-menstrual-no-brasil-grupos-organizados-tentam-cobrir-a-lacuna-deixada-pelo-estado\/\",\"url\":\"https:\/\/www.pressenza.com\/pt-pt\/2022\/09\/pobreza-menstrual-no-brasil-grupos-organizados-tentam-cobrir-a-lacuna-deixada-pelo-estado\/\",\"name\":\"Pobreza Menstrual no Brasil: grupos organizados tentam cobrir a lacuna deixada pelo Estado\",\"isPartOf\":{\"@id\":\"https:\/\/www.pressenza.com\/pt-pt\/#website\"},\"primaryImageOfPage\":{\"@id\":\"https:\/\/www.pressenza.com\/pt-pt\/2022\/09\/pobreza-menstrual-no-brasil-grupos-organizados-tentam-cobrir-a-lacuna-deixada-pelo-estado\/#primaryimage\"},\"image\":{\"@id\":\"https:\/\/www.pressenza.com\/pt-pt\/2022\/09\/pobreza-menstrual-no-brasil-grupos-organizados-tentam-cobrir-a-lacuna-deixada-pelo-estado\/#primaryimage\"},\"thumbnailUrl\":\"https:\/\/www.pressenza.com\/wp-content\/uploads\/2022\/09\/projeto-luna-@projetolunaoficial-1.jpg\",\"datePublished\":\"2022-09-16T22:58:45+00:00\",\"description\":\"Por Ana Catharina Oliveira* Desde do ano de 2014, a Organiza\u00e7\u00e3o das Na\u00e7\u00f5es Unidas (ONU) reconhece a higiene menstrual como um direito humano. Com poucas\",\"breadcrumb\":{\"@id\":\"https:\/\/www.pressenza.com\/pt-pt\/2022\/09\/pobreza-menstrual-no-brasil-grupos-organizados-tentam-cobrir-a-lacuna-deixada-pelo-estado\/#breadcrumb\"},\"inLanguage\":\"pt-PT\",\"potentialAction\":[{\"@type\":\"ReadAction\",\"target\":[\"https:\/\/www.pressenza.com\/pt-pt\/2022\/09\/pobreza-menstrual-no-brasil-grupos-organizados-tentam-cobrir-a-lacuna-deixada-pelo-estado\/\"]}]},{\"@type\":\"ImageObject\",\"inLanguage\":\"pt-PT\",\"@id\":\"https:\/\/www.pressenza.com\/pt-pt\/2022\/09\/pobreza-menstrual-no-brasil-grupos-organizados-tentam-cobrir-a-lacuna-deixada-pelo-estado\/#primaryimage\",\"url\":\"https:\/\/www.pressenza.com\/wp-content\/uploads\/2022\/09\/projeto-luna-@projetolunaoficial-1.jpg\",\"contentUrl\":\"https:\/\/www.pressenza.com\/wp-content\/uploads\/2022\/09\/projeto-luna-@projetolunaoficial-1.jpg\",\"width\":820,\"height\":824},{\"@type\":\"BreadcrumbList\",\"@id\":\"https:\/\/www.pressenza.com\/pt-pt\/2022\/09\/pobreza-menstrual-no-brasil-grupos-organizados-tentam-cobrir-a-lacuna-deixada-pelo-estado\/#breadcrumb\",\"itemListElement\":[{\"@type\":\"ListItem\",\"position\":1,\"name\":\"Accueil\",\"item\":\"https:\/\/www.pressenza.com\/pt-pt\/\"},{\"@type\":\"ListItem\",\"position\":2,\"name\":\"Pobreza Menstrual no Brasil: grupos organizados tentam cobrir a lacuna deixada pelo Estado\"}]},{\"@type\":\"WebSite\",\"@id\":\"https:\/\/www.pressenza.com\/pt-pt\/#website\",\"url\":\"https:\/\/www.pressenza.com\/pt-pt\/\",\"name\":\"Pressenza\",\"description\":\"International Press Agency\",\"publisher\":{\"@id\":\"https:\/\/www.pressenza.com\/pt-pt\/#organization\"},\"potentialAction\":[{\"@type\":\"SearchAction\",\"target\":{\"@type\":\"EntryPoint\",\"urlTemplate\":\"https:\/\/www.pressenza.com\/pt-pt\/?s={search_term_string}\"},\"query-input\":{\"@type\":\"PropertyValueSpecification\",\"valueRequired\":true,\"valueName\":\"search_term_string\"}}],\"inLanguage\":\"pt-PT\"},{\"@type\":\"Organization\",\"@id\":\"https:\/\/www.pressenza.com\/pt-pt\/#organization\",\"name\":\"Pressenza\",\"url\":\"https:\/\/www.pressenza.com\/pt-pt\/\",\"logo\":{\"@type\":\"ImageObject\",\"inLanguage\":\"pt-PT\",\"@id\":\"https:\/\/www.pressenza.com\/pt-pt\/#\/schema\/logo\/image\/\",\"url\":\"https:\/\/www.pressenza.com\/wp-content\/uploads\/2022\/10\/pressenza_logo_200x200.jpg\",\"contentUrl\":\"https:\/\/www.pressenza.com\/wp-content\/uploads\/2022\/10\/pressenza_logo_200x200.jpg\",\"width\":200,\"height\":200,\"caption\":\"Pressenza\"},\"image\":{\"@id\":\"https:\/\/www.pressenza.com\/pt-pt\/#\/schema\/logo\/image\/\"},\"sameAs\":[\"https:\/\/www.facebook.com\/PressenzaItalia\",\"https:\/\/x.com\/PressenzaIPA\"]},{\"@type\":\"Person\",\"@id\":\"https:\/\/www.pressenza.com\/pt-pt\/#\/schema\/person\/d171826afb7693cfc394da95892bfd93\",\"name\":\"Reda\u00e7\u00e3o S\u00e3o Paulo\",\"description\":\"News from the Pressenza bureau in Sao Paulo, Brazil\",\"sameAs\":[\"https:\/\/www.facebook.com\/PressenzaPortugues\",\"https:\/\/x.com\/pressenza_pt\"],\"url\":\"https:\/\/www.pressenza.com\/pt-pt\/author\/redaccao-sao-paulo\/\"}]}<\/script>\n<!-- \/ Yoast SEO plugin. -->","yoast_head_json":{"title":"Pobreza Menstrual no Brasil: grupos organizados tentam cobrir a lacuna deixada pelo Estado","description":"Por Ana Catharina Oliveira* Desde do ano de 2014, a Organiza\u00e7\u00e3o das Na\u00e7\u00f5es Unidas (ONU) reconhece a higiene menstrual como um direito humano. Com poucas","robots":{"index":"index","follow":"follow","max-snippet":"max-snippet:-1","max-image-preview":"max-image-preview:large","max-video-preview":"max-video-preview:-1"},"canonical":"https:\/\/www.pressenza.com\/pt-pt\/2022\/09\/pobreza-menstrual-no-brasil-grupos-organizados-tentam-cobrir-a-lacuna-deixada-pelo-estado\/","og_locale":"pt_PT","og_type":"article","og_title":"Pobreza Menstrual no Brasil: grupos organizados tentam cobrir a lacuna deixada pelo Estado","og_description":"Por Ana Catharina Oliveira* Desde do ano de 2014, a Organiza\u00e7\u00e3o das Na\u00e7\u00f5es Unidas (ONU) reconhece a higiene menstrual como um direito humano. Com poucas","og_url":"https:\/\/www.pressenza.com\/pt-pt\/2022\/09\/pobreza-menstrual-no-brasil-grupos-organizados-tentam-cobrir-a-lacuna-deixada-pelo-estado\/","og_site_name":"Pressenza","article_publisher":"https:\/\/www.facebook.com\/PressenzaItalia","article_author":"https:\/\/www.facebook.com\/PressenzaPortugues","article_published_time":"2022-09-16T22:58:45+00:00","og_image":[{"width":820,"height":824,"url":"https:\/\/www.pressenza.com\/wp-content\/uploads\/2022\/09\/projeto-luna-@projetolunaoficial-1.jpg","type":"image\/jpeg"}],"author":"Reda\u00e7\u00e3o S\u00e3o Paulo","twitter_card":"summary_large_image","twitter_creator":"@pressenza_pt","twitter_site":"@PressenzaIPA","twitter_misc":{"Escrito por":"Reda\u00e7\u00e3o S\u00e3o Paulo","Tempo estimado de leitura":"6 minutos"},"schema":{"@context":"https:\/\/schema.org","@graph":[{"@type":"Article","@id":"https:\/\/www.pressenza.com\/pt-pt\/2022\/09\/pobreza-menstrual-no-brasil-grupos-organizados-tentam-cobrir-a-lacuna-deixada-pelo-estado\/#article","isPartOf":{"@id":"https:\/\/www.pressenza.com\/pt-pt\/2022\/09\/pobreza-menstrual-no-brasil-grupos-organizados-tentam-cobrir-a-lacuna-deixada-pelo-estado\/"},"author":{"name":"Reda\u00e7\u00e3o S\u00e3o Paulo","@id":"https:\/\/www.pressenza.com\/pt-pt\/#\/schema\/person\/d171826afb7693cfc394da95892bfd93"},"headline":"Pobreza Menstrual no Brasil: grupos organizados tentam cobrir a lacuna deixada pelo Estado","datePublished":"2022-09-16T22:58:45+00:00","mainEntityOfPage":{"@id":"https:\/\/www.pressenza.com\/pt-pt\/2022\/09\/pobreza-menstrual-no-brasil-grupos-organizados-tentam-cobrir-a-lacuna-deixada-pelo-estado\/"},"wordCount":1225,"publisher":{"@id":"https:\/\/www.pressenza.com\/pt-pt\/#organization"},"image":{"@id":"https:\/\/www.pressenza.com\/pt-pt\/2022\/09\/pobreza-menstrual-no-brasil-grupos-organizados-tentam-cobrir-a-lacuna-deixada-pelo-estado\/#primaryimage"},"thumbnailUrl":"https:\/\/www.pressenza.com\/wp-content\/uploads\/2022\/09\/projeto-luna-@projetolunaoficial-1.jpg","keywords":["Brasil","Discrimina\u00e7\u00e3o","pobreza menstrual","Projeto Luna"],"articleSection":["\u00c1m\u00e9rica do Sul","Conte\u00fado Original","Diversidade","G\u00eanero e feminismos","Sa\u00fade"],"inLanguage":"pt-PT"},{"@type":"WebPage","@id":"https:\/\/www.pressenza.com\/pt-pt\/2022\/09\/pobreza-menstrual-no-brasil-grupos-organizados-tentam-cobrir-a-lacuna-deixada-pelo-estado\/","url":"https:\/\/www.pressenza.com\/pt-pt\/2022\/09\/pobreza-menstrual-no-brasil-grupos-organizados-tentam-cobrir-a-lacuna-deixada-pelo-estado\/","name":"Pobreza Menstrual no Brasil: grupos organizados tentam cobrir a lacuna deixada pelo Estado","isPartOf":{"@id":"https:\/\/www.pressenza.com\/pt-pt\/#website"},"primaryImageOfPage":{"@id":"https:\/\/www.pressenza.com\/pt-pt\/2022\/09\/pobreza-menstrual-no-brasil-grupos-organizados-tentam-cobrir-a-lacuna-deixada-pelo-estado\/#primaryimage"},"image":{"@id":"https:\/\/www.pressenza.com\/pt-pt\/2022\/09\/pobreza-menstrual-no-brasil-grupos-organizados-tentam-cobrir-a-lacuna-deixada-pelo-estado\/#primaryimage"},"thumbnailUrl":"https:\/\/www.pressenza.com\/wp-content\/uploads\/2022\/09\/projeto-luna-@projetolunaoficial-1.jpg","datePublished":"2022-09-16T22:58:45+00:00","description":"Por Ana Catharina Oliveira* Desde do ano de 2014, a Organiza\u00e7\u00e3o das Na\u00e7\u00f5es Unidas (ONU) reconhece a higiene menstrual como um direito humano. Com poucas","breadcrumb":{"@id":"https:\/\/www.pressenza.com\/pt-pt\/2022\/09\/pobreza-menstrual-no-brasil-grupos-organizados-tentam-cobrir-a-lacuna-deixada-pelo-estado\/#breadcrumb"},"inLanguage":"pt-PT","potentialAction":[{"@type":"ReadAction","target":["https:\/\/www.pressenza.com\/pt-pt\/2022\/09\/pobreza-menstrual-no-brasil-grupos-organizados-tentam-cobrir-a-lacuna-deixada-pelo-estado\/"]}]},{"@type":"ImageObject","inLanguage":"pt-PT","@id":"https:\/\/www.pressenza.com\/pt-pt\/2022\/09\/pobreza-menstrual-no-brasil-grupos-organizados-tentam-cobrir-a-lacuna-deixada-pelo-estado\/#primaryimage","url":"https:\/\/www.pressenza.com\/wp-content\/uploads\/2022\/09\/projeto-luna-@projetolunaoficial-1.jpg","contentUrl":"https:\/\/www.pressenza.com\/wp-content\/uploads\/2022\/09\/projeto-luna-@projetolunaoficial-1.jpg","width":820,"height":824},{"@type":"BreadcrumbList","@id":"https:\/\/www.pressenza.com\/pt-pt\/2022\/09\/pobreza-menstrual-no-brasil-grupos-organizados-tentam-cobrir-a-lacuna-deixada-pelo-estado\/#breadcrumb","itemListElement":[{"@type":"ListItem","position":1,"name":"Accueil","item":"https:\/\/www.pressenza.com\/pt-pt\/"},{"@type":"ListItem","position":2,"name":"Pobreza Menstrual no Brasil: grupos organizados tentam cobrir a lacuna deixada pelo Estado"}]},{"@type":"WebSite","@id":"https:\/\/www.pressenza.com\/pt-pt\/#website","url":"https:\/\/www.pressenza.com\/pt-pt\/","name":"Pressenza","description":"International Press Agency","publisher":{"@id":"https:\/\/www.pressenza.com\/pt-pt\/#organization"},"potentialAction":[{"@type":"SearchAction","target":{"@type":"EntryPoint","urlTemplate":"https:\/\/www.pressenza.com\/pt-pt\/?s={search_term_string}"},"query-input":{"@type":"PropertyValueSpecification","valueRequired":true,"valueName":"search_term_string"}}],"inLanguage":"pt-PT"},{"@type":"Organization","@id":"https:\/\/www.pressenza.com\/pt-pt\/#organization","name":"Pressenza","url":"https:\/\/www.pressenza.com\/pt-pt\/","logo":{"@type":"ImageObject","inLanguage":"pt-PT","@id":"https:\/\/www.pressenza.com\/pt-pt\/#\/schema\/logo\/image\/","url":"https:\/\/www.pressenza.com\/wp-content\/uploads\/2022\/10\/pressenza_logo_200x200.jpg","contentUrl":"https:\/\/www.pressenza.com\/wp-content\/uploads\/2022\/10\/pressenza_logo_200x200.jpg","width":200,"height":200,"caption":"Pressenza"},"image":{"@id":"https:\/\/www.pressenza.com\/pt-pt\/#\/schema\/logo\/image\/"},"sameAs":["https:\/\/www.facebook.com\/PressenzaItalia","https:\/\/x.com\/PressenzaIPA"]},{"@type":"Person","@id":"https:\/\/www.pressenza.com\/pt-pt\/#\/schema\/person\/d171826afb7693cfc394da95892bfd93","name":"Reda\u00e7\u00e3o S\u00e3o Paulo","description":"News from the Pressenza bureau in Sao Paulo, Brazil","sameAs":["https:\/\/www.facebook.com\/PressenzaPortugues","https:\/\/x.com\/pressenza_pt"],"url":"https:\/\/www.pressenza.com\/pt-pt\/author\/redaccao-sao-paulo\/"}]}},"place":"Bahia, Brasil","original_article_url":"","_links":{"self":[{"href":"https:\/\/www.pressenza.com\/pt-pt\/wp-json\/wp\/v2\/posts\/1660111","targetHints":{"allow":["GET"]}}],"collection":[{"href":"https:\/\/www.pressenza.com\/pt-pt\/wp-json\/wp\/v2\/posts"}],"about":[{"href":"https:\/\/www.pressenza.com\/pt-pt\/wp-json\/wp\/v2\/types\/post"}],"author":[{"embeddable":true,"href":"https:\/\/www.pressenza.com\/pt-pt\/wp-json\/wp\/v2\/users\/44"}],"replies":[{"embeddable":true,"href":"https:\/\/www.pressenza.com\/pt-pt\/wp-json\/wp\/v2\/comments?post=1660111"}],"version-history":[{"count":0,"href":"https:\/\/www.pressenza.com\/pt-pt\/wp-json\/wp\/v2\/posts\/1660111\/revisions"}],"wp:featuredmedia":[{"embeddable":true,"href":"https:\/\/www.pressenza.com\/pt-pt\/wp-json\/wp\/v2\/media\/1660143"}],"wp:attachment":[{"href":"https:\/\/www.pressenza.com\/pt-pt\/wp-json\/wp\/v2\/media?parent=1660111"}],"wp:term":[{"taxonomy":"category","embeddable":true,"href":"https:\/\/www.pressenza.com\/pt-pt\/wp-json\/wp\/v2\/categories?post=1660111"},{"taxonomy":"post_tag","embeddable":true,"href":"https:\/\/www.pressenza.com\/pt-pt\/wp-json\/wp\/v2\/tags?post=1660111"}],"curies":[{"name":"wp","href":"https:\/\/api.w.org\/{rel}","templated":true}]}}