{"id":1626574,"date":"2022-07-19T23:02:05","date_gmt":"2022-07-19T22:02:05","guid":{"rendered":"https:\/\/www.pressenza.com\/?p=1626574"},"modified":"2022-07-19T23:02:05","modified_gmt":"2022-07-19T22:02:05","slug":"manifesto-sobre-as-economias-do-cuidado-e-a-democracia-na-terra","status":"publish","type":"post","link":"https:\/\/www.pressenza.com\/pt-pt\/2022\/07\/manifesto-sobre-as-economias-do-cuidado-e-a-democracia-na-terra\/","title":{"rendered":"Manifesto sobre as economias do cuidado e a democracia na Terra"},"content":{"rendered":"<p style=\"padding-left: 40px;\"><em>Por ocasi\u00e3o do Dia Mundial do Meio Ambiente, em 5 de junho de 2022, a ativista ambiental, ecofeminista e cr\u00edtica da globaliza\u00e7\u00e3o, Vandana Shiva, publicou o Manifesto sobre a economia do cuidado e a democracia da Terra. A publica\u00e7\u00e3o ocorreu durante o tour da dra. Shiva pela It\u00e1lia e pela Fran\u00e7a, onde tamb\u00e9m lan\u00e7ou seu novo livro, True Economy \u2014 From Greed to an Economy of Care (A verdadeira economia: da gan\u00e2ncia para uma economia do cuidado, em tradu\u00e7\u00e3o livre), e participou de numerosos eventos, como a EireneFest, o Festival do Livro pela Paz e pela N\u00e3o Viol\u00eancia e um evento conjunto de sua organiza\u00e7\u00e3o Navdanya International com a Uni\u00e3o Budista Italiana e o Conselho Municipal de Roma sobre agroecologia e agricultura regenerativa.<\/em><\/p>\n<p style=\"padding-left: 40px;\"><em>&#8220;O futuro das pr\u00f3ximas gera\u00e7\u00f5es s\u00f3 pode ser garantido se tomarmos o caminho do cuidado e respeito pela Terra, o que exige uma profunda mudan\u00e7a no paradigma econ\u00f4mico, cultural e ambiental global&#8221;, afirmou Navdanya International em um relat\u00f3rio lan\u00e7ado durante o tour, que aconteceu de 3 a 11 de junho de 2022. Publicamos o manifesto completo abaixo.<\/em><\/p>\n<p>&nbsp;<\/p>\n<p><em><strong>Por Dra. Vandana Shiva<\/strong><\/em><\/p>\n<p>O cuidado e o apoio m\u00fatuo s\u00e3o as moedas da vida, que circulam tanto na natureza e como na sociedade, para a promo\u00e7\u00e3o da integra\u00e7\u00e3o plena, possibilitando que se compartilhem o seu conjunto de valores e direitos coletivos.<\/p>\n<p>A Terra, Gaia, a M\u00e3e Terra \u00e9 um planeta vivo, cuja rica biodiversidade evolui ao longo de bilh\u00f5es de anos e que sustenta toda a vida; n\u00e3o \u00e9 mat\u00e9ria morta nem mat\u00e9ria\u2011prima para ser explorada e degradada.<\/p>\n<p>Cuidar da Terra e de toda forma de vida \u00e9 nossa responsabilidade \u00e9tica e ecol\u00f3gica.<\/p>\n<p>O cuidado da Terra \u00e9 a economia da vida, <em>Oikonomia.<\/em><\/p>\n<p>Em um per\u00edodo de colapso e de desintegra\u00e7\u00e3o ecol\u00f3gica e social, curar e regenerar a Terra constituem as bases para restaurar o futuro da humanidade.<\/p>\n<p><strong>1. Cuidado com a Terra e os direitos da Terra<\/strong><\/p>\n<p>Devemos reconhecer que somos uma fam\u00edlia da Terra, seres vivos interconectados em toda a nossa diversidade, que participam e compartilham uma teia comum de vida. O cuidado com a Terra regenera os recursos da natureza, a biodiversidade e a economia que nos proporcionam vida e sustento. A Terra e seus ecossistemas nos sustentam com oxig\u00eanio, \u00e1gua, comida, roupas, abrigo e rem\u00e9dios.<\/p>\n<p>A industrializa\u00e7\u00e3o, impulsionada por combust\u00edveis f\u00f3sseis e pelo petr\u00f3leo, est\u00e1 destruindo os ecossistemas vivos da Terra e levando \u00e0s mudan\u00e7as clim\u00e1ticas, \u00e0 perda de biodiversidade que sustenta a vida, a doen\u00e7as, \u00e0 destrui\u00e7\u00e3o de florestas e \u00e0 extin\u00e7\u00e3o de vida vegetal e animal, empurrando-nos rumo \u00e0 extin\u00e7\u00e3o.<\/p>\n<p>Respeitar os recursos finitos da Terra \u00e9 uma postura vital para o estabelecimento da economia do cuidado, criando um ambiente prop\u00edcio para a exist\u00eancia de uma humanidade solid\u00e1ria.<\/p>\n<p><strong>2. Intelig\u00eancia humana, autonomia, liberdade e direitos<\/strong><\/p>\n<p>Desde tempos imemoriais, homem e Terra v\u00eam criando em parceria a biodiversidade do planeta e as bases das rela\u00e7\u00f5es entre si \u2013 uma realidade esquecida desde o in\u00edcio da era industrial e que agora devemos recuperar.<\/p>\n<p>A abordagem mecanicista e separativa cartesiana relativa a toda forma de vida reduziu os seres humanos a m\u00e1quinas, a seres n\u00e3o pensantes e mec\u00e2nicos, respondendo desapercebidamente \u00e0s normas e est\u00edmulos que lhes s\u00e3o impingidos. A tecnologia de alta frequ\u00eancia e a digitaliza\u00e7\u00e3o debilitam c\u00e9rebros ao tempo que entorpecem a intelig\u00eancia humana corroendo o nosso direito fundamental \u00e0 livre escolha. O <em>big data<\/em>, os algoritmos, a intelig\u00eancia artificial (IA) e a rob\u00f3tica surgiram para projetar o futuro da agricultura sem agricultores, da manufatura sem oper\u00e1rios, da educa\u00e7\u00e3o e da informa\u00e7\u00e3o sem professores, da sa\u00fade sem m\u00e9dicos.<\/p>\n<p>Economias do cuidado surgem para recuperar a nossa mente, autonomia e potencial criativo visando preservar a nossa liberdade e garantir o nosso direito ao trabalho a servi\u00e7o da Terra, das nossas comunidades e das futuras gera\u00e7\u00f5es. As economias do cuidado estimulam a liberdade criativa, a justi\u00e7a e a coes\u00e3o.<\/p>\n<p><strong>3. Comunidade regeneradora<\/strong><\/p>\n<p>A vida \u00e9 um fen\u00f4meno comunit\u00e1rio delicado e solid\u00e1rio \u2013 tanto na sociedade como na natureza. \u00c9 um fen\u00f4meno relacional, n\u00e3o atom\u00edstico. \u00c9 nas comunidades onde as economias locais de sustento, de sa\u00fade e de bem-estar convergem e se regeneram. Rela\u00e7\u00f5es interpessoais s\u00e3o tecidas com os fios do respeito e da reciprocidade, cultivam a criatividade e o bem-estar. Economias do cuidado, por seu turno, geram harmonia e prosperidade.<\/p>\n<p><strong>4. Recuperando o patrim\u00f4nio da humanidade<\/strong><\/p>\n<p>Economias de cuidado t\u00eam por fundamento a recupera\u00e7\u00e3o de ativos coletivos e bens p\u00fablicos, e isso envolve o cuidado com a Terra e o compartilhamento dos recursos que devem estar \u00e0 disposi\u00e7\u00e3o de toda a humanidade. E assim temos a coletividade representada por sementes e gr\u00e3os, pela biodiversidade, pela \u00e1gua e a terra, pelos alimentos e a alimenta\u00e7\u00e3o; e ainda pelos bens e servi\u00e7os p\u00fablicos que as sociedades t\u00eam desenvolvido gra\u00e7as ao senso comum de responsabilidades e garantia de direitos coletivos, como o direito ao conhecimento, \u00e0 democracia, \u00e0 sa\u00fade, \u00e0 educa\u00e7\u00e3o, \u00e0 energia, ao transporte e \u00e0 moradia.<\/p>\n<p>A privatiza\u00e7\u00e3o, as patentes e o cerceamento dos bens comuns s\u00e3o um processo falido de um sistema colonial baseado na extra\u00e7\u00e3o e na gan\u00e2ncia e n\u00e3o t\u00eam cabimento nas economias do cuidado. A financeiriza\u00e7\u00e3o e a comoditiza\u00e7\u00e3o da natureza reduzem a Terra e seus recursos a meros ativos financeiros \u2014 hoje controlados por bilion\u00e1rios e por fundos de gest\u00e3o de ativos \u2014, agravam a crise ecol\u00f3gica e colocam em risco comunidades ind\u00edgenas e pequenos agricultores que sempre fomentaram a biodiversidade e a Terra.\u00a0<strong>A M\u00e3e Terra n\u00e3o est\u00e1 \u00e0 venda.<\/strong><\/p>\n<p><strong>5. Da competi\u00e7\u00e3o \u00e0 coopera\u00e7\u00e3o, das economias da gan\u00e2ncia \u00e0s economias do cuidado, das economias extrativas \u00e0s economias circulares da lei do retorno<\/strong><\/p>\n<p>A coopera\u00e7\u00e3o e a sinergia est\u00e3o entre os fundamentos da economia do cuidado que, por sua vez, respeitam os limites da Terra e s\u00e3o baseadas nas necessidades. Como Gandhi bem nos lembrou: &#8220;A Terra tem o suficiente para as necessidades de todos, mas n\u00e3o para a gan\u00e2ncia de alguns&#8221;.<\/p>\n<p>A competi\u00e7\u00e3o e a gan\u00e2ncia violam os processos ecol\u00f3gicos da natureza e destroem a capacidade dos ecossistemas e das comunidades de renovar, regenerar e produzir. As economias da gan\u00e2ncia, baseadas no extrativismo e na competi\u00e7\u00e3o, criam escassez, fome, doen\u00e7a, descartabilidade, desemprego e viol\u00eancia.<\/p>\n<p>As economias do cuidado s\u00e3o baseadas em economias circulares, de doa\u00e7\u00e3o, reciprocidade, compartilhamento e mutualidade: a lei do retorno.<\/p>\n<p>As economias circulares aumentam o potencial criativo e regenerativo da sociedade e da natureza. Os subsistemas que orbitam em torno do conceito de economia do cuidado s\u00e3o circulares, locais, participativos e harmoniosos e levam ao bem-estar e \u00e0 abund\u00e2ncia.<\/p>\n<p><strong>6. Diversidade e descentraliza\u00e7\u00e3o<\/strong><\/p>\n<p>A globaliza\u00e7\u00e3o levou ao controle centralizado sobre os recursos da Terra, \u00e0 centraliza\u00e7\u00e3o do controle sobre os mercados e \u00e0 degrada\u00e7\u00e3o da qualidade \u2013 dos alimentos que comemos e das roupas que vestimos. Qualidade requer cuidados. Economias do cuidado implicam descentraliza\u00e7\u00e3o e democracia participativa, e englobam diversidade cultural e biol\u00f3gica, que aceleram a participa\u00e7\u00e3o e localiza\u00e7\u00e3o arraigadas em relacionamentos e afinidade.<\/p>\n<p><strong>7. Democracia<\/strong><\/p>\n<p>As economias do cuidado s\u00e3o baseadas na igualdade, na justi\u00e7a e na dignidade para todos e est\u00e3o no \u00e2mago da Democracia Viva do povo, pelo povo, para o povo. Nenhuma pessoa ou esp\u00e9cie \u00e9 dispens\u00e1vel.<\/p>\n<p>Economias do cuidado geram alimentos, sa\u00fade e trabalho para todos.<\/p>\n<p>J\u00e1 as economias da gan\u00e2ncia s\u00e3o baseadas no controle centralizado, na uniformidade, na domina\u00e7\u00e3o, na cria\u00e7\u00e3o de hierarquias e representam uma amea\u00e7a \u00e0 democracia.<\/p>\n<p>A gan\u00e2ncia promove o uso de tecnologias negligentes que prejudicam a Terra, os povos e tornam as pessoas dispens\u00e1veis.<\/p>\n<p>A democracia da Terra \u00e9 a democracia de toda a vida em interconex\u00e3o e em participa\u00e7\u00e3o.<\/p>\n<p><strong>8. Considera\u00e7\u00e3o e cuidado com os direitos das futuras gera\u00e7\u00f5es<\/strong><\/p>\n<p>Os princ\u00edpios das economias do cuidado s\u00e3o fundados no princ\u00edpio vision\u00e1rio da S\u00e9tima Gera\u00e7\u00e3o da Confedera\u00e7\u00e3o dos Iroqueses \u2014 civiliza\u00e7\u00e3o pr\u00e9-colombiana e confedera\u00e7\u00e3o tribal muito poderosa que existiu no nordeste da Am\u00e9rica do Norte, a mais antiga democracia participativa viva \u2014, onde o princ\u00edpio orientador de todas as pol\u00edticas \u00e9 a considera\u00e7\u00e3o e o cuidado das pr\u00f3ximas sete gera\u00e7\u00f5es.<\/p>\n<p>O princ\u00edpio manifesta que &#8220;em todas as nossas delibera\u00e7\u00f5es, devemos considerar o impacto de nossas decis\u00f5es sobre as pr\u00f3ximas sete gera\u00e7\u00f5es&#8221;.<\/p>\n<p><strong>9. Da guerra e dos conflitos \u00e0 paz e harmonia<\/strong><\/p>\n<p>A gan\u00e2ncia e a competi\u00e7\u00e3o criam conflitos por recursos, guerras por recursos da Terra e guerras que destroem o planeta.<\/p>\n<p>Para evitar o colapso ecol\u00f3gico e a extin\u00e7\u00e3o de esp\u00e9cies, precisamos parar a guerra contra a Terra e fazer as pazes com o planeta, trabalhando de acordo com as leis da ecologia, respeitando as fronteiras planet\u00e1rias e os direitos de todas as esp\u00e9cies e de todos os seres humanos, em harmonia como um todo.<\/p>\n<p>A paz com a Terra ser\u00e1 poss\u00edvel atrav\u00e9s dos cuidados com o planeta, da regenera\u00e7\u00e3o e da cura de ciclos interrompidos e de sociedades destro\u00e7adas. N\u00e3o tirar mais do que precisamos \u00e9 um ato de paz. Cuidar e compartilhar os dons da Terra s\u00e3o o caminho para a paz.<\/p>\n<hr \/>\n<p><em>Traduzido do ingl\u00eas por Gra\u00e7a Pinheiro \/ Revisado por Jos\u00e9 Luiz Corr\u00eaa<\/em><\/p>\n","protected":false},"excerpt":{"rendered":"<p>Por ocasi\u00e3o do Dia Mundial do Meio Ambiente, em 5 de junho de 2022, a ativista ambiental, ecofeminista e cr\u00edtica da globaliza\u00e7\u00e3o, Vandana Shiva, publicou o Manifesto sobre a economia do cuidado e a democracia da Terra. A publica\u00e7\u00e3o ocorreu&hellip;<\/p>\n","protected":false},"author":1870,"featured_media":1624075,"comment_status":"closed","ping_status":"closed","sticky":false,"template":"","format":"standard","meta":{"footnotes":""},"categories":[1255,115,118,42,1256],"tags":[83570,26419,70739,103806,5917,103805,92628,103807,975,5106,88228],"class_list":["post-1626574","post","type-post","status-publish","format-standard","has-post-thumbnail","hentry","category-diversidade","category-ecologia-e-meio-ambiente","category-economia-pt-pt","category-internacional-2","category-nao-violencia","tag-bens-comuns","tag-biodiversidade","tag-cooperacao","tag-cura-pt-pt","tag-democracia-pt-pt","tag-descentralizacao","tag-dia-mundial-do-meio-ambiente","tag-economia-circular-pt-pt","tag-paz-pt-pt","tag-saude-2","tag-vandana-shiva-pt-pt"],"yoast_head":"<!-- This site is optimized with the Yoast SEO plugin v27.1.1 - https:\/\/yoast.com\/product\/yoast-seo-wordpress\/ -->\n<title>Manifesto sobre as economias do cuidado e a democracia na Terra<\/title>\n<meta name=\"description\" content=\"Por ocasi\u00e3o do Dia Mundial do Meio Ambiente, em 5 de junho de 2022, a ativista ambiental, ecofeminista e cr\u00edtica da globaliza\u00e7\u00e3o, Vandana Shiva, publicou\" \/>\n<meta name=\"robots\" content=\"index, follow, max-snippet:-1, max-image-preview:large, max-video-preview:-1\" \/>\n<link rel=\"canonical\" href=\"https:\/\/www.pressenza.com\/pt-pt\/2022\/07\/manifesto-sobre-as-economias-do-cuidado-e-a-democracia-na-terra\/\" \/>\n<meta property=\"og:locale\" content=\"pt_PT\" \/>\n<meta property=\"og:type\" content=\"article\" \/>\n<meta property=\"og:title\" content=\"Manifesto sobre as economias do cuidado e a democracia na Terra\" \/>\n<meta property=\"og:description\" content=\"Por ocasi\u00e3o do Dia Mundial do Meio Ambiente, em 5 de junho de 2022, a ativista ambiental, ecofeminista e cr\u00edtica da globaliza\u00e7\u00e3o, Vandana Shiva, publicou\" \/>\n<meta property=\"og:url\" content=\"https:\/\/www.pressenza.com\/pt-pt\/2022\/07\/manifesto-sobre-as-economias-do-cuidado-e-a-democracia-na-terra\/\" \/>\n<meta property=\"og:site_name\" content=\"Pressenza\" \/>\n<meta property=\"article:publisher\" content=\"https:\/\/www.facebook.com\/PressenzaItalia\" \/>\n<meta property=\"article:author\" content=\"https:\/\/www.facebook.com\/navdanyainternational\/\" \/>\n<meta property=\"article:published_time\" content=\"2022-07-19T22:02:05+00:00\" \/>\n<meta property=\"og:image\" content=\"https:\/\/www.pressenza.com\/wp-content\/uploads\/2022\/07\/Manifest-Navdanya-International.jpg\" \/>\n\t<meta property=\"og:image:width\" content=\"755\" \/>\n\t<meta property=\"og:image:height\" content=\"745\" \/>\n\t<meta property=\"og:image:type\" content=\"image\/jpeg\" \/>\n<meta name=\"author\" content=\"Navdanya International\" \/>\n<meta name=\"twitter:card\" content=\"summary_large_image\" \/>\n<meta name=\"twitter:creator\" content=\"@NavdanyaInt\" \/>\n<meta name=\"twitter:site\" content=\"@PressenzaIPA\" \/>\n<meta name=\"twitter:label1\" content=\"Escrito por\" \/>\n\t<meta name=\"twitter:data1\" content=\"Navdanya International\" \/>\n\t<meta name=\"twitter:label2\" content=\"Tempo estimado de leitura\" \/>\n\t<meta name=\"twitter:data2\" content=\"7 minutos\" \/>\n<script type=\"application\/ld+json\" class=\"yoast-schema-graph\">{\"@context\":\"https:\/\/schema.org\",\"@graph\":[{\"@type\":\"Article\",\"@id\":\"https:\/\/www.pressenza.com\/pt-pt\/2022\/07\/manifesto-sobre-as-economias-do-cuidado-e-a-democracia-na-terra\/#article\",\"isPartOf\":{\"@id\":\"https:\/\/www.pressenza.com\/pt-pt\/2022\/07\/manifesto-sobre-as-economias-do-cuidado-e-a-democracia-na-terra\/\"},\"author\":{\"name\":\"Navdanya International\",\"@id\":\"https:\/\/www.pressenza.com\/pt-pt\/#\/schema\/person\/6fd65d90643c2d51c91f9c70b7613ebe\"},\"headline\":\"Manifesto sobre as economias do cuidado e a democracia na Terra\",\"datePublished\":\"2022-07-19T22:02:05+00:00\",\"mainEntityOfPage\":{\"@id\":\"https:\/\/www.pressenza.com\/pt-pt\/2022\/07\/manifesto-sobre-as-economias-do-cuidado-e-a-democracia-na-terra\/\"},\"wordCount\":1637,\"publisher\":{\"@id\":\"https:\/\/www.pressenza.com\/pt-pt\/#organization\"},\"image\":{\"@id\":\"https:\/\/www.pressenza.com\/pt-pt\/2022\/07\/manifesto-sobre-as-economias-do-cuidado-e-a-democracia-na-terra\/#primaryimage\"},\"thumbnailUrl\":\"https:\/\/www.pressenza.com\/wp-content\/uploads\/2022\/07\/Manifest-Navdanya-International.jpg\",\"keywords\":[\"bens comuns\",\"biodiversidade\",\"coopera\u00e7\u00e3o\",\"cura\",\"Democracia\",\"descentraliza\u00e7\u00e3o\",\"Dia Mundial do Meio Ambiente\",\"econom\u00eda circular\",\"Paz\",\"saude\",\"vandana shiva\"],\"articleSection\":[\"Diversidade\",\"Ecologia e Meio Ambiente\",\"Economia\",\"Internacional\",\"N\u00e3o viol\u00eancia\"],\"inLanguage\":\"pt-PT\"},{\"@type\":\"WebPage\",\"@id\":\"https:\/\/www.pressenza.com\/pt-pt\/2022\/07\/manifesto-sobre-as-economias-do-cuidado-e-a-democracia-na-terra\/\",\"url\":\"https:\/\/www.pressenza.com\/pt-pt\/2022\/07\/manifesto-sobre-as-economias-do-cuidado-e-a-democracia-na-terra\/\",\"name\":\"Manifesto sobre as economias do cuidado e a democracia na Terra\",\"isPartOf\":{\"@id\":\"https:\/\/www.pressenza.com\/pt-pt\/#website\"},\"primaryImageOfPage\":{\"@id\":\"https:\/\/www.pressenza.com\/pt-pt\/2022\/07\/manifesto-sobre-as-economias-do-cuidado-e-a-democracia-na-terra\/#primaryimage\"},\"image\":{\"@id\":\"https:\/\/www.pressenza.com\/pt-pt\/2022\/07\/manifesto-sobre-as-economias-do-cuidado-e-a-democracia-na-terra\/#primaryimage\"},\"thumbnailUrl\":\"https:\/\/www.pressenza.com\/wp-content\/uploads\/2022\/07\/Manifest-Navdanya-International.jpg\",\"datePublished\":\"2022-07-19T22:02:05+00:00\",\"description\":\"Por ocasi\u00e3o do Dia Mundial do Meio Ambiente, em 5 de junho de 2022, a ativista ambiental, ecofeminista e cr\u00edtica da globaliza\u00e7\u00e3o, Vandana Shiva, publicou\",\"breadcrumb\":{\"@id\":\"https:\/\/www.pressenza.com\/pt-pt\/2022\/07\/manifesto-sobre-as-economias-do-cuidado-e-a-democracia-na-terra\/#breadcrumb\"},\"inLanguage\":\"pt-PT\",\"potentialAction\":[{\"@type\":\"ReadAction\",\"target\":[\"https:\/\/www.pressenza.com\/pt-pt\/2022\/07\/manifesto-sobre-as-economias-do-cuidado-e-a-democracia-na-terra\/\"]}]},{\"@type\":\"ImageObject\",\"inLanguage\":\"pt-PT\",\"@id\":\"https:\/\/www.pressenza.com\/pt-pt\/2022\/07\/manifesto-sobre-as-economias-do-cuidado-e-a-democracia-na-terra\/#primaryimage\",\"url\":\"https:\/\/www.pressenza.com\/wp-content\/uploads\/2022\/07\/Manifest-Navdanya-International.jpg\",\"contentUrl\":\"https:\/\/www.pressenza.com\/wp-content\/uploads\/2022\/07\/Manifest-Navdanya-International.jpg\",\"width\":755,\"height\":745,\"caption\":\"Manifest zu \u00d6konomien der F\u00fcrsorge und Erddemokratie\"},{\"@type\":\"BreadcrumbList\",\"@id\":\"https:\/\/www.pressenza.com\/pt-pt\/2022\/07\/manifesto-sobre-as-economias-do-cuidado-e-a-democracia-na-terra\/#breadcrumb\",\"itemListElement\":[{\"@type\":\"ListItem\",\"position\":1,\"name\":\"Accueil\",\"item\":\"https:\/\/www.pressenza.com\/pt-pt\/\"},{\"@type\":\"ListItem\",\"position\":2,\"name\":\"Manifesto sobre as economias do cuidado e a democracia na Terra\"}]},{\"@type\":\"WebSite\",\"@id\":\"https:\/\/www.pressenza.com\/pt-pt\/#website\",\"url\":\"https:\/\/www.pressenza.com\/pt-pt\/\",\"name\":\"Pressenza\",\"description\":\"International Press Agency\",\"publisher\":{\"@id\":\"https:\/\/www.pressenza.com\/pt-pt\/#organization\"},\"potentialAction\":[{\"@type\":\"SearchAction\",\"target\":{\"@type\":\"EntryPoint\",\"urlTemplate\":\"https:\/\/www.pressenza.com\/pt-pt\/?s={search_term_string}\"},\"query-input\":{\"@type\":\"PropertyValueSpecification\",\"valueRequired\":true,\"valueName\":\"search_term_string\"}}],\"inLanguage\":\"pt-PT\"},{\"@type\":\"Organization\",\"@id\":\"https:\/\/www.pressenza.com\/pt-pt\/#organization\",\"name\":\"Pressenza\",\"url\":\"https:\/\/www.pressenza.com\/pt-pt\/\",\"logo\":{\"@type\":\"ImageObject\",\"inLanguage\":\"pt-PT\",\"@id\":\"https:\/\/www.pressenza.com\/pt-pt\/#\/schema\/logo\/image\/\",\"url\":\"https:\/\/www.pressenza.com\/wp-content\/uploads\/2022\/10\/pressenza_logo_200x200.jpg\",\"contentUrl\":\"https:\/\/www.pressenza.com\/wp-content\/uploads\/2022\/10\/pressenza_logo_200x200.jpg\",\"width\":200,\"height\":200,\"caption\":\"Pressenza\"},\"image\":{\"@id\":\"https:\/\/www.pressenza.com\/pt-pt\/#\/schema\/logo\/image\/\"},\"sameAs\":[\"https:\/\/www.facebook.com\/PressenzaItalia\",\"https:\/\/x.com\/PressenzaIPA\"]},{\"@type\":\"Person\",\"@id\":\"https:\/\/www.pressenza.com\/pt-pt\/#\/schema\/person\/6fd65d90643c2d51c91f9c70b7613ebe\",\"name\":\"Navdanya International\",\"description\":\"L'Associazione Navdanya International - Onlus\u00a0\u00e8 stata creata in Italia nel 2011 allo scopo di sostenere la missione di Navdanya a livello internazionale. L\u2019organizzazione promuove un nuovo paradigma agricolo ed economico, una cultura del \u201ccibo come salute\u201d, in cui prevalgono la responsabilit\u00e0 ecologica e la giustizia economica. Fra gli obiettivi dell\u2019organizzazione emergono la protezione della natura e della biodiversit\u00e0, la difesa delle culture e delle conoscenze indigene e tradizionali, la difesa del diritto dei consumatori ad\u00a0un'alimentazione sana e libera da veleni, la tutela del diritto degli agricoltori e dei cittadini comuni di conservare, scambiare, coltivare e selezionare\u00a0liberamente i semi, nonch\u00e9 il riscatto dei\u00a0beni comuni\u00a0come fondamento di un rinnovato senso di comunit\u00e0, solidariet\u00e0 e di una cultura di pace. Le campagne internazionali, il coordinamento di incontri, dibattiti e conferenze e le campagne politiche di Navdanya International sono incentrate sull\u2019analisi del contesto dei sistemi agro-alimentari e del loro stretto legame con le condizioni del suolo, della biodiversit\u00e0 e degli ecosistemi, con la resilienza climatica e la giustizia sociale.\",\"sameAs\":[\"http:\/\/navdanyainternational.org\/it\",\"https:\/\/www.facebook.com\/navdanyainternational\/\",\"https:\/\/www.instagram.com\/navdanyainternational\/\",\"https:\/\/x.com\/NavdanyaInt\",\"https:\/\/twitter.com\/NavdanyaInt\"],\"url\":\"https:\/\/www.pressenza.com\/pt-pt\/author\/navdanya-international\/\"}]}<\/script>\n<!-- \/ Yoast SEO plugin. -->","yoast_head_json":{"title":"Manifesto sobre as economias do cuidado e a democracia na Terra","description":"Por ocasi\u00e3o do Dia Mundial do Meio Ambiente, em 5 de junho de 2022, a ativista ambiental, ecofeminista e cr\u00edtica da globaliza\u00e7\u00e3o, Vandana Shiva, publicou","robots":{"index":"index","follow":"follow","max-snippet":"max-snippet:-1","max-image-preview":"max-image-preview:large","max-video-preview":"max-video-preview:-1"},"canonical":"https:\/\/www.pressenza.com\/pt-pt\/2022\/07\/manifesto-sobre-as-economias-do-cuidado-e-a-democracia-na-terra\/","og_locale":"pt_PT","og_type":"article","og_title":"Manifesto sobre as economias do cuidado e a democracia na Terra","og_description":"Por ocasi\u00e3o do Dia Mundial do Meio Ambiente, em 5 de junho de 2022, a ativista ambiental, ecofeminista e cr\u00edtica da globaliza\u00e7\u00e3o, Vandana Shiva, publicou","og_url":"https:\/\/www.pressenza.com\/pt-pt\/2022\/07\/manifesto-sobre-as-economias-do-cuidado-e-a-democracia-na-terra\/","og_site_name":"Pressenza","article_publisher":"https:\/\/www.facebook.com\/PressenzaItalia","article_author":"https:\/\/www.facebook.com\/navdanyainternational\/","article_published_time":"2022-07-19T22:02:05+00:00","og_image":[{"width":755,"height":745,"url":"https:\/\/www.pressenza.com\/wp-content\/uploads\/2022\/07\/Manifest-Navdanya-International.jpg","type":"image\/jpeg"}],"author":"Navdanya International","twitter_card":"summary_large_image","twitter_creator":"@NavdanyaInt","twitter_site":"@PressenzaIPA","twitter_misc":{"Escrito por":"Navdanya International","Tempo estimado de leitura":"7 minutos"},"schema":{"@context":"https:\/\/schema.org","@graph":[{"@type":"Article","@id":"https:\/\/www.pressenza.com\/pt-pt\/2022\/07\/manifesto-sobre-as-economias-do-cuidado-e-a-democracia-na-terra\/#article","isPartOf":{"@id":"https:\/\/www.pressenza.com\/pt-pt\/2022\/07\/manifesto-sobre-as-economias-do-cuidado-e-a-democracia-na-terra\/"},"author":{"name":"Navdanya International","@id":"https:\/\/www.pressenza.com\/pt-pt\/#\/schema\/person\/6fd65d90643c2d51c91f9c70b7613ebe"},"headline":"Manifesto sobre as economias do cuidado e a democracia na Terra","datePublished":"2022-07-19T22:02:05+00:00","mainEntityOfPage":{"@id":"https:\/\/www.pressenza.com\/pt-pt\/2022\/07\/manifesto-sobre-as-economias-do-cuidado-e-a-democracia-na-terra\/"},"wordCount":1637,"publisher":{"@id":"https:\/\/www.pressenza.com\/pt-pt\/#organization"},"image":{"@id":"https:\/\/www.pressenza.com\/pt-pt\/2022\/07\/manifesto-sobre-as-economias-do-cuidado-e-a-democracia-na-terra\/#primaryimage"},"thumbnailUrl":"https:\/\/www.pressenza.com\/wp-content\/uploads\/2022\/07\/Manifest-Navdanya-International.jpg","keywords":["bens comuns","biodiversidade","coopera\u00e7\u00e3o","cura","Democracia","descentraliza\u00e7\u00e3o","Dia Mundial do Meio Ambiente","econom\u00eda circular","Paz","saude","vandana shiva"],"articleSection":["Diversidade","Ecologia e Meio Ambiente","Economia","Internacional","N\u00e3o viol\u00eancia"],"inLanguage":"pt-PT"},{"@type":"WebPage","@id":"https:\/\/www.pressenza.com\/pt-pt\/2022\/07\/manifesto-sobre-as-economias-do-cuidado-e-a-democracia-na-terra\/","url":"https:\/\/www.pressenza.com\/pt-pt\/2022\/07\/manifesto-sobre-as-economias-do-cuidado-e-a-democracia-na-terra\/","name":"Manifesto sobre as economias do cuidado e a democracia na Terra","isPartOf":{"@id":"https:\/\/www.pressenza.com\/pt-pt\/#website"},"primaryImageOfPage":{"@id":"https:\/\/www.pressenza.com\/pt-pt\/2022\/07\/manifesto-sobre-as-economias-do-cuidado-e-a-democracia-na-terra\/#primaryimage"},"image":{"@id":"https:\/\/www.pressenza.com\/pt-pt\/2022\/07\/manifesto-sobre-as-economias-do-cuidado-e-a-democracia-na-terra\/#primaryimage"},"thumbnailUrl":"https:\/\/www.pressenza.com\/wp-content\/uploads\/2022\/07\/Manifest-Navdanya-International.jpg","datePublished":"2022-07-19T22:02:05+00:00","description":"Por ocasi\u00e3o do Dia Mundial do Meio Ambiente, em 5 de junho de 2022, a ativista ambiental, ecofeminista e cr\u00edtica da globaliza\u00e7\u00e3o, Vandana Shiva, publicou","breadcrumb":{"@id":"https:\/\/www.pressenza.com\/pt-pt\/2022\/07\/manifesto-sobre-as-economias-do-cuidado-e-a-democracia-na-terra\/#breadcrumb"},"inLanguage":"pt-PT","potentialAction":[{"@type":"ReadAction","target":["https:\/\/www.pressenza.com\/pt-pt\/2022\/07\/manifesto-sobre-as-economias-do-cuidado-e-a-democracia-na-terra\/"]}]},{"@type":"ImageObject","inLanguage":"pt-PT","@id":"https:\/\/www.pressenza.com\/pt-pt\/2022\/07\/manifesto-sobre-as-economias-do-cuidado-e-a-democracia-na-terra\/#primaryimage","url":"https:\/\/www.pressenza.com\/wp-content\/uploads\/2022\/07\/Manifest-Navdanya-International.jpg","contentUrl":"https:\/\/www.pressenza.com\/wp-content\/uploads\/2022\/07\/Manifest-Navdanya-International.jpg","width":755,"height":745,"caption":"Manifest zu \u00d6konomien der F\u00fcrsorge und Erddemokratie"},{"@type":"BreadcrumbList","@id":"https:\/\/www.pressenza.com\/pt-pt\/2022\/07\/manifesto-sobre-as-economias-do-cuidado-e-a-democracia-na-terra\/#breadcrumb","itemListElement":[{"@type":"ListItem","position":1,"name":"Accueil","item":"https:\/\/www.pressenza.com\/pt-pt\/"},{"@type":"ListItem","position":2,"name":"Manifesto sobre as economias do cuidado e a democracia na Terra"}]},{"@type":"WebSite","@id":"https:\/\/www.pressenza.com\/pt-pt\/#website","url":"https:\/\/www.pressenza.com\/pt-pt\/","name":"Pressenza","description":"International Press Agency","publisher":{"@id":"https:\/\/www.pressenza.com\/pt-pt\/#organization"},"potentialAction":[{"@type":"SearchAction","target":{"@type":"EntryPoint","urlTemplate":"https:\/\/www.pressenza.com\/pt-pt\/?s={search_term_string}"},"query-input":{"@type":"PropertyValueSpecification","valueRequired":true,"valueName":"search_term_string"}}],"inLanguage":"pt-PT"},{"@type":"Organization","@id":"https:\/\/www.pressenza.com\/pt-pt\/#organization","name":"Pressenza","url":"https:\/\/www.pressenza.com\/pt-pt\/","logo":{"@type":"ImageObject","inLanguage":"pt-PT","@id":"https:\/\/www.pressenza.com\/pt-pt\/#\/schema\/logo\/image\/","url":"https:\/\/www.pressenza.com\/wp-content\/uploads\/2022\/10\/pressenza_logo_200x200.jpg","contentUrl":"https:\/\/www.pressenza.com\/wp-content\/uploads\/2022\/10\/pressenza_logo_200x200.jpg","width":200,"height":200,"caption":"Pressenza"},"image":{"@id":"https:\/\/www.pressenza.com\/pt-pt\/#\/schema\/logo\/image\/"},"sameAs":["https:\/\/www.facebook.com\/PressenzaItalia","https:\/\/x.com\/PressenzaIPA"]},{"@type":"Person","@id":"https:\/\/www.pressenza.com\/pt-pt\/#\/schema\/person\/6fd65d90643c2d51c91f9c70b7613ebe","name":"Navdanya International","description":"L'Associazione Navdanya International - Onlus\u00a0\u00e8 stata creata in Italia nel 2011 allo scopo di sostenere la missione di Navdanya a livello internazionale. L\u2019organizzazione promuove un nuovo paradigma agricolo ed economico, una cultura del \u201ccibo come salute\u201d, in cui prevalgono la responsabilit\u00e0 ecologica e la giustizia economica. Fra gli obiettivi dell\u2019organizzazione emergono la protezione della natura e della biodiversit\u00e0, la difesa delle culture e delle conoscenze indigene e tradizionali, la difesa del diritto dei consumatori ad\u00a0un'alimentazione sana e libera da veleni, la tutela del diritto degli agricoltori e dei cittadini comuni di conservare, scambiare, coltivare e selezionare\u00a0liberamente i semi, nonch\u00e9 il riscatto dei\u00a0beni comuni\u00a0come fondamento di un rinnovato senso di comunit\u00e0, solidariet\u00e0 e di una cultura di pace. Le campagne internazionali, il coordinamento di incontri, dibattiti e conferenze e le campagne politiche di Navdanya International sono incentrate sull\u2019analisi del contesto dei sistemi agro-alimentari e del loro stretto legame con le condizioni del suolo, della biodiversit\u00e0 e degli ecosistemi, con la resilienza climatica e la giustizia sociale.","sameAs":["http:\/\/navdanyainternational.org\/it","https:\/\/www.facebook.com\/navdanyainternational\/","https:\/\/www.instagram.com\/navdanyainternational\/","https:\/\/x.com\/NavdanyaInt","https:\/\/twitter.com\/NavdanyaInt"],"url":"https:\/\/www.pressenza.com\/pt-pt\/author\/navdanya-international\/"}]}},"place":"","original_article_url":"https:\/\/navdanyainternational.org\/publications\/manifesto-on-economies-of-care-and-earth-democracy\/","_links":{"self":[{"href":"https:\/\/www.pressenza.com\/pt-pt\/wp-json\/wp\/v2\/posts\/1626574","targetHints":{"allow":["GET"]}}],"collection":[{"href":"https:\/\/www.pressenza.com\/pt-pt\/wp-json\/wp\/v2\/posts"}],"about":[{"href":"https:\/\/www.pressenza.com\/pt-pt\/wp-json\/wp\/v2\/types\/post"}],"author":[{"embeddable":true,"href":"https:\/\/www.pressenza.com\/pt-pt\/wp-json\/wp\/v2\/users\/1870"}],"replies":[{"embeddable":true,"href":"https:\/\/www.pressenza.com\/pt-pt\/wp-json\/wp\/v2\/comments?post=1626574"}],"version-history":[{"count":0,"href":"https:\/\/www.pressenza.com\/pt-pt\/wp-json\/wp\/v2\/posts\/1626574\/revisions"}],"wp:featuredmedia":[{"embeddable":true,"href":"https:\/\/www.pressenza.com\/pt-pt\/wp-json\/wp\/v2\/media\/1624075"}],"wp:attachment":[{"href":"https:\/\/www.pressenza.com\/pt-pt\/wp-json\/wp\/v2\/media?parent=1626574"}],"wp:term":[{"taxonomy":"category","embeddable":true,"href":"https:\/\/www.pressenza.com\/pt-pt\/wp-json\/wp\/v2\/categories?post=1626574"},{"taxonomy":"post_tag","embeddable":true,"href":"https:\/\/www.pressenza.com\/pt-pt\/wp-json\/wp\/v2\/tags?post=1626574"}],"curies":[{"name":"wp","href":"https:\/\/api.w.org\/{rel}","templated":true}]}}