{"id":1624445,"date":"2022-07-14T02:18:22","date_gmt":"2022-07-14T01:18:22","guid":{"rendered":"https:\/\/www.pressenza.com\/?p=1624445"},"modified":"2022-07-14T02:18:22","modified_gmt":"2022-07-14T01:18:22","slug":"argelinos-perdidos-no-oceano-o-risco-a-suas-vidas","status":"publish","type":"post","link":"https:\/\/www.pressenza.com\/pt-pt\/2022\/07\/argelinos-perdidos-no-oceano-o-risco-a-suas-vidas\/","title":{"rendered":"Argelinos perdidos no oceano: o risco a suas vidas"},"content":{"rendered":"<p style=\"padding-left: 40px;\">Desde 2021, mais de 400 \u201charraga\u201d argelinos desapareceram no oceano, o ano mais sombrio para os \u201charraga\u201d argelinos (Harrag, no singular, em \u00e1rabe argelino significa \u201caqueles que queimam\u201d); estes, cruzam o Mar Mediterr\u00e2neo em barcos pequenos procurando alcan\u00e7ar o litoral sul da Europa. Os sortudos chegar\u00e3o s\u00e3os e salvos, mas alguns se afogar\u00e3o e outros desaparecer\u00e3o, sem que seus entes queridos possam ficar de luto.<\/p>\n<p>Segundo a organiza\u00e7\u00e3o espanhola CIPIMD, se centenas de jovens conseguiram alcan\u00e7ar o litoral espanhol, muitos outros, por outro lado, n\u00e3o deram sinal de vida. No entanto, esse panorama \u00e9 s\u00f3 uma estimativa m\u00ednima, j\u00e1 que a maioria das pessoas desaparecidas n\u00e3o s\u00e3o registradas. Esses dados n\u00e3o somente enfatizam o problema dos argelinos desaparecidos e as consequ\u00eancias para as fam\u00edlias que ficaram para tr\u00e1s no pa\u00eds de origem, mas tamb\u00e9m possibilita avaliar os riscos da migra\u00e7\u00e3o ilegal.<\/p>\n<p>O desespero crescente \u00e9 sentido por uma juventude frustrada e iludida. Este fen\u00f4meno estende-se cada vez mais na sociedade cabila, na qual os jovens t\u00eam a rara capacidade de construir sua identidade e de tentar realizar seus sonhos, mesmo correndo risco de vida. Segundo a Liga da Arg\u00e9lia para a Defesa dos Direitos Humanos (LADDH), foram identificadas v\u00e1rias fam\u00edlias dos desaparecidos, origin\u00e1rias da Cab\u00edlia, em particular de Tizi-Ouzou, 16 jovens (13 de B\u00e9ni Douala, 1 de Boghni e 2 de Zemmouri).<\/p>\n<p>Essas fam\u00edlias n\u00e3o t\u00eam nenhuma not\u00edcia de seus filhos, choram sem eles, consolam-se com a ideia de que seus filhos ainda estejam vivos. Infelizmente, as autoridades argelinas n\u00e3o informam sobre esse assunto, \u00e9 imposs\u00edvel para o Estado saber o que aconteceu com esses jovens que n\u00e3o deram nenhum sinal de vida, e essas mesmas autoridades n\u00e3o revelam nenhum dado sobre o fen\u00f4meno.<\/p>\n<p>As autoridades argelinas devem \u201cagir rapidamente\u201d para controlar esse fen\u00f4meno; e n\u00e3o por meio da repress\u00e3o, das pris\u00f5es descontroladas e nem aumentando a conscientiza\u00e7\u00e3o por meio das f\u00e1tuas religiosas, mas sim \u201cmelhorando\u201d as vidas dos argelinos e provendo \u201cmais oportunidades\u201d para o sucesso, e \u201cmais liberdade\u201d atrav\u00e9s do respeito \u00e0s vozes das pessoas, restaurando a confian\u00e7a entre as pessoas e as autoridades; \u00e9 essencial p\u00f4r um fim a esse pesadelo.<\/p>\n<hr \/>\n<p><em>Tradu\u00e7\u00e3o do ingl\u00eas: Edmundo Dantez \/ Revis\u00e3o: Doralice Silva<\/em><\/p>\n","protected":false},"excerpt":{"rendered":"<p>Desde 2021, mais de 400 \u201charraga\u201d argelinos desapareceram no oceano, o ano mais sombrio para os \u201charraga\u201d argelinos (Harrag, no singular, em \u00e1rabe argelino significa \u201caqueles que queimam\u201d); estes, cruzam o Mar Mediterr\u00e2neo em barcos pequenos procurando alcan\u00e7ar o litoral&hellip;<\/p>\n","protected":false},"author":1885,"featured_media":1621337,"comment_status":"closed","ping_status":"closed","sticky":false,"template":"","format":"standard","meta":{"footnotes":""},"categories":[37,11390,116],"tags":[82197,103640,15633,60921],"class_list":["post-1624445","post","type-post","status-publish","format-standard","has-post-thumbnail","hentry","category-africa-pt","category-conteudo-original","category-direitos-humanos","tag-cabilia-pt-pt","tag-desaparecidos-no-oceano","tag-migrantes","tag-pessoas-desaparecidas"],"yoast_head":"<!-- This site is optimized with the Yoast SEO plugin v27.1.1 - https:\/\/yoast.com\/product\/yoast-seo-wordpress\/ -->\n<title>Argelinos perdidos no oceano: o risco a suas vidas<\/title>\n<meta name=\"description\" content=\"Desde 2021, mais de 400 \u201charraga\u201d argelinos desapareceram no oceano, o ano mais sombrio para os \u201charraga\u201d argelinos (Harrag, no singular, em \u00e1rabe\" \/>\n<meta name=\"robots\" content=\"index, follow, max-snippet:-1, max-image-preview:large, max-video-preview:-1\" \/>\n<link rel=\"canonical\" href=\"https:\/\/www.pressenza.com\/pt-pt\/2022\/07\/argelinos-perdidos-no-oceano-o-risco-a-suas-vidas\/\" \/>\n<meta property=\"og:locale\" content=\"pt_PT\" \/>\n<meta property=\"og:type\" content=\"article\" \/>\n<meta property=\"og:title\" content=\"Argelinos perdidos no oceano: o risco a suas vidas\" \/>\n<meta property=\"og:description\" content=\"Desde 2021, mais de 400 \u201charraga\u201d argelinos desapareceram no oceano, o ano mais sombrio para os \u201charraga\u201d argelinos (Harrag, no singular, em \u00e1rabe\" \/>\n<meta property=\"og:url\" content=\"https:\/\/www.pressenza.com\/pt-pt\/2022\/07\/argelinos-perdidos-no-oceano-o-risco-a-suas-vidas\/\" \/>\n<meta property=\"og:site_name\" content=\"Pressenza\" \/>\n<meta property=\"article:publisher\" content=\"https:\/\/www.facebook.com\/PressenzaItalia\" \/>\n<meta property=\"article:published_time\" content=\"2022-07-14T01:18:22+00:00\" \/>\n<meta property=\"og:image\" content=\"https:\/\/www.pressenza.com\/wp-content\/uploads\/2022\/07\/L-Ayache.jpg\" \/>\n\t<meta property=\"og:image:width\" content=\"936\" \/>\n\t<meta property=\"og:image:height\" content=\"444\" \/>\n\t<meta property=\"og:image:type\" content=\"image\/jpeg\" \/>\n<meta name=\"author\" content=\"Rabah Arkam\" \/>\n<meta name=\"twitter:card\" content=\"summary_large_image\" \/>\n<meta name=\"twitter:creator\" content=\"@PressenzaIPA\" \/>\n<meta name=\"twitter:site\" content=\"@PressenzaIPA\" \/>\n<meta name=\"twitter:label1\" content=\"Escrito por\" \/>\n\t<meta name=\"twitter:data1\" content=\"Rabah Arkam\" \/>\n\t<meta name=\"twitter:label2\" content=\"Tempo estimado de leitura\" \/>\n\t<meta name=\"twitter:data2\" content=\"2 minutos\" \/>\n<script type=\"application\/ld+json\" class=\"yoast-schema-graph\">{\"@context\":\"https:\/\/schema.org\",\"@graph\":[{\"@type\":\"Article\",\"@id\":\"https:\/\/www.pressenza.com\/pt-pt\/2022\/07\/argelinos-perdidos-no-oceano-o-risco-a-suas-vidas\/#article\",\"isPartOf\":{\"@id\":\"https:\/\/www.pressenza.com\/pt-pt\/2022\/07\/argelinos-perdidos-no-oceano-o-risco-a-suas-vidas\/\"},\"author\":{\"name\":\"Rabah Arkam\",\"@id\":\"https:\/\/www.pressenza.com\/pt-pt\/#\/schema\/person\/8731a6cc6cacc7cbfaa4129a24d0e058\"},\"headline\":\"Argelinos perdidos no oceano: o risco a suas vidas\",\"datePublished\":\"2022-07-14T01:18:22+00:00\",\"mainEntityOfPage\":{\"@id\":\"https:\/\/www.pressenza.com\/pt-pt\/2022\/07\/argelinos-perdidos-no-oceano-o-risco-a-suas-vidas\/\"},\"wordCount\":409,\"publisher\":{\"@id\":\"https:\/\/www.pressenza.com\/pt-pt\/#organization\"},\"image\":{\"@id\":\"https:\/\/www.pressenza.com\/pt-pt\/2022\/07\/argelinos-perdidos-no-oceano-o-risco-a-suas-vidas\/#primaryimage\"},\"thumbnailUrl\":\"https:\/\/www.pressenza.com\/wp-content\/uploads\/2022\/07\/L-Ayache.jpg\",\"keywords\":[\"Cabilia\",\"desaparecidos no oceano\",\"migrantes\",\"pessoas desaparecidas\"],\"articleSection\":[\"Africa\",\"Conte\u00fado Original\",\"Direitos Humanos\"],\"inLanguage\":\"pt-PT\"},{\"@type\":\"WebPage\",\"@id\":\"https:\/\/www.pressenza.com\/pt-pt\/2022\/07\/argelinos-perdidos-no-oceano-o-risco-a-suas-vidas\/\",\"url\":\"https:\/\/www.pressenza.com\/pt-pt\/2022\/07\/argelinos-perdidos-no-oceano-o-risco-a-suas-vidas\/\",\"name\":\"Argelinos perdidos no oceano: o risco a suas vidas\",\"isPartOf\":{\"@id\":\"https:\/\/www.pressenza.com\/pt-pt\/#website\"},\"primaryImageOfPage\":{\"@id\":\"https:\/\/www.pressenza.com\/pt-pt\/2022\/07\/argelinos-perdidos-no-oceano-o-risco-a-suas-vidas\/#primaryimage\"},\"image\":{\"@id\":\"https:\/\/www.pressenza.com\/pt-pt\/2022\/07\/argelinos-perdidos-no-oceano-o-risco-a-suas-vidas\/#primaryimage\"},\"thumbnailUrl\":\"https:\/\/www.pressenza.com\/wp-content\/uploads\/2022\/07\/L-Ayache.jpg\",\"datePublished\":\"2022-07-14T01:18:22+00:00\",\"description\":\"Desde 2021, mais de 400 \u201charraga\u201d argelinos desapareceram no oceano, o ano mais sombrio para os \u201charraga\u201d argelinos (Harrag, no singular, em \u00e1rabe\",\"breadcrumb\":{\"@id\":\"https:\/\/www.pressenza.com\/pt-pt\/2022\/07\/argelinos-perdidos-no-oceano-o-risco-a-suas-vidas\/#breadcrumb\"},\"inLanguage\":\"pt-PT\",\"potentialAction\":[{\"@type\":\"ReadAction\",\"target\":[\"https:\/\/www.pressenza.com\/pt-pt\/2022\/07\/argelinos-perdidos-no-oceano-o-risco-a-suas-vidas\/\"]}]},{\"@type\":\"ImageObject\",\"inLanguage\":\"pt-PT\",\"@id\":\"https:\/\/www.pressenza.com\/pt-pt\/2022\/07\/argelinos-perdidos-no-oceano-o-risco-a-suas-vidas\/#primaryimage\",\"url\":\"https:\/\/www.pressenza.com\/wp-content\/uploads\/2022\/07\/L-Ayache.jpg\",\"contentUrl\":\"https:\/\/www.pressenza.com\/wp-content\/uploads\/2022\/07\/L-Ayache.jpg\",\"width\":936,\"height\":444},{\"@type\":\"BreadcrumbList\",\"@id\":\"https:\/\/www.pressenza.com\/pt-pt\/2022\/07\/argelinos-perdidos-no-oceano-o-risco-a-suas-vidas\/#breadcrumb\",\"itemListElement\":[{\"@type\":\"ListItem\",\"position\":1,\"name\":\"Accueil\",\"item\":\"https:\/\/www.pressenza.com\/pt-pt\/\"},{\"@type\":\"ListItem\",\"position\":2,\"name\":\"Argelinos perdidos no oceano: o risco a suas vidas\"}]},{\"@type\":\"WebSite\",\"@id\":\"https:\/\/www.pressenza.com\/pt-pt\/#website\",\"url\":\"https:\/\/www.pressenza.com\/pt-pt\/\",\"name\":\"Pressenza\",\"description\":\"International Press Agency\",\"publisher\":{\"@id\":\"https:\/\/www.pressenza.com\/pt-pt\/#organization\"},\"potentialAction\":[{\"@type\":\"SearchAction\",\"target\":{\"@type\":\"EntryPoint\",\"urlTemplate\":\"https:\/\/www.pressenza.com\/pt-pt\/?s={search_term_string}\"},\"query-input\":{\"@type\":\"PropertyValueSpecification\",\"valueRequired\":true,\"valueName\":\"search_term_string\"}}],\"inLanguage\":\"pt-PT\"},{\"@type\":\"Organization\",\"@id\":\"https:\/\/www.pressenza.com\/pt-pt\/#organization\",\"name\":\"Pressenza\",\"url\":\"https:\/\/www.pressenza.com\/pt-pt\/\",\"logo\":{\"@type\":\"ImageObject\",\"inLanguage\":\"pt-PT\",\"@id\":\"https:\/\/www.pressenza.com\/pt-pt\/#\/schema\/logo\/image\/\",\"url\":\"https:\/\/www.pressenza.com\/wp-content\/uploads\/2022\/10\/pressenza_logo_200x200.jpg\",\"contentUrl\":\"https:\/\/www.pressenza.com\/wp-content\/uploads\/2022\/10\/pressenza_logo_200x200.jpg\",\"width\":200,\"height\":200,\"caption\":\"Pressenza\"},\"image\":{\"@id\":\"https:\/\/www.pressenza.com\/pt-pt\/#\/schema\/logo\/image\/\"},\"sameAs\":[\"https:\/\/www.facebook.com\/PressenzaItalia\",\"https:\/\/x.com\/PressenzaIPA\"]},{\"@type\":\"Person\",\"@id\":\"https:\/\/www.pressenza.com\/pt-pt\/#\/schema\/person\/8731a6cc6cacc7cbfaa4129a24d0e058\",\"name\":\"Rabah Arkam\",\"description\":\"Rabah Arkam is a human rights advocate known for promoting Amazigh identity, cultural rights, and democratic, secular reform in Algeria and North Africa.\",\"url\":\"https:\/\/www.pressenza.com\/pt-pt\/author\/rabah-arkam\/\"}]}<\/script>\n<!-- \/ Yoast SEO plugin. -->","yoast_head_json":{"title":"Argelinos perdidos no oceano: o risco a suas vidas","description":"Desde 2021, mais de 400 \u201charraga\u201d argelinos desapareceram no oceano, o ano mais sombrio para os \u201charraga\u201d argelinos (Harrag, no singular, em \u00e1rabe","robots":{"index":"index","follow":"follow","max-snippet":"max-snippet:-1","max-image-preview":"max-image-preview:large","max-video-preview":"max-video-preview:-1"},"canonical":"https:\/\/www.pressenza.com\/pt-pt\/2022\/07\/argelinos-perdidos-no-oceano-o-risco-a-suas-vidas\/","og_locale":"pt_PT","og_type":"article","og_title":"Argelinos perdidos no oceano: o risco a suas vidas","og_description":"Desde 2021, mais de 400 \u201charraga\u201d argelinos desapareceram no oceano, o ano mais sombrio para os \u201charraga\u201d argelinos (Harrag, no singular, em \u00e1rabe","og_url":"https:\/\/www.pressenza.com\/pt-pt\/2022\/07\/argelinos-perdidos-no-oceano-o-risco-a-suas-vidas\/","og_site_name":"Pressenza","article_publisher":"https:\/\/www.facebook.com\/PressenzaItalia","article_published_time":"2022-07-14T01:18:22+00:00","og_image":[{"width":936,"height":444,"url":"https:\/\/www.pressenza.com\/wp-content\/uploads\/2022\/07\/L-Ayache.jpg","type":"image\/jpeg"}],"author":"Rabah Arkam","twitter_card":"summary_large_image","twitter_creator":"@PressenzaIPA","twitter_site":"@PressenzaIPA","twitter_misc":{"Escrito por":"Rabah Arkam","Tempo estimado de leitura":"2 minutos"},"schema":{"@context":"https:\/\/schema.org","@graph":[{"@type":"Article","@id":"https:\/\/www.pressenza.com\/pt-pt\/2022\/07\/argelinos-perdidos-no-oceano-o-risco-a-suas-vidas\/#article","isPartOf":{"@id":"https:\/\/www.pressenza.com\/pt-pt\/2022\/07\/argelinos-perdidos-no-oceano-o-risco-a-suas-vidas\/"},"author":{"name":"Rabah Arkam","@id":"https:\/\/www.pressenza.com\/pt-pt\/#\/schema\/person\/8731a6cc6cacc7cbfaa4129a24d0e058"},"headline":"Argelinos perdidos no oceano: o risco a suas vidas","datePublished":"2022-07-14T01:18:22+00:00","mainEntityOfPage":{"@id":"https:\/\/www.pressenza.com\/pt-pt\/2022\/07\/argelinos-perdidos-no-oceano-o-risco-a-suas-vidas\/"},"wordCount":409,"publisher":{"@id":"https:\/\/www.pressenza.com\/pt-pt\/#organization"},"image":{"@id":"https:\/\/www.pressenza.com\/pt-pt\/2022\/07\/argelinos-perdidos-no-oceano-o-risco-a-suas-vidas\/#primaryimage"},"thumbnailUrl":"https:\/\/www.pressenza.com\/wp-content\/uploads\/2022\/07\/L-Ayache.jpg","keywords":["Cabilia","desaparecidos no oceano","migrantes","pessoas desaparecidas"],"articleSection":["Africa","Conte\u00fado Original","Direitos Humanos"],"inLanguage":"pt-PT"},{"@type":"WebPage","@id":"https:\/\/www.pressenza.com\/pt-pt\/2022\/07\/argelinos-perdidos-no-oceano-o-risco-a-suas-vidas\/","url":"https:\/\/www.pressenza.com\/pt-pt\/2022\/07\/argelinos-perdidos-no-oceano-o-risco-a-suas-vidas\/","name":"Argelinos perdidos no oceano: o risco a suas vidas","isPartOf":{"@id":"https:\/\/www.pressenza.com\/pt-pt\/#website"},"primaryImageOfPage":{"@id":"https:\/\/www.pressenza.com\/pt-pt\/2022\/07\/argelinos-perdidos-no-oceano-o-risco-a-suas-vidas\/#primaryimage"},"image":{"@id":"https:\/\/www.pressenza.com\/pt-pt\/2022\/07\/argelinos-perdidos-no-oceano-o-risco-a-suas-vidas\/#primaryimage"},"thumbnailUrl":"https:\/\/www.pressenza.com\/wp-content\/uploads\/2022\/07\/L-Ayache.jpg","datePublished":"2022-07-14T01:18:22+00:00","description":"Desde 2021, mais de 400 \u201charraga\u201d argelinos desapareceram no oceano, o ano mais sombrio para os \u201charraga\u201d argelinos (Harrag, no singular, em \u00e1rabe","breadcrumb":{"@id":"https:\/\/www.pressenza.com\/pt-pt\/2022\/07\/argelinos-perdidos-no-oceano-o-risco-a-suas-vidas\/#breadcrumb"},"inLanguage":"pt-PT","potentialAction":[{"@type":"ReadAction","target":["https:\/\/www.pressenza.com\/pt-pt\/2022\/07\/argelinos-perdidos-no-oceano-o-risco-a-suas-vidas\/"]}]},{"@type":"ImageObject","inLanguage":"pt-PT","@id":"https:\/\/www.pressenza.com\/pt-pt\/2022\/07\/argelinos-perdidos-no-oceano-o-risco-a-suas-vidas\/#primaryimage","url":"https:\/\/www.pressenza.com\/wp-content\/uploads\/2022\/07\/L-Ayache.jpg","contentUrl":"https:\/\/www.pressenza.com\/wp-content\/uploads\/2022\/07\/L-Ayache.jpg","width":936,"height":444},{"@type":"BreadcrumbList","@id":"https:\/\/www.pressenza.com\/pt-pt\/2022\/07\/argelinos-perdidos-no-oceano-o-risco-a-suas-vidas\/#breadcrumb","itemListElement":[{"@type":"ListItem","position":1,"name":"Accueil","item":"https:\/\/www.pressenza.com\/pt-pt\/"},{"@type":"ListItem","position":2,"name":"Argelinos perdidos no oceano: o risco a suas vidas"}]},{"@type":"WebSite","@id":"https:\/\/www.pressenza.com\/pt-pt\/#website","url":"https:\/\/www.pressenza.com\/pt-pt\/","name":"Pressenza","description":"International Press Agency","publisher":{"@id":"https:\/\/www.pressenza.com\/pt-pt\/#organization"},"potentialAction":[{"@type":"SearchAction","target":{"@type":"EntryPoint","urlTemplate":"https:\/\/www.pressenza.com\/pt-pt\/?s={search_term_string}"},"query-input":{"@type":"PropertyValueSpecification","valueRequired":true,"valueName":"search_term_string"}}],"inLanguage":"pt-PT"},{"@type":"Organization","@id":"https:\/\/www.pressenza.com\/pt-pt\/#organization","name":"Pressenza","url":"https:\/\/www.pressenza.com\/pt-pt\/","logo":{"@type":"ImageObject","inLanguage":"pt-PT","@id":"https:\/\/www.pressenza.com\/pt-pt\/#\/schema\/logo\/image\/","url":"https:\/\/www.pressenza.com\/wp-content\/uploads\/2022\/10\/pressenza_logo_200x200.jpg","contentUrl":"https:\/\/www.pressenza.com\/wp-content\/uploads\/2022\/10\/pressenza_logo_200x200.jpg","width":200,"height":200,"caption":"Pressenza"},"image":{"@id":"https:\/\/www.pressenza.com\/pt-pt\/#\/schema\/logo\/image\/"},"sameAs":["https:\/\/www.facebook.com\/PressenzaItalia","https:\/\/x.com\/PressenzaIPA"]},{"@type":"Person","@id":"https:\/\/www.pressenza.com\/pt-pt\/#\/schema\/person\/8731a6cc6cacc7cbfaa4129a24d0e058","name":"Rabah Arkam","description":"Rabah Arkam is a human rights advocate known for promoting Amazigh identity, cultural rights, and democratic, secular reform in Algeria and North Africa.","url":"https:\/\/www.pressenza.com\/pt-pt\/author\/rabah-arkam\/"}]}},"place":"Alg\u00e9ria","original_article_url":"","_links":{"self":[{"href":"https:\/\/www.pressenza.com\/pt-pt\/wp-json\/wp\/v2\/posts\/1624445","targetHints":{"allow":["GET"]}}],"collection":[{"href":"https:\/\/www.pressenza.com\/pt-pt\/wp-json\/wp\/v2\/posts"}],"about":[{"href":"https:\/\/www.pressenza.com\/pt-pt\/wp-json\/wp\/v2\/types\/post"}],"author":[{"embeddable":true,"href":"https:\/\/www.pressenza.com\/pt-pt\/wp-json\/wp\/v2\/users\/1885"}],"replies":[{"embeddable":true,"href":"https:\/\/www.pressenza.com\/pt-pt\/wp-json\/wp\/v2\/comments?post=1624445"}],"version-history":[{"count":0,"href":"https:\/\/www.pressenza.com\/pt-pt\/wp-json\/wp\/v2\/posts\/1624445\/revisions"}],"wp:featuredmedia":[{"embeddable":true,"href":"https:\/\/www.pressenza.com\/pt-pt\/wp-json\/wp\/v2\/media\/1621337"}],"wp:attachment":[{"href":"https:\/\/www.pressenza.com\/pt-pt\/wp-json\/wp\/v2\/media?parent=1624445"}],"wp:term":[{"taxonomy":"category","embeddable":true,"href":"https:\/\/www.pressenza.com\/pt-pt\/wp-json\/wp\/v2\/categories?post=1624445"},{"taxonomy":"post_tag","embeddable":true,"href":"https:\/\/www.pressenza.com\/pt-pt\/wp-json\/wp\/v2\/tags?post=1624445"}],"curies":[{"name":"wp","href":"https:\/\/api.w.org\/{rel}","templated":true}]}}