{"id":1619860,"date":"2022-07-04T19:26:04","date_gmt":"2022-07-04T18:26:04","guid":{"rendered":"https:\/\/www.pressenza.com\/?p=1619860"},"modified":"2022-07-04T19:26:04","modified_gmt":"2022-07-04T18:26:04","slug":"mostra-comboio-10-anos-estreia-no-parque-das-ruinas","status":"publish","type":"post","link":"https:\/\/www.pressenza.com\/pt-pt\/2022\/07\/mostra-comboio-10-anos-estreia-no-parque-das-ruinas\/","title":{"rendered":"\u201cMostra Comboio &#8211; 10 anos\u201d estreia no Parque das Ru\u00ednas"},"content":{"rendered":"<h5><span style=\"color: #999999;\">TEATRO\u00a0<\/span><\/h5>\n<p><em><strong>Por Marrom Glac\u00ea<\/strong><\/em><\/p>\n<p>&nbsp;<\/p>\n<h1 style=\"font-weight: 400; text-align: center;\"><em>Celebra\u00e7\u00e3o pelos 10 anos do Comboio Coletivo Art\u00edstico re\u00fane programa\u00e7\u00e3o gratuita com apresenta\u00e7\u00f5es do espet\u00e1culo autoral \u201cAqu\u00e1rio\u201d al\u00e9m de exposi\u00e7\u00e3o, performances, oficina e roda de conversa.<\/em><\/h1>\n<p>&nbsp;<\/p>\n<p style=\"font-weight: 400;\">Entre\u00a0<strong>02 e 31 de Julho<\/strong>\u00a0o\u00a0<strong>Parque das Ru\u00ednas<\/strong>, aparelho cultural do Munic\u00edpio do Rio de Janeiro, recebe gratuitamente as atra\u00e7\u00f5es da \u201c<strong>Mostra Comboio \u2013 10 anos de pesquisa art\u00edstica<\/strong>\u201d, que re\u00fane trabalhos de diferentes linguagens do\u00a0<strong>Comboio Coletivo Art\u00edstico<\/strong>. Desde sua origem, quando os integrantes se formaram na Escola de Teatro Martins Pena, a companhia investiga o corpo do ator como cerne da cria\u00e7\u00e3o teatral, a partir de um processo colaborativo que tem como premissa a horizontalidade nas rela\u00e7\u00f5es entre os artistas. A programa\u00e7\u00e3o do evento multiart\u00edstico conta com a exposi\u00e7\u00e3o \u201c<strong><em>Des\u00e1gua<\/em><\/strong>\u201d, a oficina \u201c<strong><em>Corpo-Autor<\/em><\/strong>\u201d, uma\u00a0<strong>roda de conversa<\/strong>\u00a0com os artistas e a curadora da exposi\u00e7\u00e3o e o espet\u00e1culo autoral \u201c<strong><em>Aqu\u00e1rio<\/em><\/strong>\u201d.<\/p>\n<p style=\"font-weight: 400;\">A pe\u00e7a, cuja \u00faltima montagem aconteceu em 2015, \u00e9 fruto de uma pesquisa continuada, iniciada em 2011, com \u00eanfase na cria\u00e7\u00e3o de uma dramaturgia textual-corporal. Revisitada e atualizada pelo coletivo durante a pandemia, a narrativa mostra uma inunda\u00e7\u00e3o provocada por um homem negro e gay imerso em mem\u00f3rias. Na imagem de um peixe de estima\u00e7\u00e3o, o personagem enxerga a necessidade de se libertar do aqu\u00e1rio em que vive.<\/p>\n<p style=\"font-weight: 400;\">\u201cAssim que nos formamos, decidimos construir juntos uma dramaturgia que estava muito atrelada ao corpo e \u00e0s a\u00e7\u00f5es f\u00edsicas, sem, entretanto, abrir m\u00e3o da palavra e da estrutura narrativa cl\u00e1ssica. Aos poucos, foi se desenhando a hist\u00f3ria de uma fam\u00edlia que se prepara para a festa de anivers\u00e1rio de Seu Filho, em cenas que se espa\u00e7am ao longo dos anos. Desde ent\u00e3o, fomos compreendendo as escolhas que fizemos e jogando luz sobre as fronteiras borradas entre n\u00f3s e nossos personagens, numa esp\u00e9cie de auto-arqueologia em que descobrimos a n\u00f3s mesmos em nossa dimens\u00e3o pessoal, po\u00e9tica e pol\u00edtica\u201d, sintetiza\u00a0<strong>Julia Shimura<\/strong>, diretora do espet\u00e1culo ao lado de\u00a0<strong>Leonardo Samarino<\/strong>.<\/p>\n<p style=\"font-weight: 400;\">Destacando o corpo como criador de dramaturgia, a partir de um trabalho que exige um rigor t\u00e9cnico de cada ator, o Comboio constr\u00f3i uma linguagem h\u00edbrida por meio de experimentos em teatro, dan\u00e7a, artes visuais e m\u00fasica. \u201c\u00c9 um processo de cont\u00ednua descoberta. Somos artistas que t\u00eam sua trajet\u00f3ria tamb\u00e9m para al\u00e9m do coletivo, em esferas distintas e complementares. Somos diversos, isso nos enriquece e alimenta o grupo. Desde que nos juntamos, a busca \u00e9 por uma linguagem que expresse artisticamente como o mundo reverbera em n\u00f3s\u201d, relembra\u00a0<strong>N\u00edvea Santana<\/strong>, atriz e preparadora corporal.<\/p>\n<p style=\"font-weight: 400;\">Assim, \u201c<em>Aqu\u00e1rio<\/em>\u201d recebeu interfer\u00eancia de v\u00e1rias esferas. \u201cEstudamos Laban, Robert McKee, Pina Bausch, Samuel Beckett, Luis Ant\u00f4nio Simas e Jodorovski. \u00c9 numa encruzilhada entre teatro, dan\u00e7a e performance\/rito que nos encontramos. Mais do que uma dramaturgia, descobrimos, nesse longo processo de pesquisa, as nossas po\u00e9ticas, investiga\u00e7\u00f5es e metodologias, fazendo com que o espet\u00e1culo seja, al\u00e9m do ponto de partida do coletivo, o lugar para o qual ele sempre retorna para construir novos projetos\u201d, reitera Julia, tamb\u00e9m atriz do espet\u00e1culo.<\/p>\n<p style=\"font-weight: 400;\">Nesta grande celebra\u00e7\u00e3o, o p\u00fablico pode esperar uma programa\u00e7\u00e3o cr\u00edtica e criativa. \u201c\u00c9 uma alegria muito grande podermos compartilhar tudo o que desenvolvemos ao longo desses anos. O nosso maior desejo com esse evento \u00e9 a troca. \u00c9 contagiar e sermos contagiados com a presen\u00e7a de cada pessoa, que traz consigo suas hist\u00f3rias, mem\u00f3rias, desejos\u2026\u201d, finaliza\u00a0<strong>Anderson Barreto<\/strong>, ator e dramaturgo da pe\u00e7a.<\/p>\n<p style=\"font-weight: 400;\">\n<p style=\"font-weight: 400;\"><strong><u>SOBRE O COMBOIO COLETIVO ART\u00cdSTICO<\/u><\/strong><strong>:<\/strong><\/p>\n<p style=\"font-weight: 400;\">O Comboio nasceu em 2011 com o espet\u00e1culo \u201c<em>A viagem do Capit\u00e3o Fracassa<\/em>\u201d, inspirado na obra de T\u00e9ophile Gautier, com dire\u00e7\u00e3o de Marcos Henrique Rego. A pe\u00e7a, que fez temporada no Teatro Armando Costa e participou de mostras e festivais, foi resultado do curso de forma\u00e7\u00e3o de atores da Escola T\u00e9cnica Estadual de Teatro Martins Penna. Ao final do ciclo deste espet\u00e1culo iniciou-se a pesquisa c\u00eanica do coletivo, que daria origem a \u201c<em>Aqu\u00e1rio<\/em>\u201d, sua primeira dramaturgia original. A partir desses estudos, o grupo descobriu suas po\u00e9ticas, investiga\u00e7\u00f5es e metodologias. Al\u00e9m disso criou, um vasto material audiovisual e performativo, duas pesquisas acad\u00eamicas que vem sendo explorado e revisitado nos \u00faltimos anos.<\/p>\n<p style=\"font-weight: 400;\"><u>Espet\u00e1culos<\/u>:<\/p>\n<p style=\"font-weight: 400;\">&#8211; A viagem do Capit\u00e3o Fracassa (2011)<\/p>\n<p style=\"font-weight: 400;\">&#8211; Aqu\u00e1rio (2013 \u2013 em\u00a0<em>work in progress<\/em>)<\/p>\n<p style=\"font-weight: 400;\">Teaser:\u00a0<a href=\"https:\/\/www.youtube.com\/watch?v=a4smvlcq5CE&amp;ab_channel=OComboio\" data-saferedirecturl=\"https:\/\/www.google.com\/url?q=https:\/\/www.youtube.com\/watch?v%3Da4smvlcq5CE%26ab_channel%3DOComboio&amp;source=gmail&amp;ust=1657041347717000&amp;usg=AOvVaw1zg7j2vP8qgGKTxQ8FiMK7\">https:\/\/www.youtube.com\/watch?v=a4smvlcq5CE&amp;ab_channel=OComboio<\/a><\/p>\n<p style=\"font-weight: 400;\"><u>Redes Sociais<\/u>:<\/p>\n<p style=\"font-weight: 400;\">Site:\u00a0<a href=\"https:\/\/comboiodecorda.wixsite.com\/comboio\" data-saferedirecturl=\"https:\/\/www.google.com\/url?q=https:\/\/comboiodecorda.wixsite.com\/comboio&amp;source=gmail&amp;ust=1657041347718000&amp;usg=AOvVaw1D4i-HxeA54NWFpMs2YHap\">https:\/\/comboiodecorda.wixsite.com\/comboio<\/a><\/p>\n<p style=\"font-weight: 400;\">Instagram: @ocomboio<\/p>\n<p style=\"font-weight: 400;\">\n<p style=\"font-weight: 400;\"><strong><u>SERVI\u00c7O:<\/u><\/strong><\/p>\n<p style=\"font-weight: 400;\"><strong>EXPOSI\u00c7\u00c3O \u201cDES\u00c1GUA\u201d<\/strong><\/p>\n<p style=\"font-weight: 400;\"><u>QUANDO<\/u>: 02 a 30 de julho<\/p>\n<p style=\"font-weight: 400;\"><u>HOR\u00c1RIOS<\/u>: Quinta a domingo \u2013 9h \u00e0s 16h<\/p>\n<p style=\"font-weight: 400;\"><u>ONDE<\/u>: Galeria T\u00fanel \/ Parque das Ru\u00ednas<\/p>\n<p style=\"font-weight: 400;\"><u>ENDERE\u00c7O<\/u>: Rua Murtinho Nobre, 169 &#8211; Santa Teresa \u2013 Rio de Janeiro<\/p>\n<p style=\"font-weight: 400;\"><u>CLASSIFICA\u00c7\u00c3O<\/u>: Livre<\/p>\n<p style=\"font-weight: 400;\">O que te faz mergulhar em si mesmo? Des\u00e1gua \u00e9 um convite, um ritual de cura, uma encruzilhada, um encontro consigo mesmo e uma festa de anivers\u00e1rio coletiva. Uma exposi\u00e7\u00e3o interativa, imersiva, em processo, que convida o p\u00fablico a mergulhar nas suas \u00e1guas internas. O Comboio Coletivo Art\u00edstico celebra sua primeira d\u00e9cada de exist\u00eancia partilhando seus processos \u00edntimos com o espectador. Ao refletirem sobre suas vidas nos \u00faltimos 10 anos, os artistas do coletivo te convidam a tamb\u00e9m se investigar e a desaguar junto.<\/p>\n<p style=\"font-weight: 400;\">Curadoria: Renata Sampaio<\/p>\n<p style=\"font-weight: 400;\">Cenografia: Carla Ferraz, Camila Morais e Comboio Coletivo Art\u00edstico<\/p>\n<p style=\"font-weight: 400;\">Artistas: Anderson Barreto, Hebert Said, J\u00falia Shimura, Leonardo Samarino e N\u00edvea Santana.<\/p>\n<p style=\"font-weight: 400;\">\n<p style=\"font-weight: 400;\"><strong>ESPET\u00c1CULO \u201cAQU\u00c1RIO\u201d<\/strong><\/p>\n<p style=\"font-weight: 400;\"><u>TEMPORADA<\/u>: 09 a 24 de julho<\/p>\n<p style=\"font-weight: 400;\"><u>HOR\u00c1RIOS<\/u>: S\u00e1bados e Domingos \u2013 19h<\/p>\n<p style=\"font-weight: 400;\"><u>INGRESSOS<\/u>: Gratuitos pelo Sympla \u2013\u00a0<a href=\"https:\/\/www.sympla.com.br\/produtor\/comboio\" data-saferedirecturl=\"https:\/\/www.google.com\/url?q=https:\/\/www.sympla.com.br\/produtor\/comboio&amp;source=gmail&amp;ust=1657041347718000&amp;usg=AOvVaw3xDWMoqH5Yz05SP9159R37\">https:\/\/www.sympla.com.br\/produtor\/comboio<\/a><\/p>\n<p style=\"font-weight: 400;\"><u>ONDE<\/u>: Teatro Ruth de Souza \u2013 Parque das Ru\u00ednas<\/p>\n<p style=\"font-weight: 400;\"><u>ENDERE\u00c7O<\/u>: Rua Murtinho Nobre, 169 &#8211; Santa Teresa \u2013 Rio de Janeiro<\/p>\n<p style=\"font-weight: 400;\"><u>CLASSIFICA\u00c7\u00c3O INDICATIVA<\/u>: 14 anos<\/p>\n<p style=\"font-weight: 400;\">\n<p style=\"font-weight: 400;\"><u>SINOPSE<\/u>: Seu Filho, um homem negro e gay, divide a casa com M\u00e3e, Pai, Peixe e Ela, empregada dom\u00e9stica da fam\u00edlia. No seu trig\u00e9simo terceiro anivers\u00e1rio, ele rememora momentos que ocorreram nesta mesma data em anos passados, o que o leva a comemorar o presente de maneira inusitada &#8211; provocando uma inunda\u00e7\u00e3o em sua pr\u00f3pria casa.<\/p>\n<p style=\"font-weight: 400;\">\n<p style=\"font-weight: 400;\"><strong><u>FICHA T\u00c9CNICA \u2013 \u201cAQU\u00c1RIO\u201d<\/u><\/strong><\/p>\n<p style=\"font-weight: 400;\">Dramaturgia original: Comboio Coletivo Art\u00edstico<\/p>\n<p style=\"font-weight: 400;\">Dire\u00e7\u00e3o: J\u00falia Shimura e Leonardo Samarino<\/p>\n<p style=\"font-weight: 400;\">Texto: Anderson Barreto e Leonardo Samarino<\/p>\n<p style=\"font-weight: 400;\">Elenco: Anderson Barreto, Hebert Said, J\u00falia Shimura, Leonardo Samarino e N\u00edvea Santana<\/p>\n<p style=\"font-weight: 400;\">Cenografia: Comboio Coletivo Art\u00edstico<\/p>\n<p style=\"font-weight: 400;\">Figurino: Carla Ferraz<\/p>\n<p style=\"font-weight: 400;\">Produ\u00e7\u00e3o de objetos: Camila Morais<\/p>\n<p style=\"font-weight: 400;\">Ilumina\u00e7\u00e3o: Hebert Said<\/p>\n<p style=\"font-weight: 400;\">Trilha original: Pedrinhu Junqueira<\/p>\n<p style=\"font-weight: 400;\">Prepara\u00e7\u00e3o corporal: N\u00edvea Santana<\/p>\n<p style=\"font-weight: 400;\">Int\u00e9rpretes de libra: JDL Tradu\u00e7\u00f5es<\/p>\n<p style=\"font-weight: 400;\">Operador de som: Pedrinhu Junqueira<\/p>\n<p style=\"font-weight: 400;\">Operadora de luz e mapping: Carol Godinho<\/p>\n<p>&nbsp;<\/p>\n<p style=\"font-weight: 400;\"><strong>OFICINA \u201cCORPO-AUTOR\u201d<\/strong><\/p>\n<p style=\"font-weight: 400;\"><u>QUANDO<\/u>: 30 e 31 de julho<\/p>\n<p style=\"font-weight: 400;\"><u>HOR\u00c1RIOS<\/u>: S\u00e1bado e Domingo \u2013 16h \u00e0s 19h<\/p>\n<p style=\"font-weight: 400;\">20 vagas<\/p>\n<p style=\"font-weight: 400;\"><u>INSCRI\u00c7\u00d5ES<\/u>:\u00a0<a href=\"mailto:comboiodecorda@gmail.com\">comboiodecorda@gmail.com<\/a>\u00a0(minicurr\u00edculo + carta de inten\u00e7\u00e3o)<\/p>\n<p style=\"font-weight: 400;\">O objetivo \u00e9 investigar caminhos f\u00edsicos e expressivos para a composi\u00e7\u00e3o de um corpo c\u00eanico criador de dramaturgia. Destinada a estudantes, pesquisadores, atores e pessoas interessadas em teatro e performance.<\/p>\n<p style=\"font-weight: 400;\"><u>CLASSIFICA\u00c7\u00c3O<\/u>: 16 anos<\/p>\n<p style=\"font-weight: 400;\">\n<p style=\"font-weight: 400;\"><strong>RODA DE CONVERSA<\/strong><\/p>\n<p style=\"font-weight: 400;\"><u>QUANDO<\/u>: 31 de julho \u2013 domingo \u2013 14h<\/p>\n<p style=\"font-weight: 400;\"><u>MEDIADORES<\/u>: Renata Sampaio e Comboio Coletivo Art\u00edstico<\/p>\n<p style=\"font-weight: 400;\"><u>ONDE<\/u>: Galeria T\u00fanel \u2013 Parque das Ru\u00ednas<\/p>\n<p style=\"font-weight: 400;\"><u>ENDERE\u00c7O<\/u>: Rua Murtinho Nobre, 169 &#8211; Santa Teresa \u2013 Rio de Janeiro<\/p>\n<p style=\"font-weight: 400;\">Com transmiss\u00e3o ao vivo Pelo Youtube \u2013 Canal: Comboio Coletivo Art\u00edstico<\/p>\n<p style=\"font-weight: 400;\">Ser\u00e3o abordados os processos de pesquisa, curadoria e produ\u00e7\u00e3o art\u00edstica, considerando quest\u00f5es como corpo, ra\u00e7a, territ\u00f3rios etc.<\/p>\n<p>&nbsp;<\/p>\n<p style=\"font-weight: 400;\"><strong><u>FICHA T\u00c9CNICA DA \u201cMOSTRA COMBOIO \u2013 10 ANOS DE PESQUISA ART\u00cdSTICA\u201d<\/u><\/strong><\/p>\n<p style=\"font-weight: 400;\">Idealiza\u00e7\u00e3o: Comboio Coletivo Art\u00edstico<\/p>\n<p style=\"font-weight: 400;\">Produ\u00e7\u00e3o Executiva: J\u00falia Shimura e Leonardo Samarino<\/p>\n<p style=\"font-weight: 400;\">Produ\u00e7\u00e3o: Comboio Coletivo Art\u00edstico<\/p>\n<p style=\"font-weight: 400;\">Assistente de Produ\u00e7\u00e3o: J\u00e9ssika Kramorim<\/p>\n<p style=\"font-weight: 400;\">Designer Gr\u00e1fico: Alice Cruz<\/p>\n<p style=\"font-weight: 400;\">Assessoria de Imprensa: Marrom Glac\u00ea Assessoria<\/p>\n<p style=\"font-weight: 400;\">Controller\/ Produ\u00e7\u00e3o Financeira: Kauane Ribeiro e Tayara Maciel<\/p>\n","protected":false},"excerpt":{"rendered":"<p>TEATRO\u00a0 Por Marrom Glac\u00ea &nbsp; Celebra\u00e7\u00e3o pelos 10 anos do Comboio Coletivo Art\u00edstico re\u00fane programa\u00e7\u00e3o gratuita com apresenta\u00e7\u00f5es do espet\u00e1culo autoral \u201cAqu\u00e1rio\u201d al\u00e9m de exposi\u00e7\u00e3o, performances, oficina e roda de conversa. &nbsp; Entre\u00a002 e 31 de Julho\u00a0o\u00a0Parque das Ru\u00ednas, aparelho&hellip;<\/p>\n","protected":false},"author":2005,"featured_media":1619960,"comment_status":"closed","ping_status":"closed","sticky":false,"template":"","format":"standard","meta":{"footnotes":""},"categories":[104,11390,112,153],"tags":[75693,75238,83964,75312],"class_list":["post-1619860","post","type-post","status-publish","format-standard","has-post-thumbnail","hentry","category-america-do-sul","category-conteudo-original","category-cultura-pt-pt","category-nota-de-imprensa","tag-artes-visuais","tag-caderno-de-cultura","tag-exposicao","tag-teatro-pt-pt"],"yoast_head":"<!-- This site is optimized with the Yoast SEO plugin v27.1.1 - https:\/\/yoast.com\/product\/yoast-seo-wordpress\/ -->\n<title>\u201cMostra Comboio - 10 anos\u201d estreia no Parque das Ru\u00ednas<\/title>\n<meta name=\"description\" content=\"TEATRO\u00a0 Por Marrom Glac\u00ea &nbsp; Celebra\u00e7\u00e3o pelos 10 anos do Comboio Coletivo Art\u00edstico re\u00fane programa\u00e7\u00e3o gratuita com apresenta\u00e7\u00f5es do espet\u00e1culo autoral\" \/>\n<meta name=\"robots\" content=\"index, follow, max-snippet:-1, max-image-preview:large, max-video-preview:-1\" \/>\n<link rel=\"canonical\" href=\"https:\/\/www.pressenza.com\/pt-pt\/2022\/07\/mostra-comboio-10-anos-estreia-no-parque-das-ruinas\/\" \/>\n<meta property=\"og:locale\" content=\"pt_PT\" \/>\n<meta property=\"og:type\" content=\"article\" \/>\n<meta property=\"og:title\" content=\"\u201cMostra Comboio - 10 anos\u201d estreia no Parque das Ru\u00ednas\" \/>\n<meta property=\"og:description\" content=\"TEATRO\u00a0 Por Marrom Glac\u00ea &nbsp; Celebra\u00e7\u00e3o pelos 10 anos do Comboio Coletivo Art\u00edstico re\u00fane programa\u00e7\u00e3o gratuita com apresenta\u00e7\u00f5es do espet\u00e1culo autoral\" \/>\n<meta property=\"og:url\" content=\"https:\/\/www.pressenza.com\/pt-pt\/2022\/07\/mostra-comboio-10-anos-estreia-no-parque-das-ruinas\/\" \/>\n<meta property=\"og:site_name\" content=\"Pressenza\" \/>\n<meta property=\"article:publisher\" content=\"https:\/\/www.facebook.com\/PressenzaItalia\" \/>\n<meta property=\"article:published_time\" content=\"2022-07-04T18:26:04+00:00\" \/>\n<meta property=\"og:image\" content=\"https:\/\/www.pressenza.com\/wp-content\/uploads\/2022\/07\/Aquario-01-do-Comboio-Coletivo-Artistico-Credito-Bertuzzo-Fotografias.jpg\" \/>\n\t<meta property=\"og:image:width\" content=\"1281\" \/>\n\t<meta property=\"og:image:height\" content=\"1920\" \/>\n\t<meta property=\"og:image:type\" content=\"image\/jpeg\" \/>\n<meta name=\"author\" content=\"Marrom Glac\u00ea Assessoria\" \/>\n<meta name=\"twitter:card\" content=\"summary_large_image\" \/>\n<meta name=\"twitter:creator\" content=\"@PressenzaIPA\" \/>\n<meta name=\"twitter:site\" content=\"@PressenzaIPA\" \/>\n<meta name=\"twitter:label1\" content=\"Escrito por\" \/>\n\t<meta name=\"twitter:data1\" content=\"Marrom Glac\u00ea Assessoria\" \/>\n\t<meta name=\"twitter:label2\" content=\"Tempo estimado de leitura\" \/>\n\t<meta name=\"twitter:data2\" content=\"7 minutos\" \/>\n<script type=\"application\/ld+json\" class=\"yoast-schema-graph\">{\"@context\":\"https:\/\/schema.org\",\"@graph\":[{\"@type\":\"Article\",\"@id\":\"https:\/\/www.pressenza.com\/pt-pt\/2022\/07\/mostra-comboio-10-anos-estreia-no-parque-das-ruinas\/#article\",\"isPartOf\":{\"@id\":\"https:\/\/www.pressenza.com\/pt-pt\/2022\/07\/mostra-comboio-10-anos-estreia-no-parque-das-ruinas\/\"},\"author\":{\"name\":\"Marrom Glac\u00ea Assessoria\",\"@id\":\"https:\/\/www.pressenza.com\/pt-pt\/#\/schema\/person\/bbaf16409a85f3e61700993a45cf8859\"},\"headline\":\"\u201cMostra Comboio &#8211; 10 anos\u201d estreia no Parque das Ru\u00ednas\",\"datePublished\":\"2022-07-04T18:26:04+00:00\",\"mainEntityOfPage\":{\"@id\":\"https:\/\/www.pressenza.com\/pt-pt\/2022\/07\/mostra-comboio-10-anos-estreia-no-parque-das-ruinas\/\"},\"wordCount\":1350,\"publisher\":{\"@id\":\"https:\/\/www.pressenza.com\/pt-pt\/#organization\"},\"image\":{\"@id\":\"https:\/\/www.pressenza.com\/pt-pt\/2022\/07\/mostra-comboio-10-anos-estreia-no-parque-das-ruinas\/#primaryimage\"},\"thumbnailUrl\":\"https:\/\/www.pressenza.com\/wp-content\/uploads\/2022\/07\/Aquario-01-do-Comboio-Coletivo-Artistico-Credito-Bertuzzo-Fotografias.jpg\",\"keywords\":[\"artes visuais\",\"caderno de cultura\",\"exposi\u00e7\u00e3o\",\"teatro\"],\"articleSection\":[\"\u00c1m\u00e9rica do Sul\",\"Conte\u00fado Original\",\"Cultura e M\u00eddia\",\"Nota de imprensa\"],\"inLanguage\":\"pt-PT\"},{\"@type\":\"WebPage\",\"@id\":\"https:\/\/www.pressenza.com\/pt-pt\/2022\/07\/mostra-comboio-10-anos-estreia-no-parque-das-ruinas\/\",\"url\":\"https:\/\/www.pressenza.com\/pt-pt\/2022\/07\/mostra-comboio-10-anos-estreia-no-parque-das-ruinas\/\",\"name\":\"\u201cMostra Comboio - 10 anos\u201d estreia no Parque das Ru\u00ednas\",\"isPartOf\":{\"@id\":\"https:\/\/www.pressenza.com\/pt-pt\/#website\"},\"primaryImageOfPage\":{\"@id\":\"https:\/\/www.pressenza.com\/pt-pt\/2022\/07\/mostra-comboio-10-anos-estreia-no-parque-das-ruinas\/#primaryimage\"},\"image\":{\"@id\":\"https:\/\/www.pressenza.com\/pt-pt\/2022\/07\/mostra-comboio-10-anos-estreia-no-parque-das-ruinas\/#primaryimage\"},\"thumbnailUrl\":\"https:\/\/www.pressenza.com\/wp-content\/uploads\/2022\/07\/Aquario-01-do-Comboio-Coletivo-Artistico-Credito-Bertuzzo-Fotografias.jpg\",\"datePublished\":\"2022-07-04T18:26:04+00:00\",\"description\":\"TEATRO\u00a0 Por Marrom Glac\u00ea &nbsp; Celebra\u00e7\u00e3o pelos 10 anos do Comboio Coletivo Art\u00edstico re\u00fane programa\u00e7\u00e3o gratuita com apresenta\u00e7\u00f5es do espet\u00e1culo autoral\",\"breadcrumb\":{\"@id\":\"https:\/\/www.pressenza.com\/pt-pt\/2022\/07\/mostra-comboio-10-anos-estreia-no-parque-das-ruinas\/#breadcrumb\"},\"inLanguage\":\"pt-PT\",\"potentialAction\":[{\"@type\":\"ReadAction\",\"target\":[\"https:\/\/www.pressenza.com\/pt-pt\/2022\/07\/mostra-comboio-10-anos-estreia-no-parque-das-ruinas\/\"]}]},{\"@type\":\"ImageObject\",\"inLanguage\":\"pt-PT\",\"@id\":\"https:\/\/www.pressenza.com\/pt-pt\/2022\/07\/mostra-comboio-10-anos-estreia-no-parque-das-ruinas\/#primaryimage\",\"url\":\"https:\/\/www.pressenza.com\/wp-content\/uploads\/2022\/07\/Aquario-01-do-Comboio-Coletivo-Artistico-Credito-Bertuzzo-Fotografias.jpg\",\"contentUrl\":\"https:\/\/www.pressenza.com\/wp-content\/uploads\/2022\/07\/Aquario-01-do-Comboio-Coletivo-Artistico-Credito-Bertuzzo-Fotografias.jpg\",\"width\":1281,\"height\":1920},{\"@type\":\"BreadcrumbList\",\"@id\":\"https:\/\/www.pressenza.com\/pt-pt\/2022\/07\/mostra-comboio-10-anos-estreia-no-parque-das-ruinas\/#breadcrumb\",\"itemListElement\":[{\"@type\":\"ListItem\",\"position\":1,\"name\":\"Accueil\",\"item\":\"https:\/\/www.pressenza.com\/pt-pt\/\"},{\"@type\":\"ListItem\",\"position\":2,\"name\":\"\u201cMostra Comboio &#8211; 10 anos\u201d estreia no Parque das Ru\u00ednas\"}]},{\"@type\":\"WebSite\",\"@id\":\"https:\/\/www.pressenza.com\/pt-pt\/#website\",\"url\":\"https:\/\/www.pressenza.com\/pt-pt\/\",\"name\":\"Pressenza\",\"description\":\"International Press Agency\",\"publisher\":{\"@id\":\"https:\/\/www.pressenza.com\/pt-pt\/#organization\"},\"potentialAction\":[{\"@type\":\"SearchAction\",\"target\":{\"@type\":\"EntryPoint\",\"urlTemplate\":\"https:\/\/www.pressenza.com\/pt-pt\/?s={search_term_string}\"},\"query-input\":{\"@type\":\"PropertyValueSpecification\",\"valueRequired\":true,\"valueName\":\"search_term_string\"}}],\"inLanguage\":\"pt-PT\"},{\"@type\":\"Organization\",\"@id\":\"https:\/\/www.pressenza.com\/pt-pt\/#organization\",\"name\":\"Pressenza\",\"url\":\"https:\/\/www.pressenza.com\/pt-pt\/\",\"logo\":{\"@type\":\"ImageObject\",\"inLanguage\":\"pt-PT\",\"@id\":\"https:\/\/www.pressenza.com\/pt-pt\/#\/schema\/logo\/image\/\",\"url\":\"https:\/\/www.pressenza.com\/wp-content\/uploads\/2022\/10\/pressenza_logo_200x200.jpg\",\"contentUrl\":\"https:\/\/www.pressenza.com\/wp-content\/uploads\/2022\/10\/pressenza_logo_200x200.jpg\",\"width\":200,\"height\":200,\"caption\":\"Pressenza\"},\"image\":{\"@id\":\"https:\/\/www.pressenza.com\/pt-pt\/#\/schema\/logo\/image\/\"},\"sameAs\":[\"https:\/\/www.facebook.com\/PressenzaItalia\",\"https:\/\/x.com\/PressenzaIPA\"]},{\"@type\":\"Person\",\"@id\":\"https:\/\/www.pressenza.com\/pt-pt\/#\/schema\/person\/bbaf16409a85f3e61700993a45cf8859\",\"name\":\"Marrom Glac\u00ea Assessoria\",\"description\":\"Marrom Glac\u00ea Assessoria \u00e9 uma empresa especializada em assessoria de imprensa no segmento cultural, social, art\u00edstico e corporativo. Uma das primeiras empresas direcionadas e especializadas em oferecer visibilidade na m\u00eddia ao artista negro, respeitando sua hist\u00f3ria e trajet\u00f3ria e refor\u00e7ando sua autoestima.\",\"url\":\"https:\/\/www.pressenza.com\/pt-pt\/author\/marrom-glace\/\"}]}<\/script>\n<!-- \/ Yoast SEO plugin. -->","yoast_head_json":{"title":"\u201cMostra Comboio - 10 anos\u201d estreia no Parque das Ru\u00ednas","description":"TEATRO\u00a0 Por Marrom Glac\u00ea &nbsp; Celebra\u00e7\u00e3o pelos 10 anos do Comboio Coletivo Art\u00edstico re\u00fane programa\u00e7\u00e3o gratuita com apresenta\u00e7\u00f5es do espet\u00e1culo autoral","robots":{"index":"index","follow":"follow","max-snippet":"max-snippet:-1","max-image-preview":"max-image-preview:large","max-video-preview":"max-video-preview:-1"},"canonical":"https:\/\/www.pressenza.com\/pt-pt\/2022\/07\/mostra-comboio-10-anos-estreia-no-parque-das-ruinas\/","og_locale":"pt_PT","og_type":"article","og_title":"\u201cMostra Comboio - 10 anos\u201d estreia no Parque das Ru\u00ednas","og_description":"TEATRO\u00a0 Por Marrom Glac\u00ea &nbsp; Celebra\u00e7\u00e3o pelos 10 anos do Comboio Coletivo Art\u00edstico re\u00fane programa\u00e7\u00e3o gratuita com apresenta\u00e7\u00f5es do espet\u00e1culo autoral","og_url":"https:\/\/www.pressenza.com\/pt-pt\/2022\/07\/mostra-comboio-10-anos-estreia-no-parque-das-ruinas\/","og_site_name":"Pressenza","article_publisher":"https:\/\/www.facebook.com\/PressenzaItalia","article_published_time":"2022-07-04T18:26:04+00:00","og_image":[{"width":1281,"height":1920,"url":"https:\/\/www.pressenza.com\/wp-content\/uploads\/2022\/07\/Aquario-01-do-Comboio-Coletivo-Artistico-Credito-Bertuzzo-Fotografias.jpg","type":"image\/jpeg"}],"author":"Marrom Glac\u00ea Assessoria","twitter_card":"summary_large_image","twitter_creator":"@PressenzaIPA","twitter_site":"@PressenzaIPA","twitter_misc":{"Escrito por":"Marrom Glac\u00ea Assessoria","Tempo estimado de leitura":"7 minutos"},"schema":{"@context":"https:\/\/schema.org","@graph":[{"@type":"Article","@id":"https:\/\/www.pressenza.com\/pt-pt\/2022\/07\/mostra-comboio-10-anos-estreia-no-parque-das-ruinas\/#article","isPartOf":{"@id":"https:\/\/www.pressenza.com\/pt-pt\/2022\/07\/mostra-comboio-10-anos-estreia-no-parque-das-ruinas\/"},"author":{"name":"Marrom Glac\u00ea Assessoria","@id":"https:\/\/www.pressenza.com\/pt-pt\/#\/schema\/person\/bbaf16409a85f3e61700993a45cf8859"},"headline":"\u201cMostra Comboio &#8211; 10 anos\u201d estreia no Parque das Ru\u00ednas","datePublished":"2022-07-04T18:26:04+00:00","mainEntityOfPage":{"@id":"https:\/\/www.pressenza.com\/pt-pt\/2022\/07\/mostra-comboio-10-anos-estreia-no-parque-das-ruinas\/"},"wordCount":1350,"publisher":{"@id":"https:\/\/www.pressenza.com\/pt-pt\/#organization"},"image":{"@id":"https:\/\/www.pressenza.com\/pt-pt\/2022\/07\/mostra-comboio-10-anos-estreia-no-parque-das-ruinas\/#primaryimage"},"thumbnailUrl":"https:\/\/www.pressenza.com\/wp-content\/uploads\/2022\/07\/Aquario-01-do-Comboio-Coletivo-Artistico-Credito-Bertuzzo-Fotografias.jpg","keywords":["artes visuais","caderno de cultura","exposi\u00e7\u00e3o","teatro"],"articleSection":["\u00c1m\u00e9rica do Sul","Conte\u00fado Original","Cultura e M\u00eddia","Nota de imprensa"],"inLanguage":"pt-PT"},{"@type":"WebPage","@id":"https:\/\/www.pressenza.com\/pt-pt\/2022\/07\/mostra-comboio-10-anos-estreia-no-parque-das-ruinas\/","url":"https:\/\/www.pressenza.com\/pt-pt\/2022\/07\/mostra-comboio-10-anos-estreia-no-parque-das-ruinas\/","name":"\u201cMostra Comboio - 10 anos\u201d estreia no Parque das Ru\u00ednas","isPartOf":{"@id":"https:\/\/www.pressenza.com\/pt-pt\/#website"},"primaryImageOfPage":{"@id":"https:\/\/www.pressenza.com\/pt-pt\/2022\/07\/mostra-comboio-10-anos-estreia-no-parque-das-ruinas\/#primaryimage"},"image":{"@id":"https:\/\/www.pressenza.com\/pt-pt\/2022\/07\/mostra-comboio-10-anos-estreia-no-parque-das-ruinas\/#primaryimage"},"thumbnailUrl":"https:\/\/www.pressenza.com\/wp-content\/uploads\/2022\/07\/Aquario-01-do-Comboio-Coletivo-Artistico-Credito-Bertuzzo-Fotografias.jpg","datePublished":"2022-07-04T18:26:04+00:00","description":"TEATRO\u00a0 Por Marrom Glac\u00ea &nbsp; Celebra\u00e7\u00e3o pelos 10 anos do Comboio Coletivo Art\u00edstico re\u00fane programa\u00e7\u00e3o gratuita com apresenta\u00e7\u00f5es do espet\u00e1culo autoral","breadcrumb":{"@id":"https:\/\/www.pressenza.com\/pt-pt\/2022\/07\/mostra-comboio-10-anos-estreia-no-parque-das-ruinas\/#breadcrumb"},"inLanguage":"pt-PT","potentialAction":[{"@type":"ReadAction","target":["https:\/\/www.pressenza.com\/pt-pt\/2022\/07\/mostra-comboio-10-anos-estreia-no-parque-das-ruinas\/"]}]},{"@type":"ImageObject","inLanguage":"pt-PT","@id":"https:\/\/www.pressenza.com\/pt-pt\/2022\/07\/mostra-comboio-10-anos-estreia-no-parque-das-ruinas\/#primaryimage","url":"https:\/\/www.pressenza.com\/wp-content\/uploads\/2022\/07\/Aquario-01-do-Comboio-Coletivo-Artistico-Credito-Bertuzzo-Fotografias.jpg","contentUrl":"https:\/\/www.pressenza.com\/wp-content\/uploads\/2022\/07\/Aquario-01-do-Comboio-Coletivo-Artistico-Credito-Bertuzzo-Fotografias.jpg","width":1281,"height":1920},{"@type":"BreadcrumbList","@id":"https:\/\/www.pressenza.com\/pt-pt\/2022\/07\/mostra-comboio-10-anos-estreia-no-parque-das-ruinas\/#breadcrumb","itemListElement":[{"@type":"ListItem","position":1,"name":"Accueil","item":"https:\/\/www.pressenza.com\/pt-pt\/"},{"@type":"ListItem","position":2,"name":"\u201cMostra Comboio &#8211; 10 anos\u201d estreia no Parque das Ru\u00ednas"}]},{"@type":"WebSite","@id":"https:\/\/www.pressenza.com\/pt-pt\/#website","url":"https:\/\/www.pressenza.com\/pt-pt\/","name":"Pressenza","description":"International Press Agency","publisher":{"@id":"https:\/\/www.pressenza.com\/pt-pt\/#organization"},"potentialAction":[{"@type":"SearchAction","target":{"@type":"EntryPoint","urlTemplate":"https:\/\/www.pressenza.com\/pt-pt\/?s={search_term_string}"},"query-input":{"@type":"PropertyValueSpecification","valueRequired":true,"valueName":"search_term_string"}}],"inLanguage":"pt-PT"},{"@type":"Organization","@id":"https:\/\/www.pressenza.com\/pt-pt\/#organization","name":"Pressenza","url":"https:\/\/www.pressenza.com\/pt-pt\/","logo":{"@type":"ImageObject","inLanguage":"pt-PT","@id":"https:\/\/www.pressenza.com\/pt-pt\/#\/schema\/logo\/image\/","url":"https:\/\/www.pressenza.com\/wp-content\/uploads\/2022\/10\/pressenza_logo_200x200.jpg","contentUrl":"https:\/\/www.pressenza.com\/wp-content\/uploads\/2022\/10\/pressenza_logo_200x200.jpg","width":200,"height":200,"caption":"Pressenza"},"image":{"@id":"https:\/\/www.pressenza.com\/pt-pt\/#\/schema\/logo\/image\/"},"sameAs":["https:\/\/www.facebook.com\/PressenzaItalia","https:\/\/x.com\/PressenzaIPA"]},{"@type":"Person","@id":"https:\/\/www.pressenza.com\/pt-pt\/#\/schema\/person\/bbaf16409a85f3e61700993a45cf8859","name":"Marrom Glac\u00ea Assessoria","description":"Marrom Glac\u00ea Assessoria \u00e9 uma empresa especializada em assessoria de imprensa no segmento cultural, social, art\u00edstico e corporativo. Uma das primeiras empresas direcionadas e especializadas em oferecer visibilidade na m\u00eddia ao artista negro, respeitando sua hist\u00f3ria e trajet\u00f3ria e refor\u00e7ando sua autoestima.","url":"https:\/\/www.pressenza.com\/pt-pt\/author\/marrom-glace\/"}]}},"place":"Rio de Janeiro - RJ, Brasil","original_article_url":"","_links":{"self":[{"href":"https:\/\/www.pressenza.com\/pt-pt\/wp-json\/wp\/v2\/posts\/1619860","targetHints":{"allow":["GET"]}}],"collection":[{"href":"https:\/\/www.pressenza.com\/pt-pt\/wp-json\/wp\/v2\/posts"}],"about":[{"href":"https:\/\/www.pressenza.com\/pt-pt\/wp-json\/wp\/v2\/types\/post"}],"author":[{"embeddable":true,"href":"https:\/\/www.pressenza.com\/pt-pt\/wp-json\/wp\/v2\/users\/2005"}],"replies":[{"embeddable":true,"href":"https:\/\/www.pressenza.com\/pt-pt\/wp-json\/wp\/v2\/comments?post=1619860"}],"version-history":[{"count":0,"href":"https:\/\/www.pressenza.com\/pt-pt\/wp-json\/wp\/v2\/posts\/1619860\/revisions"}],"wp:featuredmedia":[{"embeddable":true,"href":"https:\/\/www.pressenza.com\/pt-pt\/wp-json\/wp\/v2\/media\/1619960"}],"wp:attachment":[{"href":"https:\/\/www.pressenza.com\/pt-pt\/wp-json\/wp\/v2\/media?parent=1619860"}],"wp:term":[{"taxonomy":"category","embeddable":true,"href":"https:\/\/www.pressenza.com\/pt-pt\/wp-json\/wp\/v2\/categories?post=1619860"},{"taxonomy":"post_tag","embeddable":true,"href":"https:\/\/www.pressenza.com\/pt-pt\/wp-json\/wp\/v2\/tags?post=1619860"}],"curies":[{"name":"wp","href":"https:\/\/api.w.org\/{rel}","templated":true}]}}