{"id":1595920,"date":"2022-06-01T21:41:40","date_gmt":"2022-06-01T20:41:40","guid":{"rendered":"https:\/\/www.pressenza.com\/?p=1595920"},"modified":"2022-06-01T21:43:36","modified_gmt":"2022-06-01T20:43:36","slug":"o-que-se-sabe-sobre-os-massacres-escolares-dos-estados-unidos-e-os-atiradores-que-os-realizam","status":"publish","type":"post","link":"https:\/\/www.pressenza.com\/pt-pt\/2022\/06\/o-que-se-sabe-sobre-os-massacres-escolares-dos-estados-unidos-e-os-atiradores-que-os-realizam\/","title":{"rendered":"O que se sabe sobre os massacres escolares dos Estados Unidos e os atiradores que os realizam"},"content":{"rendered":"<p style=\"padding-left: 40px;\">O <a href=\"https:\/\/www.history.com\/topics\/1990s\/columbine-high-school-shootings\" target=\"_blank\" rel=\"noopener\">massacre da Columbine High School (Escola de Ensino M\u00e9dio), que aconteceu em 1999<\/a>, foi um divisor de \u00e1guas nos Estados Unidos &#8211; o pior tiroteio em massa em uma escola na hist\u00f3ria do pa\u00eds.<\/p>\n<p style=\"padding-left: 40px;\">Por James Densley e Jillian Peterson<\/p>\n<p>Agora, caiu para o quarto lugar. Os tr\u00eas tiroteios em escolas que ultrapassaram o n\u00famero de 13 mortos &#8211; 12 alunos e um professor &#8211; ocorreram na \u00faltima d\u00e9cada: o <a href=\"https:\/\/www.cnn.com\/interactive\/2012\/12\/us\/sandy-hook-timeline\/index.html\" target=\"_blank\" rel=\"noopener\">ataque de 2012 na Sandy Hook Elementary<\/a>, onde um atirador matou 26 pessoas (entre crian\u00e7as e funcion\u00e1rios da escola); o tiroteio de 2018 no Marjory Stoneman Douglas High School em Parkland, Fl\u00f3rida, que <a href=\"https:\/\/theconversation.com\/parkland-shooting-one-year-later-congress-still-avoids-action-on-gun-control-111796\" target=\"_blank\" rel=\"noopener\">ceifou a vida de 17 pessoas<\/a>; e, agora, o <a href=\"https:\/\/theconversation.com\/19-children-2-adults-killed-in-texas-elementary-school-shooting-3-essential-reads-on-americas-relentless-gun-violence-183811\" target=\"_blank\" rel=\"noopener\">ataque \u00e0 Robb Elementary School, em Uvalde, Texas<\/a>, onde no dia 24 de maio de 2022, 19 crian\u00e7as e dois adultos foram assassinados.<\/p>\n<p>Somos um grupo de <a href=\"https:\/\/www.metrostate.edu\/about\/directory\/james-densley\" target=\"_blank\" rel=\"noopener\">criminologistas<\/a> <a href=\"https:\/\/www.hamline.edu\/faculty-staff\/jillian-peterson\/\" target=\"_blank\" rel=\"noopener\">que estuda<\/a> <a href=\"https:\/\/www.theviolenceproject.org\/\" target=\"_blank\" rel=\"noopener\">as hist\u00f3rias de vida<\/a> de atiradores em massa nos Estados Unidos. Como parte dessa pesquisa, criamos <a href=\"https:\/\/www.theviolenceproject.org\/mass-shooter-database\/\" target=\"_blank\" rel=\"noopener\">um banco de dados abrangente<\/a> dos massacres com base em informa\u00e7\u00f5es p\u00fablicas, em que os atiradores foram codificados sob mais de 200 vari\u00e1veis diferentes, inclusive localiza\u00e7\u00e3o e perfil racial. Para fins do nosso banco de dados, os tiroteios em massa s\u00e3o definidos como incidentes nos quais quatro ou mais v\u00edtimas s\u00e3o assassinadas, e quando pelo menos um desses homic\u00eddios ocorre em uma via p\u00fablica e n\u00e3o apresenta conex\u00e3o com atividades criminais subjacentes, como participa\u00e7\u00e3o em gangues ou uso\/comercializa\u00e7\u00e3o de drogas.<\/p>\n<p><iframe loading=\"lazy\" class=\"tc-infographic-datawrapper\" src=\"https:\/\/datawrapper.dwcdn.net\/kKOh2\/8\/\" width=\"100%\" height=\"400px\" frameborder=\"0\" data-mce-fragment=\"1\"><\/iframe><br \/>\n<strong>13 tiroteios de massa em escolas &#8211; 146 crian\u00e7as e adultos mortos<\/strong><br \/>\nMais 182 estudantes e adultos &#8211; incluindo professores &#8211; foram feridos nestes ataques.<\/p>\n<p>Nosso banco de dados mostra que, desde 1966, quando come\u00e7a nossa linha do tempo, houve 13 tiroteios em escolas nos Estados Unidos &#8211; o primeiro em <a href=\"https:\/\/www.nytimes.com\/1989\/01\/18\/us\/five-children-killed-as-gunman-attacks-a-california-school.html\" target=\"_blank\" rel=\"noopener\">Stockton, Calif\u00f3rnia<\/a>, em 1989.<\/p>\n<p>Quatro desses tiroteios, incluindo o da Robb Elementary School envolveram um assassinato em outro local; sempre um membro da fam\u00edlia em uma resid\u00eancia. O autor do ataque mais recente <a href=\"https:\/\/www.npr.org\/live-updates\/texas-school-shooting-2022-05-24\" target=\"_blank\" rel=\"noopener\">atirou em sua av\u00f3<\/a> antes de ir para a escola em Uvalde.<\/p>\n<p>A maioria dos massacres escolares foi realizada por um atirador solit\u00e1rio sendo apenas dois ataques, o de Columbine e o de <a href=\"https:\/\/www.kait8.com\/2022\/03\/24\/24-years-later-remembering-westside-school-shooting-victims\/\" target=\"_blank\" rel=\"noopener\">1998 na Westside School, em Jonesboro<\/a>, Askansas realizados por dois homens armados. Ao todo, 146 pessoas foram mortas nos ataques e, pelo menos, outras 182 ficaram feridas.<\/p>\n<p>A escolha do termo &#8220;os atiradores&#8221; para descrever os autores \u00e9 precisa &#8211; de acordo com nosso banco de dados, todos os massacres escolares foram <a href=\"https:\/\/www.theviolenceproject.org\/mass-shooter-database\/\" target=\"_blank\" rel=\"noopener\">realizados por homens ou meninos<\/a>. A idade m\u00e9dia dos envolvidos quando realizam os ataques \u00e9 de 18 anos.<\/p>\n<p>Essa caracter\u00edstica se encaixa na imagem do <a href=\"https:\/\/www.thedailybeast.com\/robb-elementary-school-gunman-salvador-ramos-bought-two-rifles-on-his-18th-birthday-texas-officials-say\" target=\"_blank\" rel=\"noopener\">atirador da Robb Elementary School<\/a>, que completou 18 anos apenas dias antes do tiroteio e que teria supostamente <a href=\"https:\/\/www.star-telegram.com\/news\/state\/texas\/article261766762.html\" target=\"_blank\" rel=\"noopener\">comprado duas armas estilo militar<\/a>. Acredita-se que ele tenha usado uma dessas armas no ataque, conforme dito pelas autoridades em 25 de maio de 2022.<\/p>\n<p>A pol\u00edcia ainda <a href=\"https:\/\/www.latimes.com\/world-nation\/story\/2022-05-24\/texas-elementary-school-shooting\" target=\"_blank\" rel=\"noopener\">ir\u00e1 divulgar informa\u00e7\u00f5es-chave<\/a> sobre o atirador, incluindo o que o motivou a matar as crian\u00e7as e os adultos na Robb Elementary School. A descri\u00e7\u00e3o do autor dos ataques est\u00e1 em conformidade com o perfil tra\u00e7ado de alguns atiradores no passado, mas diverge em algumas caracter\u00edsticas.<\/p>\n<p>Sabemos que a maioria dos atiradores tem conex\u00f5es com a escola que visam atacar. Doze dos 14 atiradores de escolas que comp\u00f5em nosso banco de dados (informa\u00e7\u00e3o anterior ao mais recente ataque no Texas) eram alunos ou ex-alunos das escolas atacadas. Ainda n\u00e3o foi divulgado ao p\u00fablico se h\u00e1 alguma conex\u00e3o pr\u00e9via entre o atirador mais recente e a Robb Elementary School.<\/p>\n<p>Nossa pesquisa e <a href=\"https:\/\/www.theviolenceproject.org\/about-us\/our-book\/\" target=\"_blank\" rel=\"noopener\">dezenas de entrevistas com autores de tiroteios em massa hoje encarcerados<\/a> sugerem que, para a maioria deles, o ataque deve ser um ato final, ou seja, a maioria dos autores deve morrer nos ataques. Dos 15 atiradores em nosso banco de dados, apenas sete foram detidos. O restante morreu no local, quase todos cometeram suic\u00eddio sendo a \u00fanica exce\u00e7\u00e3o o atirador da Robb Elementary School, que foi morto pela pol\u00edcia.<\/p>\n<p>Os atiradores tendem a anunciar de alguma maneira seus ataques, deixando postagens, mensagens ou v\u00eddeos alertando sobre sua inten\u00e7\u00e3o.<\/p>\n<p>Inspirados por atiradores em escolas que praticaram ataques anteriores, alguns autores est\u00e3o <a href=\"https:\/\/theconversation.com\/a-quest-for-significance-gone-horribly-wrong-how-mass-shooters-pervert-a-universal-desire-to-make-a-difference-in-the-world-183199\" target=\"_blank\" rel=\"noopener\">buscando fama e notoriedade<\/a>. No entanto, a maioria dos atiradores \u00e9 motivada por uma raiva generalizada. Seu caminho para a viol\u00eancia envolve \u00f3dio a si pr\u00f3prios e desespero em rela\u00e7\u00e3o ao mundo, e a pesquisa descobriu que muitas vezes eles comunicam sua inten\u00e7\u00e3o com anteced\u00eancia, como um desesperado <a href=\"https:\/\/jamanetwork.com\/journals\/jamanetworkopen\/fullarticle\/2785799\" target=\"_blank\" rel=\"noopener\">pedido de ajuda<\/a>. A chave para impedir essas trag\u00e9dias \u00e9 que a sociedade esteja <a href=\"https:\/\/theconversation.com\/accused-buffalo-mass-shooter-had-threatened-a-shooting-while-in-high-school-could-more-have-been-done-to-avert-the-tragedy-183455\" target=\"_blank\" rel=\"noopener\">atenta a esses sinais de alerta<\/a> e aja imediatamente ao perceb\u00ea-los.<\/p>\n<p><a href=\"https:\/\/theconversation.com\/profiles\/jillian-peterson-683484\" target=\"_blank\" rel=\"noopener\">Jillian Peterson<\/a> \u00e9 psic\u00f3loga forense, professora associada de criminologia e justi\u00e7a criminal na Hamline University e co-presidente do The Violence Project. Ela obteve seu Doutorado em Psicologia e Comportamento Social pela Universidade da Calif\u00f3rnia, Irvine. Suas \u00e1reas de interesse e especializa\u00e7\u00e3o s\u00e3o psicologia forense, sa\u00fade mental no sistema de justi\u00e7a criminal, viol\u00eancia cibern\u00e9tica, viol\u00eancia escolar e tiroteios em massa. Ela dirigiu recentemente um grande projeto de pesquisa financiado pelo National Institute of Justice, examinando as hist\u00f3rias de vida de mais de 170 atiradores em massa.<\/p>\n<p><a href=\"https:\/\/theconversation.com\/profiles\/james-densley-509467\" target=\"_blank\" rel=\"noopener\">Dr. James Densley<\/a> \u00e9 professor de Justi\u00e7a Criminal e presidente do Departamento de Law Enforcement e Justi\u00e7a Criminal na Metro State University, parte do sistema estadual de Minnesota. Ele \u00e9 co-fundador e co-presidente do The Violence Project Research Center, projeto mais conhecido por seu banco de dados de atiradores em massa.<\/p>\n<p>Densley recebeu aten\u00e7\u00e3o da m\u00eddia mundial por seu trabalho com gangues de rua, redes criminosas, viol\u00eancia e policiamento. Ele \u00e9 autor e co-autor de sete livros, incluindo &#8220;The Violence Project: How to Stop a Mass Shooting Epidemic&#8221;, vencedor do Minnesota Book Award de 2022. Escreveu ainda 50 artigos revisados por seus pares nas principais revistas de ci\u00eancias sociais; e mais de 100 cap\u00edtulos de livros, ensaios e outros trabalhos em ve\u00edculos como CNN, The Guardian, The LA Times, USA Today, The Wall Street Journal e The Washington Post.<\/p>\n<hr \/>\n<p><em>Traduzido do ingl\u00eas por Daniela Freitas \/ Revisado por Gra\u00e7a Pinheiro<\/em><\/p>\n","protected":false},"excerpt":{"rendered":"<p>O massacre da Columbine High School (Escola de Ensino M\u00e9dio), que aconteceu em 1999, foi um divisor de \u00e1guas nos Estados Unidos &#8211; o pior tiroteio em massa em uma escola na hist\u00f3ria do pa\u00eds. Por James Densley e Jillian&hellip;<\/p>\n","protected":false},"author":1791,"featured_media":1592009,"comment_status":"closed","ping_status":"closed","sticky":false,"template":"","format":"standard","meta":{"footnotes":""},"categories":[105,111],"tags":[56294,102452],"class_list":["post-1595920","post","type-post","status-publish","format-standard","has-post-thumbnail","hentry","category-america-do-norte","category-politica-pt-pt","tag-armas-pt-pt","tag-tiroteios-em-escolas"],"yoast_head":"<!-- This site is optimized with the Yoast SEO plugin v27.1.1 - https:\/\/yoast.com\/product\/yoast-seo-wordpress\/ -->\n<title>O que se sabe sobre os massacres escolares dos Estados Unidos e os atiradores que os realizam<\/title>\n<meta name=\"description\" content=\"O massacre da Columbine High School (Escola de Ensino M\u00e9dio), que aconteceu em 1999, foi um divisor de \u00e1guas nos Estados Unidos - o pior tiroteio em massa\" \/>\n<meta name=\"robots\" content=\"index, follow, max-snippet:-1, max-image-preview:large, max-video-preview:-1\" \/>\n<link rel=\"canonical\" href=\"https:\/\/www.pressenza.com\/pt-pt\/2022\/06\/o-que-se-sabe-sobre-os-massacres-escolares-dos-estados-unidos-e-os-atiradores-que-os-realizam\/\" \/>\n<meta property=\"og:locale\" content=\"pt_PT\" \/>\n<meta property=\"og:type\" content=\"article\" \/>\n<meta property=\"og:title\" content=\"O que se sabe sobre os massacres escolares dos Estados Unidos e os atiradores que os realizam\" \/>\n<meta property=\"og:description\" content=\"O massacre da Columbine High School (Escola de Ensino M\u00e9dio), que aconteceu em 1999, foi um divisor de \u00e1guas nos Estados Unidos - o pior tiroteio em massa\" \/>\n<meta property=\"og:url\" content=\"https:\/\/www.pressenza.com\/pt-pt\/2022\/06\/o-que-se-sabe-sobre-os-massacres-escolares-dos-estados-unidos-e-os-atiradores-que-os-realizam\/\" \/>\n<meta property=\"og:site_name\" content=\"Pressenza\" \/>\n<meta property=\"article:publisher\" content=\"https:\/\/www.facebook.com\/PressenzaItalia\" \/>\n<meta property=\"article:author\" content=\"https:\/\/www.facebook.com\/ConversationUK\" \/>\n<meta property=\"article:published_time\" content=\"2022-06-01T20:41:40+00:00\" \/>\n<meta property=\"article:modified_time\" content=\"2022-06-01T20:43:36+00:00\" \/>\n<meta property=\"og:image\" content=\"https:\/\/www.pressenza.com\/wp-content\/uploads\/2022\/05\/school-shootings.jpeg\" \/>\n\t<meta property=\"og:image:width\" content=\"1200\" \/>\n\t<meta property=\"og:image:height\" content=\"1200\" \/>\n\t<meta property=\"og:image:type\" content=\"image\/jpeg\" \/>\n<meta name=\"author\" content=\"The Conversation\" \/>\n<meta name=\"twitter:card\" content=\"summary_large_image\" \/>\n<meta name=\"twitter:creator\" content=\"@ConversationUK\" \/>\n<meta name=\"twitter:site\" content=\"@PressenzaIPA\" \/>\n<meta name=\"twitter:label1\" content=\"Escrito por\" \/>\n\t<meta name=\"twitter:data1\" content=\"The Conversation\" \/>\n\t<meta name=\"twitter:label2\" content=\"Tempo estimado de leitura\" \/>\n\t<meta name=\"twitter:data2\" content=\"5 minutos\" \/>\n<script type=\"application\/ld+json\" class=\"yoast-schema-graph\">{\"@context\":\"https:\/\/schema.org\",\"@graph\":[{\"@type\":\"Article\",\"@id\":\"https:\/\/www.pressenza.com\/pt-pt\/2022\/06\/o-que-se-sabe-sobre-os-massacres-escolares-dos-estados-unidos-e-os-atiradores-que-os-realizam\/#article\",\"isPartOf\":{\"@id\":\"https:\/\/www.pressenza.com\/pt-pt\/2022\/06\/o-que-se-sabe-sobre-os-massacres-escolares-dos-estados-unidos-e-os-atiradores-que-os-realizam\/\"},\"author\":{\"name\":\"The Conversation\",\"@id\":\"https:\/\/www.pressenza.com\/pt-pt\/#\/schema\/person\/e1864562a7d22b9c279812ebdb56e58d\"},\"headline\":\"O que se sabe sobre os massacres escolares dos Estados Unidos e os atiradores que os realizam\",\"datePublished\":\"2022-06-01T20:41:40+00:00\",\"dateModified\":\"2022-06-01T20:43:36+00:00\",\"mainEntityOfPage\":{\"@id\":\"https:\/\/www.pressenza.com\/pt-pt\/2022\/06\/o-que-se-sabe-sobre-os-massacres-escolares-dos-estados-unidos-e-os-atiradores-que-os-realizam\/\"},\"wordCount\":1055,\"publisher\":{\"@id\":\"https:\/\/www.pressenza.com\/pt-pt\/#organization\"},\"image\":{\"@id\":\"https:\/\/www.pressenza.com\/pt-pt\/2022\/06\/o-que-se-sabe-sobre-os-massacres-escolares-dos-estados-unidos-e-os-atiradores-que-os-realizam\/#primaryimage\"},\"thumbnailUrl\":\"https:\/\/www.pressenza.com\/wp-content\/uploads\/2022\/05\/school-shootings.jpeg\",\"keywords\":[\"armas\",\"tiroteios em escolas\"],\"articleSection\":[\"Am\u00e9rica do Norte\",\"Pol\u00edtica\"],\"inLanguage\":\"pt-PT\"},{\"@type\":\"WebPage\",\"@id\":\"https:\/\/www.pressenza.com\/pt-pt\/2022\/06\/o-que-se-sabe-sobre-os-massacres-escolares-dos-estados-unidos-e-os-atiradores-que-os-realizam\/\",\"url\":\"https:\/\/www.pressenza.com\/pt-pt\/2022\/06\/o-que-se-sabe-sobre-os-massacres-escolares-dos-estados-unidos-e-os-atiradores-que-os-realizam\/\",\"name\":\"O que se sabe sobre os massacres escolares dos Estados Unidos e os atiradores que os realizam\",\"isPartOf\":{\"@id\":\"https:\/\/www.pressenza.com\/pt-pt\/#website\"},\"primaryImageOfPage\":{\"@id\":\"https:\/\/www.pressenza.com\/pt-pt\/2022\/06\/o-que-se-sabe-sobre-os-massacres-escolares-dos-estados-unidos-e-os-atiradores-que-os-realizam\/#primaryimage\"},\"image\":{\"@id\":\"https:\/\/www.pressenza.com\/pt-pt\/2022\/06\/o-que-se-sabe-sobre-os-massacres-escolares-dos-estados-unidos-e-os-atiradores-que-os-realizam\/#primaryimage\"},\"thumbnailUrl\":\"https:\/\/www.pressenza.com\/wp-content\/uploads\/2022\/05\/school-shootings.jpeg\",\"datePublished\":\"2022-06-01T20:41:40+00:00\",\"dateModified\":\"2022-06-01T20:43:36+00:00\",\"description\":\"O massacre da Columbine High School (Escola de Ensino M\u00e9dio), que aconteceu em 1999, foi um divisor de \u00e1guas nos Estados Unidos - o pior tiroteio em massa\",\"breadcrumb\":{\"@id\":\"https:\/\/www.pressenza.com\/pt-pt\/2022\/06\/o-que-se-sabe-sobre-os-massacres-escolares-dos-estados-unidos-e-os-atiradores-que-os-realizam\/#breadcrumb\"},\"inLanguage\":\"pt-PT\",\"potentialAction\":[{\"@type\":\"ReadAction\",\"target\":[\"https:\/\/www.pressenza.com\/pt-pt\/2022\/06\/o-que-se-sabe-sobre-os-massacres-escolares-dos-estados-unidos-e-os-atiradores-que-os-realizam\/\"]}]},{\"@type\":\"ImageObject\",\"inLanguage\":\"pt-PT\",\"@id\":\"https:\/\/www.pressenza.com\/pt-pt\/2022\/06\/o-que-se-sabe-sobre-os-massacres-escolares-dos-estados-unidos-e-os-atiradores-que-os-realizam\/#primaryimage\",\"url\":\"https:\/\/www.pressenza.com\/wp-content\/uploads\/2022\/05\/school-shootings.jpeg\",\"contentUrl\":\"https:\/\/www.pressenza.com\/wp-content\/uploads\/2022\/05\/school-shootings.jpeg\",\"width\":1200,\"height\":1200},{\"@type\":\"BreadcrumbList\",\"@id\":\"https:\/\/www.pressenza.com\/pt-pt\/2022\/06\/o-que-se-sabe-sobre-os-massacres-escolares-dos-estados-unidos-e-os-atiradores-que-os-realizam\/#breadcrumb\",\"itemListElement\":[{\"@type\":\"ListItem\",\"position\":1,\"name\":\"Accueil\",\"item\":\"https:\/\/www.pressenza.com\/pt-pt\/\"},{\"@type\":\"ListItem\",\"position\":2,\"name\":\"O que se sabe sobre os massacres escolares dos Estados Unidos e os atiradores que os realizam\"}]},{\"@type\":\"WebSite\",\"@id\":\"https:\/\/www.pressenza.com\/pt-pt\/#website\",\"url\":\"https:\/\/www.pressenza.com\/pt-pt\/\",\"name\":\"Pressenza\",\"description\":\"International Press Agency\",\"publisher\":{\"@id\":\"https:\/\/www.pressenza.com\/pt-pt\/#organization\"},\"potentialAction\":[{\"@type\":\"SearchAction\",\"target\":{\"@type\":\"EntryPoint\",\"urlTemplate\":\"https:\/\/www.pressenza.com\/pt-pt\/?s={search_term_string}\"},\"query-input\":{\"@type\":\"PropertyValueSpecification\",\"valueRequired\":true,\"valueName\":\"search_term_string\"}}],\"inLanguage\":\"pt-PT\"},{\"@type\":\"Organization\",\"@id\":\"https:\/\/www.pressenza.com\/pt-pt\/#organization\",\"name\":\"Pressenza\",\"url\":\"https:\/\/www.pressenza.com\/pt-pt\/\",\"logo\":{\"@type\":\"ImageObject\",\"inLanguage\":\"pt-PT\",\"@id\":\"https:\/\/www.pressenza.com\/pt-pt\/#\/schema\/logo\/image\/\",\"url\":\"https:\/\/www.pressenza.com\/wp-content\/uploads\/2022\/10\/pressenza_logo_200x200.jpg\",\"contentUrl\":\"https:\/\/www.pressenza.com\/wp-content\/uploads\/2022\/10\/pressenza_logo_200x200.jpg\",\"width\":200,\"height\":200,\"caption\":\"Pressenza\"},\"image\":{\"@id\":\"https:\/\/www.pressenza.com\/pt-pt\/#\/schema\/logo\/image\/\"},\"sameAs\":[\"https:\/\/www.facebook.com\/PressenzaItalia\",\"https:\/\/x.com\/PressenzaIPA\"]},{\"@type\":\"Person\",\"@id\":\"https:\/\/www.pressenza.com\/pt-pt\/#\/schema\/person\/e1864562a7d22b9c279812ebdb56e58d\",\"name\":\"The Conversation\",\"description\":\"The Conversation is an independent source of news and views, sourced from the academic and research community and delivered direct to the public.\",\"sameAs\":[\"https:\/\/theconversation.com\/uk\/\",\"https:\/\/www.facebook.com\/ConversationUK\",\"https:\/\/x.com\/ConversationUK\"],\"url\":\"https:\/\/www.pressenza.com\/pt-pt\/author\/the-conversation\/\"}]}<\/script>\n<!-- \/ Yoast SEO plugin. -->","yoast_head_json":{"title":"O que se sabe sobre os massacres escolares dos Estados Unidos e os atiradores que os realizam","description":"O massacre da Columbine High School (Escola de Ensino M\u00e9dio), que aconteceu em 1999, foi um divisor de \u00e1guas nos Estados Unidos - o pior tiroteio em massa","robots":{"index":"index","follow":"follow","max-snippet":"max-snippet:-1","max-image-preview":"max-image-preview:large","max-video-preview":"max-video-preview:-1"},"canonical":"https:\/\/www.pressenza.com\/pt-pt\/2022\/06\/o-que-se-sabe-sobre-os-massacres-escolares-dos-estados-unidos-e-os-atiradores-que-os-realizam\/","og_locale":"pt_PT","og_type":"article","og_title":"O que se sabe sobre os massacres escolares dos Estados Unidos e os atiradores que os realizam","og_description":"O massacre da Columbine High School (Escola de Ensino M\u00e9dio), que aconteceu em 1999, foi um divisor de \u00e1guas nos Estados Unidos - o pior tiroteio em massa","og_url":"https:\/\/www.pressenza.com\/pt-pt\/2022\/06\/o-que-se-sabe-sobre-os-massacres-escolares-dos-estados-unidos-e-os-atiradores-que-os-realizam\/","og_site_name":"Pressenza","article_publisher":"https:\/\/www.facebook.com\/PressenzaItalia","article_author":"https:\/\/www.facebook.com\/ConversationUK","article_published_time":"2022-06-01T20:41:40+00:00","article_modified_time":"2022-06-01T20:43:36+00:00","og_image":[{"width":1200,"height":1200,"url":"https:\/\/www.pressenza.com\/wp-content\/uploads\/2022\/05\/school-shootings.jpeg","type":"image\/jpeg"}],"author":"The Conversation","twitter_card":"summary_large_image","twitter_creator":"@ConversationUK","twitter_site":"@PressenzaIPA","twitter_misc":{"Escrito por":"The Conversation","Tempo estimado de leitura":"5 minutos"},"schema":{"@context":"https:\/\/schema.org","@graph":[{"@type":"Article","@id":"https:\/\/www.pressenza.com\/pt-pt\/2022\/06\/o-que-se-sabe-sobre-os-massacres-escolares-dos-estados-unidos-e-os-atiradores-que-os-realizam\/#article","isPartOf":{"@id":"https:\/\/www.pressenza.com\/pt-pt\/2022\/06\/o-que-se-sabe-sobre-os-massacres-escolares-dos-estados-unidos-e-os-atiradores-que-os-realizam\/"},"author":{"name":"The Conversation","@id":"https:\/\/www.pressenza.com\/pt-pt\/#\/schema\/person\/e1864562a7d22b9c279812ebdb56e58d"},"headline":"O que se sabe sobre os massacres escolares dos Estados Unidos e os atiradores que os realizam","datePublished":"2022-06-01T20:41:40+00:00","dateModified":"2022-06-01T20:43:36+00:00","mainEntityOfPage":{"@id":"https:\/\/www.pressenza.com\/pt-pt\/2022\/06\/o-que-se-sabe-sobre-os-massacres-escolares-dos-estados-unidos-e-os-atiradores-que-os-realizam\/"},"wordCount":1055,"publisher":{"@id":"https:\/\/www.pressenza.com\/pt-pt\/#organization"},"image":{"@id":"https:\/\/www.pressenza.com\/pt-pt\/2022\/06\/o-que-se-sabe-sobre-os-massacres-escolares-dos-estados-unidos-e-os-atiradores-que-os-realizam\/#primaryimage"},"thumbnailUrl":"https:\/\/www.pressenza.com\/wp-content\/uploads\/2022\/05\/school-shootings.jpeg","keywords":["armas","tiroteios em escolas"],"articleSection":["Am\u00e9rica do Norte","Pol\u00edtica"],"inLanguage":"pt-PT"},{"@type":"WebPage","@id":"https:\/\/www.pressenza.com\/pt-pt\/2022\/06\/o-que-se-sabe-sobre-os-massacres-escolares-dos-estados-unidos-e-os-atiradores-que-os-realizam\/","url":"https:\/\/www.pressenza.com\/pt-pt\/2022\/06\/o-que-se-sabe-sobre-os-massacres-escolares-dos-estados-unidos-e-os-atiradores-que-os-realizam\/","name":"O que se sabe sobre os massacres escolares dos Estados Unidos e os atiradores que os realizam","isPartOf":{"@id":"https:\/\/www.pressenza.com\/pt-pt\/#website"},"primaryImageOfPage":{"@id":"https:\/\/www.pressenza.com\/pt-pt\/2022\/06\/o-que-se-sabe-sobre-os-massacres-escolares-dos-estados-unidos-e-os-atiradores-que-os-realizam\/#primaryimage"},"image":{"@id":"https:\/\/www.pressenza.com\/pt-pt\/2022\/06\/o-que-se-sabe-sobre-os-massacres-escolares-dos-estados-unidos-e-os-atiradores-que-os-realizam\/#primaryimage"},"thumbnailUrl":"https:\/\/www.pressenza.com\/wp-content\/uploads\/2022\/05\/school-shootings.jpeg","datePublished":"2022-06-01T20:41:40+00:00","dateModified":"2022-06-01T20:43:36+00:00","description":"O massacre da Columbine High School (Escola de Ensino M\u00e9dio), que aconteceu em 1999, foi um divisor de \u00e1guas nos Estados Unidos - o pior tiroteio em massa","breadcrumb":{"@id":"https:\/\/www.pressenza.com\/pt-pt\/2022\/06\/o-que-se-sabe-sobre-os-massacres-escolares-dos-estados-unidos-e-os-atiradores-que-os-realizam\/#breadcrumb"},"inLanguage":"pt-PT","potentialAction":[{"@type":"ReadAction","target":["https:\/\/www.pressenza.com\/pt-pt\/2022\/06\/o-que-se-sabe-sobre-os-massacres-escolares-dos-estados-unidos-e-os-atiradores-que-os-realizam\/"]}]},{"@type":"ImageObject","inLanguage":"pt-PT","@id":"https:\/\/www.pressenza.com\/pt-pt\/2022\/06\/o-que-se-sabe-sobre-os-massacres-escolares-dos-estados-unidos-e-os-atiradores-que-os-realizam\/#primaryimage","url":"https:\/\/www.pressenza.com\/wp-content\/uploads\/2022\/05\/school-shootings.jpeg","contentUrl":"https:\/\/www.pressenza.com\/wp-content\/uploads\/2022\/05\/school-shootings.jpeg","width":1200,"height":1200},{"@type":"BreadcrumbList","@id":"https:\/\/www.pressenza.com\/pt-pt\/2022\/06\/o-que-se-sabe-sobre-os-massacres-escolares-dos-estados-unidos-e-os-atiradores-que-os-realizam\/#breadcrumb","itemListElement":[{"@type":"ListItem","position":1,"name":"Accueil","item":"https:\/\/www.pressenza.com\/pt-pt\/"},{"@type":"ListItem","position":2,"name":"O que se sabe sobre os massacres escolares dos Estados Unidos e os atiradores que os realizam"}]},{"@type":"WebSite","@id":"https:\/\/www.pressenza.com\/pt-pt\/#website","url":"https:\/\/www.pressenza.com\/pt-pt\/","name":"Pressenza","description":"International Press Agency","publisher":{"@id":"https:\/\/www.pressenza.com\/pt-pt\/#organization"},"potentialAction":[{"@type":"SearchAction","target":{"@type":"EntryPoint","urlTemplate":"https:\/\/www.pressenza.com\/pt-pt\/?s={search_term_string}"},"query-input":{"@type":"PropertyValueSpecification","valueRequired":true,"valueName":"search_term_string"}}],"inLanguage":"pt-PT"},{"@type":"Organization","@id":"https:\/\/www.pressenza.com\/pt-pt\/#organization","name":"Pressenza","url":"https:\/\/www.pressenza.com\/pt-pt\/","logo":{"@type":"ImageObject","inLanguage":"pt-PT","@id":"https:\/\/www.pressenza.com\/pt-pt\/#\/schema\/logo\/image\/","url":"https:\/\/www.pressenza.com\/wp-content\/uploads\/2022\/10\/pressenza_logo_200x200.jpg","contentUrl":"https:\/\/www.pressenza.com\/wp-content\/uploads\/2022\/10\/pressenza_logo_200x200.jpg","width":200,"height":200,"caption":"Pressenza"},"image":{"@id":"https:\/\/www.pressenza.com\/pt-pt\/#\/schema\/logo\/image\/"},"sameAs":["https:\/\/www.facebook.com\/PressenzaItalia","https:\/\/x.com\/PressenzaIPA"]},{"@type":"Person","@id":"https:\/\/www.pressenza.com\/pt-pt\/#\/schema\/person\/e1864562a7d22b9c279812ebdb56e58d","name":"The Conversation","description":"The Conversation is an independent source of news and views, sourced from the academic and research community and delivered direct to the public.","sameAs":["https:\/\/theconversation.com\/uk\/","https:\/\/www.facebook.com\/ConversationUK","https:\/\/x.com\/ConversationUK"],"url":"https:\/\/www.pressenza.com\/pt-pt\/author\/the-conversation\/"}]}},"place":"EUA, Estados Unidos","original_article_url":"https:\/\/theconversation.com\/what-we-know-about-mass-school-shootings-in-the-us-and-the-gunmen-who-carry-them-out-183812","_links":{"self":[{"href":"https:\/\/www.pressenza.com\/pt-pt\/wp-json\/wp\/v2\/posts\/1595920","targetHints":{"allow":["GET"]}}],"collection":[{"href":"https:\/\/www.pressenza.com\/pt-pt\/wp-json\/wp\/v2\/posts"}],"about":[{"href":"https:\/\/www.pressenza.com\/pt-pt\/wp-json\/wp\/v2\/types\/post"}],"author":[{"embeddable":true,"href":"https:\/\/www.pressenza.com\/pt-pt\/wp-json\/wp\/v2\/users\/1791"}],"replies":[{"embeddable":true,"href":"https:\/\/www.pressenza.com\/pt-pt\/wp-json\/wp\/v2\/comments?post=1595920"}],"version-history":[{"count":0,"href":"https:\/\/www.pressenza.com\/pt-pt\/wp-json\/wp\/v2\/posts\/1595920\/revisions"}],"wp:featuredmedia":[{"embeddable":true,"href":"https:\/\/www.pressenza.com\/pt-pt\/wp-json\/wp\/v2\/media\/1592009"}],"wp:attachment":[{"href":"https:\/\/www.pressenza.com\/pt-pt\/wp-json\/wp\/v2\/media?parent=1595920"}],"wp:term":[{"taxonomy":"category","embeddable":true,"href":"https:\/\/www.pressenza.com\/pt-pt\/wp-json\/wp\/v2\/categories?post=1595920"},{"taxonomy":"post_tag","embeddable":true,"href":"https:\/\/www.pressenza.com\/pt-pt\/wp-json\/wp\/v2\/tags?post=1595920"}],"curies":[{"name":"wp","href":"https:\/\/api.w.org\/{rel}","templated":true}]}}