{"id":1594162,"date":"2022-05-29T19:37:24","date_gmt":"2022-05-29T18:37:24","guid":{"rendered":"https:\/\/www.pressenza.com\/?p=1594162"},"modified":"2022-05-29T19:37:24","modified_gmt":"2022-05-29T18:37:24","slug":"noticia","status":"publish","type":"post","link":"https:\/\/www.pressenza.com\/pt-pt\/2022\/05\/noticia\/","title":{"rendered":"Not\u00edcia"},"content":{"rendered":"<h5><span style=\"color: #999999;\">POEMA<\/span><\/h5>\n<p><em><strong>Por Val\u00e9ria Soares<\/strong><\/em><\/p>\n<p>&nbsp;<\/p>\n<div dir=\"auto\">Todo mundo \u00e9 bandido<\/div>\n<div dir=\"auto\">Toda bala perdida, encontrada<\/div>\n<div dir=\"auto\">No corpo que jaz<\/div>\n<div dir=\"auto\">Antes de morto cair.<\/div>\n<div dir=\"auto\">Todo mundo \u00e9 bandido<\/div>\n<div dir=\"auto\">Toda tiro justificado<\/div>\n<div dir=\"auto\">Senten\u00e7a do desprezo<\/div>\n<div dir=\"auto\">Senten\u00e7a da fome<\/div>\n<div dir=\"auto\">Senten\u00e7a do preconceito<\/div>\n<div dir=\"auto\">Senten\u00e7a da viol\u00eancia<\/div>\n<div dir=\"auto\">Da bala perdida<\/div>\n<div dir=\"auto\">Encontrada no corpo que jaz<\/div>\n<div dir=\"auto\">No ch\u00e3o movedi\u00e7o<\/div>\n<div dir=\"auto\">Da comunidade<\/div>\n<div dir=\"auto\">Repleta de pretos<\/div>\n<div dir=\"auto\">Repleta de pobres<\/div>\n<div dir=\"auto\">Repleta de balas perdidas<\/div>\n<div dir=\"auto\">Encontradas<\/div>\n<div dir=\"auto\">Nos corpos que jazem<\/div>\n<div dir=\"auto\">Antes de mortos ca\u00edrem<\/div>\n<div dir=\"auto\">No inexistente ch\u00e3o das favelas.<\/div>\n<div dir=\"auto\"><\/div>\n","protected":false},"excerpt":{"rendered":"<p>POEMA Por Val\u00e9ria Soares &nbsp; Todo mundo \u00e9 bandido Toda bala perdida, encontrada No corpo que jaz Antes de morto cair. Todo mundo \u00e9 bandido Toda tiro justificado Senten\u00e7a do desprezo Senten\u00e7a da fome Senten\u00e7a do preconceito Senten\u00e7a da viol\u00eancia&hellip;<\/p>\n","protected":false},"author":2006,"featured_media":1594193,"comment_status":"closed","ping_status":"closed","sticky":false,"template":"","format":"standard","meta":{"footnotes":""},"categories":[104,11390,112,165],"tags":[75238,75336,75310],"class_list":["post-1594162","post","type-post","status-publish","format-standard","has-post-thumbnail","hentry","category-america-do-sul","category-conteudo-original","category-cultura-pt-pt","category-opiniao","tag-caderno-de-cultura","tag-poema-pt-pt","tag-poesia-pt-pt"],"yoast_head":"<!-- This site is optimized with the Yoast SEO plugin v27.1.1 - https:\/\/yoast.com\/product\/yoast-seo-wordpress\/ -->\n<title>Not\u00edcia<\/title>\n<meta name=\"description\" content=\"POEMA Por Val\u00e9ria Soares &nbsp; Todo mundo \u00e9 bandido Toda bala perdida, encontrada No corpo que jaz Antes de morto cair. Todo mundo \u00e9 bandido Toda tiro\" \/>\n<meta name=\"robots\" content=\"index, follow, max-snippet:-1, max-image-preview:large, max-video-preview:-1\" \/>\n<link rel=\"canonical\" href=\"https:\/\/www.pressenza.com\/pt-pt\/2022\/05\/noticia\/\" \/>\n<meta property=\"og:locale\" content=\"pt_PT\" \/>\n<meta property=\"og:type\" content=\"article\" \/>\n<meta property=\"og:title\" content=\"Not\u00edcia\" \/>\n<meta property=\"og:description\" content=\"POEMA Por Val\u00e9ria Soares &nbsp; Todo mundo \u00e9 bandido Toda bala perdida, encontrada No corpo que jaz Antes de morto cair. Todo mundo \u00e9 bandido Toda tiro\" \/>\n<meta property=\"og:url\" content=\"https:\/\/www.pressenza.com\/pt-pt\/2022\/05\/noticia\/\" \/>\n<meta property=\"og:site_name\" content=\"Pressenza\" \/>\n<meta property=\"article:publisher\" content=\"https:\/\/www.facebook.com\/PressenzaItalia\" \/>\n<meta property=\"article:published_time\" content=\"2022-05-29T18:37:24+00:00\" \/>\n<meta property=\"og:image\" content=\"https:\/\/www.pressenza.com\/wp-content\/uploads\/2022\/05\/city.jpg\" \/>\n\t<meta property=\"og:image:width\" content=\"640\" \/>\n\t<meta property=\"og:image:height\" content=\"427\" \/>\n\t<meta property=\"og:image:type\" content=\"image\/jpeg\" \/>\n<meta name=\"author\" content=\"Valeria Soares da Silva\" \/>\n<meta name=\"twitter:card\" content=\"summary_large_image\" \/>\n<meta name=\"twitter:creator\" content=\"@PressenzaIPA\" \/>\n<meta name=\"twitter:site\" content=\"@PressenzaIPA\" \/>\n<meta name=\"twitter:label1\" content=\"Escrito por\" \/>\n\t<meta name=\"twitter:data1\" content=\"Valeria Soares da Silva\" \/>\n\t<meta name=\"twitter:label2\" content=\"Tempo estimado de leitura\" \/>\n\t<meta name=\"twitter:data2\" content=\"1 minuto\" \/>\n<script type=\"application\/ld+json\" class=\"yoast-schema-graph\">{\"@context\":\"https:\/\/schema.org\",\"@graph\":[{\"@type\":\"Article\",\"@id\":\"https:\/\/www.pressenza.com\/pt-pt\/2022\/05\/noticia\/#article\",\"isPartOf\":{\"@id\":\"https:\/\/www.pressenza.com\/pt-pt\/2022\/05\/noticia\/\"},\"author\":{\"name\":\"Valeria Soares da Silva\",\"@id\":\"https:\/\/www.pressenza.com\/pt-pt\/#\/schema\/person\/f93a82c618f1dc954dad85e93aaf4023\"},\"headline\":\"Not\u00edcia\",\"datePublished\":\"2022-05-29T18:37:24+00:00\",\"mainEntityOfPage\":{\"@id\":\"https:\/\/www.pressenza.com\/pt-pt\/2022\/05\/noticia\/\"},\"wordCount\":87,\"publisher\":{\"@id\":\"https:\/\/www.pressenza.com\/pt-pt\/#organization\"},\"image\":{\"@id\":\"https:\/\/www.pressenza.com\/pt-pt\/2022\/05\/noticia\/#primaryimage\"},\"thumbnailUrl\":\"https:\/\/www.pressenza.com\/wp-content\/uploads\/2022\/05\/city.jpg\",\"keywords\":[\"caderno de cultura\",\"poema\",\"poes\u00eda\"],\"articleSection\":[\"\u00c1m\u00e9rica do Sul\",\"Conte\u00fado Original\",\"Cultura e M\u00eddia\",\"Opini\u00e3o\"],\"inLanguage\":\"pt-PT\"},{\"@type\":\"WebPage\",\"@id\":\"https:\/\/www.pressenza.com\/pt-pt\/2022\/05\/noticia\/\",\"url\":\"https:\/\/www.pressenza.com\/pt-pt\/2022\/05\/noticia\/\",\"name\":\"Not\u00edcia\",\"isPartOf\":{\"@id\":\"https:\/\/www.pressenza.com\/pt-pt\/#website\"},\"primaryImageOfPage\":{\"@id\":\"https:\/\/www.pressenza.com\/pt-pt\/2022\/05\/noticia\/#primaryimage\"},\"image\":{\"@id\":\"https:\/\/www.pressenza.com\/pt-pt\/2022\/05\/noticia\/#primaryimage\"},\"thumbnailUrl\":\"https:\/\/www.pressenza.com\/wp-content\/uploads\/2022\/05\/city.jpg\",\"datePublished\":\"2022-05-29T18:37:24+00:00\",\"description\":\"POEMA Por Val\u00e9ria Soares &nbsp; Todo mundo \u00e9 bandido Toda bala perdida, encontrada No corpo que jaz Antes de morto cair. Todo mundo \u00e9 bandido Toda tiro\",\"breadcrumb\":{\"@id\":\"https:\/\/www.pressenza.com\/pt-pt\/2022\/05\/noticia\/#breadcrumb\"},\"inLanguage\":\"pt-PT\",\"potentialAction\":[{\"@type\":\"ReadAction\",\"target\":[\"https:\/\/www.pressenza.com\/pt-pt\/2022\/05\/noticia\/\"]}]},{\"@type\":\"ImageObject\",\"inLanguage\":\"pt-PT\",\"@id\":\"https:\/\/www.pressenza.com\/pt-pt\/2022\/05\/noticia\/#primaryimage\",\"url\":\"https:\/\/www.pressenza.com\/wp-content\/uploads\/2022\/05\/city.jpg\",\"contentUrl\":\"https:\/\/www.pressenza.com\/wp-content\/uploads\/2022\/05\/city.jpg\",\"width\":640,\"height\":427},{\"@type\":\"BreadcrumbList\",\"@id\":\"https:\/\/www.pressenza.com\/pt-pt\/2022\/05\/noticia\/#breadcrumb\",\"itemListElement\":[{\"@type\":\"ListItem\",\"position\":1,\"name\":\"Accueil\",\"item\":\"https:\/\/www.pressenza.com\/pt-pt\/\"},{\"@type\":\"ListItem\",\"position\":2,\"name\":\"Not\u00edcia\"}]},{\"@type\":\"WebSite\",\"@id\":\"https:\/\/www.pressenza.com\/pt-pt\/#website\",\"url\":\"https:\/\/www.pressenza.com\/pt-pt\/\",\"name\":\"Pressenza\",\"description\":\"International Press Agency\",\"publisher\":{\"@id\":\"https:\/\/www.pressenza.com\/pt-pt\/#organization\"},\"potentialAction\":[{\"@type\":\"SearchAction\",\"target\":{\"@type\":\"EntryPoint\",\"urlTemplate\":\"https:\/\/www.pressenza.com\/pt-pt\/?s={search_term_string}\"},\"query-input\":{\"@type\":\"PropertyValueSpecification\",\"valueRequired\":true,\"valueName\":\"search_term_string\"}}],\"inLanguage\":\"pt-PT\"},{\"@type\":\"Organization\",\"@id\":\"https:\/\/www.pressenza.com\/pt-pt\/#organization\",\"name\":\"Pressenza\",\"url\":\"https:\/\/www.pressenza.com\/pt-pt\/\",\"logo\":{\"@type\":\"ImageObject\",\"inLanguage\":\"pt-PT\",\"@id\":\"https:\/\/www.pressenza.com\/pt-pt\/#\/schema\/logo\/image\/\",\"url\":\"https:\/\/www.pressenza.com\/wp-content\/uploads\/2022\/10\/pressenza_logo_200x200.jpg\",\"contentUrl\":\"https:\/\/www.pressenza.com\/wp-content\/uploads\/2022\/10\/pressenza_logo_200x200.jpg\",\"width\":200,\"height\":200,\"caption\":\"Pressenza\"},\"image\":{\"@id\":\"https:\/\/www.pressenza.com\/pt-pt\/#\/schema\/logo\/image\/\"},\"sameAs\":[\"https:\/\/www.facebook.com\/PressenzaItalia\",\"https:\/\/x.com\/PressenzaIPA\"]},{\"@type\":\"Person\",\"@id\":\"https:\/\/www.pressenza.com\/pt-pt\/#\/schema\/person\/f93a82c618f1dc954dad85e93aaf4023\",\"name\":\"Valeria Soares da Silva\",\"description\":\"Poeta e contista, Prof.de Literatura e L\u00edngua Portuguesa (UGF) com MBA em Gest\u00e3o e Empreendedorismo na Educa\u00e7\u00e3o (UFF) e Gestora P\u00fablica em educa\u00e7\u00e3o.\",\"url\":\"https:\/\/www.pressenza.com\/pt-pt\/author\/valeria-soares-da-silva\/\"}]}<\/script>\n<!-- \/ Yoast SEO plugin. -->","yoast_head_json":{"title":"Not\u00edcia","description":"POEMA Por Val\u00e9ria Soares &nbsp; Todo mundo \u00e9 bandido Toda bala perdida, encontrada No corpo que jaz Antes de morto cair. Todo mundo \u00e9 bandido Toda tiro","robots":{"index":"index","follow":"follow","max-snippet":"max-snippet:-1","max-image-preview":"max-image-preview:large","max-video-preview":"max-video-preview:-1"},"canonical":"https:\/\/www.pressenza.com\/pt-pt\/2022\/05\/noticia\/","og_locale":"pt_PT","og_type":"article","og_title":"Not\u00edcia","og_description":"POEMA Por Val\u00e9ria Soares &nbsp; Todo mundo \u00e9 bandido Toda bala perdida, encontrada No corpo que jaz Antes de morto cair. Todo mundo \u00e9 bandido Toda tiro","og_url":"https:\/\/www.pressenza.com\/pt-pt\/2022\/05\/noticia\/","og_site_name":"Pressenza","article_publisher":"https:\/\/www.facebook.com\/PressenzaItalia","article_published_time":"2022-05-29T18:37:24+00:00","og_image":[{"width":640,"height":427,"url":"https:\/\/www.pressenza.com\/wp-content\/uploads\/2022\/05\/city.jpg","type":"image\/jpeg"}],"author":"Valeria Soares da Silva","twitter_card":"summary_large_image","twitter_creator":"@PressenzaIPA","twitter_site":"@PressenzaIPA","twitter_misc":{"Escrito por":"Valeria Soares da Silva","Tempo estimado de leitura":"1 minuto"},"schema":{"@context":"https:\/\/schema.org","@graph":[{"@type":"Article","@id":"https:\/\/www.pressenza.com\/pt-pt\/2022\/05\/noticia\/#article","isPartOf":{"@id":"https:\/\/www.pressenza.com\/pt-pt\/2022\/05\/noticia\/"},"author":{"name":"Valeria Soares da Silva","@id":"https:\/\/www.pressenza.com\/pt-pt\/#\/schema\/person\/f93a82c618f1dc954dad85e93aaf4023"},"headline":"Not\u00edcia","datePublished":"2022-05-29T18:37:24+00:00","mainEntityOfPage":{"@id":"https:\/\/www.pressenza.com\/pt-pt\/2022\/05\/noticia\/"},"wordCount":87,"publisher":{"@id":"https:\/\/www.pressenza.com\/pt-pt\/#organization"},"image":{"@id":"https:\/\/www.pressenza.com\/pt-pt\/2022\/05\/noticia\/#primaryimage"},"thumbnailUrl":"https:\/\/www.pressenza.com\/wp-content\/uploads\/2022\/05\/city.jpg","keywords":["caderno de cultura","poema","poes\u00eda"],"articleSection":["\u00c1m\u00e9rica do Sul","Conte\u00fado Original","Cultura e M\u00eddia","Opini\u00e3o"],"inLanguage":"pt-PT"},{"@type":"WebPage","@id":"https:\/\/www.pressenza.com\/pt-pt\/2022\/05\/noticia\/","url":"https:\/\/www.pressenza.com\/pt-pt\/2022\/05\/noticia\/","name":"Not\u00edcia","isPartOf":{"@id":"https:\/\/www.pressenza.com\/pt-pt\/#website"},"primaryImageOfPage":{"@id":"https:\/\/www.pressenza.com\/pt-pt\/2022\/05\/noticia\/#primaryimage"},"image":{"@id":"https:\/\/www.pressenza.com\/pt-pt\/2022\/05\/noticia\/#primaryimage"},"thumbnailUrl":"https:\/\/www.pressenza.com\/wp-content\/uploads\/2022\/05\/city.jpg","datePublished":"2022-05-29T18:37:24+00:00","description":"POEMA Por Val\u00e9ria Soares &nbsp; Todo mundo \u00e9 bandido Toda bala perdida, encontrada No corpo que jaz Antes de morto cair. Todo mundo \u00e9 bandido Toda tiro","breadcrumb":{"@id":"https:\/\/www.pressenza.com\/pt-pt\/2022\/05\/noticia\/#breadcrumb"},"inLanguage":"pt-PT","potentialAction":[{"@type":"ReadAction","target":["https:\/\/www.pressenza.com\/pt-pt\/2022\/05\/noticia\/"]}]},{"@type":"ImageObject","inLanguage":"pt-PT","@id":"https:\/\/www.pressenza.com\/pt-pt\/2022\/05\/noticia\/#primaryimage","url":"https:\/\/www.pressenza.com\/wp-content\/uploads\/2022\/05\/city.jpg","contentUrl":"https:\/\/www.pressenza.com\/wp-content\/uploads\/2022\/05\/city.jpg","width":640,"height":427},{"@type":"BreadcrumbList","@id":"https:\/\/www.pressenza.com\/pt-pt\/2022\/05\/noticia\/#breadcrumb","itemListElement":[{"@type":"ListItem","position":1,"name":"Accueil","item":"https:\/\/www.pressenza.com\/pt-pt\/"},{"@type":"ListItem","position":2,"name":"Not\u00edcia"}]},{"@type":"WebSite","@id":"https:\/\/www.pressenza.com\/pt-pt\/#website","url":"https:\/\/www.pressenza.com\/pt-pt\/","name":"Pressenza","description":"International Press Agency","publisher":{"@id":"https:\/\/www.pressenza.com\/pt-pt\/#organization"},"potentialAction":[{"@type":"SearchAction","target":{"@type":"EntryPoint","urlTemplate":"https:\/\/www.pressenza.com\/pt-pt\/?s={search_term_string}"},"query-input":{"@type":"PropertyValueSpecification","valueRequired":true,"valueName":"search_term_string"}}],"inLanguage":"pt-PT"},{"@type":"Organization","@id":"https:\/\/www.pressenza.com\/pt-pt\/#organization","name":"Pressenza","url":"https:\/\/www.pressenza.com\/pt-pt\/","logo":{"@type":"ImageObject","inLanguage":"pt-PT","@id":"https:\/\/www.pressenza.com\/pt-pt\/#\/schema\/logo\/image\/","url":"https:\/\/www.pressenza.com\/wp-content\/uploads\/2022\/10\/pressenza_logo_200x200.jpg","contentUrl":"https:\/\/www.pressenza.com\/wp-content\/uploads\/2022\/10\/pressenza_logo_200x200.jpg","width":200,"height":200,"caption":"Pressenza"},"image":{"@id":"https:\/\/www.pressenza.com\/pt-pt\/#\/schema\/logo\/image\/"},"sameAs":["https:\/\/www.facebook.com\/PressenzaItalia","https:\/\/x.com\/PressenzaIPA"]},{"@type":"Person","@id":"https:\/\/www.pressenza.com\/pt-pt\/#\/schema\/person\/f93a82c618f1dc954dad85e93aaf4023","name":"Valeria Soares da Silva","description":"Poeta e contista, Prof.de Literatura e L\u00edngua Portuguesa (UGF) com MBA em Gest\u00e3o e Empreendedorismo na Educa\u00e7\u00e3o (UFF) e Gestora P\u00fablica em educa\u00e7\u00e3o.","url":"https:\/\/www.pressenza.com\/pt-pt\/author\/valeria-soares-da-silva\/"}]}},"place":"Teres\u00f3polis, Rio de Janeiro \/ Brasil","original_article_url":"","_links":{"self":[{"href":"https:\/\/www.pressenza.com\/pt-pt\/wp-json\/wp\/v2\/posts\/1594162","targetHints":{"allow":["GET"]}}],"collection":[{"href":"https:\/\/www.pressenza.com\/pt-pt\/wp-json\/wp\/v2\/posts"}],"about":[{"href":"https:\/\/www.pressenza.com\/pt-pt\/wp-json\/wp\/v2\/types\/post"}],"author":[{"embeddable":true,"href":"https:\/\/www.pressenza.com\/pt-pt\/wp-json\/wp\/v2\/users\/2006"}],"replies":[{"embeddable":true,"href":"https:\/\/www.pressenza.com\/pt-pt\/wp-json\/wp\/v2\/comments?post=1594162"}],"version-history":[{"count":0,"href":"https:\/\/www.pressenza.com\/pt-pt\/wp-json\/wp\/v2\/posts\/1594162\/revisions"}],"wp:featuredmedia":[{"embeddable":true,"href":"https:\/\/www.pressenza.com\/pt-pt\/wp-json\/wp\/v2\/media\/1594193"}],"wp:attachment":[{"href":"https:\/\/www.pressenza.com\/pt-pt\/wp-json\/wp\/v2\/media?parent=1594162"}],"wp:term":[{"taxonomy":"category","embeddable":true,"href":"https:\/\/www.pressenza.com\/pt-pt\/wp-json\/wp\/v2\/categories?post=1594162"},{"taxonomy":"post_tag","embeddable":true,"href":"https:\/\/www.pressenza.com\/pt-pt\/wp-json\/wp\/v2\/tags?post=1594162"}],"curies":[{"name":"wp","href":"https:\/\/api.w.org\/{rel}","templated":true}]}}