{"id":1590647,"date":"2022-05-25T00:12:36","date_gmt":"2022-05-24T23:12:36","guid":{"rendered":"https:\/\/www.pressenza.com\/?p=1590647"},"modified":"2022-05-25T00:13:25","modified_gmt":"2022-05-24T23:13:25","slug":"por-uma-neobossa-nova-por-um-neo-espirito-critico-e-livre-e-tudo-neonovissimo","status":"publish","type":"post","link":"https:\/\/www.pressenza.com\/pt-pt\/2022\/05\/por-uma-neobossa-nova-por-um-neo-espirito-critico-e-livre-e-tudo-neonovissimo\/","title":{"rendered":"Por uma neobossa nova por um neo-esp\u00edrito cr\u00edtico e livre E tudo neonov\u00edssimo"},"content":{"rendered":"<h5><span style=\"color: #999999;\">CR\u00d4NICA<\/span><\/h5>\n<p><em><strong>Por Guilherme Maia<\/strong><\/em><\/p>\n<p>&nbsp;<\/p>\n<p align=\"justify\"><span style=\"font-family: Arial, serif;\"><span style=\"font-size: medium;\">Tenho \u2013 l\u00e1grimas \u2013 quarenta e dois anos e passei minha inf\u00e2ncia e adolesc\u00eancia na Zona Sul carioca, tendo momentos de Tijuca onde residiam meus av\u00f3s paternos e minha av\u00f3 materna. Esse balan\u00e7o Leblon-Tijuca moldou uma parte de meus pensamentos com proje\u00e7\u00f5es, acho, que continuar\u00e3o no meu jeito de ser at\u00e9 o \u00faltimo suspiro.<\/span><\/span><\/p>\n<p align=\"justify\"><span style=\"font-family: Arial, serif;\"><span style=\"font-size: medium;\">Escrevo essas mal-tra\u00e7adas-linhas sem um assunto preordenado e a exposi\u00e7\u00e3o que estou fazendo sobre meus tempos-idos j\u00e1 me inunda de imagens e refer\u00eancias geogr\u00e1fico-espirituais. Da\u00ed, ent\u00e3o, vamos falar sobre alguma coisa aqui: o despojamento da Zona Sul de um lado e um recato tijucano meio Nelson Rodrigues da vida, de outro.<\/span><\/span><\/p>\n<p align=\"justify\"><span style=\"font-family: Arial, serif;\"><span style=\"font-size: medium;\">Hoje, tais caracter\u00edsticas j\u00e1 est\u00e3o volatilizadas, porque, se de um lado, a Garota de Ipanema deu espa\u00e7o para o nazi fascismo pr\u00f3-segrega\u00e7\u00e3o e armamentista; por parte da Tijuca, os ares da boa boemia cheiram cada vez mais a Noel Rosa e Aldir Blanc suplantando, pois, aquele excessivo recato.<\/span><\/span><\/p>\n<p align=\"justify\"><span style=\"font-family: Arial, serif;\"><span style=\"font-size: medium;\">Com tanta digress\u00e3o Ipanema-Tijuca surge aqui na minha mente aquele velho movimento que surgiu desses bairros e que n\u00e3o era s\u00f3 m\u00fasica e can\u00e7\u00e3o: a Bossa Nova. <\/span><\/span><\/p>\n<p align=\"justify\"><span style=\"font-family: Arial, serif;\"><span style=\"font-size: medium;\">Era uma maneira de ser, uma claridade iluminista, um frescor de viver \u2013 tudo contr\u00e1rio ao predom\u00ednio de um general Amaury Kruel, por exemplo, que, por sua vez, infelizmente, tomou os espa\u00e7os simb\u00f3licos da beleza na contemporaneidade do Rio. Falo dessa figura nefasta como s\u00edmbolo e n\u00e3o como o degenerado que foi em vida por um simples fato: a forma\u00e7\u00e3o do esquadr\u00e3o da Morte veio no mesmo espa\u00e7o-tempo em que Jo\u00e3o Gilberto desenvolveu a nova forma de tocar viol\u00e3o.<\/span><\/span><\/p>\n<p align=\"justify\"><span style=\"font-family: Arial, serif;\"><span style=\"font-size: medium;\">Contradi\u00e7\u00f5es sempre ditaram o Brasil e especialmente o Rio de Janeiro, mas o que vemos com a atual cultivo difus\u00e3o exagerada do medo na cidade \u00e9 como um monotom: o medo e sua contrafa\u00e7\u00e3o &#8211; a persecu\u00e7\u00e3o policialesca e o fanatismo religioso &#8211; est\u00e3o no lugar do Samba de uma Nota S\u00f3 (num outro contexto ao da simbiose letra-m\u00fasica de Tom Jobim e Newton Mendon\u00e7a). <\/span><\/span><\/p>\n<p align=\"justify\"><span style=\"font-family: Arial, serif;\"><span style=\"font-size: medium;\">Agora eu consigo tra\u00e7ar uma linha-mestra nesse texto!<\/span><\/span><\/p>\n<p align=\"justify\"><span style=\"font-family: Arial, serif;\"><span style=\"font-size: medium;\">A Bossa Nova trouxe uma ponte de comunh\u00e3o entre a praia e a favela e essa ponte, em sua configura\u00e7\u00e3o mais cr\u00edtica, vinha de outro s\u00edmbolo carioca: Nara Le\u00e3o.<\/span><\/span><\/p>\n<p align=\"justify\"><span style=\"font-family: Arial, serif;\"><span style=\"font-size: medium;\">Ela mesma, garota Zona Sul que esteve lado a lado com Jo\u00e3o do Vale e Z\u00e9 Keti, respectivamente o nordestino e o favelado (se \u00e9 \u201ccomunidade\u201d, como se chama o morador dela? \u201cComunit\u00e1rio\u201d?). <\/span><\/span><\/p>\n<p align=\"justify\"><span style=\"font-family: Arial, serif;\"><span style=\"font-size: medium;\">Enfim, era uma artista politizada e fraternal aos que sofrem os horrores da concentra\u00e7\u00e3o de renda senegalesa brasileira, as v\u00edtimas do autoritarismo e o estigma da exclus\u00e3o social. Era uma militante de esquerda sobrepesada por um sorriso carism\u00e1tico e marcante, um frescor mesclado \u00e0 luta dura contra a subservi\u00eancia ao terror.<\/span><\/span><\/p>\n<p align=\"justify\"><span style=\"font-family: Arial, serif;\"><span style=\"font-size: medium;\">Nos dias de hoje, essa milit\u00e2ncia passou a ser mais frontal do que na \u00e9poca de Nara Le\u00e3o e, por conta disso, a milit\u00e2ncia partid\u00e1ria <\/span><\/span><span style=\"font-family: Arial, serif;\"><span style=\"font-size: medium;\"><i>avant la lettre <\/i><\/span><\/span><span style=\"font-family: Arial, serif;\"><span style=\"font-size: medium;\">\u00e9, al\u00e9m das quest\u00f5es do velho abismo social brasileiro, tamb\u00e9m lutar por dignidades de escolhas individuais. Atualmente no pa\u00eds, ainda n\u00e3o se consolidou a esfera de liberdade individual liberal do s\u00e9culo XVII mesmo.<\/span><\/span><\/p>\n<p align=\"justify\"><span style=\"font-family: Arial, serif;\"><span style=\"font-size: medium;\">Assim, na vasta paleta de cores partid\u00e1rias brasileiras, nada mais neobossa-nova do que um sol sorridente, por que toma partido pela preocupa\u00e7\u00e3o econ\u00f4mico-social, mas tamb\u00e9m da luta de liberdades individuais frente a um Estado com aspira\u00e7\u00f5es totalit\u00e1rias e uma sociedade civil embalsamada por umas imposturas que legitimam a inger\u00eancia na esfera privada do cidad\u00e3o.<\/span><\/span><\/p>\n<p align=\"justify\"><span style=\"font-family: Arial, serif;\"><span style=\"font-size: medium;\">Permeando o enleio dessas eternas contradi\u00e7\u00f5es da salvelinda p\u00e1tria est\u00e1 a bandeira solar do socialismo conjugado com a liberdade. Alguns <\/span><\/span><span style=\"font-family: Arial, serif;\"><span style=\"font-size: medium;\"><i>compay <\/i><\/span><\/span><span style=\"font-family: Arial, serif;\"><span style=\"font-size: medium;\">sucumbiram ao sistema bruto de corrup\u00e7\u00e3o desenfreada que emana do pr\u00f3prio fazer pol\u00edtico, mas, colhidos os cacos da luta, um sorriso ainda se sai bem sen\u00e3o intacto do mal de nossa sociedade. Planou por sobre a tenta\u00e7\u00e3o e o seu sol continua sorrindo.<\/span><\/span><\/p>\n<p align=\"justify\"><span style=\"font-family: Arial, serif;\"><span style=\"font-size: medium;\">Cortando para outro ponto desse texto: como dizia acima, o <\/span><\/span><span style=\"font-family: Arial, serif;\"><span style=\"font-size: medium;\"><i>carioca\u2019s way<\/i><\/span><\/span><span style=\"font-family: Arial, serif;\"><span style=\"font-size: medium;\"> ficou entranhado em mim, como o falar meio chiado e o \u201c\u00e9 m\/\u00ea\/rmu\u2019, um saudosismo indevass\u00e1vel de um tempo n\u00e3o vivido, como se o Rio de janeiro em sua <\/span><\/span><span style=\"font-family: Arial, serif;\"><span style=\"font-size: medium;\"><i>belle \u00e9poque<\/i><\/span><\/span><span style=\"font-family: Arial, serif;\"><span style=\"font-size: medium;\"> fosse a pr\u00f3pria Paris, como se a Galeria Cruzeiro antiga fosse o Caf\u00e9 de Flore, &#8211; bom, para mim \u00e9, sim!<\/span><\/span><\/p>\n<p align=\"justify\"><span style=\"font-family: Arial, serif;\"><span style=\"font-size: medium;\">Ent\u00e3o, houve uma ruptura brusca na minha vida, a \u201cfal\u00eancia generalizada dos \u00f3rg\u00e3os financeiros da fam\u00edlia\u201d, o que for\u00e7ou meu pai a trazer-nos todos para uma cidade serrana chamada Teres\u00f3polis e por aqui fiquei casando e tendo filhos.<\/span><\/span><\/p>\n<p align=\"justify\"><span style=\"font-family: Arial, serif;\"><span style=\"font-size: medium;\">Tamanha beleza nas serras, um lugar de ares buc\u00f3licos e paisagens de enlevo. Chama a aten\u00e7\u00e3o sua insistente Mata Atl\u00e2ntica que reveste seu solo e o recorte preciso das montanhas que marcam o perfil acolhedor dessa cidade esplendorosa marcada por seus montes e vales. <\/span><\/span><\/p>\n<p align=\"justify\"><span style=\"font-family: Arial, serif;\"><span style=\"font-size: medium;\">Por outro lado, essa cidade <\/span><\/span><span style=\"font-family: Arial, serif;\"><span style=\"font-size: medium;\"><i>sui generis <\/i><\/span><\/span><span style=\"font-family: Arial, serif;\"><span style=\"font-size: medium;\">me espanta at\u00e9 hoje por ser um centro de reacionarismo entranhado e inexpugn\u00e1vel. Soube que em plenos 80 e 90 a cidade foi governada por um <\/span><\/span><span style=\"font-family: Arial, serif;\"><span style=\"font-size: medium;\"><i>capo<\/i><\/span><\/span><span style=\"font-family: Arial, serif;\"><span style=\"font-size: medium;\"> de Nova Igua\u00e7u, que al\u00e9m de ser envolvido por contraven\u00e7\u00f5es e crimes, era um \u201cmessias\u201d bem ao gosto do sebastianismo ib\u00e9rico. Al\u00e9m disso, tivemos aqui vereadores que serviram ao DOI-CODI eleitos e reeleitos em plena abertura pol\u00edtica. O n\u00famero excessivo de igrejas \u201cpolitizadas\u201d e uma seguran\u00e7a p\u00fablica do tipo \u201cest\u00e1 tudo calmo&#8230;. E ser\u00e1 por qu\u00ea? \u201d, tamb\u00e9m salta aos olhos. <\/span><\/span><\/p>\n<p align=\"justify\"><span style=\"font-family: Arial, serif;\"><span style=\"font-size: medium;\">Acontece que no meio desse caldo rea\u00e7a e fascist\u00f3ide, &#8211; at\u00e9 violento mesmo: se voc\u00ea se dispor a discutir a necessidade de aumento do sal\u00e1rio m\u00ednimo com uma pessoa na Pra\u00e7a da Santa Teresa, por exemplo, pode sair com fraturas e escoria\u00e7\u00f5es, &#8211; surgiu um grupo novo em Teres\u00f3polis; corajosos e corajosas n\u00e3o se intimidam e se prop\u00f5em a desfazer o n\u00f3 mental que infligiram ao pov\u00e3o da cidade. <\/span><\/span><\/p>\n<p align=\"justify\"><span style=\"font-family: Arial, serif;\"><span style=\"font-size: medium;\">Com essa chegada, foi-se tomando espa\u00e7o na medida do poss\u00edvel e da perseveran\u00e7a de todos os envolvidos. Agora j\u00e1 tem assento em programas da TV local, como a de um cara que entende e prega que o MST \u00e9 um grupo terrorista financiado pelo Narcos&#8230;<\/span><\/span><\/p>\n<p align=\"justify\"><span style=\"font-family: Arial, serif;\"><span style=\"font-size: medium;\">Enfim, a ponte que eu precisava: Teres\u00f3polis j\u00e1 pode respirar emergindo de uma opress\u00e3o sufocante, j\u00e1 h\u00e1 espa\u00e7o de debate e enfrentamento de uma ideologia de submiss\u00e3o masoquista que iludia e dominava o pov\u00e3o. Agora j\u00e1 tremula o sol sorridente e j\u00e1 se pode esperar de que um dia n\u00e3o teremos mais pol\u00edticos contraventores a mando de Nova Igua\u00e7u, empres\u00e1rios sedentos por grana mole, m\u00e9dicos que, por coincid\u00eancia, resolvem exercer suas fun\u00e7\u00f5es SUS sempre \u00e0 beira de uma elei\u00e7\u00e3o e outros simplesmente loucos mesmo. <\/span><\/span><\/p>\n<p align=\"justify\"><span style=\"font-family: Arial, serif;\"><span style=\"font-size: medium;\">A alternativa foi dada e esta consolida, nesse momento, uma m\u00e9dia de novecentos e oitenta votos, os quais ir\u00e3o aumentar cada vez mais na medida inversa em que as pol\u00edticas de curral eleitoral forem demonstrando sua inefic\u00e1cia frente \u00e0s necessidades b\u00e1sicas da popula\u00e7\u00e3o teresopolitana.<\/span><\/span><\/p>\n<p align=\"justify\"><span style=\"font-family: Arial, serif;\"><span style=\"font-size: medium;\">O sol sorridente da proposta de igualdade e liberdade irradiar\u00e1 em nossos cora\u00e7\u00f5es e bater\u00e1 forte uma esperan\u00e7a de reviravolta numa cidade dominada pelo medo. Surge disso tudo um NEO-ESP\u00cdRITO CR\u00cdTICO E LIVRE e uma NEOBOSSA NOVA. J\u00e1 nasce neo, pois n\u00e3o teve o tempo de formar uma \u201cnova\u201d e o tempo passou t\u00e3o longo que j\u00e1 teve de nascer como NEONOVA para fazer frente ao atraso de s\u00e9culos.<\/span><\/span><\/p>\n<p align=\"justify\"><span style=\"font-family: Arial, serif;\"><span style=\"font-size: medium;\">N\u00e3o temer o avan\u00e7o \u00e9 como m\u00fasica na pol\u00edtica e a simbiose percuss\u00e3o-melodia nas cordas do viol\u00e3o de Jo\u00e3o Gilberto \u00e9 como uma ruptura epistemol\u00f3gica com o passado, com a mesmice (agora eu descasquei mesmo). Assim o \u00e9 com a navega\u00e7\u00e3o da garotada por uma cidade como Teres\u00f3polis (t\u00e3o naturalmente bela e t\u00e3o degradada pelo fator pol\u00edtico): a rapaziada chegar chegando amea\u00e7a os encastelados e sobressalta os arrivistas e sicofantas da vida, quando conquistar vai romper com tudo e trazer o belo, o belo popular leg\u00edtimo. <\/span><\/span><\/p>\n<p align=\"justify\"><span style=\"font-size: medium; font-family: Arial, serif;\">E a Nara Le\u00e3o com isso tudo que falei? Oras, capitaneia o movimento do sol sorridente a Srta. Maria Bertoche, que debate os reais problemas sem tergiversar em fal\u00e1cias \u201cmoralistas\u201d que mais servem para controlar o pov\u00e3o pelo medo do que por pregar uma sonhada \u201cordem\u201d, que n\u00e3o h\u00e1. O s\u00edmbolo de Nara engloba a precis\u00e3o do objetivo de dignificar um povo sofrido pelos tais \u201cdonos da moral\u201d; isso tudo com tom suave, afinado e mel\u00edfluo; afinal, para que perder o amor, o sorriso e a flor para o tacape? Quem est\u00e1 na raz\u00e3o est\u00e1 com a for\u00e7a (j\u00e1 dizia o fil\u00f3sofo indiano Obi-Wan Kenobi).<\/span><\/p>\n<p align=\"justify\"><span style=\"font-family: Arial, serif;\"><span style=\"font-size: medium;\">E toda a beleza natural de Teres\u00f3polis vai ter seu merecido protagonismo ao sobrepujar o rancor, a frustra\u00e7\u00e3o e o medo de uma ideologia retr\u00f3grada de domina\u00e7\u00e3o rasteira de um povo criativo e resistente. Esse sol vai sorrir muito nessa cidade e dela irradiar\u00e1 para o Brasil inteiro. <\/span><\/span><\/p>\n","protected":false},"excerpt":{"rendered":"<p>CR\u00d4NICA Por Guilherme Maia &nbsp; Tenho \u2013 l\u00e1grimas \u2013 quarenta e dois anos e passei minha inf\u00e2ncia e adolesc\u00eancia na Zona Sul carioca, tendo momentos de Tijuca onde residiam meus av\u00f3s paternos e minha av\u00f3 materna. Esse balan\u00e7o Leblon-Tijuca moldou&hellip;<\/p>\n","protected":false},"author":2002,"featured_media":1590652,"comment_status":"closed","ping_status":"closed","sticky":false,"template":"","format":"standard","meta":{"footnotes":""},"categories":[104,11390,165,111],"tags":[75338],"class_list":["post-1590647","post","type-post","status-publish","format-standard","has-post-thumbnail","hentry","category-america-do-sul","category-conteudo-original","category-opiniao","category-politica-pt-pt","tag-cronica"],"yoast_head":"<!-- This site is optimized with the Yoast SEO plugin v27.1.1 - https:\/\/yoast.com\/product\/yoast-seo-wordpress\/ -->\n<title>Por uma neobossa nova por um neo-esp\u00edrito cr\u00edtico e livre E tudo neonov\u00edssimo<\/title>\n<meta name=\"description\" content=\"CR\u00d4NICA Por Guilherme Maia &nbsp; Tenho \u2013 l\u00e1grimas \u2013 quarenta e dois anos e passei minha inf\u00e2ncia e adolesc\u00eancia na Zona Sul carioca, tendo momentos de\" \/>\n<meta name=\"robots\" content=\"index, follow, max-snippet:-1, max-image-preview:large, max-video-preview:-1\" \/>\n<link rel=\"canonical\" href=\"https:\/\/www.pressenza.com\/pt-pt\/2022\/05\/por-uma-neobossa-nova-por-um-neo-espirito-critico-e-livre-e-tudo-neonovissimo\/\" \/>\n<meta property=\"og:locale\" content=\"pt_PT\" \/>\n<meta property=\"og:type\" content=\"article\" \/>\n<meta property=\"og:title\" content=\"Por uma neobossa nova por um neo-esp\u00edrito cr\u00edtico e livre E tudo neonov\u00edssimo\" \/>\n<meta property=\"og:description\" content=\"CR\u00d4NICA Por Guilherme Maia &nbsp; Tenho \u2013 l\u00e1grimas \u2013 quarenta e dois anos e passei minha inf\u00e2ncia e adolesc\u00eancia na Zona Sul carioca, tendo momentos de\" \/>\n<meta property=\"og:url\" content=\"https:\/\/www.pressenza.com\/pt-pt\/2022\/05\/por-uma-neobossa-nova-por-um-neo-espirito-critico-e-livre-e-tudo-neonovissimo\/\" \/>\n<meta property=\"og:site_name\" content=\"Pressenza\" \/>\n<meta property=\"article:publisher\" content=\"https:\/\/www.facebook.com\/PressenzaItalia\" \/>\n<meta property=\"article:published_time\" content=\"2022-05-24T23:12:36+00:00\" \/>\n<meta property=\"article:modified_time\" content=\"2022-05-24T23:13:25+00:00\" \/>\n<meta property=\"og:image\" content=\"https:\/\/www.pressenza.com\/wp-content\/uploads\/2022\/05\/ILUSTRACAO-GUILHERME.jpg\" \/>\n\t<meta property=\"og:image:width\" content=\"436\" \/>\n\t<meta property=\"og:image:height\" content=\"550\" \/>\n\t<meta property=\"og:image:type\" content=\"image\/jpeg\" \/>\n<meta name=\"author\" content=\"Guilherme Maia\" \/>\n<meta name=\"twitter:card\" content=\"summary_large_image\" \/>\n<meta name=\"twitter:creator\" content=\"@PressenzaIPA\" \/>\n<meta name=\"twitter:site\" content=\"@PressenzaIPA\" \/>\n<meta name=\"twitter:label1\" content=\"Escrito por\" \/>\n\t<meta name=\"twitter:data1\" content=\"Guilherme Maia\" \/>\n\t<meta name=\"twitter:label2\" content=\"Tempo estimado de leitura\" \/>\n\t<meta name=\"twitter:data2\" content=\"8 minutos\" \/>\n<script type=\"application\/ld+json\" class=\"yoast-schema-graph\">{\"@context\":\"https:\/\/schema.org\",\"@graph\":[{\"@type\":\"Article\",\"@id\":\"https:\/\/www.pressenza.com\/pt-pt\/2022\/05\/por-uma-neobossa-nova-por-um-neo-espirito-critico-e-livre-e-tudo-neonovissimo\/#article\",\"isPartOf\":{\"@id\":\"https:\/\/www.pressenza.com\/pt-pt\/2022\/05\/por-uma-neobossa-nova-por-um-neo-espirito-critico-e-livre-e-tudo-neonovissimo\/\"},\"author\":{\"name\":\"Guilherme Maia\",\"@id\":\"https:\/\/www.pressenza.com\/pt-pt\/#\/schema\/person\/4a0acc3e729565dbfccac001358dedee\"},\"headline\":\"Por uma neobossa nova por um neo-esp\u00edrito cr\u00edtico e livre E tudo neonov\u00edssimo\",\"datePublished\":\"2022-05-24T23:12:36+00:00\",\"dateModified\":\"2022-05-24T23:13:25+00:00\",\"mainEntityOfPage\":{\"@id\":\"https:\/\/www.pressenza.com\/pt-pt\/2022\/05\/por-uma-neobossa-nova-por-um-neo-espirito-critico-e-livre-e-tudo-neonovissimo\/\"},\"wordCount\":1590,\"publisher\":{\"@id\":\"https:\/\/www.pressenza.com\/pt-pt\/#organization\"},\"image\":{\"@id\":\"https:\/\/www.pressenza.com\/pt-pt\/2022\/05\/por-uma-neobossa-nova-por-um-neo-espirito-critico-e-livre-e-tudo-neonovissimo\/#primaryimage\"},\"thumbnailUrl\":\"https:\/\/www.pressenza.com\/wp-content\/uploads\/2022\/05\/ILUSTRACAO-GUILHERME.jpg\",\"keywords\":[\"cr\u00f4nica\"],\"articleSection\":[\"\u00c1m\u00e9rica do Sul\",\"Conte\u00fado Original\",\"Opini\u00e3o\",\"Pol\u00edtica\"],\"inLanguage\":\"pt-PT\"},{\"@type\":\"WebPage\",\"@id\":\"https:\/\/www.pressenza.com\/pt-pt\/2022\/05\/por-uma-neobossa-nova-por-um-neo-espirito-critico-e-livre-e-tudo-neonovissimo\/\",\"url\":\"https:\/\/www.pressenza.com\/pt-pt\/2022\/05\/por-uma-neobossa-nova-por-um-neo-espirito-critico-e-livre-e-tudo-neonovissimo\/\",\"name\":\"Por uma neobossa nova por um neo-esp\u00edrito cr\u00edtico e livre E tudo neonov\u00edssimo\",\"isPartOf\":{\"@id\":\"https:\/\/www.pressenza.com\/pt-pt\/#website\"},\"primaryImageOfPage\":{\"@id\":\"https:\/\/www.pressenza.com\/pt-pt\/2022\/05\/por-uma-neobossa-nova-por-um-neo-espirito-critico-e-livre-e-tudo-neonovissimo\/#primaryimage\"},\"image\":{\"@id\":\"https:\/\/www.pressenza.com\/pt-pt\/2022\/05\/por-uma-neobossa-nova-por-um-neo-espirito-critico-e-livre-e-tudo-neonovissimo\/#primaryimage\"},\"thumbnailUrl\":\"https:\/\/www.pressenza.com\/wp-content\/uploads\/2022\/05\/ILUSTRACAO-GUILHERME.jpg\",\"datePublished\":\"2022-05-24T23:12:36+00:00\",\"dateModified\":\"2022-05-24T23:13:25+00:00\",\"description\":\"CR\u00d4NICA Por Guilherme Maia &nbsp; Tenho \u2013 l\u00e1grimas \u2013 quarenta e dois anos e passei minha inf\u00e2ncia e adolesc\u00eancia na Zona Sul carioca, tendo momentos de\",\"breadcrumb\":{\"@id\":\"https:\/\/www.pressenza.com\/pt-pt\/2022\/05\/por-uma-neobossa-nova-por-um-neo-espirito-critico-e-livre-e-tudo-neonovissimo\/#breadcrumb\"},\"inLanguage\":\"pt-PT\",\"potentialAction\":[{\"@type\":\"ReadAction\",\"target\":[\"https:\/\/www.pressenza.com\/pt-pt\/2022\/05\/por-uma-neobossa-nova-por-um-neo-espirito-critico-e-livre-e-tudo-neonovissimo\/\"]}]},{\"@type\":\"ImageObject\",\"inLanguage\":\"pt-PT\",\"@id\":\"https:\/\/www.pressenza.com\/pt-pt\/2022\/05\/por-uma-neobossa-nova-por-um-neo-espirito-critico-e-livre-e-tudo-neonovissimo\/#primaryimage\",\"url\":\"https:\/\/www.pressenza.com\/wp-content\/uploads\/2022\/05\/ILUSTRACAO-GUILHERME.jpg\",\"contentUrl\":\"https:\/\/www.pressenza.com\/wp-content\/uploads\/2022\/05\/ILUSTRACAO-GUILHERME.jpg\",\"width\":436,\"height\":550},{\"@type\":\"BreadcrumbList\",\"@id\":\"https:\/\/www.pressenza.com\/pt-pt\/2022\/05\/por-uma-neobossa-nova-por-um-neo-espirito-critico-e-livre-e-tudo-neonovissimo\/#breadcrumb\",\"itemListElement\":[{\"@type\":\"ListItem\",\"position\":1,\"name\":\"Accueil\",\"item\":\"https:\/\/www.pressenza.com\/pt-pt\/\"},{\"@type\":\"ListItem\",\"position\":2,\"name\":\"Por uma neobossa nova por um neo-esp\u00edrito cr\u00edtico e livre E tudo neonov\u00edssimo\"}]},{\"@type\":\"WebSite\",\"@id\":\"https:\/\/www.pressenza.com\/pt-pt\/#website\",\"url\":\"https:\/\/www.pressenza.com\/pt-pt\/\",\"name\":\"Pressenza\",\"description\":\"International Press Agency\",\"publisher\":{\"@id\":\"https:\/\/www.pressenza.com\/pt-pt\/#organization\"},\"potentialAction\":[{\"@type\":\"SearchAction\",\"target\":{\"@type\":\"EntryPoint\",\"urlTemplate\":\"https:\/\/www.pressenza.com\/pt-pt\/?s={search_term_string}\"},\"query-input\":{\"@type\":\"PropertyValueSpecification\",\"valueRequired\":true,\"valueName\":\"search_term_string\"}}],\"inLanguage\":\"pt-PT\"},{\"@type\":\"Organization\",\"@id\":\"https:\/\/www.pressenza.com\/pt-pt\/#organization\",\"name\":\"Pressenza\",\"url\":\"https:\/\/www.pressenza.com\/pt-pt\/\",\"logo\":{\"@type\":\"ImageObject\",\"inLanguage\":\"pt-PT\",\"@id\":\"https:\/\/www.pressenza.com\/pt-pt\/#\/schema\/logo\/image\/\",\"url\":\"https:\/\/www.pressenza.com\/wp-content\/uploads\/2022\/10\/pressenza_logo_200x200.jpg\",\"contentUrl\":\"https:\/\/www.pressenza.com\/wp-content\/uploads\/2022\/10\/pressenza_logo_200x200.jpg\",\"width\":200,\"height\":200,\"caption\":\"Pressenza\"},\"image\":{\"@id\":\"https:\/\/www.pressenza.com\/pt-pt\/#\/schema\/logo\/image\/\"},\"sameAs\":[\"https:\/\/www.facebook.com\/PressenzaItalia\",\"https:\/\/x.com\/PressenzaIPA\"]},{\"@type\":\"Person\",\"@id\":\"https:\/\/www.pressenza.com\/pt-pt\/#\/schema\/person\/4a0acc3e729565dbfccac001358dedee\",\"name\":\"Guilherme Maia\",\"description\":\"Escritor, sambista, anarcochargista e advogado nas horas vagas.\",\"url\":\"https:\/\/www.pressenza.com\/pt-pt\/author\/guilherme-maia\/\"}]}<\/script>\n<!-- \/ Yoast SEO plugin. -->","yoast_head_json":{"title":"Por uma neobossa nova por um neo-esp\u00edrito cr\u00edtico e livre E tudo neonov\u00edssimo","description":"CR\u00d4NICA Por Guilherme Maia &nbsp; Tenho \u2013 l\u00e1grimas \u2013 quarenta e dois anos e passei minha inf\u00e2ncia e adolesc\u00eancia na Zona Sul carioca, tendo momentos de","robots":{"index":"index","follow":"follow","max-snippet":"max-snippet:-1","max-image-preview":"max-image-preview:large","max-video-preview":"max-video-preview:-1"},"canonical":"https:\/\/www.pressenza.com\/pt-pt\/2022\/05\/por-uma-neobossa-nova-por-um-neo-espirito-critico-e-livre-e-tudo-neonovissimo\/","og_locale":"pt_PT","og_type":"article","og_title":"Por uma neobossa nova por um neo-esp\u00edrito cr\u00edtico e livre E tudo neonov\u00edssimo","og_description":"CR\u00d4NICA Por Guilherme Maia &nbsp; Tenho \u2013 l\u00e1grimas \u2013 quarenta e dois anos e passei minha inf\u00e2ncia e adolesc\u00eancia na Zona Sul carioca, tendo momentos de","og_url":"https:\/\/www.pressenza.com\/pt-pt\/2022\/05\/por-uma-neobossa-nova-por-um-neo-espirito-critico-e-livre-e-tudo-neonovissimo\/","og_site_name":"Pressenza","article_publisher":"https:\/\/www.facebook.com\/PressenzaItalia","article_published_time":"2022-05-24T23:12:36+00:00","article_modified_time":"2022-05-24T23:13:25+00:00","og_image":[{"width":436,"height":550,"url":"https:\/\/www.pressenza.com\/wp-content\/uploads\/2022\/05\/ILUSTRACAO-GUILHERME.jpg","type":"image\/jpeg"}],"author":"Guilherme Maia","twitter_card":"summary_large_image","twitter_creator":"@PressenzaIPA","twitter_site":"@PressenzaIPA","twitter_misc":{"Escrito por":"Guilherme Maia","Tempo estimado de leitura":"8 minutos"},"schema":{"@context":"https:\/\/schema.org","@graph":[{"@type":"Article","@id":"https:\/\/www.pressenza.com\/pt-pt\/2022\/05\/por-uma-neobossa-nova-por-um-neo-espirito-critico-e-livre-e-tudo-neonovissimo\/#article","isPartOf":{"@id":"https:\/\/www.pressenza.com\/pt-pt\/2022\/05\/por-uma-neobossa-nova-por-um-neo-espirito-critico-e-livre-e-tudo-neonovissimo\/"},"author":{"name":"Guilherme Maia","@id":"https:\/\/www.pressenza.com\/pt-pt\/#\/schema\/person\/4a0acc3e729565dbfccac001358dedee"},"headline":"Por uma neobossa nova por um neo-esp\u00edrito cr\u00edtico e livre E tudo neonov\u00edssimo","datePublished":"2022-05-24T23:12:36+00:00","dateModified":"2022-05-24T23:13:25+00:00","mainEntityOfPage":{"@id":"https:\/\/www.pressenza.com\/pt-pt\/2022\/05\/por-uma-neobossa-nova-por-um-neo-espirito-critico-e-livre-e-tudo-neonovissimo\/"},"wordCount":1590,"publisher":{"@id":"https:\/\/www.pressenza.com\/pt-pt\/#organization"},"image":{"@id":"https:\/\/www.pressenza.com\/pt-pt\/2022\/05\/por-uma-neobossa-nova-por-um-neo-espirito-critico-e-livre-e-tudo-neonovissimo\/#primaryimage"},"thumbnailUrl":"https:\/\/www.pressenza.com\/wp-content\/uploads\/2022\/05\/ILUSTRACAO-GUILHERME.jpg","keywords":["cr\u00f4nica"],"articleSection":["\u00c1m\u00e9rica do Sul","Conte\u00fado Original","Opini\u00e3o","Pol\u00edtica"],"inLanguage":"pt-PT"},{"@type":"WebPage","@id":"https:\/\/www.pressenza.com\/pt-pt\/2022\/05\/por-uma-neobossa-nova-por-um-neo-espirito-critico-e-livre-e-tudo-neonovissimo\/","url":"https:\/\/www.pressenza.com\/pt-pt\/2022\/05\/por-uma-neobossa-nova-por-um-neo-espirito-critico-e-livre-e-tudo-neonovissimo\/","name":"Por uma neobossa nova por um neo-esp\u00edrito cr\u00edtico e livre E tudo neonov\u00edssimo","isPartOf":{"@id":"https:\/\/www.pressenza.com\/pt-pt\/#website"},"primaryImageOfPage":{"@id":"https:\/\/www.pressenza.com\/pt-pt\/2022\/05\/por-uma-neobossa-nova-por-um-neo-espirito-critico-e-livre-e-tudo-neonovissimo\/#primaryimage"},"image":{"@id":"https:\/\/www.pressenza.com\/pt-pt\/2022\/05\/por-uma-neobossa-nova-por-um-neo-espirito-critico-e-livre-e-tudo-neonovissimo\/#primaryimage"},"thumbnailUrl":"https:\/\/www.pressenza.com\/wp-content\/uploads\/2022\/05\/ILUSTRACAO-GUILHERME.jpg","datePublished":"2022-05-24T23:12:36+00:00","dateModified":"2022-05-24T23:13:25+00:00","description":"CR\u00d4NICA Por Guilherme Maia &nbsp; Tenho \u2013 l\u00e1grimas \u2013 quarenta e dois anos e passei minha inf\u00e2ncia e adolesc\u00eancia na Zona Sul carioca, tendo momentos de","breadcrumb":{"@id":"https:\/\/www.pressenza.com\/pt-pt\/2022\/05\/por-uma-neobossa-nova-por-um-neo-espirito-critico-e-livre-e-tudo-neonovissimo\/#breadcrumb"},"inLanguage":"pt-PT","potentialAction":[{"@type":"ReadAction","target":["https:\/\/www.pressenza.com\/pt-pt\/2022\/05\/por-uma-neobossa-nova-por-um-neo-espirito-critico-e-livre-e-tudo-neonovissimo\/"]}]},{"@type":"ImageObject","inLanguage":"pt-PT","@id":"https:\/\/www.pressenza.com\/pt-pt\/2022\/05\/por-uma-neobossa-nova-por-um-neo-espirito-critico-e-livre-e-tudo-neonovissimo\/#primaryimage","url":"https:\/\/www.pressenza.com\/wp-content\/uploads\/2022\/05\/ILUSTRACAO-GUILHERME.jpg","contentUrl":"https:\/\/www.pressenza.com\/wp-content\/uploads\/2022\/05\/ILUSTRACAO-GUILHERME.jpg","width":436,"height":550},{"@type":"BreadcrumbList","@id":"https:\/\/www.pressenza.com\/pt-pt\/2022\/05\/por-uma-neobossa-nova-por-um-neo-espirito-critico-e-livre-e-tudo-neonovissimo\/#breadcrumb","itemListElement":[{"@type":"ListItem","position":1,"name":"Accueil","item":"https:\/\/www.pressenza.com\/pt-pt\/"},{"@type":"ListItem","position":2,"name":"Por uma neobossa nova por um neo-esp\u00edrito cr\u00edtico e livre E tudo neonov\u00edssimo"}]},{"@type":"WebSite","@id":"https:\/\/www.pressenza.com\/pt-pt\/#website","url":"https:\/\/www.pressenza.com\/pt-pt\/","name":"Pressenza","description":"International Press Agency","publisher":{"@id":"https:\/\/www.pressenza.com\/pt-pt\/#organization"},"potentialAction":[{"@type":"SearchAction","target":{"@type":"EntryPoint","urlTemplate":"https:\/\/www.pressenza.com\/pt-pt\/?s={search_term_string}"},"query-input":{"@type":"PropertyValueSpecification","valueRequired":true,"valueName":"search_term_string"}}],"inLanguage":"pt-PT"},{"@type":"Organization","@id":"https:\/\/www.pressenza.com\/pt-pt\/#organization","name":"Pressenza","url":"https:\/\/www.pressenza.com\/pt-pt\/","logo":{"@type":"ImageObject","inLanguage":"pt-PT","@id":"https:\/\/www.pressenza.com\/pt-pt\/#\/schema\/logo\/image\/","url":"https:\/\/www.pressenza.com\/wp-content\/uploads\/2022\/10\/pressenza_logo_200x200.jpg","contentUrl":"https:\/\/www.pressenza.com\/wp-content\/uploads\/2022\/10\/pressenza_logo_200x200.jpg","width":200,"height":200,"caption":"Pressenza"},"image":{"@id":"https:\/\/www.pressenza.com\/pt-pt\/#\/schema\/logo\/image\/"},"sameAs":["https:\/\/www.facebook.com\/PressenzaItalia","https:\/\/x.com\/PressenzaIPA"]},{"@type":"Person","@id":"https:\/\/www.pressenza.com\/pt-pt\/#\/schema\/person\/4a0acc3e729565dbfccac001358dedee","name":"Guilherme Maia","description":"Escritor, sambista, anarcochargista e advogado nas horas vagas.","url":"https:\/\/www.pressenza.com\/pt-pt\/author\/guilherme-maia\/"}]}},"place":"Teres\u00f3polis, Rio de Janeiro \/ Brasil","original_article_url":"","_links":{"self":[{"href":"https:\/\/www.pressenza.com\/pt-pt\/wp-json\/wp\/v2\/posts\/1590647","targetHints":{"allow":["GET"]}}],"collection":[{"href":"https:\/\/www.pressenza.com\/pt-pt\/wp-json\/wp\/v2\/posts"}],"about":[{"href":"https:\/\/www.pressenza.com\/pt-pt\/wp-json\/wp\/v2\/types\/post"}],"author":[{"embeddable":true,"href":"https:\/\/www.pressenza.com\/pt-pt\/wp-json\/wp\/v2\/users\/2002"}],"replies":[{"embeddable":true,"href":"https:\/\/www.pressenza.com\/pt-pt\/wp-json\/wp\/v2\/comments?post=1590647"}],"version-history":[{"count":0,"href":"https:\/\/www.pressenza.com\/pt-pt\/wp-json\/wp\/v2\/posts\/1590647\/revisions"}],"wp:featuredmedia":[{"embeddable":true,"href":"https:\/\/www.pressenza.com\/pt-pt\/wp-json\/wp\/v2\/media\/1590652"}],"wp:attachment":[{"href":"https:\/\/www.pressenza.com\/pt-pt\/wp-json\/wp\/v2\/media?parent=1590647"}],"wp:term":[{"taxonomy":"category","embeddable":true,"href":"https:\/\/www.pressenza.com\/pt-pt\/wp-json\/wp\/v2\/categories?post=1590647"},{"taxonomy":"post_tag","embeddable":true,"href":"https:\/\/www.pressenza.com\/pt-pt\/wp-json\/wp\/v2\/tags?post=1590647"}],"curies":[{"name":"wp","href":"https:\/\/api.w.org\/{rel}","templated":true}]}}