{"id":1584171,"date":"2022-05-14T22:14:23","date_gmt":"2022-05-14T21:14:23","guid":{"rendered":"https:\/\/www.pressenza.com\/?p=1584171"},"modified":"2022-05-14T22:14:23","modified_gmt":"2022-05-14T21:14:23","slug":"abertas-as-inscricoes-para-o-curso-da-pressenza-sobre-jornalismo-naoviolento","status":"publish","type":"post","link":"https:\/\/www.pressenza.com\/pt-pt\/2022\/05\/abertas-as-inscricoes-para-o-curso-da-pressenza-sobre-jornalismo-naoviolento\/","title":{"rendered":"Abertas as inscri\u00e7\u00f5es para o Curso da Pressenza sobre Jornalismo N\u00e3oViolento"},"content":{"rendered":"<p>H\u00e1 15 anos, a Pressenza tem desenvolvido um estilo de jornalismo n\u00e3oviolento, motivado pela necessidade urgente de tornar p\u00fablico um tipo diferente de informa\u00e7\u00e3o: a que contribui com o bem-estar da sociedade, a de supera\u00e7\u00e3o da viol\u00eancia como meio de resolver conflitos, e a de humaniza\u00e7\u00e3o de indiv\u00edduos, coletivos e na\u00e7\u00f5es inteiras cujas experi\u00eancias de dor e sofrimento em di\u00e1rios n\u00e3o aparecem nas not\u00edcias das grandes m\u00eddias .<\/p>\n<p>Inspirado na corrente de pensamento conhecida como Humanismo Universalista \u2013 desenvolvida pelo pensador e escritor argentino Silo \u2013 e ecoando e construindo com o trabalho do Jornalismo da Paz \u2013 desenvolvido durante d\u00e9cadas por pesquisadores como o soci\u00f3logo noruegu\u00eas Johan Galtung e muitos outros \u2013 o jornalismo n\u00e3oviolento \u00e9 uma forma de praticar a arte da comunica\u00e7\u00e3o que critica e denuncia fatores e eventos que geram dor e sofrimento em seres humanos, enquanto oferece a possibilidade de incluir elementos que abrem o caminho em dire\u00e7\u00e3o a um futuro n\u00e3o violento para a humanidade em suas produ\u00e7\u00f5es jornal\u00edsticas.<\/p>\n<p>Come\u00e7ando pelo conceito do que nos define como seres humanos e da cr\u00edtica aos princ\u00edpios estabelecidos de \u201cjornalismo objetivo\u201d, o jornalismo n\u00e3oviolento \u00e9 uma metodologia para humanizar a Terra que pode ser aplicada em qualquer meio de comunica\u00e7\u00e3o: de reportagem de not\u00edcias at\u00e9 entrevistas, artigos de opini\u00e3o, reportagens fotogr\u00e1ficas, comunicados de imprensa, m\u00eddias sociais e qualquer outro dentre a mir\u00edade de g\u00eaneros dispon\u00edveis para o comunicador.<\/p>\n<p>Como uma coletiva global de volunt\u00e1rios, A <strong>Pressenza tem o prazer de oferecer a estudantes e praticantes de comunica\u00e7\u00e3o e jornalismo um per\u00edodo de 6 meses de pr\u00e1tica profissional<\/strong>, durante o qual nossos editores experientes compartilhar\u00e3o suas experi\u00eancias e t\u00e9cnicas de comunica\u00e7\u00e3o em uma s\u00e9rie de oficinas em grupo e mentorias pessoais.<\/p>\n<p><strong>O curso ter\u00e1 in\u00edcio no come\u00e7o de junho e seguir\u00e1 at\u00e9 dezembro. \u00c9 oferecido gratuitamente para qualquer um que possa se comprometer com o n\u00edvel m\u00ednimo recomendado de 7 horas por semana, <\/strong>com a possibilidade de extens\u00e3o caso tenha mais tempo dispon\u00edvel. Durante esse per\u00edodo, o trabalho dos participantes \u00a0ser\u00e1 publicado com suas pr\u00f3prias assinaturas, possibilitando a elabora\u00e7\u00e3o de um portf\u00f3lio de trabalho. Ao final do curso, a Pressenza redigir\u00e1 uma carta de recomenda\u00e7\u00e3o para quaisquer futuros empregadores. O melhor trabalho ser\u00e1 escolhido por nossa equipe de tradutores e traduzido em alguma das outras oito l\u00ednguas, al\u00e9m do ingl\u00eas, nas quais a Pressenza p\u00fablica atualmente.<\/p>\n<p>Como uma rede de volunt\u00e1rios n\u00e3o remunerados, a Pressenza oferece esse curso de forma gratuita, com a expectativa de que os participantes se sintam parte da grande fam\u00edlia de comunicadores n\u00e3oviolentos, com quem eles contribuam com produ\u00e7\u00f5es midi\u00e1ticas esporadicamente no futuro, independentemente de onde suas carreiras os levarem.<\/p>\n<p>Para participar do curso, por favor acesse o <a href=\"https:\/\/www.pressenza.com\/nonviolent-journalism\/nonviolent-journalism-training\/\" target=\"_blank\" rel=\"noopener\">link<\/a> para se cadastrar. Uma reuni\u00e3o introdut\u00f3ria ocorrer\u00e1 em 17 de maio, \u00e0s 13:00, hor\u00e1rio de Londres. Caso esteja em uma zona temporal inconveniente, n\u00e3o deixe que isso o fa\u00e7a desistir. Faremos o nosso melhor para achar uma forma de inclu\u00ed-lo.<\/p>\n<p><iframe loading=\"lazy\" title=\"Pressenza linkedin video spot\" width=\"500\" height=\"281\" src=\"https:\/\/www.youtube.com\/embed\/A0v8kx0Zuuc?feature=oembed\" frameborder=\"0\" allow=\"accelerometer; autoplay; clipboard-write; encrypted-media; gyroscope; picture-in-picture; web-share\" referrerpolicy=\"strict-origin-when-cross-origin\" allowfullscreen><\/iframe><\/p>\n<p><em>Traduzido por H\u00e9lio Parente\/Revisado por Andr\u00e9 H. Zambolli<\/em><\/p>\n","protected":false},"excerpt":{"rendered":"<p>H\u00e1 15 anos, a Pressenza tem desenvolvido um estilo de jornalismo n\u00e3oviolento, motivado pela necessidade urgente de tornar p\u00fablico um tipo diferente de informa\u00e7\u00e3o: a que contribui com o bem-estar da sociedade, a de supera\u00e7\u00e3o da viol\u00eancia como meio de&hellip;<\/p>\n","protected":false},"author":19,"featured_media":1576139,"comment_status":"closed","ping_status":"closed","sticky":false,"template":"","format":"standard","meta":{"footnotes":""},"categories":[11390,112],"tags":[96140],"class_list":["post-1584171","post","type-post","status-publish","format-standard","has-post-thumbnail","hentry","category-conteudo-original","category-cultura-pt-pt","tag-jornalismo-nao-violento"],"yoast_head":"<!-- This site is optimized with the Yoast SEO plugin v27.1.1 - https:\/\/yoast.com\/product\/yoast-seo-wordpress\/ -->\n<title>Abertas as inscri\u00e7\u00f5es para o Curso da Pressenza sobre Jornalismo N\u00e3oViolento<\/title>\n<meta name=\"description\" content=\"H\u00e1 15 anos, a Pressenza tem desenvolvido um estilo de jornalismo n\u00e3oviolento, motivado pela necessidade urgente de tornar p\u00fablico um tipo diferente de\" \/>\n<meta name=\"robots\" content=\"index, follow, max-snippet:-1, max-image-preview:large, max-video-preview:-1\" \/>\n<link rel=\"canonical\" href=\"https:\/\/www.pressenza.com\/pt-pt\/2022\/05\/abertas-as-inscricoes-para-o-curso-da-pressenza-sobre-jornalismo-naoviolento\/\" \/>\n<meta property=\"og:locale\" content=\"pt_PT\" \/>\n<meta property=\"og:type\" content=\"article\" \/>\n<meta property=\"og:title\" content=\"Abertas as inscri\u00e7\u00f5es para o Curso da Pressenza sobre Jornalismo N\u00e3oViolento\" \/>\n<meta property=\"og:description\" content=\"H\u00e1 15 anos, a Pressenza tem desenvolvido um estilo de jornalismo n\u00e3oviolento, motivado pela necessidade urgente de tornar p\u00fablico um tipo diferente de\" \/>\n<meta property=\"og:url\" content=\"https:\/\/www.pressenza.com\/pt-pt\/2022\/05\/abertas-as-inscricoes-para-o-curso-da-pressenza-sobre-jornalismo-naoviolento\/\" \/>\n<meta property=\"og:site_name\" content=\"Pressenza\" \/>\n<meta property=\"article:publisher\" content=\"https:\/\/www.facebook.com\/PressenzaItalia\" \/>\n<meta property=\"article:author\" content=\"https:\/\/www.facebook.com\/pressenza\" \/>\n<meta property=\"article:published_time\" content=\"2022-05-14T21:14:23+00:00\" \/>\n<meta property=\"og:image\" content=\"https:\/\/www.pressenza.com\/wp-content\/uploads\/2022\/05\/Nonviolent-Journalism-2.jpg\" \/>\n\t<meta property=\"og:image:width\" content=\"1920\" \/>\n\t<meta property=\"og:image:height\" content=\"960\" \/>\n\t<meta property=\"og:image:type\" content=\"image\/jpeg\" \/>\n<meta name=\"author\" content=\"Pressenza IPA\" \/>\n<meta name=\"twitter:card\" content=\"summary_large_image\" \/>\n<meta name=\"twitter:creator\" content=\"@PressenzaIPA\" \/>\n<meta name=\"twitter:site\" content=\"@PressenzaIPA\" \/>\n<meta name=\"twitter:label1\" content=\"Escrito por\" \/>\n\t<meta name=\"twitter:data1\" content=\"Pressenza IPA\" \/>\n\t<meta name=\"twitter:label2\" content=\"Tempo estimado de leitura\" \/>\n\t<meta name=\"twitter:data2\" content=\"3 minutos\" \/>\n<script type=\"application\/ld+json\" class=\"yoast-schema-graph\">{\"@context\":\"https:\/\/schema.org\",\"@graph\":[{\"@type\":\"Article\",\"@id\":\"https:\/\/www.pressenza.com\/pt-pt\/2022\/05\/abertas-as-inscricoes-para-o-curso-da-pressenza-sobre-jornalismo-naoviolento\/#article\",\"isPartOf\":{\"@id\":\"https:\/\/www.pressenza.com\/pt-pt\/2022\/05\/abertas-as-inscricoes-para-o-curso-da-pressenza-sobre-jornalismo-naoviolento\/\"},\"author\":{\"name\":\"Pressenza IPA\",\"@id\":\"https:\/\/www.pressenza.com\/pt-pt\/#\/schema\/person\/010e5d02bcf40965427a1289a4cc8d75\"},\"headline\":\"Abertas as inscri\u00e7\u00f5es para o Curso da Pressenza sobre Jornalismo N\u00e3oViolento\",\"datePublished\":\"2022-05-14T21:14:23+00:00\",\"mainEntityOfPage\":{\"@id\":\"https:\/\/www.pressenza.com\/pt-pt\/2022\/05\/abertas-as-inscricoes-para-o-curso-da-pressenza-sobre-jornalismo-naoviolento\/\"},\"wordCount\":572,\"publisher\":{\"@id\":\"https:\/\/www.pressenza.com\/pt-pt\/#organization\"},\"image\":{\"@id\":\"https:\/\/www.pressenza.com\/pt-pt\/2022\/05\/abertas-as-inscricoes-para-o-curso-da-pressenza-sobre-jornalismo-naoviolento\/#primaryimage\"},\"thumbnailUrl\":\"https:\/\/www.pressenza.com\/wp-content\/uploads\/2022\/05\/Nonviolent-Journalism-2.jpg\",\"keywords\":[\"jornalismo n\u00e3o violento\"],\"articleSection\":[\"Conte\u00fado Original\",\"Cultura e M\u00eddia\"],\"inLanguage\":\"pt-PT\"},{\"@type\":\"WebPage\",\"@id\":\"https:\/\/www.pressenza.com\/pt-pt\/2022\/05\/abertas-as-inscricoes-para-o-curso-da-pressenza-sobre-jornalismo-naoviolento\/\",\"url\":\"https:\/\/www.pressenza.com\/pt-pt\/2022\/05\/abertas-as-inscricoes-para-o-curso-da-pressenza-sobre-jornalismo-naoviolento\/\",\"name\":\"Abertas as inscri\u00e7\u00f5es para o Curso da Pressenza sobre Jornalismo N\u00e3oViolento\",\"isPartOf\":{\"@id\":\"https:\/\/www.pressenza.com\/pt-pt\/#website\"},\"primaryImageOfPage\":{\"@id\":\"https:\/\/www.pressenza.com\/pt-pt\/2022\/05\/abertas-as-inscricoes-para-o-curso-da-pressenza-sobre-jornalismo-naoviolento\/#primaryimage\"},\"image\":{\"@id\":\"https:\/\/www.pressenza.com\/pt-pt\/2022\/05\/abertas-as-inscricoes-para-o-curso-da-pressenza-sobre-jornalismo-naoviolento\/#primaryimage\"},\"thumbnailUrl\":\"https:\/\/www.pressenza.com\/wp-content\/uploads\/2022\/05\/Nonviolent-Journalism-2.jpg\",\"datePublished\":\"2022-05-14T21:14:23+00:00\",\"description\":\"H\u00e1 15 anos, a Pressenza tem desenvolvido um estilo de jornalismo n\u00e3oviolento, motivado pela necessidade urgente de tornar p\u00fablico um tipo diferente de\",\"breadcrumb\":{\"@id\":\"https:\/\/www.pressenza.com\/pt-pt\/2022\/05\/abertas-as-inscricoes-para-o-curso-da-pressenza-sobre-jornalismo-naoviolento\/#breadcrumb\"},\"inLanguage\":\"pt-PT\",\"potentialAction\":[{\"@type\":\"ReadAction\",\"target\":[\"https:\/\/www.pressenza.com\/pt-pt\/2022\/05\/abertas-as-inscricoes-para-o-curso-da-pressenza-sobre-jornalismo-naoviolento\/\"]}]},{\"@type\":\"ImageObject\",\"inLanguage\":\"pt-PT\",\"@id\":\"https:\/\/www.pressenza.com\/pt-pt\/2022\/05\/abertas-as-inscricoes-para-o-curso-da-pressenza-sobre-jornalismo-naoviolento\/#primaryimage\",\"url\":\"https:\/\/www.pressenza.com\/wp-content\/uploads\/2022\/05\/Nonviolent-Journalism-2.jpg\",\"contentUrl\":\"https:\/\/www.pressenza.com\/wp-content\/uploads\/2022\/05\/Nonviolent-Journalism-2.jpg\",\"width\":1920,\"height\":960},{\"@type\":\"BreadcrumbList\",\"@id\":\"https:\/\/www.pressenza.com\/pt-pt\/2022\/05\/abertas-as-inscricoes-para-o-curso-da-pressenza-sobre-jornalismo-naoviolento\/#breadcrumb\",\"itemListElement\":[{\"@type\":\"ListItem\",\"position\":1,\"name\":\"Accueil\",\"item\":\"https:\/\/www.pressenza.com\/pt-pt\/\"},{\"@type\":\"ListItem\",\"position\":2,\"name\":\"Abertas as inscri\u00e7\u00f5es para o Curso da Pressenza sobre Jornalismo N\u00e3oViolento\"}]},{\"@type\":\"WebSite\",\"@id\":\"https:\/\/www.pressenza.com\/pt-pt\/#website\",\"url\":\"https:\/\/www.pressenza.com\/pt-pt\/\",\"name\":\"Pressenza\",\"description\":\"International Press Agency\",\"publisher\":{\"@id\":\"https:\/\/www.pressenza.com\/pt-pt\/#organization\"},\"potentialAction\":[{\"@type\":\"SearchAction\",\"target\":{\"@type\":\"EntryPoint\",\"urlTemplate\":\"https:\/\/www.pressenza.com\/pt-pt\/?s={search_term_string}\"},\"query-input\":{\"@type\":\"PropertyValueSpecification\",\"valueRequired\":true,\"valueName\":\"search_term_string\"}}],\"inLanguage\":\"pt-PT\"},{\"@type\":\"Organization\",\"@id\":\"https:\/\/www.pressenza.com\/pt-pt\/#organization\",\"name\":\"Pressenza\",\"url\":\"https:\/\/www.pressenza.com\/pt-pt\/\",\"logo\":{\"@type\":\"ImageObject\",\"inLanguage\":\"pt-PT\",\"@id\":\"https:\/\/www.pressenza.com\/pt-pt\/#\/schema\/logo\/image\/\",\"url\":\"https:\/\/www.pressenza.com\/wp-content\/uploads\/2022\/10\/pressenza_logo_200x200.jpg\",\"contentUrl\":\"https:\/\/www.pressenza.com\/wp-content\/uploads\/2022\/10\/pressenza_logo_200x200.jpg\",\"width\":200,\"height\":200,\"caption\":\"Pressenza\"},\"image\":{\"@id\":\"https:\/\/www.pressenza.com\/pt-pt\/#\/schema\/logo\/image\/\"},\"sameAs\":[\"https:\/\/www.facebook.com\/PressenzaItalia\",\"https:\/\/x.com\/PressenzaIPA\"]},{\"@type\":\"Person\",\"@id\":\"https:\/\/www.pressenza.com\/pt-pt\/#\/schema\/person\/010e5d02bcf40965427a1289a4cc8d75\",\"name\":\"Pressenza IPA\",\"description\":\"News from Pressenza IPA correspondents\",\"sameAs\":[\"https:\/\/www.facebook.com\/pressenza\",\"https:\/\/x.com\/PressenzaIPA\"],\"url\":\"https:\/\/www.pressenza.com\/pt-pt\/author\/pressenza-ipa\/\"}]}<\/script>\n<!-- \/ Yoast SEO plugin. -->","yoast_head_json":{"title":"Abertas as inscri\u00e7\u00f5es para o Curso da Pressenza sobre Jornalismo N\u00e3oViolento","description":"H\u00e1 15 anos, a Pressenza tem desenvolvido um estilo de jornalismo n\u00e3oviolento, motivado pela necessidade urgente de tornar p\u00fablico um tipo diferente de","robots":{"index":"index","follow":"follow","max-snippet":"max-snippet:-1","max-image-preview":"max-image-preview:large","max-video-preview":"max-video-preview:-1"},"canonical":"https:\/\/www.pressenza.com\/pt-pt\/2022\/05\/abertas-as-inscricoes-para-o-curso-da-pressenza-sobre-jornalismo-naoviolento\/","og_locale":"pt_PT","og_type":"article","og_title":"Abertas as inscri\u00e7\u00f5es para o Curso da Pressenza sobre Jornalismo N\u00e3oViolento","og_description":"H\u00e1 15 anos, a Pressenza tem desenvolvido um estilo de jornalismo n\u00e3oviolento, motivado pela necessidade urgente de tornar p\u00fablico um tipo diferente de","og_url":"https:\/\/www.pressenza.com\/pt-pt\/2022\/05\/abertas-as-inscricoes-para-o-curso-da-pressenza-sobre-jornalismo-naoviolento\/","og_site_name":"Pressenza","article_publisher":"https:\/\/www.facebook.com\/PressenzaItalia","article_author":"https:\/\/www.facebook.com\/pressenza","article_published_time":"2022-05-14T21:14:23+00:00","og_image":[{"width":1920,"height":960,"url":"https:\/\/www.pressenza.com\/wp-content\/uploads\/2022\/05\/Nonviolent-Journalism-2.jpg","type":"image\/jpeg"}],"author":"Pressenza IPA","twitter_card":"summary_large_image","twitter_creator":"@PressenzaIPA","twitter_site":"@PressenzaIPA","twitter_misc":{"Escrito por":"Pressenza IPA","Tempo estimado de leitura":"3 minutos"},"schema":{"@context":"https:\/\/schema.org","@graph":[{"@type":"Article","@id":"https:\/\/www.pressenza.com\/pt-pt\/2022\/05\/abertas-as-inscricoes-para-o-curso-da-pressenza-sobre-jornalismo-naoviolento\/#article","isPartOf":{"@id":"https:\/\/www.pressenza.com\/pt-pt\/2022\/05\/abertas-as-inscricoes-para-o-curso-da-pressenza-sobre-jornalismo-naoviolento\/"},"author":{"name":"Pressenza IPA","@id":"https:\/\/www.pressenza.com\/pt-pt\/#\/schema\/person\/010e5d02bcf40965427a1289a4cc8d75"},"headline":"Abertas as inscri\u00e7\u00f5es para o Curso da Pressenza sobre Jornalismo N\u00e3oViolento","datePublished":"2022-05-14T21:14:23+00:00","mainEntityOfPage":{"@id":"https:\/\/www.pressenza.com\/pt-pt\/2022\/05\/abertas-as-inscricoes-para-o-curso-da-pressenza-sobre-jornalismo-naoviolento\/"},"wordCount":572,"publisher":{"@id":"https:\/\/www.pressenza.com\/pt-pt\/#organization"},"image":{"@id":"https:\/\/www.pressenza.com\/pt-pt\/2022\/05\/abertas-as-inscricoes-para-o-curso-da-pressenza-sobre-jornalismo-naoviolento\/#primaryimage"},"thumbnailUrl":"https:\/\/www.pressenza.com\/wp-content\/uploads\/2022\/05\/Nonviolent-Journalism-2.jpg","keywords":["jornalismo n\u00e3o violento"],"articleSection":["Conte\u00fado Original","Cultura e M\u00eddia"],"inLanguage":"pt-PT"},{"@type":"WebPage","@id":"https:\/\/www.pressenza.com\/pt-pt\/2022\/05\/abertas-as-inscricoes-para-o-curso-da-pressenza-sobre-jornalismo-naoviolento\/","url":"https:\/\/www.pressenza.com\/pt-pt\/2022\/05\/abertas-as-inscricoes-para-o-curso-da-pressenza-sobre-jornalismo-naoviolento\/","name":"Abertas as inscri\u00e7\u00f5es para o Curso da Pressenza sobre Jornalismo N\u00e3oViolento","isPartOf":{"@id":"https:\/\/www.pressenza.com\/pt-pt\/#website"},"primaryImageOfPage":{"@id":"https:\/\/www.pressenza.com\/pt-pt\/2022\/05\/abertas-as-inscricoes-para-o-curso-da-pressenza-sobre-jornalismo-naoviolento\/#primaryimage"},"image":{"@id":"https:\/\/www.pressenza.com\/pt-pt\/2022\/05\/abertas-as-inscricoes-para-o-curso-da-pressenza-sobre-jornalismo-naoviolento\/#primaryimage"},"thumbnailUrl":"https:\/\/www.pressenza.com\/wp-content\/uploads\/2022\/05\/Nonviolent-Journalism-2.jpg","datePublished":"2022-05-14T21:14:23+00:00","description":"H\u00e1 15 anos, a Pressenza tem desenvolvido um estilo de jornalismo n\u00e3oviolento, motivado pela necessidade urgente de tornar p\u00fablico um tipo diferente de","breadcrumb":{"@id":"https:\/\/www.pressenza.com\/pt-pt\/2022\/05\/abertas-as-inscricoes-para-o-curso-da-pressenza-sobre-jornalismo-naoviolento\/#breadcrumb"},"inLanguage":"pt-PT","potentialAction":[{"@type":"ReadAction","target":["https:\/\/www.pressenza.com\/pt-pt\/2022\/05\/abertas-as-inscricoes-para-o-curso-da-pressenza-sobre-jornalismo-naoviolento\/"]}]},{"@type":"ImageObject","inLanguage":"pt-PT","@id":"https:\/\/www.pressenza.com\/pt-pt\/2022\/05\/abertas-as-inscricoes-para-o-curso-da-pressenza-sobre-jornalismo-naoviolento\/#primaryimage","url":"https:\/\/www.pressenza.com\/wp-content\/uploads\/2022\/05\/Nonviolent-Journalism-2.jpg","contentUrl":"https:\/\/www.pressenza.com\/wp-content\/uploads\/2022\/05\/Nonviolent-Journalism-2.jpg","width":1920,"height":960},{"@type":"BreadcrumbList","@id":"https:\/\/www.pressenza.com\/pt-pt\/2022\/05\/abertas-as-inscricoes-para-o-curso-da-pressenza-sobre-jornalismo-naoviolento\/#breadcrumb","itemListElement":[{"@type":"ListItem","position":1,"name":"Accueil","item":"https:\/\/www.pressenza.com\/pt-pt\/"},{"@type":"ListItem","position":2,"name":"Abertas as inscri\u00e7\u00f5es para o Curso da Pressenza sobre Jornalismo N\u00e3oViolento"}]},{"@type":"WebSite","@id":"https:\/\/www.pressenza.com\/pt-pt\/#website","url":"https:\/\/www.pressenza.com\/pt-pt\/","name":"Pressenza","description":"International Press Agency","publisher":{"@id":"https:\/\/www.pressenza.com\/pt-pt\/#organization"},"potentialAction":[{"@type":"SearchAction","target":{"@type":"EntryPoint","urlTemplate":"https:\/\/www.pressenza.com\/pt-pt\/?s={search_term_string}"},"query-input":{"@type":"PropertyValueSpecification","valueRequired":true,"valueName":"search_term_string"}}],"inLanguage":"pt-PT"},{"@type":"Organization","@id":"https:\/\/www.pressenza.com\/pt-pt\/#organization","name":"Pressenza","url":"https:\/\/www.pressenza.com\/pt-pt\/","logo":{"@type":"ImageObject","inLanguage":"pt-PT","@id":"https:\/\/www.pressenza.com\/pt-pt\/#\/schema\/logo\/image\/","url":"https:\/\/www.pressenza.com\/wp-content\/uploads\/2022\/10\/pressenza_logo_200x200.jpg","contentUrl":"https:\/\/www.pressenza.com\/wp-content\/uploads\/2022\/10\/pressenza_logo_200x200.jpg","width":200,"height":200,"caption":"Pressenza"},"image":{"@id":"https:\/\/www.pressenza.com\/pt-pt\/#\/schema\/logo\/image\/"},"sameAs":["https:\/\/www.facebook.com\/PressenzaItalia","https:\/\/x.com\/PressenzaIPA"]},{"@type":"Person","@id":"https:\/\/www.pressenza.com\/pt-pt\/#\/schema\/person\/010e5d02bcf40965427a1289a4cc8d75","name":"Pressenza IPA","description":"News from Pressenza IPA correspondents","sameAs":["https:\/\/www.facebook.com\/pressenza","https:\/\/x.com\/PressenzaIPA"],"url":"https:\/\/www.pressenza.com\/pt-pt\/author\/pressenza-ipa\/"}]}},"place":"Londres, Reino Unido","original_article_url":"","_links":{"self":[{"href":"https:\/\/www.pressenza.com\/pt-pt\/wp-json\/wp\/v2\/posts\/1584171","targetHints":{"allow":["GET"]}}],"collection":[{"href":"https:\/\/www.pressenza.com\/pt-pt\/wp-json\/wp\/v2\/posts"}],"about":[{"href":"https:\/\/www.pressenza.com\/pt-pt\/wp-json\/wp\/v2\/types\/post"}],"author":[{"embeddable":true,"href":"https:\/\/www.pressenza.com\/pt-pt\/wp-json\/wp\/v2\/users\/19"}],"replies":[{"embeddable":true,"href":"https:\/\/www.pressenza.com\/pt-pt\/wp-json\/wp\/v2\/comments?post=1584171"}],"version-history":[{"count":0,"href":"https:\/\/www.pressenza.com\/pt-pt\/wp-json\/wp\/v2\/posts\/1584171\/revisions"}],"wp:featuredmedia":[{"embeddable":true,"href":"https:\/\/www.pressenza.com\/pt-pt\/wp-json\/wp\/v2\/media\/1576139"}],"wp:attachment":[{"href":"https:\/\/www.pressenza.com\/pt-pt\/wp-json\/wp\/v2\/media?parent=1584171"}],"wp:term":[{"taxonomy":"category","embeddable":true,"href":"https:\/\/www.pressenza.com\/pt-pt\/wp-json\/wp\/v2\/categories?post=1584171"},{"taxonomy":"post_tag","embeddable":true,"href":"https:\/\/www.pressenza.com\/pt-pt\/wp-json\/wp\/v2\/tags?post=1584171"}],"curies":[{"name":"wp","href":"https:\/\/api.w.org\/{rel}","templated":true}]}}