{"id":1563553,"date":"2022-04-12T20:38:16","date_gmt":"2022-04-12T19:38:16","guid":{"rendered":"https:\/\/www.pressenza.com\/?p=1563553"},"modified":"2022-04-24T17:44:43","modified_gmt":"2022-04-24T16:44:43","slug":"franca-primeiro-turno-da-eleicao-presidencial-abstencao-repeticao-e-melenchon","status":"publish","type":"post","link":"https:\/\/www.pressenza.com\/pt-pt\/2022\/04\/franca-primeiro-turno-da-eleicao-presidencial-abstencao-repeticao-e-melenchon\/","title":{"rendered":"Fran\u00e7a, primeiro turno da elei\u00e7\u00e3o presidencial: absten\u00e7\u00e3o, repeti\u00e7\u00e3o e M\u00e9lenchon!"},"content":{"rendered":"<blockquote><p>Absten\u00e7\u00e3o, repeti\u00e7\u00e3o e M\u00e9lenchon: s\u00f3 estas tr\u00eas palavras j\u00e1 resumem o <a href=\"https:\/\/www.resultats-elections.interieur.gouv.fr\/presidentielle-2022\/FE.html\" target=\"_blank\" rel=\"noopener\">resultado do primeiro turno<\/a> das elei\u00e7\u00f5es presidenciais na Fran\u00e7a. De fato, passaram para o segundo turno Emmanuel Macron, atual presidente e candidato do ultraliberalismo, com 27,84% dos votos, e Marine Le Pen, do RN (<em>Rassemblement National, <\/em>Reagrupamento Nacional, em portugu\u00eas), candidata da extrema direita com 23,15%. Jean-Luc M\u00e9lenchon, o candidato da FI (<em>France Insoumise,<\/em> Fran\u00e7a Insubmissa, em portugu\u00eas) pela Uni\u00e3o Popular, obteve 21,95% dos votos. A <a href=\"https:\/\/www.francetvinfo.fr\/elections\/presidentielle\/presidentielle-2022-les-plus-jeunes-ont-vote-jean-luc-melenchon-les-plus-vieux-emmanuel-macron_5075344.html\" target=\"_blank\" rel=\"noopener\">absten\u00e7\u00e3o<\/a> atingiu um n\u00famero recorde para uma elei\u00e7\u00e3o presidencial: 26,3% dos eleitores n\u00e3o votaram, ou seja, mais de 1 em cada 4, principalmente jovens de 18 a 35 anos. Al\u00e9m disso, segundo uma <a href=\"https:\/\/www.francetvinfo.fr\/elections\/presidentielle\/presidentielle-2022-les-plus-jeunes-ont-vote-jean-luc-melenchon-les-plus-vieux-emmanuel-macron_5075344.html\" target=\"_blank\" rel=\"noopener\">pesquisa<\/a>, 31% dos jovens de 18 a 24 anos e 34% dos de 25 a 34 anos votaram no candidato da Uni\u00e3o Popular, muito mais que em Macron ou em Le Pen. O futuro ser\u00e1 constru\u00eddo por eles. A juventude tem sede de vida, justi\u00e7a e fraternidade; esse desejo comum que ganha forma se materializar\u00e1 de uma maneira ou de outra.<\/p><\/blockquote>\n<p>Os partidos tradicionais de esquerda-direita est\u00e3o entrando em colapso e desaparecendo do cen\u00e1rio pol\u00edtico, conseguiram apenas 1,74% dos votos para o candidato do Partido Socialista e 4,79% para o candidato republicano. Eles n\u00e3o ser\u00e3o reembolsados pelos custos de campanha, pois n\u00e3o atingiram os 5% dos votos, bem como o candidato do <em>Europe Ecologie les Verts <\/em>(Europa Ecologia \u2013 Os Verdes), que obteve 4,58%. A extrema direita est\u00e1 se fortalecendo com Eric Zemmour e seu partido de Reconquista (extrema direita) criado no final de 2021, com 7,05% dos votos nessa elei\u00e7\u00e3o. Os eleitores da direita tradicional se dividiram entre o ultraliberalismo de Macron e a extrema direita de Le Pen.<\/p>\n<p>J\u00e1 o candidato do Partido Comunista (PC), Fabien Roussel, se gabando ao longo da campanha, fazendo apologia \u00e0 energia nuclear e sabendo que n\u00e3o poderia ser eleito, obteve 2,31% dos votos. Em 2012, o PC n\u00e3o se apresentou e, em vota\u00e7\u00e3o interna de seus membros, escolheu Jean-Luc M\u00e9lenchon como o candidato da Frente de Esquerda. Em 2017, ainda sem candidato, o PC decidiu apoiar, sem muita convic\u00e7\u00e3o, a candidatura da Fran\u00e7a Insubmissa. Hoje, em 2022, ap\u00f3s cinco anos de ultraliberalismo em que o candidato da Fran\u00e7a Insubmissa pela Uni\u00e3o Popular poderia fazer a diferen\u00e7a, o PC apresentou um candidato, derrotando a candidatura da Uni\u00e3o Popular.<\/p>\n<p>Neste domingo, 10 de abril, \u00e0 noite, Fabien Roussel (PC) convocou a popula\u00e7\u00e3o a votar em Emmanuel Macron, o candidato do ultraliberalismo (e atual presidente do pa\u00eds), em tentativa de bloquear a extrema direita. Mas, para bloquear a extrema direita e o ultraliberalismo, teria sido necess\u00e1rio n\u00e3o aparecer e defender causa comum com a Uni\u00e3o Popular. Primeiro, voc\u00ea assume a responsabilidade. A diferen\u00e7a entre Marine Le Pen (extrema direita) e Jean-Luc M\u00e9lenchon foi muito pequena. E isto n\u00e3o \u00e9 trair o povo, parece que \u00e9! A mesma observa\u00e7\u00e3o serve para o Partido Socialista, que h\u00e1 muito tempo n\u00e3o \u00e9 de esquerda, e aos ecologistas, incapazes de ter uma verdadeira pol\u00edtica social: todos pediram voto para Macron, para assim bloquear a extrema direita.<\/p>\n<p>Todos s\u00e3o respons\u00e1veis por este segundo turno, que nada mais \u00e9 que apenas uma repeti\u00e7\u00e3o de 2017 e da grande absten\u00e7\u00e3o. Como acreditar em todos esses pol\u00edticos interessados apenas em seu ego, que gastam seu tempo trapaceando e mentindo? Nessa segunda-feira, uma Fran\u00e7a acordou tripartite com o ultraliberalismo, a extrema direita e a Uni\u00e3o Popular.<\/p>\n<p>Algo comum nasceu de tudo isso, os partidos tradicionais foram repudiados e isso \u00e9 seu fim. As pessoas est\u00e3o em busca de esperan\u00e7a, de estrutura para o futuro e de justi\u00e7a social. Eleitores do Partido Comunista, do Partido Ecol\u00f3gico, do Partido Socialista e de outros votaram na candidatura da Uni\u00e3o Popular (Jean-Luc M\u00e9lenchon). Os que resistem, os que sofrem, todos os que querem uma mudan\u00e7a na sociedade optaram por libertar-se das instru\u00e7\u00f5es de voto dos dirigentes partid\u00e1rios, permitindo-lhes uma pontua\u00e7\u00e3o superior \u00e0 de 2012 e 2017.<\/p>\n<p>N\u00e3o somos mais enganados. O segundo turno acontecer\u00e1 no domingo, 24 de abril, e nada sugere que os eleitores ser\u00e3o mais enganados pelo medo da extrema direita; isso funciona cada vez menos. Ao brincar com fogo, todos os pol\u00edticos constru\u00edram essa situa\u00e7\u00e3o, em uma encena\u00e7\u00e3o que j\u00e1 dura mais de trinta anos. Talvez eles se queimem? Seja l\u00e1 o que for que aconte\u00e7a no segundo turno, os abstencionistas n\u00e3o ser\u00e3o respons\u00e1veis ou culpados. Nem Macron, nem Le Pen, dessa vez, as vozes se ergueram.<\/p>\n<hr \/>\n<p><em>Traduzido do franc\u00eas por Aline Arana \/ Revisado por Gra\u00e7a Pinheiro<\/em><\/p>\n","protected":false},"excerpt":{"rendered":"<p>Absten\u00e7\u00e3o, repeti\u00e7\u00e3o e M\u00e9lenchon: s\u00f3 estas tr\u00eas palavras j\u00e1 resumem o resultado do primeiro turno das elei\u00e7\u00f5es presidenciais na Fran\u00e7a. De fato, passaram para o segundo turno Emmanuel Macron, atual presidente e candidato do ultraliberalismo, com 27,84% dos votos, e&hellip;<\/p>\n","protected":false},"author":1208,"featured_media":1562994,"comment_status":"closed","ping_status":"closed","sticky":false,"template":"","format":"standard","meta":{"footnotes":""},"categories":[11390,103,111],"tags":[10459,101062,101063],"class_list":["post-1563553","post","type-post","status-publish","format-standard","has-post-thumbnail","hentry","category-conteudo-original","category-europa-pt-pt","category-politica-pt-pt","tag-franca","tag-leicoes-presidenciais","tag-primeiro-turno"],"yoast_head":"<!-- This site is optimized with the Yoast SEO plugin v27.1.1 - https:\/\/yoast.com\/product\/yoast-seo-wordpress\/ -->\n<title>Fran\u00e7a, primeiro turno da elei\u00e7\u00e3o presidencial: absten\u00e7\u00e3o, repeti\u00e7\u00e3o e M\u00e9lenchon!<\/title>\n<meta name=\"description\" content=\"Absten\u00e7\u00e3o, repeti\u00e7\u00e3o e M\u00e9lenchon: s\u00f3 estas tr\u00eas palavras j\u00e1 resumem o resultado do primeiro turno das elei\u00e7\u00f5es presidenciais na Fran\u00e7a. De fato, passaram\" \/>\n<meta name=\"robots\" content=\"index, follow, max-snippet:-1, max-image-preview:large, max-video-preview:-1\" \/>\n<link rel=\"canonical\" href=\"https:\/\/www.pressenza.com\/pt-pt\/2022\/04\/franca-primeiro-turno-da-eleicao-presidencial-abstencao-repeticao-e-melenchon\/\" \/>\n<meta property=\"og:locale\" content=\"pt_PT\" \/>\n<meta property=\"og:type\" content=\"article\" \/>\n<meta property=\"og:title\" content=\"Fran\u00e7a, primeiro turno da elei\u00e7\u00e3o presidencial: absten\u00e7\u00e3o, repeti\u00e7\u00e3o e M\u00e9lenchon!\" \/>\n<meta property=\"og:description\" content=\"Absten\u00e7\u00e3o, repeti\u00e7\u00e3o e M\u00e9lenchon: s\u00f3 estas tr\u00eas palavras j\u00e1 resumem o resultado do primeiro turno das elei\u00e7\u00f5es presidenciais na Fran\u00e7a. De fato, passaram\" \/>\n<meta property=\"og:url\" content=\"https:\/\/www.pressenza.com\/pt-pt\/2022\/04\/franca-primeiro-turno-da-eleicao-presidencial-abstencao-repeticao-e-melenchon\/\" \/>\n<meta property=\"og:site_name\" content=\"Pressenza\" \/>\n<meta property=\"article:publisher\" content=\"https:\/\/www.facebook.com\/PressenzaItalia\" \/>\n<meta property=\"article:published_time\" content=\"2022-04-12T19:38:16+00:00\" \/>\n<meta property=\"article:modified_time\" content=\"2022-04-24T16:44:43+00:00\" \/>\n<meta property=\"og:image\" content=\"https:\/\/www.pressenza.com\/wp-content\/uploads\/2022\/04\/people-geralt-pixabay.jpg\" \/>\n\t<meta property=\"og:image:width\" content=\"820\" \/>\n\t<meta property=\"og:image:height\" content=\"460\" \/>\n\t<meta property=\"og:image:type\" content=\"image\/jpeg\" \/>\n<meta name=\"author\" content=\"Gabrielle Negrel\" \/>\n<meta name=\"twitter:card\" content=\"summary_large_image\" \/>\n<meta name=\"twitter:creator\" content=\"@PressenzaIPA\" \/>\n<meta name=\"twitter:site\" content=\"@PressenzaIPA\" \/>\n<meta name=\"twitter:label1\" content=\"Escrito por\" \/>\n\t<meta name=\"twitter:data1\" content=\"Gabrielle Negrel\" \/>\n\t<meta name=\"twitter:label2\" content=\"Tempo estimado de leitura\" \/>\n\t<meta name=\"twitter:data2\" content=\"4 minutos\" \/>\n<script type=\"application\/ld+json\" class=\"yoast-schema-graph\">{\"@context\":\"https:\/\/schema.org\",\"@graph\":[{\"@type\":\"Article\",\"@id\":\"https:\/\/www.pressenza.com\/pt-pt\/2022\/04\/franca-primeiro-turno-da-eleicao-presidencial-abstencao-repeticao-e-melenchon\/#article\",\"isPartOf\":{\"@id\":\"https:\/\/www.pressenza.com\/pt-pt\/2022\/04\/franca-primeiro-turno-da-eleicao-presidencial-abstencao-repeticao-e-melenchon\/\"},\"author\":{\"name\":\"Gabrielle Negrel\",\"@id\":\"https:\/\/www.pressenza.com\/pt-pt\/#\/schema\/person\/42a4129444c0e03559f6c139cf72f8cf\"},\"headline\":\"Fran\u00e7a, primeiro turno da elei\u00e7\u00e3o presidencial: absten\u00e7\u00e3o, repeti\u00e7\u00e3o e M\u00e9lenchon!\",\"datePublished\":\"2022-04-12T19:38:16+00:00\",\"dateModified\":\"2022-04-24T16:44:43+00:00\",\"mainEntityOfPage\":{\"@id\":\"https:\/\/www.pressenza.com\/pt-pt\/2022\/04\/franca-primeiro-turno-da-eleicao-presidencial-abstencao-repeticao-e-melenchon\/\"},\"wordCount\":796,\"publisher\":{\"@id\":\"https:\/\/www.pressenza.com\/pt-pt\/#organization\"},\"image\":{\"@id\":\"https:\/\/www.pressenza.com\/pt-pt\/2022\/04\/franca-primeiro-turno-da-eleicao-presidencial-abstencao-repeticao-e-melenchon\/#primaryimage\"},\"thumbnailUrl\":\"https:\/\/www.pressenza.com\/wp-content\/uploads\/2022\/04\/people-geralt-pixabay.jpg\",\"keywords\":[\"Fran\u00e7a\",\"lei\u00e7\u00f5es presidenciais\",\"primeiro turno\"],\"articleSection\":[\"Conte\u00fado Original\",\"Europa\",\"Pol\u00edtica\"],\"inLanguage\":\"pt-PT\"},{\"@type\":\"WebPage\",\"@id\":\"https:\/\/www.pressenza.com\/pt-pt\/2022\/04\/franca-primeiro-turno-da-eleicao-presidencial-abstencao-repeticao-e-melenchon\/\",\"url\":\"https:\/\/www.pressenza.com\/pt-pt\/2022\/04\/franca-primeiro-turno-da-eleicao-presidencial-abstencao-repeticao-e-melenchon\/\",\"name\":\"Fran\u00e7a, primeiro turno da elei\u00e7\u00e3o presidencial: absten\u00e7\u00e3o, repeti\u00e7\u00e3o e M\u00e9lenchon!\",\"isPartOf\":{\"@id\":\"https:\/\/www.pressenza.com\/pt-pt\/#website\"},\"primaryImageOfPage\":{\"@id\":\"https:\/\/www.pressenza.com\/pt-pt\/2022\/04\/franca-primeiro-turno-da-eleicao-presidencial-abstencao-repeticao-e-melenchon\/#primaryimage\"},\"image\":{\"@id\":\"https:\/\/www.pressenza.com\/pt-pt\/2022\/04\/franca-primeiro-turno-da-eleicao-presidencial-abstencao-repeticao-e-melenchon\/#primaryimage\"},\"thumbnailUrl\":\"https:\/\/www.pressenza.com\/wp-content\/uploads\/2022\/04\/people-geralt-pixabay.jpg\",\"datePublished\":\"2022-04-12T19:38:16+00:00\",\"dateModified\":\"2022-04-24T16:44:43+00:00\",\"description\":\"Absten\u00e7\u00e3o, repeti\u00e7\u00e3o e M\u00e9lenchon: s\u00f3 estas tr\u00eas palavras j\u00e1 resumem o resultado do primeiro turno das elei\u00e7\u00f5es presidenciais na Fran\u00e7a. De fato, passaram\",\"breadcrumb\":{\"@id\":\"https:\/\/www.pressenza.com\/pt-pt\/2022\/04\/franca-primeiro-turno-da-eleicao-presidencial-abstencao-repeticao-e-melenchon\/#breadcrumb\"},\"inLanguage\":\"pt-PT\",\"potentialAction\":[{\"@type\":\"ReadAction\",\"target\":[\"https:\/\/www.pressenza.com\/pt-pt\/2022\/04\/franca-primeiro-turno-da-eleicao-presidencial-abstencao-repeticao-e-melenchon\/\"]}]},{\"@type\":\"ImageObject\",\"inLanguage\":\"pt-PT\",\"@id\":\"https:\/\/www.pressenza.com\/pt-pt\/2022\/04\/franca-primeiro-turno-da-eleicao-presidencial-abstencao-repeticao-e-melenchon\/#primaryimage\",\"url\":\"https:\/\/www.pressenza.com\/wp-content\/uploads\/2022\/04\/people-geralt-pixabay.jpg\",\"contentUrl\":\"https:\/\/www.pressenza.com\/wp-content\/uploads\/2022\/04\/people-geralt-pixabay.jpg\",\"width\":820,\"height\":460,\"caption\":\"France, premier tour de l\u2019\u00e9lection pr\u00e9sidentielle : abstention, r\u00e9p\u00e9tition et M\u00e9lenchon !\"},{\"@type\":\"BreadcrumbList\",\"@id\":\"https:\/\/www.pressenza.com\/pt-pt\/2022\/04\/franca-primeiro-turno-da-eleicao-presidencial-abstencao-repeticao-e-melenchon\/#breadcrumb\",\"itemListElement\":[{\"@type\":\"ListItem\",\"position\":1,\"name\":\"Accueil\",\"item\":\"https:\/\/www.pressenza.com\/pt-pt\/\"},{\"@type\":\"ListItem\",\"position\":2,\"name\":\"Fran\u00e7a, primeiro turno da elei\u00e7\u00e3o presidencial: absten\u00e7\u00e3o, repeti\u00e7\u00e3o e M\u00e9lenchon!\"}]},{\"@type\":\"WebSite\",\"@id\":\"https:\/\/www.pressenza.com\/pt-pt\/#website\",\"url\":\"https:\/\/www.pressenza.com\/pt-pt\/\",\"name\":\"Pressenza\",\"description\":\"International Press Agency\",\"publisher\":{\"@id\":\"https:\/\/www.pressenza.com\/pt-pt\/#organization\"},\"potentialAction\":[{\"@type\":\"SearchAction\",\"target\":{\"@type\":\"EntryPoint\",\"urlTemplate\":\"https:\/\/www.pressenza.com\/pt-pt\/?s={search_term_string}\"},\"query-input\":{\"@type\":\"PropertyValueSpecification\",\"valueRequired\":true,\"valueName\":\"search_term_string\"}}],\"inLanguage\":\"pt-PT\"},{\"@type\":\"Organization\",\"@id\":\"https:\/\/www.pressenza.com\/pt-pt\/#organization\",\"name\":\"Pressenza\",\"url\":\"https:\/\/www.pressenza.com\/pt-pt\/\",\"logo\":{\"@type\":\"ImageObject\",\"inLanguage\":\"pt-PT\",\"@id\":\"https:\/\/www.pressenza.com\/pt-pt\/#\/schema\/logo\/image\/\",\"url\":\"https:\/\/www.pressenza.com\/wp-content\/uploads\/2022\/10\/pressenza_logo_200x200.jpg\",\"contentUrl\":\"https:\/\/www.pressenza.com\/wp-content\/uploads\/2022\/10\/pressenza_logo_200x200.jpg\",\"width\":200,\"height\":200,\"caption\":\"Pressenza\"},\"image\":{\"@id\":\"https:\/\/www.pressenza.com\/pt-pt\/#\/schema\/logo\/image\/\"},\"sameAs\":[\"https:\/\/www.facebook.com\/PressenzaItalia\",\"https:\/\/x.com\/PressenzaIPA\"]},{\"@type\":\"Person\",\"@id\":\"https:\/\/www.pressenza.com\/pt-pt\/#\/schema\/person\/42a4129444c0e03559f6c139cf72f8cf\",\"name\":\"Gabrielle Negrel\",\"description\":\"Activist for nonviolence and human rights, Gabrielle Negrel is a trained assistant nurse and was trade union activist before writing for Pressenza.\",\"url\":\"https:\/\/www.pressenza.com\/pt-pt\/author\/gabrielle-negrel\/\"}]}<\/script>\n<!-- \/ Yoast SEO plugin. -->","yoast_head_json":{"title":"Fran\u00e7a, primeiro turno da elei\u00e7\u00e3o presidencial: absten\u00e7\u00e3o, repeti\u00e7\u00e3o e M\u00e9lenchon!","description":"Absten\u00e7\u00e3o, repeti\u00e7\u00e3o e M\u00e9lenchon: s\u00f3 estas tr\u00eas palavras j\u00e1 resumem o resultado do primeiro turno das elei\u00e7\u00f5es presidenciais na Fran\u00e7a. De fato, passaram","robots":{"index":"index","follow":"follow","max-snippet":"max-snippet:-1","max-image-preview":"max-image-preview:large","max-video-preview":"max-video-preview:-1"},"canonical":"https:\/\/www.pressenza.com\/pt-pt\/2022\/04\/franca-primeiro-turno-da-eleicao-presidencial-abstencao-repeticao-e-melenchon\/","og_locale":"pt_PT","og_type":"article","og_title":"Fran\u00e7a, primeiro turno da elei\u00e7\u00e3o presidencial: absten\u00e7\u00e3o, repeti\u00e7\u00e3o e M\u00e9lenchon!","og_description":"Absten\u00e7\u00e3o, repeti\u00e7\u00e3o e M\u00e9lenchon: s\u00f3 estas tr\u00eas palavras j\u00e1 resumem o resultado do primeiro turno das elei\u00e7\u00f5es presidenciais na Fran\u00e7a. De fato, passaram","og_url":"https:\/\/www.pressenza.com\/pt-pt\/2022\/04\/franca-primeiro-turno-da-eleicao-presidencial-abstencao-repeticao-e-melenchon\/","og_site_name":"Pressenza","article_publisher":"https:\/\/www.facebook.com\/PressenzaItalia","article_published_time":"2022-04-12T19:38:16+00:00","article_modified_time":"2022-04-24T16:44:43+00:00","og_image":[{"width":820,"height":460,"url":"https:\/\/www.pressenza.com\/wp-content\/uploads\/2022\/04\/people-geralt-pixabay.jpg","type":"image\/jpeg"}],"author":"Gabrielle Negrel","twitter_card":"summary_large_image","twitter_creator":"@PressenzaIPA","twitter_site":"@PressenzaIPA","twitter_misc":{"Escrito por":"Gabrielle Negrel","Tempo estimado de leitura":"4 minutos"},"schema":{"@context":"https:\/\/schema.org","@graph":[{"@type":"Article","@id":"https:\/\/www.pressenza.com\/pt-pt\/2022\/04\/franca-primeiro-turno-da-eleicao-presidencial-abstencao-repeticao-e-melenchon\/#article","isPartOf":{"@id":"https:\/\/www.pressenza.com\/pt-pt\/2022\/04\/franca-primeiro-turno-da-eleicao-presidencial-abstencao-repeticao-e-melenchon\/"},"author":{"name":"Gabrielle Negrel","@id":"https:\/\/www.pressenza.com\/pt-pt\/#\/schema\/person\/42a4129444c0e03559f6c139cf72f8cf"},"headline":"Fran\u00e7a, primeiro turno da elei\u00e7\u00e3o presidencial: absten\u00e7\u00e3o, repeti\u00e7\u00e3o e M\u00e9lenchon!","datePublished":"2022-04-12T19:38:16+00:00","dateModified":"2022-04-24T16:44:43+00:00","mainEntityOfPage":{"@id":"https:\/\/www.pressenza.com\/pt-pt\/2022\/04\/franca-primeiro-turno-da-eleicao-presidencial-abstencao-repeticao-e-melenchon\/"},"wordCount":796,"publisher":{"@id":"https:\/\/www.pressenza.com\/pt-pt\/#organization"},"image":{"@id":"https:\/\/www.pressenza.com\/pt-pt\/2022\/04\/franca-primeiro-turno-da-eleicao-presidencial-abstencao-repeticao-e-melenchon\/#primaryimage"},"thumbnailUrl":"https:\/\/www.pressenza.com\/wp-content\/uploads\/2022\/04\/people-geralt-pixabay.jpg","keywords":["Fran\u00e7a","lei\u00e7\u00f5es presidenciais","primeiro turno"],"articleSection":["Conte\u00fado Original","Europa","Pol\u00edtica"],"inLanguage":"pt-PT"},{"@type":"WebPage","@id":"https:\/\/www.pressenza.com\/pt-pt\/2022\/04\/franca-primeiro-turno-da-eleicao-presidencial-abstencao-repeticao-e-melenchon\/","url":"https:\/\/www.pressenza.com\/pt-pt\/2022\/04\/franca-primeiro-turno-da-eleicao-presidencial-abstencao-repeticao-e-melenchon\/","name":"Fran\u00e7a, primeiro turno da elei\u00e7\u00e3o presidencial: absten\u00e7\u00e3o, repeti\u00e7\u00e3o e M\u00e9lenchon!","isPartOf":{"@id":"https:\/\/www.pressenza.com\/pt-pt\/#website"},"primaryImageOfPage":{"@id":"https:\/\/www.pressenza.com\/pt-pt\/2022\/04\/franca-primeiro-turno-da-eleicao-presidencial-abstencao-repeticao-e-melenchon\/#primaryimage"},"image":{"@id":"https:\/\/www.pressenza.com\/pt-pt\/2022\/04\/franca-primeiro-turno-da-eleicao-presidencial-abstencao-repeticao-e-melenchon\/#primaryimage"},"thumbnailUrl":"https:\/\/www.pressenza.com\/wp-content\/uploads\/2022\/04\/people-geralt-pixabay.jpg","datePublished":"2022-04-12T19:38:16+00:00","dateModified":"2022-04-24T16:44:43+00:00","description":"Absten\u00e7\u00e3o, repeti\u00e7\u00e3o e M\u00e9lenchon: s\u00f3 estas tr\u00eas palavras j\u00e1 resumem o resultado do primeiro turno das elei\u00e7\u00f5es presidenciais na Fran\u00e7a. De fato, passaram","breadcrumb":{"@id":"https:\/\/www.pressenza.com\/pt-pt\/2022\/04\/franca-primeiro-turno-da-eleicao-presidencial-abstencao-repeticao-e-melenchon\/#breadcrumb"},"inLanguage":"pt-PT","potentialAction":[{"@type":"ReadAction","target":["https:\/\/www.pressenza.com\/pt-pt\/2022\/04\/franca-primeiro-turno-da-eleicao-presidencial-abstencao-repeticao-e-melenchon\/"]}]},{"@type":"ImageObject","inLanguage":"pt-PT","@id":"https:\/\/www.pressenza.com\/pt-pt\/2022\/04\/franca-primeiro-turno-da-eleicao-presidencial-abstencao-repeticao-e-melenchon\/#primaryimage","url":"https:\/\/www.pressenza.com\/wp-content\/uploads\/2022\/04\/people-geralt-pixabay.jpg","contentUrl":"https:\/\/www.pressenza.com\/wp-content\/uploads\/2022\/04\/people-geralt-pixabay.jpg","width":820,"height":460,"caption":"France, premier tour de l\u2019\u00e9lection pr\u00e9sidentielle : abstention, r\u00e9p\u00e9tition et M\u00e9lenchon !"},{"@type":"BreadcrumbList","@id":"https:\/\/www.pressenza.com\/pt-pt\/2022\/04\/franca-primeiro-turno-da-eleicao-presidencial-abstencao-repeticao-e-melenchon\/#breadcrumb","itemListElement":[{"@type":"ListItem","position":1,"name":"Accueil","item":"https:\/\/www.pressenza.com\/pt-pt\/"},{"@type":"ListItem","position":2,"name":"Fran\u00e7a, primeiro turno da elei\u00e7\u00e3o presidencial: absten\u00e7\u00e3o, repeti\u00e7\u00e3o e M\u00e9lenchon!"}]},{"@type":"WebSite","@id":"https:\/\/www.pressenza.com\/pt-pt\/#website","url":"https:\/\/www.pressenza.com\/pt-pt\/","name":"Pressenza","description":"International Press Agency","publisher":{"@id":"https:\/\/www.pressenza.com\/pt-pt\/#organization"},"potentialAction":[{"@type":"SearchAction","target":{"@type":"EntryPoint","urlTemplate":"https:\/\/www.pressenza.com\/pt-pt\/?s={search_term_string}"},"query-input":{"@type":"PropertyValueSpecification","valueRequired":true,"valueName":"search_term_string"}}],"inLanguage":"pt-PT"},{"@type":"Organization","@id":"https:\/\/www.pressenza.com\/pt-pt\/#organization","name":"Pressenza","url":"https:\/\/www.pressenza.com\/pt-pt\/","logo":{"@type":"ImageObject","inLanguage":"pt-PT","@id":"https:\/\/www.pressenza.com\/pt-pt\/#\/schema\/logo\/image\/","url":"https:\/\/www.pressenza.com\/wp-content\/uploads\/2022\/10\/pressenza_logo_200x200.jpg","contentUrl":"https:\/\/www.pressenza.com\/wp-content\/uploads\/2022\/10\/pressenza_logo_200x200.jpg","width":200,"height":200,"caption":"Pressenza"},"image":{"@id":"https:\/\/www.pressenza.com\/pt-pt\/#\/schema\/logo\/image\/"},"sameAs":["https:\/\/www.facebook.com\/PressenzaItalia","https:\/\/x.com\/PressenzaIPA"]},{"@type":"Person","@id":"https:\/\/www.pressenza.com\/pt-pt\/#\/schema\/person\/42a4129444c0e03559f6c139cf72f8cf","name":"Gabrielle Negrel","description":"Activist for nonviolence and human rights, Gabrielle Negrel is a trained assistant nurse and was trade union activist before writing for Pressenza.","url":"https:\/\/www.pressenza.com\/pt-pt\/author\/gabrielle-negrel\/"}]}},"place":"Fran\u00e7a","original_article_url":"","_links":{"self":[{"href":"https:\/\/www.pressenza.com\/pt-pt\/wp-json\/wp\/v2\/posts\/1563553","targetHints":{"allow":["GET"]}}],"collection":[{"href":"https:\/\/www.pressenza.com\/pt-pt\/wp-json\/wp\/v2\/posts"}],"about":[{"href":"https:\/\/www.pressenza.com\/pt-pt\/wp-json\/wp\/v2\/types\/post"}],"author":[{"embeddable":true,"href":"https:\/\/www.pressenza.com\/pt-pt\/wp-json\/wp\/v2\/users\/1208"}],"replies":[{"embeddable":true,"href":"https:\/\/www.pressenza.com\/pt-pt\/wp-json\/wp\/v2\/comments?post=1563553"}],"version-history":[{"count":0,"href":"https:\/\/www.pressenza.com\/pt-pt\/wp-json\/wp\/v2\/posts\/1563553\/revisions"}],"wp:featuredmedia":[{"embeddable":true,"href":"https:\/\/www.pressenza.com\/pt-pt\/wp-json\/wp\/v2\/media\/1562994"}],"wp:attachment":[{"href":"https:\/\/www.pressenza.com\/pt-pt\/wp-json\/wp\/v2\/media?parent=1563553"}],"wp:term":[{"taxonomy":"category","embeddable":true,"href":"https:\/\/www.pressenza.com\/pt-pt\/wp-json\/wp\/v2\/categories?post=1563553"},{"taxonomy":"post_tag","embeddable":true,"href":"https:\/\/www.pressenza.com\/pt-pt\/wp-json\/wp\/v2\/tags?post=1563553"}],"curies":[{"name":"wp","href":"https:\/\/api.w.org\/{rel}","templated":true}]}}