{"id":1563541,"date":"2022-04-12T18:31:05","date_gmt":"2022-04-12T17:31:05","guid":{"rendered":"https:\/\/www.pressenza.com\/?p=1563541"},"modified":"2022-04-12T18:31:05","modified_gmt":"2022-04-12T17:31:05","slug":"agora-luiz-inacio-e-o-equilibrio-mental","status":"publish","type":"post","link":"https:\/\/www.pressenza.com\/pt-pt\/2022\/04\/agora-luiz-inacio-e-o-equilibrio-mental\/","title":{"rendered":"Agora Luiz In\u00e1cio \u00e9 o equil\u00edbrio mental"},"content":{"rendered":"<h5><span style=\"color: #999999;\">CR\u00d4NICA<\/span><\/h5>\n<p><em><strong>Por Guilherme Maia<\/strong><\/em><\/p>\n<p>&nbsp;<\/p>\n<p align=\"justify\"><span style=\"font-family: Arial, serif;\"><span style=\"font-size: medium;\">No ano de 2043, Felipe Tint\u00f3rio, aluno aplicado nos estudos, considerado um forte candidato \u00e0 bolsa de estudos no Canad\u00e1, levanta-se e sobe no estrado da sala de aula onde ficam os professores e o quadro negro (agora chamado tela de \u201cautoproje\u00e7\u00e3o\u201d), e, sempre impass\u00edvel, inicia a exposi\u00e7\u00e3o do seu trabalho de fim de semana, cujo tema era \u201cNeonazismo e o Brasil dos anos 20\u201d. <\/span><\/span><\/p>\n<p align=\"justify\"><span style=\"font-family: Arial, serif;\"><span style=\"font-size: medium;\">Orgulho da classe, sente-se no ar a nota m\u00e1xima que ir\u00e1 obter. <\/span><\/span><\/p>\n<p align=\"justify\"><span style=\"font-family: Arial, serif;\"><span style=\"font-size: medium;\">Segue a transcri\u00e7\u00e3o do trabalho apresentado: <\/span><\/span><\/p>\n<p align=\"justify\"><span style=\"font-family: Arial, serif;\"><span style=\"font-size: medium;\">Num domingo de sol v\u00ea-se uma aglomera\u00e7\u00e3o de milhares de pessoas na esplanada do Pal\u00e1cio do Planalto, essa multid\u00e3o veste a camisa da CBF e empinam faixas com palavras de ordem, comandos que se resumem \u00e0 expectativa de fechamento do Congresso e do STF e a instaura\u00e7\u00e3o de uma nova ditadura militar.<\/span><\/span><\/p>\n<p align=\"justify\"><span style=\"font-family: Arial, serif;\"><span style=\"font-size: medium;\">O sol irisando a vegeta\u00e7\u00e3o tra\u00e7a no c\u00e9u caleidosc\u00f3pios de prismas de luz e a temperatura est\u00e1 amena, apesar da aus\u00eancia de nuvens. Compulsivamente se repete o hino nacional por meio de grandes e potentes caixas de som de trios el\u00e9tricos espalhados pela manifesta\u00e7\u00e3o, alguns participantes j\u00e1 desenvolvem misofonia e uma avers\u00e3o oculta \u00e0quela \u201cporra de m\u00fasica escrota que ningu\u00e9m entende nada al\u00e9m do Virum du Piranga\u201d \u2013 \u00e9 o que se ouve das conversas t\u00edmidas e ao p\u00e9 do ouvido entre pequenos grupos de militantes irritados com a altura e a reverbera\u00e7\u00e3o sonora.<\/span><\/span><\/p>\n<p align=\"justify\"><span style=\"font-family: Arial, serif;\"><span style=\"font-size: medium;\">Em meio \u201caos\u201d camisas CBF, aparecem estampas com os dizeres \u201cUlstra vive!\u201d, \u201cMorte aos Ministros do STF! \u201d, \u201cQueremos AI-5\u201d e algumas outras ins\u00edgnias que marcaram o que depois os psic\u00f3logos passariam a diagnosticar como agnosia. <\/span><\/span><\/p>\n<p align=\"justify\"><span style=\"font-family: Arial, serif;\"><span style=\"font-size: medium;\">Pois surge do meio da turba em um cavalo marrom-bosta escovado e reluzente a figura do Messias (esse era o nome do deputado que por quase 30 anos n\u00e3o movera uma palha a n\u00e3o ser incluir-se em projetos de colegas alheios para aparentar trabalho parlamentar); a despeito do rosto desfigurado por um rictus de cansa\u00e7o e dor, posto que a cavalgada lhe era estranha &#8211; n\u00e3o acostumado a afazeres f\u00edsicos. <\/span><\/span><\/p>\n<p align=\"justify\"><span style=\"font-family: Arial, serif;\"><span style=\"font-size: medium;\">Essa pluma toda da chegada do Messias, empunhando este uma haste com as bandeiras dos Estados Unidos \u2013 nunca deixara oculto seu patriotismo, apenas n\u00e3o assumia a quem seu patriotismo era voltado \u2013 e do Estado de Israel (para acalanto dos fan\u00e1ticos religiosos influenciados pela teologia estadunidense, aquela que omite Jesus ter sido perseguido em Israel tendo aceita\u00e7\u00e3o e respeito s\u00f3 ap\u00f3s sua dissemina\u00e7\u00e3o pela Europa Ocidental). <\/span><\/span><\/p>\n<p align=\"justify\"><span style=\"font-family: Arial, serif;\"><span style=\"font-size: medium;\">Com a express\u00e3o de cansa\u00e7o pelos poucos metros que cavalgou, subiu empertigado (parece que inocularam uma inje\u00e7\u00e3o de anfetamina na rampa de acesso ao Pal\u00e1cio do Planalto) e falou e falou que \u2018 \u201cDeus \u00e9 pela fam\u00edlia, porra!\u201d e que deveria \u201c<\/span><\/span><span style=\"font-family: Arial, serif;\"><span style=\"font-size: medium;\">pedir \u00e0s For\u00e7as Armadas que intervenham para restabelecer a ordem no Brasil<\/span><\/span><span style=\"color: #3f3f42;\"><span style=\"font-family: Helvetica, serif;\">\u201d. <\/span><\/span><span style=\"font-family: Arial, serif;\"><span style=\"font-size: medium;\">Malversa\u00e7\u00e3o c\u00ednica escrita por algum de seus lacaios, por que n\u00e3o h\u00e1 que se falar em constitui\u00e7\u00e3o contra a pr\u00f3pria constitui\u00e7\u00e3o, o Messias dos incautos havia evocado o Art. 142 da Carta Magna \u2013 o que de forma alguma, sequer pela intelig\u00eancia do Doutor Miguel Strangelove Reale poderia ser juridicamente vi\u00e1vel em uma provoca\u00e7\u00e3o para partir a mais um golpe contra a democracia.<\/span><\/span><\/p>\n<p align=\"justify\"><span style=\"font-family: Arial, serif;\"><span style=\"font-size: medium;\">Naquele per\u00edodo hist\u00f3rico, a agnosia foi de uma propaga\u00e7\u00e3o nunca antes vista no mundo, mas, de fato, afetou profundamente a capacidade cognitiva dos brasileiros. <\/span><\/span><\/p>\n<p align=\"justify\"><span style=\"font-family: Arial, serif;\"><span style=\"font-size: medium;\">Come\u00e7ou com um processo de usurpa\u00e7\u00e3o do poder central pol\u00edtico por meio de malabarismos jur\u00eddicos promovidos por um r\u00e1bula <\/span><\/span><span style=\"font-family: Arial, serif;\"><span style=\"font-size: medium;\"><i>female<\/i><\/span><\/span><span style=\"font-family: Arial, serif;\"><span style=\"font-size: medium;\"> que, cinco anos depois, seria acusada de furtar calcinhas na 25 de Mar\u00e7o e, por consequ\u00eancia, defenestrada da vida p\u00fablica e um ilustre jurista filho de outro ilustre jurista defensor das tortura constitucionalizada: essa usurpa\u00e7\u00e3o tomou o nome de impedimento, por\u00e9m, como na \u00e9poca vigorava um estrito senso de subordina\u00e7\u00e3o aos States, o nome veio em forma de impeachment \u2013 numa tentativa ris\u00edvel de dar algum tipo de legitimidade a essa manobra. <\/span><\/span><\/p>\n<p align=\"justify\"><span style=\"font-family: Arial, serif;\"><span style=\"font-size: medium;\">Assim foi deposta uma mulher, a primeira mulher a ocupar o cargo de presidente do Brasil. Deposta de forma hedionda com base em nada, n\u00e3o havia sequer uma nesga em seu curr\u00edculo que desabonasse sua conduta. Mas, como havia criticado o sistema financeiro na forma nas siderais taxas de juros praticadas pelos bancos, al\u00e9m de n\u00e3o ter aceitado a b\u00ean\u00e7\u00e3o gospel de um rato parlamentar que exercia o cargo de presidente da C\u00e2mara dos Deputados: tudo isso levou ao ac\u00famulo de \u00f3dios enfeixado nos congressistas em geral.<\/span><\/span><\/p>\n<p align=\"justify\"><span style=\"font-family: Arial, serif;\"><span style=\"font-size: medium;\">A raz\u00e3o de seu impedimento fora o mesmo que serviu de roteiro para a novela mais rentosa de todos os tempos: a Opera\u00e7\u00e3o Lava Jato; a pris\u00e3o do grande estadista Luiz In\u00e1cio e a elei\u00e7\u00e3o do pr\u00f3prio dem\u00f4nio para a presid\u00eancia da Rep\u00fablica (o enleio ci\u00eancia pol\u00edtica e m\u00edstica judaico-crist\u00e3 ser\u00e1 abaixo abordada em seus detalhes).<\/span><\/span><\/p>\n<p align=\"justify\"><span style=\"font-family: Arial, serif;\"><span style=\"font-size: medium;\">Citada acima, a tal lastim\u00e1vel Opera\u00e7\u00e3o Lava Jato serviu de trampolim ao projeto nazifascista no pa\u00eds. Explico: com toda uma onda de extremistas realmente neonazistas, como o Reichsb\u00fcrger na Alemanha e tamb\u00e9m o Aurora Dourada na Gr\u00e9cia, verificou-se que o nazismo estava mais uma vez deflagrado contra a civiliza\u00e7\u00e3o e o mundo. Assim, o sentimento chauvinista e jingo\u00edsta que seduziu vasta parcela da popula\u00e7\u00e3o da Europa Ocidental voltou \u00e0 ordem do dia e alimentou a normaliza\u00e7\u00e3o do nazismo (em grande parte devido ao fiasco da configura\u00e7\u00e3o neoliberal global do capitalismo, em outra por que cada vez mais refugiados da \u00c1frica e Oriente M\u00e9dio vinham buscar sua sobreviv\u00eancia fugindo de grupos armados extremistas Jihadianos financiados pelos States e pela pr\u00f3pria Europa).<\/span><\/span><\/p>\n<p align=\"justify\"><span style=\"font-family: Arial, serif;\"><span style=\"font-size: medium;\">Conjugada com o in\u00edcio de escassez das fontes energ\u00e9ticas mundiais e o decl\u00ednio do imp\u00e9rio estadunidense est\u00e1 a fonte da Lava Jato. A primeira causa \u2013 exposta no par\u00e1grafo anterior \u2013 iniciou a ru\u00edna do senso de ordem institucional, do pr\u00f3prio contrato social que mant\u00e9m o la\u00e7o que permite pessoas viverem em sociedade, nesse sentido, quando surge um processo totalmente an\u00f4malo e ilegal, aparece a figura do juiz que passou a ser conhecido a partir dos anos 20 como o Juiz Ladr\u00e3o; homem sem escr\u00fapulos que, semianalfabeto fora imposto ao cargo de magistrado como um ovo da serpente, um micr\u00f3bio fornecido pelas grandes petroleiras estadunidenses como se ele, o Juiz Ladr\u00e3o, fosse uma arma biol\u00f3gica lan\u00e7ada sobre territ\u00f3rio brasileiro. Amparado por seus empregadores, morreu esquecido, por\u00e9m milion\u00e1rio, em Washington. Averso a leituras, suou um pouco para ter se apresentado como candidato a presidente em 2022, mas como j\u00e1 tinha desempenhado seu papel no sentido de manter o Brasil como subdesenvolvido e, gra\u00e7as a sua baixeza, p\u00f4s em cheque as pol\u00edticas sociais que vinham sendo duramente implantadas no pa\u00eds pelo Luiz In\u00e1cio e a presidente impedida, algumas vinculadas aos altos desempenhos do pr\u00e9-sal, formid\u00e1vel tecnologia desenvolvida pela Petrobras que, ap\u00f3s o golpe, simplesmente foi sendo retirado para os bastidores deixando a boca-de-cena para o combate \u00e0 homossexualidade e \u00e0 esquerda.<\/span><\/span><\/p>\n<p align=\"justify\"><span style=\"font-family: Arial, serif;\"><span style=\"font-size: medium;\">Enfim, em um ato tresloucado, algo depois entendido como a agnosia desempenhada por uma pseudoautoridade \u201clisergicamente\u201d subalterna aos interesses de corpora\u00e7\u00f5es multinacionais, o Juiz Ladr\u00e3o mandou prender logo em cima das elei\u00e7\u00f5es presidenciais o Luiz In\u00e1cio! Em forma do cl\u00e1ssico shownarlismo perpetrado pela Rede Globo de TV, o grande estadista foi preso e levado coercitivamente (com direito aos masoquistas da soberania brasileira a observ\u00e1-lo conduzido em algemas!). Espet\u00e1culo grotesco e ilegal aquele, mas suficiente para uma sociedade que j\u00e1 vinha sendo sedada por meio de uma subcultura imposta por jab\u00e1s anticulturais de massa, por um progressivo fanatismo pol\u00edtico-religioso e o fetiche \u00e0 viol\u00eancia da imprensa marrom da \u00e9poca. <\/span><\/span><\/p>\n<p align=\"justify\"><span style=\"font-family: Arial, serif;\"><span style=\"font-size: medium;\">O bord\u00e3o \u201cLula ladr\u00e3o\u201d veio t\u00e3o natural como a ignor\u00e2ncia da elite brasileira e, repetido sem cessar, passou a ser um dado real, por\u00e9m, perguntados sobre o que teria Luiz In\u00e1cio \u201croubado\u201d, as respostas eram as mais vazias poss\u00edveis, \u201cn\u00e3o&#8230; mas o Roberto Jefferson\u201d, \u201co Palocci &#8230;\u201d; ent\u00e3o, continuando o interlocutor a perguntar socraticamente sobre o fato de a dela\u00e7\u00e3o do Palocci ser em forma de dela\u00e7\u00e3o premiada e n\u00e3o ter esteio nenhum com provas; o Jefferson ser um produto da corrup\u00e7\u00e3o do partido dele e dele pr\u00f3prio, e assim por diante: alcan\u00e7\u00e1vamos um momento em que, continuando a perguntar, o di\u00e1logo passaria a ser resolvido nas vias de fato, ou seja, \u201cna porrada\u201d, como se dizia \u00e0 \u00e9poca.<\/span><\/span><\/p>\n<p align=\"justify\"><span style=\"font-family: Arial, serif;\"><span style=\"font-size: medium;\">Observada pela psican\u00e1lise de massas este era o ponto de maior express\u00e3o da agnosia: exprimir-se por viol\u00eancia f\u00edsica e aos berros como se tal fosse suficiente para o ganho de um debate.<\/span><\/span><\/p>\n<p align=\"justify\"><span style=\"font-family: Arial, serif;\"><span style=\"font-size: medium;\">Nessa \u00e9poca um grande problema para quem se informava pela imprensa patronal regular era a monomania, porque algumas pessoas passaram a ter seus pensamentos absorvidos pela ignor\u00e2ncia das declara\u00e7\u00f5es antidemocr\u00e1ticas do deputado Messias, que estava j\u00e1 em preparo de lan\u00e7ar candidatura para o cargo de presidente.<\/span><\/span><\/p>\n<p align=\"justify\"><span style=\"font-family: Arial, serif;\"><span style=\"font-size: medium;\">Sem conseguir construir uma frase sequer coerente ou coesa, emitindo grunhidos misturados com elogios \u00e0 tortura e \u00e0 ignor\u00e2ncia crassa machista e racista, articulou com o Juiz Ladr\u00e3o para que Luiz In\u00e1cio fosse retirado do p\u00e1reo e preso sem motivo algum legal que sustentasse seu encarceramento.<\/span><\/span><\/p>\n<p align=\"justify\"><span style=\"font-family: Arial, serif;\"><span style=\"font-size: medium;\">Dentre muitas perip\u00e9cias abjetas possibilitadas apenas pela insufici\u00eancia e corrup\u00e7\u00e3o dos representantes das institui\u00e7\u00f5es democr\u00e1ticas republicanas do Brasil, o deputado Messias enlouquecido, ganhou as elei\u00e7\u00f5es de 2018 com apoio dos que se dizem representantes do deus judaico-crist\u00e3o, mas, de fato, seguem um obtuso plano de domina\u00e7\u00e3o e morte inspirados nos ideais do dem\u00f4nio (isso demorou para ser provado, pois as influ\u00eancias pol\u00edticas de propaganda ideol\u00f3gica j\u00e1 estavam entranhadas em um povo an\u00eamico e sem acesso \u00e0 educa\u00e7\u00e3o).<\/span><\/span><\/p>\n<p align=\"justify\"><span style=\"font-family: Arial, serif;\"><span style=\"font-size: medium;\">Consequentemente, houve a potencializa\u00e7\u00e3o orquestrada da Covid-19, quebra da economia e alijamento dos pobres da educa\u00e7\u00e3o regular p\u00fablica, sobrando apenas seguir seitas bolsoloides que aos poucos foram trocando a figura do Cristo pela do deputado Messias. <\/span><\/span><\/p>\n<p align=\"justify\">A <span style=\"font-family: Arial, serif;\"><span style=\"font-size: medium;\">onda de patriotismo esquizofr\u00eanica, baseada anacr\u00f4nica e antigeograficamente no filme O Patriota, de Mel Gibson, tornou aqueles dias de servid\u00e3o de um pa\u00eds inteiro n\u00e3o mais ao imp\u00e9rio USA como um todo, mas a um homem, o Tramp (com \u201ca\u201d mesmo caso algu\u00e9m v\u00e1 revisar esse texto).<\/span><\/span><\/p>\n<p align=\"justify\"><span style=\"font-family: Arial, serif;\"><span style=\"font-size: medium;\">Ocorre que o Tramp n\u00e3o foi reeleito na matriz e o Messias ficou totalmente isolado e mais ridicularizado ainda no exterior.<\/span><\/span><\/p>\n<p align=\"justify\"><span style=\"font-family: Arial, serif;\"><span style=\"font-size: medium;\">Essa toada macabra com direito ao projeto nazista do Messias se insinua constantemente para testar a opini\u00e3o p\u00fablica e a possibilidade de aceita\u00e7\u00e3o pelas massas populares do ide\u00e1rio nazista ressurreto, este ainda n\u00e3o passava e tiveram de ocult\u00e1-lo negando sempre logo em seguida o que diziam um ou dois dias antes. <\/span><\/span><\/p>\n<p align=\"justify\"><span style=\"font-family: Arial, serif;\"><span style=\"font-size: medium;\">O cristonazismo (sim, conseguiram juntar duas fontes totalmente diversas para manter o n\u00edvel abjeto de acumula\u00e7\u00e3o de renda no Brasil) tornara-se uma realidade pol\u00edtica e apenas havia uma esperan\u00e7a concreta: a volta de Luiz In\u00e1cio!<\/span><\/span><\/p>\n<p align=\"justify\"><span style=\"font-family: Arial, serif;\"><span style=\"font-size: medium;\">Luiz In\u00e1cio! Que figura hist\u00f3rica para a absolvi\u00e7\u00e3o do Brasil no Ju\u00edzo Final. Compar\u00e1vel a Mandela, sofrera todo o tipo de persegui\u00e7\u00e3o por toda a sua vida e, mais do que tudo, fora um d\u00ednamo de resist\u00eancia simb\u00f3lica e pr\u00e1tica ao nazismo ideol\u00f3gico normalizado pela eterna Casa-Grande brasileira. A uma, porque houve dois Lula Livres, campanhas por sua liberta\u00e7\u00e3o: a primeira quando fora preso pelo Dops e a segunda quando fora preso pelo Juiz Ladr\u00e3o; a duas, devido a suas reelei\u00e7\u00f5es, apenas fora eleito por que imperava o desespero decorrente de apag\u00f5es e alijamento dos pobres e da pauperiza\u00e7\u00e3o da classe m\u00e9dia brasileira, por duas vezes: primeiro ap\u00f3s o segundo mandato de Fernando Henrique Garboso; o outro, ap\u00f3s a quebra total do pa\u00eds pelo Messias Cristonazista. <\/span><\/span><\/p>\n<p align=\"justify\"><span style=\"font-family: Arial, serif;\"><span style=\"font-size: medium;\">Sempre me perguntei por que as pessoas n\u00e3o votavam em quem realmente os representava? E quando o fazia, elegiam Luiz In\u00e1cio presidente e uma corja de direita ladroeira da pior esp\u00e9cie para preencher as cadeiras do Congresso.<\/span><\/span><\/p>\n<p align=\"justify\"><span style=\"font-family: Arial, serif;\"><span style=\"font-size: medium;\">O consciente coletivo durkeiniano brasileiro \u00e9 lastim\u00e1vel, reinando o signo da chibata na forma de uma ideologia de submiss\u00e3o renitente e de uma religiosidade que deixou de ser inerente ao povo na forma de manifesta\u00e7\u00f5es espont\u00e2neas para ser substitu\u00edda por mais uma fonte de propaganda imperialista que retira at\u00e9 mesmo a criatividade e alegria popular impingindo uma inquisi\u00e7\u00e3o de terceira categoria e anacr\u00f4nica impedindo at\u00e9 o grande patrim\u00f4nio do povo brasileiro &#8211; que \u00e9 sua musicalidade e arte.<\/span><\/span><\/p>\n<p align=\"justify\"><span style=\"font-family: Arial, serif;\"><span style=\"font-size: medium;\">Conseguimos \u2013 digo n\u00f3s, a humanidade \u2013 livrarmo-nos do Falso Messias, mais tarde chamado de o \u201cJumento de Ouro dos Tolos\u201d, com a volta triunfal de Luiz In\u00e1cio. N\u00e3o que os neonazistas disfar\u00e7ados de baluartes da dec\u00eancia &#8211; depois fora apurado que alguns dos parlamentares bolsoloides eram ped\u00f3filos e assassinos gospels (vai fazer o qu\u00ea? Esta \u00e9 a realidade brasileira daquela \u00e9poca) tivessem arquitetado conjuntamente com o \u201cturismo terrorista\u201d mais um golpe: neonazistas treinados naquele lugar que o cara-que-cavalga-em-urso (e que figura retr\u00f3grada tamb\u00e9m com seus anseios imperialistas \u2013 olha o Che a\u00ed, minha gente!) disse ser um balne\u00e1rio neonazista de Odessa: mais um movimento surgiu, mais uma vez na esplanada do Pal\u00e1cio do Planalto, s\u00f3 que desta vez armados at\u00e9 os dentes.<\/span><\/span><\/p>\n<p align=\"justify\"><span style=\"font-family: Arial, serif;\"><span style=\"font-size: medium;\">Tentaram matar mais uma vez Luiz In\u00e1cio, mas n\u00e3o conseguiram. Ele foi empossado pela terceira vez e o povo brasileiro entendeu de uma vez por todas que um governo que se preocupa de alguma forma com a necessidade real \u2013 comer e ter onde morar \u2013 deve ser eleito mesmo que o pastor ou sacerdote de qualquer credo indique um candidato elitista.<\/span><\/span><\/p>\n<p align=\"justify\"><span style=\"font-family: Arial, serif;\"><span style=\"font-size: medium;\">Luiz In\u00e1cio foi eleito em 2022 e o Brasil diminuiu drasticamente o \u00edndice de agnosia, &#8211; por que ser\u00e1? <\/span><\/span><\/p>\n<p align=\"justify\"><span style=\"font-family: Arial, serif;\"><span style=\"font-size: medium;\">N\u00e3o sei ao certo a resposta, mas sei que aquele era a \u00faltima chance de apoiar um governo verdadeiramente popular \u2013 escreveu um jornalista, o qual fora imediatamente demitido de O Globo (por que ser\u00e1?) \u2013 Mesmo assim, os fan\u00e1ticos religiosos bolsoloides criticaram como um embuste toda a factualidade de que Luiz In\u00e1cio refor\u00e7a o bem-estar do povo e, por outro lado, insistem em dizer que a democracia independe da mobiliza\u00e7\u00e3o social!<\/span><\/span><\/p>\n<p align=\"justify\"><span style=\"font-family: Arial, serif;\"><span style=\"font-size: medium;\">Luiz In\u00e1cio Lula da Silva mais uma vez era a \u00fanica esperan\u00e7a para o Brasil dar uma guinada nos \u00edndices negativos de desenvolvimento e qualidade de vida!<\/span><\/span><\/p>\n<p align=\"justify\"><span style=\"font-family: Arial, serif;\"><span style=\"font-size: medium;\">Com a economia em ru\u00ednas e o \u00f3dio do capital nacional &#8211; at\u00e9 de investidores internacionais, &#8211; o Messias teve de fugir do Brasil e, como j\u00e1 aconteceria mesmo com a perman\u00eancia do Boz\u00f3 para a disputa das elei\u00e7\u00f5es, Luiz In\u00e1cio ganha e se torna o novo presidente.<\/span><\/span><\/p>\n<p align=\"justify\"><span style=\"font-family: Arial, serif;\"><span style=\"font-size: medium;\">O pa\u00eds volta \u00e0 normalidade e o conselho de psicologia come\u00e7a a entender que a onda de agnosia estava diretamente ligada ao bolsonarismo. O brasileiro na nova era Lula come\u00e7ou a raciocinar com mais firmeza e desenvoltura. O povo voltou a ser criativo e feliz e o fanatismo religioso foi arrefecido por meio de pol\u00edticas de inclus\u00e3o ao ensino do b\u00e1sico ao superior.<\/span><\/span><\/p>\n<p align=\"justify\"><span style=\"font-family: Arial, serif;\"><span style=\"font-size: medium;\">Consequentemente, o pa\u00eds voltou a ser emergente e a necessidade e a mis\u00e9ria deram vez \u00e0 estabilidade institucional democr\u00e1tica e \u00e0 alegria.<\/span><\/span><\/p>\n<p align=\"justify\"><span style=\"font-family: Arial, serif;\"><span style=\"font-size: medium;\">Lula presidente foi uma necessidade de reestabelecer o equil\u00edbrio psicol\u00f3gico ao Brasil!<\/span><\/span><\/p>\n<p align=\"justify\"><span style=\"font-family: Arial, serif;\"><span style=\"font-size: medium;\">Fim do trabalho. <\/span><\/span><\/p>\n<p align=\"justify\"><span style=\"font-family: Arial, serif;\"><span style=\"font-size: medium;\">Rio de Janeiro, 23 de dezembro de 2043.<\/span><\/span><\/p>\n","protected":false},"excerpt":{"rendered":"<p>CR\u00d4NICA Por Guilherme Maia &nbsp; No ano de 2043, Felipe Tint\u00f3rio, aluno aplicado nos estudos, considerado um forte candidato \u00e0 bolsa de estudos no Canad\u00e1, levanta-se e sobe no estrado da sala de aula onde ficam os professores e o&hellip;<\/p>\n","protected":false},"author":2002,"featured_media":1563542,"comment_status":"closed","ping_status":"closed","sticky":false,"template":"","format":"standard","meta":{"footnotes":""},"categories":[104,11390,165,111],"tags":[],"class_list":["post-1563541","post","type-post","status-publish","format-standard","has-post-thumbnail","hentry","category-america-do-sul","category-conteudo-original","category-opiniao","category-politica-pt-pt"],"yoast_head":"<!-- This site is optimized with the Yoast SEO plugin v27.1.1 - https:\/\/yoast.com\/product\/yoast-seo-wordpress\/ -->\n<title>Agora Luiz In\u00e1cio \u00e9 o equil\u00edbrio mental<\/title>\n<meta name=\"description\" content=\"CR\u00d4NICA Por Guilherme Maia &nbsp; No ano de 2043, Felipe Tint\u00f3rio, aluno aplicado nos estudos, considerado um forte candidato \u00e0 bolsa de estudos no\" \/>\n<meta name=\"robots\" content=\"index, follow, max-snippet:-1, max-image-preview:large, max-video-preview:-1\" \/>\n<link rel=\"canonical\" href=\"https:\/\/www.pressenza.com\/pt-pt\/2022\/04\/agora-luiz-inacio-e-o-equilibrio-mental\/\" \/>\n<meta property=\"og:locale\" content=\"pt_PT\" \/>\n<meta property=\"og:type\" content=\"article\" \/>\n<meta property=\"og:title\" content=\"Agora Luiz In\u00e1cio \u00e9 o equil\u00edbrio mental\" \/>\n<meta property=\"og:description\" content=\"CR\u00d4NICA Por Guilherme Maia &nbsp; No ano de 2043, Felipe Tint\u00f3rio, aluno aplicado nos estudos, considerado um forte candidato \u00e0 bolsa de estudos no\" \/>\n<meta property=\"og:url\" content=\"https:\/\/www.pressenza.com\/pt-pt\/2022\/04\/agora-luiz-inacio-e-o-equilibrio-mental\/\" \/>\n<meta property=\"og:site_name\" content=\"Pressenza\" \/>\n<meta property=\"article:publisher\" content=\"https:\/\/www.facebook.com\/PressenzaItalia\" \/>\n<meta property=\"article:published_time\" content=\"2022-04-12T17:31:05+00:00\" \/>\n<meta property=\"og:image\" content=\"https:\/\/www.pressenza.com\/wp-content\/uploads\/2022\/04\/lula-guilherme.jpg\" \/>\n\t<meta property=\"og:image:width\" content=\"806\" \/>\n\t<meta property=\"og:image:height\" content=\"531\" \/>\n\t<meta property=\"og:image:type\" content=\"image\/jpeg\" \/>\n<meta name=\"author\" content=\"Guilherme Maia\" \/>\n<meta name=\"twitter:card\" content=\"summary_large_image\" \/>\n<meta name=\"twitter:creator\" content=\"@PressenzaIPA\" \/>\n<meta name=\"twitter:site\" content=\"@PressenzaIPA\" \/>\n<meta name=\"twitter:label1\" content=\"Escrito por\" \/>\n\t<meta name=\"twitter:data1\" content=\"Guilherme Maia\" \/>\n\t<meta name=\"twitter:label2\" content=\"Tempo estimado de leitura\" \/>\n\t<meta name=\"twitter:data2\" content=\"14 minutos\" \/>\n<script type=\"application\/ld+json\" class=\"yoast-schema-graph\">{\"@context\":\"https:\/\/schema.org\",\"@graph\":[{\"@type\":\"Article\",\"@id\":\"https:\/\/www.pressenza.com\/pt-pt\/2022\/04\/agora-luiz-inacio-e-o-equilibrio-mental\/#article\",\"isPartOf\":{\"@id\":\"https:\/\/www.pressenza.com\/pt-pt\/2022\/04\/agora-luiz-inacio-e-o-equilibrio-mental\/\"},\"author\":{\"name\":\"Guilherme Maia\",\"@id\":\"https:\/\/www.pressenza.com\/pt-pt\/#\/schema\/person\/4a0acc3e729565dbfccac001358dedee\"},\"headline\":\"Agora Luiz In\u00e1cio \u00e9 o equil\u00edbrio mental\",\"datePublished\":\"2022-04-12T17:31:05+00:00\",\"mainEntityOfPage\":{\"@id\":\"https:\/\/www.pressenza.com\/pt-pt\/2022\/04\/agora-luiz-inacio-e-o-equilibrio-mental\/\"},\"wordCount\":2670,\"publisher\":{\"@id\":\"https:\/\/www.pressenza.com\/pt-pt\/#organization\"},\"image\":{\"@id\":\"https:\/\/www.pressenza.com\/pt-pt\/2022\/04\/agora-luiz-inacio-e-o-equilibrio-mental\/#primaryimage\"},\"thumbnailUrl\":\"https:\/\/www.pressenza.com\/wp-content\/uploads\/2022\/04\/lula-guilherme.jpg\",\"articleSection\":[\"\u00c1m\u00e9rica do Sul\",\"Conte\u00fado Original\",\"Opini\u00e3o\",\"Pol\u00edtica\"],\"inLanguage\":\"pt-PT\"},{\"@type\":\"WebPage\",\"@id\":\"https:\/\/www.pressenza.com\/pt-pt\/2022\/04\/agora-luiz-inacio-e-o-equilibrio-mental\/\",\"url\":\"https:\/\/www.pressenza.com\/pt-pt\/2022\/04\/agora-luiz-inacio-e-o-equilibrio-mental\/\",\"name\":\"Agora Luiz In\u00e1cio \u00e9 o equil\u00edbrio mental\",\"isPartOf\":{\"@id\":\"https:\/\/www.pressenza.com\/pt-pt\/#website\"},\"primaryImageOfPage\":{\"@id\":\"https:\/\/www.pressenza.com\/pt-pt\/2022\/04\/agora-luiz-inacio-e-o-equilibrio-mental\/#primaryimage\"},\"image\":{\"@id\":\"https:\/\/www.pressenza.com\/pt-pt\/2022\/04\/agora-luiz-inacio-e-o-equilibrio-mental\/#primaryimage\"},\"thumbnailUrl\":\"https:\/\/www.pressenza.com\/wp-content\/uploads\/2022\/04\/lula-guilherme.jpg\",\"datePublished\":\"2022-04-12T17:31:05+00:00\",\"description\":\"CR\u00d4NICA Por Guilherme Maia &nbsp; No ano de 2043, Felipe Tint\u00f3rio, aluno aplicado nos estudos, considerado um forte candidato \u00e0 bolsa de estudos no\",\"breadcrumb\":{\"@id\":\"https:\/\/www.pressenza.com\/pt-pt\/2022\/04\/agora-luiz-inacio-e-o-equilibrio-mental\/#breadcrumb\"},\"inLanguage\":\"pt-PT\",\"potentialAction\":[{\"@type\":\"ReadAction\",\"target\":[\"https:\/\/www.pressenza.com\/pt-pt\/2022\/04\/agora-luiz-inacio-e-o-equilibrio-mental\/\"]}]},{\"@type\":\"ImageObject\",\"inLanguage\":\"pt-PT\",\"@id\":\"https:\/\/www.pressenza.com\/pt-pt\/2022\/04\/agora-luiz-inacio-e-o-equilibrio-mental\/#primaryimage\",\"url\":\"https:\/\/www.pressenza.com\/wp-content\/uploads\/2022\/04\/lula-guilherme.jpg\",\"contentUrl\":\"https:\/\/www.pressenza.com\/wp-content\/uploads\/2022\/04\/lula-guilherme.jpg\",\"width\":806,\"height\":531},{\"@type\":\"BreadcrumbList\",\"@id\":\"https:\/\/www.pressenza.com\/pt-pt\/2022\/04\/agora-luiz-inacio-e-o-equilibrio-mental\/#breadcrumb\",\"itemListElement\":[{\"@type\":\"ListItem\",\"position\":1,\"name\":\"Accueil\",\"item\":\"https:\/\/www.pressenza.com\/pt-pt\/\"},{\"@type\":\"ListItem\",\"position\":2,\"name\":\"Agora Luiz In\u00e1cio \u00e9 o equil\u00edbrio mental\"}]},{\"@type\":\"WebSite\",\"@id\":\"https:\/\/www.pressenza.com\/pt-pt\/#website\",\"url\":\"https:\/\/www.pressenza.com\/pt-pt\/\",\"name\":\"Pressenza\",\"description\":\"International Press Agency\",\"publisher\":{\"@id\":\"https:\/\/www.pressenza.com\/pt-pt\/#organization\"},\"potentialAction\":[{\"@type\":\"SearchAction\",\"target\":{\"@type\":\"EntryPoint\",\"urlTemplate\":\"https:\/\/www.pressenza.com\/pt-pt\/?s={search_term_string}\"},\"query-input\":{\"@type\":\"PropertyValueSpecification\",\"valueRequired\":true,\"valueName\":\"search_term_string\"}}],\"inLanguage\":\"pt-PT\"},{\"@type\":\"Organization\",\"@id\":\"https:\/\/www.pressenza.com\/pt-pt\/#organization\",\"name\":\"Pressenza\",\"url\":\"https:\/\/www.pressenza.com\/pt-pt\/\",\"logo\":{\"@type\":\"ImageObject\",\"inLanguage\":\"pt-PT\",\"@id\":\"https:\/\/www.pressenza.com\/pt-pt\/#\/schema\/logo\/image\/\",\"url\":\"https:\/\/www.pressenza.com\/wp-content\/uploads\/2022\/10\/pressenza_logo_200x200.jpg\",\"contentUrl\":\"https:\/\/www.pressenza.com\/wp-content\/uploads\/2022\/10\/pressenza_logo_200x200.jpg\",\"width\":200,\"height\":200,\"caption\":\"Pressenza\"},\"image\":{\"@id\":\"https:\/\/www.pressenza.com\/pt-pt\/#\/schema\/logo\/image\/\"},\"sameAs\":[\"https:\/\/www.facebook.com\/PressenzaItalia\",\"https:\/\/x.com\/PressenzaIPA\"]},{\"@type\":\"Person\",\"@id\":\"https:\/\/www.pressenza.com\/pt-pt\/#\/schema\/person\/4a0acc3e729565dbfccac001358dedee\",\"name\":\"Guilherme Maia\",\"description\":\"Escritor, sambista, anarcochargista e advogado nas horas vagas.\",\"url\":\"https:\/\/www.pressenza.com\/pt-pt\/author\/guilherme-maia\/\"}]}<\/script>\n<!-- \/ Yoast SEO plugin. -->","yoast_head_json":{"title":"Agora Luiz In\u00e1cio \u00e9 o equil\u00edbrio mental","description":"CR\u00d4NICA Por Guilherme Maia &nbsp; No ano de 2043, Felipe Tint\u00f3rio, aluno aplicado nos estudos, considerado um forte candidato \u00e0 bolsa de estudos no","robots":{"index":"index","follow":"follow","max-snippet":"max-snippet:-1","max-image-preview":"max-image-preview:large","max-video-preview":"max-video-preview:-1"},"canonical":"https:\/\/www.pressenza.com\/pt-pt\/2022\/04\/agora-luiz-inacio-e-o-equilibrio-mental\/","og_locale":"pt_PT","og_type":"article","og_title":"Agora Luiz In\u00e1cio \u00e9 o equil\u00edbrio mental","og_description":"CR\u00d4NICA Por Guilherme Maia &nbsp; No ano de 2043, Felipe Tint\u00f3rio, aluno aplicado nos estudos, considerado um forte candidato \u00e0 bolsa de estudos no","og_url":"https:\/\/www.pressenza.com\/pt-pt\/2022\/04\/agora-luiz-inacio-e-o-equilibrio-mental\/","og_site_name":"Pressenza","article_publisher":"https:\/\/www.facebook.com\/PressenzaItalia","article_published_time":"2022-04-12T17:31:05+00:00","og_image":[{"width":806,"height":531,"url":"https:\/\/www.pressenza.com\/wp-content\/uploads\/2022\/04\/lula-guilherme.jpg","type":"image\/jpeg"}],"author":"Guilherme Maia","twitter_card":"summary_large_image","twitter_creator":"@PressenzaIPA","twitter_site":"@PressenzaIPA","twitter_misc":{"Escrito por":"Guilherme Maia","Tempo estimado de leitura":"14 minutos"},"schema":{"@context":"https:\/\/schema.org","@graph":[{"@type":"Article","@id":"https:\/\/www.pressenza.com\/pt-pt\/2022\/04\/agora-luiz-inacio-e-o-equilibrio-mental\/#article","isPartOf":{"@id":"https:\/\/www.pressenza.com\/pt-pt\/2022\/04\/agora-luiz-inacio-e-o-equilibrio-mental\/"},"author":{"name":"Guilherme Maia","@id":"https:\/\/www.pressenza.com\/pt-pt\/#\/schema\/person\/4a0acc3e729565dbfccac001358dedee"},"headline":"Agora Luiz In\u00e1cio \u00e9 o equil\u00edbrio mental","datePublished":"2022-04-12T17:31:05+00:00","mainEntityOfPage":{"@id":"https:\/\/www.pressenza.com\/pt-pt\/2022\/04\/agora-luiz-inacio-e-o-equilibrio-mental\/"},"wordCount":2670,"publisher":{"@id":"https:\/\/www.pressenza.com\/pt-pt\/#organization"},"image":{"@id":"https:\/\/www.pressenza.com\/pt-pt\/2022\/04\/agora-luiz-inacio-e-o-equilibrio-mental\/#primaryimage"},"thumbnailUrl":"https:\/\/www.pressenza.com\/wp-content\/uploads\/2022\/04\/lula-guilherme.jpg","articleSection":["\u00c1m\u00e9rica do Sul","Conte\u00fado Original","Opini\u00e3o","Pol\u00edtica"],"inLanguage":"pt-PT"},{"@type":"WebPage","@id":"https:\/\/www.pressenza.com\/pt-pt\/2022\/04\/agora-luiz-inacio-e-o-equilibrio-mental\/","url":"https:\/\/www.pressenza.com\/pt-pt\/2022\/04\/agora-luiz-inacio-e-o-equilibrio-mental\/","name":"Agora Luiz In\u00e1cio \u00e9 o equil\u00edbrio mental","isPartOf":{"@id":"https:\/\/www.pressenza.com\/pt-pt\/#website"},"primaryImageOfPage":{"@id":"https:\/\/www.pressenza.com\/pt-pt\/2022\/04\/agora-luiz-inacio-e-o-equilibrio-mental\/#primaryimage"},"image":{"@id":"https:\/\/www.pressenza.com\/pt-pt\/2022\/04\/agora-luiz-inacio-e-o-equilibrio-mental\/#primaryimage"},"thumbnailUrl":"https:\/\/www.pressenza.com\/wp-content\/uploads\/2022\/04\/lula-guilherme.jpg","datePublished":"2022-04-12T17:31:05+00:00","description":"CR\u00d4NICA Por Guilherme Maia &nbsp; No ano de 2043, Felipe Tint\u00f3rio, aluno aplicado nos estudos, considerado um forte candidato \u00e0 bolsa de estudos no","breadcrumb":{"@id":"https:\/\/www.pressenza.com\/pt-pt\/2022\/04\/agora-luiz-inacio-e-o-equilibrio-mental\/#breadcrumb"},"inLanguage":"pt-PT","potentialAction":[{"@type":"ReadAction","target":["https:\/\/www.pressenza.com\/pt-pt\/2022\/04\/agora-luiz-inacio-e-o-equilibrio-mental\/"]}]},{"@type":"ImageObject","inLanguage":"pt-PT","@id":"https:\/\/www.pressenza.com\/pt-pt\/2022\/04\/agora-luiz-inacio-e-o-equilibrio-mental\/#primaryimage","url":"https:\/\/www.pressenza.com\/wp-content\/uploads\/2022\/04\/lula-guilherme.jpg","contentUrl":"https:\/\/www.pressenza.com\/wp-content\/uploads\/2022\/04\/lula-guilherme.jpg","width":806,"height":531},{"@type":"BreadcrumbList","@id":"https:\/\/www.pressenza.com\/pt-pt\/2022\/04\/agora-luiz-inacio-e-o-equilibrio-mental\/#breadcrumb","itemListElement":[{"@type":"ListItem","position":1,"name":"Accueil","item":"https:\/\/www.pressenza.com\/pt-pt\/"},{"@type":"ListItem","position":2,"name":"Agora Luiz In\u00e1cio \u00e9 o equil\u00edbrio mental"}]},{"@type":"WebSite","@id":"https:\/\/www.pressenza.com\/pt-pt\/#website","url":"https:\/\/www.pressenza.com\/pt-pt\/","name":"Pressenza","description":"International Press Agency","publisher":{"@id":"https:\/\/www.pressenza.com\/pt-pt\/#organization"},"potentialAction":[{"@type":"SearchAction","target":{"@type":"EntryPoint","urlTemplate":"https:\/\/www.pressenza.com\/pt-pt\/?s={search_term_string}"},"query-input":{"@type":"PropertyValueSpecification","valueRequired":true,"valueName":"search_term_string"}}],"inLanguage":"pt-PT"},{"@type":"Organization","@id":"https:\/\/www.pressenza.com\/pt-pt\/#organization","name":"Pressenza","url":"https:\/\/www.pressenza.com\/pt-pt\/","logo":{"@type":"ImageObject","inLanguage":"pt-PT","@id":"https:\/\/www.pressenza.com\/pt-pt\/#\/schema\/logo\/image\/","url":"https:\/\/www.pressenza.com\/wp-content\/uploads\/2022\/10\/pressenza_logo_200x200.jpg","contentUrl":"https:\/\/www.pressenza.com\/wp-content\/uploads\/2022\/10\/pressenza_logo_200x200.jpg","width":200,"height":200,"caption":"Pressenza"},"image":{"@id":"https:\/\/www.pressenza.com\/pt-pt\/#\/schema\/logo\/image\/"},"sameAs":["https:\/\/www.facebook.com\/PressenzaItalia","https:\/\/x.com\/PressenzaIPA"]},{"@type":"Person","@id":"https:\/\/www.pressenza.com\/pt-pt\/#\/schema\/person\/4a0acc3e729565dbfccac001358dedee","name":"Guilherme Maia","description":"Escritor, sambista, anarcochargista e advogado nas horas vagas.","url":"https:\/\/www.pressenza.com\/pt-pt\/author\/guilherme-maia\/"}]}},"place":"Teres\u00f3polis, Rio de Janeiro \/ RJ - Brasil","original_article_url":"","_links":{"self":[{"href":"https:\/\/www.pressenza.com\/pt-pt\/wp-json\/wp\/v2\/posts\/1563541","targetHints":{"allow":["GET"]}}],"collection":[{"href":"https:\/\/www.pressenza.com\/pt-pt\/wp-json\/wp\/v2\/posts"}],"about":[{"href":"https:\/\/www.pressenza.com\/pt-pt\/wp-json\/wp\/v2\/types\/post"}],"author":[{"embeddable":true,"href":"https:\/\/www.pressenza.com\/pt-pt\/wp-json\/wp\/v2\/users\/2002"}],"replies":[{"embeddable":true,"href":"https:\/\/www.pressenza.com\/pt-pt\/wp-json\/wp\/v2\/comments?post=1563541"}],"version-history":[{"count":0,"href":"https:\/\/www.pressenza.com\/pt-pt\/wp-json\/wp\/v2\/posts\/1563541\/revisions"}],"wp:featuredmedia":[{"embeddable":true,"href":"https:\/\/www.pressenza.com\/pt-pt\/wp-json\/wp\/v2\/media\/1563542"}],"wp:attachment":[{"href":"https:\/\/www.pressenza.com\/pt-pt\/wp-json\/wp\/v2\/media?parent=1563541"}],"wp:term":[{"taxonomy":"category","embeddable":true,"href":"https:\/\/www.pressenza.com\/pt-pt\/wp-json\/wp\/v2\/categories?post=1563541"},{"taxonomy":"post_tag","embeddable":true,"href":"https:\/\/www.pressenza.com\/pt-pt\/wp-json\/wp\/v2\/tags?post=1563541"}],"curies":[{"name":"wp","href":"https:\/\/api.w.org\/{rel}","templated":true}]}}