{"id":1554872,"date":"2022-03-31T16:27:02","date_gmt":"2022-03-31T15:27:02","guid":{"rendered":"https:\/\/www.pressenza.com\/?p=1554872"},"modified":"2022-03-31T16:31:49","modified_gmt":"2022-03-31T15:31:49","slug":"programacao-do-museu-do-pontal-em-abril-celebra-a-cultura-e-a-forca-dos-povos-originarios-do-brasil","status":"publish","type":"post","link":"https:\/\/www.pressenza.com\/pt-pt\/2022\/03\/programacao-do-museu-do-pontal-em-abril-celebra-a-cultura-e-a-forca-dos-povos-originarios-do-brasil\/","title":{"rendered":"Programa\u00e7\u00e3o do Museu do Pontal em abril celebra a cultura e a for\u00e7a dos povos origin\u00e1rios do Brasil"},"content":{"rendered":"<h5><span style=\"color: #999999;\">CULTURA<\/span><\/h5>\n<p><em><strong>Por CWeA Comunica\u00e7\u00e3o<\/strong><\/em><\/p>\n<p>&nbsp;<\/p>\n<h3 style=\"text-align: center;\">Durante todo o m\u00eas, os <b>fins de semana<\/b> do <b>Museu do Pontal<\/b> ser\u00e3o dedicados a celebrar <b>a beleza da cultura e a for\u00e7a dos povos origin\u00e1rios do Brasil<\/b>. As <b>atividades, gratuitas<\/b>, foram orientadas por artistas e lideran\u00e7as ind\u00edgenas de diversas etnias: s\u00e3o <b>oficinas de dan\u00e7a, canto e pintura corporal, plantio de ervas medicinais, conhecimento das plantas sagradas e conta\u00e7\u00e3o de hist\u00f3rias<\/b>. No dia <b>18 de abril<\/b> ser\u00e1 realizada a live <b>Mulheres ind\u00edgenas na cer\u00e2mica<\/b>, das 17h \u00e0s 19h, no canal do Museu do Pontal no Youtube.<\/h3>\n<p>&nbsp;<\/p>\n<p>Museu do Pontal, Barra da Tijuca, Rio de Janeiro<\/p>\n<p>Entrada gratuita ou contribui\u00e7\u00e3o volunt\u00e1ria<br \/>\npela plataforma Sympla \u2013 <a href=\"https:\/\/site.bileto.sympla.com.br\/museudopontal\/\">https:\/\/site.bileto.sympla.com.br\/museudopontal\/<\/a><\/p>\n<p>Protocolo anti-Covid \u2013 Ser\u00e1 exigido comprovante de vacina<\/p>\n<p>&nbsp;<\/p>\n<p>O <b>Museu do Pontal <\/b>vai dedicar durante o m\u00eas de <b>abril<\/b> sua programa\u00e7\u00e3o cultural e educativa <b>dos fins de semana<\/b> a celebrar a beleza da cultura e a for\u00e7a dos povos origin\u00e1rios do Brasil. As atividades, gratuitas, s\u00e3o orientadas por artistas e lideran\u00e7as ind\u00edgenas de diversas etnias: <b>s\u00e3o oficinas de dan\u00e7a, canto e pintura corporal, plantio de ervas medicinais, conhecimento das plantas sagradas e conta\u00e7\u00e3o de hist\u00f3rias<\/b>.<\/p>\n<p>No dia <b>2 de abril<\/b>, s\u00e1bado, ser\u00e3o destaques a oficina com <b>Pirat\u00e1 War\u00e1<\/b>, fot\u00f3grafo da na\u00e7\u00e3o War\u00e1, que h\u00e1 mais de 30 anos registra o cotidiano e rituais de seu povo no <b>Alto Xingu<\/b>, no Mato Grosso. <b>Dau\u00e1<\/b> <b>Silva<\/b>, da etnia <b>Puri<\/b>, do <b>Rio de Janeiro<\/b>, lan\u00e7ou o primeiro livro bil\u00edng\u00fce <b>Puri\/Portugu\u00eas<\/b> \u201cTempo de Escuta \u2013 Alkeh Poteh e Hist\u00f3rias infantis\u201d. Ele se autodefine como um \u201cContador e Ca\u00e7ador de Hist\u00f3rias\u201d, e apresentar\u00e1 para as crian\u00e7as hist\u00f3rias e cantos Puri.<\/p>\n<p>Al\u00e9m de celebrar a contribui\u00e7\u00e3o estrutural dos ind\u00edgenas para a cultura brasileira, a programa\u00e7\u00e3o tamb\u00e9m busca chamar aten\u00e7\u00e3o para <b>a import\u00e2ncia da manuten\u00e7\u00e3o e amplia\u00e7\u00e3o dos seus direitos.<\/b><\/p>\n<p><b>DESTAQUES DA PROGRAMA\u00c7\u00c3O EM ABRIL<\/b><\/p>\n<ul>\n<li aria-level=\"1\"><b>Dia 2<\/b><\/li>\n<\/ul>\n<p>16h \u2013 <b>Dau\u00e1 Puri<\/b> \u2013 Hist\u00f3rias e Cantos Puri<\/p>\n<p>17h \u2013 <b>Pirat\u00e1 War\u00e1 <\/b>\u2013 exibi\u00e7\u00e3o de filmes e fotos da na\u00e7\u00e3o War\u00e1, Xingu<b><\/b><\/p>\n<ul>\n<li aria-level=\"1\"><b>Dia 3\u00a0<\/b><\/li>\n<\/ul>\n<p>16h \u2013 <b>Elvira Alves<\/b> \u2013 Oficina de colares de sementes<\/p>\n<ul>\n<li aria-level=\"1\"><b>Dia 9<\/b><\/li>\n<\/ul>\n<p>16h \u2013 <b>Silvan Galv\u00e3o<\/b> \u2013 Ritmos tradicionais da Amaz\u00f4nia\u00a0<b><\/b><\/p>\n<ul>\n<li aria-level=\"1\"><b>Dia 10<\/b><\/li>\n<\/ul>\n<p>16h \u2013 <b>Pacari Patax\u00f3<\/b> \u2013 Oficina de flautas e apitos &#8211; meios de comunica\u00e7\u00e3o ind\u00edgena\u00a0<b><\/b><\/p>\n<ul>\n<li aria-level=\"1\"><b>Dia 16<\/b><\/li>\n<\/ul>\n<p>16h \u2013 <b>Tafke-\u00e2 Cruz<\/b> \u2013 Pintura corporal, dan\u00e7a e canto\u00a0<b><\/b><\/p>\n<ul>\n<li aria-level=\"1\"><b>Dia 17<\/b><\/li>\n<\/ul>\n<p>16h \u2013 <b>XumayaXya<\/b> \u2013 Plantas medicinais sagradas<\/p>\n<p>No percurso das seis exposi\u00e7\u00f5es em cartaz, <b>\u201cNovos ares! Pontal reinventado<\/b>\u201d, o p\u00fablico pode ver a beleza das\u00a0 <b>Bonecas Karaj\u00e1 <\/b>\u2013 entre os segmentos \u201cTerra, Terra\u201d e \u201cEntre Beiras e Margens\u201d. A respeito desta cultura, est\u00e1 na parede um texto de <b>Ailton Krenak<\/b>, em que comenta a liga\u00e7\u00e3o proposta pela curadoria de associar a terra ao fogo, ao ar e \u00e0 \u00e1gua em um s\u00f3 entendimento de que \u201cn\u00f3s somos natureza, e essa interdepend\u00eancia \u00e9 vital.\u201d<\/p>\n<p>&nbsp;<\/p>\n<p><b>MULHERES IND\u00cdGENAS NA CER\u00c2MICA \u2013 LIVE\u00a0<\/b><\/p>\n<p>No dia <b>18 de abril<\/b>, o Museu do Pontal far\u00e1 a live <b>Mulheres ind\u00edgenas na cer\u00e2mica<\/b>, das 17h \u00e0s 19h, em seu canal no Youtube.<\/p>\n<p>A cer\u00e2mica tem presen\u00e7a fundamental na cultura material ind\u00edgena, nas mais diversas etnias e povos ind\u00edgenas no Brasil. O objetivo desta conversa aberta \u00e9 entender a quest\u00e3o da cer\u00e2mica \u00e9 vista em diferentes contextos, a partir da perspectiva feminina e ind\u00edgena \u2013 na aldeia, inserida na vida cotidiana; a dimens\u00e3o ritual; e sua compreens\u00e3o como parte do patrim\u00f4nio imaterial e dos museus. E ainda de que maneira se articula a produ\u00e7\u00e3o da cer\u00e2mica, e que rela\u00e7\u00f5es s\u00e3o estabelecidas a partir dela: mem\u00f3ria, constru\u00e7\u00e3o de conhecimento, cotidiano da ro\u00e7a e da feitura dos alimentos, no estabelecimento das rela\u00e7\u00f5es identit\u00e1rias e na manuten\u00e7\u00e3o dos v\u00ednculos intergeracionais. Os convidados e seus temas s\u00e3o:<\/p>\n<p><b>Francy Baniwa<\/b> \u2013 \u201cMulheres ind\u00edgenas na cer\u00e2mica\u201d;<\/p>\n<p><b>Waxiaki Karaj\u00e1 <\/b>\u2013 \u201cA tradi\u00e7\u00e3o das bonecas karaj\u00e1\u201d; e<\/p>\n<p><b>Chang Whan <\/b>\u2013 \u201cA cer\u00e2mica ind\u00edgena como documento cultural e de mem\u00f3ria\u201d.<\/p>\n<p>&nbsp;<\/p>\n<p><b>PROGRAMA\u00c7\u00c3O EDUCATIVA CULTURAL COMPLETA \u2013 ABRIL<\/b><\/p>\n<ul>\n<li aria-level=\"1\"><b>S\u00c1BADO, DIA 2 DE ABRIL<\/b><\/li>\n<\/ul>\n<p><b>11h e 15h \u2013 Visita Musicada pela Arte e Cultura Popular Brasileira<\/b><\/p>\n<p>Classifica\u00e7\u00e3o: livre<\/p>\n<p>Capacidade: dez pessoas a cada vez.<\/p>\n<p>As visitas musicadas foram criadas para atender a uma demanda do p\u00fablico que quer conhecer mais profundamente a arte popular do Brasil. Os roteiros s\u00e3o adaptados \u00e0s diferentes faixas et\u00e1rias, e alguns temas podem ser priorizados durante a visita, de acordo com a solicita\u00e7\u00e3o do p\u00fablico. S\u00e3o visitas l\u00fadicas, que mexem com a mem\u00f3ria afetiva dos visitantes, em que s\u00e3o utilizados diferentes instrumentos musicais que tocam ritmos tipicamente brasileiros como samba, forr\u00f3, coco, jongo, maracatu, ciranda e capoeira, entre outros, sempre de acordo com o tema abordado no acervo. Durante a visita, os participantes s\u00e3o estimulados a refletirem sobre a diversidade cultural brasileira, as rela\u00e7\u00f5es entre o mundo do campo e o das grandes cidades, os processos migrat\u00f3rios, as diferentes profiss\u00f5es, as pr\u00e1ticas sociais, as rela\u00e7\u00f5es familiares, as festividades, a espiritualidade e, ainda, sobre quest\u00f5es pr\u00f3prias ao universo das artes pl\u00e1sticas, os processos criativos dos artistas e os materiais que utilizam para fazer suas esculturas.<\/p>\n<p><b>12h e 17h<\/b><b> \u2013 Ba\u00fa de Brinquedos<\/b><\/p>\n<p>Classifica\u00e7\u00e3o: livre<\/p>\n<p>Os arte-educadores do Museu do Pontal estimulam a crian\u00e7ada a conhecerem o <b>Ba\u00fa de Brinquedos Populares<\/b>. Nesta iniciativa in\u00e9dita, o p\u00fablico infantil brinca com ioi\u00f4s, bilboqu\u00eas, petecas, pi\u00f5es, fantoches, el\u00e1sticos e cordas para pular, giz para riscar amarelinha e bambol\u00eas. As esculturas vistas nas exposi\u00e7\u00f5es, especialmente na <b>Brincares \u2013 brincadeiras e brincantes<\/b>, enfocam v\u00e1rias dessas brincadeiras, e esta atividade promove um contato l\u00fadico ao ar livre, na grande Pra\u00e7a-Jardim, na parte frontal do Museu. Em caso de chuva, a atividade acontece na Sala Multiuso.<\/p>\n<p><b>16h<\/b><b> \u2013 <\/b><b>Hist\u00f3rias e Cantos Puri, com o ca\u00e7ador de hist\u00f3rias Dau\u00e1 Puri\u00a0<\/b><\/p>\n<p>Classifica\u00e7\u00e3o: livre<\/p>\n<p>Capacidade: 100 pessoas<br \/>\nInscri\u00e7\u00f5es:\u00a0 <a href=\"https:\/\/bileto.sympla.com.br\/event\/72451\">https:\/\/bileto.sympla.com.br\/event\/72451<\/a><\/p>\n<p>O \u201cca\u00e7ador de hist\u00f3rias\u201d <b>Dau\u00e1 Puri<\/b> usa instrumentos constru\u00eddos por ele com a \u201cmat\u00e9ria prima que a natureza nos oferece\u201d. S\u00e3o flautas, pios, marac\u00e1, viola de taquara, v\u00e1rias cria\u00e7\u00f5es com bambu e caba\u00e7a, para suas atividades l\u00fadicas de contac\u00e3o de hist\u00f3rias, canto e dan\u00e7a com o tema \u201cArvore \u00e9 Vida\u201d. O objetivo \u00e9 a sensibiliza\u00e7\u00e3o para a import\u00e2ncia das \u00e1rvores e plantas na sobreviv\u00eancia do ser humano na Terra. As hist\u00f3rias e cantos ind\u00edgenas s\u00e3o da etnia Puri, do tronco lingu\u00edstico macro J\u00ea, da regi\u00e3o sudeste, com movimenta\u00e7\u00e3o nos territ\u00f3rios de Minas Gerais, Rio de Janeiro e Esp\u00edrito Santo. \u201cAs sonoridades encantadoras do bambu e outros materiais naturais levam o p\u00fablico a uma viagem pelas beiras do Rio Para\u00edba do Sul, para uma conex\u00e3o com a Mata Atl\u00e2ntica dos ind\u00edgenas Puri\u201d, conta Dau\u00e1 Puri.<\/p>\n<p>Dau\u00e1 Puri\u00a0\u00e9 ator, cen\u00f3grafo, m\u00fasico, compositor, contador de hist\u00f3rias, escritor dos livros \u201cAlkeh Poteh \u2013 Poeira de Luz\u201d, primeiro livro bil\u00edng\u00fce puri\/portugu\u00eas; \u201cHist\u00f3rias Boas de Contar \u00cdndios\u201d, \u201cChagas Abertas das Am\u00e9ricas\u201d, textos de poesias para teatro. Graduado em Educa\u00e7\u00e3o do Campo pela Universidade Federal de Vi\u00e7osa, onde fundou o Grupo de Estudos Povos Origin\u00e1rios. \u00c9 membro do coletivo ind\u00edgena Aldeia Maracan\u00e3.<\/p>\n<p><b>17h \u2013 Pirat\u00e1 Waur\u00e1 <\/b>\u2013 <b>Imers\u00e3o na cultura Wauja, Xingu, com exibi\u00e7\u00e3o de filmes e fotos<\/b><b><br \/>\n<\/b><\/p>\n<p>Inscri\u00e7\u00f5es: <a href=\"https:\/\/bileto.sympla.com.br\/event\/72452\">https:\/\/bileto.sympla.com.br\/event\/72452<\/a><\/p>\n<p>&nbsp;<\/p>\n<p><b>Pirat\u00e1 Waur\u00e1<\/b>, historiador, fot\u00f3grafo, cineasta do povo <b>Wauja<\/b>, habitante do Parque Ind\u00edgena do Xingu, convida o p\u00fablico a uma viagem em tr\u00eas atos, mesclando elementos de seu acervo fotogr\u00e1fico e audiovisual com hist\u00f3rias e cantos, em que conduz a uma jornada tecendo conex\u00f5es entre o vis\u00edvel e invis\u00edvel. Provoca o p\u00fablico a refletir sobre a crise clim\u00e1tica e a luta ind\u00edgena. A partir do projeto Conex\u00f5es Clim\u00e1ticas Criativas, interc\u00e2mbio cultural entre jovens do Pa\u00eds de Gales e do povo Wauja, o audiovisual \u00e9 usado para partilhar experi\u00eancias como o impacto das mudan\u00e7as clim\u00e1ticas no dia a dia, e tamb\u00e9m como ferramenta de den\u00fancia e luta.<\/p>\n<p>De forma resumida, os tr\u00eas atos v\u00e3o abordar:<\/p>\n<ol>\n<li aria-level=\"1\"><b>\u201cTradi\u00e7\u00e3o e Cultura Wauja\u201d<\/b> \u2013 Desde a dimens\u00e3o ritual e ancestral dos cantos e ornamentos \u00e0 cer\u00e2mica tradicional e o modo de vida xinguano integrado \u00e0 natureza e ao mundo ocidental. Quem s\u00e3o o povo Wauja, sua aldeia, seus costumes e rituais;<\/li>\n<li aria-level=\"1\"><b>\u201cA gruta sagrada do Kamukuwak\u00e1 \u2013 Realidade Virtual\u201d<\/b> \u2013 Selecionado pelo Festival de Cinema CPH:DOX (23 de mar\u00e7o a 3 de abril de 2022 em Copenhagem). O v\u00eddeo mostra este importante s\u00edtio arqueol\u00f3gico que guarda cren\u00e7as, costumes e hist\u00f3ria, que foi violentamente depredado.\u00a0 Recursos da realidade virtual permitem que as antigas e novas gera\u00e7\u00f5es de ind\u00edgenas tenham a chance de viajar de volta \u00e0 caverna sagrada, que \u00e9 considerada seu \u201clivro de aprendizado\u201d.<\/li>\n<li aria-level=\"1\">\u00a0\u201c<b>Mudan\u00e7as Clim\u00e1ticas\u201d <\/b>\u2013 v\u00eddeo feito para o projeto <b>Conex\u00f5es Clim\u00e1ticas Criativas <\/b>sobre as mudan\u00e7as clim\u00e1ticas e seus impactos na comunidade, com registros das queimadas e partilha sobre a intera\u00e7\u00e3o com os jovens.<\/li>\n<\/ol>\n<p><b>Pirat\u00e1 Waur\u00e1 <\/b>\u00e9 professor da escola ind\u00edgena da aldeia Piyulaga A Terra Ind\u00edgena do Xingu, e faz parte da AIT (Associa\u00e7\u00e3o Ind\u00edgena Tulukai), que tem como miss\u00e3o a preserva\u00e7\u00e3o da cultura Wauja, seu territ\u00f3rio, floresta e recursos naturais por meio de projetos culturais, art\u00edsticos, ambientais e de desenvolvimento sustent\u00e1vel. \u00c9 tamb\u00e9m parceiro da People\u2019s Palace Projects desde 2018, e vem desenvolvendo projetos colaborativos de interc\u00e2mbio cultural no Reino Unido, Brasil e Espanha, buscando a preserva\u00e7\u00e3o da identidade ind\u00edgena e mem\u00f3ria, apresentando a cultura Wauja, a realidade do territ\u00f3rio e o meio ambiente a partir de sua pr\u00f3pria perspectiva.<\/p>\n<ul>\n<li aria-level=\"1\"><b>DOMINGO, DIA 3 DE ABRIL<\/b><\/li>\n<\/ul>\n<p><b>11h e 15h \u2013 Visita Musicada pela Arte e Cultura Popular Brasileira <\/b><\/p>\n<p><b><\/b><b>12h e 17h<\/b><b> \u2013 Ba\u00fa de Brinquedos <\/b><\/p>\n<p><b><\/b><b>16h \u2013 Oficina de colares de sementes com Elvira Alves<\/b><\/p>\n<p>Classifica\u00e7\u00e3o: livre<\/p>\n<p>Capacidade: 30 crian\u00e7as<\/p>\n<p>Inscri\u00e7\u00f5es: <a href=\"https:\/\/bileto.sympla.com.br\/event\/72466\">https:\/\/bileto.sympla.com.br\/event\/72466<\/a><\/p>\n<p>Com a oficina, <b>Elvira Alves <\/b>busca despertar o interesse das pessoas pelo conhecimento da cultura dos povos nativos atrav\u00e9s da confec\u00e7\u00e3o de biojoias \u2013 colares de sementes, an\u00e9is, pulseiras, artes diversas e outros acess\u00f3rios artesanais ind\u00edgenas.<\/p>\n<p><b>Elvira Alves Sater\u00e9 Maw\u00e9 Satere Maw\u00e8 <\/b>nasceu no Amazonas e foi criada no Rio de Janeiro, onde mora, depois de viver por 20 anos em S\u00e3o Paulo. \u201cMulher, ind\u00edgena, guerreira, artes\u00e3, sonhadora, empreendedora, artista, alma liberta\u201d, ela foi tesoureira da Associa\u00e7\u00e3o Ind\u00edgena Aldeia Maracan\u00e3 (AIAM), de 2016 a 2018, quando tamb\u00e9m coordenou os eventos da institui\u00e7\u00e3o, como o Dia do \u00cdndio e o Dia Internacional dos Povos Ind\u00edgenas. Oficineira, desenvolveu trabalho em parceria com a Secretaria Estadual de Cultura do Rio de Janeiro, na Biblioteca Parque de Niter\u00f3i; coordenou a participa\u00e7\u00e3o ind\u00edgena na Feira da Lavradio de 2016 a 2021; coordenou a participa\u00e7\u00e3o dos ind\u00edgenas nos Evento Plante Rio \u2013 Fundi\u00e7\u00e3o Progresso, em 2019 e 2020, entre outros eventos.<\/p>\n<ul>\n<li aria-level=\"1\"><b>S\u00c1BADO, DIA 9 DE ABRIL<\/b><\/li>\n<\/ul>\n<p><b>16h \u2013 Silvan Galv\u00e3o \u2013 R\u00edtmos Tradicionais da Amaz\u00f4nia<\/b><b>\u00a0<\/b><\/p>\n<ul>\n<li aria-level=\"1\"><b>DOMINGO, DIA 10 DE ABRIL<\/b><\/li>\n<\/ul>\n<p><b>11h e 15h \u2013 Visita Musicada pela Arte e Cultura Popular Brasileira<\/b><\/p>\n<p><b><\/b><b>12h e 17h<\/b><b> \u2013 Ba\u00fa de Brinquedos<\/b><\/p>\n<p><b>16h \u2013 Pacari Patax\u00f3 \u2013 Oficina de flautas e apitos \u2013 meios de comunica\u00e7\u00e3o ind\u00edgena<\/b><\/p>\n<p><b>Classifica\u00e7\u00e3o: <\/b>livre<\/p>\n<p><b>Capacidade: <\/b>30 crian\u00e7as + pais<\/p>\n<p>Da Aldeia M\u00e3e Barra Velha, uma das mais antigas de todo povo Patax\u00f3 da regi\u00e3o do sul da Bahia, <b>Pacari Patax\u00f3<\/b> vai levar o bambu e suas ferramentas para as crian\u00e7as observarem a confec\u00e7\u00e3o de uma flauta. Com a flauta pronta, Patax\u00f3 ir\u00e1 mostrar como\u00a0era o meio de comunica\u00e7\u00e3o do povo ind\u00edgena na floresta h\u00e1 muitos anos atrav\u00e9s do apito, reptxoy e da flauta.\u00a0 <b>Pacari Patax\u00f3<\/b> ir\u00e1 reproduzir o\u00a0som dos p\u00e1ssaros com estes instrumentos.<\/p>\n<p>&nbsp;<\/p>\n<ul>\n<li aria-level=\"1\"><b>S\u00c1BADO, DIA 16 DE ABRIL<\/b><\/li>\n<\/ul>\n<p><b>11h e 15h \u2013 Visita Musicada pela Arte e Cultura Popular Brasileira <\/b><\/p>\n<p><b><\/b><b>12h e 17h<\/b><b> \u2013 Ba\u00fa de Brinquedos <\/b><\/p>\n<p><b><\/b><b>16h \u2013Tafke-\u00e2 Cruz \u2013 Pintura corporal, dan\u00e7a e canto<\/b><b>\u00a0<\/b><\/p>\n<p>Classifica\u00e7\u00e3o: livre<\/p>\n<p>Capacidade: 100 pessoas<\/p>\n<p>Tr\u00eas guerreiros da etnia <b>Fulni-\u00f4<\/b>\u00a0\u2013 kuai\u00e1, W\u00e9liso e Jos\u00e9 \u2013 v\u00e3o\u00a0ensinar pintura corporal, dan\u00e7a e canto, e falar\u00e3o sobre sua cultura. Eles pintar\u00e3o as crian\u00e7as e far\u00e3o com elas uma roda de canto<\/p>\n<p>&nbsp;<\/p>\n<ul>\n<li aria-level=\"1\"><b>DOMINGO, DIA 17 DE ABRIL<\/b><\/li>\n<\/ul>\n<p><b>11h e 15h \u2013 Visita Musicada pela Arte e Cultura Popular Brasileira<\/b><\/p>\n<p><b><\/b><b>12h e 17h<\/b><b> \u2013 Ba\u00fa de Brinquedos<\/b><\/p>\n<p><b>16h \u2013 Plantas medicinais sagradas, com Xumaya Xya\u00a0<\/b><\/p>\n<p>Classifica\u00e7\u00e3o: livre<\/p>\n<p>Capacidade: 40 crian\u00e7as<\/p>\n<p><b>Xumaya Xya <\/b>\u2013 &#8220;a minha origem, a minha terra, eu sou uma semente que brota da terra sagrada&#8221; \u2013 falar\u00e1 sobre a cura pela floresta e suas plantas medicinais. Depois, ele coordenar\u00e1 o plantio\u00a0na horta do Museu do Pontal,\u00a0das ervas medicinais usadas em sua tribo e trazidas por ele.<\/p>\n<p>&nbsp;<\/p>\n<p><b>Servi\u00e7o: Museu do Pontal \u2013 Programa\u00e7\u00e3o de em abril \u2013 a cultura e a for\u00e7a dos povos origin\u00e1rios do Brasil<\/b><\/p>\n<p>Aos s\u00e1bados e domingos de abril de 2022<\/p>\n<p>Museu do Pontal<\/p>\n<p>Avenida Celia Ribeiro da Silva Mendes, 3.300, Barra da Tijuca, Rio de Janeiro, CEP 22790-711 [ao lado do condom\u00ednio Alphaville Resid\u00eancias]<\/p>\n<p>Quinta a domingo, das 10h \u00e0s 18h (o acesso \u00e0s exposi\u00e7\u00f5es se encerra \u00e0s 17h30, meia hora antes do hor\u00e1rio de fechamento do Museu)<\/p>\n<p>Protocolo anti-Covid \u2013 Ser\u00e1 exigido comprovante de vacina<\/p>\n<p>Ingressos pelo link https:\/\/site.bileto.sympla.com.br\/museudopontal\/, onde se pode garantir o ingresso, gratuito ou com contribui\u00e7\u00e3o volunt\u00e1ria<\/p>\n<p>O acesso aos espa\u00e7os expositivos \u00e9 limitado, e para maior seguran\u00e7a recomenda-se o agendamento pr\u00e9vio.<\/p>\n<p>&nbsp;<\/p>\n<p><b>Canais digitais:\u00a0<\/b><\/p>\n<p><b>Site:<\/b> http:\/\/www.museudopontal.org.br\/<\/p>\n<p><b>Instagram:<\/b> @museudopontal<\/p>\n<p><b>Youtube:<\/b> www.youtube.com\/museudopontaloficial<\/p>\n<p><b>Facebook:<\/b> @museudopontaloficial<\/p>\n","protected":false},"excerpt":{"rendered":"<p>CULTURA Por CWeA Comunica\u00e7\u00e3o &nbsp; Durante todo o m\u00eas, os fins de semana do Museu do Pontal ser\u00e3o dedicados a celebrar a beleza da cultura e a for\u00e7a dos povos origin\u00e1rios do Brasil. As atividades, gratuitas, foram orientadas por artistas&hellip;<\/p>\n","protected":false},"author":1685,"featured_media":1554876,"comment_status":"closed","ping_status":"closed","sticky":false,"template":"","format":"standard","meta":{"footnotes":""},"categories":[104,117,11390,112,153],"tags":[75238,91491,33011],"class_list":["post-1554872","post","type-post","status-publish","format-standard","has-post-thumbnail","hentry","category-america-do-sul","category-povos-originarios","category-conteudo-original","category-cultura-pt-pt","category-nota-de-imprensa","tag-caderno-de-cultura","tag-museu-do-pontal","tag-povos-originarios"],"yoast_head":"<!-- This site is optimized with the Yoast SEO plugin v27.1.1 - https:\/\/yoast.com\/product\/yoast-seo-wordpress\/ -->\n<title>Programa\u00e7\u00e3o do Museu do Pontal em abril celebra a cultura e a for\u00e7a dos povos origin\u00e1rios do Brasil<\/title>\n<meta name=\"description\" content=\"CULTURA Por CWeA Comunica\u00e7\u00e3o &nbsp; Durante todo o m\u00eas, os fins de semana do Museu do Pontal ser\u00e3o dedicados a celebrar a beleza da cultura e a for\u00e7a dos\" \/>\n<meta name=\"robots\" content=\"index, follow, max-snippet:-1, max-image-preview:large, max-video-preview:-1\" \/>\n<link rel=\"canonical\" href=\"https:\/\/www.pressenza.com\/pt-pt\/2022\/03\/programacao-do-museu-do-pontal-em-abril-celebra-a-cultura-e-a-forca-dos-povos-originarios-do-brasil\/\" \/>\n<meta property=\"og:locale\" content=\"pt_PT\" \/>\n<meta property=\"og:type\" content=\"article\" \/>\n<meta property=\"og:title\" content=\"Programa\u00e7\u00e3o do Museu do Pontal em abril celebra a cultura e a for\u00e7a dos povos origin\u00e1rios do Brasil\" \/>\n<meta property=\"og:description\" content=\"CULTURA Por CWeA Comunica\u00e7\u00e3o &nbsp; Durante todo o m\u00eas, os fins de semana do Museu do Pontal ser\u00e3o dedicados a celebrar a beleza da cultura e a for\u00e7a dos\" \/>\n<meta property=\"og:url\" content=\"https:\/\/www.pressenza.com\/pt-pt\/2022\/03\/programacao-do-museu-do-pontal-em-abril-celebra-a-cultura-e-a-forca-dos-povos-originarios-do-brasil\/\" \/>\n<meta property=\"og:site_name\" content=\"Pressenza\" \/>\n<meta property=\"article:publisher\" content=\"https:\/\/www.facebook.com\/PressenzaItalia\" \/>\n<meta property=\"article:published_time\" content=\"2022-03-31T15:27:02+00:00\" \/>\n<meta property=\"article:modified_time\" content=\"2022-03-31T15:31:49+00:00\" \/>\n<meta property=\"og:image\" content=\"https:\/\/www.pressenza.com\/wp-content\/uploads\/2022\/03\/PirataWaura_Povo-Wauja_Huka-Huka-traditional-fight.jpg\" \/>\n\t<meta property=\"og:image:width\" content=\"1280\" \/>\n\t<meta property=\"og:image:height\" content=\"852\" \/>\n\t<meta property=\"og:image:type\" content=\"image\/jpeg\" \/>\n<meta name=\"author\" content=\"Reda\u00e7\u00e3o Rio de Janeiro\" \/>\n<meta name=\"twitter:card\" content=\"summary_large_image\" \/>\n<meta name=\"twitter:creator\" content=\"@PressenzaIPA\" \/>\n<meta name=\"twitter:site\" content=\"@PressenzaIPA\" \/>\n<meta name=\"twitter:label1\" content=\"Escrito por\" \/>\n\t<meta name=\"twitter:data1\" content=\"Reda\u00e7\u00e3o Rio de Janeiro\" \/>\n\t<meta name=\"twitter:label2\" content=\"Tempo estimado de leitura\" \/>\n\t<meta name=\"twitter:data2\" content=\"12 minutos\" \/>\n<script type=\"application\/ld+json\" class=\"yoast-schema-graph\">{\"@context\":\"https:\/\/schema.org\",\"@graph\":[{\"@type\":\"Article\",\"@id\":\"https:\/\/www.pressenza.com\/pt-pt\/2022\/03\/programacao-do-museu-do-pontal-em-abril-celebra-a-cultura-e-a-forca-dos-povos-originarios-do-brasil\/#article\",\"isPartOf\":{\"@id\":\"https:\/\/www.pressenza.com\/pt-pt\/2022\/03\/programacao-do-museu-do-pontal-em-abril-celebra-a-cultura-e-a-forca-dos-povos-originarios-do-brasil\/\"},\"author\":{\"name\":\"Reda\u00e7\u00e3o Rio de Janeiro\",\"@id\":\"https:\/\/www.pressenza.com\/pt-pt\/#\/schema\/person\/6925e927f8ff3a0cdb838320c5d12259\"},\"headline\":\"Programa\u00e7\u00e3o do Museu do Pontal em abril celebra a cultura e a for\u00e7a dos povos origin\u00e1rios do Brasil\",\"datePublished\":\"2022-03-31T15:27:02+00:00\",\"dateModified\":\"2022-03-31T15:31:49+00:00\",\"mainEntityOfPage\":{\"@id\":\"https:\/\/www.pressenza.com\/pt-pt\/2022\/03\/programacao-do-museu-do-pontal-em-abril-celebra-a-cultura-e-a-forca-dos-povos-originarios-do-brasil\/\"},\"wordCount\":2373,\"publisher\":{\"@id\":\"https:\/\/www.pressenza.com\/pt-pt\/#organization\"},\"image\":{\"@id\":\"https:\/\/www.pressenza.com\/pt-pt\/2022\/03\/programacao-do-museu-do-pontal-em-abril-celebra-a-cultura-e-a-forca-dos-povos-originarios-do-brasil\/#primaryimage\"},\"thumbnailUrl\":\"https:\/\/www.pressenza.com\/wp-content\/uploads\/2022\/03\/PirataWaura_Povo-Wauja_Huka-Huka-traditional-fight.jpg\",\"keywords\":[\"caderno de cultura\",\"museu do pontal\",\"povos originarios\"],\"articleSection\":[\"\u00c1m\u00e9rica do Sul\",\"Assuntos ind\u00edgenas\",\"Conte\u00fado Original\",\"Cultura e M\u00eddia\",\"Nota de imprensa\"],\"inLanguage\":\"pt-PT\"},{\"@type\":\"WebPage\",\"@id\":\"https:\/\/www.pressenza.com\/pt-pt\/2022\/03\/programacao-do-museu-do-pontal-em-abril-celebra-a-cultura-e-a-forca-dos-povos-originarios-do-brasil\/\",\"url\":\"https:\/\/www.pressenza.com\/pt-pt\/2022\/03\/programacao-do-museu-do-pontal-em-abril-celebra-a-cultura-e-a-forca-dos-povos-originarios-do-brasil\/\",\"name\":\"Programa\u00e7\u00e3o do Museu do Pontal em abril celebra a cultura e a for\u00e7a dos povos origin\u00e1rios do Brasil\",\"isPartOf\":{\"@id\":\"https:\/\/www.pressenza.com\/pt-pt\/#website\"},\"primaryImageOfPage\":{\"@id\":\"https:\/\/www.pressenza.com\/pt-pt\/2022\/03\/programacao-do-museu-do-pontal-em-abril-celebra-a-cultura-e-a-forca-dos-povos-originarios-do-brasil\/#primaryimage\"},\"image\":{\"@id\":\"https:\/\/www.pressenza.com\/pt-pt\/2022\/03\/programacao-do-museu-do-pontal-em-abril-celebra-a-cultura-e-a-forca-dos-povos-originarios-do-brasil\/#primaryimage\"},\"thumbnailUrl\":\"https:\/\/www.pressenza.com\/wp-content\/uploads\/2022\/03\/PirataWaura_Povo-Wauja_Huka-Huka-traditional-fight.jpg\",\"datePublished\":\"2022-03-31T15:27:02+00:00\",\"dateModified\":\"2022-03-31T15:31:49+00:00\",\"description\":\"CULTURA Por CWeA Comunica\u00e7\u00e3o &nbsp; Durante todo o m\u00eas, os fins de semana do Museu do Pontal ser\u00e3o dedicados a celebrar a beleza da cultura e a for\u00e7a dos\",\"breadcrumb\":{\"@id\":\"https:\/\/www.pressenza.com\/pt-pt\/2022\/03\/programacao-do-museu-do-pontal-em-abril-celebra-a-cultura-e-a-forca-dos-povos-originarios-do-brasil\/#breadcrumb\"},\"inLanguage\":\"pt-PT\",\"potentialAction\":[{\"@type\":\"ReadAction\",\"target\":[\"https:\/\/www.pressenza.com\/pt-pt\/2022\/03\/programacao-do-museu-do-pontal-em-abril-celebra-a-cultura-e-a-forca-dos-povos-originarios-do-brasil\/\"]}]},{\"@type\":\"ImageObject\",\"inLanguage\":\"pt-PT\",\"@id\":\"https:\/\/www.pressenza.com\/pt-pt\/2022\/03\/programacao-do-museu-do-pontal-em-abril-celebra-a-cultura-e-a-forca-dos-povos-originarios-do-brasil\/#primaryimage\",\"url\":\"https:\/\/www.pressenza.com\/wp-content\/uploads\/2022\/03\/PirataWaura_Povo-Wauja_Huka-Huka-traditional-fight.jpg\",\"contentUrl\":\"https:\/\/www.pressenza.com\/wp-content\/uploads\/2022\/03\/PirataWaura_Povo-Wauja_Huka-Huka-traditional-fight.jpg\",\"width\":1280,\"height\":852},{\"@type\":\"BreadcrumbList\",\"@id\":\"https:\/\/www.pressenza.com\/pt-pt\/2022\/03\/programacao-do-museu-do-pontal-em-abril-celebra-a-cultura-e-a-forca-dos-povos-originarios-do-brasil\/#breadcrumb\",\"itemListElement\":[{\"@type\":\"ListItem\",\"position\":1,\"name\":\"Accueil\",\"item\":\"https:\/\/www.pressenza.com\/pt-pt\/\"},{\"@type\":\"ListItem\",\"position\":2,\"name\":\"Programa\u00e7\u00e3o do Museu do Pontal em abril celebra a cultura e a for\u00e7a dos povos origin\u00e1rios do Brasil\"}]},{\"@type\":\"WebSite\",\"@id\":\"https:\/\/www.pressenza.com\/pt-pt\/#website\",\"url\":\"https:\/\/www.pressenza.com\/pt-pt\/\",\"name\":\"Pressenza\",\"description\":\"International Press Agency\",\"publisher\":{\"@id\":\"https:\/\/www.pressenza.com\/pt-pt\/#organization\"},\"potentialAction\":[{\"@type\":\"SearchAction\",\"target\":{\"@type\":\"EntryPoint\",\"urlTemplate\":\"https:\/\/www.pressenza.com\/pt-pt\/?s={search_term_string}\"},\"query-input\":{\"@type\":\"PropertyValueSpecification\",\"valueRequired\":true,\"valueName\":\"search_term_string\"}}],\"inLanguage\":\"pt-PT\"},{\"@type\":\"Organization\",\"@id\":\"https:\/\/www.pressenza.com\/pt-pt\/#organization\",\"name\":\"Pressenza\",\"url\":\"https:\/\/www.pressenza.com\/pt-pt\/\",\"logo\":{\"@type\":\"ImageObject\",\"inLanguage\":\"pt-PT\",\"@id\":\"https:\/\/www.pressenza.com\/pt-pt\/#\/schema\/logo\/image\/\",\"url\":\"https:\/\/www.pressenza.com\/wp-content\/uploads\/2022\/10\/pressenza_logo_200x200.jpg\",\"contentUrl\":\"https:\/\/www.pressenza.com\/wp-content\/uploads\/2022\/10\/pressenza_logo_200x200.jpg\",\"width\":200,\"height\":200,\"caption\":\"Pressenza\"},\"image\":{\"@id\":\"https:\/\/www.pressenza.com\/pt-pt\/#\/schema\/logo\/image\/\"},\"sameAs\":[\"https:\/\/www.facebook.com\/PressenzaItalia\",\"https:\/\/x.com\/PressenzaIPA\"]},{\"@type\":\"Person\",\"@id\":\"https:\/\/www.pressenza.com\/pt-pt\/#\/schema\/person\/6925e927f8ff3a0cdb838320c5d12259\",\"name\":\"Reda\u00e7\u00e3o Rio de Janeiro\",\"description\":\"News published by the Pressenza bureau in Rio de Janeiro, Brazil\",\"url\":\"https:\/\/www.pressenza.com\/pt-pt\/author\/redacao-rio-de-janeiro\/\"}]}<\/script>\n<!-- \/ Yoast SEO plugin. -->","yoast_head_json":{"title":"Programa\u00e7\u00e3o do Museu do Pontal em abril celebra a cultura e a for\u00e7a dos povos origin\u00e1rios do Brasil","description":"CULTURA Por CWeA Comunica\u00e7\u00e3o &nbsp; Durante todo o m\u00eas, os fins de semana do Museu do Pontal ser\u00e3o dedicados a celebrar a beleza da cultura e a for\u00e7a dos","robots":{"index":"index","follow":"follow","max-snippet":"max-snippet:-1","max-image-preview":"max-image-preview:large","max-video-preview":"max-video-preview:-1"},"canonical":"https:\/\/www.pressenza.com\/pt-pt\/2022\/03\/programacao-do-museu-do-pontal-em-abril-celebra-a-cultura-e-a-forca-dos-povos-originarios-do-brasil\/","og_locale":"pt_PT","og_type":"article","og_title":"Programa\u00e7\u00e3o do Museu do Pontal em abril celebra a cultura e a for\u00e7a dos povos origin\u00e1rios do Brasil","og_description":"CULTURA Por CWeA Comunica\u00e7\u00e3o &nbsp; Durante todo o m\u00eas, os fins de semana do Museu do Pontal ser\u00e3o dedicados a celebrar a beleza da cultura e a for\u00e7a dos","og_url":"https:\/\/www.pressenza.com\/pt-pt\/2022\/03\/programacao-do-museu-do-pontal-em-abril-celebra-a-cultura-e-a-forca-dos-povos-originarios-do-brasil\/","og_site_name":"Pressenza","article_publisher":"https:\/\/www.facebook.com\/PressenzaItalia","article_published_time":"2022-03-31T15:27:02+00:00","article_modified_time":"2022-03-31T15:31:49+00:00","og_image":[{"width":1280,"height":852,"url":"https:\/\/www.pressenza.com\/wp-content\/uploads\/2022\/03\/PirataWaura_Povo-Wauja_Huka-Huka-traditional-fight.jpg","type":"image\/jpeg"}],"author":"Reda\u00e7\u00e3o Rio de Janeiro","twitter_card":"summary_large_image","twitter_creator":"@PressenzaIPA","twitter_site":"@PressenzaIPA","twitter_misc":{"Escrito por":"Reda\u00e7\u00e3o Rio de Janeiro","Tempo estimado de leitura":"12 minutos"},"schema":{"@context":"https:\/\/schema.org","@graph":[{"@type":"Article","@id":"https:\/\/www.pressenza.com\/pt-pt\/2022\/03\/programacao-do-museu-do-pontal-em-abril-celebra-a-cultura-e-a-forca-dos-povos-originarios-do-brasil\/#article","isPartOf":{"@id":"https:\/\/www.pressenza.com\/pt-pt\/2022\/03\/programacao-do-museu-do-pontal-em-abril-celebra-a-cultura-e-a-forca-dos-povos-originarios-do-brasil\/"},"author":{"name":"Reda\u00e7\u00e3o Rio de Janeiro","@id":"https:\/\/www.pressenza.com\/pt-pt\/#\/schema\/person\/6925e927f8ff3a0cdb838320c5d12259"},"headline":"Programa\u00e7\u00e3o do Museu do Pontal em abril celebra a cultura e a for\u00e7a dos povos origin\u00e1rios do Brasil","datePublished":"2022-03-31T15:27:02+00:00","dateModified":"2022-03-31T15:31:49+00:00","mainEntityOfPage":{"@id":"https:\/\/www.pressenza.com\/pt-pt\/2022\/03\/programacao-do-museu-do-pontal-em-abril-celebra-a-cultura-e-a-forca-dos-povos-originarios-do-brasil\/"},"wordCount":2373,"publisher":{"@id":"https:\/\/www.pressenza.com\/pt-pt\/#organization"},"image":{"@id":"https:\/\/www.pressenza.com\/pt-pt\/2022\/03\/programacao-do-museu-do-pontal-em-abril-celebra-a-cultura-e-a-forca-dos-povos-originarios-do-brasil\/#primaryimage"},"thumbnailUrl":"https:\/\/www.pressenza.com\/wp-content\/uploads\/2022\/03\/PirataWaura_Povo-Wauja_Huka-Huka-traditional-fight.jpg","keywords":["caderno de cultura","museu do pontal","povos originarios"],"articleSection":["\u00c1m\u00e9rica do Sul","Assuntos ind\u00edgenas","Conte\u00fado Original","Cultura e M\u00eddia","Nota de imprensa"],"inLanguage":"pt-PT"},{"@type":"WebPage","@id":"https:\/\/www.pressenza.com\/pt-pt\/2022\/03\/programacao-do-museu-do-pontal-em-abril-celebra-a-cultura-e-a-forca-dos-povos-originarios-do-brasil\/","url":"https:\/\/www.pressenza.com\/pt-pt\/2022\/03\/programacao-do-museu-do-pontal-em-abril-celebra-a-cultura-e-a-forca-dos-povos-originarios-do-brasil\/","name":"Programa\u00e7\u00e3o do Museu do Pontal em abril celebra a cultura e a for\u00e7a dos povos origin\u00e1rios do Brasil","isPartOf":{"@id":"https:\/\/www.pressenza.com\/pt-pt\/#website"},"primaryImageOfPage":{"@id":"https:\/\/www.pressenza.com\/pt-pt\/2022\/03\/programacao-do-museu-do-pontal-em-abril-celebra-a-cultura-e-a-forca-dos-povos-originarios-do-brasil\/#primaryimage"},"image":{"@id":"https:\/\/www.pressenza.com\/pt-pt\/2022\/03\/programacao-do-museu-do-pontal-em-abril-celebra-a-cultura-e-a-forca-dos-povos-originarios-do-brasil\/#primaryimage"},"thumbnailUrl":"https:\/\/www.pressenza.com\/wp-content\/uploads\/2022\/03\/PirataWaura_Povo-Wauja_Huka-Huka-traditional-fight.jpg","datePublished":"2022-03-31T15:27:02+00:00","dateModified":"2022-03-31T15:31:49+00:00","description":"CULTURA Por CWeA Comunica\u00e7\u00e3o &nbsp; Durante todo o m\u00eas, os fins de semana do Museu do Pontal ser\u00e3o dedicados a celebrar a beleza da cultura e a for\u00e7a dos","breadcrumb":{"@id":"https:\/\/www.pressenza.com\/pt-pt\/2022\/03\/programacao-do-museu-do-pontal-em-abril-celebra-a-cultura-e-a-forca-dos-povos-originarios-do-brasil\/#breadcrumb"},"inLanguage":"pt-PT","potentialAction":[{"@type":"ReadAction","target":["https:\/\/www.pressenza.com\/pt-pt\/2022\/03\/programacao-do-museu-do-pontal-em-abril-celebra-a-cultura-e-a-forca-dos-povos-originarios-do-brasil\/"]}]},{"@type":"ImageObject","inLanguage":"pt-PT","@id":"https:\/\/www.pressenza.com\/pt-pt\/2022\/03\/programacao-do-museu-do-pontal-em-abril-celebra-a-cultura-e-a-forca-dos-povos-originarios-do-brasil\/#primaryimage","url":"https:\/\/www.pressenza.com\/wp-content\/uploads\/2022\/03\/PirataWaura_Povo-Wauja_Huka-Huka-traditional-fight.jpg","contentUrl":"https:\/\/www.pressenza.com\/wp-content\/uploads\/2022\/03\/PirataWaura_Povo-Wauja_Huka-Huka-traditional-fight.jpg","width":1280,"height":852},{"@type":"BreadcrumbList","@id":"https:\/\/www.pressenza.com\/pt-pt\/2022\/03\/programacao-do-museu-do-pontal-em-abril-celebra-a-cultura-e-a-forca-dos-povos-originarios-do-brasil\/#breadcrumb","itemListElement":[{"@type":"ListItem","position":1,"name":"Accueil","item":"https:\/\/www.pressenza.com\/pt-pt\/"},{"@type":"ListItem","position":2,"name":"Programa\u00e7\u00e3o do Museu do Pontal em abril celebra a cultura e a for\u00e7a dos povos origin\u00e1rios do Brasil"}]},{"@type":"WebSite","@id":"https:\/\/www.pressenza.com\/pt-pt\/#website","url":"https:\/\/www.pressenza.com\/pt-pt\/","name":"Pressenza","description":"International Press Agency","publisher":{"@id":"https:\/\/www.pressenza.com\/pt-pt\/#organization"},"potentialAction":[{"@type":"SearchAction","target":{"@type":"EntryPoint","urlTemplate":"https:\/\/www.pressenza.com\/pt-pt\/?s={search_term_string}"},"query-input":{"@type":"PropertyValueSpecification","valueRequired":true,"valueName":"search_term_string"}}],"inLanguage":"pt-PT"},{"@type":"Organization","@id":"https:\/\/www.pressenza.com\/pt-pt\/#organization","name":"Pressenza","url":"https:\/\/www.pressenza.com\/pt-pt\/","logo":{"@type":"ImageObject","inLanguage":"pt-PT","@id":"https:\/\/www.pressenza.com\/pt-pt\/#\/schema\/logo\/image\/","url":"https:\/\/www.pressenza.com\/wp-content\/uploads\/2022\/10\/pressenza_logo_200x200.jpg","contentUrl":"https:\/\/www.pressenza.com\/wp-content\/uploads\/2022\/10\/pressenza_logo_200x200.jpg","width":200,"height":200,"caption":"Pressenza"},"image":{"@id":"https:\/\/www.pressenza.com\/pt-pt\/#\/schema\/logo\/image\/"},"sameAs":["https:\/\/www.facebook.com\/PressenzaItalia","https:\/\/x.com\/PressenzaIPA"]},{"@type":"Person","@id":"https:\/\/www.pressenza.com\/pt-pt\/#\/schema\/person\/6925e927f8ff3a0cdb838320c5d12259","name":"Reda\u00e7\u00e3o Rio de Janeiro","description":"News published by the Pressenza bureau in Rio de Janeiro, Brazil","url":"https:\/\/www.pressenza.com\/pt-pt\/author\/redacao-rio-de-janeiro\/"}]}},"place":"","original_article_url":"","_links":{"self":[{"href":"https:\/\/www.pressenza.com\/pt-pt\/wp-json\/wp\/v2\/posts\/1554872","targetHints":{"allow":["GET"]}}],"collection":[{"href":"https:\/\/www.pressenza.com\/pt-pt\/wp-json\/wp\/v2\/posts"}],"about":[{"href":"https:\/\/www.pressenza.com\/pt-pt\/wp-json\/wp\/v2\/types\/post"}],"author":[{"embeddable":true,"href":"https:\/\/www.pressenza.com\/pt-pt\/wp-json\/wp\/v2\/users\/1685"}],"replies":[{"embeddable":true,"href":"https:\/\/www.pressenza.com\/pt-pt\/wp-json\/wp\/v2\/comments?post=1554872"}],"version-history":[{"count":0,"href":"https:\/\/www.pressenza.com\/pt-pt\/wp-json\/wp\/v2\/posts\/1554872\/revisions"}],"wp:featuredmedia":[{"embeddable":true,"href":"https:\/\/www.pressenza.com\/pt-pt\/wp-json\/wp\/v2\/media\/1554876"}],"wp:attachment":[{"href":"https:\/\/www.pressenza.com\/pt-pt\/wp-json\/wp\/v2\/media?parent=1554872"}],"wp:term":[{"taxonomy":"category","embeddable":true,"href":"https:\/\/www.pressenza.com\/pt-pt\/wp-json\/wp\/v2\/categories?post=1554872"},{"taxonomy":"post_tag","embeddable":true,"href":"https:\/\/www.pressenza.com\/pt-pt\/wp-json\/wp\/v2\/tags?post=1554872"}],"curies":[{"name":"wp","href":"https:\/\/api.w.org\/{rel}","templated":true}]}}