{"id":1548458,"date":"2022-03-20T15:27:59","date_gmt":"2022-03-20T15:27:59","guid":{"rendered":"https:\/\/www.pressenza.com\/?p=1548458"},"modified":"2022-03-20T15:27:59","modified_gmt":"2022-03-20T15:27:59","slug":"outrora-verao","status":"publish","type":"post","link":"https:\/\/www.pressenza.com\/pt-pt\/2022\/03\/outrora-verao\/","title":{"rendered":"Outrora Ver\u00e3o"},"content":{"rendered":"<h5><span style=\"color: #999999;\">POEMA<\/span><\/h5>\n<p><em><strong>Por C. Alfredo Soares<\/strong><\/em><\/p>\n<p>&nbsp;<\/p>\n<p>Outrora ver\u00e3o<br \/>\nAgora outono<br \/>\nPalavras caem ao ch\u00e3o<br \/>\nComo folhas secas<br \/>\nOutrora eu<br \/>\nAgora n\u00f3s<br \/>\nRosas desabrocham no jardim<br \/>\nFlorescendo sentimentos<br \/>\nOutrora n\u00e3o<br \/>\nAgora sim<br \/>\nExpectativas viram realidade sem explica\u00e7\u00e3o<br \/>\nOutrora quente<br \/>\nAgora frio<br \/>\nFrio que aproxima e conecta<br \/>\nEsta\u00e7\u00f5es que renovam o tempo de viver<br \/>\ntrazendo novos odores e cores<br \/>\nNada para<br \/>\nNem que queiramos congelar o tempo<\/p>\n<p>&nbsp;<\/p>\n","protected":false},"excerpt":{"rendered":"<p>POEMA Por C. Alfredo Soares &nbsp; Outrora ver\u00e3o Agora outono Palavras caem ao ch\u00e3o Como folhas secas Outrora eu Agora n\u00f3s Rosas desabrocham no jardim Florescendo sentimentos Outrora n\u00e3o Agora sim Expectativas viram realidade sem explica\u00e7\u00e3o Outrora quente Agora frio&hellip;<\/p>\n","protected":false},"author":1942,"featured_media":1548460,"comment_status":"closed","ping_status":"closed","sticky":false,"template":"","format":"standard","meta":{"footnotes":""},"categories":[104,11390,112,165],"tags":[75238,75336,75310],"class_list":["post-1548458","post","type-post","status-publish","format-standard","has-post-thumbnail","hentry","category-america-do-sul","category-conteudo-original","category-cultura-pt-pt","category-opiniao","tag-caderno-de-cultura","tag-poema-pt-pt","tag-poesia-pt-pt"],"yoast_head":"<!-- This site is optimized with the Yoast SEO plugin v27.1.1 - https:\/\/yoast.com\/product\/yoast-seo-wordpress\/ -->\n<title>Outrora Ver\u00e3o<\/title>\n<meta name=\"description\" content=\"POEMA Por C. Alfredo Soares &nbsp; Outrora ver\u00e3o Agora outono Palavras caem ao ch\u00e3o Como folhas secas Outrora eu Agora n\u00f3s Rosas desabrocham no jardim\" \/>\n<meta name=\"robots\" content=\"index, follow, max-snippet:-1, max-image-preview:large, max-video-preview:-1\" \/>\n<link rel=\"canonical\" href=\"https:\/\/www.pressenza.com\/pt-pt\/2022\/03\/outrora-verao\/\" \/>\n<meta property=\"og:locale\" content=\"pt_PT\" \/>\n<meta property=\"og:type\" content=\"article\" \/>\n<meta property=\"og:title\" content=\"Outrora Ver\u00e3o\" \/>\n<meta property=\"og:description\" content=\"POEMA Por C. Alfredo Soares &nbsp; Outrora ver\u00e3o Agora outono Palavras caem ao ch\u00e3o Como folhas secas Outrora eu Agora n\u00f3s Rosas desabrocham no jardim\" \/>\n<meta property=\"og:url\" content=\"https:\/\/www.pressenza.com\/pt-pt\/2022\/03\/outrora-verao\/\" \/>\n<meta property=\"og:site_name\" content=\"Pressenza\" \/>\n<meta property=\"article:publisher\" content=\"https:\/\/www.facebook.com\/PressenzaItalia\" \/>\n<meta property=\"article:published_time\" content=\"2022-03-20T15:27:59+00:00\" \/>\n<meta property=\"og:image\" content=\"https:\/\/www.pressenza.com\/wp-content\/uploads\/2022\/03\/fall-g92f6c2172_1280.jpg\" \/>\n\t<meta property=\"og:image:width\" content=\"1280\" \/>\n\t<meta property=\"og:image:height\" content=\"960\" \/>\n\t<meta property=\"og:image:type\" content=\"image\/jpeg\" \/>\n<meta name=\"author\" content=\"Alfredo Soares\" \/>\n<meta name=\"twitter:card\" content=\"summary_large_image\" \/>\n<meta name=\"twitter:creator\" content=\"@PressenzaIPA\" \/>\n<meta name=\"twitter:site\" content=\"@PressenzaIPA\" \/>\n<meta name=\"twitter:label1\" content=\"Escrito por\" \/>\n\t<meta name=\"twitter:data1\" content=\"Alfredo Soares\" \/>\n\t<meta name=\"twitter:label2\" content=\"Tempo estimado de leitura\" \/>\n\t<meta name=\"twitter:data2\" content=\"1 minuto\" \/>\n<script type=\"application\/ld+json\" class=\"yoast-schema-graph\">{\"@context\":\"https:\/\/schema.org\",\"@graph\":[{\"@type\":\"Article\",\"@id\":\"https:\/\/www.pressenza.com\/pt-pt\/2022\/03\/outrora-verao\/#article\",\"isPartOf\":{\"@id\":\"https:\/\/www.pressenza.com\/pt-pt\/2022\/03\/outrora-verao\/\"},\"author\":{\"name\":\"Alfredo Soares\",\"@id\":\"https:\/\/www.pressenza.com\/pt-pt\/#\/schema\/person\/2a79e923477770a8f9f0c5b1c9790468\"},\"headline\":\"Outrora Ver\u00e3o\",\"datePublished\":\"2022-03-20T15:27:59+00:00\",\"mainEntityOfPage\":{\"@id\":\"https:\/\/www.pressenza.com\/pt-pt\/2022\/03\/outrora-verao\/\"},\"wordCount\":75,\"publisher\":{\"@id\":\"https:\/\/www.pressenza.com\/pt-pt\/#organization\"},\"image\":{\"@id\":\"https:\/\/www.pressenza.com\/pt-pt\/2022\/03\/outrora-verao\/#primaryimage\"},\"thumbnailUrl\":\"https:\/\/www.pressenza.com\/wp-content\/uploads\/2022\/03\/fall-g92f6c2172_1280.jpg\",\"keywords\":[\"caderno de cultura\",\"poema\",\"poes\u00eda\"],\"articleSection\":[\"\u00c1m\u00e9rica do Sul\",\"Conte\u00fado Original\",\"Cultura e M\u00eddia\",\"Opini\u00e3o\"],\"inLanguage\":\"pt-PT\"},{\"@type\":\"WebPage\",\"@id\":\"https:\/\/www.pressenza.com\/pt-pt\/2022\/03\/outrora-verao\/\",\"url\":\"https:\/\/www.pressenza.com\/pt-pt\/2022\/03\/outrora-verao\/\",\"name\":\"Outrora Ver\u00e3o\",\"isPartOf\":{\"@id\":\"https:\/\/www.pressenza.com\/pt-pt\/#website\"},\"primaryImageOfPage\":{\"@id\":\"https:\/\/www.pressenza.com\/pt-pt\/2022\/03\/outrora-verao\/#primaryimage\"},\"image\":{\"@id\":\"https:\/\/www.pressenza.com\/pt-pt\/2022\/03\/outrora-verao\/#primaryimage\"},\"thumbnailUrl\":\"https:\/\/www.pressenza.com\/wp-content\/uploads\/2022\/03\/fall-g92f6c2172_1280.jpg\",\"datePublished\":\"2022-03-20T15:27:59+00:00\",\"description\":\"POEMA Por C. Alfredo Soares &nbsp; Outrora ver\u00e3o Agora outono Palavras caem ao ch\u00e3o Como folhas secas Outrora eu Agora n\u00f3s Rosas desabrocham no jardim\",\"breadcrumb\":{\"@id\":\"https:\/\/www.pressenza.com\/pt-pt\/2022\/03\/outrora-verao\/#breadcrumb\"},\"inLanguage\":\"pt-PT\",\"potentialAction\":[{\"@type\":\"ReadAction\",\"target\":[\"https:\/\/www.pressenza.com\/pt-pt\/2022\/03\/outrora-verao\/\"]}]},{\"@type\":\"ImageObject\",\"inLanguage\":\"pt-PT\",\"@id\":\"https:\/\/www.pressenza.com\/pt-pt\/2022\/03\/outrora-verao\/#primaryimage\",\"url\":\"https:\/\/www.pressenza.com\/wp-content\/uploads\/2022\/03\/fall-g92f6c2172_1280.jpg\",\"contentUrl\":\"https:\/\/www.pressenza.com\/wp-content\/uploads\/2022\/03\/fall-g92f6c2172_1280.jpg\",\"width\":1280,\"height\":960},{\"@type\":\"BreadcrumbList\",\"@id\":\"https:\/\/www.pressenza.com\/pt-pt\/2022\/03\/outrora-verao\/#breadcrumb\",\"itemListElement\":[{\"@type\":\"ListItem\",\"position\":1,\"name\":\"Accueil\",\"item\":\"https:\/\/www.pressenza.com\/pt-pt\/\"},{\"@type\":\"ListItem\",\"position\":2,\"name\":\"Outrora Ver\u00e3o\"}]},{\"@type\":\"WebSite\",\"@id\":\"https:\/\/www.pressenza.com\/pt-pt\/#website\",\"url\":\"https:\/\/www.pressenza.com\/pt-pt\/\",\"name\":\"Pressenza\",\"description\":\"International Press Agency\",\"publisher\":{\"@id\":\"https:\/\/www.pressenza.com\/pt-pt\/#organization\"},\"potentialAction\":[{\"@type\":\"SearchAction\",\"target\":{\"@type\":\"EntryPoint\",\"urlTemplate\":\"https:\/\/www.pressenza.com\/pt-pt\/?s={search_term_string}\"},\"query-input\":{\"@type\":\"PropertyValueSpecification\",\"valueRequired\":true,\"valueName\":\"search_term_string\"}}],\"inLanguage\":\"pt-PT\"},{\"@type\":\"Organization\",\"@id\":\"https:\/\/www.pressenza.com\/pt-pt\/#organization\",\"name\":\"Pressenza\",\"url\":\"https:\/\/www.pressenza.com\/pt-pt\/\",\"logo\":{\"@type\":\"ImageObject\",\"inLanguage\":\"pt-PT\",\"@id\":\"https:\/\/www.pressenza.com\/pt-pt\/#\/schema\/logo\/image\/\",\"url\":\"https:\/\/www.pressenza.com\/wp-content\/uploads\/2022\/10\/pressenza_logo_200x200.jpg\",\"contentUrl\":\"https:\/\/www.pressenza.com\/wp-content\/uploads\/2022\/10\/pressenza_logo_200x200.jpg\",\"width\":200,\"height\":200,\"caption\":\"Pressenza\"},\"image\":{\"@id\":\"https:\/\/www.pressenza.com\/pt-pt\/#\/schema\/logo\/image\/\"},\"sameAs\":[\"https:\/\/www.facebook.com\/PressenzaItalia\",\"https:\/\/x.com\/PressenzaIPA\"]},{\"@type\":\"Person\",\"@id\":\"https:\/\/www.pressenza.com\/pt-pt\/#\/schema\/person\/2a79e923477770a8f9f0c5b1c9790468\",\"name\":\"Alfredo Soares\",\"description\":\"Jornalista, radialista, escritor. Teresopolitano radicalizado em Campos\/RJ. Instagram: alfredosoares49\",\"url\":\"https:\/\/www.pressenza.com\/pt-pt\/author\/alfredo-soares\/\"}]}<\/script>\n<!-- \/ Yoast SEO plugin. -->","yoast_head_json":{"title":"Outrora Ver\u00e3o","description":"POEMA Por C. Alfredo Soares &nbsp; Outrora ver\u00e3o Agora outono Palavras caem ao ch\u00e3o Como folhas secas Outrora eu Agora n\u00f3s Rosas desabrocham no jardim","robots":{"index":"index","follow":"follow","max-snippet":"max-snippet:-1","max-image-preview":"max-image-preview:large","max-video-preview":"max-video-preview:-1"},"canonical":"https:\/\/www.pressenza.com\/pt-pt\/2022\/03\/outrora-verao\/","og_locale":"pt_PT","og_type":"article","og_title":"Outrora Ver\u00e3o","og_description":"POEMA Por C. Alfredo Soares &nbsp; Outrora ver\u00e3o Agora outono Palavras caem ao ch\u00e3o Como folhas secas Outrora eu Agora n\u00f3s Rosas desabrocham no jardim","og_url":"https:\/\/www.pressenza.com\/pt-pt\/2022\/03\/outrora-verao\/","og_site_name":"Pressenza","article_publisher":"https:\/\/www.facebook.com\/PressenzaItalia","article_published_time":"2022-03-20T15:27:59+00:00","og_image":[{"width":1280,"height":960,"url":"https:\/\/www.pressenza.com\/wp-content\/uploads\/2022\/03\/fall-g92f6c2172_1280.jpg","type":"image\/jpeg"}],"author":"Alfredo Soares","twitter_card":"summary_large_image","twitter_creator":"@PressenzaIPA","twitter_site":"@PressenzaIPA","twitter_misc":{"Escrito por":"Alfredo Soares","Tempo estimado de leitura":"1 minuto"},"schema":{"@context":"https:\/\/schema.org","@graph":[{"@type":"Article","@id":"https:\/\/www.pressenza.com\/pt-pt\/2022\/03\/outrora-verao\/#article","isPartOf":{"@id":"https:\/\/www.pressenza.com\/pt-pt\/2022\/03\/outrora-verao\/"},"author":{"name":"Alfredo Soares","@id":"https:\/\/www.pressenza.com\/pt-pt\/#\/schema\/person\/2a79e923477770a8f9f0c5b1c9790468"},"headline":"Outrora Ver\u00e3o","datePublished":"2022-03-20T15:27:59+00:00","mainEntityOfPage":{"@id":"https:\/\/www.pressenza.com\/pt-pt\/2022\/03\/outrora-verao\/"},"wordCount":75,"publisher":{"@id":"https:\/\/www.pressenza.com\/pt-pt\/#organization"},"image":{"@id":"https:\/\/www.pressenza.com\/pt-pt\/2022\/03\/outrora-verao\/#primaryimage"},"thumbnailUrl":"https:\/\/www.pressenza.com\/wp-content\/uploads\/2022\/03\/fall-g92f6c2172_1280.jpg","keywords":["caderno de cultura","poema","poes\u00eda"],"articleSection":["\u00c1m\u00e9rica do Sul","Conte\u00fado Original","Cultura e M\u00eddia","Opini\u00e3o"],"inLanguage":"pt-PT"},{"@type":"WebPage","@id":"https:\/\/www.pressenza.com\/pt-pt\/2022\/03\/outrora-verao\/","url":"https:\/\/www.pressenza.com\/pt-pt\/2022\/03\/outrora-verao\/","name":"Outrora Ver\u00e3o","isPartOf":{"@id":"https:\/\/www.pressenza.com\/pt-pt\/#website"},"primaryImageOfPage":{"@id":"https:\/\/www.pressenza.com\/pt-pt\/2022\/03\/outrora-verao\/#primaryimage"},"image":{"@id":"https:\/\/www.pressenza.com\/pt-pt\/2022\/03\/outrora-verao\/#primaryimage"},"thumbnailUrl":"https:\/\/www.pressenza.com\/wp-content\/uploads\/2022\/03\/fall-g92f6c2172_1280.jpg","datePublished":"2022-03-20T15:27:59+00:00","description":"POEMA Por C. Alfredo Soares &nbsp; Outrora ver\u00e3o Agora outono Palavras caem ao ch\u00e3o Como folhas secas Outrora eu Agora n\u00f3s Rosas desabrocham no jardim","breadcrumb":{"@id":"https:\/\/www.pressenza.com\/pt-pt\/2022\/03\/outrora-verao\/#breadcrumb"},"inLanguage":"pt-PT","potentialAction":[{"@type":"ReadAction","target":["https:\/\/www.pressenza.com\/pt-pt\/2022\/03\/outrora-verao\/"]}]},{"@type":"ImageObject","inLanguage":"pt-PT","@id":"https:\/\/www.pressenza.com\/pt-pt\/2022\/03\/outrora-verao\/#primaryimage","url":"https:\/\/www.pressenza.com\/wp-content\/uploads\/2022\/03\/fall-g92f6c2172_1280.jpg","contentUrl":"https:\/\/www.pressenza.com\/wp-content\/uploads\/2022\/03\/fall-g92f6c2172_1280.jpg","width":1280,"height":960},{"@type":"BreadcrumbList","@id":"https:\/\/www.pressenza.com\/pt-pt\/2022\/03\/outrora-verao\/#breadcrumb","itemListElement":[{"@type":"ListItem","position":1,"name":"Accueil","item":"https:\/\/www.pressenza.com\/pt-pt\/"},{"@type":"ListItem","position":2,"name":"Outrora Ver\u00e3o"}]},{"@type":"WebSite","@id":"https:\/\/www.pressenza.com\/pt-pt\/#website","url":"https:\/\/www.pressenza.com\/pt-pt\/","name":"Pressenza","description":"International Press Agency","publisher":{"@id":"https:\/\/www.pressenza.com\/pt-pt\/#organization"},"potentialAction":[{"@type":"SearchAction","target":{"@type":"EntryPoint","urlTemplate":"https:\/\/www.pressenza.com\/pt-pt\/?s={search_term_string}"},"query-input":{"@type":"PropertyValueSpecification","valueRequired":true,"valueName":"search_term_string"}}],"inLanguage":"pt-PT"},{"@type":"Organization","@id":"https:\/\/www.pressenza.com\/pt-pt\/#organization","name":"Pressenza","url":"https:\/\/www.pressenza.com\/pt-pt\/","logo":{"@type":"ImageObject","inLanguage":"pt-PT","@id":"https:\/\/www.pressenza.com\/pt-pt\/#\/schema\/logo\/image\/","url":"https:\/\/www.pressenza.com\/wp-content\/uploads\/2022\/10\/pressenza_logo_200x200.jpg","contentUrl":"https:\/\/www.pressenza.com\/wp-content\/uploads\/2022\/10\/pressenza_logo_200x200.jpg","width":200,"height":200,"caption":"Pressenza"},"image":{"@id":"https:\/\/www.pressenza.com\/pt-pt\/#\/schema\/logo\/image\/"},"sameAs":["https:\/\/www.facebook.com\/PressenzaItalia","https:\/\/x.com\/PressenzaIPA"]},{"@type":"Person","@id":"https:\/\/www.pressenza.com\/pt-pt\/#\/schema\/person\/2a79e923477770a8f9f0c5b1c9790468","name":"Alfredo Soares","description":"Jornalista, radialista, escritor. Teresopolitano radicalizado em Campos\/RJ. Instagram: alfredosoares49","url":"https:\/\/www.pressenza.com\/pt-pt\/author\/alfredo-soares\/"}]}},"place":"Teres\u00f3polis, Rio de Janeiro \/ RJ - Brasil","original_article_url":"","_links":{"self":[{"href":"https:\/\/www.pressenza.com\/pt-pt\/wp-json\/wp\/v2\/posts\/1548458","targetHints":{"allow":["GET"]}}],"collection":[{"href":"https:\/\/www.pressenza.com\/pt-pt\/wp-json\/wp\/v2\/posts"}],"about":[{"href":"https:\/\/www.pressenza.com\/pt-pt\/wp-json\/wp\/v2\/types\/post"}],"author":[{"embeddable":true,"href":"https:\/\/www.pressenza.com\/pt-pt\/wp-json\/wp\/v2\/users\/1942"}],"replies":[{"embeddable":true,"href":"https:\/\/www.pressenza.com\/pt-pt\/wp-json\/wp\/v2\/comments?post=1548458"}],"version-history":[{"count":0,"href":"https:\/\/www.pressenza.com\/pt-pt\/wp-json\/wp\/v2\/posts\/1548458\/revisions"}],"wp:featuredmedia":[{"embeddable":true,"href":"https:\/\/www.pressenza.com\/pt-pt\/wp-json\/wp\/v2\/media\/1548460"}],"wp:attachment":[{"href":"https:\/\/www.pressenza.com\/pt-pt\/wp-json\/wp\/v2\/media?parent=1548458"}],"wp:term":[{"taxonomy":"category","embeddable":true,"href":"https:\/\/www.pressenza.com\/pt-pt\/wp-json\/wp\/v2\/categories?post=1548458"},{"taxonomy":"post_tag","embeddable":true,"href":"https:\/\/www.pressenza.com\/pt-pt\/wp-json\/wp\/v2\/tags?post=1548458"}],"curies":[{"name":"wp","href":"https:\/\/api.w.org\/{rel}","templated":true}]}}