{"id":1533283,"date":"2022-03-03T12:47:56","date_gmt":"2022-03-03T12:47:56","guid":{"rendered":"https:\/\/www.pressenza.com\/?p=1533283"},"modified":"2022-03-03T12:47:56","modified_gmt":"2022-03-03T12:47:56","slug":"instituto-ibero-americano-de-linguas-indigenas-e-lancado-na-bolivia","status":"publish","type":"post","link":"https:\/\/www.pressenza.com\/pt-pt\/2022\/03\/instituto-ibero-americano-de-linguas-indigenas-e-lancado-na-bolivia\/","title":{"rendered":"Instituto Ibero-americano de L\u00ednguas Ind\u00edgenas \u00e9 lan\u00e7ado na Bol\u00edvia"},"content":{"rendered":"<p><span style=\"font-weight: 400;\">O Instituto Ibero-americano de L\u00ednguas Ind\u00edgenas (IIALI) iniciou hoje suas atividades com o objetivo de enfrentar as amea\u00e7as que espreitam as mais de 550 l\u00ednguas ind\u00edgenas que ainda s\u00e3o faladas na Am\u00e9rica Latina e no Caribe, assim como o de promover seu uso, preserva\u00e7\u00e3o, revitaliza\u00e7\u00e3o, incentivo e desenvolvimento.<\/span><\/p>\n<p><span style=\"font-weight: 400;\">O lan\u00e7amento dessa iniciativa ocorreu durante a reuni\u00e3o do Primeiro Conselho Intergovernamental do IIALI, da qual participaram representantes da Bol\u00edvia, da Col\u00f4mbia e do M\u00e9xico, pa\u00edses com plenos direitos \u00e0 iniciativa; o Equador, El Salvador, a Guatemala, a Nicar\u00e1gua, o Panam\u00e1, o Paraguai e o Peru participaram como convidados. Al\u00e9m dos pa\u00edses, o Fundo para o Desenvolvimento dos Povos Ind\u00edgenas da Am\u00e9rica Latina e do Caribe (FILAC), a Secretaria-Geral Ibero-Americana (SEGIB) e a Organiza\u00e7\u00e3o dos Estados Ibero-americanos para a Educa\u00e7\u00e3o, Ci\u00eancia e Cultura (OEI) tamb\u00e9m estavam presentes.<\/span><\/p>\n<p><span style=\"font-weight: 400;\">Na reuni\u00e3o, foram eleitas por consenso as tr\u00eas primeiras presid\u00eancias desta entidade que definir\u00e1 os trabalhos do IIALI, cada uma por um per\u00edodo de 2 anos, sem reelei\u00e7\u00e3o imediata. A Bol\u00edvia, a Col\u00f4mbia e o M\u00e9xico ir\u00e3o assumir alternadamente a presid\u00eancia desse mecanismo de governan\u00e7a. A Bol\u00edvia ir\u00e1 assumir a presid\u00eancia do IIALI de 2022 a 2024, seguida pela Col\u00f4mbia e, depois, pelo M\u00e9xico.<\/span><\/p>\n<p><span style=\"font-weight: 400;\">Rogelio Mayta, ministro das Rela\u00e7\u00f5es Exteriores do Estado Plurinacional da Bol\u00edvia, agradeceu aos demais pa\u00edses pela confian\u00e7a depositada em seu pa\u00eds, tanto para exercer a primeira presid\u00eancia, quanto pelo fato de que a sede permanecer\u00e1 na Bol\u00edvia.<\/span><\/p>\n<p><span style=\"font-weight: 400;\">\u201cAgradecemos a confian\u00e7a depositada em n\u00f3s, embora tenhamos claro que somos uma articula\u00e7\u00e3o de povos, com uma vis\u00e3o de mundo inclusivo, e que enfrentaremos qualquer trabalho e desafio que tenhamos no futuro como fazem nossos povos origin\u00e1rios: de forma coletiva, pensando mais em n\u00f3s do que na individualidade\u201d, afirmou Mayta.<\/span><\/p>\n<p><span style=\"font-weight: 400;\">A Assembleia Geral das Na\u00e7\u00f5es Unidas proclamou a D\u00e9cada Internacional das L\u00ednguas Ind\u00edgenas 2022-2032, com o objetivo de chamar a aten\u00e7\u00e3o para a perda irrepar\u00e1vel das l\u00ednguas ind\u00edgenas, al\u00e9m da necessidade imediata de conserv\u00e1-las, revitaliz\u00e1-las, promov\u00ea-las e de adotar medidas urgentes ao n\u00edvel nacional e internacional.<\/span><\/p>\n<p><span style=\"font-weight: 400;\">Nesse contexto, a iniciativa visa conscientizar sobre a situa\u00e7\u00e3o das l\u00ednguas ind\u00edgenas, assim como os direitos culturais e lingu\u00edsticos dos Povos Aut\u00f3ctones, promovendo a transmiss\u00e3o, o uso, o aprendizado e a revitaliza\u00e7\u00e3o das l\u00ednguas ind\u00edgenas.<\/span><\/p>\n<p><span style=\"font-weight: 400;\">Da mesma forma, o Instituto pretende prestar assist\u00eancia t\u00e9cnica na formula\u00e7\u00e3o e na implementa\u00e7\u00e3o de pol\u00edticas lingu\u00edsticas e culturais para os povos aut\u00f3ctones, e facilitar a tomada de decis\u00f5es informadas sobre o uso e a for\u00e7a das l\u00ednguas ind\u00edgenas.<\/span><\/p>\n<p><i><span style=\"font-weight: 400;\">Nota relacionada: <\/span><\/i><a href=\"https:\/\/www.pressenza.com\/es\/2022\/02\/el-futuro-de-las-lenguas-originarias-en-nuestras-manos\/\" target=\"_blank\" rel=\"noopener\"><span style=\"font-weight: 400;\">O futuro das l\u00ednguas nativas em nossas m\u00e3os<\/span><\/a><\/p>\n<p><span style=\"font-weight: 400;\">(Com informa\u00e7\u00f5es de <\/span><a href=\"https:\/\/www.filac.org\/nace-el-instituto-iberoamericano-de-lenguas-indigenas-para-proteger-y-revitalizar-las-lenguas-indigenas\/\" target=\"_blank\" rel=\"noopener\"><span style=\"font-weight: 400;\">FILAC<\/span><\/a><span style=\"font-weight: 400;\">)<\/span><\/p>\n<hr \/>\n<p><em><span style=\"font-weight: 400;\">Traduzido do espanhol por Aline Arana\/ Revisado por Gra\u00e7a Pinheiro<\/span><\/em><\/p>\n","protected":false},"excerpt":{"rendered":"<p>O Instituto Ibero-americano de L\u00ednguas Ind\u00edgenas (IIALI) iniciou hoje suas atividades com o objetivo de enfrentar as amea\u00e7as que espreitam as mais de 550 l\u00ednguas ind\u00edgenas que ainda s\u00e3o faladas na Am\u00e9rica Latina e no Caribe, assim como o de&hellip;<\/p>\n","protected":false},"author":1435,"featured_media":1518528,"comment_status":"closed","ping_status":"closed","sticky":false,"template":"","format":"standard","meta":{"footnotes":""},"categories":[117,112,1255,42],"tags":[99704,99705,99613,28381],"class_list":["post-1533283","post","type-post","status-publish","format-standard","has-post-thumbnail","hentry","category-povos-originarios","category-cultura-pt-pt","category-diversidade","category-internacional-2","tag-filac-pt-pt","tag-iiali-pt-pt","tag-linguas-indigenas","tag-povos-indigenas"],"yoast_head":"<!-- This site is optimized with the Yoast SEO plugin v27.1.1 - https:\/\/yoast.com\/product\/yoast-seo-wordpress\/ -->\n<title>Instituto Ibero-americano de L\u00ednguas Ind\u00edgenas \u00e9 lan\u00e7ado na Bol\u00edvia<\/title>\n<meta name=\"description\" content=\"O Instituto Ibero-americano de L\u00ednguas Ind\u00edgenas (IIALI) iniciou hoje suas atividades com o objetivo de enfrentar as amea\u00e7as que espreitam as mais de 550\" \/>\n<meta name=\"robots\" content=\"index, follow, max-snippet:-1, max-image-preview:large, max-video-preview:-1\" \/>\n<link rel=\"canonical\" href=\"https:\/\/www.pressenza.com\/pt-pt\/2022\/03\/instituto-ibero-americano-de-linguas-indigenas-e-lancado-na-bolivia\/\" \/>\n<meta property=\"og:locale\" content=\"pt_PT\" \/>\n<meta property=\"og:type\" content=\"article\" \/>\n<meta property=\"og:title\" content=\"Instituto Ibero-americano de L\u00ednguas Ind\u00edgenas \u00e9 lan\u00e7ado na Bol\u00edvia\" \/>\n<meta property=\"og:description\" content=\"O Instituto Ibero-americano de L\u00ednguas Ind\u00edgenas (IIALI) iniciou hoje suas atividades com o objetivo de enfrentar as amea\u00e7as que espreitam as mais de 550\" \/>\n<meta property=\"og:url\" content=\"https:\/\/www.pressenza.com\/pt-pt\/2022\/03\/instituto-ibero-americano-de-linguas-indigenas-e-lancado-na-bolivia\/\" \/>\n<meta property=\"og:site_name\" content=\"Pressenza\" \/>\n<meta property=\"article:publisher\" content=\"https:\/\/www.facebook.com\/PressenzaItalia\" \/>\n<meta property=\"article:published_time\" content=\"2022-03-03T12:47:56+00:00\" \/>\n<meta property=\"og:image\" content=\"https:\/\/www.pressenza.com\/wp-content\/uploads\/2022\/02\/Conferencia-de-prensa_IIALI.jpg\" \/>\n\t<meta property=\"og:image:width\" content=\"1280\" \/>\n\t<meta property=\"og:image:height\" content=\"853\" \/>\n\t<meta property=\"og:image:type\" content=\"image\/jpeg\" \/>\n<meta name=\"author\" content=\"Redacci\u00f3n Bolivia\" \/>\n<meta name=\"twitter:card\" content=\"summary_large_image\" \/>\n<meta name=\"twitter:creator\" content=\"@PressenzaIPA\" \/>\n<meta name=\"twitter:site\" content=\"@PressenzaIPA\" \/>\n<meta name=\"twitter:label1\" content=\"Escrito por\" \/>\n\t<meta name=\"twitter:data1\" content=\"Redacci\u00f3n Bolivia\" \/>\n\t<meta name=\"twitter:label2\" content=\"Tempo estimado de leitura\" \/>\n\t<meta name=\"twitter:data2\" content=\"3 minutos\" \/>\n<script type=\"application\/ld+json\" class=\"yoast-schema-graph\">{\"@context\":\"https:\/\/schema.org\",\"@graph\":[{\"@type\":\"Article\",\"@id\":\"https:\/\/www.pressenza.com\/pt-pt\/2022\/03\/instituto-ibero-americano-de-linguas-indigenas-e-lancado-na-bolivia\/#article\",\"isPartOf\":{\"@id\":\"https:\/\/www.pressenza.com\/pt-pt\/2022\/03\/instituto-ibero-americano-de-linguas-indigenas-e-lancado-na-bolivia\/\"},\"author\":{\"name\":\"Redacci\u00f3n Bolivia\",\"@id\":\"https:\/\/www.pressenza.com\/pt-pt\/#\/schema\/person\/258a972fa92fd0a3a6243c920d569d83\"},\"headline\":\"Instituto Ibero-americano de L\u00ednguas Ind\u00edgenas \u00e9 lan\u00e7ado na Bol\u00edvia\",\"datePublished\":\"2022-03-03T12:47:56+00:00\",\"mainEntityOfPage\":{\"@id\":\"https:\/\/www.pressenza.com\/pt-pt\/2022\/03\/instituto-ibero-americano-de-linguas-indigenas-e-lancado-na-bolivia\/\"},\"wordCount\":526,\"publisher\":{\"@id\":\"https:\/\/www.pressenza.com\/pt-pt\/#organization\"},\"image\":{\"@id\":\"https:\/\/www.pressenza.com\/pt-pt\/2022\/03\/instituto-ibero-americano-de-linguas-indigenas-e-lancado-na-bolivia\/#primaryimage\"},\"thumbnailUrl\":\"https:\/\/www.pressenza.com\/wp-content\/uploads\/2022\/02\/Conferencia-de-prensa_IIALI.jpg\",\"keywords\":[\"FILAC\",\"IIALI\",\"l\u00ednguas ind\u00edgenas\",\"povos ind\u00edgenas\"],\"articleSection\":[\"Assuntos ind\u00edgenas\",\"Cultura e M\u00eddia\",\"Diversidade\",\"Internacional\"],\"inLanguage\":\"pt-PT\"},{\"@type\":\"WebPage\",\"@id\":\"https:\/\/www.pressenza.com\/pt-pt\/2022\/03\/instituto-ibero-americano-de-linguas-indigenas-e-lancado-na-bolivia\/\",\"url\":\"https:\/\/www.pressenza.com\/pt-pt\/2022\/03\/instituto-ibero-americano-de-linguas-indigenas-e-lancado-na-bolivia\/\",\"name\":\"Instituto Ibero-americano de L\u00ednguas Ind\u00edgenas \u00e9 lan\u00e7ado na Bol\u00edvia\",\"isPartOf\":{\"@id\":\"https:\/\/www.pressenza.com\/pt-pt\/#website\"},\"primaryImageOfPage\":{\"@id\":\"https:\/\/www.pressenza.com\/pt-pt\/2022\/03\/instituto-ibero-americano-de-linguas-indigenas-e-lancado-na-bolivia\/#primaryimage\"},\"image\":{\"@id\":\"https:\/\/www.pressenza.com\/pt-pt\/2022\/03\/instituto-ibero-americano-de-linguas-indigenas-e-lancado-na-bolivia\/#primaryimage\"},\"thumbnailUrl\":\"https:\/\/www.pressenza.com\/wp-content\/uploads\/2022\/02\/Conferencia-de-prensa_IIALI.jpg\",\"datePublished\":\"2022-03-03T12:47:56+00:00\",\"description\":\"O Instituto Ibero-americano de L\u00ednguas Ind\u00edgenas (IIALI) iniciou hoje suas atividades com o objetivo de enfrentar as amea\u00e7as que espreitam as mais de 550\",\"breadcrumb\":{\"@id\":\"https:\/\/www.pressenza.com\/pt-pt\/2022\/03\/instituto-ibero-americano-de-linguas-indigenas-e-lancado-na-bolivia\/#breadcrumb\"},\"inLanguage\":\"pt-PT\",\"potentialAction\":[{\"@type\":\"ReadAction\",\"target\":[\"https:\/\/www.pressenza.com\/pt-pt\/2022\/03\/instituto-ibero-americano-de-linguas-indigenas-e-lancado-na-bolivia\/\"]}]},{\"@type\":\"ImageObject\",\"inLanguage\":\"pt-PT\",\"@id\":\"https:\/\/www.pressenza.com\/pt-pt\/2022\/03\/instituto-ibero-americano-de-linguas-indigenas-e-lancado-na-bolivia\/#primaryimage\",\"url\":\"https:\/\/www.pressenza.com\/wp-content\/uploads\/2022\/02\/Conferencia-de-prensa_IIALI.jpg\",\"contentUrl\":\"https:\/\/www.pressenza.com\/wp-content\/uploads\/2022\/02\/Conferencia-de-prensa_IIALI.jpg\",\"width\":1280,\"height\":853},{\"@type\":\"BreadcrumbList\",\"@id\":\"https:\/\/www.pressenza.com\/pt-pt\/2022\/03\/instituto-ibero-americano-de-linguas-indigenas-e-lancado-na-bolivia\/#breadcrumb\",\"itemListElement\":[{\"@type\":\"ListItem\",\"position\":1,\"name\":\"Accueil\",\"item\":\"https:\/\/www.pressenza.com\/pt-pt\/\"},{\"@type\":\"ListItem\",\"position\":2,\"name\":\"Instituto Ibero-americano de L\u00ednguas Ind\u00edgenas \u00e9 lan\u00e7ado na Bol\u00edvia\"}]},{\"@type\":\"WebSite\",\"@id\":\"https:\/\/www.pressenza.com\/pt-pt\/#website\",\"url\":\"https:\/\/www.pressenza.com\/pt-pt\/\",\"name\":\"Pressenza\",\"description\":\"International Press Agency\",\"publisher\":{\"@id\":\"https:\/\/www.pressenza.com\/pt-pt\/#organization\"},\"potentialAction\":[{\"@type\":\"SearchAction\",\"target\":{\"@type\":\"EntryPoint\",\"urlTemplate\":\"https:\/\/www.pressenza.com\/pt-pt\/?s={search_term_string}\"},\"query-input\":{\"@type\":\"PropertyValueSpecification\",\"valueRequired\":true,\"valueName\":\"search_term_string\"}}],\"inLanguage\":\"pt-PT\"},{\"@type\":\"Organization\",\"@id\":\"https:\/\/www.pressenza.com\/pt-pt\/#organization\",\"name\":\"Pressenza\",\"url\":\"https:\/\/www.pressenza.com\/pt-pt\/\",\"logo\":{\"@type\":\"ImageObject\",\"inLanguage\":\"pt-PT\",\"@id\":\"https:\/\/www.pressenza.com\/pt-pt\/#\/schema\/logo\/image\/\",\"url\":\"https:\/\/www.pressenza.com\/wp-content\/uploads\/2022\/10\/pressenza_logo_200x200.jpg\",\"contentUrl\":\"https:\/\/www.pressenza.com\/wp-content\/uploads\/2022\/10\/pressenza_logo_200x200.jpg\",\"width\":200,\"height\":200,\"caption\":\"Pressenza\"},\"image\":{\"@id\":\"https:\/\/www.pressenza.com\/pt-pt\/#\/schema\/logo\/image\/\"},\"sameAs\":[\"https:\/\/www.facebook.com\/PressenzaItalia\",\"https:\/\/x.com\/PressenzaIPA\"]},{\"@type\":\"Person\",\"@id\":\"https:\/\/www.pressenza.com\/pt-pt\/#\/schema\/person\/258a972fa92fd0a3a6243c920d569d83\",\"name\":\"Redacci\u00f3n Bolivia\",\"description\":\"News published by the Pressenza bureau in Bolivia\",\"url\":\"https:\/\/www.pressenza.com\/pt-pt\/author\/redaccion-bolivia\/\"}]}<\/script>\n<!-- \/ Yoast SEO plugin. -->","yoast_head_json":{"title":"Instituto Ibero-americano de L\u00ednguas Ind\u00edgenas \u00e9 lan\u00e7ado na Bol\u00edvia","description":"O Instituto Ibero-americano de L\u00ednguas Ind\u00edgenas (IIALI) iniciou hoje suas atividades com o objetivo de enfrentar as amea\u00e7as que espreitam as mais de 550","robots":{"index":"index","follow":"follow","max-snippet":"max-snippet:-1","max-image-preview":"max-image-preview:large","max-video-preview":"max-video-preview:-1"},"canonical":"https:\/\/www.pressenza.com\/pt-pt\/2022\/03\/instituto-ibero-americano-de-linguas-indigenas-e-lancado-na-bolivia\/","og_locale":"pt_PT","og_type":"article","og_title":"Instituto Ibero-americano de L\u00ednguas Ind\u00edgenas \u00e9 lan\u00e7ado na Bol\u00edvia","og_description":"O Instituto Ibero-americano de L\u00ednguas Ind\u00edgenas (IIALI) iniciou hoje suas atividades com o objetivo de enfrentar as amea\u00e7as que espreitam as mais de 550","og_url":"https:\/\/www.pressenza.com\/pt-pt\/2022\/03\/instituto-ibero-americano-de-linguas-indigenas-e-lancado-na-bolivia\/","og_site_name":"Pressenza","article_publisher":"https:\/\/www.facebook.com\/PressenzaItalia","article_published_time":"2022-03-03T12:47:56+00:00","og_image":[{"width":1280,"height":853,"url":"https:\/\/www.pressenza.com\/wp-content\/uploads\/2022\/02\/Conferencia-de-prensa_IIALI.jpg","type":"image\/jpeg"}],"author":"Redacci\u00f3n Bolivia","twitter_card":"summary_large_image","twitter_creator":"@PressenzaIPA","twitter_site":"@PressenzaIPA","twitter_misc":{"Escrito por":"Redacci\u00f3n Bolivia","Tempo estimado de leitura":"3 minutos"},"schema":{"@context":"https:\/\/schema.org","@graph":[{"@type":"Article","@id":"https:\/\/www.pressenza.com\/pt-pt\/2022\/03\/instituto-ibero-americano-de-linguas-indigenas-e-lancado-na-bolivia\/#article","isPartOf":{"@id":"https:\/\/www.pressenza.com\/pt-pt\/2022\/03\/instituto-ibero-americano-de-linguas-indigenas-e-lancado-na-bolivia\/"},"author":{"name":"Redacci\u00f3n Bolivia","@id":"https:\/\/www.pressenza.com\/pt-pt\/#\/schema\/person\/258a972fa92fd0a3a6243c920d569d83"},"headline":"Instituto Ibero-americano de L\u00ednguas Ind\u00edgenas \u00e9 lan\u00e7ado na Bol\u00edvia","datePublished":"2022-03-03T12:47:56+00:00","mainEntityOfPage":{"@id":"https:\/\/www.pressenza.com\/pt-pt\/2022\/03\/instituto-ibero-americano-de-linguas-indigenas-e-lancado-na-bolivia\/"},"wordCount":526,"publisher":{"@id":"https:\/\/www.pressenza.com\/pt-pt\/#organization"},"image":{"@id":"https:\/\/www.pressenza.com\/pt-pt\/2022\/03\/instituto-ibero-americano-de-linguas-indigenas-e-lancado-na-bolivia\/#primaryimage"},"thumbnailUrl":"https:\/\/www.pressenza.com\/wp-content\/uploads\/2022\/02\/Conferencia-de-prensa_IIALI.jpg","keywords":["FILAC","IIALI","l\u00ednguas ind\u00edgenas","povos ind\u00edgenas"],"articleSection":["Assuntos ind\u00edgenas","Cultura e M\u00eddia","Diversidade","Internacional"],"inLanguage":"pt-PT"},{"@type":"WebPage","@id":"https:\/\/www.pressenza.com\/pt-pt\/2022\/03\/instituto-ibero-americano-de-linguas-indigenas-e-lancado-na-bolivia\/","url":"https:\/\/www.pressenza.com\/pt-pt\/2022\/03\/instituto-ibero-americano-de-linguas-indigenas-e-lancado-na-bolivia\/","name":"Instituto Ibero-americano de L\u00ednguas Ind\u00edgenas \u00e9 lan\u00e7ado na Bol\u00edvia","isPartOf":{"@id":"https:\/\/www.pressenza.com\/pt-pt\/#website"},"primaryImageOfPage":{"@id":"https:\/\/www.pressenza.com\/pt-pt\/2022\/03\/instituto-ibero-americano-de-linguas-indigenas-e-lancado-na-bolivia\/#primaryimage"},"image":{"@id":"https:\/\/www.pressenza.com\/pt-pt\/2022\/03\/instituto-ibero-americano-de-linguas-indigenas-e-lancado-na-bolivia\/#primaryimage"},"thumbnailUrl":"https:\/\/www.pressenza.com\/wp-content\/uploads\/2022\/02\/Conferencia-de-prensa_IIALI.jpg","datePublished":"2022-03-03T12:47:56+00:00","description":"O Instituto Ibero-americano de L\u00ednguas Ind\u00edgenas (IIALI) iniciou hoje suas atividades com o objetivo de enfrentar as amea\u00e7as que espreitam as mais de 550","breadcrumb":{"@id":"https:\/\/www.pressenza.com\/pt-pt\/2022\/03\/instituto-ibero-americano-de-linguas-indigenas-e-lancado-na-bolivia\/#breadcrumb"},"inLanguage":"pt-PT","potentialAction":[{"@type":"ReadAction","target":["https:\/\/www.pressenza.com\/pt-pt\/2022\/03\/instituto-ibero-americano-de-linguas-indigenas-e-lancado-na-bolivia\/"]}]},{"@type":"ImageObject","inLanguage":"pt-PT","@id":"https:\/\/www.pressenza.com\/pt-pt\/2022\/03\/instituto-ibero-americano-de-linguas-indigenas-e-lancado-na-bolivia\/#primaryimage","url":"https:\/\/www.pressenza.com\/wp-content\/uploads\/2022\/02\/Conferencia-de-prensa_IIALI.jpg","contentUrl":"https:\/\/www.pressenza.com\/wp-content\/uploads\/2022\/02\/Conferencia-de-prensa_IIALI.jpg","width":1280,"height":853},{"@type":"BreadcrumbList","@id":"https:\/\/www.pressenza.com\/pt-pt\/2022\/03\/instituto-ibero-americano-de-linguas-indigenas-e-lancado-na-bolivia\/#breadcrumb","itemListElement":[{"@type":"ListItem","position":1,"name":"Accueil","item":"https:\/\/www.pressenza.com\/pt-pt\/"},{"@type":"ListItem","position":2,"name":"Instituto Ibero-americano de L\u00ednguas Ind\u00edgenas \u00e9 lan\u00e7ado na Bol\u00edvia"}]},{"@type":"WebSite","@id":"https:\/\/www.pressenza.com\/pt-pt\/#website","url":"https:\/\/www.pressenza.com\/pt-pt\/","name":"Pressenza","description":"International Press Agency","publisher":{"@id":"https:\/\/www.pressenza.com\/pt-pt\/#organization"},"potentialAction":[{"@type":"SearchAction","target":{"@type":"EntryPoint","urlTemplate":"https:\/\/www.pressenza.com\/pt-pt\/?s={search_term_string}"},"query-input":{"@type":"PropertyValueSpecification","valueRequired":true,"valueName":"search_term_string"}}],"inLanguage":"pt-PT"},{"@type":"Organization","@id":"https:\/\/www.pressenza.com\/pt-pt\/#organization","name":"Pressenza","url":"https:\/\/www.pressenza.com\/pt-pt\/","logo":{"@type":"ImageObject","inLanguage":"pt-PT","@id":"https:\/\/www.pressenza.com\/pt-pt\/#\/schema\/logo\/image\/","url":"https:\/\/www.pressenza.com\/wp-content\/uploads\/2022\/10\/pressenza_logo_200x200.jpg","contentUrl":"https:\/\/www.pressenza.com\/wp-content\/uploads\/2022\/10\/pressenza_logo_200x200.jpg","width":200,"height":200,"caption":"Pressenza"},"image":{"@id":"https:\/\/www.pressenza.com\/pt-pt\/#\/schema\/logo\/image\/"},"sameAs":["https:\/\/www.facebook.com\/PressenzaItalia","https:\/\/x.com\/PressenzaIPA"]},{"@type":"Person","@id":"https:\/\/www.pressenza.com\/pt-pt\/#\/schema\/person\/258a972fa92fd0a3a6243c920d569d83","name":"Redacci\u00f3n Bolivia","description":"News published by the Pressenza bureau in Bolivia","url":"https:\/\/www.pressenza.com\/pt-pt\/author\/redaccion-bolivia\/"}]}},"place":"La Paz, Bol\u00edvia","original_article_url":"","_links":{"self":[{"href":"https:\/\/www.pressenza.com\/pt-pt\/wp-json\/wp\/v2\/posts\/1533283","targetHints":{"allow":["GET"]}}],"collection":[{"href":"https:\/\/www.pressenza.com\/pt-pt\/wp-json\/wp\/v2\/posts"}],"about":[{"href":"https:\/\/www.pressenza.com\/pt-pt\/wp-json\/wp\/v2\/types\/post"}],"author":[{"embeddable":true,"href":"https:\/\/www.pressenza.com\/pt-pt\/wp-json\/wp\/v2\/users\/1435"}],"replies":[{"embeddable":true,"href":"https:\/\/www.pressenza.com\/pt-pt\/wp-json\/wp\/v2\/comments?post=1533283"}],"version-history":[{"count":0,"href":"https:\/\/www.pressenza.com\/pt-pt\/wp-json\/wp\/v2\/posts\/1533283\/revisions"}],"wp:featuredmedia":[{"embeddable":true,"href":"https:\/\/www.pressenza.com\/pt-pt\/wp-json\/wp\/v2\/media\/1518528"}],"wp:attachment":[{"href":"https:\/\/www.pressenza.com\/pt-pt\/wp-json\/wp\/v2\/media?parent=1533283"}],"wp:term":[{"taxonomy":"category","embeddable":true,"href":"https:\/\/www.pressenza.com\/pt-pt\/wp-json\/wp\/v2\/categories?post=1533283"},{"taxonomy":"post_tag","embeddable":true,"href":"https:\/\/www.pressenza.com\/pt-pt\/wp-json\/wp\/v2\/tags?post=1533283"}],"curies":[{"name":"wp","href":"https:\/\/api.w.org\/{rel}","templated":true}]}}