{"id":1531071,"date":"2022-02-27T17:55:44","date_gmt":"2022-02-27T17:55:44","guid":{"rendered":"https:\/\/www.pressenza.com\/?p=1531071"},"modified":"2022-02-27T17:55:44","modified_gmt":"2022-02-27T17:55:44","slug":"traidos","status":"publish","type":"post","link":"https:\/\/www.pressenza.com\/pt-pt\/2022\/02\/traidos\/","title":{"rendered":"Tra\u00eddos"},"content":{"rendered":"<h5><span style=\"color: #999999;\">CR\u00d4NICA<\/span><\/h5>\n<p><em><strong>Por Guilherme Maia<\/strong><\/em><\/p>\n<p>&nbsp;<\/p>\n<p align=\"right\"><span style=\"font-family: Arial, serif;\"><span style=\"font-size: medium;\"><b>Um brinde aos amigos de sempre do mundo da liberdade:<\/b><\/span><\/span><\/p>\n<p align=\"right\"><span style=\"font-family: Arial, serif;\"><span style=\"font-size: medium;\"><b>Rog\u00e9rio Weber<\/b><\/span><\/span><\/p>\n<p align=\"right\"><span style=\"font-family: Arial, serif;\"><span style=\"font-size: medium;\"><b>Paolo d\u2019Aprile<\/b><\/span><\/span><\/p>\n<p align=\"right\"><span style=\"font-family: Arial, serif;\"><span style=\"font-size: medium;\"><b>Marcos da Costa<\/b><\/span><\/span><\/p>\n<p align=\"right\"><span style=\"font-family: Arial, serif;\"><span style=\"font-size: medium;\"><b>Edu Alves<\/b><\/span><\/span><\/p>\n<p align=\"right\">\n<p align=\"justify\"><span style=\"font-family: Arial, serif;\"><span style=\"font-size: medium;\">O Amor \u00e9 lindo, mas seus desdobramentos e implica\u00e7\u00f5es s\u00e3o jogos dos deuses, s\u00e3o a conting\u00eancia e o acaso. Imagine uma associa\u00e7\u00e3o de supremacia branca formada pela classe de trabalhadores rurais dos USA; em seguida imagine assaltos a banco com armamento pesado e estrat\u00e9gias paramilitares; assassinatos de judeus, negros, gays e latinos no Harlem, San Francisco. Por fim, agentes infiltrados do FBI entre esses grupos e o envolvimento apaixonado dessa agente com um dos pilares dos ataques terroristas em solo estadunidense.<\/span><\/span><\/p>\n<p align=\"justify\"><span style=\"font-family: Arial, serif;\"><span style=\"font-size: medium;\">Todos esses ingredientes est\u00e3o no filme Betrayed, de 1988, dirigido pelo grande mestre <\/span><\/span><span style=\"font-family: Arial, serif;\"><span style=\"font-size: medium;\">\u039a\u03ce\u03c3\u03c4\u03b1\u03c2 \u0393\u03b1\u03b2\u03c1\u03ac\u03c2 &#8230; \u00f4pa, desculpem &#8230; Costa-Gravas, com roteiro do n\u00e3o menos fabuloso <\/span><\/span><span style=\"color: #0563c1;\"><a href=\"https:\/\/pt.wikipedia.org\/w\/index.php?title=Joe_Eszterhas&amp;action=edit&amp;redlink=1\" target=\"Joe Eszterhas (p\u00e1gina n\u00e3o existe)\" rel=\"noopener\"><span style=\"color: #000000;\"><span style=\"font-family: Arial, serif;\"><span style=\"font-size: medium;\">Joe Eszterhas<\/span><\/span><\/span><\/a><\/span><span style=\"font-family: Arial, serif;\"><span style=\"font-size: medium;\">. Filme impactante e que, dando uma olhada nos dias de hoje, 34 anos depois, parece nos apresentar um retrato do que anda acontecendo no panorama pol\u00edtico-econ\u00f4mico nas Am\u00e9ricas. Ali est\u00e1s o ovo da serpente e nas linhas abaixo vamos ver o porqu\u00ea.<\/span><\/span><\/p>\n<p align=\"justify\"><span style=\"font-family: Arial, serif;\"><span style=\"font-size: medium;\">Como n\u00e3o se trata de uma obra unidimensional, h\u00e1 a exposi\u00e7\u00e3o das ideias que permeiam o supremacismo branco. Um di\u00e1logo faz isso com maestria: perguntado sobre os exerc\u00edcios de ca\u00e7a, ou seja, em uma floresta erma, p\u00f4r a correr um negro enquanto tentam abat\u00ea-lo como a uma presa, um t\u00edpico <\/span><\/span><span style=\"font-family: Arial, serif;\"><span style=\"font-size: medium;\"><i>red neck <\/i><\/span><\/span><span style=\"font-family: Arial, serif;\"><span style=\"font-size: medium;\">responde:<\/span><\/span><\/p>\n<p align=\"justify\"><span style=\"font-family: Arial, serif;\"><span style=\"font-size: medium;\">&#8220;O banco levou minha fazenda e o Vietn\u00e3, o meu filho. Bancos, policiais negros, judeus <\/span><\/span><span style=\"font-family: Arial, serif;\">[<\/span><span style=\"font-family: Arial, serif;\"><span style=\"font-size: medium;\">no caso, associam a figura sionista ao capital especulativo \u2013 aparte meu] e asi\u00e1ticos [China dominando o capitalismo ou os ascendentes Tigres Asi\u00e1ticos, que s\u00e3o o alvo para multinacionais aumentarem suas taxas de lucro sob um regime semi-escravagista \u2013 aparte idem] est\u00e3o roubando o nosso pa\u00eds&#8221;.<\/span><\/span><\/p>\n<p align=\"justify\"><span style=\"font-family: Arial, serif;\"><span style=\"font-size: medium;\">Oras bolas, toda a origem da cr\u00edtica que leva \u00e0 xenofobia, ao racismo, \u00e0 homofobia \u00e9 uma cr\u00edtica ao sistema financeiro, o que leva a uma conclus\u00e3o simples: o que deve ser combatido n\u00e3o \u00e9 o imigrante, o judeu, o negro, o gay ou qualquer outro segmento social sobre os quais uma classe frustrada se acha superior: o que deve ser combatido \u00e9 o sistema de acumuladores e gestores da mis\u00e9ria mundial.<\/span><\/span><\/p>\n<p align=\"justify\"><span style=\"font-family: Arial, serif;\"><span style=\"font-size: medium;\">O fascismo pega essa realidade (que todos sabem no fundo ser a \u00fanica causa da acumula\u00e7\u00e3o e mis\u00e9ria excessivas) e, com a ajuda do medo de viol\u00eancias aumentado pelas Tev\u00eas com o jornalismo marrom de glamouriza\u00e7\u00e3o da morte e do desespero &#8211; do aumento da criminalidade exponencialmente sobre crimes contra o patrim\u00f4nio &#8211; e o fanatismo religioso: que transformam a cr\u00edtica ao sistema em algo diverso da a\u00e7\u00e3o contra ela, transformam a cr\u00edtica ao essencial em racismo, homofobia, sempre com o intuito de alienar o verdadeiro problema: todos terem o que comer e onde morar.<\/span><\/span><\/p>\n<p align=\"justify\"><span style=\"font-family: Arial, serif;\"><span style=\"font-size: medium;\">O que tem a ver a decad\u00eancia do segmento mais branco e rural dos Estados Unidos com o neonazismo brasileiro que est\u00e1 no governo federal (e que vem sendo dourada em p\u00edlulas com declara\u00e7\u00f5es e desmentidos, aguardando haver a aceita\u00e7\u00e3o pela opini\u00e3o p\u00fablica do nazismo puro mesmo)?<\/span><\/span><\/p>\n<p align=\"justify\"><span style=\"font-family: Arial, serif;\"><span style=\"font-size: medium;\">A base popular eleitoral de Trump era e \u00e9 a dos supremacistas brancos que identificam a decad\u00eancia de sua classe com a imigra\u00e7\u00e3o e ao abandono da religi\u00e3o protestante evang\u00e9lica, sendo que o l\u00edder do Partido Nazista estadunidense, <\/span><\/span><span style=\"font-family: Arial, serif;\"><span style=\"font-size: medium;\">Rocky Suhayda, declarou publicamente apoio ao Republicano ainda em campanha.<\/span><\/span><\/p>\n<p align=\"justify\"><span style=\"font-family: Arial, serif;\"><span style=\"font-size: medium;\">O pensamento do supremacismo branco est\u00e1 na formula\u00e7\u00e3o de uma resposta de frustra\u00e7\u00e3o pelo \u00f3dio. Explico: brancos trabalhadores estadunidenses se consideram v\u00edtimas de racismo praticado pelos negros; v\u00edtimas dos judeus (Nova \u201cJudiork\u201d e \u201cSicago\u201d, por a\u00ed vai) e dos asi\u00e1ticos<\/span><\/span><span style=\"font-family: Arial, serif;\"><span style=\"font-size: medium;\"> que, ou lhes roubam o trabalho, ou lhes roubam a pr\u00f3pria produ\u00e7\u00e3o em si (montadoras, ind\u00fastrias que saem dos EUA \u00e0 procura de fontes de trabalho semi-escravo). <\/span><\/span><\/p>\n<p align=\"justify\"><span style=\"font-family: Arial, serif;\"><span style=\"font-size: medium;\">Essa cr\u00edtica subvertida ao problema de uma economia que tem bilion\u00e1rios do mundo &#8211; 2.153 ao todo &#8211; com mais riqueza do que 60% da popula\u00e7\u00e3o \u2013 4,6 bilh\u00f5es de pessoas (fonte: <\/span><\/span><span style=\"color: #0563c1;\"><a href=\"https:\/\/www.oxfam.org.br\/noticias\/bilionarios-do-mundo-tem-mais-riqueza-do-que-60-da-populacao-mundial\/?gclid=CjwKCAiA6seQBhAfEiwAvPqu11j5AXLU1aXiUfY0WLpjrbf9ORvQFQgBbjyGjsSVpMa1bdkgr9Wk1RoCABoQAvD_BwE\"><span style=\"color: #000000;\"><span style=\"font-family: Arial, serif;\"><span style=\"font-size: medium;\">https:\/\/www.oxfam.org.br\/noticias\/bilionarios-do-mundo-tem-mais-riqueza-do-que-60-da-populacao-mundial\/?gclid=CjwKCAiA6seQBhAfEiwAvPqu11j5AXLU1aXiUfY0WLpjrbf9ORvQFQgBbjyGjsSVpMa1bdkgr9Wk1RoCABoQAvD_BwE<\/span><\/span><\/span><\/a><\/span><span style=\"font-family: Arial, serif;\"><span style=\"font-size: medium;\">) \u2013 e, por sua vez, joga a culpa desta calamidade nas costas de imigrantes, negros, gays, esquerda etcetc.<\/span><\/span><\/p>\n<p align=\"justify\"><span style=\"font-family: Arial, serif;\"><span style=\"font-size: medium;\">Culmina a subvers\u00e3o da cr\u00edtica com a frustra\u00e7\u00e3o pessoal de uma classe em plena decad\u00eancia com a ascens\u00e3o do neonazismo nos USA com a elei\u00e7\u00e3o de Trump para a presid\u00eancia do pa\u00eds. Isso por que o projeto do republicano soube captar a frustra\u00e7\u00e3o da classe m\u00e9dia pauperizada e a decad\u00eancia industrial do pa\u00eds. <\/span><\/span><\/p>\n<p align=\"justify\"><span style=\"font-family: Arial, serif;\"><span style=\"font-size: medium;\">A propaganda ideol\u00f3gica de transformar um magnata em um d\u00ednamo da retomada econ\u00f4mica dos pobres \u00e9 de um cinismo hediondo, mas, como dito acima, existe todo um aparato ideol\u00f3gico inculcado nas mentes desse segmento estadunidense, a come\u00e7ar com o arqu\u00e9tipo WASP, que, de fato, hoje representa apenas 43% da popula\u00e7\u00e3o, mas se apega a um passado de plena predomin\u00e2ncia (em 1976, por exemplo, 8 em cada 10 estadunidenses se identificavam como brancos protestantes). Hoje, ao que tudo indica, os WASP se tornaram minoria (fonte: https:\/\/www.ihu.unisinos.br\/78-noticias\/571977-estamos-no-fim-dos-eua-cristaos-brancos-o-que-isso-significa).<\/span><\/span><\/p>\n<p align=\"justify\"><span style=\"font-family: Arial, serif;\"><span style=\"font-size: medium;\">Nada al\u00e9m de frustra\u00e7\u00e3o adv\u00e9m dessa mudan\u00e7a, pois a base de Trump e do Partido Republicano tenta catalisar essa margem que, nas pr\u00f3ximas elei\u00e7\u00f5es j\u00e1 ser\u00e3o in\u00f3cuas: pelo que tudo indica esse salto xen\u00f3fobo do cristianismo branco foi um estertor de um segmento que perdeu seu protagonismo. Da\u00ed o tom de \u00f3dio provocativo e sarc\u00e1stico em concomit\u00e2ncia com o vazio de propostas econ\u00f4mico-pol\u00edticas. N\u00e3o h\u00e1 projetos, apenas o oportunismo fascista sobre o desespero de trabalhadores envoltos desde a inf\u00e2ncia em uma ideologia nacionalista de predestina\u00e7\u00e3o protestante que enlouquece frente \u00e0 decad\u00eancia das finan\u00e7as.<\/span><\/span><\/p>\n<p align=\"justify\"><span style=\"font-family: Arial, serif;\"><span style=\"font-size: medium;\">Esse \u00e9 o fundo dos acontecimentos do filme de Costa-Gravas, pois Gary Simmons \u00e9 o l\u00edder de um grupo de supremacistas brancos, que associam a decad\u00eancia de suas atividades com a ascens\u00e3o de negros, judeus, latinos e gays. Condecorado na guerra do Vietn\u00e3, apresenta-se como um estere\u00f3tipo do americano trabalhador do campo que resiste ao debacle de economia do pa\u00eds, mas passa a pertencer a uma organiza\u00e7\u00e3o com bra\u00e7os pol\u00edtico, eclesi\u00e1stico e com muito armamento. \u00c0 \u00e9poca, a opini\u00e3o p\u00fablica sempre foi condescendente com esse movimento, entendendo como uma coisa de simpl\u00f3rios, sem entender que promoviam ataques terroristas e roubos a banco (este \u00faltimo para angariar fundos para uma vindoura revolu\u00e7\u00e3o).<\/span><\/span><\/p>\n<p align=\"justify\"><span style=\"font-family: Arial, serif;\"><span style=\"font-size: medium;\">Acontece que os Estados Unidos sofrem mais ataques terroristas de sua extrema direita (<\/span><\/span><em><span style=\"color: #191919;\"><span style=\"font-family: Arial, serif;\"><span style=\"font-size: medium;\">&#8220;deadly right wing attacks&#8221;<\/span><\/span><\/span><\/em><em><span style=\"color: #191919;\"><span style=\"font-family: Arial, serif;\"><span style=\"font-size: medium;\">)<\/span><\/span><\/span><\/em><i> <\/i><span style=\"font-family: Arial, serif;\"><span style=\"font-size: medium;\">do que do Jihadismo: a plataforma New America analisou todos os casos de terrorismo desde o 11 de setembro e constatou que, dentre os 251 assassinatos que se caracterizam desta maneira, a extrema direita matou 114 e o islamismo extremo, 104.<\/span><\/span><\/p>\n<p align=\"justify\"><span style=\"font-family: Arial, serif;\"><span style=\"font-size: medium;\">Uma agente do FBI, Catherine Weaver, a excelente Debra Winger, se infiltra na c\u00e9lula neonazista chefiada por Gary; ambos se apaixonam; ele, em um rompante de honestidade total para formar o relacionamento, mostra a ela a atividade de seu grupo, pondo um negro a correr como presa de um exerc\u00edcio de ca\u00e7a. Por mais que ame Gary, Catherine n\u00e3o consegue deixar de sentir uma extrema ojeriza a tudo o que lhe \u00e9 revelado e, com isso, sua lealdade ao FBI prevalece sobre seus sentimentos passionais.<\/span><\/span><\/p>\n<p align=\"justify\"><span style=\"font-family: Arial, serif;\"><span style=\"font-size: medium;\">As investiga\u00e7\u00f5es foram iniciadas ap\u00f3s o assassinato de um radialista liberal judeu. A palavra ZOG \u00e9 o enleio, pois fora pichada sobre o corpo do comunicador (e \u00e9 a sigla do exerc\u00edcio de ca\u00e7a praticado pelos supremacistas). <\/span><\/span><\/p>\n<p align=\"justify\"><span style=\"font-family: Arial, serif;\"><span style=\"font-size: medium;\">Em nosso salto temporal, encontramos muitos elementos de comunica\u00e7\u00e3o do que est\u00e1 sendo denunciado no filme de 1988 e o que andamos vivendo agora, mas em sua forma embrion\u00e1ria: o ovo da serpente!<\/span><\/span><\/p>\n<p align=\"justify\"><span style=\"font-family: Arial, serif;\"><span style=\"font-size: medium;\">Pois se foi o discurso de \u00f3dio inflamado pela frustra\u00e7\u00e3o de uma classe m\u00e9dia em extin\u00e7\u00e3o nas zonas rurais dos Estados Unidos que formou as c\u00e9lulas neonazistas e reavivou a Ku Klux Klan: foi esse sentimento de impot\u00eancia que lan\u00e7ou la\u00e7os de representa\u00e7\u00e3o pol\u00edtica e terrorista com ataques e assaltos a banco precisos e estrat\u00e9gicos. Tudo isso des\u00e1gua na elei\u00e7\u00e3o de Trump, sendo que este encarna o estere\u00f3tipo do protestantismo branco, o qual se encontra em decl\u00ednio, estando cada vez mais nublado por cidad\u00e3os que n\u00e3o querem professar f\u00e9 alguma ou compactuar com justificativas cada vez mais absurdas das acumula\u00e7\u00f5es e viol\u00eancia aos direitos de igualdade ou mesmo sobreviv\u00eancia do povo. <\/span><\/span><\/p>\n<p align=\"justify\"><span style=\"font-family: Arial, serif;\"><span style=\"font-size: medium;\">Estar cego sobre uma realidade que exige mudan\u00e7as e acessos para equil\u00edbrio da pr\u00f3pria civiliza\u00e7\u00e3o, o trumpismo \u00e9 um c\u00e2ncer que combate as institui\u00e7\u00f5es que garantem um m\u00ednimo de coes\u00e3o social, frente ao anarcocapitalismo (ou capitalismo cocain\u00f4mano) excessivamente desagregador e destruidor.<\/span><\/span><\/p>\n<p align=\"justify\"><span style=\"font-family: Arial, serif;\"><span style=\"font-size: medium;\">Aqui abaixo da linha do Equador, mais especificamente o Brasil, surge a figura repugnante de um incompetente que, para a lembran\u00e7a da import\u00e2ncia da filosofia, transmite a ess\u00eancia do que seja a BO\u00c7ALIDADE DO MAL. Fala-se aqui, por mais claro que seja, do Lepra, do Inominado, do Capit\u00e3o dos Est\u00fapidos, enfim, DELE! <\/span><\/span><\/p>\n<p align=\"justify\"><span style=\"font-family: Arial, serif;\"><span style=\"font-size: medium;\">Uma caricatura que consegue ser pior do que o Figueiredo falando, consegue por meio da frustra\u00e7\u00e3o e da ideologia de domina\u00e7\u00e3o e servilismo popular se impor e vai cumprindo sua fun\u00e7\u00e3o de promover discursos de \u00f3dio, imitando ridiculamente um \u201cpatriotismo\u201d associado a um desejo de sair vendendo tudo o que for estrat\u00e9gico ao pa\u00eds (que s\u00f3 n\u00e3o \u00e9 posto em pr\u00e1tica por total incompet\u00eancia do minonstro Ipiranga) \u2013 n\u00e3o podemos esquecer do Acordo de Salvaguarda Tecnol\u00f3gico (AST), que, na pr\u00e1tica, deu Alc\u00e2ntara para o Trump. Agora para qualquer cidad\u00e3o ou autoridade brasileira ou estrangeira que queira acessar o local t\u00e1tico para lan\u00e7amento de foguetes espaciais, tem que pedir permiss\u00e3o aos States!<\/span><\/span><\/p>\n<p align=\"justify\"><span style=\"font-family: Arial, serif;\"><span style=\"font-size: medium;\">Esquizofrenia pessoal que se espraia aos \u00f3rg\u00e3os diretamente ligados \u00e0 Administra\u00e7\u00e3o P\u00fablica federal, transp\u00f5e para nossas plagas o vazio do discurso \u00e0 moda Trump; traveste uma xenofobia e um fanatismo religioso (na base do \u201cDeus acima de tudo, PORRA!!!\u201d) totalmente estranhos \u00e0 hist\u00f3ria do comportamento brasileiro e mesmo estranho aos interesses de qualquer pessoa decente no territ\u00f3rio nacional. <\/span><\/span><\/p>\n<p align=\"justify\"><span style=\"font-family: Arial, serif;\"><span style=\"font-size: medium;\">O que o Inominado faz \u2013 e ele n\u00e3o \u00e9 t\u00e3o est\u00fapido como quer aparentar ser \u2013 \u00e9 replicar nos espa\u00e7os dos aparelhos de Estado o \u00f3dio que insufla a classe m\u00e9dia produtora de insumos estadunidense que, por sua vez, formou grupos neonazistas como forma de resist\u00eancia \u00e0 especula\u00e7\u00e3o desenfreada e \u00e0 decad\u00eancia de seu poder aquisitivo. Por outro lado, este mesmo desvio da cr\u00edtica \u00e0 origem real dos problemas de gest\u00e3o da mis\u00e9ria engendrou o trumpismo e, como c\u00f3pia caricata e atrasada, irrompeu no Brasil o neonazismo.<\/span><\/span><\/p>\n<p align=\"justify\"><span style=\"font-family: Arial, serif;\"><span style=\"font-size: medium;\">Voltando ao filme, ataques terroristas em escolas, em igrejas frequentadas por negros est\u00e3o na pauta dos extremistas brasileiros para macaquear os estadunidenses: al\u00e9m dos praticados pelos militares nos estertores da ditadura, de 1978 a 1987 &#8211; classificados assim pelo pr\u00f3prio SNI, &#8211; temos o ataque ao Porta dos Fundos em 2019 e a ressurrei\u00e7\u00e3o t\u00e3o esperada do Integralismo. <\/span><\/span><\/p>\n<p align=\"justify\"><span style=\"font-family: Arial, serif;\"><span style=\"font-size: medium;\">\u00c9 dar tempo ao tempo para vermos o desenvolvimento do nazismo no Brasil \u2013 at\u00e9 o presente o que vemos \u00e9 a tentativa ainda deflagrada de o presidente e seus asseclas declararem frases de efeito e lemas nazistas e aguardar a rea\u00e7\u00e3o da opini\u00e3o p\u00fablica: esta, por enquanto, ainda n\u00e3o aceita esse tipo de ideologia.<\/span><\/span><\/p>\n<p align=\"justify\"><span style=\"font-family: Arial, serif;\"><span style=\"font-size: medium;\">E quanto aos assaltos a bancos promovidos por c\u00e9lulas nazistas formada por brancos crist\u00e3os protestantes para arrecadar fundos para uma vindoura revolu\u00e7\u00e3o? Acontece aqui?<\/span><\/span><\/p>\n<p align=\"justify\"><span style=\"font-family: Arial, serif;\"><span style=\"font-size: medium;\">Como mostrado no filme s\u00e3o organizados e possuem armamentos pesados. Pergunta: o que aconteceu em Crici\u00fama (Santa Catarina), Camet\u00e1, Bel\u00e9m do Par\u00e1, Ipixuna do Par\u00e1; S\u00e3o Domingos do Capim (Par\u00e1); interior de S\u00e3o Paulo: Ourinhos; Botucatu; e Araraquara?<\/span><\/span><\/p>\n<p align=\"justify\"><span style=\"font-family: Arial, serif;\"><span style=\"font-size: medium;\">Talvez o que se chama amedrontadamente de \u201cNovo Canga\u00e7o\u201d seja um meio de angariar fundos para o nazismo auriverde. Os ind\u00edcios batem: discurso de \u00f3dio, projeto pol\u00edtico vazio, est\u00edmulo aberto ao ressurgimento do nazismo; apoio de grupos paramilitares (mil\u00edcias); o uso da frustra\u00e7\u00e3o popular e a artificialidade de um messias pol\u00edtico: tudo encaminha para uma liga\u00e7\u00e3o entre o que se propaga ideologicamente pelo comando do pa\u00eds e essa nova pr\u00e1tica de assaltos \u2013 isso \u00e9 uma especula\u00e7\u00e3o, mas encontra um esteio no filme do Costa-Gravas. Pensemos e pensemos r\u00e1pido antes que seja tarde!<\/span><\/span><\/p>\n<p align=\"justify\"><span style=\"font-family: Arial, serif;\"><span style=\"font-size: medium;\">A realidade muitas vezes imita a fic\u00e7\u00e3o!<\/span><\/span><\/p>\n<p align=\"justify\"><span style=\"font-family: Arial, serif;\"><span style=\"font-size: medium;\">Catherine \u00e9 descoberta como agente infiltrada por Gary, o amor se expressa at\u00e9 o \u00faltimo encontro entre os dois. Quando Gary \u00e9 morto pela amada, a express\u00e3o do amor est\u00e1 nos olhos marejados de l\u00e1grimas dos dois envolvidos. Contudo, antes desse desfecho (n\u00e3o aguentei e contei o final), a filha do l\u00edder da extrema direita entende por meio de Catherine que podemos nos expressar livremente, mas n\u00e3o podemos maltratar pessoas (antes a menina expusera toda a lave]agem cerebral que vem desde o ber\u00e7o nesses meios, quando diz antes de dormir \u201cnegros e judeus devem morrer\u201d).<\/span><\/span><\/p>\n<p align=\"justify\"><span style=\"font-family: Arial, serif;\"><span style=\"font-size: medium;\">Assim, depois de tudo o que passou, a agente volta para a localidade para reencontrar a filha de seu amado. A crian\u00e7a defende Catherine frente a uma multid\u00e3o a\u00e7odada de \u00f3dio, sabem que fora ela a respons\u00e1vel pela morte de Gary. A ideia magistral \u00e9: aquela turba est\u00e1 dominada pelo pensamento nazista da extrema direta, est\u00e3o seduzidos pelo \u00f3dio, mas aquela linda garota j\u00e1 est\u00e1 com a semente da liberdade e vai germinar.<\/span><\/span><\/p>\n<p align=\"justify\"><span style=\"font-family: Arial, serif;\"><span style=\"font-size: medium;\">O intuito deste texto \u00e9 lan\u00e7ar mais uma semente e que germine em boa terra!<\/span><\/span><\/p>\n","protected":false},"excerpt":{"rendered":"<p>CR\u00d4NICA Por Guilherme Maia &nbsp; Um brinde aos amigos de sempre do mundo da liberdade: Rog\u00e9rio Weber Paolo d\u2019Aprile Marcos da Costa Edu Alves O Amor \u00e9 lindo, mas seus desdobramentos e implica\u00e7\u00f5es s\u00e3o jogos dos deuses, s\u00e3o a conting\u00eancia&hellip;<\/p>\n","protected":false},"author":2002,"featured_media":1531082,"comment_status":"closed","ping_status":"closed","sticky":false,"template":"","format":"standard","meta":{"footnotes":""},"categories":[104,113,11390,116,42,165,1257,111],"tags":[75238],"class_list":["post-1531071","post","type-post","status-publish","format-standard","has-post-thumbnail","hentry","category-america-do-sul","category-noticias-do-exterior","category-conteudo-original","category-direitos-humanos","category-internacional-2","category-opiniao","category-paz-desarmamento","category-politica-pt-pt","tag-caderno-de-cultura"],"yoast_head":"<!-- This site is optimized with the Yoast SEO plugin v27.1.1 - https:\/\/yoast.com\/product\/yoast-seo-wordpress\/ -->\n<title>Tra\u00eddos<\/title>\n<meta name=\"description\" content=\"CR\u00d4NICA Por Guilherme Maia &nbsp; Um brinde aos amigos de sempre do mundo da liberdade: Rog\u00e9rio Weber Paolo d\u2019Aprile Marcos da Costa Edu Alves O Amor \u00e9\" \/>\n<meta name=\"robots\" content=\"index, follow, max-snippet:-1, max-image-preview:large, max-video-preview:-1\" \/>\n<link rel=\"canonical\" href=\"https:\/\/www.pressenza.com\/pt-pt\/2022\/02\/traidos\/\" \/>\n<meta property=\"og:locale\" content=\"pt_PT\" \/>\n<meta property=\"og:type\" content=\"article\" \/>\n<meta property=\"og:title\" content=\"Tra\u00eddos\" \/>\n<meta property=\"og:description\" content=\"CR\u00d4NICA Por Guilherme Maia &nbsp; Um brinde aos amigos de sempre do mundo da liberdade: Rog\u00e9rio Weber Paolo d\u2019Aprile Marcos da Costa Edu Alves O Amor \u00e9\" \/>\n<meta property=\"og:url\" content=\"https:\/\/www.pressenza.com\/pt-pt\/2022\/02\/traidos\/\" \/>\n<meta property=\"og:site_name\" content=\"Pressenza\" \/>\n<meta property=\"article:publisher\" content=\"https:\/\/www.facebook.com\/PressenzaItalia\" \/>\n<meta property=\"article:published_time\" content=\"2022-02-27T17:55:44+00:00\" \/>\n<meta property=\"og:image\" content=\"https:\/\/www.pressenza.com\/wp-content\/uploads\/2022\/02\/guilherme-maia.jpg\" \/>\n\t<meta property=\"og:image:width\" content=\"850\" \/>\n\t<meta property=\"og:image:height\" content=\"586\" \/>\n\t<meta property=\"og:image:type\" content=\"image\/jpeg\" \/>\n<meta name=\"author\" content=\"Guilherme Maia\" \/>\n<meta name=\"twitter:card\" content=\"summary_large_image\" \/>\n<meta name=\"twitter:creator\" content=\"@PressenzaIPA\" \/>\n<meta name=\"twitter:site\" content=\"@PressenzaIPA\" \/>\n<meta name=\"twitter:label1\" content=\"Escrito por\" \/>\n\t<meta name=\"twitter:data1\" content=\"Guilherme Maia\" \/>\n\t<meta name=\"twitter:label2\" content=\"Tempo estimado de leitura\" \/>\n\t<meta name=\"twitter:data2\" content=\"12 minutos\" \/>\n<script type=\"application\/ld+json\" class=\"yoast-schema-graph\">{\"@context\":\"https:\/\/schema.org\",\"@graph\":[{\"@type\":\"Article\",\"@id\":\"https:\/\/www.pressenza.com\/pt-pt\/2022\/02\/traidos\/#article\",\"isPartOf\":{\"@id\":\"https:\/\/www.pressenza.com\/pt-pt\/2022\/02\/traidos\/\"},\"author\":{\"name\":\"Guilherme Maia\",\"@id\":\"https:\/\/www.pressenza.com\/pt-pt\/#\/schema\/person\/4a0acc3e729565dbfccac001358dedee\"},\"headline\":\"Tra\u00eddos\",\"datePublished\":\"2022-02-27T17:55:44+00:00\",\"mainEntityOfPage\":{\"@id\":\"https:\/\/www.pressenza.com\/pt-pt\/2022\/02\/traidos\/\"},\"wordCount\":2344,\"publisher\":{\"@id\":\"https:\/\/www.pressenza.com\/pt-pt\/#organization\"},\"image\":{\"@id\":\"https:\/\/www.pressenza.com\/pt-pt\/2022\/02\/traidos\/#primaryimage\"},\"thumbnailUrl\":\"https:\/\/www.pressenza.com\/wp-content\/uploads\/2022\/02\/guilherme-maia.jpg\",\"keywords\":[\"caderno de cultura\"],\"articleSection\":[\"\u00c1m\u00e9rica do Sul\",\"Assuntos internacionais\",\"Conte\u00fado Original\",\"Direitos Humanos\",\"Internacional\",\"Opini\u00e3o\",\"Paz e Desarmamento\",\"Pol\u00edtica\"],\"inLanguage\":\"pt-PT\"},{\"@type\":\"WebPage\",\"@id\":\"https:\/\/www.pressenza.com\/pt-pt\/2022\/02\/traidos\/\",\"url\":\"https:\/\/www.pressenza.com\/pt-pt\/2022\/02\/traidos\/\",\"name\":\"Tra\u00eddos\",\"isPartOf\":{\"@id\":\"https:\/\/www.pressenza.com\/pt-pt\/#website\"},\"primaryImageOfPage\":{\"@id\":\"https:\/\/www.pressenza.com\/pt-pt\/2022\/02\/traidos\/#primaryimage\"},\"image\":{\"@id\":\"https:\/\/www.pressenza.com\/pt-pt\/2022\/02\/traidos\/#primaryimage\"},\"thumbnailUrl\":\"https:\/\/www.pressenza.com\/wp-content\/uploads\/2022\/02\/guilherme-maia.jpg\",\"datePublished\":\"2022-02-27T17:55:44+00:00\",\"description\":\"CR\u00d4NICA Por Guilherme Maia &nbsp; Um brinde aos amigos de sempre do mundo da liberdade: Rog\u00e9rio Weber Paolo d\u2019Aprile Marcos da Costa Edu Alves O Amor \u00e9\",\"breadcrumb\":{\"@id\":\"https:\/\/www.pressenza.com\/pt-pt\/2022\/02\/traidos\/#breadcrumb\"},\"inLanguage\":\"pt-PT\",\"potentialAction\":[{\"@type\":\"ReadAction\",\"target\":[\"https:\/\/www.pressenza.com\/pt-pt\/2022\/02\/traidos\/\"]}]},{\"@type\":\"ImageObject\",\"inLanguage\":\"pt-PT\",\"@id\":\"https:\/\/www.pressenza.com\/pt-pt\/2022\/02\/traidos\/#primaryimage\",\"url\":\"https:\/\/www.pressenza.com\/wp-content\/uploads\/2022\/02\/guilherme-maia.jpg\",\"contentUrl\":\"https:\/\/www.pressenza.com\/wp-content\/uploads\/2022\/02\/guilherme-maia.jpg\",\"width\":850,\"height\":586},{\"@type\":\"BreadcrumbList\",\"@id\":\"https:\/\/www.pressenza.com\/pt-pt\/2022\/02\/traidos\/#breadcrumb\",\"itemListElement\":[{\"@type\":\"ListItem\",\"position\":1,\"name\":\"Accueil\",\"item\":\"https:\/\/www.pressenza.com\/pt-pt\/\"},{\"@type\":\"ListItem\",\"position\":2,\"name\":\"Tra\u00eddos\"}]},{\"@type\":\"WebSite\",\"@id\":\"https:\/\/www.pressenza.com\/pt-pt\/#website\",\"url\":\"https:\/\/www.pressenza.com\/pt-pt\/\",\"name\":\"Pressenza\",\"description\":\"International Press Agency\",\"publisher\":{\"@id\":\"https:\/\/www.pressenza.com\/pt-pt\/#organization\"},\"potentialAction\":[{\"@type\":\"SearchAction\",\"target\":{\"@type\":\"EntryPoint\",\"urlTemplate\":\"https:\/\/www.pressenza.com\/pt-pt\/?s={search_term_string}\"},\"query-input\":{\"@type\":\"PropertyValueSpecification\",\"valueRequired\":true,\"valueName\":\"search_term_string\"}}],\"inLanguage\":\"pt-PT\"},{\"@type\":\"Organization\",\"@id\":\"https:\/\/www.pressenza.com\/pt-pt\/#organization\",\"name\":\"Pressenza\",\"url\":\"https:\/\/www.pressenza.com\/pt-pt\/\",\"logo\":{\"@type\":\"ImageObject\",\"inLanguage\":\"pt-PT\",\"@id\":\"https:\/\/www.pressenza.com\/pt-pt\/#\/schema\/logo\/image\/\",\"url\":\"https:\/\/www.pressenza.com\/wp-content\/uploads\/2022\/10\/pressenza_logo_200x200.jpg\",\"contentUrl\":\"https:\/\/www.pressenza.com\/wp-content\/uploads\/2022\/10\/pressenza_logo_200x200.jpg\",\"width\":200,\"height\":200,\"caption\":\"Pressenza\"},\"image\":{\"@id\":\"https:\/\/www.pressenza.com\/pt-pt\/#\/schema\/logo\/image\/\"},\"sameAs\":[\"https:\/\/www.facebook.com\/PressenzaItalia\",\"https:\/\/x.com\/PressenzaIPA\"]},{\"@type\":\"Person\",\"@id\":\"https:\/\/www.pressenza.com\/pt-pt\/#\/schema\/person\/4a0acc3e729565dbfccac001358dedee\",\"name\":\"Guilherme Maia\",\"description\":\"Escritor, sambista, anarcochargista e advogado nas horas vagas.\",\"url\":\"https:\/\/www.pressenza.com\/pt-pt\/author\/guilherme-maia\/\"}]}<\/script>\n<!-- \/ Yoast SEO plugin. -->","yoast_head_json":{"title":"Tra\u00eddos","description":"CR\u00d4NICA Por Guilherme Maia &nbsp; Um brinde aos amigos de sempre do mundo da liberdade: Rog\u00e9rio Weber Paolo d\u2019Aprile Marcos da Costa Edu Alves O Amor \u00e9","robots":{"index":"index","follow":"follow","max-snippet":"max-snippet:-1","max-image-preview":"max-image-preview:large","max-video-preview":"max-video-preview:-1"},"canonical":"https:\/\/www.pressenza.com\/pt-pt\/2022\/02\/traidos\/","og_locale":"pt_PT","og_type":"article","og_title":"Tra\u00eddos","og_description":"CR\u00d4NICA Por Guilherme Maia &nbsp; Um brinde aos amigos de sempre do mundo da liberdade: Rog\u00e9rio Weber Paolo d\u2019Aprile Marcos da Costa Edu Alves O Amor \u00e9","og_url":"https:\/\/www.pressenza.com\/pt-pt\/2022\/02\/traidos\/","og_site_name":"Pressenza","article_publisher":"https:\/\/www.facebook.com\/PressenzaItalia","article_published_time":"2022-02-27T17:55:44+00:00","og_image":[{"width":850,"height":586,"url":"https:\/\/www.pressenza.com\/wp-content\/uploads\/2022\/02\/guilherme-maia.jpg","type":"image\/jpeg"}],"author":"Guilherme Maia","twitter_card":"summary_large_image","twitter_creator":"@PressenzaIPA","twitter_site":"@PressenzaIPA","twitter_misc":{"Escrito por":"Guilherme Maia","Tempo estimado de leitura":"12 minutos"},"schema":{"@context":"https:\/\/schema.org","@graph":[{"@type":"Article","@id":"https:\/\/www.pressenza.com\/pt-pt\/2022\/02\/traidos\/#article","isPartOf":{"@id":"https:\/\/www.pressenza.com\/pt-pt\/2022\/02\/traidos\/"},"author":{"name":"Guilherme Maia","@id":"https:\/\/www.pressenza.com\/pt-pt\/#\/schema\/person\/4a0acc3e729565dbfccac001358dedee"},"headline":"Tra\u00eddos","datePublished":"2022-02-27T17:55:44+00:00","mainEntityOfPage":{"@id":"https:\/\/www.pressenza.com\/pt-pt\/2022\/02\/traidos\/"},"wordCount":2344,"publisher":{"@id":"https:\/\/www.pressenza.com\/pt-pt\/#organization"},"image":{"@id":"https:\/\/www.pressenza.com\/pt-pt\/2022\/02\/traidos\/#primaryimage"},"thumbnailUrl":"https:\/\/www.pressenza.com\/wp-content\/uploads\/2022\/02\/guilherme-maia.jpg","keywords":["caderno de cultura"],"articleSection":["\u00c1m\u00e9rica do Sul","Assuntos internacionais","Conte\u00fado Original","Direitos Humanos","Internacional","Opini\u00e3o","Paz e Desarmamento","Pol\u00edtica"],"inLanguage":"pt-PT"},{"@type":"WebPage","@id":"https:\/\/www.pressenza.com\/pt-pt\/2022\/02\/traidos\/","url":"https:\/\/www.pressenza.com\/pt-pt\/2022\/02\/traidos\/","name":"Tra\u00eddos","isPartOf":{"@id":"https:\/\/www.pressenza.com\/pt-pt\/#website"},"primaryImageOfPage":{"@id":"https:\/\/www.pressenza.com\/pt-pt\/2022\/02\/traidos\/#primaryimage"},"image":{"@id":"https:\/\/www.pressenza.com\/pt-pt\/2022\/02\/traidos\/#primaryimage"},"thumbnailUrl":"https:\/\/www.pressenza.com\/wp-content\/uploads\/2022\/02\/guilherme-maia.jpg","datePublished":"2022-02-27T17:55:44+00:00","description":"CR\u00d4NICA Por Guilherme Maia &nbsp; Um brinde aos amigos de sempre do mundo da liberdade: Rog\u00e9rio Weber Paolo d\u2019Aprile Marcos da Costa Edu Alves O Amor \u00e9","breadcrumb":{"@id":"https:\/\/www.pressenza.com\/pt-pt\/2022\/02\/traidos\/#breadcrumb"},"inLanguage":"pt-PT","potentialAction":[{"@type":"ReadAction","target":["https:\/\/www.pressenza.com\/pt-pt\/2022\/02\/traidos\/"]}]},{"@type":"ImageObject","inLanguage":"pt-PT","@id":"https:\/\/www.pressenza.com\/pt-pt\/2022\/02\/traidos\/#primaryimage","url":"https:\/\/www.pressenza.com\/wp-content\/uploads\/2022\/02\/guilherme-maia.jpg","contentUrl":"https:\/\/www.pressenza.com\/wp-content\/uploads\/2022\/02\/guilherme-maia.jpg","width":850,"height":586},{"@type":"BreadcrumbList","@id":"https:\/\/www.pressenza.com\/pt-pt\/2022\/02\/traidos\/#breadcrumb","itemListElement":[{"@type":"ListItem","position":1,"name":"Accueil","item":"https:\/\/www.pressenza.com\/pt-pt\/"},{"@type":"ListItem","position":2,"name":"Tra\u00eddos"}]},{"@type":"WebSite","@id":"https:\/\/www.pressenza.com\/pt-pt\/#website","url":"https:\/\/www.pressenza.com\/pt-pt\/","name":"Pressenza","description":"International Press Agency","publisher":{"@id":"https:\/\/www.pressenza.com\/pt-pt\/#organization"},"potentialAction":[{"@type":"SearchAction","target":{"@type":"EntryPoint","urlTemplate":"https:\/\/www.pressenza.com\/pt-pt\/?s={search_term_string}"},"query-input":{"@type":"PropertyValueSpecification","valueRequired":true,"valueName":"search_term_string"}}],"inLanguage":"pt-PT"},{"@type":"Organization","@id":"https:\/\/www.pressenza.com\/pt-pt\/#organization","name":"Pressenza","url":"https:\/\/www.pressenza.com\/pt-pt\/","logo":{"@type":"ImageObject","inLanguage":"pt-PT","@id":"https:\/\/www.pressenza.com\/pt-pt\/#\/schema\/logo\/image\/","url":"https:\/\/www.pressenza.com\/wp-content\/uploads\/2022\/10\/pressenza_logo_200x200.jpg","contentUrl":"https:\/\/www.pressenza.com\/wp-content\/uploads\/2022\/10\/pressenza_logo_200x200.jpg","width":200,"height":200,"caption":"Pressenza"},"image":{"@id":"https:\/\/www.pressenza.com\/pt-pt\/#\/schema\/logo\/image\/"},"sameAs":["https:\/\/www.facebook.com\/PressenzaItalia","https:\/\/x.com\/PressenzaIPA"]},{"@type":"Person","@id":"https:\/\/www.pressenza.com\/pt-pt\/#\/schema\/person\/4a0acc3e729565dbfccac001358dedee","name":"Guilherme Maia","description":"Escritor, sambista, anarcochargista e advogado nas horas vagas.","url":"https:\/\/www.pressenza.com\/pt-pt\/author\/guilherme-maia\/"}]}},"place":"Teres\u00f3polis, Rio de Janeiro \/ RJ - Brasil","original_article_url":"","_links":{"self":[{"href":"https:\/\/www.pressenza.com\/pt-pt\/wp-json\/wp\/v2\/posts\/1531071","targetHints":{"allow":["GET"]}}],"collection":[{"href":"https:\/\/www.pressenza.com\/pt-pt\/wp-json\/wp\/v2\/posts"}],"about":[{"href":"https:\/\/www.pressenza.com\/pt-pt\/wp-json\/wp\/v2\/types\/post"}],"author":[{"embeddable":true,"href":"https:\/\/www.pressenza.com\/pt-pt\/wp-json\/wp\/v2\/users\/2002"}],"replies":[{"embeddable":true,"href":"https:\/\/www.pressenza.com\/pt-pt\/wp-json\/wp\/v2\/comments?post=1531071"}],"version-history":[{"count":0,"href":"https:\/\/www.pressenza.com\/pt-pt\/wp-json\/wp\/v2\/posts\/1531071\/revisions"}],"wp:featuredmedia":[{"embeddable":true,"href":"https:\/\/www.pressenza.com\/pt-pt\/wp-json\/wp\/v2\/media\/1531082"}],"wp:attachment":[{"href":"https:\/\/www.pressenza.com\/pt-pt\/wp-json\/wp\/v2\/media?parent=1531071"}],"wp:term":[{"taxonomy":"category","embeddable":true,"href":"https:\/\/www.pressenza.com\/pt-pt\/wp-json\/wp\/v2\/categories?post=1531071"},{"taxonomy":"post_tag","embeddable":true,"href":"https:\/\/www.pressenza.com\/pt-pt\/wp-json\/wp\/v2\/tags?post=1531071"}],"curies":[{"name":"wp","href":"https:\/\/api.w.org\/{rel}","templated":true}]}}