{"id":151205,"date":"2014-12-01T23:08:30","date_gmt":"2014-12-01T23:08:30","guid":{"rendered":"http:\/\/www.pressenza.com\/?p=151205"},"modified":"2014-12-01T23:08:30","modified_gmt":"2014-12-01T23:08:30","slug":"economia-solidaria-e-alternativa-exclusao-social-capitalismo","status":"publish","type":"post","link":"https:\/\/www.pressenza.com\/pt-pt\/2014\/12\/economia-solidaria-e-alternativa-exclusao-social-capitalismo\/","title":{"rendered":"Economia solid\u00e1ria \u00e9 alternativa \u00e0 exclus\u00e3o social do capitalismo"},"content":{"rendered":"<p>Secret\u00e1rio Nacional de Economia Solid\u00e1ria, Paul Singer, avalia que o modelo \u00e9 caminho para tornar o pa\u00eds mais justo. Segmento emprega 100 milh\u00f5es de pessoas no mundo, das quais 60% s\u00e3o mulheres<\/p>\n<p>por Luciano Nascimento<\/p>\n<p>Bras\u00edlia \u2013 Diante de uma plateia formada por catadores de materiais reciclados, artes\u00e3os, rendeiras e pequenos produtores rurais, o secret\u00e1rio Nacional de Economia Solid\u00e1ria, Paul Singer, disse que o maior desafio desse ramo da atividade \u00e9 tornar o pa\u00eds mais \u201cjusto, igual e democr\u00e1tico\u201d. Singer discursou para os quase 1,5 mil participantes da 3\u00aa Confer\u00eancia Nacional de Economia Solid\u00e1ria (Conaes), aberta hoje (27).<\/p>\n<p>\u201cA economia solid\u00e1ria ainda tem muito o que dar, temos que estender a economia solid\u00e1ria ao ensino das crian\u00e7as e dos jovens, temos que aprimorar todos os esfor\u00e7os coletivos para que os brasileiros tenham a vida que merecem, tornando o pa\u00eds mais justo, mais igual e democr\u00e1tico\u201d, defendeu.<\/p>\n<p>Singer, que, desde 2003, comanda a secretaria ligada ao Minist\u00e9rio do Trabalho e Emprego, defende a economia solid\u00e1ria como alternativa \u00e0 exclus\u00e3o social promovida pelas chamadas pol\u00edticas neoliberais. Segundo ele, a economia solid\u00e1ria surge como rea\u00e7\u00e3o \u201c\u00e0 exclus\u00e3o social, \u00e0 pen\u00faria, \u00e0 perda do autorrespeito e da esperan\u00e7a, o que leva alguns a encar\u00e1-la como compensa\u00e7\u00e3o \u00e0s injusti\u00e7as do capitalismo.\u201d<\/p>\n<p>A confer\u00eancia re\u00fane, at\u00e9 o dia 30, representantes do poder p\u00fablico, de organiza\u00e7\u00f5es da sociedade civil, empreendimentos econ\u00f4micos solid\u00e1rios e suas organiza\u00e7\u00f5es, e tem como um dos principais objetivos elaborar um Plano Nacional de Economia Solid\u00e1ria, que estabele\u00e7a pol\u00edticas p\u00fablicas de acesso ao cr\u00e9dito, pelo pequeno empreendedor, bem como as garantias de participa\u00e7\u00e3o dos micro e pequenos empreendedores, em condi\u00e7\u00f5es de igualdade, nos preg\u00f5es p\u00fablicos e nas compras governamentais.<\/p>\n<p>De acordo com a integrante do F\u00f3rum Brasileiro de Economia Solid\u00e1ria Ana Lourdes de Freitas, essas pol\u00edticas s\u00e3o importantes, pois, apesar de gerar renda, os empreendimentos solid\u00e1rios t\u00eam a capacidade de produ\u00e7\u00e3o limitada, devido ao grande percentual de informalidade. Ela defendeu a cria\u00e7\u00e3o de um marco regulat\u00f3rio que reconhe\u00e7a as especificidades do segmento e a cria\u00e7\u00e3o de \u201cfundos solid\u00e1rios, cooperativas de cr\u00e9dito e fomento, com recursos que possam chegar diretamente aos investimentos econ\u00f4micos solid\u00e1rios, por meio dos bancos oficiais\u201d.<\/p>\n<p>Durante a abertura do evento, a presidenta Dilma Rousseff destacou a import\u00e2ncia da economia solid\u00e1ria para a autonomia de mulheres, no Brasil e no mundo. Dilma parabenizou e elogiou a intensa participa\u00e7\u00e3o das mulheres na confer\u00eancia \u2013 em torno de 65%.<\/p>\n<p>Ela enumerou algumas a\u00e7\u00f5es promovidas pelo governo federal em prol do setor, como investimentos e a estrat\u00e9gia de integrar a economia solid\u00e1ria desde 2011 ao Programa Brasil sem Mis\u00e9ria. \u201c\u00c9 com muito orgulho que n\u00f3s, no Brasil, temos um modelo de desenvolvimento que reconhece a import\u00e2ncia da economia solid\u00e1ria\u201d, disse.<\/p>\n<p>Segundo a Organiza\u00e7\u00e3o Internacional do Trabalho (OIT), o segmento emprega mais de 100 milh\u00f5es de pessoas em todo o mundo, das quais mais de 60% s\u00e3o mulheres.<\/p>\n","protected":false},"excerpt":{"rendered":"<p>Secret\u00e1rio Nacional de Economia Solid\u00e1ria, Paul Singer, avalia que o modelo \u00e9 caminho para tornar o pa\u00eds mais justo. Segmento emprega 100 milh\u00f5es de pessoas no mundo, das quais 60% s\u00e3o mulheres por Luciano Nascimento Bras\u00edlia \u2013 Diante de uma&hellip;<\/p>\n","protected":false},"author":860,"featured_media":151207,"comment_status":"closed","ping_status":"open","sticky":false,"template":"","format":"standard","meta":{"footnotes":""},"categories":[118],"tags":[6386,13379,8864],"class_list":["post-151205","post","type-post","status-publish","format-standard","has-post-thumbnail","hentry","category-economia-pt-pt","tag-capitalismo-pt-pt","tag-economia-pt-pt-2","tag-economia-solidaria"],"yoast_head":"<!-- This site is optimized with the Yoast SEO plugin v27.1.1 - https:\/\/yoast.com\/product\/yoast-seo-wordpress\/ -->\n<title>Economia solid\u00e1ria \u00e9 alternativa \u00e0 exclus\u00e3o social do capitalismo<\/title>\n<meta name=\"description\" content=\"Secret\u00e1rio Nacional de Economia Solid\u00e1ria, Paul Singer, avalia que o modelo \u00e9 caminho para tornar o pa\u00eds mais justo. Segmento emprega 100 milh\u00f5es de\" \/>\n<meta name=\"robots\" content=\"index, follow, max-snippet:-1, max-image-preview:large, max-video-preview:-1\" \/>\n<link rel=\"canonical\" href=\"https:\/\/www.pressenza.com\/pt-pt\/2014\/12\/economia-solidaria-e-alternativa-exclusao-social-capitalismo\/\" \/>\n<meta property=\"og:locale\" content=\"pt_PT\" \/>\n<meta property=\"og:type\" content=\"article\" \/>\n<meta property=\"og:title\" content=\"Economia solid\u00e1ria \u00e9 alternativa \u00e0 exclus\u00e3o social do capitalismo\" \/>\n<meta property=\"og:description\" content=\"Secret\u00e1rio Nacional de Economia Solid\u00e1ria, Paul Singer, avalia que o modelo \u00e9 caminho para tornar o pa\u00eds mais justo. Segmento emprega 100 milh\u00f5es de\" \/>\n<meta property=\"og:url\" content=\"https:\/\/www.pressenza.com\/pt-pt\/2014\/12\/economia-solidaria-e-alternativa-exclusao-social-capitalismo\/\" \/>\n<meta property=\"og:site_name\" content=\"Pressenza\" \/>\n<meta property=\"article:publisher\" content=\"https:\/\/www.facebook.com\/PressenzaItalia\" \/>\n<meta property=\"article:published_time\" content=\"2014-12-01T23:08:30+00:00\" \/>\n<meta property=\"og:image\" content=\"https:\/\/www.pressenza.com\/wp-content\/uploads\/2014\/12\/economia-solidaria.jpg\" \/>\n\t<meta property=\"og:image:width\" content=\"360\" \/>\n\t<meta property=\"og:image:height\" content=\"226\" \/>\n\t<meta property=\"og:image:type\" content=\"image\/jpeg\" \/>\n<meta name=\"author\" content=\"Agencia Brasil\" \/>\n<meta name=\"twitter:card\" content=\"summary_large_image\" \/>\n<meta name=\"twitter:creator\" content=\"@PressenzaIPA\" \/>\n<meta name=\"twitter:site\" content=\"@PressenzaIPA\" \/>\n<meta name=\"twitter:label1\" content=\"Escrito por\" \/>\n\t<meta name=\"twitter:data1\" content=\"Agencia Brasil\" \/>\n\t<meta name=\"twitter:label2\" content=\"Tempo estimado de leitura\" \/>\n\t<meta name=\"twitter:data2\" content=\"3 minutos\" \/>\n<script type=\"application\/ld+json\" class=\"yoast-schema-graph\">{\"@context\":\"https:\/\/schema.org\",\"@graph\":[{\"@type\":\"Article\",\"@id\":\"https:\/\/www.pressenza.com\/pt-pt\/2014\/12\/economia-solidaria-e-alternativa-exclusao-social-capitalismo\/#article\",\"isPartOf\":{\"@id\":\"https:\/\/www.pressenza.com\/pt-pt\/2014\/12\/economia-solidaria-e-alternativa-exclusao-social-capitalismo\/\"},\"author\":{\"name\":\"Agencia Brasil\",\"@id\":\"https:\/\/www.pressenza.com\/pt-pt\/#\/schema\/person\/e2e4e9b5b3a7554516d809f2394b3dd4\"},\"headline\":\"Economia solid\u00e1ria \u00e9 alternativa \u00e0 exclus\u00e3o social do capitalismo\",\"datePublished\":\"2014-12-01T23:08:30+00:00\",\"mainEntityOfPage\":{\"@id\":\"https:\/\/www.pressenza.com\/pt-pt\/2014\/12\/economia-solidaria-e-alternativa-exclusao-social-capitalismo\/\"},\"wordCount\":537,\"publisher\":{\"@id\":\"https:\/\/www.pressenza.com\/pt-pt\/#organization\"},\"image\":{\"@id\":\"https:\/\/www.pressenza.com\/pt-pt\/2014\/12\/economia-solidaria-e-alternativa-exclusao-social-capitalismo\/#primaryimage\"},\"thumbnailUrl\":\"https:\/\/www.pressenza.com\/wp-content\/uploads\/2014\/12\/economia-solidaria.jpg\",\"keywords\":[\"capitalismo\",\"economia\",\"economia solidaria\"],\"articleSection\":[\"Economia\"],\"inLanguage\":\"pt-PT\"},{\"@type\":\"WebPage\",\"@id\":\"https:\/\/www.pressenza.com\/pt-pt\/2014\/12\/economia-solidaria-e-alternativa-exclusao-social-capitalismo\/\",\"url\":\"https:\/\/www.pressenza.com\/pt-pt\/2014\/12\/economia-solidaria-e-alternativa-exclusao-social-capitalismo\/\",\"name\":\"Economia solid\u00e1ria \u00e9 alternativa \u00e0 exclus\u00e3o social do capitalismo\",\"isPartOf\":{\"@id\":\"https:\/\/www.pressenza.com\/pt-pt\/#website\"},\"primaryImageOfPage\":{\"@id\":\"https:\/\/www.pressenza.com\/pt-pt\/2014\/12\/economia-solidaria-e-alternativa-exclusao-social-capitalismo\/#primaryimage\"},\"image\":{\"@id\":\"https:\/\/www.pressenza.com\/pt-pt\/2014\/12\/economia-solidaria-e-alternativa-exclusao-social-capitalismo\/#primaryimage\"},\"thumbnailUrl\":\"https:\/\/www.pressenza.com\/wp-content\/uploads\/2014\/12\/economia-solidaria.jpg\",\"datePublished\":\"2014-12-01T23:08:30+00:00\",\"description\":\"Secret\u00e1rio Nacional de Economia Solid\u00e1ria, Paul Singer, avalia que o modelo \u00e9 caminho para tornar o pa\u00eds mais justo. Segmento emprega 100 milh\u00f5es de\",\"breadcrumb\":{\"@id\":\"https:\/\/www.pressenza.com\/pt-pt\/2014\/12\/economia-solidaria-e-alternativa-exclusao-social-capitalismo\/#breadcrumb\"},\"inLanguage\":\"pt-PT\",\"potentialAction\":[{\"@type\":\"ReadAction\",\"target\":[\"https:\/\/www.pressenza.com\/pt-pt\/2014\/12\/economia-solidaria-e-alternativa-exclusao-social-capitalismo\/\"]}]},{\"@type\":\"ImageObject\",\"inLanguage\":\"pt-PT\",\"@id\":\"https:\/\/www.pressenza.com\/pt-pt\/2014\/12\/economia-solidaria-e-alternativa-exclusao-social-capitalismo\/#primaryimage\",\"url\":\"https:\/\/www.pressenza.com\/wp-content\/uploads\/2014\/12\/economia-solidaria.jpg\",\"contentUrl\":\"https:\/\/www.pressenza.com\/wp-content\/uploads\/2014\/12\/economia-solidaria.jpg\",\"width\":360,\"height\":226},{\"@type\":\"BreadcrumbList\",\"@id\":\"https:\/\/www.pressenza.com\/pt-pt\/2014\/12\/economia-solidaria-e-alternativa-exclusao-social-capitalismo\/#breadcrumb\",\"itemListElement\":[{\"@type\":\"ListItem\",\"position\":1,\"name\":\"Accueil\",\"item\":\"https:\/\/www.pressenza.com\/pt-pt\/\"},{\"@type\":\"ListItem\",\"position\":2,\"name\":\"Economia solid\u00e1ria \u00e9 alternativa \u00e0 exclus\u00e3o social do capitalismo\"}]},{\"@type\":\"WebSite\",\"@id\":\"https:\/\/www.pressenza.com\/pt-pt\/#website\",\"url\":\"https:\/\/www.pressenza.com\/pt-pt\/\",\"name\":\"Pressenza\",\"description\":\"International Press Agency\",\"publisher\":{\"@id\":\"https:\/\/www.pressenza.com\/pt-pt\/#organization\"},\"potentialAction\":[{\"@type\":\"SearchAction\",\"target\":{\"@type\":\"EntryPoint\",\"urlTemplate\":\"https:\/\/www.pressenza.com\/pt-pt\/?s={search_term_string}\"},\"query-input\":{\"@type\":\"PropertyValueSpecification\",\"valueRequired\":true,\"valueName\":\"search_term_string\"}}],\"inLanguage\":\"pt-PT\"},{\"@type\":\"Organization\",\"@id\":\"https:\/\/www.pressenza.com\/pt-pt\/#organization\",\"name\":\"Pressenza\",\"url\":\"https:\/\/www.pressenza.com\/pt-pt\/\",\"logo\":{\"@type\":\"ImageObject\",\"inLanguage\":\"pt-PT\",\"@id\":\"https:\/\/www.pressenza.com\/pt-pt\/#\/schema\/logo\/image\/\",\"url\":\"https:\/\/www.pressenza.com\/wp-content\/uploads\/2022\/10\/pressenza_logo_200x200.jpg\",\"contentUrl\":\"https:\/\/www.pressenza.com\/wp-content\/uploads\/2022\/10\/pressenza_logo_200x200.jpg\",\"width\":200,\"height\":200,\"caption\":\"Pressenza\"},\"image\":{\"@id\":\"https:\/\/www.pressenza.com\/pt-pt\/#\/schema\/logo\/image\/\"},\"sameAs\":[\"https:\/\/www.facebook.com\/PressenzaItalia\",\"https:\/\/x.com\/PressenzaIPA\"]},{\"@type\":\"Person\",\"@id\":\"https:\/\/www.pressenza.com\/pt-pt\/#\/schema\/person\/e2e4e9b5b3a7554516d809f2394b3dd4\",\"name\":\"Agencia Brasil\",\"url\":\"https:\/\/www.pressenza.com\/pt-pt\/author\/agencia-brasil\/\"}]}<\/script>\n<!-- \/ Yoast SEO plugin. -->","yoast_head_json":{"title":"Economia solid\u00e1ria \u00e9 alternativa \u00e0 exclus\u00e3o social do capitalismo","description":"Secret\u00e1rio Nacional de Economia Solid\u00e1ria, Paul Singer, avalia que o modelo \u00e9 caminho para tornar o pa\u00eds mais justo. Segmento emprega 100 milh\u00f5es de","robots":{"index":"index","follow":"follow","max-snippet":"max-snippet:-1","max-image-preview":"max-image-preview:large","max-video-preview":"max-video-preview:-1"},"canonical":"https:\/\/www.pressenza.com\/pt-pt\/2014\/12\/economia-solidaria-e-alternativa-exclusao-social-capitalismo\/","og_locale":"pt_PT","og_type":"article","og_title":"Economia solid\u00e1ria \u00e9 alternativa \u00e0 exclus\u00e3o social do capitalismo","og_description":"Secret\u00e1rio Nacional de Economia Solid\u00e1ria, Paul Singer, avalia que o modelo \u00e9 caminho para tornar o pa\u00eds mais justo. Segmento emprega 100 milh\u00f5es de","og_url":"https:\/\/www.pressenza.com\/pt-pt\/2014\/12\/economia-solidaria-e-alternativa-exclusao-social-capitalismo\/","og_site_name":"Pressenza","article_publisher":"https:\/\/www.facebook.com\/PressenzaItalia","article_published_time":"2014-12-01T23:08:30+00:00","og_image":[{"width":360,"height":226,"url":"https:\/\/www.pressenza.com\/wp-content\/uploads\/2014\/12\/economia-solidaria.jpg","type":"image\/jpeg"}],"author":"Agencia Brasil","twitter_card":"summary_large_image","twitter_creator":"@PressenzaIPA","twitter_site":"@PressenzaIPA","twitter_misc":{"Escrito por":"Agencia Brasil","Tempo estimado de leitura":"3 minutos"},"schema":{"@context":"https:\/\/schema.org","@graph":[{"@type":"Article","@id":"https:\/\/www.pressenza.com\/pt-pt\/2014\/12\/economia-solidaria-e-alternativa-exclusao-social-capitalismo\/#article","isPartOf":{"@id":"https:\/\/www.pressenza.com\/pt-pt\/2014\/12\/economia-solidaria-e-alternativa-exclusao-social-capitalismo\/"},"author":{"name":"Agencia Brasil","@id":"https:\/\/www.pressenza.com\/pt-pt\/#\/schema\/person\/e2e4e9b5b3a7554516d809f2394b3dd4"},"headline":"Economia solid\u00e1ria \u00e9 alternativa \u00e0 exclus\u00e3o social do capitalismo","datePublished":"2014-12-01T23:08:30+00:00","mainEntityOfPage":{"@id":"https:\/\/www.pressenza.com\/pt-pt\/2014\/12\/economia-solidaria-e-alternativa-exclusao-social-capitalismo\/"},"wordCount":537,"publisher":{"@id":"https:\/\/www.pressenza.com\/pt-pt\/#organization"},"image":{"@id":"https:\/\/www.pressenza.com\/pt-pt\/2014\/12\/economia-solidaria-e-alternativa-exclusao-social-capitalismo\/#primaryimage"},"thumbnailUrl":"https:\/\/www.pressenza.com\/wp-content\/uploads\/2014\/12\/economia-solidaria.jpg","keywords":["capitalismo","economia","economia solidaria"],"articleSection":["Economia"],"inLanguage":"pt-PT"},{"@type":"WebPage","@id":"https:\/\/www.pressenza.com\/pt-pt\/2014\/12\/economia-solidaria-e-alternativa-exclusao-social-capitalismo\/","url":"https:\/\/www.pressenza.com\/pt-pt\/2014\/12\/economia-solidaria-e-alternativa-exclusao-social-capitalismo\/","name":"Economia solid\u00e1ria \u00e9 alternativa \u00e0 exclus\u00e3o social do capitalismo","isPartOf":{"@id":"https:\/\/www.pressenza.com\/pt-pt\/#website"},"primaryImageOfPage":{"@id":"https:\/\/www.pressenza.com\/pt-pt\/2014\/12\/economia-solidaria-e-alternativa-exclusao-social-capitalismo\/#primaryimage"},"image":{"@id":"https:\/\/www.pressenza.com\/pt-pt\/2014\/12\/economia-solidaria-e-alternativa-exclusao-social-capitalismo\/#primaryimage"},"thumbnailUrl":"https:\/\/www.pressenza.com\/wp-content\/uploads\/2014\/12\/economia-solidaria.jpg","datePublished":"2014-12-01T23:08:30+00:00","description":"Secret\u00e1rio Nacional de Economia Solid\u00e1ria, Paul Singer, avalia que o modelo \u00e9 caminho para tornar o pa\u00eds mais justo. Segmento emprega 100 milh\u00f5es de","breadcrumb":{"@id":"https:\/\/www.pressenza.com\/pt-pt\/2014\/12\/economia-solidaria-e-alternativa-exclusao-social-capitalismo\/#breadcrumb"},"inLanguage":"pt-PT","potentialAction":[{"@type":"ReadAction","target":["https:\/\/www.pressenza.com\/pt-pt\/2014\/12\/economia-solidaria-e-alternativa-exclusao-social-capitalismo\/"]}]},{"@type":"ImageObject","inLanguage":"pt-PT","@id":"https:\/\/www.pressenza.com\/pt-pt\/2014\/12\/economia-solidaria-e-alternativa-exclusao-social-capitalismo\/#primaryimage","url":"https:\/\/www.pressenza.com\/wp-content\/uploads\/2014\/12\/economia-solidaria.jpg","contentUrl":"https:\/\/www.pressenza.com\/wp-content\/uploads\/2014\/12\/economia-solidaria.jpg","width":360,"height":226},{"@type":"BreadcrumbList","@id":"https:\/\/www.pressenza.com\/pt-pt\/2014\/12\/economia-solidaria-e-alternativa-exclusao-social-capitalismo\/#breadcrumb","itemListElement":[{"@type":"ListItem","position":1,"name":"Accueil","item":"https:\/\/www.pressenza.com\/pt-pt\/"},{"@type":"ListItem","position":2,"name":"Economia solid\u00e1ria \u00e9 alternativa \u00e0 exclus\u00e3o social do capitalismo"}]},{"@type":"WebSite","@id":"https:\/\/www.pressenza.com\/pt-pt\/#website","url":"https:\/\/www.pressenza.com\/pt-pt\/","name":"Pressenza","description":"International Press Agency","publisher":{"@id":"https:\/\/www.pressenza.com\/pt-pt\/#organization"},"potentialAction":[{"@type":"SearchAction","target":{"@type":"EntryPoint","urlTemplate":"https:\/\/www.pressenza.com\/pt-pt\/?s={search_term_string}"},"query-input":{"@type":"PropertyValueSpecification","valueRequired":true,"valueName":"search_term_string"}}],"inLanguage":"pt-PT"},{"@type":"Organization","@id":"https:\/\/www.pressenza.com\/pt-pt\/#organization","name":"Pressenza","url":"https:\/\/www.pressenza.com\/pt-pt\/","logo":{"@type":"ImageObject","inLanguage":"pt-PT","@id":"https:\/\/www.pressenza.com\/pt-pt\/#\/schema\/logo\/image\/","url":"https:\/\/www.pressenza.com\/wp-content\/uploads\/2022\/10\/pressenza_logo_200x200.jpg","contentUrl":"https:\/\/www.pressenza.com\/wp-content\/uploads\/2022\/10\/pressenza_logo_200x200.jpg","width":200,"height":200,"caption":"Pressenza"},"image":{"@id":"https:\/\/www.pressenza.com\/pt-pt\/#\/schema\/logo\/image\/"},"sameAs":["https:\/\/www.facebook.com\/PressenzaItalia","https:\/\/x.com\/PressenzaIPA"]},{"@type":"Person","@id":"https:\/\/www.pressenza.com\/pt-pt\/#\/schema\/person\/e2e4e9b5b3a7554516d809f2394b3dd4","name":"Agencia Brasil","url":"https:\/\/www.pressenza.com\/pt-pt\/author\/agencia-brasil\/"}]}},"place":"","original_article_url":"","_links":{"self":[{"href":"https:\/\/www.pressenza.com\/pt-pt\/wp-json\/wp\/v2\/posts\/151205","targetHints":{"allow":["GET"]}}],"collection":[{"href":"https:\/\/www.pressenza.com\/pt-pt\/wp-json\/wp\/v2\/posts"}],"about":[{"href":"https:\/\/www.pressenza.com\/pt-pt\/wp-json\/wp\/v2\/types\/post"}],"author":[{"embeddable":true,"href":"https:\/\/www.pressenza.com\/pt-pt\/wp-json\/wp\/v2\/users\/860"}],"replies":[{"embeddable":true,"href":"https:\/\/www.pressenza.com\/pt-pt\/wp-json\/wp\/v2\/comments?post=151205"}],"version-history":[{"count":0,"href":"https:\/\/www.pressenza.com\/pt-pt\/wp-json\/wp\/v2\/posts\/151205\/revisions"}],"wp:featuredmedia":[{"embeddable":true,"href":"https:\/\/www.pressenza.com\/pt-pt\/wp-json\/wp\/v2\/media\/151207"}],"wp:attachment":[{"href":"https:\/\/www.pressenza.com\/pt-pt\/wp-json\/wp\/v2\/media?parent=151205"}],"wp:term":[{"taxonomy":"category","embeddable":true,"href":"https:\/\/www.pressenza.com\/pt-pt\/wp-json\/wp\/v2\/categories?post=151205"},{"taxonomy":"post_tag","embeddable":true,"href":"https:\/\/www.pressenza.com\/pt-pt\/wp-json\/wp\/v2\/tags?post=151205"}],"curies":[{"name":"wp","href":"https:\/\/api.w.org\/{rel}","templated":true}]}}