{"id":1499773,"date":"2022-01-07T01:27:34","date_gmt":"2022-01-07T01:27:34","guid":{"rendered":"https:\/\/www.pressenza.com\/?p=1499773"},"modified":"2022-01-07T01:27:34","modified_gmt":"2022-01-07T01:27:34","slug":"novo-salario-minimo-consolida-pobreza-da-classe-trabalhadora-brasileira","status":"publish","type":"post","link":"https:\/\/www.pressenza.com\/pt-pt\/2022\/01\/novo-salario-minimo-consolida-pobreza-da-classe-trabalhadora-brasileira\/","title":{"rendered":"Novo sal\u00e1rio m\u00ednimo consolida pobreza da classe trabalhadora brasileira"},"content":{"rendered":"<p>Apesar de ter sido elevado para R$1.212,00, o sal\u00e1rio m\u00ednimo brasileiro n\u00e3o teve aumento real. De acordo com o Departamento Intersindical de Estat\u00edsticas e Estudos Socioecon\u00f4micos (Dieese), o novo sal\u00e1rio apenas acompanhar\u00e1 a infla\u00e7\u00e3o do \u00cdndice Nacional de Pre\u00e7o ao Consumidor (INPC). H\u00e1 mais de 10 anos que a classe trabalhadora brasileira vem sofrendo com perdas consider\u00e1veis no sal\u00e1rio m\u00ednimo, sobretudo em rela\u00e7\u00e3o ao poder de compra da cesta b\u00e1sica.<\/p>\n<p>De acordo com relat\u00f3rio do Dieese, com base em dados tamb\u00e9m do Instituto Brasileiro de Geografia e Estat\u00edstica (IBGE), em 20 anos o sal\u00e1rio m\u00ednimo teve aumento real de apenas 78,7%. Os n\u00fameros apresentados revelam tamb\u00e9m a diminui\u00e7\u00e3o da capacidade de aquisi\u00e7\u00e3o da cesta b\u00e1sica. Em 2010, por exemplo, um sal\u00e1rio m\u00ednimo nacional, que era de R$ 510,00, comprava 2,06 cestas b\u00e1sicas, enquanto que agora, ap\u00f3s o reajuste, comprar\u00e1 1,73.<\/p>\n<p>Em setembro do ano passado uma pesquisa da consultora IDados revelou que mais de 30 milh\u00f5es de trabalhadoras e trabalhadores recebiam at\u00e9 um sal\u00e1rio m\u00ednimo por m\u00eas. Trata-se de dado alarmante, considerado um recorde. No m\u00eas de dezembro, a mesma Consultora revelou que na regi\u00e3o Nordeste as pessoas nessa condi\u00e7\u00e3o compunham mais da metade da classe trabalhadora.<\/p>\n<p>Esses n\u00fameros s\u00e3o aterradores e revelam como o capitalismo perif\u00e9rico opera mais ferozmente em rela\u00e7\u00e3o \u00e0 popula\u00e7\u00e3o mais vulner\u00e1vel. No Nordeste, a maior parte da popula\u00e7\u00e3o \u00e9 pobre, conforme o IBGE (2020). O levantamento do Instituto revelou que 47,9% da pobreza brasileira estava concentrada naquela regi\u00e3o, um paradoxo, se consideramos que ali vivem menos de um ter\u00e7o da popula\u00e7\u00e3o nacional, o equivalente a 27,3%.<\/p>\n<p>Enquanto isso, no \u00faltimo trimestre do ano passado, os bancos Bradesco, Ita\u00fa e Santander lucraram quase 18 bilh\u00f5es de reais (17,9 bilh\u00f5es), um aumento de 28,5% em compara\u00e7\u00e3o ao mesmo per\u00edodo de 2020. Os balan\u00e7os financeiros divulgados por essas institui\u00e7\u00f5es\u00a0 financeiras no \u00faltimo m\u00eas de novembro revelaram que o Ita\u00fa \u00e9 o banco privado mais lucrativo do Brasil. Ele sozinho lucrou 6,78 bilh\u00f5es de reais em 2021, seguido pelo Bradesco com 6,77 bilh\u00f5es e o Santander com 4,34 bilh\u00f5es.<\/p>\n<p>Enquanto em tempos de pandemia uma parcela consider\u00e1vel da classe trabalhadora se encontram \u201cna rua da amargura\u201d, os banqueiros n\u00e3o t\u00eam do que reclamar. E assim segue o capitalismo selvagem, privilegiando a quem especula e castigando a quem trabalha. Mas eu continuo acreditando (e atuando) para que outro mundo seja poss\u00edvel.<\/p>\n","protected":false},"excerpt":{"rendered":"<p>Apesar de ter sido elevado para R$1.212,00, o sal\u00e1rio m\u00ednimo brasileiro n\u00e3o teve aumento real. De acordo com o Departamento Intersindical de Estat\u00edsticas e Estudos Socioecon\u00f4micos (Dieese), o novo sal\u00e1rio apenas acompanhar\u00e1 a infla\u00e7\u00e3o do \u00cdndice Nacional de Pre\u00e7o ao&hellip;<\/p>\n","protected":false},"author":1925,"featured_media":1499774,"comment_status":"closed","ping_status":"closed","sticky":false,"template":"","format":"standard","meta":{"footnotes":""},"categories":[104,11390,111],"tags":[2744,6386,7071],"class_list":["post-1499773","post","type-post","status-publish","format-standard","has-post-thumbnail","hentry","category-america-do-sul","category-conteudo-original","category-politica-pt-pt","tag-brasil","tag-capitalismo-pt-pt","tag-salario-minimo-pt-pt"],"yoast_head":"<!-- This site is optimized with the Yoast SEO plugin v27.1.1 - https:\/\/yoast.com\/product\/yoast-seo-wordpress\/ -->\n<title>Novo sal\u00e1rio m\u00ednimo consolida pobreza da classe trabalhadora brasileira<\/title>\n<meta name=\"description\" content=\"Apesar de ter sido elevado para R$1.212,00, o sal\u00e1rio m\u00ednimo brasileiro n\u00e3o teve aumento real. De acordo com o Departamento Intersindical de Estat\u00edsticas\" \/>\n<meta name=\"robots\" content=\"index, follow, max-snippet:-1, max-image-preview:large, max-video-preview:-1\" \/>\n<link rel=\"canonical\" href=\"https:\/\/www.pressenza.com\/pt-pt\/2022\/01\/novo-salario-minimo-consolida-pobreza-da-classe-trabalhadora-brasileira\/\" \/>\n<meta property=\"og:locale\" content=\"pt_PT\" \/>\n<meta property=\"og:type\" content=\"article\" \/>\n<meta property=\"og:title\" content=\"Novo sal\u00e1rio m\u00ednimo consolida pobreza da classe trabalhadora brasileira\" \/>\n<meta property=\"og:description\" content=\"Apesar de ter sido elevado para R$1.212,00, o sal\u00e1rio m\u00ednimo brasileiro n\u00e3o teve aumento real. De acordo com o Departamento Intersindical de Estat\u00edsticas\" \/>\n<meta property=\"og:url\" content=\"https:\/\/www.pressenza.com\/pt-pt\/2022\/01\/novo-salario-minimo-consolida-pobreza-da-classe-trabalhadora-brasileira\/\" \/>\n<meta property=\"og:site_name\" content=\"Pressenza\" \/>\n<meta property=\"article:publisher\" content=\"https:\/\/www.facebook.com\/PressenzaItalia\" \/>\n<meta property=\"article:published_time\" content=\"2022-01-07T01:27:34+00:00\" \/>\n<meta property=\"og:image\" content=\"https:\/\/www.pressenza.com\/wp-content\/uploads\/2022\/01\/Towfiqu-barbhuiya-unsplash.jpg\" \/>\n\t<meta property=\"og:image:width\" content=\"920\" \/>\n\t<meta property=\"og:image:height\" content=\"613\" \/>\n\t<meta property=\"og:image:type\" content=\"image\/jpeg\" \/>\n<meta name=\"author\" content=\"Verbena C\u00f3rdula\" \/>\n<meta name=\"twitter:card\" content=\"summary_large_image\" \/>\n<meta name=\"twitter:creator\" content=\"@PressenzaIPA\" \/>\n<meta name=\"twitter:site\" content=\"@PressenzaIPA\" \/>\n<meta name=\"twitter:label1\" content=\"Escrito por\" \/>\n\t<meta name=\"twitter:data1\" content=\"Verbena C\u00f3rdula\" \/>\n\t<meta name=\"twitter:label2\" content=\"Tempo estimado de leitura\" \/>\n\t<meta name=\"twitter:data2\" content=\"2 minutos\" \/>\n<script type=\"application\/ld+json\" class=\"yoast-schema-graph\">{\"@context\":\"https:\/\/schema.org\",\"@graph\":[{\"@type\":\"Article\",\"@id\":\"https:\/\/www.pressenza.com\/pt-pt\/2022\/01\/novo-salario-minimo-consolida-pobreza-da-classe-trabalhadora-brasileira\/#article\",\"isPartOf\":{\"@id\":\"https:\/\/www.pressenza.com\/pt-pt\/2022\/01\/novo-salario-minimo-consolida-pobreza-da-classe-trabalhadora-brasileira\/\"},\"author\":{\"name\":\"Verbena C\u00f3rdula\",\"@id\":\"https:\/\/www.pressenza.com\/pt-pt\/#\/schema\/person\/68c8edc34c1a97f71f905cdd5b164319\"},\"headline\":\"Novo sal\u00e1rio m\u00ednimo consolida pobreza da classe trabalhadora brasileira\",\"datePublished\":\"2022-01-07T01:27:34+00:00\",\"mainEntityOfPage\":{\"@id\":\"https:\/\/www.pressenza.com\/pt-pt\/2022\/01\/novo-salario-minimo-consolida-pobreza-da-classe-trabalhadora-brasileira\/\"},\"wordCount\":438,\"publisher\":{\"@id\":\"https:\/\/www.pressenza.com\/pt-pt\/#organization\"},\"image\":{\"@id\":\"https:\/\/www.pressenza.com\/pt-pt\/2022\/01\/novo-salario-minimo-consolida-pobreza-da-classe-trabalhadora-brasileira\/#primaryimage\"},\"thumbnailUrl\":\"https:\/\/www.pressenza.com\/wp-content\/uploads\/2022\/01\/Towfiqu-barbhuiya-unsplash.jpg\",\"keywords\":[\"Brasil\",\"capitalismo\",\"sal\u00e1rio minimo\"],\"articleSection\":[\"\u00c1m\u00e9rica do Sul\",\"Conte\u00fado Original\",\"Pol\u00edtica\"],\"inLanguage\":\"pt-PT\"},{\"@type\":\"WebPage\",\"@id\":\"https:\/\/www.pressenza.com\/pt-pt\/2022\/01\/novo-salario-minimo-consolida-pobreza-da-classe-trabalhadora-brasileira\/\",\"url\":\"https:\/\/www.pressenza.com\/pt-pt\/2022\/01\/novo-salario-minimo-consolida-pobreza-da-classe-trabalhadora-brasileira\/\",\"name\":\"Novo sal\u00e1rio m\u00ednimo consolida pobreza da classe trabalhadora brasileira\",\"isPartOf\":{\"@id\":\"https:\/\/www.pressenza.com\/pt-pt\/#website\"},\"primaryImageOfPage\":{\"@id\":\"https:\/\/www.pressenza.com\/pt-pt\/2022\/01\/novo-salario-minimo-consolida-pobreza-da-classe-trabalhadora-brasileira\/#primaryimage\"},\"image\":{\"@id\":\"https:\/\/www.pressenza.com\/pt-pt\/2022\/01\/novo-salario-minimo-consolida-pobreza-da-classe-trabalhadora-brasileira\/#primaryimage\"},\"thumbnailUrl\":\"https:\/\/www.pressenza.com\/wp-content\/uploads\/2022\/01\/Towfiqu-barbhuiya-unsplash.jpg\",\"datePublished\":\"2022-01-07T01:27:34+00:00\",\"description\":\"Apesar de ter sido elevado para R$1.212,00, o sal\u00e1rio m\u00ednimo brasileiro n\u00e3o teve aumento real. De acordo com o Departamento Intersindical de Estat\u00edsticas\",\"breadcrumb\":{\"@id\":\"https:\/\/www.pressenza.com\/pt-pt\/2022\/01\/novo-salario-minimo-consolida-pobreza-da-classe-trabalhadora-brasileira\/#breadcrumb\"},\"inLanguage\":\"pt-PT\",\"potentialAction\":[{\"@type\":\"ReadAction\",\"target\":[\"https:\/\/www.pressenza.com\/pt-pt\/2022\/01\/novo-salario-minimo-consolida-pobreza-da-classe-trabalhadora-brasileira\/\"]}]},{\"@type\":\"ImageObject\",\"inLanguage\":\"pt-PT\",\"@id\":\"https:\/\/www.pressenza.com\/pt-pt\/2022\/01\/novo-salario-minimo-consolida-pobreza-da-classe-trabalhadora-brasileira\/#primaryimage\",\"url\":\"https:\/\/www.pressenza.com\/wp-content\/uploads\/2022\/01\/Towfiqu-barbhuiya-unsplash.jpg\",\"contentUrl\":\"https:\/\/www.pressenza.com\/wp-content\/uploads\/2022\/01\/Towfiqu-barbhuiya-unsplash.jpg\",\"width\":920,\"height\":613},{\"@type\":\"BreadcrumbList\",\"@id\":\"https:\/\/www.pressenza.com\/pt-pt\/2022\/01\/novo-salario-minimo-consolida-pobreza-da-classe-trabalhadora-brasileira\/#breadcrumb\",\"itemListElement\":[{\"@type\":\"ListItem\",\"position\":1,\"name\":\"Accueil\",\"item\":\"https:\/\/www.pressenza.com\/pt-pt\/\"},{\"@type\":\"ListItem\",\"position\":2,\"name\":\"Novo sal\u00e1rio m\u00ednimo consolida pobreza da classe trabalhadora brasileira\"}]},{\"@type\":\"WebSite\",\"@id\":\"https:\/\/www.pressenza.com\/pt-pt\/#website\",\"url\":\"https:\/\/www.pressenza.com\/pt-pt\/\",\"name\":\"Pressenza\",\"description\":\"International Press Agency\",\"publisher\":{\"@id\":\"https:\/\/www.pressenza.com\/pt-pt\/#organization\"},\"potentialAction\":[{\"@type\":\"SearchAction\",\"target\":{\"@type\":\"EntryPoint\",\"urlTemplate\":\"https:\/\/www.pressenza.com\/pt-pt\/?s={search_term_string}\"},\"query-input\":{\"@type\":\"PropertyValueSpecification\",\"valueRequired\":true,\"valueName\":\"search_term_string\"}}],\"inLanguage\":\"pt-PT\"},{\"@type\":\"Organization\",\"@id\":\"https:\/\/www.pressenza.com\/pt-pt\/#organization\",\"name\":\"Pressenza\",\"url\":\"https:\/\/www.pressenza.com\/pt-pt\/\",\"logo\":{\"@type\":\"ImageObject\",\"inLanguage\":\"pt-PT\",\"@id\":\"https:\/\/www.pressenza.com\/pt-pt\/#\/schema\/logo\/image\/\",\"url\":\"https:\/\/www.pressenza.com\/wp-content\/uploads\/2022\/10\/pressenza_logo_200x200.jpg\",\"contentUrl\":\"https:\/\/www.pressenza.com\/wp-content\/uploads\/2022\/10\/pressenza_logo_200x200.jpg\",\"width\":200,\"height\":200,\"caption\":\"Pressenza\"},\"image\":{\"@id\":\"https:\/\/www.pressenza.com\/pt-pt\/#\/schema\/logo\/image\/\"},\"sameAs\":[\"https:\/\/www.facebook.com\/PressenzaItalia\",\"https:\/\/x.com\/PressenzaIPA\"]},{\"@type\":\"Person\",\"@id\":\"https:\/\/www.pressenza.com\/pt-pt\/#\/schema\/person\/68c8edc34c1a97f71f905cdd5b164319\",\"name\":\"Verbena C\u00f3rdula\",\"description\":\"Graduada em Hist\u00f3ria, doutora em Hist\u00f3ria e Comunica\u00e7\u00e3o no Mundo Contempor\u00e2neo. Professora Titular da Universidade Estadual de Santa Cruz (UESC), Ilh\u00e9us BA. Pesquisa G\u00eanero e ra\u00e7a.\",\"url\":\"https:\/\/www.pressenza.com\/pt-pt\/author\/verbena-cordula\/\"}]}<\/script>\n<!-- \/ Yoast SEO plugin. -->","yoast_head_json":{"title":"Novo sal\u00e1rio m\u00ednimo consolida pobreza da classe trabalhadora brasileira","description":"Apesar de ter sido elevado para R$1.212,00, o sal\u00e1rio m\u00ednimo brasileiro n\u00e3o teve aumento real. De acordo com o Departamento Intersindical de Estat\u00edsticas","robots":{"index":"index","follow":"follow","max-snippet":"max-snippet:-1","max-image-preview":"max-image-preview:large","max-video-preview":"max-video-preview:-1"},"canonical":"https:\/\/www.pressenza.com\/pt-pt\/2022\/01\/novo-salario-minimo-consolida-pobreza-da-classe-trabalhadora-brasileira\/","og_locale":"pt_PT","og_type":"article","og_title":"Novo sal\u00e1rio m\u00ednimo consolida pobreza da classe trabalhadora brasileira","og_description":"Apesar de ter sido elevado para R$1.212,00, o sal\u00e1rio m\u00ednimo brasileiro n\u00e3o teve aumento real. De acordo com o Departamento Intersindical de Estat\u00edsticas","og_url":"https:\/\/www.pressenza.com\/pt-pt\/2022\/01\/novo-salario-minimo-consolida-pobreza-da-classe-trabalhadora-brasileira\/","og_site_name":"Pressenza","article_publisher":"https:\/\/www.facebook.com\/PressenzaItalia","article_published_time":"2022-01-07T01:27:34+00:00","og_image":[{"width":920,"height":613,"url":"https:\/\/www.pressenza.com\/wp-content\/uploads\/2022\/01\/Towfiqu-barbhuiya-unsplash.jpg","type":"image\/jpeg"}],"author":"Verbena C\u00f3rdula","twitter_card":"summary_large_image","twitter_creator":"@PressenzaIPA","twitter_site":"@PressenzaIPA","twitter_misc":{"Escrito por":"Verbena C\u00f3rdula","Tempo estimado de leitura":"2 minutos"},"schema":{"@context":"https:\/\/schema.org","@graph":[{"@type":"Article","@id":"https:\/\/www.pressenza.com\/pt-pt\/2022\/01\/novo-salario-minimo-consolida-pobreza-da-classe-trabalhadora-brasileira\/#article","isPartOf":{"@id":"https:\/\/www.pressenza.com\/pt-pt\/2022\/01\/novo-salario-minimo-consolida-pobreza-da-classe-trabalhadora-brasileira\/"},"author":{"name":"Verbena C\u00f3rdula","@id":"https:\/\/www.pressenza.com\/pt-pt\/#\/schema\/person\/68c8edc34c1a97f71f905cdd5b164319"},"headline":"Novo sal\u00e1rio m\u00ednimo consolida pobreza da classe trabalhadora brasileira","datePublished":"2022-01-07T01:27:34+00:00","mainEntityOfPage":{"@id":"https:\/\/www.pressenza.com\/pt-pt\/2022\/01\/novo-salario-minimo-consolida-pobreza-da-classe-trabalhadora-brasileira\/"},"wordCount":438,"publisher":{"@id":"https:\/\/www.pressenza.com\/pt-pt\/#organization"},"image":{"@id":"https:\/\/www.pressenza.com\/pt-pt\/2022\/01\/novo-salario-minimo-consolida-pobreza-da-classe-trabalhadora-brasileira\/#primaryimage"},"thumbnailUrl":"https:\/\/www.pressenza.com\/wp-content\/uploads\/2022\/01\/Towfiqu-barbhuiya-unsplash.jpg","keywords":["Brasil","capitalismo","sal\u00e1rio minimo"],"articleSection":["\u00c1m\u00e9rica do Sul","Conte\u00fado Original","Pol\u00edtica"],"inLanguage":"pt-PT"},{"@type":"WebPage","@id":"https:\/\/www.pressenza.com\/pt-pt\/2022\/01\/novo-salario-minimo-consolida-pobreza-da-classe-trabalhadora-brasileira\/","url":"https:\/\/www.pressenza.com\/pt-pt\/2022\/01\/novo-salario-minimo-consolida-pobreza-da-classe-trabalhadora-brasileira\/","name":"Novo sal\u00e1rio m\u00ednimo consolida pobreza da classe trabalhadora brasileira","isPartOf":{"@id":"https:\/\/www.pressenza.com\/pt-pt\/#website"},"primaryImageOfPage":{"@id":"https:\/\/www.pressenza.com\/pt-pt\/2022\/01\/novo-salario-minimo-consolida-pobreza-da-classe-trabalhadora-brasileira\/#primaryimage"},"image":{"@id":"https:\/\/www.pressenza.com\/pt-pt\/2022\/01\/novo-salario-minimo-consolida-pobreza-da-classe-trabalhadora-brasileira\/#primaryimage"},"thumbnailUrl":"https:\/\/www.pressenza.com\/wp-content\/uploads\/2022\/01\/Towfiqu-barbhuiya-unsplash.jpg","datePublished":"2022-01-07T01:27:34+00:00","description":"Apesar de ter sido elevado para R$1.212,00, o sal\u00e1rio m\u00ednimo brasileiro n\u00e3o teve aumento real. De acordo com o Departamento Intersindical de Estat\u00edsticas","breadcrumb":{"@id":"https:\/\/www.pressenza.com\/pt-pt\/2022\/01\/novo-salario-minimo-consolida-pobreza-da-classe-trabalhadora-brasileira\/#breadcrumb"},"inLanguage":"pt-PT","potentialAction":[{"@type":"ReadAction","target":["https:\/\/www.pressenza.com\/pt-pt\/2022\/01\/novo-salario-minimo-consolida-pobreza-da-classe-trabalhadora-brasileira\/"]}]},{"@type":"ImageObject","inLanguage":"pt-PT","@id":"https:\/\/www.pressenza.com\/pt-pt\/2022\/01\/novo-salario-minimo-consolida-pobreza-da-classe-trabalhadora-brasileira\/#primaryimage","url":"https:\/\/www.pressenza.com\/wp-content\/uploads\/2022\/01\/Towfiqu-barbhuiya-unsplash.jpg","contentUrl":"https:\/\/www.pressenza.com\/wp-content\/uploads\/2022\/01\/Towfiqu-barbhuiya-unsplash.jpg","width":920,"height":613},{"@type":"BreadcrumbList","@id":"https:\/\/www.pressenza.com\/pt-pt\/2022\/01\/novo-salario-minimo-consolida-pobreza-da-classe-trabalhadora-brasileira\/#breadcrumb","itemListElement":[{"@type":"ListItem","position":1,"name":"Accueil","item":"https:\/\/www.pressenza.com\/pt-pt\/"},{"@type":"ListItem","position":2,"name":"Novo sal\u00e1rio m\u00ednimo consolida pobreza da classe trabalhadora brasileira"}]},{"@type":"WebSite","@id":"https:\/\/www.pressenza.com\/pt-pt\/#website","url":"https:\/\/www.pressenza.com\/pt-pt\/","name":"Pressenza","description":"International Press Agency","publisher":{"@id":"https:\/\/www.pressenza.com\/pt-pt\/#organization"},"potentialAction":[{"@type":"SearchAction","target":{"@type":"EntryPoint","urlTemplate":"https:\/\/www.pressenza.com\/pt-pt\/?s={search_term_string}"},"query-input":{"@type":"PropertyValueSpecification","valueRequired":true,"valueName":"search_term_string"}}],"inLanguage":"pt-PT"},{"@type":"Organization","@id":"https:\/\/www.pressenza.com\/pt-pt\/#organization","name":"Pressenza","url":"https:\/\/www.pressenza.com\/pt-pt\/","logo":{"@type":"ImageObject","inLanguage":"pt-PT","@id":"https:\/\/www.pressenza.com\/pt-pt\/#\/schema\/logo\/image\/","url":"https:\/\/www.pressenza.com\/wp-content\/uploads\/2022\/10\/pressenza_logo_200x200.jpg","contentUrl":"https:\/\/www.pressenza.com\/wp-content\/uploads\/2022\/10\/pressenza_logo_200x200.jpg","width":200,"height":200,"caption":"Pressenza"},"image":{"@id":"https:\/\/www.pressenza.com\/pt-pt\/#\/schema\/logo\/image\/"},"sameAs":["https:\/\/www.facebook.com\/PressenzaItalia","https:\/\/x.com\/PressenzaIPA"]},{"@type":"Person","@id":"https:\/\/www.pressenza.com\/pt-pt\/#\/schema\/person\/68c8edc34c1a97f71f905cdd5b164319","name":"Verbena C\u00f3rdula","description":"Graduada em Hist\u00f3ria, doutora em Hist\u00f3ria e Comunica\u00e7\u00e3o no Mundo Contempor\u00e2neo. Professora Titular da Universidade Estadual de Santa Cruz (UESC), Ilh\u00e9us BA. Pesquisa G\u00eanero e ra\u00e7a.","url":"https:\/\/www.pressenza.com\/pt-pt\/author\/verbena-cordula\/"}]}},"place":"Bah\u00eda, Brasil","original_article_url":"","_links":{"self":[{"href":"https:\/\/www.pressenza.com\/pt-pt\/wp-json\/wp\/v2\/posts\/1499773","targetHints":{"allow":["GET"]}}],"collection":[{"href":"https:\/\/www.pressenza.com\/pt-pt\/wp-json\/wp\/v2\/posts"}],"about":[{"href":"https:\/\/www.pressenza.com\/pt-pt\/wp-json\/wp\/v2\/types\/post"}],"author":[{"embeddable":true,"href":"https:\/\/www.pressenza.com\/pt-pt\/wp-json\/wp\/v2\/users\/1925"}],"replies":[{"embeddable":true,"href":"https:\/\/www.pressenza.com\/pt-pt\/wp-json\/wp\/v2\/comments?post=1499773"}],"version-history":[{"count":0,"href":"https:\/\/www.pressenza.com\/pt-pt\/wp-json\/wp\/v2\/posts\/1499773\/revisions"}],"wp:featuredmedia":[{"embeddable":true,"href":"https:\/\/www.pressenza.com\/pt-pt\/wp-json\/wp\/v2\/media\/1499774"}],"wp:attachment":[{"href":"https:\/\/www.pressenza.com\/pt-pt\/wp-json\/wp\/v2\/media?parent=1499773"}],"wp:term":[{"taxonomy":"category","embeddable":true,"href":"https:\/\/www.pressenza.com\/pt-pt\/wp-json\/wp\/v2\/categories?post=1499773"},{"taxonomy":"post_tag","embeddable":true,"href":"https:\/\/www.pressenza.com\/pt-pt\/wp-json\/wp\/v2\/tags?post=1499773"}],"curies":[{"name":"wp","href":"https:\/\/api.w.org\/{rel}","templated":true}]}}