{"id":149709,"date":"2014-11-20T00:28:59","date_gmt":"2014-11-20T00:28:59","guid":{"rendered":"http:\/\/www.pressenza.com\/?p=149709"},"modified":"2014-11-20T00:28:59","modified_gmt":"2014-11-20T00:28:59","slug":"conferencia-da-fao-reune-esforcos-para-combater-fome","status":"publish","type":"post","link":"https:\/\/www.pressenza.com\/pt-pt\/2014\/11\/conferencia-da-fao-reune-esforcos-para-combater-fome\/","title":{"rendered":"Confer\u00eancia da FAO re\u00fane esfor\u00e7os para combater a fome"},"content":{"rendered":"<p>Em Roma, representantes de 150 pa\u00edses e organiza\u00e7\u00f5es internacionais debatem medidas para lidar com a subnutri\u00e7\u00e3o e a desnutri\u00e7\u00e3o, que atingem cerca de 2 bilh\u00f5es de pessoas. Obesidade, novo problema global, tamb\u00e9m \u00e9 tema.<\/p>\n<p>O balan\u00e7o apresentado pela anfitri\u00e3 da segunda Confer\u00eancia Internacional sobre Nutri\u00e7\u00e3o (ICN2), que come\u00e7a nesta quarta-feira (19\/11) em Roma, \u00e9 uma esp\u00e9cie de balde de \u00e1gua fria. A Organiza\u00e7\u00e3o das Na\u00e7\u00f5es Unidas para Alimenta\u00e7\u00e3o e Agricultura (FAO) aponta poucos avan\u00e7os desde a primeira e \u00fanica confer\u00eancia sobre a situa\u00e7\u00e3o alimentar no mundo, realizada em 1992.<\/p>\n<p>Assim como naquela \u00e9poca, hoje cerca de 800 milh\u00f5es de pessoas v\u00e3o dormir diariamente com fome e ingerem poucas calorias permanentemente. Entretanto, de 1992 para c\u00e1, a popula\u00e7\u00e3o mundial passou de 5,5 bilh\u00f5es para 7 bilh\u00f5es.<\/p>\n<p>Houve, portanto, uma queda na propor\u00e7\u00e3o da fome em rela\u00e7\u00e3o ao total de pessoas.<\/p>\n<p>Al\u00e9m da fome, outro 1,2 milh\u00e3o de pessoas sofre de desnutri\u00e7\u00e3o, segundo a FAO. Apesar de consumirem calorias suficientes para se sentirem satisfeitas, sua dieta \u00e9 pobre em vitaminas e minerais importantes, o que pode resultar em cegueira ou anemia, por exemplo.<\/p>\n<p>A desnutri\u00e7\u00e3o afeta principalmente mulheres e crian\u00e7as com menos de cinco anos, segundo um relat\u00f3rio divulgado pela FAO. Para a diretora para Nutri\u00e7\u00e3o da ag\u00eancia, Anna Lartey, houve progressos mensur\u00e1veis nos \u00faltimos 22 anos, principalmente na China, mas o n\u00famero de crian\u00e7as subnutridas e desnutridas ainda \u00e9 muito alto na \u00c1frica subsaariana, na \u00cdndia, no Paquist\u00e3o e na Indon\u00e9sia.<\/p>\n<p>&#8220;Os avan\u00e7os alcan\u00e7ados est\u00e3o repartidos desigualmente. Ainda temos regi\u00f5es com altos n\u00edveis de subnutri\u00e7\u00e3o e desnutri\u00e7\u00e3o. Agora, temos que assegurar que os avan\u00e7os sejam obtidos numa frente ampla&#8221;, refor\u00e7a Lartey.<\/p>\n<p>Especialistas concordam que, teoricamente a quantidade de alimento produzida no mundo \u00e9 suficiente para toda a popula\u00e7\u00e3o. No entanto, o cultivo onde h\u00e1 car\u00eancia e a divis\u00e3o da produ\u00e7\u00e3o ainda s\u00e3o problemas n\u00e3o resolvidos.<\/p>\n<p>Aspectos agravantes<br \/>\nA ONG A\u00e7\u00e3o contra a Fome aponta que n\u00e3o somente os alimentos, mas tamb\u00e9m o acesso a um sistema de sa\u00fade funcional, \u00e0 \u00e1gua limpa e ao saneamento b\u00e1sico s\u00e3o fundamentais para a situa\u00e7\u00e3o nutricional.<\/p>\n<p>Na \u00cdndia, por exemplo, o problema da desnutri\u00e7\u00e3o \u00e9 agravado pelo fato de que 70% da popula\u00e7\u00e3o rural fazem suas necessidades ao ar livre, o que eleva o n\u00famero de casos de doen\u00e7as infecciosas, estomacais e intestinais. Segundo a organiza\u00e7\u00e3o, outros pa\u00edses em desenvolvimento enfrentam os mesmos problemas.<\/p>\n<p>&#8220;Os conhecimentos sobre o que deve ser feito est\u00e3o dispon\u00edveis. Por isso, n\u00e3o devemos perder tempo. Precisamos colocar todos a bordo para conseguir resultados. Esse \u00e9 o objetivo da Confer\u00eancia Internacional sobre Nutri\u00e7\u00e3o&#8221;, afirma Lartey.<\/p>\n<p>Mais de 150 pa\u00edses e organiza\u00e7\u00f5es internacionais enviaram representantes ao evento, que vai at\u00e9 esta sexta-feira. Numa &#8220;Declara\u00e7\u00e3o de Roma&#8221;, eles ir\u00e3o se comprometer a acabar com a fome e desnutri\u00e7\u00e3o no mundo. A declara\u00e7\u00e3o e seu plano de a\u00e7\u00e3o, no entanto, n\u00e3o s\u00e3o vinculantes \u00e0 luz do direito internacional.<\/p>\n<p>&#8220;A confer\u00eancia n\u00e3o deve terminar com um cat\u00e1logo de declara\u00e7\u00e3o de inten\u00e7\u00f5es, mas com um plano de a\u00e7\u00e3o claro&#8221;, exige o diretor executivo da ONG A\u00e7\u00e3o Agr\u00e1ria Alem\u00e3, Wolfgang Jamann. Regras claras para a presta\u00e7\u00e3o de contas e responsabilidade tamb\u00e9m s\u00e3o importantes, completa Jamann.<\/p>\n<p>Segundo a A\u00e7\u00e3o contra a Fome, a falta de dinheiro n\u00e3o \u00e9 o \u00fanico problema. Governos precisam desenvolver vontade pol\u00edtica e capacidade para combater a desnutri\u00e7\u00e3o, afirma a ONG e acrescenta que os efeitos das mudan\u00e7as clim\u00e1ticas tamb\u00e9m devem ser levados em conta. As safras e, assim, a produ\u00e7\u00e3o de alimentos podem ser prejudicadas nos pr\u00f3ximos anos devido ao aumento de condi\u00e7\u00f5es clim\u00e1ticas extremas.<\/p>\n<p>Crian\u00e7as e obesidade<br \/>\nAs crian\u00e7as s\u00e3o o tema central do evento em Roma. Os mil primeiros dias depois da fecunda\u00e7\u00e3o, ou seja, durante a gravidez e os primeiros dois anos de vida, s\u00e3o decisivos.<\/p>\n<p>Uma alimenta\u00e7\u00e3o insuficiente nesse per\u00edodo tem consequ\u00eancias para a vida inteira. Frequentemente, crian\u00e7as subnutridas se tornam pais desnutridos que t\u00eam, por sua vez, filhos desnutridos. Mais de 40% das mortes de crian\u00e7as com menos de cinco anos est\u00e3o relacionadas \u00e0 sub- ou desnutri\u00e7\u00e3o, aponta Lartey.<\/p>\n<p>A ONG A\u00e7\u00e3o contra a Fome deseja que os anos entre 2016 e 2025 sejam declarados no mundo inteiro como a d\u00e9cada da boa alimenta\u00e7\u00e3o. Enquanto isso, a ONU quer que a erradica\u00e7\u00e3o da fome fa\u00e7a parte de seus futuros Objetivos de Desenvolvimento do Mil\u00eanio. Lan\u00e7ados em 2000, eles dever\u00e3o ser substitu\u00eddos pelos Objetivos do Desenvolvimento Sustent\u00e1vel em 2015.<\/p>\n<p>Apesar de o combate \u00e0 desnutri\u00e7\u00e3o e \u00e0 subnutri\u00e7\u00e3o, que atingem 2 bilh\u00f5es de pessoas no mundo, ser o foco central do evento em Roma, a FAO tamb\u00e9m destaca que a hipernutri\u00e7\u00e3o, ou seja, o consumo de calorias em excesso se tornou um problema global.<\/p>\n<p>Cerca de 1,3 bilh\u00e3o de pessoas no mundo est\u00e3o acima do peso, e 500 milh\u00f5es delas s\u00e3o consideradas obesas. Esse problema n\u00e3o atinge somente pa\u00edses ricos. Muitos pa\u00edses, como o M\u00e9xico, s\u00e3o atingidos pela hipernutri\u00e7\u00e3o e pela subnutri\u00e7\u00e3o ao mesmo tempo. Por isso, segundo a FAO, essas frentes precisam ser atacadas simultaneamente.<\/p>\n<p>Nesta quinta-feira, a confer\u00eancia em Roma receber\u00e1 um convidado ilustre. O Papa Francisco ir\u00e1 subir ao palco do evento para falar aos representantes de governo presentes e tentar ampliar a consci\u00eancia sobre o problema nutricional mundo afora.<\/p>\n<p>Este artigo n\u00e3o est\u00e1 sob Licen\u00e7a Creative Commons e n\u00e3o pode ser reproduzido de nenhuma forma. O mesmo \u00e9 v\u00e1lido para a foto.<\/p>\n","protected":false},"excerpt":{"rendered":"<p>Em Roma, representantes de 150 pa\u00edses e organiza\u00e7\u00f5es internacionais debatem medidas para lidar com a subnutri\u00e7\u00e3o e a desnutri\u00e7\u00e3o, que atingem cerca de 2 bilh\u00f5es de pessoas. Obesidade, novo problema global, tamb\u00e9m \u00e9 tema. O balan\u00e7o apresentado pela anfitri\u00e3 da&hellip;<\/p>\n","protected":false},"author":993,"featured_media":149711,"comment_status":"closed","ping_status":"open","sticky":false,"template":"","format":"standard","meta":{"footnotes":""},"categories":[113,42],"tags":[14134,14136,7070,14135],"class_list":["post-149709","post","type-post","status-publish","format-standard","has-post-thumbnail","hentry","category-noticias-do-exterior","category-internacional-2","tag-desnutricao","tag-fao-pt-pt-2","tag-fome","tag-infancia-pt-pt"],"yoast_head":"<!-- This site is optimized with the Yoast SEO plugin v27.1.1 - https:\/\/yoast.com\/product\/yoast-seo-wordpress\/ -->\n<title>Confer\u00eancia da FAO re\u00fane esfor\u00e7os para combater a fome<\/title>\n<meta name=\"description\" content=\"Em Roma, representantes de 150 pa\u00edses e organiza\u00e7\u00f5es internacionais debatem medidas para lidar com a subnutri\u00e7\u00e3o e a desnutri\u00e7\u00e3o, que atingem cerca de 2\" \/>\n<meta name=\"robots\" content=\"index, follow, max-snippet:-1, max-image-preview:large, max-video-preview:-1\" \/>\n<link rel=\"canonical\" href=\"https:\/\/www.pressenza.com\/pt-pt\/2014\/11\/conferencia-da-fao-reune-esforcos-para-combater-fome\/\" \/>\n<meta property=\"og:locale\" content=\"pt_PT\" \/>\n<meta property=\"og:type\" content=\"article\" \/>\n<meta property=\"og:title\" content=\"Confer\u00eancia da FAO re\u00fane esfor\u00e7os para combater a fome\" \/>\n<meta property=\"og:description\" content=\"Em Roma, representantes de 150 pa\u00edses e organiza\u00e7\u00f5es internacionais debatem medidas para lidar com a subnutri\u00e7\u00e3o e a desnutri\u00e7\u00e3o, que atingem cerca de 2\" \/>\n<meta property=\"og:url\" content=\"https:\/\/www.pressenza.com\/pt-pt\/2014\/11\/conferencia-da-fao-reune-esforcos-para-combater-fome\/\" \/>\n<meta property=\"og:site_name\" content=\"Pressenza\" \/>\n<meta property=\"article:publisher\" content=\"https:\/\/www.facebook.com\/PressenzaItalia\" \/>\n<meta property=\"article:published_time\" content=\"2014-11-20T00:28:59+00:00\" \/>\n<meta property=\"og:image\" content=\"https:\/\/www.pressenza.com\/wp-content\/uploads\/2014\/11\/mapa-fome-mundo.png\" \/>\n\t<meta property=\"og:image:width\" content=\"700\" \/>\n\t<meta property=\"og:image:height\" content=\"394\" \/>\n\t<meta property=\"og:image:type\" content=\"image\/png\" \/>\n<meta name=\"author\" content=\"Deutsche Welle\" \/>\n<meta name=\"twitter:card\" content=\"summary_large_image\" \/>\n<meta name=\"twitter:creator\" content=\"@PressenzaIPA\" \/>\n<meta name=\"twitter:site\" content=\"@PressenzaIPA\" \/>\n<meta name=\"twitter:label1\" content=\"Escrito por\" \/>\n\t<meta name=\"twitter:data1\" content=\"Deutsche Welle\" \/>\n\t<meta name=\"twitter:label2\" content=\"Tempo estimado de leitura\" \/>\n\t<meta name=\"twitter:data2\" content=\"5 minutos\" \/>\n<script type=\"application\/ld+json\" class=\"yoast-schema-graph\">{\"@context\":\"https:\/\/schema.org\",\"@graph\":[{\"@type\":\"Article\",\"@id\":\"https:\/\/www.pressenza.com\/pt-pt\/2014\/11\/conferencia-da-fao-reune-esforcos-para-combater-fome\/#article\",\"isPartOf\":{\"@id\":\"https:\/\/www.pressenza.com\/pt-pt\/2014\/11\/conferencia-da-fao-reune-esforcos-para-combater-fome\/\"},\"author\":{\"name\":\"Deutsche Welle\",\"@id\":\"https:\/\/www.pressenza.com\/pt-pt\/#\/schema\/person\/b7c775911f2c9a1b8c7225b94e2e9f37\"},\"headline\":\"Confer\u00eancia da FAO re\u00fane esfor\u00e7os para combater a fome\",\"datePublished\":\"2014-11-20T00:28:59+00:00\",\"mainEntityOfPage\":{\"@id\":\"https:\/\/www.pressenza.com\/pt-pt\/2014\/11\/conferencia-da-fao-reune-esforcos-para-combater-fome\/\"},\"wordCount\":1001,\"publisher\":{\"@id\":\"https:\/\/www.pressenza.com\/pt-pt\/#organization\"},\"image\":{\"@id\":\"https:\/\/www.pressenza.com\/pt-pt\/2014\/11\/conferencia-da-fao-reune-esforcos-para-combater-fome\/#primaryimage\"},\"thumbnailUrl\":\"https:\/\/www.pressenza.com\/wp-content\/uploads\/2014\/11\/mapa-fome-mundo.png\",\"keywords\":[\"desnutricao\",\"FAO\",\"fome\",\"Infancia\"],\"articleSection\":[\"Assuntos internacionais\",\"Internacional\"],\"inLanguage\":\"pt-PT\"},{\"@type\":\"WebPage\",\"@id\":\"https:\/\/www.pressenza.com\/pt-pt\/2014\/11\/conferencia-da-fao-reune-esforcos-para-combater-fome\/\",\"url\":\"https:\/\/www.pressenza.com\/pt-pt\/2014\/11\/conferencia-da-fao-reune-esforcos-para-combater-fome\/\",\"name\":\"Confer\u00eancia da FAO re\u00fane esfor\u00e7os para combater a fome\",\"isPartOf\":{\"@id\":\"https:\/\/www.pressenza.com\/pt-pt\/#website\"},\"primaryImageOfPage\":{\"@id\":\"https:\/\/www.pressenza.com\/pt-pt\/2014\/11\/conferencia-da-fao-reune-esforcos-para-combater-fome\/#primaryimage\"},\"image\":{\"@id\":\"https:\/\/www.pressenza.com\/pt-pt\/2014\/11\/conferencia-da-fao-reune-esforcos-para-combater-fome\/#primaryimage\"},\"thumbnailUrl\":\"https:\/\/www.pressenza.com\/wp-content\/uploads\/2014\/11\/mapa-fome-mundo.png\",\"datePublished\":\"2014-11-20T00:28:59+00:00\",\"description\":\"Em Roma, representantes de 150 pa\u00edses e organiza\u00e7\u00f5es internacionais debatem medidas para lidar com a subnutri\u00e7\u00e3o e a desnutri\u00e7\u00e3o, que atingem cerca de 2\",\"breadcrumb\":{\"@id\":\"https:\/\/www.pressenza.com\/pt-pt\/2014\/11\/conferencia-da-fao-reune-esforcos-para-combater-fome\/#breadcrumb\"},\"inLanguage\":\"pt-PT\",\"potentialAction\":[{\"@type\":\"ReadAction\",\"target\":[\"https:\/\/www.pressenza.com\/pt-pt\/2014\/11\/conferencia-da-fao-reune-esforcos-para-combater-fome\/\"]}]},{\"@type\":\"ImageObject\",\"inLanguage\":\"pt-PT\",\"@id\":\"https:\/\/www.pressenza.com\/pt-pt\/2014\/11\/conferencia-da-fao-reune-esforcos-para-combater-fome\/#primaryimage\",\"url\":\"https:\/\/www.pressenza.com\/wp-content\/uploads\/2014\/11\/mapa-fome-mundo.png\",\"contentUrl\":\"https:\/\/www.pressenza.com\/wp-content\/uploads\/2014\/11\/mapa-fome-mundo.png\",\"width\":700,\"height\":394},{\"@type\":\"BreadcrumbList\",\"@id\":\"https:\/\/www.pressenza.com\/pt-pt\/2014\/11\/conferencia-da-fao-reune-esforcos-para-combater-fome\/#breadcrumb\",\"itemListElement\":[{\"@type\":\"ListItem\",\"position\":1,\"name\":\"Accueil\",\"item\":\"https:\/\/www.pressenza.com\/pt-pt\/\"},{\"@type\":\"ListItem\",\"position\":2,\"name\":\"Confer\u00eancia da FAO re\u00fane esfor\u00e7os para combater a fome\"}]},{\"@type\":\"WebSite\",\"@id\":\"https:\/\/www.pressenza.com\/pt-pt\/#website\",\"url\":\"https:\/\/www.pressenza.com\/pt-pt\/\",\"name\":\"Pressenza\",\"description\":\"International Press Agency\",\"publisher\":{\"@id\":\"https:\/\/www.pressenza.com\/pt-pt\/#organization\"},\"potentialAction\":[{\"@type\":\"SearchAction\",\"target\":{\"@type\":\"EntryPoint\",\"urlTemplate\":\"https:\/\/www.pressenza.com\/pt-pt\/?s={search_term_string}\"},\"query-input\":{\"@type\":\"PropertyValueSpecification\",\"valueRequired\":true,\"valueName\":\"search_term_string\"}}],\"inLanguage\":\"pt-PT\"},{\"@type\":\"Organization\",\"@id\":\"https:\/\/www.pressenza.com\/pt-pt\/#organization\",\"name\":\"Pressenza\",\"url\":\"https:\/\/www.pressenza.com\/pt-pt\/\",\"logo\":{\"@type\":\"ImageObject\",\"inLanguage\":\"pt-PT\",\"@id\":\"https:\/\/www.pressenza.com\/pt-pt\/#\/schema\/logo\/image\/\",\"url\":\"https:\/\/www.pressenza.com\/wp-content\/uploads\/2022\/10\/pressenza_logo_200x200.jpg\",\"contentUrl\":\"https:\/\/www.pressenza.com\/wp-content\/uploads\/2022\/10\/pressenza_logo_200x200.jpg\",\"width\":200,\"height\":200,\"caption\":\"Pressenza\"},\"image\":{\"@id\":\"https:\/\/www.pressenza.com\/pt-pt\/#\/schema\/logo\/image\/\"},\"sameAs\":[\"https:\/\/www.facebook.com\/PressenzaItalia\",\"https:\/\/x.com\/PressenzaIPA\"]},{\"@type\":\"Person\",\"@id\":\"https:\/\/www.pressenza.com\/pt-pt\/#\/schema\/person\/b7c775911f2c9a1b8c7225b94e2e9f37\",\"name\":\"Deutsche Welle\",\"description\":\"Articles and photographs by Deutsche Welle on Pressenza do not fall under the Creative Commons licence and are not reproducible in any way. www.dw.com\",\"sameAs\":[\"http:\/\/www.dw.com\"],\"url\":\"https:\/\/www.pressenza.com\/pt-pt\/author\/deutsche-welle\/\"}]}<\/script>\n<!-- \/ Yoast SEO plugin. -->","yoast_head_json":{"title":"Confer\u00eancia da FAO re\u00fane esfor\u00e7os para combater a fome","description":"Em Roma, representantes de 150 pa\u00edses e organiza\u00e7\u00f5es internacionais debatem medidas para lidar com a subnutri\u00e7\u00e3o e a desnutri\u00e7\u00e3o, que atingem cerca de 2","robots":{"index":"index","follow":"follow","max-snippet":"max-snippet:-1","max-image-preview":"max-image-preview:large","max-video-preview":"max-video-preview:-1"},"canonical":"https:\/\/www.pressenza.com\/pt-pt\/2014\/11\/conferencia-da-fao-reune-esforcos-para-combater-fome\/","og_locale":"pt_PT","og_type":"article","og_title":"Confer\u00eancia da FAO re\u00fane esfor\u00e7os para combater a fome","og_description":"Em Roma, representantes de 150 pa\u00edses e organiza\u00e7\u00f5es internacionais debatem medidas para lidar com a subnutri\u00e7\u00e3o e a desnutri\u00e7\u00e3o, que atingem cerca de 2","og_url":"https:\/\/www.pressenza.com\/pt-pt\/2014\/11\/conferencia-da-fao-reune-esforcos-para-combater-fome\/","og_site_name":"Pressenza","article_publisher":"https:\/\/www.facebook.com\/PressenzaItalia","article_published_time":"2014-11-20T00:28:59+00:00","og_image":[{"width":700,"height":394,"url":"https:\/\/www.pressenza.com\/wp-content\/uploads\/2014\/11\/mapa-fome-mundo.png","type":"image\/png"}],"author":"Deutsche Welle","twitter_card":"summary_large_image","twitter_creator":"@PressenzaIPA","twitter_site":"@PressenzaIPA","twitter_misc":{"Escrito por":"Deutsche Welle","Tempo estimado de leitura":"5 minutos"},"schema":{"@context":"https:\/\/schema.org","@graph":[{"@type":"Article","@id":"https:\/\/www.pressenza.com\/pt-pt\/2014\/11\/conferencia-da-fao-reune-esforcos-para-combater-fome\/#article","isPartOf":{"@id":"https:\/\/www.pressenza.com\/pt-pt\/2014\/11\/conferencia-da-fao-reune-esforcos-para-combater-fome\/"},"author":{"name":"Deutsche Welle","@id":"https:\/\/www.pressenza.com\/pt-pt\/#\/schema\/person\/b7c775911f2c9a1b8c7225b94e2e9f37"},"headline":"Confer\u00eancia da FAO re\u00fane esfor\u00e7os para combater a fome","datePublished":"2014-11-20T00:28:59+00:00","mainEntityOfPage":{"@id":"https:\/\/www.pressenza.com\/pt-pt\/2014\/11\/conferencia-da-fao-reune-esforcos-para-combater-fome\/"},"wordCount":1001,"publisher":{"@id":"https:\/\/www.pressenza.com\/pt-pt\/#organization"},"image":{"@id":"https:\/\/www.pressenza.com\/pt-pt\/2014\/11\/conferencia-da-fao-reune-esforcos-para-combater-fome\/#primaryimage"},"thumbnailUrl":"https:\/\/www.pressenza.com\/wp-content\/uploads\/2014\/11\/mapa-fome-mundo.png","keywords":["desnutricao","FAO","fome","Infancia"],"articleSection":["Assuntos internacionais","Internacional"],"inLanguage":"pt-PT"},{"@type":"WebPage","@id":"https:\/\/www.pressenza.com\/pt-pt\/2014\/11\/conferencia-da-fao-reune-esforcos-para-combater-fome\/","url":"https:\/\/www.pressenza.com\/pt-pt\/2014\/11\/conferencia-da-fao-reune-esforcos-para-combater-fome\/","name":"Confer\u00eancia da FAO re\u00fane esfor\u00e7os para combater a fome","isPartOf":{"@id":"https:\/\/www.pressenza.com\/pt-pt\/#website"},"primaryImageOfPage":{"@id":"https:\/\/www.pressenza.com\/pt-pt\/2014\/11\/conferencia-da-fao-reune-esforcos-para-combater-fome\/#primaryimage"},"image":{"@id":"https:\/\/www.pressenza.com\/pt-pt\/2014\/11\/conferencia-da-fao-reune-esforcos-para-combater-fome\/#primaryimage"},"thumbnailUrl":"https:\/\/www.pressenza.com\/wp-content\/uploads\/2014\/11\/mapa-fome-mundo.png","datePublished":"2014-11-20T00:28:59+00:00","description":"Em Roma, representantes de 150 pa\u00edses e organiza\u00e7\u00f5es internacionais debatem medidas para lidar com a subnutri\u00e7\u00e3o e a desnutri\u00e7\u00e3o, que atingem cerca de 2","breadcrumb":{"@id":"https:\/\/www.pressenza.com\/pt-pt\/2014\/11\/conferencia-da-fao-reune-esforcos-para-combater-fome\/#breadcrumb"},"inLanguage":"pt-PT","potentialAction":[{"@type":"ReadAction","target":["https:\/\/www.pressenza.com\/pt-pt\/2014\/11\/conferencia-da-fao-reune-esforcos-para-combater-fome\/"]}]},{"@type":"ImageObject","inLanguage":"pt-PT","@id":"https:\/\/www.pressenza.com\/pt-pt\/2014\/11\/conferencia-da-fao-reune-esforcos-para-combater-fome\/#primaryimage","url":"https:\/\/www.pressenza.com\/wp-content\/uploads\/2014\/11\/mapa-fome-mundo.png","contentUrl":"https:\/\/www.pressenza.com\/wp-content\/uploads\/2014\/11\/mapa-fome-mundo.png","width":700,"height":394},{"@type":"BreadcrumbList","@id":"https:\/\/www.pressenza.com\/pt-pt\/2014\/11\/conferencia-da-fao-reune-esforcos-para-combater-fome\/#breadcrumb","itemListElement":[{"@type":"ListItem","position":1,"name":"Accueil","item":"https:\/\/www.pressenza.com\/pt-pt\/"},{"@type":"ListItem","position":2,"name":"Confer\u00eancia da FAO re\u00fane esfor\u00e7os para combater a fome"}]},{"@type":"WebSite","@id":"https:\/\/www.pressenza.com\/pt-pt\/#website","url":"https:\/\/www.pressenza.com\/pt-pt\/","name":"Pressenza","description":"International Press Agency","publisher":{"@id":"https:\/\/www.pressenza.com\/pt-pt\/#organization"},"potentialAction":[{"@type":"SearchAction","target":{"@type":"EntryPoint","urlTemplate":"https:\/\/www.pressenza.com\/pt-pt\/?s={search_term_string}"},"query-input":{"@type":"PropertyValueSpecification","valueRequired":true,"valueName":"search_term_string"}}],"inLanguage":"pt-PT"},{"@type":"Organization","@id":"https:\/\/www.pressenza.com\/pt-pt\/#organization","name":"Pressenza","url":"https:\/\/www.pressenza.com\/pt-pt\/","logo":{"@type":"ImageObject","inLanguage":"pt-PT","@id":"https:\/\/www.pressenza.com\/pt-pt\/#\/schema\/logo\/image\/","url":"https:\/\/www.pressenza.com\/wp-content\/uploads\/2022\/10\/pressenza_logo_200x200.jpg","contentUrl":"https:\/\/www.pressenza.com\/wp-content\/uploads\/2022\/10\/pressenza_logo_200x200.jpg","width":200,"height":200,"caption":"Pressenza"},"image":{"@id":"https:\/\/www.pressenza.com\/pt-pt\/#\/schema\/logo\/image\/"},"sameAs":["https:\/\/www.facebook.com\/PressenzaItalia","https:\/\/x.com\/PressenzaIPA"]},{"@type":"Person","@id":"https:\/\/www.pressenza.com\/pt-pt\/#\/schema\/person\/b7c775911f2c9a1b8c7225b94e2e9f37","name":"Deutsche Welle","description":"Articles and photographs by Deutsche Welle on Pressenza do not fall under the Creative Commons licence and are not reproducible in any way. www.dw.com","sameAs":["http:\/\/www.dw.com"],"url":"https:\/\/www.pressenza.com\/pt-pt\/author\/deutsche-welle\/"}]}},"place":"","original_article_url":"","_links":{"self":[{"href":"https:\/\/www.pressenza.com\/pt-pt\/wp-json\/wp\/v2\/posts\/149709","targetHints":{"allow":["GET"]}}],"collection":[{"href":"https:\/\/www.pressenza.com\/pt-pt\/wp-json\/wp\/v2\/posts"}],"about":[{"href":"https:\/\/www.pressenza.com\/pt-pt\/wp-json\/wp\/v2\/types\/post"}],"author":[{"embeddable":true,"href":"https:\/\/www.pressenza.com\/pt-pt\/wp-json\/wp\/v2\/users\/993"}],"replies":[{"embeddable":true,"href":"https:\/\/www.pressenza.com\/pt-pt\/wp-json\/wp\/v2\/comments?post=149709"}],"version-history":[{"count":0,"href":"https:\/\/www.pressenza.com\/pt-pt\/wp-json\/wp\/v2\/posts\/149709\/revisions"}],"wp:featuredmedia":[{"embeddable":true,"href":"https:\/\/www.pressenza.com\/pt-pt\/wp-json\/wp\/v2\/media\/149711"}],"wp:attachment":[{"href":"https:\/\/www.pressenza.com\/pt-pt\/wp-json\/wp\/v2\/media?parent=149709"}],"wp:term":[{"taxonomy":"category","embeddable":true,"href":"https:\/\/www.pressenza.com\/pt-pt\/wp-json\/wp\/v2\/categories?post=149709"},{"taxonomy":"post_tag","embeddable":true,"href":"https:\/\/www.pressenza.com\/pt-pt\/wp-json\/wp\/v2\/tags?post=149709"}],"curies":[{"name":"wp","href":"https:\/\/api.w.org\/{rel}","templated":true}]}}