{"id":1497039,"date":"2021-12-31T15:08:34","date_gmt":"2021-12-31T15:08:34","guid":{"rendered":"https:\/\/www.pressenza.com\/?p=1497039"},"modified":"2021-12-31T15:09:56","modified_gmt":"2021-12-31T15:09:56","slug":"projeto-wakanda-apresenta-exposicao-fotografica-pretos-em-movimento","status":"publish","type":"post","link":"https:\/\/www.pressenza.com\/pt-pt\/2021\/12\/projeto-wakanda-apresenta-exposicao-fotografica-pretos-em-movimento\/","title":{"rendered":"Projeto Wakanda apresenta Exposi\u00e7\u00e3o Fotogr\u00e1fica \u201cPRETOS EM MOVIMENTO\u201c"},"content":{"rendered":"<h5><span style=\"color: #999999;\">ARTES VISUAIS<\/span><\/h5>\n<p><span style=\"font-weight: 400;\">O Projeto Wakanda apresenta: <\/span><b>\u201cPRETOS EM MOVIMENTO<\/b><span style=\"font-weight: 400;\">\u201c. Uma exposi\u00e7\u00e3o fotogr\u00e1fica baseada no corpo negro em movimento, tanto para as suas lutas quanto para a afirma\u00e7\u00e3o da negritude.\u00a0<\/span><\/p>\n<p><span style=\"font-weight: 400;\">Os nossos objetivos s\u00e3o:\u00a0<\/span><\/p>\n<ul>\n<li style=\"font-weight: 400;\" aria-level=\"1\"><span style=\"font-weight: 400;\">Convocar o p\u00fablico negro da nossa regi\u00e3o sulbaiana para uma identifica\u00e7\u00e3o com a cultura negra brasileira.<\/span><\/li>\n<li style=\"font-weight: 400;\" aria-level=\"1\"><span style=\"font-weight: 400;\">Fornecer um breve conhecimento hist\u00f3rico acerca dos movimentos negros.\u00a0<\/span><\/li>\n<li style=\"font-weight: 400;\" aria-level=\"1\"><span style=\"font-weight: 400;\">Permitir que a popula\u00e7\u00e3o envolvida fa\u00e7a parte do movimento atrav\u00e9s do discurso da a\u00e7\u00e3o.\u00a0<\/span><\/li>\n<li style=\"font-weight: 400;\" aria-level=\"1\"><span style=\"font-weight: 400;\">Possibilitar a reflex\u00e3o sobre a import\u00e2ncia da valoriza\u00e7\u00e3o etnico racial para a sociedade em geral.<\/span><\/li>\n<\/ul>\n<p><span style=\"font-weight: 400;\">Assim como diz a can\u00e7\u00e3o <\/span><i><span style=\"font-weight: 400;\">Principia,<\/span><\/i><span style=\"font-weight: 400;\"> de Emicida: \u201c<\/span><i><span style=\"font-weight: 400;\">Farei um altar pra comunh\u00e3o. Nele, eu serei um com o mundo, at\u00e9 ver o ponto da emancipa\u00e7\u00e3o<\/span><\/i><span style=\"font-weight: 400;\">\u201d, o Projeto Wakanda oferece, por meio das atividades visuais e educadoras, a afirma\u00e7\u00e3o da negritude, enquanto um processo de valoriza\u00e7\u00e3o f\u00edsica, intelectual e social. Como um grande baile, lembramos os mais diversos ritmos, retratando nas fotografias, a dan\u00e7a como a voz do corpo, sobretudo as dan\u00e7as de ra\u00edzes negras: o Ax\u00e9, a Capoeira, Funk, Pagode, Rap, Samba, Jazz e Hip Hop.<\/span><\/p>\n<p><span style=\"font-weight: 400;\">O livro de bell hooks, <\/span><i><span style=\"font-weight: 400;\">\u201cOlhares Negros, Ra\u00e7a e Representa\u00e7\u00e3o\u201d\u00a0 <\/span><\/i><span style=\"font-weight: 400;\">foi base para o Projeto de 2021. Compartilhamos o texto \u201c<\/span><i><span style=\"font-weight: 400;\">Vivendo de Amor<\/span><\/i><span style=\"font-weight: 400;\">\u201d com todos os integrantes, desde a nossa primeira intera\u00e7\u00e3o. O livro infantil <\/span><i><span style=\"font-weight: 400;\">\u201cMeu crespo \u00e9 de Rainha\u201d<\/span><\/i><span style=\"font-weight: 400;\">\u00a0 foi doado em parceria com o projeto Afrobrasilerinhos. Hooks se faz presente na nossa gera\u00e7\u00e3o e nas pr\u00f3ximas que vir\u00e3o. Em vida, publicou mais de 40 livros, em 15 idiomas diferentes. Tratou de temas como Feminismo, Racismo, Cultura, Pol\u00edtica, Pap\u00e9is de G\u00eanero, Amor e Espiritualidade. Durante sua trajet\u00f3ria, hooks assumiu um compromisso s\u00e9rio com a comunidade negra Afro-Americana e Internacional, sempre abordando quest\u00f5es territoriais e capitalistas. Em mem\u00f3ria e legado da autora, professora, te\u00f3rica cr\u00edtica e feminista negra, bell hooks.<\/span><\/p>\n<p>&nbsp;<\/p>\n<div id=\"attachment_1497042\" class=\"wp-caption aligncenter\"><img loading=\"lazy\" decoding=\"async\" aria-describedby=\"caption-attachment-1497042\" class=\"wp-image-1497042 size-full\" src=\"https:\/\/www.pressenza.com\/wp-content\/uploads\/2021\/12\/bell-hooks.jpg\" alt=\"\" width=\"396\" height=\"396\" srcset=\"https:\/\/www.pressenza.com\/wp-content\/uploads\/2021\/12\/bell-hooks.jpg 396w, https:\/\/www.pressenza.com\/wp-content\/uploads\/2021\/12\/bell-hooks-300x300.jpg 300w, https:\/\/www.pressenza.com\/wp-content\/uploads\/2021\/12\/bell-hooks-150x150.jpg 150w\" sizes=\"auto, (max-width: 396px) 100vw, 396px\" \/><p id=\"caption-attachment-1497042\" class=\"wp-caption-text\">Autora e Cr\u00edtica Cultural, bell hooks posa para fotografia em Dez. 16, 1996. Nova York. Fotografia: Karjean Levine<\/p><\/div>\n<p>&nbsp;<\/p>\n<p><b>LISTA T\u00c9CNICA\u00a0<\/b><\/p>\n<p><b>DIRE\u00c7\u00c3O GERAL<\/b><\/p>\n<p><span style=\"font-weight: 400;\">Daniel Oliveira<\/span><\/p>\n<p><span style=\"font-weight: 400;\">Instagram: @amarodaniel1<\/span><\/p>\n<p><b>COORDENA\u00c7\u00c3O<\/b><\/p>\n<p><span style=\"font-weight: 400;\">Andressa Soares e B\u00e1rbara Souza<\/span><\/p>\n<p><span style=\"font-weight: 400;\">Instagram: @afrodressa @pretadquebrada<\/span><\/p>\n<p><b>COMUNICA\u00c7\u00c3O<\/b><\/p>\n<p><span style=\"font-weight: 400;\">Rick Trindade e Marla Marques.<\/span><\/p>\n<p><span style=\"font-weight: 400;\">Instagram: @ricktrindade @marlastafari<\/span><\/p>\n<p><b>LOG\u00cdSTICA<\/b><\/p>\n<p><span style=\"font-weight: 400;\">Alana Moreira<\/span><\/p>\n<p><span style=\"font-weight: 400;\">Instagram: @moreira_lana<\/span><\/p>\n<p><b>APOIO<\/b><\/p>\n<p><span style=\"font-weight: 400;\">Andreza Oliveira, Alexandre Dias\u00a0<\/span><\/p>\n<p><span style=\"font-weight: 400;\">Instagram: @andrezaww @alexaandre.dias<\/span><\/p>\n<p><b>STYLING<\/b><\/p>\n<p><span style=\"font-weight: 400;\">Gabriel Garcia, Heverton Oliveira<\/span><\/p>\n<p><span style=\"font-weight: 400;\">Instagram: @9abriel9arcia @hevertonmatos_<\/span><\/p>\n<p>&nbsp;<\/p>\n","protected":false},"excerpt":{"rendered":"<p>ARTES VISUAIS O Projeto Wakanda apresenta: \u201cPRETOS EM MOVIMENTO\u201c. Uma exposi\u00e7\u00e3o fotogr\u00e1fica baseada no corpo negro em movimento, tanto para as suas lutas quanto para a afirma\u00e7\u00e3o da negritude.\u00a0 Os nossos objetivos s\u00e3o:\u00a0 Convocar o p\u00fablico negro da nossa regi\u00e3o&hellip;<\/p>\n","protected":false},"author":1685,"featured_media":1497052,"comment_status":"closed","ping_status":"closed","sticky":false,"template":"","format":"standard","meta":{"footnotes":""},"categories":[104,11390,112,46981,153],"tags":[75693,75238,76547],"class_list":["post-1497039","post","type-post","status-publish","format-standard","has-post-thumbnail","hentry","category-america-do-sul","category-conteudo-original","category-cultura-pt-pt","category-jovens","category-nota-de-imprensa","tag-artes-visuais","tag-caderno-de-cultura","tag-fotografia-pt-pt"],"yoast_head":"<!-- This site is optimized with the Yoast SEO plugin v27.1.1 - https:\/\/yoast.com\/product\/yoast-seo-wordpress\/ -->\n<title>Projeto Wakanda apresenta Exposi\u00e7\u00e3o Fotogr\u00e1fica \u201cPRETOS EM MOVIMENTO\u201c<\/title>\n<meta name=\"description\" content=\"ARTES VISUAIS O Projeto Wakanda apresenta: \u201cPRETOS EM MOVIMENTO\u201c. Uma exposi\u00e7\u00e3o fotogr\u00e1fica baseada no corpo negro em movimento, tanto para as suas lutas\" \/>\n<meta name=\"robots\" content=\"index, follow, max-snippet:-1, max-image-preview:large, max-video-preview:-1\" \/>\n<link rel=\"canonical\" href=\"https:\/\/www.pressenza.com\/pt-pt\/2021\/12\/projeto-wakanda-apresenta-exposicao-fotografica-pretos-em-movimento\/\" \/>\n<meta property=\"og:locale\" content=\"pt_PT\" \/>\n<meta property=\"og:type\" content=\"article\" \/>\n<meta property=\"og:title\" content=\"Projeto Wakanda apresenta Exposi\u00e7\u00e3o Fotogr\u00e1fica \u201cPRETOS EM MOVIMENTO\u201c\" \/>\n<meta property=\"og:description\" content=\"ARTES VISUAIS O Projeto Wakanda apresenta: \u201cPRETOS EM MOVIMENTO\u201c. Uma exposi\u00e7\u00e3o fotogr\u00e1fica baseada no corpo negro em movimento, tanto para as suas lutas\" \/>\n<meta property=\"og:url\" content=\"https:\/\/www.pressenza.com\/pt-pt\/2021\/12\/projeto-wakanda-apresenta-exposicao-fotografica-pretos-em-movimento\/\" \/>\n<meta property=\"og:site_name\" content=\"Pressenza\" \/>\n<meta property=\"article:publisher\" content=\"https:\/\/www.facebook.com\/PressenzaItalia\" \/>\n<meta property=\"article:published_time\" content=\"2021-12-31T15:08:34+00:00\" \/>\n<meta property=\"article:modified_time\" content=\"2021-12-31T15:09:56+00:00\" \/>\n<meta property=\"og:image\" content=\"https:\/\/www.pressenza.com\/wp-content\/uploads\/2021\/12\/IMG_5350.jpg\" \/>\n\t<meta property=\"og:image:width\" content=\"1920\" \/>\n\t<meta property=\"og:image:height\" content=\"1280\" \/>\n\t<meta property=\"og:image:type\" content=\"image\/jpeg\" \/>\n<meta name=\"author\" content=\"Reda\u00e7\u00e3o Rio de Janeiro\" \/>\n<meta name=\"twitter:card\" content=\"summary_large_image\" \/>\n<meta name=\"twitter:creator\" content=\"@PressenzaIPA\" \/>\n<meta name=\"twitter:site\" content=\"@PressenzaIPA\" \/>\n<meta name=\"twitter:label1\" content=\"Escrito por\" \/>\n\t<meta name=\"twitter:data1\" content=\"Reda\u00e7\u00e3o Rio de Janeiro\" \/>\n\t<meta name=\"twitter:label2\" content=\"Tempo estimado de leitura\" \/>\n\t<meta name=\"twitter:data2\" content=\"2 minutos\" \/>\n<script type=\"application\/ld+json\" class=\"yoast-schema-graph\">{\"@context\":\"https:\/\/schema.org\",\"@graph\":[{\"@type\":\"Article\",\"@id\":\"https:\/\/www.pressenza.com\/pt-pt\/2021\/12\/projeto-wakanda-apresenta-exposicao-fotografica-pretos-em-movimento\/#article\",\"isPartOf\":{\"@id\":\"https:\/\/www.pressenza.com\/pt-pt\/2021\/12\/projeto-wakanda-apresenta-exposicao-fotografica-pretos-em-movimento\/\"},\"author\":{\"name\":\"Reda\u00e7\u00e3o Rio de Janeiro\",\"@id\":\"https:\/\/www.pressenza.com\/pt-pt\/#\/schema\/person\/6925e927f8ff3a0cdb838320c5d12259\"},\"headline\":\"Projeto Wakanda apresenta Exposi\u00e7\u00e3o Fotogr\u00e1fica \u201cPRETOS EM MOVIMENTO\u201c\",\"datePublished\":\"2021-12-31T15:08:34+00:00\",\"dateModified\":\"2021-12-31T15:09:56+00:00\",\"mainEntityOfPage\":{\"@id\":\"https:\/\/www.pressenza.com\/pt-pt\/2021\/12\/projeto-wakanda-apresenta-exposicao-fotografica-pretos-em-movimento\/\"},\"wordCount\":422,\"publisher\":{\"@id\":\"https:\/\/www.pressenza.com\/pt-pt\/#organization\"},\"image\":{\"@id\":\"https:\/\/www.pressenza.com\/pt-pt\/2021\/12\/projeto-wakanda-apresenta-exposicao-fotografica-pretos-em-movimento\/#primaryimage\"},\"thumbnailUrl\":\"https:\/\/www.pressenza.com\/wp-content\/uploads\/2021\/12\/IMG_5350.jpg\",\"keywords\":[\"artes visuais\",\"caderno de cultura\",\"fotografia\"],\"articleSection\":[\"\u00c1m\u00e9rica do Sul\",\"Conte\u00fado Original\",\"Cultura e M\u00eddia\",\"Jovens\",\"Nota de imprensa\"],\"inLanguage\":\"pt-PT\"},{\"@type\":\"WebPage\",\"@id\":\"https:\/\/www.pressenza.com\/pt-pt\/2021\/12\/projeto-wakanda-apresenta-exposicao-fotografica-pretos-em-movimento\/\",\"url\":\"https:\/\/www.pressenza.com\/pt-pt\/2021\/12\/projeto-wakanda-apresenta-exposicao-fotografica-pretos-em-movimento\/\",\"name\":\"Projeto Wakanda apresenta Exposi\u00e7\u00e3o Fotogr\u00e1fica \u201cPRETOS EM MOVIMENTO\u201c\",\"isPartOf\":{\"@id\":\"https:\/\/www.pressenza.com\/pt-pt\/#website\"},\"primaryImageOfPage\":{\"@id\":\"https:\/\/www.pressenza.com\/pt-pt\/2021\/12\/projeto-wakanda-apresenta-exposicao-fotografica-pretos-em-movimento\/#primaryimage\"},\"image\":{\"@id\":\"https:\/\/www.pressenza.com\/pt-pt\/2021\/12\/projeto-wakanda-apresenta-exposicao-fotografica-pretos-em-movimento\/#primaryimage\"},\"thumbnailUrl\":\"https:\/\/www.pressenza.com\/wp-content\/uploads\/2021\/12\/IMG_5350.jpg\",\"datePublished\":\"2021-12-31T15:08:34+00:00\",\"dateModified\":\"2021-12-31T15:09:56+00:00\",\"description\":\"ARTES VISUAIS O Projeto Wakanda apresenta: \u201cPRETOS EM MOVIMENTO\u201c. Uma exposi\u00e7\u00e3o fotogr\u00e1fica baseada no corpo negro em movimento, tanto para as suas lutas\",\"breadcrumb\":{\"@id\":\"https:\/\/www.pressenza.com\/pt-pt\/2021\/12\/projeto-wakanda-apresenta-exposicao-fotografica-pretos-em-movimento\/#breadcrumb\"},\"inLanguage\":\"pt-PT\",\"potentialAction\":[{\"@type\":\"ReadAction\",\"target\":[\"https:\/\/www.pressenza.com\/pt-pt\/2021\/12\/projeto-wakanda-apresenta-exposicao-fotografica-pretos-em-movimento\/\"]}]},{\"@type\":\"ImageObject\",\"inLanguage\":\"pt-PT\",\"@id\":\"https:\/\/www.pressenza.com\/pt-pt\/2021\/12\/projeto-wakanda-apresenta-exposicao-fotografica-pretos-em-movimento\/#primaryimage\",\"url\":\"https:\/\/www.pressenza.com\/wp-content\/uploads\/2021\/12\/IMG_5350.jpg\",\"contentUrl\":\"https:\/\/www.pressenza.com\/wp-content\/uploads\/2021\/12\/IMG_5350.jpg\",\"width\":1920,\"height\":1280},{\"@type\":\"BreadcrumbList\",\"@id\":\"https:\/\/www.pressenza.com\/pt-pt\/2021\/12\/projeto-wakanda-apresenta-exposicao-fotografica-pretos-em-movimento\/#breadcrumb\",\"itemListElement\":[{\"@type\":\"ListItem\",\"position\":1,\"name\":\"Accueil\",\"item\":\"https:\/\/www.pressenza.com\/pt-pt\/\"},{\"@type\":\"ListItem\",\"position\":2,\"name\":\"Projeto Wakanda apresenta Exposi\u00e7\u00e3o Fotogr\u00e1fica \u201cPRETOS EM MOVIMENTO\u201c\"}]},{\"@type\":\"WebSite\",\"@id\":\"https:\/\/www.pressenza.com\/pt-pt\/#website\",\"url\":\"https:\/\/www.pressenza.com\/pt-pt\/\",\"name\":\"Pressenza\",\"description\":\"International Press Agency\",\"publisher\":{\"@id\":\"https:\/\/www.pressenza.com\/pt-pt\/#organization\"},\"potentialAction\":[{\"@type\":\"SearchAction\",\"target\":{\"@type\":\"EntryPoint\",\"urlTemplate\":\"https:\/\/www.pressenza.com\/pt-pt\/?s={search_term_string}\"},\"query-input\":{\"@type\":\"PropertyValueSpecification\",\"valueRequired\":true,\"valueName\":\"search_term_string\"}}],\"inLanguage\":\"pt-PT\"},{\"@type\":\"Organization\",\"@id\":\"https:\/\/www.pressenza.com\/pt-pt\/#organization\",\"name\":\"Pressenza\",\"url\":\"https:\/\/www.pressenza.com\/pt-pt\/\",\"logo\":{\"@type\":\"ImageObject\",\"inLanguage\":\"pt-PT\",\"@id\":\"https:\/\/www.pressenza.com\/pt-pt\/#\/schema\/logo\/image\/\",\"url\":\"https:\/\/www.pressenza.com\/wp-content\/uploads\/2022\/10\/pressenza_logo_200x200.jpg\",\"contentUrl\":\"https:\/\/www.pressenza.com\/wp-content\/uploads\/2022\/10\/pressenza_logo_200x200.jpg\",\"width\":200,\"height\":200,\"caption\":\"Pressenza\"},\"image\":{\"@id\":\"https:\/\/www.pressenza.com\/pt-pt\/#\/schema\/logo\/image\/\"},\"sameAs\":[\"https:\/\/www.facebook.com\/PressenzaItalia\",\"https:\/\/x.com\/PressenzaIPA\"]},{\"@type\":\"Person\",\"@id\":\"https:\/\/www.pressenza.com\/pt-pt\/#\/schema\/person\/6925e927f8ff3a0cdb838320c5d12259\",\"name\":\"Reda\u00e7\u00e3o Rio de Janeiro\",\"description\":\"News published by the Pressenza bureau in Rio de Janeiro, Brazil\",\"url\":\"https:\/\/www.pressenza.com\/pt-pt\/author\/redacao-rio-de-janeiro\/\"}]}<\/script>\n<!-- \/ Yoast SEO plugin. -->","yoast_head_json":{"title":"Projeto Wakanda apresenta Exposi\u00e7\u00e3o Fotogr\u00e1fica \u201cPRETOS EM MOVIMENTO\u201c","description":"ARTES VISUAIS O Projeto Wakanda apresenta: \u201cPRETOS EM MOVIMENTO\u201c. Uma exposi\u00e7\u00e3o fotogr\u00e1fica baseada no corpo negro em movimento, tanto para as suas lutas","robots":{"index":"index","follow":"follow","max-snippet":"max-snippet:-1","max-image-preview":"max-image-preview:large","max-video-preview":"max-video-preview:-1"},"canonical":"https:\/\/www.pressenza.com\/pt-pt\/2021\/12\/projeto-wakanda-apresenta-exposicao-fotografica-pretos-em-movimento\/","og_locale":"pt_PT","og_type":"article","og_title":"Projeto Wakanda apresenta Exposi\u00e7\u00e3o Fotogr\u00e1fica \u201cPRETOS EM MOVIMENTO\u201c","og_description":"ARTES VISUAIS O Projeto Wakanda apresenta: \u201cPRETOS EM MOVIMENTO\u201c. Uma exposi\u00e7\u00e3o fotogr\u00e1fica baseada no corpo negro em movimento, tanto para as suas lutas","og_url":"https:\/\/www.pressenza.com\/pt-pt\/2021\/12\/projeto-wakanda-apresenta-exposicao-fotografica-pretos-em-movimento\/","og_site_name":"Pressenza","article_publisher":"https:\/\/www.facebook.com\/PressenzaItalia","article_published_time":"2021-12-31T15:08:34+00:00","article_modified_time":"2021-12-31T15:09:56+00:00","og_image":[{"width":1920,"height":1280,"url":"https:\/\/www.pressenza.com\/wp-content\/uploads\/2021\/12\/IMG_5350.jpg","type":"image\/jpeg"}],"author":"Reda\u00e7\u00e3o Rio de Janeiro","twitter_card":"summary_large_image","twitter_creator":"@PressenzaIPA","twitter_site":"@PressenzaIPA","twitter_misc":{"Escrito por":"Reda\u00e7\u00e3o Rio de Janeiro","Tempo estimado de leitura":"2 minutos"},"schema":{"@context":"https:\/\/schema.org","@graph":[{"@type":"Article","@id":"https:\/\/www.pressenza.com\/pt-pt\/2021\/12\/projeto-wakanda-apresenta-exposicao-fotografica-pretos-em-movimento\/#article","isPartOf":{"@id":"https:\/\/www.pressenza.com\/pt-pt\/2021\/12\/projeto-wakanda-apresenta-exposicao-fotografica-pretos-em-movimento\/"},"author":{"name":"Reda\u00e7\u00e3o Rio de Janeiro","@id":"https:\/\/www.pressenza.com\/pt-pt\/#\/schema\/person\/6925e927f8ff3a0cdb838320c5d12259"},"headline":"Projeto Wakanda apresenta Exposi\u00e7\u00e3o Fotogr\u00e1fica \u201cPRETOS EM MOVIMENTO\u201c","datePublished":"2021-12-31T15:08:34+00:00","dateModified":"2021-12-31T15:09:56+00:00","mainEntityOfPage":{"@id":"https:\/\/www.pressenza.com\/pt-pt\/2021\/12\/projeto-wakanda-apresenta-exposicao-fotografica-pretos-em-movimento\/"},"wordCount":422,"publisher":{"@id":"https:\/\/www.pressenza.com\/pt-pt\/#organization"},"image":{"@id":"https:\/\/www.pressenza.com\/pt-pt\/2021\/12\/projeto-wakanda-apresenta-exposicao-fotografica-pretos-em-movimento\/#primaryimage"},"thumbnailUrl":"https:\/\/www.pressenza.com\/wp-content\/uploads\/2021\/12\/IMG_5350.jpg","keywords":["artes visuais","caderno de cultura","fotografia"],"articleSection":["\u00c1m\u00e9rica do Sul","Conte\u00fado Original","Cultura e M\u00eddia","Jovens","Nota de imprensa"],"inLanguage":"pt-PT"},{"@type":"WebPage","@id":"https:\/\/www.pressenza.com\/pt-pt\/2021\/12\/projeto-wakanda-apresenta-exposicao-fotografica-pretos-em-movimento\/","url":"https:\/\/www.pressenza.com\/pt-pt\/2021\/12\/projeto-wakanda-apresenta-exposicao-fotografica-pretos-em-movimento\/","name":"Projeto Wakanda apresenta Exposi\u00e7\u00e3o Fotogr\u00e1fica \u201cPRETOS EM MOVIMENTO\u201c","isPartOf":{"@id":"https:\/\/www.pressenza.com\/pt-pt\/#website"},"primaryImageOfPage":{"@id":"https:\/\/www.pressenza.com\/pt-pt\/2021\/12\/projeto-wakanda-apresenta-exposicao-fotografica-pretos-em-movimento\/#primaryimage"},"image":{"@id":"https:\/\/www.pressenza.com\/pt-pt\/2021\/12\/projeto-wakanda-apresenta-exposicao-fotografica-pretos-em-movimento\/#primaryimage"},"thumbnailUrl":"https:\/\/www.pressenza.com\/wp-content\/uploads\/2021\/12\/IMG_5350.jpg","datePublished":"2021-12-31T15:08:34+00:00","dateModified":"2021-12-31T15:09:56+00:00","description":"ARTES VISUAIS O Projeto Wakanda apresenta: \u201cPRETOS EM MOVIMENTO\u201c. Uma exposi\u00e7\u00e3o fotogr\u00e1fica baseada no corpo negro em movimento, tanto para as suas lutas","breadcrumb":{"@id":"https:\/\/www.pressenza.com\/pt-pt\/2021\/12\/projeto-wakanda-apresenta-exposicao-fotografica-pretos-em-movimento\/#breadcrumb"},"inLanguage":"pt-PT","potentialAction":[{"@type":"ReadAction","target":["https:\/\/www.pressenza.com\/pt-pt\/2021\/12\/projeto-wakanda-apresenta-exposicao-fotografica-pretos-em-movimento\/"]}]},{"@type":"ImageObject","inLanguage":"pt-PT","@id":"https:\/\/www.pressenza.com\/pt-pt\/2021\/12\/projeto-wakanda-apresenta-exposicao-fotografica-pretos-em-movimento\/#primaryimage","url":"https:\/\/www.pressenza.com\/wp-content\/uploads\/2021\/12\/IMG_5350.jpg","contentUrl":"https:\/\/www.pressenza.com\/wp-content\/uploads\/2021\/12\/IMG_5350.jpg","width":1920,"height":1280},{"@type":"BreadcrumbList","@id":"https:\/\/www.pressenza.com\/pt-pt\/2021\/12\/projeto-wakanda-apresenta-exposicao-fotografica-pretos-em-movimento\/#breadcrumb","itemListElement":[{"@type":"ListItem","position":1,"name":"Accueil","item":"https:\/\/www.pressenza.com\/pt-pt\/"},{"@type":"ListItem","position":2,"name":"Projeto Wakanda apresenta Exposi\u00e7\u00e3o Fotogr\u00e1fica \u201cPRETOS EM MOVIMENTO\u201c"}]},{"@type":"WebSite","@id":"https:\/\/www.pressenza.com\/pt-pt\/#website","url":"https:\/\/www.pressenza.com\/pt-pt\/","name":"Pressenza","description":"International Press Agency","publisher":{"@id":"https:\/\/www.pressenza.com\/pt-pt\/#organization"},"potentialAction":[{"@type":"SearchAction","target":{"@type":"EntryPoint","urlTemplate":"https:\/\/www.pressenza.com\/pt-pt\/?s={search_term_string}"},"query-input":{"@type":"PropertyValueSpecification","valueRequired":true,"valueName":"search_term_string"}}],"inLanguage":"pt-PT"},{"@type":"Organization","@id":"https:\/\/www.pressenza.com\/pt-pt\/#organization","name":"Pressenza","url":"https:\/\/www.pressenza.com\/pt-pt\/","logo":{"@type":"ImageObject","inLanguage":"pt-PT","@id":"https:\/\/www.pressenza.com\/pt-pt\/#\/schema\/logo\/image\/","url":"https:\/\/www.pressenza.com\/wp-content\/uploads\/2022\/10\/pressenza_logo_200x200.jpg","contentUrl":"https:\/\/www.pressenza.com\/wp-content\/uploads\/2022\/10\/pressenza_logo_200x200.jpg","width":200,"height":200,"caption":"Pressenza"},"image":{"@id":"https:\/\/www.pressenza.com\/pt-pt\/#\/schema\/logo\/image\/"},"sameAs":["https:\/\/www.facebook.com\/PressenzaItalia","https:\/\/x.com\/PressenzaIPA"]},{"@type":"Person","@id":"https:\/\/www.pressenza.com\/pt-pt\/#\/schema\/person\/6925e927f8ff3a0cdb838320c5d12259","name":"Reda\u00e7\u00e3o Rio de Janeiro","description":"News published by the Pressenza bureau in Rio de Janeiro, Brazil","url":"https:\/\/www.pressenza.com\/pt-pt\/author\/redacao-rio-de-janeiro\/"}]}},"place":"","original_article_url":"","_links":{"self":[{"href":"https:\/\/www.pressenza.com\/pt-pt\/wp-json\/wp\/v2\/posts\/1497039","targetHints":{"allow":["GET"]}}],"collection":[{"href":"https:\/\/www.pressenza.com\/pt-pt\/wp-json\/wp\/v2\/posts"}],"about":[{"href":"https:\/\/www.pressenza.com\/pt-pt\/wp-json\/wp\/v2\/types\/post"}],"author":[{"embeddable":true,"href":"https:\/\/www.pressenza.com\/pt-pt\/wp-json\/wp\/v2\/users\/1685"}],"replies":[{"embeddable":true,"href":"https:\/\/www.pressenza.com\/pt-pt\/wp-json\/wp\/v2\/comments?post=1497039"}],"version-history":[{"count":0,"href":"https:\/\/www.pressenza.com\/pt-pt\/wp-json\/wp\/v2\/posts\/1497039\/revisions"}],"wp:featuredmedia":[{"embeddable":true,"href":"https:\/\/www.pressenza.com\/pt-pt\/wp-json\/wp\/v2\/media\/1497052"}],"wp:attachment":[{"href":"https:\/\/www.pressenza.com\/pt-pt\/wp-json\/wp\/v2\/media?parent=1497039"}],"wp:term":[{"taxonomy":"category","embeddable":true,"href":"https:\/\/www.pressenza.com\/pt-pt\/wp-json\/wp\/v2\/categories?post=1497039"},{"taxonomy":"post_tag","embeddable":true,"href":"https:\/\/www.pressenza.com\/pt-pt\/wp-json\/wp\/v2\/tags?post=1497039"}],"curies":[{"name":"wp","href":"https:\/\/api.w.org\/{rel}","templated":true}]}}