{"id":149008,"date":"2014-11-16T02:25:44","date_gmt":"2014-11-16T02:25:44","guid":{"rendered":"http:\/\/www.pressenza.com\/?p=149008"},"modified":"2019-08-12T12:18:30","modified_gmt":"2019-08-12T11:18:30","slug":"o-dia-em-que-arvores-se-vestem","status":"publish","type":"post","link":"https:\/\/www.pressenza.com\/pt-pt\/2014\/11\/o-dia-em-que-arvores-se-vestem\/","title":{"rendered":"O dia em que as \u00e1rvores se vestem"},"content":{"rendered":"<p>O Jardim Imagin\u00e1rio, terreno camar\u00e1rio que a popula\u00e7\u00e3o da Areosa, na cidade do Porto (Portugal) reclama como parque p\u00fablico, vai receber no domingo, 16 de novembro, a iniciativa \u201cVestir as \u00e1rvores\u201d. A proposta \u00e9 a de que os vizinhos decorem as \u00e1rvores com trabalhos de tricot ou outros materiais (tecidos, retalhos, \u2026). \u00c9 uma atividade que apela ao conv\u00edvio e ao conhecimento entre vizinhos, fortalecendo o sentido de comunidade e dando mais \u201cenergia\u201d ao projeto do jardim.<br \/>\nO evento decorrer\u00e1 entre as 15h e as 18h no terreno do futuro jardim da Areosa \u2013 Jardim Imagin\u00e1rio, na Rua Dr. Eduardo Santos Silva, pr\u00f3ximo da igreja local.<\/p>\n<p>Veja abaixo o v\u00eddeo promocional desta iniciativa (que pode ser visualizado atrav\u00e9s do seguinte link: <a href=\"https:\/\/www.youtube.com\/watch?v=q0vJ9awQb38\" target=\"_blank\">https:\/\/www.youtube.com\/watch?v=q0vJ9awQb38<\/a>)<\/p>\n<p><iframe loading=\"lazy\" src=\"\/\/www.youtube.com\/embed\/q0vJ9awQb38\" width=\"560\" height=\"315\" frameborder=\"0\" allowfullscreen=\"allowfullscreen\"><\/iframe><\/p>\n<p>&nbsp;<\/p>\n<p><a href=\"http:\/\/www.pressenza.com\/wp-content\/uploads\/2014\/11\/vestir-as-arvores-webmail.jpg\" target=\"_blank\"><img loading=\"lazy\" decoding=\"async\" class=\"alignnone size-medium wp-image-149009\" src=\"http:\/\/www.pressenza.com\/wp-content\/uploads\/2014\/11\/vestir-as-arvores-webmail-211x300.jpg\" alt=\"vestir-as-arvores-webmail\" width=\"211\" height=\"300\" srcset=\"https:\/\/www.pressenza.com\/wp-content\/uploads\/2014\/11\/vestir-as-arvores-webmail-211x300.jpg 211w, https:\/\/www.pressenza.com\/wp-content\/uploads\/2014\/11\/vestir-as-arvores-webmail.jpg 595w\" sizes=\"auto, (max-width: 211px) 100vw, 211px\" \/><\/a><\/p>\n","protected":false},"excerpt":{"rendered":"<p>O Jardim Imagin\u00e1rio, terreno camar\u00e1rio que a popula\u00e7\u00e3o da Areosa, na cidade do Porto (Portugal) reclama como parque p\u00fablico, vai receber no domingo, 16 de novembro, a iniciativa \u201cVestir as \u00e1rvores\u201d. A proposta \u00e9 a de que os vizinhos decorem&hellip;<\/p>\n","protected":false},"author":1045,"featured_media":149695,"comment_status":"closed","ping_status":"open","sticky":false,"template":"","format":"standard","meta":{"footnotes":""},"categories":[11390,115,103,1254,153,111],"tags":[12810,32092,7504],"class_list":["post-149008","post","type-post","status-publish","format-standard","has-post-thumbnail","hentry","category-conteudo-original","category-ecologia-e-meio-ambiente","category-europa-pt-pt","category-humanismo-espiritualidade","category-nota-de-imprensa","category-politica-pt-pt","tag-humanistas","tag-nao-violencia","tag-portugal-pt"],"yoast_head":"<!-- This site is optimized with the Yoast SEO plugin v27.1.1 - https:\/\/yoast.com\/product\/yoast-seo-wordpress\/ -->\n<title>O dia em que as \u00e1rvores se vestem<\/title>\n<meta name=\"description\" content=\"O Jardim Imagin\u00e1rio, terreno camar\u00e1rio que a popula\u00e7\u00e3o da Areosa, na cidade do Porto (Portugal) reclama como parque p\u00fablico, vai receber no domingo, 16 de\" \/>\n<meta name=\"robots\" content=\"index, follow, max-snippet:-1, max-image-preview:large, max-video-preview:-1\" \/>\n<link rel=\"canonical\" href=\"https:\/\/www.pressenza.com\/pt-pt\/2014\/11\/o-dia-em-que-arvores-se-vestem\/\" \/>\n<meta property=\"og:locale\" content=\"pt_PT\" \/>\n<meta property=\"og:type\" content=\"article\" \/>\n<meta property=\"og:title\" content=\"O dia em que as \u00e1rvores se vestem\" \/>\n<meta property=\"og:description\" content=\"O Jardim Imagin\u00e1rio, terreno camar\u00e1rio que a popula\u00e7\u00e3o da Areosa, na cidade do Porto (Portugal) reclama como parque p\u00fablico, vai receber no domingo, 16 de\" \/>\n<meta property=\"og:url\" content=\"https:\/\/www.pressenza.com\/pt-pt\/2014\/11\/o-dia-em-que-arvores-se-vestem\/\" \/>\n<meta property=\"og:site_name\" content=\"Pressenza\" \/>\n<meta property=\"article:publisher\" content=\"https:\/\/www.facebook.com\/PressenzaItalia\" \/>\n<meta property=\"article:published_time\" content=\"2014-11-16T02:25:44+00:00\" \/>\n<meta property=\"article:modified_time\" content=\"2019-08-12T11:18:30+00:00\" \/>\n<meta property=\"og:image\" content=\"https:\/\/www.pressenza.com\/wp-content\/uploads\/2014\/11\/vestir-as-arvores-2.jpg\" \/>\n\t<meta property=\"og:image:width\" content=\"750\" \/>\n\t<meta property=\"og:image:height\" content=\"736\" \/>\n\t<meta property=\"og:image:type\" content=\"image\/jpeg\" \/>\n<meta name=\"author\" content=\"Luis Filipe Guerra\" \/>\n<meta name=\"twitter:card\" content=\"summary_large_image\" \/>\n<meta name=\"twitter:creator\" content=\"@PressenzaIPA\" \/>\n<meta name=\"twitter:site\" content=\"@PressenzaIPA\" \/>\n<meta name=\"twitter:label1\" content=\"Escrito por\" \/>\n\t<meta name=\"twitter:data1\" content=\"Luis Filipe Guerra\" \/>\n\t<meta name=\"twitter:label2\" content=\"Tempo estimado de leitura\" \/>\n\t<meta name=\"twitter:data2\" content=\"1 minuto\" \/>\n<script type=\"application\/ld+json\" class=\"yoast-schema-graph\">{\"@context\":\"https:\/\/schema.org\",\"@graph\":[{\"@type\":\"Article\",\"@id\":\"https:\/\/www.pressenza.com\/pt-pt\/2014\/11\/o-dia-em-que-arvores-se-vestem\/#article\",\"isPartOf\":{\"@id\":\"https:\/\/www.pressenza.com\/pt-pt\/2014\/11\/o-dia-em-que-arvores-se-vestem\/\"},\"author\":{\"name\":\"Luis Filipe Guerra\",\"@id\":\"https:\/\/www.pressenza.com\/pt-pt\/#\/schema\/person\/7a01b4201f2ec7898c54b4ebf2103653\"},\"headline\":\"O dia em que as \u00e1rvores se vestem\",\"datePublished\":\"2014-11-16T02:25:44+00:00\",\"dateModified\":\"2019-08-12T11:18:30+00:00\",\"mainEntityOfPage\":{\"@id\":\"https:\/\/www.pressenza.com\/pt-pt\/2014\/11\/o-dia-em-que-arvores-se-vestem\/\"},\"wordCount\":143,\"publisher\":{\"@id\":\"https:\/\/www.pressenza.com\/pt-pt\/#organization\"},\"image\":{\"@id\":\"https:\/\/www.pressenza.com\/pt-pt\/2014\/11\/o-dia-em-que-arvores-se-vestem\/#primaryimage\"},\"thumbnailUrl\":\"https:\/\/www.pressenza.com\/wp-content\/uploads\/2014\/11\/vestir-as-arvores-2.jpg\",\"keywords\":[\"humanistas\",\"N\u00e3o-viol\u00eancia\",\"Portugal\"],\"articleSection\":[\"Conte\u00fado Original\",\"Ecologia e Meio Ambiente\",\"Europa\",\"Humanismo e Espiritualidade\",\"Nota de imprensa\",\"Pol\u00edtica\"],\"inLanguage\":\"pt-PT\"},{\"@type\":\"WebPage\",\"@id\":\"https:\/\/www.pressenza.com\/pt-pt\/2014\/11\/o-dia-em-que-arvores-se-vestem\/\",\"url\":\"https:\/\/www.pressenza.com\/pt-pt\/2014\/11\/o-dia-em-que-arvores-se-vestem\/\",\"name\":\"O dia em que as \u00e1rvores se vestem\",\"isPartOf\":{\"@id\":\"https:\/\/www.pressenza.com\/pt-pt\/#website\"},\"primaryImageOfPage\":{\"@id\":\"https:\/\/www.pressenza.com\/pt-pt\/2014\/11\/o-dia-em-que-arvores-se-vestem\/#primaryimage\"},\"image\":{\"@id\":\"https:\/\/www.pressenza.com\/pt-pt\/2014\/11\/o-dia-em-que-arvores-se-vestem\/#primaryimage\"},\"thumbnailUrl\":\"https:\/\/www.pressenza.com\/wp-content\/uploads\/2014\/11\/vestir-as-arvores-2.jpg\",\"datePublished\":\"2014-11-16T02:25:44+00:00\",\"dateModified\":\"2019-08-12T11:18:30+00:00\",\"description\":\"O Jardim Imagin\u00e1rio, terreno camar\u00e1rio que a popula\u00e7\u00e3o da Areosa, na cidade do Porto (Portugal) reclama como parque p\u00fablico, vai receber no domingo, 16 de\",\"breadcrumb\":{\"@id\":\"https:\/\/www.pressenza.com\/pt-pt\/2014\/11\/o-dia-em-que-arvores-se-vestem\/#breadcrumb\"},\"inLanguage\":\"pt-PT\",\"potentialAction\":[{\"@type\":\"ReadAction\",\"target\":[\"https:\/\/www.pressenza.com\/pt-pt\/2014\/11\/o-dia-em-que-arvores-se-vestem\/\"]}]},{\"@type\":\"ImageObject\",\"inLanguage\":\"pt-PT\",\"@id\":\"https:\/\/www.pressenza.com\/pt-pt\/2014\/11\/o-dia-em-que-arvores-se-vestem\/#primaryimage\",\"url\":\"https:\/\/www.pressenza.com\/wp-content\/uploads\/2014\/11\/vestir-as-arvores-2.jpg\",\"contentUrl\":\"https:\/\/www.pressenza.com\/wp-content\/uploads\/2014\/11\/vestir-as-arvores-2.jpg\",\"width\":750,\"height\":736},{\"@type\":\"BreadcrumbList\",\"@id\":\"https:\/\/www.pressenza.com\/pt-pt\/2014\/11\/o-dia-em-que-arvores-se-vestem\/#breadcrumb\",\"itemListElement\":[{\"@type\":\"ListItem\",\"position\":1,\"name\":\"Accueil\",\"item\":\"https:\/\/www.pressenza.com\/pt-pt\/\"},{\"@type\":\"ListItem\",\"position\":2,\"name\":\"O dia em que as \u00e1rvores se vestem\"}]},{\"@type\":\"WebSite\",\"@id\":\"https:\/\/www.pressenza.com\/pt-pt\/#website\",\"url\":\"https:\/\/www.pressenza.com\/pt-pt\/\",\"name\":\"Pressenza\",\"description\":\"International Press Agency\",\"publisher\":{\"@id\":\"https:\/\/www.pressenza.com\/pt-pt\/#organization\"},\"potentialAction\":[{\"@type\":\"SearchAction\",\"target\":{\"@type\":\"EntryPoint\",\"urlTemplate\":\"https:\/\/www.pressenza.com\/pt-pt\/?s={search_term_string}\"},\"query-input\":{\"@type\":\"PropertyValueSpecification\",\"valueRequired\":true,\"valueName\":\"search_term_string\"}}],\"inLanguage\":\"pt-PT\"},{\"@type\":\"Organization\",\"@id\":\"https:\/\/www.pressenza.com\/pt-pt\/#organization\",\"name\":\"Pressenza\",\"url\":\"https:\/\/www.pressenza.com\/pt-pt\/\",\"logo\":{\"@type\":\"ImageObject\",\"inLanguage\":\"pt-PT\",\"@id\":\"https:\/\/www.pressenza.com\/pt-pt\/#\/schema\/logo\/image\/\",\"url\":\"https:\/\/www.pressenza.com\/wp-content\/uploads\/2022\/10\/pressenza_logo_200x200.jpg\",\"contentUrl\":\"https:\/\/www.pressenza.com\/wp-content\/uploads\/2022\/10\/pressenza_logo_200x200.jpg\",\"width\":200,\"height\":200,\"caption\":\"Pressenza\"},\"image\":{\"@id\":\"https:\/\/www.pressenza.com\/pt-pt\/#\/schema\/logo\/image\/\"},\"sameAs\":[\"https:\/\/www.facebook.com\/PressenzaItalia\",\"https:\/\/x.com\/PressenzaIPA\"]},{\"@type\":\"Person\",\"@id\":\"https:\/\/www.pressenza.com\/pt-pt\/#\/schema\/person\/7a01b4201f2ec7898c54b4ebf2103653\",\"name\":\"Luis Filipe Guerra\",\"url\":\"https:\/\/www.pressenza.com\/pt-pt\/author\/luis-filipe-guerra\/\"}]}<\/script>\n<!-- \/ Yoast SEO plugin. -->","yoast_head_json":{"title":"O dia em que as \u00e1rvores se vestem","description":"O Jardim Imagin\u00e1rio, terreno camar\u00e1rio que a popula\u00e7\u00e3o da Areosa, na cidade do Porto (Portugal) reclama como parque p\u00fablico, vai receber no domingo, 16 de","robots":{"index":"index","follow":"follow","max-snippet":"max-snippet:-1","max-image-preview":"max-image-preview:large","max-video-preview":"max-video-preview:-1"},"canonical":"https:\/\/www.pressenza.com\/pt-pt\/2014\/11\/o-dia-em-que-arvores-se-vestem\/","og_locale":"pt_PT","og_type":"article","og_title":"O dia em que as \u00e1rvores se vestem","og_description":"O Jardim Imagin\u00e1rio, terreno camar\u00e1rio que a popula\u00e7\u00e3o da Areosa, na cidade do Porto (Portugal) reclama como parque p\u00fablico, vai receber no domingo, 16 de","og_url":"https:\/\/www.pressenza.com\/pt-pt\/2014\/11\/o-dia-em-que-arvores-se-vestem\/","og_site_name":"Pressenza","article_publisher":"https:\/\/www.facebook.com\/PressenzaItalia","article_published_time":"2014-11-16T02:25:44+00:00","article_modified_time":"2019-08-12T11:18:30+00:00","og_image":[{"width":750,"height":736,"url":"https:\/\/www.pressenza.com\/wp-content\/uploads\/2014\/11\/vestir-as-arvores-2.jpg","type":"image\/jpeg"}],"author":"Luis Filipe Guerra","twitter_card":"summary_large_image","twitter_creator":"@PressenzaIPA","twitter_site":"@PressenzaIPA","twitter_misc":{"Escrito por":"Luis Filipe Guerra","Tempo estimado de leitura":"1 minuto"},"schema":{"@context":"https:\/\/schema.org","@graph":[{"@type":"Article","@id":"https:\/\/www.pressenza.com\/pt-pt\/2014\/11\/o-dia-em-que-arvores-se-vestem\/#article","isPartOf":{"@id":"https:\/\/www.pressenza.com\/pt-pt\/2014\/11\/o-dia-em-que-arvores-se-vestem\/"},"author":{"name":"Luis Filipe Guerra","@id":"https:\/\/www.pressenza.com\/pt-pt\/#\/schema\/person\/7a01b4201f2ec7898c54b4ebf2103653"},"headline":"O dia em que as \u00e1rvores se vestem","datePublished":"2014-11-16T02:25:44+00:00","dateModified":"2019-08-12T11:18:30+00:00","mainEntityOfPage":{"@id":"https:\/\/www.pressenza.com\/pt-pt\/2014\/11\/o-dia-em-que-arvores-se-vestem\/"},"wordCount":143,"publisher":{"@id":"https:\/\/www.pressenza.com\/pt-pt\/#organization"},"image":{"@id":"https:\/\/www.pressenza.com\/pt-pt\/2014\/11\/o-dia-em-que-arvores-se-vestem\/#primaryimage"},"thumbnailUrl":"https:\/\/www.pressenza.com\/wp-content\/uploads\/2014\/11\/vestir-as-arvores-2.jpg","keywords":["humanistas","N\u00e3o-viol\u00eancia","Portugal"],"articleSection":["Conte\u00fado Original","Ecologia e Meio Ambiente","Europa","Humanismo e Espiritualidade","Nota de imprensa","Pol\u00edtica"],"inLanguage":"pt-PT"},{"@type":"WebPage","@id":"https:\/\/www.pressenza.com\/pt-pt\/2014\/11\/o-dia-em-que-arvores-se-vestem\/","url":"https:\/\/www.pressenza.com\/pt-pt\/2014\/11\/o-dia-em-que-arvores-se-vestem\/","name":"O dia em que as \u00e1rvores se vestem","isPartOf":{"@id":"https:\/\/www.pressenza.com\/pt-pt\/#website"},"primaryImageOfPage":{"@id":"https:\/\/www.pressenza.com\/pt-pt\/2014\/11\/o-dia-em-que-arvores-se-vestem\/#primaryimage"},"image":{"@id":"https:\/\/www.pressenza.com\/pt-pt\/2014\/11\/o-dia-em-que-arvores-se-vestem\/#primaryimage"},"thumbnailUrl":"https:\/\/www.pressenza.com\/wp-content\/uploads\/2014\/11\/vestir-as-arvores-2.jpg","datePublished":"2014-11-16T02:25:44+00:00","dateModified":"2019-08-12T11:18:30+00:00","description":"O Jardim Imagin\u00e1rio, terreno camar\u00e1rio que a popula\u00e7\u00e3o da Areosa, na cidade do Porto (Portugal) reclama como parque p\u00fablico, vai receber no domingo, 16 de","breadcrumb":{"@id":"https:\/\/www.pressenza.com\/pt-pt\/2014\/11\/o-dia-em-que-arvores-se-vestem\/#breadcrumb"},"inLanguage":"pt-PT","potentialAction":[{"@type":"ReadAction","target":["https:\/\/www.pressenza.com\/pt-pt\/2014\/11\/o-dia-em-que-arvores-se-vestem\/"]}]},{"@type":"ImageObject","inLanguage":"pt-PT","@id":"https:\/\/www.pressenza.com\/pt-pt\/2014\/11\/o-dia-em-que-arvores-se-vestem\/#primaryimage","url":"https:\/\/www.pressenza.com\/wp-content\/uploads\/2014\/11\/vestir-as-arvores-2.jpg","contentUrl":"https:\/\/www.pressenza.com\/wp-content\/uploads\/2014\/11\/vestir-as-arvores-2.jpg","width":750,"height":736},{"@type":"BreadcrumbList","@id":"https:\/\/www.pressenza.com\/pt-pt\/2014\/11\/o-dia-em-que-arvores-se-vestem\/#breadcrumb","itemListElement":[{"@type":"ListItem","position":1,"name":"Accueil","item":"https:\/\/www.pressenza.com\/pt-pt\/"},{"@type":"ListItem","position":2,"name":"O dia em que as \u00e1rvores se vestem"}]},{"@type":"WebSite","@id":"https:\/\/www.pressenza.com\/pt-pt\/#website","url":"https:\/\/www.pressenza.com\/pt-pt\/","name":"Pressenza","description":"International Press Agency","publisher":{"@id":"https:\/\/www.pressenza.com\/pt-pt\/#organization"},"potentialAction":[{"@type":"SearchAction","target":{"@type":"EntryPoint","urlTemplate":"https:\/\/www.pressenza.com\/pt-pt\/?s={search_term_string}"},"query-input":{"@type":"PropertyValueSpecification","valueRequired":true,"valueName":"search_term_string"}}],"inLanguage":"pt-PT"},{"@type":"Organization","@id":"https:\/\/www.pressenza.com\/pt-pt\/#organization","name":"Pressenza","url":"https:\/\/www.pressenza.com\/pt-pt\/","logo":{"@type":"ImageObject","inLanguage":"pt-PT","@id":"https:\/\/www.pressenza.com\/pt-pt\/#\/schema\/logo\/image\/","url":"https:\/\/www.pressenza.com\/wp-content\/uploads\/2022\/10\/pressenza_logo_200x200.jpg","contentUrl":"https:\/\/www.pressenza.com\/wp-content\/uploads\/2022\/10\/pressenza_logo_200x200.jpg","width":200,"height":200,"caption":"Pressenza"},"image":{"@id":"https:\/\/www.pressenza.com\/pt-pt\/#\/schema\/logo\/image\/"},"sameAs":["https:\/\/www.facebook.com\/PressenzaItalia","https:\/\/x.com\/PressenzaIPA"]},{"@type":"Person","@id":"https:\/\/www.pressenza.com\/pt-pt\/#\/schema\/person\/7a01b4201f2ec7898c54b4ebf2103653","name":"Luis Filipe Guerra","url":"https:\/\/www.pressenza.com\/pt-pt\/author\/luis-filipe-guerra\/"}]}},"place":"","original_article_url":"","_links":{"self":[{"href":"https:\/\/www.pressenza.com\/pt-pt\/wp-json\/wp\/v2\/posts\/149008","targetHints":{"allow":["GET"]}}],"collection":[{"href":"https:\/\/www.pressenza.com\/pt-pt\/wp-json\/wp\/v2\/posts"}],"about":[{"href":"https:\/\/www.pressenza.com\/pt-pt\/wp-json\/wp\/v2\/types\/post"}],"author":[{"embeddable":true,"href":"https:\/\/www.pressenza.com\/pt-pt\/wp-json\/wp\/v2\/users\/1045"}],"replies":[{"embeddable":true,"href":"https:\/\/www.pressenza.com\/pt-pt\/wp-json\/wp\/v2\/comments?post=149008"}],"version-history":[{"count":0,"href":"https:\/\/www.pressenza.com\/pt-pt\/wp-json\/wp\/v2\/posts\/149008\/revisions"}],"wp:featuredmedia":[{"embeddable":true,"href":"https:\/\/www.pressenza.com\/pt-pt\/wp-json\/wp\/v2\/media\/149695"}],"wp:attachment":[{"href":"https:\/\/www.pressenza.com\/pt-pt\/wp-json\/wp\/v2\/media?parent=149008"}],"wp:term":[{"taxonomy":"category","embeddable":true,"href":"https:\/\/www.pressenza.com\/pt-pt\/wp-json\/wp\/v2\/categories?post=149008"},{"taxonomy":"post_tag","embeddable":true,"href":"https:\/\/www.pressenza.com\/pt-pt\/wp-json\/wp\/v2\/tags?post=149008"}],"curies":[{"name":"wp","href":"https:\/\/api.w.org\/{rel}","templated":true}]}}