{"id":1465897,"date":"2021-11-07T23:43:20","date_gmt":"2021-11-07T23:43:20","guid":{"rendered":"https:\/\/www.pressenza.com\/?p=1465897"},"modified":"2021-11-07T23:43:20","modified_gmt":"2021-11-07T23:43:20","slug":"15o-encontro-anual-do-forum-brasileiro-de-seguranca-publica-discute-politicas-de-prevencao-a-violencia","status":"publish","type":"post","link":"https:\/\/www.pressenza.com\/pt-pt\/2021\/11\/15o-encontro-anual-do-forum-brasileiro-de-seguranca-publica-discute-politicas-de-prevencao-a-violencia\/","title":{"rendered":"15\u00ba Encontro Anual do F\u00f3rum Brasileiro de Seguran\u00e7a P\u00fablica discute pol\u00edticas de preven\u00e7\u00e3o \u00e0 viol\u00eancia"},"content":{"rendered":"<p>De 8\u00a0 12 de novembro acontecer\u00e1 o 15\u00ba Encontro Anual do F\u00f3rum Brasileiro de Seguran\u00e7a P\u00fablica. O evento, que se realiza desde o ano 2006, re\u00fane diferentes segmentos de profissionais da seguran\u00e7a p\u00fablica (policiais e n\u00e3o policiais), academia e sociedade civil do pa\u00eds, bem como da comunidade internacional, a fim de discutir sobre o aperfei\u00e7oamento e moderniza\u00e7\u00e3o da seguran\u00e7a p\u00fablica no Brasil. Essa edi\u00e7\u00e3o reunir\u00e1 policiais e demais operadores do sistema de justi\u00e7a criminal, ativistas, representantes da sociedade civil organizada e pesquisadores\/as engajados\/as na reflex\u00e3o sobre v\u00e1rios temas.<\/p>\n<p>A programa\u00e7\u00e3o ser\u00e1 vasta. No dia 8\/9 estar\u00e3o em pauta \u201cO impacto da viol\u00eancia das cidades: pol\u00edticas de mitiga\u00e7\u00e3o e preven\u00e7\u00e3o\u201d; \u201cO que estamos financiando em seguran\u00e7a p\u00fablica no Brasil?\u201d; \u201cPrevenindo injusti\u00e7as: diretrizes para reconhecimento de suspeitos em processos criminais\u201d; Debate e Lan\u00e7amento do livro \u201cSeguran\u00e7a P\u00fablica ap\u00f3s 1988: hist\u00f3ria de uma constru\u00e7\u00e3o inacabada\u201d.<\/p>\n<p>No segundo dia (9\/11) os temas em pauta ser\u00e3o \u201cDin\u00e2micas do narcotr\u00e1fico na regi\u00e3o amaz\u00f4nica\u201d; \u201cDi\u00e1logo Brasil-Portugal: Seguran\u00e7a P\u00fablica em perspectiva comparada\u201d; \u201cA constru\u00e7\u00e3o da identidade profissional dos agentes de seguran\u00e7a p\u00fablica\u201d e \u201c15 anos da lei Maria da Penha e o crime de viol\u00eancia psicol\u00f3gica e \u201dNovos crimes de viol\u00eancia psicol\u00f3gica e <em>stalking<\/em> e viol\u00eancia contra mulheres\u201d. No dia seguinte (10\/11) ser\u00e3o debatidos temas como \u201cRacismo institucional e sistema de justi\u00e7a\u201d; \u201cSeguran\u00e7a p\u00fablica em n\u00fameros\u201d; \u201cAcesso \u00e0 justi\u00e7a e Direitos Humanos: desafios da sociedade civil em 2022\u201d e \u201cO impacto da viol\u00eancia contra a mulher em seu cotidiano\u201d.<\/p>\n<p>No pen\u00faltimo dia do evento (11\/11) as discuss\u00f5es girar\u00e3o em torno dos seguintes temas: \u201cTend\u00eancias da criminalidade no Brasil\u201d e \u201cInterven\u00e7\u00f5es estatais e viol\u00eancia de g\u00eanero\u201d. No quinto e \u00faltimo dia (12\/11) ser\u00e3o debatidas quest\u00f5es como\u00a0 O Papel da Guarda Civil Municipal no SUSP\u201d; \u201cO policiamento de manifesta\u00e7\u00f5es na Irlanda do Norte\u201d e \u201cMotiva\u00e7\u00f5es, formas e consequ\u00eancias do uso da for\u00e7a letal por policiais no Brasil\u201d.<\/p>\n<p>A 15\u00aa edi\u00e7\u00e3o do F\u00f3rum Brasileiro de Seguran\u00e7a P\u00fablica ser\u00e1 virtual (atrav\u00e9s da plataforma <em>Yazo<\/em>), por causa das restri\u00e7\u00f5es impostas pela pandemia de Covid-19, com entrada gratuita. Para se inscrever \u00e9 s\u00f3 \u00a0acessar :\u00a0<a href=\"https:\/\/forlink.forumseguranca.org.br\/cl\/PMIVt\/IAz\/359c\/JlI73V5aUdV\/BPKR\/GvjyKFUY-GV\/1\/\" target=\"_blank\" rel=\"noopener\">https:\/\/15encontrofbsp.yazo.com.br\/.<\/a><\/p>\n","protected":false},"excerpt":{"rendered":"<p>De 8\u00a0 12 de novembro acontecer\u00e1 o 15\u00ba Encontro Anual do F\u00f3rum Brasileiro de Seguran\u00e7a P\u00fablica. O evento, que se realiza desde o ano 2006, re\u00fane diferentes segmentos de profissionais da seguran\u00e7a p\u00fablica (policiais e n\u00e3o policiais), academia e sociedade&hellip;<\/p>\n","protected":false},"author":44,"featured_media":1465898,"comment_status":"closed","ping_status":"closed","sticky":false,"template":"","format":"standard","meta":{"footnotes":""},"categories":[104,1256,153],"tags":[2744,96533,50592,2887],"class_list":["post-1465897","post","type-post","status-publish","format-standard","has-post-thumbnail","hentry","category-america-do-sul","category-nao-violencia","category-nota-de-imprensa","tag-brasil","tag-prevecao","tag-seguranca-publica","tag-violencia-pt-pt"],"yoast_head":"<!-- This site is optimized with the Yoast SEO plugin v27.1.1 - https:\/\/yoast.com\/product\/yoast-seo-wordpress\/ -->\n<title>15\u00ba Encontro Anual do F\u00f3rum Brasileiro de Seguran\u00e7a P\u00fablica discute pol\u00edticas de preven\u00e7\u00e3o \u00e0 viol\u00eancia<\/title>\n<meta name=\"description\" content=\"De 8\u00a0 12 de novembro acontecer\u00e1 o 15\u00ba Encontro Anual do F\u00f3rum Brasileiro de Seguran\u00e7a P\u00fablica. O evento, que se realiza desde o ano 2006, re\u00fane diferentes\" \/>\n<meta name=\"robots\" content=\"index, follow, max-snippet:-1, max-image-preview:large, max-video-preview:-1\" \/>\n<link rel=\"canonical\" href=\"https:\/\/www.pressenza.com\/pt-pt\/2021\/11\/15o-encontro-anual-do-forum-brasileiro-de-seguranca-publica-discute-politicas-de-prevencao-a-violencia\/\" \/>\n<meta property=\"og:locale\" content=\"pt_PT\" \/>\n<meta property=\"og:type\" content=\"article\" \/>\n<meta property=\"og:title\" content=\"15\u00ba Encontro Anual do F\u00f3rum Brasileiro de Seguran\u00e7a P\u00fablica discute pol\u00edticas de preven\u00e7\u00e3o \u00e0 viol\u00eancia\" \/>\n<meta property=\"og:description\" content=\"De 8\u00a0 12 de novembro acontecer\u00e1 o 15\u00ba Encontro Anual do F\u00f3rum Brasileiro de Seguran\u00e7a P\u00fablica. O evento, que se realiza desde o ano 2006, re\u00fane diferentes\" \/>\n<meta property=\"og:url\" content=\"https:\/\/www.pressenza.com\/pt-pt\/2021\/11\/15o-encontro-anual-do-forum-brasileiro-de-seguranca-publica-discute-politicas-de-prevencao-a-violencia\/\" \/>\n<meta property=\"og:site_name\" content=\"Pressenza\" \/>\n<meta property=\"article:publisher\" content=\"https:\/\/www.facebook.com\/PressenzaItalia\" \/>\n<meta property=\"article:author\" content=\"https:\/\/www.facebook.com\/PressenzaPortugues\" \/>\n<meta property=\"article:published_time\" content=\"2021-11-07T23:43:20+00:00\" \/>\n<meta property=\"og:image\" content=\"https:\/\/www.pressenza.com\/wp-content\/uploads\/2021\/11\/encontro.jpg\" \/>\n\t<meta property=\"og:image:width\" content=\"820\" \/>\n\t<meta property=\"og:image:height\" content=\"577\" \/>\n\t<meta property=\"og:image:type\" content=\"image\/jpeg\" \/>\n<meta name=\"author\" content=\"Reda\u00e7\u00e3o S\u00e3o Paulo\" \/>\n<meta name=\"twitter:card\" content=\"summary_large_image\" \/>\n<meta name=\"twitter:creator\" content=\"@pressenza_pt\" \/>\n<meta name=\"twitter:site\" content=\"@PressenzaIPA\" \/>\n<meta name=\"twitter:label1\" content=\"Escrito por\" \/>\n\t<meta name=\"twitter:data1\" content=\"Reda\u00e7\u00e3o S\u00e3o Paulo\" \/>\n\t<meta name=\"twitter:label2\" content=\"Tempo estimado de leitura\" \/>\n\t<meta name=\"twitter:data2\" content=\"2 minutos\" \/>\n<script type=\"application\/ld+json\" class=\"yoast-schema-graph\">{\"@context\":\"https:\/\/schema.org\",\"@graph\":[{\"@type\":\"Article\",\"@id\":\"https:\/\/www.pressenza.com\/pt-pt\/2021\/11\/15o-encontro-anual-do-forum-brasileiro-de-seguranca-publica-discute-politicas-de-prevencao-a-violencia\/#article\",\"isPartOf\":{\"@id\":\"https:\/\/www.pressenza.com\/pt-pt\/2021\/11\/15o-encontro-anual-do-forum-brasileiro-de-seguranca-publica-discute-politicas-de-prevencao-a-violencia\/\"},\"author\":{\"name\":\"Reda\u00e7\u00e3o S\u00e3o Paulo\",\"@id\":\"https:\/\/www.pressenza.com\/pt-pt\/#\/schema\/person\/d171826afb7693cfc394da95892bfd93\"},\"headline\":\"15\u00ba Encontro Anual do F\u00f3rum Brasileiro de Seguran\u00e7a P\u00fablica discute pol\u00edticas de preven\u00e7\u00e3o \u00e0 viol\u00eancia\",\"datePublished\":\"2021-11-07T23:43:20+00:00\",\"mainEntityOfPage\":{\"@id\":\"https:\/\/www.pressenza.com\/pt-pt\/2021\/11\/15o-encontro-anual-do-forum-brasileiro-de-seguranca-publica-discute-politicas-de-prevencao-a-violencia\/\"},\"wordCount\":424,\"publisher\":{\"@id\":\"https:\/\/www.pressenza.com\/pt-pt\/#organization\"},\"image\":{\"@id\":\"https:\/\/www.pressenza.com\/pt-pt\/2021\/11\/15o-encontro-anual-do-forum-brasileiro-de-seguranca-publica-discute-politicas-de-prevencao-a-violencia\/#primaryimage\"},\"thumbnailUrl\":\"https:\/\/www.pressenza.com\/wp-content\/uploads\/2021\/11\/encontro.jpg\",\"keywords\":[\"Brasil\",\"preve\u00e7\u00e3o\",\"seguran\u00e7a p\u00fablica\",\"viol\u00eancia\"],\"articleSection\":[\"\u00c1m\u00e9rica do Sul\",\"N\u00e3o viol\u00eancia\",\"Nota de imprensa\"],\"inLanguage\":\"pt-PT\"},{\"@type\":\"WebPage\",\"@id\":\"https:\/\/www.pressenza.com\/pt-pt\/2021\/11\/15o-encontro-anual-do-forum-brasileiro-de-seguranca-publica-discute-politicas-de-prevencao-a-violencia\/\",\"url\":\"https:\/\/www.pressenza.com\/pt-pt\/2021\/11\/15o-encontro-anual-do-forum-brasileiro-de-seguranca-publica-discute-politicas-de-prevencao-a-violencia\/\",\"name\":\"15\u00ba Encontro Anual do F\u00f3rum Brasileiro de Seguran\u00e7a P\u00fablica discute pol\u00edticas de preven\u00e7\u00e3o \u00e0 viol\u00eancia\",\"isPartOf\":{\"@id\":\"https:\/\/www.pressenza.com\/pt-pt\/#website\"},\"primaryImageOfPage\":{\"@id\":\"https:\/\/www.pressenza.com\/pt-pt\/2021\/11\/15o-encontro-anual-do-forum-brasileiro-de-seguranca-publica-discute-politicas-de-prevencao-a-violencia\/#primaryimage\"},\"image\":{\"@id\":\"https:\/\/www.pressenza.com\/pt-pt\/2021\/11\/15o-encontro-anual-do-forum-brasileiro-de-seguranca-publica-discute-politicas-de-prevencao-a-violencia\/#primaryimage\"},\"thumbnailUrl\":\"https:\/\/www.pressenza.com\/wp-content\/uploads\/2021\/11\/encontro.jpg\",\"datePublished\":\"2021-11-07T23:43:20+00:00\",\"description\":\"De 8\u00a0 12 de novembro acontecer\u00e1 o 15\u00ba Encontro Anual do F\u00f3rum Brasileiro de Seguran\u00e7a P\u00fablica. O evento, que se realiza desde o ano 2006, re\u00fane diferentes\",\"breadcrumb\":{\"@id\":\"https:\/\/www.pressenza.com\/pt-pt\/2021\/11\/15o-encontro-anual-do-forum-brasileiro-de-seguranca-publica-discute-politicas-de-prevencao-a-violencia\/#breadcrumb\"},\"inLanguage\":\"pt-PT\",\"potentialAction\":[{\"@type\":\"ReadAction\",\"target\":[\"https:\/\/www.pressenza.com\/pt-pt\/2021\/11\/15o-encontro-anual-do-forum-brasileiro-de-seguranca-publica-discute-politicas-de-prevencao-a-violencia\/\"]}]},{\"@type\":\"ImageObject\",\"inLanguage\":\"pt-PT\",\"@id\":\"https:\/\/www.pressenza.com\/pt-pt\/2021\/11\/15o-encontro-anual-do-forum-brasileiro-de-seguranca-publica-discute-politicas-de-prevencao-a-violencia\/#primaryimage\",\"url\":\"https:\/\/www.pressenza.com\/wp-content\/uploads\/2021\/11\/encontro.jpg\",\"contentUrl\":\"https:\/\/www.pressenza.com\/wp-content\/uploads\/2021\/11\/encontro.jpg\",\"width\":820,\"height\":577},{\"@type\":\"BreadcrumbList\",\"@id\":\"https:\/\/www.pressenza.com\/pt-pt\/2021\/11\/15o-encontro-anual-do-forum-brasileiro-de-seguranca-publica-discute-politicas-de-prevencao-a-violencia\/#breadcrumb\",\"itemListElement\":[{\"@type\":\"ListItem\",\"position\":1,\"name\":\"Accueil\",\"item\":\"https:\/\/www.pressenza.com\/pt-pt\/\"},{\"@type\":\"ListItem\",\"position\":2,\"name\":\"15\u00ba Encontro Anual do F\u00f3rum Brasileiro de Seguran\u00e7a P\u00fablica discute pol\u00edticas de preven\u00e7\u00e3o \u00e0 viol\u00eancia\"}]},{\"@type\":\"WebSite\",\"@id\":\"https:\/\/www.pressenza.com\/pt-pt\/#website\",\"url\":\"https:\/\/www.pressenza.com\/pt-pt\/\",\"name\":\"Pressenza\",\"description\":\"International Press Agency\",\"publisher\":{\"@id\":\"https:\/\/www.pressenza.com\/pt-pt\/#organization\"},\"potentialAction\":[{\"@type\":\"SearchAction\",\"target\":{\"@type\":\"EntryPoint\",\"urlTemplate\":\"https:\/\/www.pressenza.com\/pt-pt\/?s={search_term_string}\"},\"query-input\":{\"@type\":\"PropertyValueSpecification\",\"valueRequired\":true,\"valueName\":\"search_term_string\"}}],\"inLanguage\":\"pt-PT\"},{\"@type\":\"Organization\",\"@id\":\"https:\/\/www.pressenza.com\/pt-pt\/#organization\",\"name\":\"Pressenza\",\"url\":\"https:\/\/www.pressenza.com\/pt-pt\/\",\"logo\":{\"@type\":\"ImageObject\",\"inLanguage\":\"pt-PT\",\"@id\":\"https:\/\/www.pressenza.com\/pt-pt\/#\/schema\/logo\/image\/\",\"url\":\"https:\/\/www.pressenza.com\/wp-content\/uploads\/2022\/10\/pressenza_logo_200x200.jpg\",\"contentUrl\":\"https:\/\/www.pressenza.com\/wp-content\/uploads\/2022\/10\/pressenza_logo_200x200.jpg\",\"width\":200,\"height\":200,\"caption\":\"Pressenza\"},\"image\":{\"@id\":\"https:\/\/www.pressenza.com\/pt-pt\/#\/schema\/logo\/image\/\"},\"sameAs\":[\"https:\/\/www.facebook.com\/PressenzaItalia\",\"https:\/\/x.com\/PressenzaIPA\"]},{\"@type\":\"Person\",\"@id\":\"https:\/\/www.pressenza.com\/pt-pt\/#\/schema\/person\/d171826afb7693cfc394da95892bfd93\",\"name\":\"Reda\u00e7\u00e3o S\u00e3o Paulo\",\"description\":\"News from the Pressenza bureau in Sao Paulo, Brazil\",\"sameAs\":[\"https:\/\/www.facebook.com\/PressenzaPortugues\",\"https:\/\/x.com\/pressenza_pt\"],\"url\":\"https:\/\/www.pressenza.com\/pt-pt\/author\/redaccao-sao-paulo\/\"}]}<\/script>\n<!-- \/ Yoast SEO plugin. -->","yoast_head_json":{"title":"15\u00ba Encontro Anual do F\u00f3rum Brasileiro de Seguran\u00e7a P\u00fablica discute pol\u00edticas de preven\u00e7\u00e3o \u00e0 viol\u00eancia","description":"De 8\u00a0 12 de novembro acontecer\u00e1 o 15\u00ba Encontro Anual do F\u00f3rum Brasileiro de Seguran\u00e7a P\u00fablica. O evento, que se realiza desde o ano 2006, re\u00fane diferentes","robots":{"index":"index","follow":"follow","max-snippet":"max-snippet:-1","max-image-preview":"max-image-preview:large","max-video-preview":"max-video-preview:-1"},"canonical":"https:\/\/www.pressenza.com\/pt-pt\/2021\/11\/15o-encontro-anual-do-forum-brasileiro-de-seguranca-publica-discute-politicas-de-prevencao-a-violencia\/","og_locale":"pt_PT","og_type":"article","og_title":"15\u00ba Encontro Anual do F\u00f3rum Brasileiro de Seguran\u00e7a P\u00fablica discute pol\u00edticas de preven\u00e7\u00e3o \u00e0 viol\u00eancia","og_description":"De 8\u00a0 12 de novembro acontecer\u00e1 o 15\u00ba Encontro Anual do F\u00f3rum Brasileiro de Seguran\u00e7a P\u00fablica. O evento, que se realiza desde o ano 2006, re\u00fane diferentes","og_url":"https:\/\/www.pressenza.com\/pt-pt\/2021\/11\/15o-encontro-anual-do-forum-brasileiro-de-seguranca-publica-discute-politicas-de-prevencao-a-violencia\/","og_site_name":"Pressenza","article_publisher":"https:\/\/www.facebook.com\/PressenzaItalia","article_author":"https:\/\/www.facebook.com\/PressenzaPortugues","article_published_time":"2021-11-07T23:43:20+00:00","og_image":[{"width":820,"height":577,"url":"https:\/\/www.pressenza.com\/wp-content\/uploads\/2021\/11\/encontro.jpg","type":"image\/jpeg"}],"author":"Reda\u00e7\u00e3o S\u00e3o Paulo","twitter_card":"summary_large_image","twitter_creator":"@pressenza_pt","twitter_site":"@PressenzaIPA","twitter_misc":{"Escrito por":"Reda\u00e7\u00e3o S\u00e3o Paulo","Tempo estimado de leitura":"2 minutos"},"schema":{"@context":"https:\/\/schema.org","@graph":[{"@type":"Article","@id":"https:\/\/www.pressenza.com\/pt-pt\/2021\/11\/15o-encontro-anual-do-forum-brasileiro-de-seguranca-publica-discute-politicas-de-prevencao-a-violencia\/#article","isPartOf":{"@id":"https:\/\/www.pressenza.com\/pt-pt\/2021\/11\/15o-encontro-anual-do-forum-brasileiro-de-seguranca-publica-discute-politicas-de-prevencao-a-violencia\/"},"author":{"name":"Reda\u00e7\u00e3o S\u00e3o Paulo","@id":"https:\/\/www.pressenza.com\/pt-pt\/#\/schema\/person\/d171826afb7693cfc394da95892bfd93"},"headline":"15\u00ba Encontro Anual do F\u00f3rum Brasileiro de Seguran\u00e7a P\u00fablica discute pol\u00edticas de preven\u00e7\u00e3o \u00e0 viol\u00eancia","datePublished":"2021-11-07T23:43:20+00:00","mainEntityOfPage":{"@id":"https:\/\/www.pressenza.com\/pt-pt\/2021\/11\/15o-encontro-anual-do-forum-brasileiro-de-seguranca-publica-discute-politicas-de-prevencao-a-violencia\/"},"wordCount":424,"publisher":{"@id":"https:\/\/www.pressenza.com\/pt-pt\/#organization"},"image":{"@id":"https:\/\/www.pressenza.com\/pt-pt\/2021\/11\/15o-encontro-anual-do-forum-brasileiro-de-seguranca-publica-discute-politicas-de-prevencao-a-violencia\/#primaryimage"},"thumbnailUrl":"https:\/\/www.pressenza.com\/wp-content\/uploads\/2021\/11\/encontro.jpg","keywords":["Brasil","preve\u00e7\u00e3o","seguran\u00e7a p\u00fablica","viol\u00eancia"],"articleSection":["\u00c1m\u00e9rica do Sul","N\u00e3o viol\u00eancia","Nota de imprensa"],"inLanguage":"pt-PT"},{"@type":"WebPage","@id":"https:\/\/www.pressenza.com\/pt-pt\/2021\/11\/15o-encontro-anual-do-forum-brasileiro-de-seguranca-publica-discute-politicas-de-prevencao-a-violencia\/","url":"https:\/\/www.pressenza.com\/pt-pt\/2021\/11\/15o-encontro-anual-do-forum-brasileiro-de-seguranca-publica-discute-politicas-de-prevencao-a-violencia\/","name":"15\u00ba Encontro Anual do F\u00f3rum Brasileiro de Seguran\u00e7a P\u00fablica discute pol\u00edticas de preven\u00e7\u00e3o \u00e0 viol\u00eancia","isPartOf":{"@id":"https:\/\/www.pressenza.com\/pt-pt\/#website"},"primaryImageOfPage":{"@id":"https:\/\/www.pressenza.com\/pt-pt\/2021\/11\/15o-encontro-anual-do-forum-brasileiro-de-seguranca-publica-discute-politicas-de-prevencao-a-violencia\/#primaryimage"},"image":{"@id":"https:\/\/www.pressenza.com\/pt-pt\/2021\/11\/15o-encontro-anual-do-forum-brasileiro-de-seguranca-publica-discute-politicas-de-prevencao-a-violencia\/#primaryimage"},"thumbnailUrl":"https:\/\/www.pressenza.com\/wp-content\/uploads\/2021\/11\/encontro.jpg","datePublished":"2021-11-07T23:43:20+00:00","description":"De 8\u00a0 12 de novembro acontecer\u00e1 o 15\u00ba Encontro Anual do F\u00f3rum Brasileiro de Seguran\u00e7a P\u00fablica. O evento, que se realiza desde o ano 2006, re\u00fane diferentes","breadcrumb":{"@id":"https:\/\/www.pressenza.com\/pt-pt\/2021\/11\/15o-encontro-anual-do-forum-brasileiro-de-seguranca-publica-discute-politicas-de-prevencao-a-violencia\/#breadcrumb"},"inLanguage":"pt-PT","potentialAction":[{"@type":"ReadAction","target":["https:\/\/www.pressenza.com\/pt-pt\/2021\/11\/15o-encontro-anual-do-forum-brasileiro-de-seguranca-publica-discute-politicas-de-prevencao-a-violencia\/"]}]},{"@type":"ImageObject","inLanguage":"pt-PT","@id":"https:\/\/www.pressenza.com\/pt-pt\/2021\/11\/15o-encontro-anual-do-forum-brasileiro-de-seguranca-publica-discute-politicas-de-prevencao-a-violencia\/#primaryimage","url":"https:\/\/www.pressenza.com\/wp-content\/uploads\/2021\/11\/encontro.jpg","contentUrl":"https:\/\/www.pressenza.com\/wp-content\/uploads\/2021\/11\/encontro.jpg","width":820,"height":577},{"@type":"BreadcrumbList","@id":"https:\/\/www.pressenza.com\/pt-pt\/2021\/11\/15o-encontro-anual-do-forum-brasileiro-de-seguranca-publica-discute-politicas-de-prevencao-a-violencia\/#breadcrumb","itemListElement":[{"@type":"ListItem","position":1,"name":"Accueil","item":"https:\/\/www.pressenza.com\/pt-pt\/"},{"@type":"ListItem","position":2,"name":"15\u00ba Encontro Anual do F\u00f3rum Brasileiro de Seguran\u00e7a P\u00fablica discute pol\u00edticas de preven\u00e7\u00e3o \u00e0 viol\u00eancia"}]},{"@type":"WebSite","@id":"https:\/\/www.pressenza.com\/pt-pt\/#website","url":"https:\/\/www.pressenza.com\/pt-pt\/","name":"Pressenza","description":"International Press Agency","publisher":{"@id":"https:\/\/www.pressenza.com\/pt-pt\/#organization"},"potentialAction":[{"@type":"SearchAction","target":{"@type":"EntryPoint","urlTemplate":"https:\/\/www.pressenza.com\/pt-pt\/?s={search_term_string}"},"query-input":{"@type":"PropertyValueSpecification","valueRequired":true,"valueName":"search_term_string"}}],"inLanguage":"pt-PT"},{"@type":"Organization","@id":"https:\/\/www.pressenza.com\/pt-pt\/#organization","name":"Pressenza","url":"https:\/\/www.pressenza.com\/pt-pt\/","logo":{"@type":"ImageObject","inLanguage":"pt-PT","@id":"https:\/\/www.pressenza.com\/pt-pt\/#\/schema\/logo\/image\/","url":"https:\/\/www.pressenza.com\/wp-content\/uploads\/2022\/10\/pressenza_logo_200x200.jpg","contentUrl":"https:\/\/www.pressenza.com\/wp-content\/uploads\/2022\/10\/pressenza_logo_200x200.jpg","width":200,"height":200,"caption":"Pressenza"},"image":{"@id":"https:\/\/www.pressenza.com\/pt-pt\/#\/schema\/logo\/image\/"},"sameAs":["https:\/\/www.facebook.com\/PressenzaItalia","https:\/\/x.com\/PressenzaIPA"]},{"@type":"Person","@id":"https:\/\/www.pressenza.com\/pt-pt\/#\/schema\/person\/d171826afb7693cfc394da95892bfd93","name":"Reda\u00e7\u00e3o S\u00e3o Paulo","description":"News from the Pressenza bureau in Sao Paulo, Brazil","sameAs":["https:\/\/www.facebook.com\/PressenzaPortugues","https:\/\/x.com\/pressenza_pt"],"url":"https:\/\/www.pressenza.com\/pt-pt\/author\/redaccao-sao-paulo\/"}]}},"place":"Brasil","original_article_url":"","_links":{"self":[{"href":"https:\/\/www.pressenza.com\/pt-pt\/wp-json\/wp\/v2\/posts\/1465897","targetHints":{"allow":["GET"]}}],"collection":[{"href":"https:\/\/www.pressenza.com\/pt-pt\/wp-json\/wp\/v2\/posts"}],"about":[{"href":"https:\/\/www.pressenza.com\/pt-pt\/wp-json\/wp\/v2\/types\/post"}],"author":[{"embeddable":true,"href":"https:\/\/www.pressenza.com\/pt-pt\/wp-json\/wp\/v2\/users\/44"}],"replies":[{"embeddable":true,"href":"https:\/\/www.pressenza.com\/pt-pt\/wp-json\/wp\/v2\/comments?post=1465897"}],"version-history":[{"count":0,"href":"https:\/\/www.pressenza.com\/pt-pt\/wp-json\/wp\/v2\/posts\/1465897\/revisions"}],"wp:featuredmedia":[{"embeddable":true,"href":"https:\/\/www.pressenza.com\/pt-pt\/wp-json\/wp\/v2\/media\/1465898"}],"wp:attachment":[{"href":"https:\/\/www.pressenza.com\/pt-pt\/wp-json\/wp\/v2\/media?parent=1465897"}],"wp:term":[{"taxonomy":"category","embeddable":true,"href":"https:\/\/www.pressenza.com\/pt-pt\/wp-json\/wp\/v2\/categories?post=1465897"},{"taxonomy":"post_tag","embeddable":true,"href":"https:\/\/www.pressenza.com\/pt-pt\/wp-json\/wp\/v2\/tags?post=1465897"}],"curies":[{"name":"wp","href":"https:\/\/api.w.org\/{rel}","templated":true}]}}