{"id":1463819,"date":"2021-11-04T17:36:23","date_gmt":"2021-11-04T17:36:23","guid":{"rendered":"https:\/\/www.pressenza.com\/?p=1463819"},"modified":"2021-11-04T17:36:23","modified_gmt":"2021-11-04T17:36:23","slug":"o-desemprego-entre-os-jovens-na-italia","status":"publish","type":"post","link":"https:\/\/www.pressenza.com\/pt-pt\/2021\/11\/o-desemprego-entre-os-jovens-na-italia\/","title":{"rendered":"O desemprego entre os jovens na  It\u00e1lia"},"content":{"rendered":"<p>O desemprego juvenil ocorre quando a popula\u00e7\u00e3o entre 15 e 24 anos n\u00e3o tem emprego, mas est\u00e1 disposta \u2014 e apta \u2014 para trabalhar e, al\u00e9m disso, busca de maneira ativa uma vaga de trabalho. De acordo com as estat\u00edsticas, havia 2,8 milh\u00f5es de jovens (menores de 25 anos) desempregados na Uni\u00e3o Europeia no ver\u00e3o de 2021. A It\u00e1lia registra uma das maiores taxas de desemprego juvenil entre os pa\u00edses da zona do euro.<\/p>\n<p>Em julho de 2021, a taxa de desemprego entre os jovens na It\u00e1lia era cerca de 28%. Al\u00e9m disso, dados regionais mostram que, nas regi\u00f5es do sul da It\u00e1lia (Sic\u00edlia, Cal\u00e1bria e Camp\u00e2nia), a taxa de desemprego entre os jovens alcan\u00e7ou quase 50%.<\/p>\n<p><strong>Quais s\u00e3o as causas do desemprego entre os jovens?<\/strong><\/p>\n<p>As causas para o desemprego juvenil na It\u00e1lia s\u00e3o muito complexas. Entre as mais discutidas hoje, pode-se mencionar o baixo \u00edndice econ\u00f4mico-financeiro do pa\u00eds, a qualidade da educa\u00e7\u00e3o e sua relev\u00e2ncia quando se observam as exig\u00eancias do mercado de trabalho, a flexibilidade e a regulamenta\u00e7\u00e3o do mercado, as estrat\u00e9gias ineficazes para solucionar o desemprego etc.<\/p>\n<ul>\n<li>\u00a0Crise econ\u00f4mica e financeira. A crise do coronav\u00edrus tem tido um enorme impacto no mercado de trabalho em muitos pa\u00edses, incluindo a It\u00e1lia. Embora as taxas de desemprego no pa\u00eds fossem altas, em geral, mesmo antes da pandemia da COVID-19, o impacto negativo da crise sanit\u00e1ria sobre a atividade econ\u00f4mica e sobre o emprego agravou e expandiu os problemas j\u00e1 existentes. Devido \u00e0 pandemia, a It\u00e1lia perdeu quase um milh\u00e3o de empregos em um ano e, como revelam dados espec\u00edficos sobre o desemprego, a popula\u00e7\u00e3o mais jovem representa o principal grupo afetado.<\/li>\n<\/ul>\n<p>Entretanto, \u00e0s vezes, as estat\u00edsticas sugerem o contr\u00e1rio: que o desemprego parece estar diminuindo. Contudo, pesquisas mais detalhadas demostram que o que ocorre \u00e9 que muitos jovens n\u00e3o encontram emprego e, simplesmente, deixam de busc\u00e1-lo durante a crise do coronav\u00edrus. Como resultado, o n\u00famero de desempregados aumenta significativamente, mas a taxa de desemprego diminui.<\/p>\n<ul>\n<li>\u00a0A pr\u00f3xima quest\u00e3o diz respeito \u00e0 legisla\u00e7\u00e3o e \u00e0s regulamenta\u00e7\u00f5es nessa \u00e1rea que, \u00e0s vezes, levam ao aumento do desemprego de forma indireta. Como os direitos dos trabalhadores est\u00e3o protegidos por muitas leis, os empregadores, em muitos casos, evitam a contrata\u00e7\u00e3o de um n\u00famero maior de trabalhadores, pois demiti-los em tempos de crise implica assumir obriga\u00e7\u00f5es financeiras. Portanto, os empregadores preferem recrutar sua equipe junto a trabalhadores mais experientes; consequentemente, o jovem fica de fora. Desse modo, \u00e9 preciso rever a legisla\u00e7\u00e3o e desenvolver regulamenta\u00e7\u00f5es mais flex\u00edveis, para que os direitos e responsabilidades de ambas as partes sejam observadas em \u00e9pocas crises.<\/li>\n<li>\u00a0A baixa qualidade da educa\u00e7\u00e3o, a falta de habilidades ou o n\u00e3o cumprimento das exig\u00eancias do mercado de trabalho s\u00e3o, muitas vezes, considerados como as causas principais e mais comuns de desemprego entre os jovens. Nesse caso, seria conveniente atualizar regularmente o curr\u00edculo escolar, incluindo o maior n\u00famero poss\u00edvel de cursos pr\u00e1ticos para alinh\u00e1-los com as exig\u00eancias do mercado de trabalho. Assim, ao sair da escola, al\u00e9m de conhecimento te\u00f3rico, os jovens podem ter uma ideia de todo o processo de trabalho e estar prontos para come\u00e7ar a trabalhar sem demora. Os est\u00e1gios desempenham um papel na solu\u00e7\u00e3o desse problema, pois ajudam os estudantes a se tornarem potenciais candidatos; por isso, tanto as institui\u00e7\u00f5es de ensino quanto as empresas t\u00eam que trabalhar muito nesse sentido.<\/li>\n<\/ul>\n<p>Com frequ\u00eancia, n\u00e3o \u00e9 por falta de vagas que os jovens n\u00e3o conseguem encontrar um emprego adequado, mas porque <a href=\"https:\/\/it.jooble.org\/\" target=\"_blank\" rel=\"noopener\">a plataforma<\/a> que utilizam nessa busca n\u00e3o \u00e9 a ideal. Por isso, \u00e9 muito importante procurar um trabalho em plataformas que sejam constantemente atualizadas com novos empregos e trabalhem em coopera\u00e7\u00e3o com um grande n\u00famero de empregadores confi\u00e1veis e credenciados.<\/p>\n<ul>\n<li>Outra grande implica\u00e7\u00e3o do desemprego entre os jovens na It\u00e1lia tamb\u00e9m est\u00e1 relacionada ao sistema educacional: a transi\u00e7\u00e3o escola-trabalho. Ap\u00f3s conclu\u00edrem a escola, os jovens italianos n\u00e3o conseguem encontrar trabalho devido \u00e0 falta de experi\u00eancia laboral e de capacita\u00e7\u00e3o profissional. E \u00e9 nessa etapa que muitos jovens enfrentam problemas e se decepcionam com a falta de oportunidades.<\/li>\n<\/ul>\n<p><strong>Como esse problema pode ser solucionado?<\/strong><\/p>\n<ul>\n<li>\u00a0Uma das melhores solu\u00e7\u00f5es seria que os empregadores, em vez de capacitar pessoas que j\u00e1 contam com experi\u00eancia de trabalho, treinassem os jovens que est\u00e3o come\u00e7ando e ainda n\u00e3o t\u00eam nenhuma experi\u00eancia, mas querem trabalhar. O treinamento permitiria aos jovens ganhar tanto experi\u00eancia como conhecimento pr\u00e1tico e, consequentemente, a taxa de desemprego diminuiria em certa medida. Al\u00e9m disso, para deixar os empregadores mais motivados, \u00e9 necess\u00e1rio oferecer-lhes benef\u00edcios fiscais.<\/li>\n<li>A pr\u00f3xima medida se refere a criar iniciativas, programas de neg\u00f3cios e startups para os jovens. Definitivamente, caso o Estado conceda certos benef\u00edcios financeiros e fiscais, os jovens estar\u00e3o mais motivados a trabalhar ativamente.<\/li>\n<\/ul>\n<p>O desemprego entre os jovens \u00e9 causado n\u00e3o apenas pela falta de qualifica\u00e7\u00e3o e de experi\u00eancia relacionadas ao trabalho, mas tamb\u00e9m pelos baixos sal\u00e1rios. Como os sal\u00e1rios m\u00e9dios estabelecidos no mercado de trabalho s\u00e3o baixos para os jovens, os profissionais mais qualificados e mais promissores est\u00e3o deixando o pa\u00eds, o que cria um desafio ainda maior.<\/p>\n<p><strong>Vladislav Puchkov, Jooble<\/strong><\/p>\n<hr \/>\n<p><em>Traduzido do ingl\u00eas por Doralice Silva \/ Revisado por Gra\u00e7a Pinheiro<\/em><\/p>\n","protected":false},"excerpt":{"rendered":"<p>O desemprego juvenil ocorre quando a popula\u00e7\u00e3o entre 15 e 24 anos n\u00e3o tem emprego, mas est\u00e1 disposta \u2014 e apta \u2014 para trabalhar e, al\u00e9m disso, busca de maneira ativa uma vaga de trabalho. De acordo com as estat\u00edsticas,&hellip;<\/p>\n","protected":false},"author":594,"featured_media":131554,"comment_status":"closed","ping_status":"closed","sticky":false,"template":"","format":"standard","meta":{"footnotes":""},"categories":[118,103],"tags":[8725,19125],"class_list":["post-1463819","post","type-post","status-publish","format-standard","has-post-thumbnail","hentry","category-economia-pt-pt","category-europa-pt-pt","tag-desemprego","tag-jovens"],"yoast_head":"<!-- This site is optimized with the Yoast SEO plugin v27.1.1 - https:\/\/yoast.com\/product\/yoast-seo-wordpress\/ -->\n<title>O desemprego entre os jovens na It\u00e1lia<\/title>\n<meta name=\"description\" content=\"O desemprego juvenil ocorre quando a popula\u00e7\u00e3o entre 15 e 24 anos n\u00e3o tem emprego, mas est\u00e1 disposta \u2014 e apta \u2014 para trabalhar e, al\u00e9m disso, busca de\" \/>\n<meta name=\"robots\" content=\"index, follow, max-snippet:-1, max-image-preview:large, max-video-preview:-1\" \/>\n<link rel=\"canonical\" href=\"https:\/\/www.pressenza.com\/pt-pt\/2021\/11\/o-desemprego-entre-os-jovens-na-italia\/\" \/>\n<meta property=\"og:locale\" content=\"pt_PT\" \/>\n<meta property=\"og:type\" content=\"article\" \/>\n<meta property=\"og:title\" content=\"O desemprego entre os jovens na It\u00e1lia\" \/>\n<meta property=\"og:description\" content=\"O desemprego juvenil ocorre quando a popula\u00e7\u00e3o entre 15 e 24 anos n\u00e3o tem emprego, mas est\u00e1 disposta \u2014 e apta \u2014 para trabalhar e, al\u00e9m disso, busca de\" \/>\n<meta property=\"og:url\" content=\"https:\/\/www.pressenza.com\/pt-pt\/2021\/11\/o-desemprego-entre-os-jovens-na-italia\/\" \/>\n<meta property=\"og:site_name\" content=\"Pressenza\" \/>\n<meta property=\"article:publisher\" content=\"https:\/\/www.facebook.com\/PressenzaItalia\" \/>\n<meta property=\"article:author\" content=\"https:\/\/www.facebook.com\/PressenzaItalia\" \/>\n<meta property=\"article:published_time\" content=\"2021-11-04T17:36:23+00:00\" \/>\n<meta property=\"og:image\" content=\"https:\/\/www.pressenza.com\/wp-content\/uploads\/2014\/09\/05-30-ilo-youth-unemploy.jpg\" \/>\n\t<meta property=\"og:image:width\" content=\"640\" \/>\n\t<meta property=\"og:image:height\" content=\"360\" \/>\n\t<meta property=\"og:image:type\" content=\"image\/jpeg\" \/>\n<meta name=\"author\" content=\"Redazione Italia\" \/>\n<meta name=\"twitter:card\" content=\"summary_large_image\" \/>\n<meta name=\"twitter:creator\" content=\"@pressenza_it\" \/>\n<meta name=\"twitter:site\" content=\"@PressenzaIPA\" \/>\n<meta name=\"twitter:label1\" content=\"Escrito por\" \/>\n\t<meta name=\"twitter:data1\" content=\"Redazione Italia\" \/>\n\t<meta name=\"twitter:label2\" content=\"Tempo estimado de leitura\" \/>\n\t<meta name=\"twitter:data2\" content=\"5 minutos\" \/>\n<script type=\"application\/ld+json\" class=\"yoast-schema-graph\">{\"@context\":\"https:\/\/schema.org\",\"@graph\":[{\"@type\":\"Article\",\"@id\":\"https:\/\/www.pressenza.com\/pt-pt\/2021\/11\/o-desemprego-entre-os-jovens-na-italia\/#article\",\"isPartOf\":{\"@id\":\"https:\/\/www.pressenza.com\/pt-pt\/2021\/11\/o-desemprego-entre-os-jovens-na-italia\/\"},\"author\":{\"name\":\"Redazione Italia\",\"@id\":\"https:\/\/www.pressenza.com\/pt-pt\/#\/schema\/person\/d983e81827ae24f2c7b1a2123d197f8d\"},\"headline\":\"O desemprego entre os jovens na It\u00e1lia\",\"datePublished\":\"2021-11-04T17:36:23+00:00\",\"mainEntityOfPage\":{\"@id\":\"https:\/\/www.pressenza.com\/pt-pt\/2021\/11\/o-desemprego-entre-os-jovens-na-italia\/\"},\"wordCount\":951,\"publisher\":{\"@id\":\"https:\/\/www.pressenza.com\/pt-pt\/#organization\"},\"image\":{\"@id\":\"https:\/\/www.pressenza.com\/pt-pt\/2021\/11\/o-desemprego-entre-os-jovens-na-italia\/#primaryimage\"},\"thumbnailUrl\":\"https:\/\/www.pressenza.com\/wp-content\/uploads\/2014\/09\/05-30-ilo-youth-unemploy.jpg\",\"keywords\":[\"desemprego\",\"jovens\"],\"articleSection\":[\"Economia\",\"Europa\"],\"inLanguage\":\"pt-PT\"},{\"@type\":\"WebPage\",\"@id\":\"https:\/\/www.pressenza.com\/pt-pt\/2021\/11\/o-desemprego-entre-os-jovens-na-italia\/\",\"url\":\"https:\/\/www.pressenza.com\/pt-pt\/2021\/11\/o-desemprego-entre-os-jovens-na-italia\/\",\"name\":\"O desemprego entre os jovens na It\u00e1lia\",\"isPartOf\":{\"@id\":\"https:\/\/www.pressenza.com\/pt-pt\/#website\"},\"primaryImageOfPage\":{\"@id\":\"https:\/\/www.pressenza.com\/pt-pt\/2021\/11\/o-desemprego-entre-os-jovens-na-italia\/#primaryimage\"},\"image\":{\"@id\":\"https:\/\/www.pressenza.com\/pt-pt\/2021\/11\/o-desemprego-entre-os-jovens-na-italia\/#primaryimage\"},\"thumbnailUrl\":\"https:\/\/www.pressenza.com\/wp-content\/uploads\/2014\/09\/05-30-ilo-youth-unemploy.jpg\",\"datePublished\":\"2021-11-04T17:36:23+00:00\",\"description\":\"O desemprego juvenil ocorre quando a popula\u00e7\u00e3o entre 15 e 24 anos n\u00e3o tem emprego, mas est\u00e1 disposta \u2014 e apta \u2014 para trabalhar e, al\u00e9m disso, busca de\",\"breadcrumb\":{\"@id\":\"https:\/\/www.pressenza.com\/pt-pt\/2021\/11\/o-desemprego-entre-os-jovens-na-italia\/#breadcrumb\"},\"inLanguage\":\"pt-PT\",\"potentialAction\":[{\"@type\":\"ReadAction\",\"target\":[\"https:\/\/www.pressenza.com\/pt-pt\/2021\/11\/o-desemprego-entre-os-jovens-na-italia\/\"]}]},{\"@type\":\"ImageObject\",\"inLanguage\":\"pt-PT\",\"@id\":\"https:\/\/www.pressenza.com\/pt-pt\/2021\/11\/o-desemprego-entre-os-jovens-na-italia\/#primaryimage\",\"url\":\"https:\/\/www.pressenza.com\/wp-content\/uploads\/2014\/09\/05-30-ilo-youth-unemploy.jpg\",\"contentUrl\":\"https:\/\/www.pressenza.com\/wp-content\/uploads\/2014\/09\/05-30-ilo-youth-unemploy.jpg\",\"width\":640,\"height\":360},{\"@type\":\"BreadcrumbList\",\"@id\":\"https:\/\/www.pressenza.com\/pt-pt\/2021\/11\/o-desemprego-entre-os-jovens-na-italia\/#breadcrumb\",\"itemListElement\":[{\"@type\":\"ListItem\",\"position\":1,\"name\":\"Accueil\",\"item\":\"https:\/\/www.pressenza.com\/pt-pt\/\"},{\"@type\":\"ListItem\",\"position\":2,\"name\":\"O desemprego entre os jovens na It\u00e1lia\"}]},{\"@type\":\"WebSite\",\"@id\":\"https:\/\/www.pressenza.com\/pt-pt\/#website\",\"url\":\"https:\/\/www.pressenza.com\/pt-pt\/\",\"name\":\"Pressenza\",\"description\":\"International Press Agency\",\"publisher\":{\"@id\":\"https:\/\/www.pressenza.com\/pt-pt\/#organization\"},\"potentialAction\":[{\"@type\":\"SearchAction\",\"target\":{\"@type\":\"EntryPoint\",\"urlTemplate\":\"https:\/\/www.pressenza.com\/pt-pt\/?s={search_term_string}\"},\"query-input\":{\"@type\":\"PropertyValueSpecification\",\"valueRequired\":true,\"valueName\":\"search_term_string\"}}],\"inLanguage\":\"pt-PT\"},{\"@type\":\"Organization\",\"@id\":\"https:\/\/www.pressenza.com\/pt-pt\/#organization\",\"name\":\"Pressenza\",\"url\":\"https:\/\/www.pressenza.com\/pt-pt\/\",\"logo\":{\"@type\":\"ImageObject\",\"inLanguage\":\"pt-PT\",\"@id\":\"https:\/\/www.pressenza.com\/pt-pt\/#\/schema\/logo\/image\/\",\"url\":\"https:\/\/www.pressenza.com\/wp-content\/uploads\/2022\/10\/pressenza_logo_200x200.jpg\",\"contentUrl\":\"https:\/\/www.pressenza.com\/wp-content\/uploads\/2022\/10\/pressenza_logo_200x200.jpg\",\"width\":200,\"height\":200,\"caption\":\"Pressenza\"},\"image\":{\"@id\":\"https:\/\/www.pressenza.com\/pt-pt\/#\/schema\/logo\/image\/\"},\"sameAs\":[\"https:\/\/www.facebook.com\/PressenzaItalia\",\"https:\/\/x.com\/PressenzaIPA\"]},{\"@type\":\"Person\",\"@id\":\"https:\/\/www.pressenza.com\/pt-pt\/#\/schema\/person\/d983e81827ae24f2c7b1a2123d197f8d\",\"name\":\"Redazione Italia\",\"description\":\"News from the Pressenza Bureau in Italy\",\"sameAs\":[\"https:\/\/www.pressenza.com\/it\/author\/redazione-italia\/\",\"https:\/\/www.facebook.com\/PressenzaItalia\",\"https:\/\/www.instagram.com\/pressenza_italia\/\",\"https:\/\/x.com\/pressenza_it\",\"https:\/\/www.youtube.com\/channel\/UCSalEIWjE1RSxkwjfftFuqg\"],\"url\":\"https:\/\/www.pressenza.com\/pt-pt\/author\/redazione-italia\/\"}]}<\/script>\n<!-- \/ Yoast SEO plugin. -->","yoast_head_json":{"title":"O desemprego entre os jovens na It\u00e1lia","description":"O desemprego juvenil ocorre quando a popula\u00e7\u00e3o entre 15 e 24 anos n\u00e3o tem emprego, mas est\u00e1 disposta \u2014 e apta \u2014 para trabalhar e, al\u00e9m disso, busca de","robots":{"index":"index","follow":"follow","max-snippet":"max-snippet:-1","max-image-preview":"max-image-preview:large","max-video-preview":"max-video-preview:-1"},"canonical":"https:\/\/www.pressenza.com\/pt-pt\/2021\/11\/o-desemprego-entre-os-jovens-na-italia\/","og_locale":"pt_PT","og_type":"article","og_title":"O desemprego entre os jovens na It\u00e1lia","og_description":"O desemprego juvenil ocorre quando a popula\u00e7\u00e3o entre 15 e 24 anos n\u00e3o tem emprego, mas est\u00e1 disposta \u2014 e apta \u2014 para trabalhar e, al\u00e9m disso, busca de","og_url":"https:\/\/www.pressenza.com\/pt-pt\/2021\/11\/o-desemprego-entre-os-jovens-na-italia\/","og_site_name":"Pressenza","article_publisher":"https:\/\/www.facebook.com\/PressenzaItalia","article_author":"https:\/\/www.facebook.com\/PressenzaItalia","article_published_time":"2021-11-04T17:36:23+00:00","og_image":[{"width":640,"height":360,"url":"https:\/\/www.pressenza.com\/wp-content\/uploads\/2014\/09\/05-30-ilo-youth-unemploy.jpg","type":"image\/jpeg"}],"author":"Redazione Italia","twitter_card":"summary_large_image","twitter_creator":"@pressenza_it","twitter_site":"@PressenzaIPA","twitter_misc":{"Escrito por":"Redazione Italia","Tempo estimado de leitura":"5 minutos"},"schema":{"@context":"https:\/\/schema.org","@graph":[{"@type":"Article","@id":"https:\/\/www.pressenza.com\/pt-pt\/2021\/11\/o-desemprego-entre-os-jovens-na-italia\/#article","isPartOf":{"@id":"https:\/\/www.pressenza.com\/pt-pt\/2021\/11\/o-desemprego-entre-os-jovens-na-italia\/"},"author":{"name":"Redazione Italia","@id":"https:\/\/www.pressenza.com\/pt-pt\/#\/schema\/person\/d983e81827ae24f2c7b1a2123d197f8d"},"headline":"O desemprego entre os jovens na It\u00e1lia","datePublished":"2021-11-04T17:36:23+00:00","mainEntityOfPage":{"@id":"https:\/\/www.pressenza.com\/pt-pt\/2021\/11\/o-desemprego-entre-os-jovens-na-italia\/"},"wordCount":951,"publisher":{"@id":"https:\/\/www.pressenza.com\/pt-pt\/#organization"},"image":{"@id":"https:\/\/www.pressenza.com\/pt-pt\/2021\/11\/o-desemprego-entre-os-jovens-na-italia\/#primaryimage"},"thumbnailUrl":"https:\/\/www.pressenza.com\/wp-content\/uploads\/2014\/09\/05-30-ilo-youth-unemploy.jpg","keywords":["desemprego","jovens"],"articleSection":["Economia","Europa"],"inLanguage":"pt-PT"},{"@type":"WebPage","@id":"https:\/\/www.pressenza.com\/pt-pt\/2021\/11\/o-desemprego-entre-os-jovens-na-italia\/","url":"https:\/\/www.pressenza.com\/pt-pt\/2021\/11\/o-desemprego-entre-os-jovens-na-italia\/","name":"O desemprego entre os jovens na It\u00e1lia","isPartOf":{"@id":"https:\/\/www.pressenza.com\/pt-pt\/#website"},"primaryImageOfPage":{"@id":"https:\/\/www.pressenza.com\/pt-pt\/2021\/11\/o-desemprego-entre-os-jovens-na-italia\/#primaryimage"},"image":{"@id":"https:\/\/www.pressenza.com\/pt-pt\/2021\/11\/o-desemprego-entre-os-jovens-na-italia\/#primaryimage"},"thumbnailUrl":"https:\/\/www.pressenza.com\/wp-content\/uploads\/2014\/09\/05-30-ilo-youth-unemploy.jpg","datePublished":"2021-11-04T17:36:23+00:00","description":"O desemprego juvenil ocorre quando a popula\u00e7\u00e3o entre 15 e 24 anos n\u00e3o tem emprego, mas est\u00e1 disposta \u2014 e apta \u2014 para trabalhar e, al\u00e9m disso, busca de","breadcrumb":{"@id":"https:\/\/www.pressenza.com\/pt-pt\/2021\/11\/o-desemprego-entre-os-jovens-na-italia\/#breadcrumb"},"inLanguage":"pt-PT","potentialAction":[{"@type":"ReadAction","target":["https:\/\/www.pressenza.com\/pt-pt\/2021\/11\/o-desemprego-entre-os-jovens-na-italia\/"]}]},{"@type":"ImageObject","inLanguage":"pt-PT","@id":"https:\/\/www.pressenza.com\/pt-pt\/2021\/11\/o-desemprego-entre-os-jovens-na-italia\/#primaryimage","url":"https:\/\/www.pressenza.com\/wp-content\/uploads\/2014\/09\/05-30-ilo-youth-unemploy.jpg","contentUrl":"https:\/\/www.pressenza.com\/wp-content\/uploads\/2014\/09\/05-30-ilo-youth-unemploy.jpg","width":640,"height":360},{"@type":"BreadcrumbList","@id":"https:\/\/www.pressenza.com\/pt-pt\/2021\/11\/o-desemprego-entre-os-jovens-na-italia\/#breadcrumb","itemListElement":[{"@type":"ListItem","position":1,"name":"Accueil","item":"https:\/\/www.pressenza.com\/pt-pt\/"},{"@type":"ListItem","position":2,"name":"O desemprego entre os jovens na It\u00e1lia"}]},{"@type":"WebSite","@id":"https:\/\/www.pressenza.com\/pt-pt\/#website","url":"https:\/\/www.pressenza.com\/pt-pt\/","name":"Pressenza","description":"International Press Agency","publisher":{"@id":"https:\/\/www.pressenza.com\/pt-pt\/#organization"},"potentialAction":[{"@type":"SearchAction","target":{"@type":"EntryPoint","urlTemplate":"https:\/\/www.pressenza.com\/pt-pt\/?s={search_term_string}"},"query-input":{"@type":"PropertyValueSpecification","valueRequired":true,"valueName":"search_term_string"}}],"inLanguage":"pt-PT"},{"@type":"Organization","@id":"https:\/\/www.pressenza.com\/pt-pt\/#organization","name":"Pressenza","url":"https:\/\/www.pressenza.com\/pt-pt\/","logo":{"@type":"ImageObject","inLanguage":"pt-PT","@id":"https:\/\/www.pressenza.com\/pt-pt\/#\/schema\/logo\/image\/","url":"https:\/\/www.pressenza.com\/wp-content\/uploads\/2022\/10\/pressenza_logo_200x200.jpg","contentUrl":"https:\/\/www.pressenza.com\/wp-content\/uploads\/2022\/10\/pressenza_logo_200x200.jpg","width":200,"height":200,"caption":"Pressenza"},"image":{"@id":"https:\/\/www.pressenza.com\/pt-pt\/#\/schema\/logo\/image\/"},"sameAs":["https:\/\/www.facebook.com\/PressenzaItalia","https:\/\/x.com\/PressenzaIPA"]},{"@type":"Person","@id":"https:\/\/www.pressenza.com\/pt-pt\/#\/schema\/person\/d983e81827ae24f2c7b1a2123d197f8d","name":"Redazione Italia","description":"News from the Pressenza Bureau in Italy","sameAs":["https:\/\/www.pressenza.com\/it\/author\/redazione-italia\/","https:\/\/www.facebook.com\/PressenzaItalia","https:\/\/www.instagram.com\/pressenza_italia\/","https:\/\/x.com\/pressenza_it","https:\/\/www.youtube.com\/channel\/UCSalEIWjE1RSxkwjfftFuqg"],"url":"https:\/\/www.pressenza.com\/pt-pt\/author\/redazione-italia\/"}]}},"place":"","original_article_url":"","_links":{"self":[{"href":"https:\/\/www.pressenza.com\/pt-pt\/wp-json\/wp\/v2\/posts\/1463819","targetHints":{"allow":["GET"]}}],"collection":[{"href":"https:\/\/www.pressenza.com\/pt-pt\/wp-json\/wp\/v2\/posts"}],"about":[{"href":"https:\/\/www.pressenza.com\/pt-pt\/wp-json\/wp\/v2\/types\/post"}],"author":[{"embeddable":true,"href":"https:\/\/www.pressenza.com\/pt-pt\/wp-json\/wp\/v2\/users\/594"}],"replies":[{"embeddable":true,"href":"https:\/\/www.pressenza.com\/pt-pt\/wp-json\/wp\/v2\/comments?post=1463819"}],"version-history":[{"count":0,"href":"https:\/\/www.pressenza.com\/pt-pt\/wp-json\/wp\/v2\/posts\/1463819\/revisions"}],"wp:featuredmedia":[{"embeddable":true,"href":"https:\/\/www.pressenza.com\/pt-pt\/wp-json\/wp\/v2\/media\/131554"}],"wp:attachment":[{"href":"https:\/\/www.pressenza.com\/pt-pt\/wp-json\/wp\/v2\/media?parent=1463819"}],"wp:term":[{"taxonomy":"category","embeddable":true,"href":"https:\/\/www.pressenza.com\/pt-pt\/wp-json\/wp\/v2\/categories?post=1463819"},{"taxonomy":"post_tag","embeddable":true,"href":"https:\/\/www.pressenza.com\/pt-pt\/wp-json\/wp\/v2\/tags?post=1463819"}],"curies":[{"name":"wp","href":"https:\/\/api.w.org\/{rel}","templated":true}]}}