{"id":1443017,"date":"2021-10-03T20:55:04","date_gmt":"2021-10-03T19:55:04","guid":{"rendered":"https:\/\/www.pressenza.com\/?p=1443017"},"modified":"2021-10-03T20:55:04","modified_gmt":"2021-10-03T19:55:04","slug":"fotos-da-extraordinaria-mobilizacao-para-mimmo-lucano","status":"publish","type":"post","link":"https:\/\/www.pressenza.com\/pt-pt\/2021\/10\/fotos-da-extraordinaria-mobilizacao-para-mimmo-lucano\/","title":{"rendered":"Fotos da extraordin\u00e1ria mobiliza\u00e7\u00e3o para Mimmo Lucano"},"content":{"rendered":"<p>Neste artigo, resumimos as fotos que a Pressenza conseguiu tirar nos dias seguintes \u00e0 incompreens\u00edvel condena\u00e7\u00e3o de Mimmo Lucano a mais de 13 anos de pris\u00e3o. Dias em que dezenas de milhares de pessoas se manifestaram em toda a It\u00e1lia a favor do ex-prefeito de Riace, pela solidariedade, acolhimento, um mundo humano e justo. Al\u00e9m de outras trinta cidades, juntaram-se tamb\u00e9m multid\u00f5es para protestar e prestar solidariedade em Barcelona e Zurique.<\/p>\n<p>Mimmo Lucano \u00e9 reconhecido por todos como uma pessoa honesta, preocupada com os outros, principalmente com os mais fracos: os migrantes. A sua administra\u00e7\u00e3o criou em Riace, um pequeno munic\u00edpio no sul da It\u00e1lia, em uma realidade que frequentemente est\u00e1 nas m\u00e3os do crime organizado, um modelo de acolhimento de migrantes exemplar e estudado por todo o mundo, pelo qual recebeu pr\u00eamios internacionais.<\/p>\n<p>Isso foi reiterado pelas manifesta\u00e7\u00f5es que expressaram d\u00favidas sobre a imparcialidade dos ju\u00edzes alguns dias antes das elei\u00e7\u00f5es regionais na Cal\u00e1bria, onde o ex-prefeito era o l\u00edder de uma das listas em quest\u00e3o.<\/p>\n<p>Nesse meio tempo, a principal recolha de assinaturas em solidariedade ultrapassou 200.000 assinaturas:\u00a0<a href=\"https:\/\/chng.it\/b646zqdv\">https:\/\/chng.it\/b646zqdv<\/a><\/p>\n<div class=\"post-gallery\">\n\t\t\t<figure class=\"post-gallery-item\">\n\t\t\t\t<img decoding=\"async\" src=\"https:\/\/www.pressenza.com\/wp-content\/uploads\/2021\/10\/DSC1707-820x546.jpg\" loading=\"lazy\">\n\t\t\t\t<figcaption>\n\t\t\t\t\t\n\t\t\t\t<\/figcaption>\n\t\t\t<\/figure>\n\t\t\t<figure class=\"post-gallery-item\">\n\t\t\t\t<img decoding=\"async\" src=\"https:\/\/www.pressenza.com\/wp-content\/uploads\/2021\/10\/Lucano-Firenze-CesdareDagliana01-820x546.jpg\" loading=\"lazy\">\n\t\t\t\t<figcaption>\n\t\t\t\t\t\n\t\t\t\t<\/figcaption>\n\t\t\t<\/figure>\n\t\t\t<figure class=\"post-gallery-item\">\n\t\t\t\t<img decoding=\"async\" src=\"https:\/\/www.pressenza.com\/wp-content\/uploads\/2021\/10\/Lucano-Firenze-CesdareDagliana02-820x546.jpg\" loading=\"lazy\">\n\t\t\t\t<figcaption>\n\t\t\t\t\t\n\t\t\t\t<\/figcaption>\n\t\t\t<\/figure>\n\t\t\t<figure class=\"post-gallery-item\">\n\t\t\t\t<img decoding=\"async\" src=\"https:\/\/www.pressenza.com\/wp-content\/uploads\/2021\/10\/Lucano-Firenze-CesdareDagliana03-820x546.jpg\" loading=\"lazy\">\n\t\t\t\t<figcaption>\n\t\t\t\t\t\n\t\t\t\t<\/figcaption>\n\t\t\t<\/figure>\n\t\t\t<figure class=\"post-gallery-item\">\n\t\t\t\t<img decoding=\"async\" src=\"https:\/\/www.pressenza.com\/wp-content\/uploads\/2021\/10\/Mimmo-Lucano-De-Magistris-820x500.jpg\" loading=\"lazy\">\n\t\t\t\t<figcaption>\n\t\t\t\t\t\n\t\t\t\t<\/figcaption>\n\t\t\t<\/figure>\n\t\t\t<figure class=\"post-gallery-item\">\n\t\t\t\t<img decoding=\"async\" src=\"https:\/\/www.pressenza.com\/wp-content\/uploads\/2021\/10\/Lucano-titolo.jpg\" loading=\"lazy\">\n\t\t\t\t<figcaption>\n\t\t\t\t\t\n\t\t\t\t<\/figcaption>\n\t\t\t<\/figure>\n\t\t\t<figure class=\"post-gallery-item\">\n\t\t\t\t<img decoding=\"async\" src=\"https:\/\/www.pressenza.com\/wp-content\/uploads\/2021\/10\/Lucano-10.jpg\" loading=\"lazy\">\n\t\t\t\t<figcaption>\n\t\t\t\t\t\n\t\t\t\t<\/figcaption>\n\t\t\t<\/figure>\n\t\t\t<figure class=\"post-gallery-item\">\n\t\t\t\t<img decoding=\"async\" src=\"https:\/\/www.pressenza.com\/wp-content\/uploads\/2021\/10\/Lucano-8.jpg\" loading=\"lazy\">\n\t\t\t\t<figcaption>\n\t\t\t\t\t\n\t\t\t\t<\/figcaption>\n\t\t\t<\/figure>\n\t\t\t<figure class=\"post-gallery-item\">\n\t\t\t\t<img decoding=\"async\" src=\"https:\/\/www.pressenza.com\/wp-content\/uploads\/2021\/10\/Lucano-2.jpg\" loading=\"lazy\">\n\t\t\t\t<figcaption>\n\t\t\t\t\t\n\t\t\t\t<\/figcaption>\n\t\t\t<\/figure>\n\t\t\t<figure class=\"post-gallery-item\">\n\t\t\t\t<img decoding=\"async\" src=\"https:\/\/www.pressenza.com\/wp-content\/uploads\/2021\/09\/Presidio-Lucano-11.jpg\" loading=\"lazy\">\n\t\t\t\t<figcaption>\n\t\t\t\t\t\n\t\t\t\t<\/figcaption>\n\t\t\t<\/figure><\/div>\n<hr \/>\n<p><em>Traduzido do italiano por Stephany Vitelli \/ Revisado por Andrea Zambolli<\/em><\/p>\n","protected":false},"excerpt":{"rendered":"<p>Neste artigo, resumimos as fotos que a Pressenza conseguiu tirar nos dias seguintes \u00e0 incompreens\u00edvel condena\u00e7\u00e3o de Mimmo Lucano a mais de 13 anos de pris\u00e3o. Dias em que dezenas de milhares de pessoas se manifestaram em toda a It\u00e1lia&hellip;<\/p>\n","protected":false},"author":594,"featured_media":1441445,"comment_status":"closed","ping_status":"closed","sticky":false,"template":"","format":"standard","meta":{"footnotes":""},"categories":[11390,103,5756,111],"tags":[7877,5639,95419,19280],"class_list":["post-1443017","post","type-post","status-publish","format-standard","has-post-thumbnail","hentry","category-conteudo-original","category-europa-pt-pt","category-foto-reportagem","category-politica-pt-pt","tag-justica","tag-manifestacoes","tag-mimmo-lucano-pt-pt","tag-solidariedade"],"yoast_head":"<!-- This site is optimized with the Yoast SEO plugin v27.1.1 - https:\/\/yoast.com\/product\/yoast-seo-wordpress\/ -->\n<title>Fotos da extraordin\u00e1ria mobiliza\u00e7\u00e3o para Mimmo Lucano<\/title>\n<meta name=\"description\" content=\"Neste artigo, resumimos as fotos que a Pressenza conseguiu tirar nos dias seguintes \u00e0 incompreens\u00edvel condena\u00e7\u00e3o de Mimmo Lucano a mais de 13 anos de\" \/>\n<meta name=\"robots\" content=\"index, follow, max-snippet:-1, max-image-preview:large, max-video-preview:-1\" \/>\n<link rel=\"canonical\" href=\"https:\/\/www.pressenza.com\/pt-pt\/2021\/10\/fotos-da-extraordinaria-mobilizacao-para-mimmo-lucano\/\" \/>\n<meta property=\"og:locale\" content=\"pt_PT\" \/>\n<meta property=\"og:type\" content=\"article\" \/>\n<meta property=\"og:title\" content=\"Fotos da extraordin\u00e1ria mobiliza\u00e7\u00e3o para Mimmo Lucano\" \/>\n<meta property=\"og:description\" content=\"Neste artigo, resumimos as fotos que a Pressenza conseguiu tirar nos dias seguintes \u00e0 incompreens\u00edvel condena\u00e7\u00e3o de Mimmo Lucano a mais de 13 anos de\" \/>\n<meta property=\"og:url\" content=\"https:\/\/www.pressenza.com\/pt-pt\/2021\/10\/fotos-da-extraordinaria-mobilizacao-para-mimmo-lucano\/\" \/>\n<meta property=\"og:site_name\" content=\"Pressenza\" \/>\n<meta property=\"article:publisher\" content=\"https:\/\/www.facebook.com\/PressenzaItalia\" \/>\n<meta property=\"article:author\" content=\"https:\/\/www.facebook.com\/PressenzaItalia\" \/>\n<meta property=\"article:published_time\" content=\"2021-10-03T19:55:04+00:00\" \/>\n<meta property=\"og:image\" content=\"https:\/\/www.pressenza.com\/wp-content\/uploads\/2021\/10\/Lucano-11.jpg\" \/>\n\t<meta property=\"og:image:width\" content=\"819\" \/>\n\t<meta property=\"og:image:height\" content=\"540\" \/>\n\t<meta property=\"og:image:type\" content=\"image\/jpeg\" \/>\n<meta name=\"author\" content=\"Redazione Italia\" \/>\n<meta name=\"twitter:card\" content=\"summary_large_image\" \/>\n<meta name=\"twitter:creator\" content=\"@pressenza_it\" \/>\n<meta name=\"twitter:site\" content=\"@PressenzaIPA\" \/>\n<meta name=\"twitter:label1\" content=\"Escrito por\" \/>\n\t<meta name=\"twitter:data1\" content=\"Redazione Italia\" \/>\n\t<meta name=\"twitter:label2\" content=\"Tempo estimado de leitura\" \/>\n\t<meta name=\"twitter:data2\" content=\"1 minuto\" \/>\n<script type=\"application\/ld+json\" class=\"yoast-schema-graph\">{\"@context\":\"https:\/\/schema.org\",\"@graph\":[{\"@type\":\"Article\",\"@id\":\"https:\/\/www.pressenza.com\/pt-pt\/2021\/10\/fotos-da-extraordinaria-mobilizacao-para-mimmo-lucano\/#article\",\"isPartOf\":{\"@id\":\"https:\/\/www.pressenza.com\/pt-pt\/2021\/10\/fotos-da-extraordinaria-mobilizacao-para-mimmo-lucano\/\"},\"author\":{\"name\":\"Redazione Italia\",\"@id\":\"https:\/\/www.pressenza.com\/pt-pt\/#\/schema\/person\/d983e81827ae24f2c7b1a2123d197f8d\"},\"headline\":\"Fotos da extraordin\u00e1ria mobiliza\u00e7\u00e3o para Mimmo Lucano\",\"datePublished\":\"2021-10-03T19:55:04+00:00\",\"mainEntityOfPage\":{\"@id\":\"https:\/\/www.pressenza.com\/pt-pt\/2021\/10\/fotos-da-extraordinaria-mobilizacao-para-mimmo-lucano\/\"},\"wordCount\":221,\"publisher\":{\"@id\":\"https:\/\/www.pressenza.com\/pt-pt\/#organization\"},\"image\":{\"@id\":\"https:\/\/www.pressenza.com\/pt-pt\/2021\/10\/fotos-da-extraordinaria-mobilizacao-para-mimmo-lucano\/#primaryimage\"},\"thumbnailUrl\":\"https:\/\/www.pressenza.com\/wp-content\/uploads\/2021\/10\/Lucano-11.jpg\",\"keywords\":[\"justi\u00e7a\",\"Manifesta\u00e7\u00f5es\",\"Mimmo Lucano\",\"solidariedade\"],\"articleSection\":[\"Conte\u00fado Original\",\"Europa\",\"Foto reportagem\",\"Pol\u00edtica\"],\"inLanguage\":\"pt-PT\"},{\"@type\":\"WebPage\",\"@id\":\"https:\/\/www.pressenza.com\/pt-pt\/2021\/10\/fotos-da-extraordinaria-mobilizacao-para-mimmo-lucano\/\",\"url\":\"https:\/\/www.pressenza.com\/pt-pt\/2021\/10\/fotos-da-extraordinaria-mobilizacao-para-mimmo-lucano\/\",\"name\":\"Fotos da extraordin\u00e1ria mobiliza\u00e7\u00e3o para Mimmo Lucano\",\"isPartOf\":{\"@id\":\"https:\/\/www.pressenza.com\/pt-pt\/#website\"},\"primaryImageOfPage\":{\"@id\":\"https:\/\/www.pressenza.com\/pt-pt\/2021\/10\/fotos-da-extraordinaria-mobilizacao-para-mimmo-lucano\/#primaryimage\"},\"image\":{\"@id\":\"https:\/\/www.pressenza.com\/pt-pt\/2021\/10\/fotos-da-extraordinaria-mobilizacao-para-mimmo-lucano\/#primaryimage\"},\"thumbnailUrl\":\"https:\/\/www.pressenza.com\/wp-content\/uploads\/2021\/10\/Lucano-11.jpg\",\"datePublished\":\"2021-10-03T19:55:04+00:00\",\"description\":\"Neste artigo, resumimos as fotos que a Pressenza conseguiu tirar nos dias seguintes \u00e0 incompreens\u00edvel condena\u00e7\u00e3o de Mimmo Lucano a mais de 13 anos de\",\"breadcrumb\":{\"@id\":\"https:\/\/www.pressenza.com\/pt-pt\/2021\/10\/fotos-da-extraordinaria-mobilizacao-para-mimmo-lucano\/#breadcrumb\"},\"inLanguage\":\"pt-PT\",\"potentialAction\":[{\"@type\":\"ReadAction\",\"target\":[\"https:\/\/www.pressenza.com\/pt-pt\/2021\/10\/fotos-da-extraordinaria-mobilizacao-para-mimmo-lucano\/\"]}]},{\"@type\":\"ImageObject\",\"inLanguage\":\"pt-PT\",\"@id\":\"https:\/\/www.pressenza.com\/pt-pt\/2021\/10\/fotos-da-extraordinaria-mobilizacao-para-mimmo-lucano\/#primaryimage\",\"url\":\"https:\/\/www.pressenza.com\/wp-content\/uploads\/2021\/10\/Lucano-11.jpg\",\"contentUrl\":\"https:\/\/www.pressenza.com\/wp-content\/uploads\/2021\/10\/Lucano-11.jpg\",\"width\":819,\"height\":540},{\"@type\":\"BreadcrumbList\",\"@id\":\"https:\/\/www.pressenza.com\/pt-pt\/2021\/10\/fotos-da-extraordinaria-mobilizacao-para-mimmo-lucano\/#breadcrumb\",\"itemListElement\":[{\"@type\":\"ListItem\",\"position\":1,\"name\":\"Accueil\",\"item\":\"https:\/\/www.pressenza.com\/pt-pt\/\"},{\"@type\":\"ListItem\",\"position\":2,\"name\":\"Fotos da extraordin\u00e1ria mobiliza\u00e7\u00e3o para Mimmo Lucano\"}]},{\"@type\":\"WebSite\",\"@id\":\"https:\/\/www.pressenza.com\/pt-pt\/#website\",\"url\":\"https:\/\/www.pressenza.com\/pt-pt\/\",\"name\":\"Pressenza\",\"description\":\"International Press Agency\",\"publisher\":{\"@id\":\"https:\/\/www.pressenza.com\/pt-pt\/#organization\"},\"potentialAction\":[{\"@type\":\"SearchAction\",\"target\":{\"@type\":\"EntryPoint\",\"urlTemplate\":\"https:\/\/www.pressenza.com\/pt-pt\/?s={search_term_string}\"},\"query-input\":{\"@type\":\"PropertyValueSpecification\",\"valueRequired\":true,\"valueName\":\"search_term_string\"}}],\"inLanguage\":\"pt-PT\"},{\"@type\":\"Organization\",\"@id\":\"https:\/\/www.pressenza.com\/pt-pt\/#organization\",\"name\":\"Pressenza\",\"url\":\"https:\/\/www.pressenza.com\/pt-pt\/\",\"logo\":{\"@type\":\"ImageObject\",\"inLanguage\":\"pt-PT\",\"@id\":\"https:\/\/www.pressenza.com\/pt-pt\/#\/schema\/logo\/image\/\",\"url\":\"https:\/\/www.pressenza.com\/wp-content\/uploads\/2022\/10\/pressenza_logo_200x200.jpg\",\"contentUrl\":\"https:\/\/www.pressenza.com\/wp-content\/uploads\/2022\/10\/pressenza_logo_200x200.jpg\",\"width\":200,\"height\":200,\"caption\":\"Pressenza\"},\"image\":{\"@id\":\"https:\/\/www.pressenza.com\/pt-pt\/#\/schema\/logo\/image\/\"},\"sameAs\":[\"https:\/\/www.facebook.com\/PressenzaItalia\",\"https:\/\/x.com\/PressenzaIPA\"]},{\"@type\":\"Person\",\"@id\":\"https:\/\/www.pressenza.com\/pt-pt\/#\/schema\/person\/d983e81827ae24f2c7b1a2123d197f8d\",\"name\":\"Redazione Italia\",\"description\":\"News from the Pressenza Bureau in Italy\",\"sameAs\":[\"https:\/\/www.pressenza.com\/it\/author\/redazione-italia\/\",\"https:\/\/www.facebook.com\/PressenzaItalia\",\"https:\/\/www.instagram.com\/pressenza_italia\/\",\"https:\/\/x.com\/pressenza_it\",\"https:\/\/www.youtube.com\/channel\/UCSalEIWjE1RSxkwjfftFuqg\"],\"url\":\"https:\/\/www.pressenza.com\/pt-pt\/author\/redazione-italia\/\"}]}<\/script>\n<!-- \/ Yoast SEO plugin. -->","yoast_head_json":{"title":"Fotos da extraordin\u00e1ria mobiliza\u00e7\u00e3o para Mimmo Lucano","description":"Neste artigo, resumimos as fotos que a Pressenza conseguiu tirar nos dias seguintes \u00e0 incompreens\u00edvel condena\u00e7\u00e3o de Mimmo Lucano a mais de 13 anos de","robots":{"index":"index","follow":"follow","max-snippet":"max-snippet:-1","max-image-preview":"max-image-preview:large","max-video-preview":"max-video-preview:-1"},"canonical":"https:\/\/www.pressenza.com\/pt-pt\/2021\/10\/fotos-da-extraordinaria-mobilizacao-para-mimmo-lucano\/","og_locale":"pt_PT","og_type":"article","og_title":"Fotos da extraordin\u00e1ria mobiliza\u00e7\u00e3o para Mimmo Lucano","og_description":"Neste artigo, resumimos as fotos que a Pressenza conseguiu tirar nos dias seguintes \u00e0 incompreens\u00edvel condena\u00e7\u00e3o de Mimmo Lucano a mais de 13 anos de","og_url":"https:\/\/www.pressenza.com\/pt-pt\/2021\/10\/fotos-da-extraordinaria-mobilizacao-para-mimmo-lucano\/","og_site_name":"Pressenza","article_publisher":"https:\/\/www.facebook.com\/PressenzaItalia","article_author":"https:\/\/www.facebook.com\/PressenzaItalia","article_published_time":"2021-10-03T19:55:04+00:00","og_image":[{"width":819,"height":540,"url":"https:\/\/www.pressenza.com\/wp-content\/uploads\/2021\/10\/Lucano-11.jpg","type":"image\/jpeg"}],"author":"Redazione Italia","twitter_card":"summary_large_image","twitter_creator":"@pressenza_it","twitter_site":"@PressenzaIPA","twitter_misc":{"Escrito por":"Redazione Italia","Tempo estimado de leitura":"1 minuto"},"schema":{"@context":"https:\/\/schema.org","@graph":[{"@type":"Article","@id":"https:\/\/www.pressenza.com\/pt-pt\/2021\/10\/fotos-da-extraordinaria-mobilizacao-para-mimmo-lucano\/#article","isPartOf":{"@id":"https:\/\/www.pressenza.com\/pt-pt\/2021\/10\/fotos-da-extraordinaria-mobilizacao-para-mimmo-lucano\/"},"author":{"name":"Redazione Italia","@id":"https:\/\/www.pressenza.com\/pt-pt\/#\/schema\/person\/d983e81827ae24f2c7b1a2123d197f8d"},"headline":"Fotos da extraordin\u00e1ria mobiliza\u00e7\u00e3o para Mimmo Lucano","datePublished":"2021-10-03T19:55:04+00:00","mainEntityOfPage":{"@id":"https:\/\/www.pressenza.com\/pt-pt\/2021\/10\/fotos-da-extraordinaria-mobilizacao-para-mimmo-lucano\/"},"wordCount":221,"publisher":{"@id":"https:\/\/www.pressenza.com\/pt-pt\/#organization"},"image":{"@id":"https:\/\/www.pressenza.com\/pt-pt\/2021\/10\/fotos-da-extraordinaria-mobilizacao-para-mimmo-lucano\/#primaryimage"},"thumbnailUrl":"https:\/\/www.pressenza.com\/wp-content\/uploads\/2021\/10\/Lucano-11.jpg","keywords":["justi\u00e7a","Manifesta\u00e7\u00f5es","Mimmo Lucano","solidariedade"],"articleSection":["Conte\u00fado Original","Europa","Foto reportagem","Pol\u00edtica"],"inLanguage":"pt-PT"},{"@type":"WebPage","@id":"https:\/\/www.pressenza.com\/pt-pt\/2021\/10\/fotos-da-extraordinaria-mobilizacao-para-mimmo-lucano\/","url":"https:\/\/www.pressenza.com\/pt-pt\/2021\/10\/fotos-da-extraordinaria-mobilizacao-para-mimmo-lucano\/","name":"Fotos da extraordin\u00e1ria mobiliza\u00e7\u00e3o para Mimmo Lucano","isPartOf":{"@id":"https:\/\/www.pressenza.com\/pt-pt\/#website"},"primaryImageOfPage":{"@id":"https:\/\/www.pressenza.com\/pt-pt\/2021\/10\/fotos-da-extraordinaria-mobilizacao-para-mimmo-lucano\/#primaryimage"},"image":{"@id":"https:\/\/www.pressenza.com\/pt-pt\/2021\/10\/fotos-da-extraordinaria-mobilizacao-para-mimmo-lucano\/#primaryimage"},"thumbnailUrl":"https:\/\/www.pressenza.com\/wp-content\/uploads\/2021\/10\/Lucano-11.jpg","datePublished":"2021-10-03T19:55:04+00:00","description":"Neste artigo, resumimos as fotos que a Pressenza conseguiu tirar nos dias seguintes \u00e0 incompreens\u00edvel condena\u00e7\u00e3o de Mimmo Lucano a mais de 13 anos de","breadcrumb":{"@id":"https:\/\/www.pressenza.com\/pt-pt\/2021\/10\/fotos-da-extraordinaria-mobilizacao-para-mimmo-lucano\/#breadcrumb"},"inLanguage":"pt-PT","potentialAction":[{"@type":"ReadAction","target":["https:\/\/www.pressenza.com\/pt-pt\/2021\/10\/fotos-da-extraordinaria-mobilizacao-para-mimmo-lucano\/"]}]},{"@type":"ImageObject","inLanguage":"pt-PT","@id":"https:\/\/www.pressenza.com\/pt-pt\/2021\/10\/fotos-da-extraordinaria-mobilizacao-para-mimmo-lucano\/#primaryimage","url":"https:\/\/www.pressenza.com\/wp-content\/uploads\/2021\/10\/Lucano-11.jpg","contentUrl":"https:\/\/www.pressenza.com\/wp-content\/uploads\/2021\/10\/Lucano-11.jpg","width":819,"height":540},{"@type":"BreadcrumbList","@id":"https:\/\/www.pressenza.com\/pt-pt\/2021\/10\/fotos-da-extraordinaria-mobilizacao-para-mimmo-lucano\/#breadcrumb","itemListElement":[{"@type":"ListItem","position":1,"name":"Accueil","item":"https:\/\/www.pressenza.com\/pt-pt\/"},{"@type":"ListItem","position":2,"name":"Fotos da extraordin\u00e1ria mobiliza\u00e7\u00e3o para Mimmo Lucano"}]},{"@type":"WebSite","@id":"https:\/\/www.pressenza.com\/pt-pt\/#website","url":"https:\/\/www.pressenza.com\/pt-pt\/","name":"Pressenza","description":"International Press Agency","publisher":{"@id":"https:\/\/www.pressenza.com\/pt-pt\/#organization"},"potentialAction":[{"@type":"SearchAction","target":{"@type":"EntryPoint","urlTemplate":"https:\/\/www.pressenza.com\/pt-pt\/?s={search_term_string}"},"query-input":{"@type":"PropertyValueSpecification","valueRequired":true,"valueName":"search_term_string"}}],"inLanguage":"pt-PT"},{"@type":"Organization","@id":"https:\/\/www.pressenza.com\/pt-pt\/#organization","name":"Pressenza","url":"https:\/\/www.pressenza.com\/pt-pt\/","logo":{"@type":"ImageObject","inLanguage":"pt-PT","@id":"https:\/\/www.pressenza.com\/pt-pt\/#\/schema\/logo\/image\/","url":"https:\/\/www.pressenza.com\/wp-content\/uploads\/2022\/10\/pressenza_logo_200x200.jpg","contentUrl":"https:\/\/www.pressenza.com\/wp-content\/uploads\/2022\/10\/pressenza_logo_200x200.jpg","width":200,"height":200,"caption":"Pressenza"},"image":{"@id":"https:\/\/www.pressenza.com\/pt-pt\/#\/schema\/logo\/image\/"},"sameAs":["https:\/\/www.facebook.com\/PressenzaItalia","https:\/\/x.com\/PressenzaIPA"]},{"@type":"Person","@id":"https:\/\/www.pressenza.com\/pt-pt\/#\/schema\/person\/d983e81827ae24f2c7b1a2123d197f8d","name":"Redazione Italia","description":"News from the Pressenza Bureau in Italy","sameAs":["https:\/\/www.pressenza.com\/it\/author\/redazione-italia\/","https:\/\/www.facebook.com\/PressenzaItalia","https:\/\/www.instagram.com\/pressenza_italia\/","https:\/\/x.com\/pressenza_it","https:\/\/www.youtube.com\/channel\/UCSalEIWjE1RSxkwjfftFuqg"],"url":"https:\/\/www.pressenza.com\/pt-pt\/author\/redazione-italia\/"}]}},"place":"","original_article_url":"","_links":{"self":[{"href":"https:\/\/www.pressenza.com\/pt-pt\/wp-json\/wp\/v2\/posts\/1443017","targetHints":{"allow":["GET"]}}],"collection":[{"href":"https:\/\/www.pressenza.com\/pt-pt\/wp-json\/wp\/v2\/posts"}],"about":[{"href":"https:\/\/www.pressenza.com\/pt-pt\/wp-json\/wp\/v2\/types\/post"}],"author":[{"embeddable":true,"href":"https:\/\/www.pressenza.com\/pt-pt\/wp-json\/wp\/v2\/users\/594"}],"replies":[{"embeddable":true,"href":"https:\/\/www.pressenza.com\/pt-pt\/wp-json\/wp\/v2\/comments?post=1443017"}],"version-history":[{"count":0,"href":"https:\/\/www.pressenza.com\/pt-pt\/wp-json\/wp\/v2\/posts\/1443017\/revisions"}],"wp:featuredmedia":[{"embeddable":true,"href":"https:\/\/www.pressenza.com\/pt-pt\/wp-json\/wp\/v2\/media\/1441445"}],"wp:attachment":[{"href":"https:\/\/www.pressenza.com\/pt-pt\/wp-json\/wp\/v2\/media?parent=1443017"}],"wp:term":[{"taxonomy":"category","embeddable":true,"href":"https:\/\/www.pressenza.com\/pt-pt\/wp-json\/wp\/v2\/categories?post=1443017"},{"taxonomy":"post_tag","embeddable":true,"href":"https:\/\/www.pressenza.com\/pt-pt\/wp-json\/wp\/v2\/tags?post=1443017"}],"curies":[{"name":"wp","href":"https:\/\/api.w.org\/{rel}","templated":true}]}}