{"id":1438377,"date":"2021-09-27T02:39:43","date_gmt":"2021-09-27T01:39:43","guid":{"rendered":"https:\/\/www.pressenza.com\/?p=1438377"},"modified":"2021-09-27T02:39:43","modified_gmt":"2021-09-27T01:39:43","slug":"o-brasil-nao-precisa-de-mais-violencia-e-racismo","status":"publish","type":"post","link":"https:\/\/www.pressenza.com\/pt-pt\/2021\/09\/o-brasil-nao-precisa-de-mais-violencia-e-racismo\/","title":{"rendered":"O Brasil n\u00e3o precisa de mais viol\u00eancia e racismo"},"content":{"rendered":"<p>Em 2020, um total de 6.416 pessoas foram v\u00edtimas fatais de a\u00e7\u00f5es de policiais civis e militares da ativa no Brasil. N\u00e3o bastasse esse desastre, a Comiss\u00e3o Especial da C\u00e2mara dos Deputados deu o seu aval, na \u00faltima quinta-feira, 23, ao Artigo 144, Par\u00e1grafo 8\u00ba da PEC 032\/20 (Reforma Administrativa) que autoriza os munic\u00edpios a \u201cconstituir guardas municipais, \u00f3rg\u00e3os de natureza policial\u201d. E o mais aterrador disso tudo \u00e9 que essa medida contou com o apoio de integrantes de partidos ditos progressistas.<\/p>\n<p>Trata-se de um disparate, porque o pa\u00eds j\u00e1 possui demasiadas for\u00e7as policiais, as quais, todos os anos, atrav\u00e9s de suas a\u00e7\u00f5es (com efetivos em servi\u00e7o ou fora de servi\u00e7o) s\u00e3o respons\u00e1veis por in\u00fameras v\u00edtimas fatais. Conforme dados do Anu\u00e1rio Brasileiro de Seguran\u00e7a P\u00fablica (2021), no ano passado as pol\u00edcias estaduais produziram uma m\u00e9dia de 17,6 mortes por dia. E o Brasil alcan\u00e7ou a maior marca de mortes em consequ\u00eancia de a\u00e7\u00f5es policiais desde que o indicador passou a ser monitorado pelo (FBSP). As menores taxas ocorreram no Distrito Federal, Minas Gerais, Mato Grosso do Sul, Para\u00edba e Piau\u00ed. Enquanto que os estados do Amap\u00e1, Goi\u00e1s, Sergipe, Bahia e Rio de Janeiro alcan\u00e7aram as maiores.<\/p>\n<h3><strong>Jovens negros s\u00e3o as principais v\u00edtimas<\/strong><\/h3>\n<p>\u00c9 interessante ressaltar que, entre os estados mais letais, dois s\u00e3o governados por partidos ditos progressistas: no Amap\u00e1, est\u00e1 o PDT de Ciro Gomes; e na Bahia, o PT de Lula, fato que explica o apoio de parlamentares desses partidos \u00e0 Emenda que d\u00e1 carta branca aos prefeitos a constitu\u00edrem policiais em seus munic\u00edpios.<\/p>\n<p>Conforme o Anu\u00e1rio, as mortes ocasionadas por a\u00e7\u00f5es policiais no Brasil correspondem, em m\u00e9dia, a 12,8% de todas as mortes violentas intencionais no pa\u00eds. Outro dado bastante relevante diz respeito ao perfil das pessoas mortas. Apesar de a popula\u00e7\u00e3o negra constituir\u00a0 56,3% do total da popula\u00e7\u00e3o brasileira, ela corresponde a 79% das v\u00edtimas dessas mortes por a\u00e7\u00f5es policiais, na maioria jovens do sexo masculino, entre 18 e 24 anos, o que demonstra o tra\u00e7o racista dessas interven\u00e7\u00f5es violentas.<\/p>\n<p>Ao que tudo indica, os\/as parlamentares que desejam implementar pol\u00edcias municipais n\u00e3o est\u00e3o satisfeitos\/satisfeitas com o estrago que as for\u00e7as policiais v\u00eam produzindo no pa\u00eds. Querem mais. Entre os 204 deputados e deputadas que assinaram o documento com a proposi\u00e7\u00e3o, uma parte integra partidos ditos progressistas, como PT, PC do B, PDT, PV e PSB, o que nos alerta para a necessidade de avaliarmos com muita cautela os nossos votos. O \u00fanico voto contr\u00e1rio \u00e0 Emenda, por parte deses partidos ditos progressistas foi do PSOL.<\/p>\n<p>Proposi\u00e7\u00f5es como essas v\u00e3o na contram\u00e3o do que o Brasil necessita. E do que reivindicam os grupos defensores dos direitos humanos. A solu\u00e7\u00e3o para a seguran\u00e7a de um pa\u00eds passa pelas garantias dos direitos \u00e0 educa\u00e7\u00e3o, \u00e0 sa\u00fade, \u00e0 moradia, \u00e0 alimenta\u00e7\u00e3o, ao emprego e renda dignos. As narrativas e a\u00e7\u00f5es que reivindicam a viol\u00eancia e o desrespeito \u00e0 vida, ao contr\u00e1rio, n\u00e3o devem se constituir na preocupa\u00e7\u00e3o principal de uma sociedade que realmente deseja harmonia. E o parlamento, que deveria representar os intersses da maioria da sociedade, jamais deveria sugerir o caminho da repress\u00e3o.<\/p>\n","protected":false},"excerpt":{"rendered":"<p>Em 2020, um total de 6.416 pessoas foram v\u00edtimas fatais de a\u00e7\u00f5es de policiais civis e militares da ativa no Brasil. N\u00e3o bastasse esse desastre, a Comiss\u00e3o Especial da C\u00e2mara dos Deputados deu o seu aval, na \u00faltima quinta-feira, 23,&hellip;<\/p>\n","protected":false},"author":1925,"featured_media":1438390,"comment_status":"closed","ping_status":"closed","sticky":false,"template":"","format":"standard","meta":{"footnotes":""},"categories":[104,11390,116,1256,165],"tags":[2744,95230,5206,2887],"class_list":["post-1438377","post","type-post","status-publish","format-standard","has-post-thumbnail","hentry","category-america-do-sul","category-conteudo-original","category-direitos-humanos","category-nao-violencia","category-opiniao","tag-brasil","tag-partidos-progressistas","tag-racismo-pt-pt","tag-violencia-pt-pt"],"yoast_head":"<!-- This site is optimized with the Yoast SEO plugin v27.1.1 - https:\/\/yoast.com\/product\/yoast-seo-wordpress\/ -->\n<title>O Brasil n\u00e3o precisa de mais viol\u00eancia e racismo<\/title>\n<meta name=\"description\" content=\"Em 2020, um total de 6.416 pessoas foram v\u00edtimas fatais de a\u00e7\u00f5es de policiais civis e militares da ativa no Brasil. N\u00e3o bastasse esse desastre, a Comiss\u00e3o\" \/>\n<meta name=\"robots\" content=\"index, follow, max-snippet:-1, max-image-preview:large, max-video-preview:-1\" \/>\n<link rel=\"canonical\" href=\"https:\/\/www.pressenza.com\/pt-pt\/2021\/09\/o-brasil-nao-precisa-de-mais-violencia-e-racismo\/\" \/>\n<meta property=\"og:locale\" content=\"pt_PT\" \/>\n<meta property=\"og:type\" content=\"article\" \/>\n<meta property=\"og:title\" content=\"O Brasil n\u00e3o precisa de mais viol\u00eancia e racismo\" \/>\n<meta property=\"og:description\" content=\"Em 2020, um total de 6.416 pessoas foram v\u00edtimas fatais de a\u00e7\u00f5es de policiais civis e militares da ativa no Brasil. N\u00e3o bastasse esse desastre, a Comiss\u00e3o\" \/>\n<meta property=\"og:url\" content=\"https:\/\/www.pressenza.com\/pt-pt\/2021\/09\/o-brasil-nao-precisa-de-mais-violencia-e-racismo\/\" \/>\n<meta property=\"og:site_name\" content=\"Pressenza\" \/>\n<meta property=\"article:publisher\" content=\"https:\/\/www.facebook.com\/PressenzaItalia\" \/>\n<meta property=\"article:published_time\" content=\"2021-09-27T01:39:43+00:00\" \/>\n<meta property=\"og:image\" content=\"https:\/\/www.pressenza.com\/wp-content\/uploads\/2021\/09\/policiais-midia-ninja.jpg\" \/>\n\t<meta property=\"og:image:width\" content=\"800\" \/>\n\t<meta property=\"og:image:height\" content=\"534\" \/>\n\t<meta property=\"og:image:type\" content=\"image\/jpeg\" \/>\n<meta name=\"author\" content=\"Verbena C\u00f3rdula\" \/>\n<meta name=\"twitter:card\" content=\"summary_large_image\" \/>\n<meta name=\"twitter:creator\" content=\"@PressenzaIPA\" \/>\n<meta name=\"twitter:site\" content=\"@PressenzaIPA\" \/>\n<meta name=\"twitter:label1\" content=\"Escrito por\" \/>\n\t<meta name=\"twitter:data1\" content=\"Verbena C\u00f3rdula\" \/>\n\t<meta name=\"twitter:label2\" content=\"Tempo estimado de leitura\" \/>\n\t<meta name=\"twitter:data2\" content=\"3 minutos\" \/>\n<script type=\"application\/ld+json\" class=\"yoast-schema-graph\">{\"@context\":\"https:\/\/schema.org\",\"@graph\":[{\"@type\":\"Article\",\"@id\":\"https:\/\/www.pressenza.com\/pt-pt\/2021\/09\/o-brasil-nao-precisa-de-mais-violencia-e-racismo\/#article\",\"isPartOf\":{\"@id\":\"https:\/\/www.pressenza.com\/pt-pt\/2021\/09\/o-brasil-nao-precisa-de-mais-violencia-e-racismo\/\"},\"author\":{\"name\":\"Verbena C\u00f3rdula\",\"@id\":\"https:\/\/www.pressenza.com\/pt-pt\/#\/schema\/person\/68c8edc34c1a97f71f905cdd5b164319\"},\"headline\":\"O Brasil n\u00e3o precisa de mais viol\u00eancia e racismo\",\"datePublished\":\"2021-09-27T01:39:43+00:00\",\"mainEntityOfPage\":{\"@id\":\"https:\/\/www.pressenza.com\/pt-pt\/2021\/09\/o-brasil-nao-precisa-de-mais-violencia-e-racismo\/\"},\"wordCount\":571,\"publisher\":{\"@id\":\"https:\/\/www.pressenza.com\/pt-pt\/#organization\"},\"image\":{\"@id\":\"https:\/\/www.pressenza.com\/pt-pt\/2021\/09\/o-brasil-nao-precisa-de-mais-violencia-e-racismo\/#primaryimage\"},\"thumbnailUrl\":\"https:\/\/www.pressenza.com\/wp-content\/uploads\/2021\/09\/policiais-midia-ninja.jpg\",\"keywords\":[\"Brasil\",\"partidos progressistas\",\"racismo\",\"viol\u00eancia\"],\"articleSection\":[\"\u00c1m\u00e9rica do Sul\",\"Conte\u00fado Original\",\"Direitos Humanos\",\"N\u00e3o viol\u00eancia\",\"Opini\u00e3o\"],\"inLanguage\":\"pt-PT\"},{\"@type\":\"WebPage\",\"@id\":\"https:\/\/www.pressenza.com\/pt-pt\/2021\/09\/o-brasil-nao-precisa-de-mais-violencia-e-racismo\/\",\"url\":\"https:\/\/www.pressenza.com\/pt-pt\/2021\/09\/o-brasil-nao-precisa-de-mais-violencia-e-racismo\/\",\"name\":\"O Brasil n\u00e3o precisa de mais viol\u00eancia e racismo\",\"isPartOf\":{\"@id\":\"https:\/\/www.pressenza.com\/pt-pt\/#website\"},\"primaryImageOfPage\":{\"@id\":\"https:\/\/www.pressenza.com\/pt-pt\/2021\/09\/o-brasil-nao-precisa-de-mais-violencia-e-racismo\/#primaryimage\"},\"image\":{\"@id\":\"https:\/\/www.pressenza.com\/pt-pt\/2021\/09\/o-brasil-nao-precisa-de-mais-violencia-e-racismo\/#primaryimage\"},\"thumbnailUrl\":\"https:\/\/www.pressenza.com\/wp-content\/uploads\/2021\/09\/policiais-midia-ninja.jpg\",\"datePublished\":\"2021-09-27T01:39:43+00:00\",\"description\":\"Em 2020, um total de 6.416 pessoas foram v\u00edtimas fatais de a\u00e7\u00f5es de policiais civis e militares da ativa no Brasil. N\u00e3o bastasse esse desastre, a Comiss\u00e3o\",\"breadcrumb\":{\"@id\":\"https:\/\/www.pressenza.com\/pt-pt\/2021\/09\/o-brasil-nao-precisa-de-mais-violencia-e-racismo\/#breadcrumb\"},\"inLanguage\":\"pt-PT\",\"potentialAction\":[{\"@type\":\"ReadAction\",\"target\":[\"https:\/\/www.pressenza.com\/pt-pt\/2021\/09\/o-brasil-nao-precisa-de-mais-violencia-e-racismo\/\"]}]},{\"@type\":\"ImageObject\",\"inLanguage\":\"pt-PT\",\"@id\":\"https:\/\/www.pressenza.com\/pt-pt\/2021\/09\/o-brasil-nao-precisa-de-mais-violencia-e-racismo\/#primaryimage\",\"url\":\"https:\/\/www.pressenza.com\/wp-content\/uploads\/2021\/09\/policiais-midia-ninja.jpg\",\"contentUrl\":\"https:\/\/www.pressenza.com\/wp-content\/uploads\/2021\/09\/policiais-midia-ninja.jpg\",\"width\":800,\"height\":534},{\"@type\":\"BreadcrumbList\",\"@id\":\"https:\/\/www.pressenza.com\/pt-pt\/2021\/09\/o-brasil-nao-precisa-de-mais-violencia-e-racismo\/#breadcrumb\",\"itemListElement\":[{\"@type\":\"ListItem\",\"position\":1,\"name\":\"Accueil\",\"item\":\"https:\/\/www.pressenza.com\/pt-pt\/\"},{\"@type\":\"ListItem\",\"position\":2,\"name\":\"O Brasil n\u00e3o precisa de mais viol\u00eancia e racismo\"}]},{\"@type\":\"WebSite\",\"@id\":\"https:\/\/www.pressenza.com\/pt-pt\/#website\",\"url\":\"https:\/\/www.pressenza.com\/pt-pt\/\",\"name\":\"Pressenza\",\"description\":\"International Press Agency\",\"publisher\":{\"@id\":\"https:\/\/www.pressenza.com\/pt-pt\/#organization\"},\"potentialAction\":[{\"@type\":\"SearchAction\",\"target\":{\"@type\":\"EntryPoint\",\"urlTemplate\":\"https:\/\/www.pressenza.com\/pt-pt\/?s={search_term_string}\"},\"query-input\":{\"@type\":\"PropertyValueSpecification\",\"valueRequired\":true,\"valueName\":\"search_term_string\"}}],\"inLanguage\":\"pt-PT\"},{\"@type\":\"Organization\",\"@id\":\"https:\/\/www.pressenza.com\/pt-pt\/#organization\",\"name\":\"Pressenza\",\"url\":\"https:\/\/www.pressenza.com\/pt-pt\/\",\"logo\":{\"@type\":\"ImageObject\",\"inLanguage\":\"pt-PT\",\"@id\":\"https:\/\/www.pressenza.com\/pt-pt\/#\/schema\/logo\/image\/\",\"url\":\"https:\/\/www.pressenza.com\/wp-content\/uploads\/2022\/10\/pressenza_logo_200x200.jpg\",\"contentUrl\":\"https:\/\/www.pressenza.com\/wp-content\/uploads\/2022\/10\/pressenza_logo_200x200.jpg\",\"width\":200,\"height\":200,\"caption\":\"Pressenza\"},\"image\":{\"@id\":\"https:\/\/www.pressenza.com\/pt-pt\/#\/schema\/logo\/image\/\"},\"sameAs\":[\"https:\/\/www.facebook.com\/PressenzaItalia\",\"https:\/\/x.com\/PressenzaIPA\"]},{\"@type\":\"Person\",\"@id\":\"https:\/\/www.pressenza.com\/pt-pt\/#\/schema\/person\/68c8edc34c1a97f71f905cdd5b164319\",\"name\":\"Verbena C\u00f3rdula\",\"description\":\"Graduada em Hist\u00f3ria, doutora em Hist\u00f3ria e Comunica\u00e7\u00e3o no Mundo Contempor\u00e2neo. Professora Titular da Universidade Estadual de Santa Cruz (UESC), Ilh\u00e9us BA. Pesquisa G\u00eanero e ra\u00e7a.\",\"url\":\"https:\/\/www.pressenza.com\/pt-pt\/author\/verbena-cordula\/\"}]}<\/script>\n<!-- \/ Yoast SEO plugin. -->","yoast_head_json":{"title":"O Brasil n\u00e3o precisa de mais viol\u00eancia e racismo","description":"Em 2020, um total de 6.416 pessoas foram v\u00edtimas fatais de a\u00e7\u00f5es de policiais civis e militares da ativa no Brasil. N\u00e3o bastasse esse desastre, a Comiss\u00e3o","robots":{"index":"index","follow":"follow","max-snippet":"max-snippet:-1","max-image-preview":"max-image-preview:large","max-video-preview":"max-video-preview:-1"},"canonical":"https:\/\/www.pressenza.com\/pt-pt\/2021\/09\/o-brasil-nao-precisa-de-mais-violencia-e-racismo\/","og_locale":"pt_PT","og_type":"article","og_title":"O Brasil n\u00e3o precisa de mais viol\u00eancia e racismo","og_description":"Em 2020, um total de 6.416 pessoas foram v\u00edtimas fatais de a\u00e7\u00f5es de policiais civis e militares da ativa no Brasil. N\u00e3o bastasse esse desastre, a Comiss\u00e3o","og_url":"https:\/\/www.pressenza.com\/pt-pt\/2021\/09\/o-brasil-nao-precisa-de-mais-violencia-e-racismo\/","og_site_name":"Pressenza","article_publisher":"https:\/\/www.facebook.com\/PressenzaItalia","article_published_time":"2021-09-27T01:39:43+00:00","og_image":[{"width":800,"height":534,"url":"https:\/\/www.pressenza.com\/wp-content\/uploads\/2021\/09\/policiais-midia-ninja.jpg","type":"image\/jpeg"}],"author":"Verbena C\u00f3rdula","twitter_card":"summary_large_image","twitter_creator":"@PressenzaIPA","twitter_site":"@PressenzaIPA","twitter_misc":{"Escrito por":"Verbena C\u00f3rdula","Tempo estimado de leitura":"3 minutos"},"schema":{"@context":"https:\/\/schema.org","@graph":[{"@type":"Article","@id":"https:\/\/www.pressenza.com\/pt-pt\/2021\/09\/o-brasil-nao-precisa-de-mais-violencia-e-racismo\/#article","isPartOf":{"@id":"https:\/\/www.pressenza.com\/pt-pt\/2021\/09\/o-brasil-nao-precisa-de-mais-violencia-e-racismo\/"},"author":{"name":"Verbena C\u00f3rdula","@id":"https:\/\/www.pressenza.com\/pt-pt\/#\/schema\/person\/68c8edc34c1a97f71f905cdd5b164319"},"headline":"O Brasil n\u00e3o precisa de mais viol\u00eancia e racismo","datePublished":"2021-09-27T01:39:43+00:00","mainEntityOfPage":{"@id":"https:\/\/www.pressenza.com\/pt-pt\/2021\/09\/o-brasil-nao-precisa-de-mais-violencia-e-racismo\/"},"wordCount":571,"publisher":{"@id":"https:\/\/www.pressenza.com\/pt-pt\/#organization"},"image":{"@id":"https:\/\/www.pressenza.com\/pt-pt\/2021\/09\/o-brasil-nao-precisa-de-mais-violencia-e-racismo\/#primaryimage"},"thumbnailUrl":"https:\/\/www.pressenza.com\/wp-content\/uploads\/2021\/09\/policiais-midia-ninja.jpg","keywords":["Brasil","partidos progressistas","racismo","viol\u00eancia"],"articleSection":["\u00c1m\u00e9rica do Sul","Conte\u00fado Original","Direitos Humanos","N\u00e3o viol\u00eancia","Opini\u00e3o"],"inLanguage":"pt-PT"},{"@type":"WebPage","@id":"https:\/\/www.pressenza.com\/pt-pt\/2021\/09\/o-brasil-nao-precisa-de-mais-violencia-e-racismo\/","url":"https:\/\/www.pressenza.com\/pt-pt\/2021\/09\/o-brasil-nao-precisa-de-mais-violencia-e-racismo\/","name":"O Brasil n\u00e3o precisa de mais viol\u00eancia e racismo","isPartOf":{"@id":"https:\/\/www.pressenza.com\/pt-pt\/#website"},"primaryImageOfPage":{"@id":"https:\/\/www.pressenza.com\/pt-pt\/2021\/09\/o-brasil-nao-precisa-de-mais-violencia-e-racismo\/#primaryimage"},"image":{"@id":"https:\/\/www.pressenza.com\/pt-pt\/2021\/09\/o-brasil-nao-precisa-de-mais-violencia-e-racismo\/#primaryimage"},"thumbnailUrl":"https:\/\/www.pressenza.com\/wp-content\/uploads\/2021\/09\/policiais-midia-ninja.jpg","datePublished":"2021-09-27T01:39:43+00:00","description":"Em 2020, um total de 6.416 pessoas foram v\u00edtimas fatais de a\u00e7\u00f5es de policiais civis e militares da ativa no Brasil. N\u00e3o bastasse esse desastre, a Comiss\u00e3o","breadcrumb":{"@id":"https:\/\/www.pressenza.com\/pt-pt\/2021\/09\/o-brasil-nao-precisa-de-mais-violencia-e-racismo\/#breadcrumb"},"inLanguage":"pt-PT","potentialAction":[{"@type":"ReadAction","target":["https:\/\/www.pressenza.com\/pt-pt\/2021\/09\/o-brasil-nao-precisa-de-mais-violencia-e-racismo\/"]}]},{"@type":"ImageObject","inLanguage":"pt-PT","@id":"https:\/\/www.pressenza.com\/pt-pt\/2021\/09\/o-brasil-nao-precisa-de-mais-violencia-e-racismo\/#primaryimage","url":"https:\/\/www.pressenza.com\/wp-content\/uploads\/2021\/09\/policiais-midia-ninja.jpg","contentUrl":"https:\/\/www.pressenza.com\/wp-content\/uploads\/2021\/09\/policiais-midia-ninja.jpg","width":800,"height":534},{"@type":"BreadcrumbList","@id":"https:\/\/www.pressenza.com\/pt-pt\/2021\/09\/o-brasil-nao-precisa-de-mais-violencia-e-racismo\/#breadcrumb","itemListElement":[{"@type":"ListItem","position":1,"name":"Accueil","item":"https:\/\/www.pressenza.com\/pt-pt\/"},{"@type":"ListItem","position":2,"name":"O Brasil n\u00e3o precisa de mais viol\u00eancia e racismo"}]},{"@type":"WebSite","@id":"https:\/\/www.pressenza.com\/pt-pt\/#website","url":"https:\/\/www.pressenza.com\/pt-pt\/","name":"Pressenza","description":"International Press Agency","publisher":{"@id":"https:\/\/www.pressenza.com\/pt-pt\/#organization"},"potentialAction":[{"@type":"SearchAction","target":{"@type":"EntryPoint","urlTemplate":"https:\/\/www.pressenza.com\/pt-pt\/?s={search_term_string}"},"query-input":{"@type":"PropertyValueSpecification","valueRequired":true,"valueName":"search_term_string"}}],"inLanguage":"pt-PT"},{"@type":"Organization","@id":"https:\/\/www.pressenza.com\/pt-pt\/#organization","name":"Pressenza","url":"https:\/\/www.pressenza.com\/pt-pt\/","logo":{"@type":"ImageObject","inLanguage":"pt-PT","@id":"https:\/\/www.pressenza.com\/pt-pt\/#\/schema\/logo\/image\/","url":"https:\/\/www.pressenza.com\/wp-content\/uploads\/2022\/10\/pressenza_logo_200x200.jpg","contentUrl":"https:\/\/www.pressenza.com\/wp-content\/uploads\/2022\/10\/pressenza_logo_200x200.jpg","width":200,"height":200,"caption":"Pressenza"},"image":{"@id":"https:\/\/www.pressenza.com\/pt-pt\/#\/schema\/logo\/image\/"},"sameAs":["https:\/\/www.facebook.com\/PressenzaItalia","https:\/\/x.com\/PressenzaIPA"]},{"@type":"Person","@id":"https:\/\/www.pressenza.com\/pt-pt\/#\/schema\/person\/68c8edc34c1a97f71f905cdd5b164319","name":"Verbena C\u00f3rdula","description":"Graduada em Hist\u00f3ria, doutora em Hist\u00f3ria e Comunica\u00e7\u00e3o no Mundo Contempor\u00e2neo. Professora Titular da Universidade Estadual de Santa Cruz (UESC), Ilh\u00e9us BA. Pesquisa G\u00eanero e ra\u00e7a.","url":"https:\/\/www.pressenza.com\/pt-pt\/author\/verbena-cordula\/"}]}},"place":"Bah\u00eda, Brasil","original_article_url":"","_links":{"self":[{"href":"https:\/\/www.pressenza.com\/pt-pt\/wp-json\/wp\/v2\/posts\/1438377","targetHints":{"allow":["GET"]}}],"collection":[{"href":"https:\/\/www.pressenza.com\/pt-pt\/wp-json\/wp\/v2\/posts"}],"about":[{"href":"https:\/\/www.pressenza.com\/pt-pt\/wp-json\/wp\/v2\/types\/post"}],"author":[{"embeddable":true,"href":"https:\/\/www.pressenza.com\/pt-pt\/wp-json\/wp\/v2\/users\/1925"}],"replies":[{"embeddable":true,"href":"https:\/\/www.pressenza.com\/pt-pt\/wp-json\/wp\/v2\/comments?post=1438377"}],"version-history":[{"count":0,"href":"https:\/\/www.pressenza.com\/pt-pt\/wp-json\/wp\/v2\/posts\/1438377\/revisions"}],"wp:featuredmedia":[{"embeddable":true,"href":"https:\/\/www.pressenza.com\/pt-pt\/wp-json\/wp\/v2\/media\/1438390"}],"wp:attachment":[{"href":"https:\/\/www.pressenza.com\/pt-pt\/wp-json\/wp\/v2\/media?parent=1438377"}],"wp:term":[{"taxonomy":"category","embeddable":true,"href":"https:\/\/www.pressenza.com\/pt-pt\/wp-json\/wp\/v2\/categories?post=1438377"},{"taxonomy":"post_tag","embeddable":true,"href":"https:\/\/www.pressenza.com\/pt-pt\/wp-json\/wp\/v2\/tags?post=1438377"}],"curies":[{"name":"wp","href":"https:\/\/api.w.org\/{rel}","templated":true}]}}